{"id":15514,"date":"2022-10-04T22:31:14","date_gmt":"2022-10-05T05:31:14","guid":{"rendered":"https:\/\/soledaddurazo.com\/?p=15514"},"modified":"2022-10-04T22:31:14","modified_gmt":"2022-10-05T05:31:14","slug":"se-confirma-creacion-de-aerolinea-del-ejercitos-con-10-aviones-entre-ellos-el-avion-presidencial","status":"publish","type":"post","link":"https:\/\/soledaddurazo.com\/blog\/2022\/10\/04\/se-confirma-creacion-de-aerolinea-del-ejercitos-con-10-aviones-entre-ellos-el-avion-presidencial\/","title":{"rendered":"Se confirma creaci\u00f3n de aerol\u00ednea del Ej\u00e9rcitos con 10 aviones, entre ellos, el avi\u00f3n presidencial"},"content":{"rendered":"<p>El presidente de M\u00e9xico, Andr\u00e9s Manuel L\u00f3pez Obrador confirma hoy en la conferencia de prensa una nueva l\u00ednea a\u00e9rea de cargo de 10 aviones, incluido el pol\u00e9mico avi\u00f3n presidencial, al considerar que M\u00e9xico demanda estos servicios a\u00e9reos.<\/p>\n<p>Esta informaci\u00f3n se encontr\u00f3 en los documentos que fueron hackeados el pasado jueves a la Secretaria de la Defensa Nacional (SEDENA) por el grupo llamado Guacamaya; que dio a conocer esta informaci\u00f3n el d\u00eda de ayer.<\/p>\n<p>\u201cVa a manejar estos 10 aviones que no se van a adquirir, sino que se rentan. Se est\u00e1 buscando qu\u00e9 tipo de avi\u00f3n es el m\u00e1s conveniente, con qu\u00e9 empresas, todo esto porque hace falta que haya m\u00e1s servicios. En el primer an\u00e1lisis que se hizo, se habla de que es rentable la empresa, pero todav\u00eda no decidimos, vamos a seguirlo tratando\u201d, mencion\u00f3 Obrador.<\/p>\n<p>De acuerdo con los correos hackeados, se hable de que la nueva aerol\u00ednea podr\u00e1 tener un costo operativo y administrativo de entre mil y mil 800 millones de pesos anuales.<\/p>\n<p>El proyecto de la nueva aerol\u00ednea correr\u00e1 a cargo por una empresa de gesti\u00f3n militar, llamada Grupo Aeroportuario, Ferroviario y de Servicios Auxiliares Olmeca-Maya Mexica (GAFSAOMM).<\/p>\n","protected":false},"excerpt":{"rendered":"<p>El presidente de M\u00e9xico, Andr\u00e9s Manuel L\u00f3pez Obrador confirma hoy en la conferencia de prensa una nueva l\u00ednea a\u00e9rea de cargo de 10 aviones, incluido el pol\u00e9mico avi\u00f3n presidencial, al considerar que M\u00e9xico demanda estos servicios a\u00e9reos. Esta informaci\u00f3n se encontr\u00f3 en los documentos que fueron hackeados el pasado jueves a la Secretaria de la [&hellip;]<\/p>\n","protected":false},"author":1,"featured_media":15515,"comment_status":"open","ping_status":"open","sticky":false,"template":"","format":"standard","meta":{"footnotes":""},"categories":[153],"tags":[],"class_list":["post"],"yoast_head":" \n<title>Se confirma creaci\u00f3n de aerol\u00ednea del Ej\u00e9rcitos con 10 aviones, entre ellos, el avi\u00f3n presidencial - Periodista SoledadDurazo.com<\/title>\n<meta name=\"robots\" content=\"index, follow, max-snippet:-1, max-image-preview:large, max-video-preview:-1\" \/>\n<link rel=\"canonical\" href=\"https:\/\/soledaddurazo.com\/blog\/2022\/10\/04\/se-confirma-creacion-de-aerolinea-del-ejercitos-con-10-aviones-entre-ellos-el-avion-presidencial\/\" \/>\n<meta property=\"og:locale\" content=\"es_MX\" \/>\n<meta property=\"og:type\" content=\"article\" \/>\n<meta property=\"og:title\" content=\"Se confirma creaci\u00f3n de aerol\u00ednea del Ej\u00e9rcitos con 10 aviones, entre ellos, el avi\u00f3n presidencial\" \/>\n<meta property=\"og:description\" content=\"El presidente de M\u00e9xico, Andr\u00e9s Manuel L\u00f3pez Obrador confirma hoy en la conferencia de prensa una nueva l\u00ednea a\u00e9rea de cargo de 10 aviones, incluido el pol\u00e9mico avi\u00f3n presidencial, al considerar que M\u00e9xico demanda estos servicios a\u00e9reos. Esta informaci\u00f3n se encontr\u00f3 en los documentos que fueron hackeados el pasado jueves a la Secretaria de la [&hellip;]\" \/>\n<meta property=\"og:url\" content=\"https:\/\/soledaddurazo.com\/blog\/2022\/10\/04\/se-confirma-creacion-de-aerolinea-del-ejercitos-con-10-aviones-entre-ellos-el-avion-presidencial\/\" \/>\n<meta property=\"og:site_name\" content=\"Periodista SoledadDurazo.com\" \/>\n<meta property=\"article:publisher\" content=\"https:\/\/www.facebook.com\/soledad.durazo.9\/\" \/>\n<meta property=\"article:published_time\" content=\"2022-10-05T05:31:14+00:00\" \/>\n<meta property=\"og:image\" content=\"https:\/\/soledaddurazo.com\/storage\/2022\/10\/avion-presidencial-Juegos-Olimpicos.jpg\" \/>\n\t<meta property=\"og:image:width\" content=\"1280\" \/>\n\t<meta property=\"og:image:height\" content=\"720\" \/>\n<meta name=\"twitter:card\" content=\"summary_large_image\" \/>\n<meta name=\"twitter:creator\" content=\"@SoledadDurazo\" \/>\n<meta name=\"twitter:site\" content=\"@SoledadDurazo\" \/>\n<meta name=\"twitter:label1\" content=\"Escrito por\" \/>\n\t<meta name=\"twitter:data1\" content=\"Redacci\u00f3n\" \/>\n\t<meta name=\"twitter:label2\" content=\"Tiempo de lectura\" \/>\n\t<meta name=\"twitter:data2\" content=\"1 minuto\" \/>\n<script type=\"application\/ld+json\" class=\"yoast-schema-graph\">{\"@context\":\"https:\/\/schema.org\",\"@graph\":[{\"@type\":\"Organization\",\"@id\":\"https:\/\/soledaddurazo.com\/#organization\",\"name\":\"Soledad Durazo\",\"url\":\"https:\/\/soledaddurazo.com\/\",\"sameAs\":[\"https:\/\/www.facebook.com\/soledad.durazo.9\/\",\"https:\/\/www.instagram.com\/soledaddurazo\",\"https:\/\/www.youtube.com\/channel\/UC9yGPw8-Vbl_B2XNkRwPS-w\",\"https:\/\/twitter.com\/SoledadDurazo\"],\"logo\":{\"@type\":\"ImageObject\",\"@id\":\"https:\/\/soledaddurazo.com\/#logo\",\"inLanguage\":\"es\",\"url\":\"https:\/\/soledaddurazo.com\/storage\/2021\/11\/nllp-720x375-1-2.png\",\"contentUrl\":\"https:\/\/soledaddurazo.com\/storage\/2021\/11\/nllp-720x375-1-2.png\",\"width\":720,\"height\":375,\"caption\":\"Soledad Durazo\"},\"image\":{\"@id\":\"https:\/\/soledaddurazo.com\/#logo\"}},{\"@type\":\"WebSite\",\"@id\":\"https:\/\/soledaddurazo.com\/#website\",\"url\":\"https:\/\/soledaddurazo.com\/\",\"name\":\"Periodista SoledadDurazo.com\",\"description\":\"Periodista sonorense. Directora de www.SoledadDurazo.com Columnista, conductora de radio y Tv. Catedr\\u00e1tica en la UNISON\",\"publisher\":{\"@id\":\"https:\/\/soledaddurazo.com\/#organization\"},\"potentialAction\":[{\"@type\":\"SearchAction\",\"target\":{\"@type\":\"EntryPoint\",\"urlTemplate\":\"https:\/\/soledaddurazo.com\/?s={search_term_string}\"},\"query-input\":\"required name=search_term_string\"}],\"inLanguage\":\"es\"},{\"@type\":\"ImageObject\",\"@id\":\"https:\/\/soledaddurazo.com\/blog\/2022\/10\/04\/se-confirma-creacion-de-aerolinea-del-ejercitos-con-10-aviones-entre-ellos-el-avion-presidencial\/#primaryimage\",\"inLanguage\":\"es\",\"url\":\"https:\/\/soledaddurazo.com\/storage\/2022\/10\/avion-presidencial-Juegos-Olimpicos.jpg\",\"contentUrl\":\"https:\/\/soledaddurazo.com\/storage\/2022\/10\/avion-presidencial-Juegos-Olimpicos.jpg\",\"width\":1280,\"height\":720},{\"@type\":\"WebPage\",\"@id\":\"https:\/\/soledaddurazo.com\/blog\/2022\/10\/04\/se-confirma-creacion-de-aerolinea-del-ejercitos-con-10-aviones-entre-ellos-el-avion-presidencial\/#webpage\",\"url\":\"https:\/\/soledaddurazo.com\/blog\/2022\/10\/04\/se-confirma-creacion-de-aerolinea-del-ejercitos-con-10-aviones-entre-ellos-el-avion-presidencial\/\",\"name\":\"Se confirma creaci\\u00f3n de aerol\\u00ednea del Ej\\u00e9rcitos con 10 aviones, entre ellos, el avi\\u00f3n presidencial - Periodista SoledadDurazo.com\",\"isPartOf\":{\"@id\":\"https:\/\/soledaddurazo.com\/#website\"},\"primaryImageOfPage\":{\"@id\":\"https:\/\/soledaddurazo.com\/blog\/2022\/10\/04\/se-confirma-creacion-de-aerolinea-del-ejercitos-con-10-aviones-entre-ellos-el-avion-presidencial\/#primaryimage\"},\"datePublished\":\"2022-10-05T05:31:14+00:00\",\"dateModified\":\"2022-10-05T05:31:14+00:00\",\"breadcrumb\":{\"@id\":\"https:\/\/soledaddurazo.com\/blog\/2022\/10\/04\/se-confirma-creacion-de-aerolinea-del-ejercitos-con-10-aviones-entre-ellos-el-avion-presidencial\/#breadcrumb\"},\"inLanguage\":\"es\",\"potentialAction\":[{\"@type\":\"ReadAction\",\"target\":[\"https:\/\/soledaddurazo.com\/blog\/2022\/10\/04\/se-confirma-creacion-de-aerolinea-del-ejercitos-con-10-aviones-entre-ellos-el-avion-presidencial\/\"]}]},{\"@type\":\"BreadcrumbList\",\"@id\":\"https:\/\/soledaddurazo.com\/blog\/2022\/10\/04\/se-confirma-creacion-de-aerolinea-del-ejercitos-con-10-aviones-entre-ellos-el-avion-presidencial\/#breadcrumb\",\"itemListElement\":[{\"@type\":\"ListItem\",\"position\":1,\"name\":\"Home\",\"item\":\"https:\/\/soledaddurazo.com\/\"},{\"@type\":\"ListItem\",\"position\":2,\"name\":\"Se confirma creaci\\u00f3n de aerol\\u00ednea del Ej\\u00e9rcitos con 10 aviones, entre ellos, el avi\\u00f3n presidencial\"}]},{\"@type\":\"Article\",\"@id\":\"https:\/\/soledaddurazo.com\/blog\/2022\/10\/04\/se-confirma-creacion-de-aerolinea-del-ejercitos-con-10-aviones-entre-ellos-el-avion-presidencial\/#article\",\"isPartOf\":{\"@id\":\"https:\/\/soledaddurazo.com\/blog\/2022\/10\/04\/se-confirma-creacion-de-aerolinea-del-ejercitos-con-10-aviones-entre-ellos-el-avion-presidencial\/#webpage\"},\"author\":{\"@id\":\"https:\/\/soledaddurazo.com\/#\/schema\/person\/822d8e13aa288585e6546f179853758b\"},\"headline\":\"Se confirma creaci\\u00f3n de aerol\\u00ednea del Ej\\u00e9rcitos con 10 aviones, entre ellos, el avi\\u00f3n presidencial\",\"datePublished\":\"2022-10-05T05:31:14+00:00\",\"dateModified\":\"2022-10-05T05:31:14+00:00\",\"mainEntityOfPage\":{\"@id\":\"https:\/\/soledaddurazo.com\/blog\/2022\/10\/04\/se-confirma-creacion-de-aerolinea-del-ejercitos-con-10-aviones-entre-ellos-el-avion-presidencial\/#webpage\"},\"wordCount\":228,\"commentCount\":0,\"publisher\":{\"@id\":\"https:\/\/soledaddurazo.com\/#organization\"},\"image\":{\"@id\":\"https:\/\/soledaddurazo.com\/blog\/2022\/10\/04\/se-confirma-creacion-de-aerolinea-del-ejercitos-con-10-aviones-entre-ellos-el-avion-presidencial\/#primaryimage\"},\"thumbnailUrl\":\"https:\/\/soledaddurazo.com\/storage\/2022\/10\/avion-presidencial-Juegos-Olimpicos.jpg\",\"articleSection\":[\"principal\"],\"inLanguage\":\"es\",\"potentialAction\":[{\"@type\":\"CommentAction\",\"name\":\"Comment\",\"target\":[\"https:\/\/soledaddurazo.com\/blog\/2022\/10\/04\/se-confirma-creacion-de-aerolinea-del-ejercitos-con-10-aviones-entre-ellos-el-avion-presidencial\/#respond\"]}]},{\"@type\":\"Person\",\"@id\":\"https:\/\/soledaddurazo.com\/#\/schema\/person\/822d8e13aa288585e6546f179853758b\",\"name\":\"Redacci\\u00f3n\",\"image\":{\"@type\":\"ImageObject\",\"@id\":\"https:\/\/soledaddurazo.com\/#personlogo\",\"inLanguage\":\"es\",\"url\":\"https:\/\/secure.gravatar.com\/avatar\/c4e193752f756fd61f04deebed3a3a20dc188d37edb53682d313ac57f2725d54?s=96&d=mm&r=g\",\"contentUrl\":\"https:\/\/secure.gravatar.com\/avatar\/c4e193752f756fd61f04deebed3a3a20dc188d37edb53682d313ac57f2725d54?s=96&d=mm&r=g\",\"caption\":\"Redacci\\u00f3n\"},\"sameAs\":[\"https:\/\/soledaddurazo.com\"]}]}<\/script>\n ","yoast_head_json":{"title":"Se confirma creaci\u00f3n de aerol\u00ednea del Ej\u00e9rcitos con 10 aviones, entre ellos, el avi\u00f3n presidencial - Periodista SoledadDurazo.com","robots":{"index":"index","follow":"follow","max-snippet":"max-snippet:-1","max-image-preview":"max-image-preview:large","max-video-preview":"max-video-preview:-1"},"canonical":"https:\/\/soledaddurazo.com\/blog\/2022\/10\/04\/se-confirma-creacion-de-aerolinea-del-ejercitos-con-10-aviones-entre-ellos-el-avion-presidencial\/","og_locale":"es_MX","og_type":"article","og_title":"Se confirma creaci\u00f3n de aerol\u00ednea del Ej\u00e9rcitos con 10 aviones, entre ellos, el avi\u00f3n presidencial","og_description":"El presidente de M\u00e9xico, Andr\u00e9s Manuel L\u00f3pez Obrador confirma hoy en la conferencia de prensa una nueva l\u00ednea a\u00e9rea de cargo de 10 aviones, incluido el pol\u00e9mico avi\u00f3n presidencial, al considerar que M\u00e9xico demanda estos servicios a\u00e9reos. Esta informaci\u00f3n se encontr\u00f3 en los documentos que fueron hackeados el pasado jueves a la Secretaria de la [&hellip;]","og_url":"https:\/\/soledaddurazo.com\/blog\/2022\/10\/04\/se-confirma-creacion-de-aerolinea-del-ejercitos-con-10-aviones-entre-ellos-el-avion-presidencial\/","og_site_name":"Periodista SoledadDurazo.com","article_publisher":"https:\/\/www.facebook.com\/soledad.durazo.9\/","article_published_time":"2022-10-05T05:31:14+00:00","og_image":[{"width":1280,"height":720,"url":"https:\/\/soledaddurazo.com\/storage\/2022\/10\/avion-presidencial-Juegos-Olimpicos.jpg","type":"image\/jpeg"}],"twitter_card":"summary_large_image","twitter_creator":"@SoledadDurazo","twitter_site":"@SoledadDurazo","twitter_misc":{"Escrito por":"Redacci\u00f3n","Tiempo de lectura":"1 minuto"},"schema":{"@context":"https:\/\/schema.org","@graph":[{"@type":"Organization","@id":"https:\/\/soledaddurazo.com\/#organization","name":"Soledad Durazo","url":"https:\/\/soledaddurazo.com\/","sameAs":["https:\/\/www.facebook.com\/soledad.durazo.9\/","https:\/\/www.instagram.com\/soledaddurazo","https:\/\/www.youtube.com\/channel\/UC9yGPw8-Vbl_B2XNkRwPS-w","https:\/\/twitter.com\/SoledadDurazo"],"logo":{"@type":"ImageObject","@id":"https:\/\/soledaddurazo.com\/#logo","inLanguage":"es","url":"https:\/\/soledaddurazo.com\/storage\/2021\/11\/nllp-720x375-1-2.png","contentUrl":"https:\/\/soledaddurazo.com\/storage\/2021\/11\/nllp-720x375-1-2.png","width":720,"height":375,"caption":"Soledad Durazo"},"image":{"@id":"https:\/\/soledaddurazo.com\/#logo"}},{"@type":"WebSite","@id":"https:\/\/soledaddurazo.com\/#website","url":"https:\/\/soledaddurazo.com\/","name":"Periodista SoledadDurazo.com","description":"Periodista sonorense. Directora de www.SoledadDurazo.com Columnista, conductora de radio y Tv. Catedr\u00e1tica en la UNISON","publisher":{"@id":"https:\/\/soledaddurazo.com\/#organization"},"potentialAction":[{"@type":"SearchAction","target":{"@type":"EntryPoint","urlTemplate":"https:\/\/soledaddurazo.com\/?s={search_term_string}"},"query-input":"required name=search_term_string"}],"inLanguage":"es"},{"@type":"ImageObject","@id":"https:\/\/soledaddurazo.com\/blog\/2022\/10\/04\/se-confirma-creacion-de-aerolinea-del-ejercitos-con-10-aviones-entre-ellos-el-avion-presidencial\/#primaryimage","inLanguage":"es","url":"https:\/\/soledaddurazo.com\/storage\/2022\/10\/avion-presidencial-Juegos-Olimpicos.jpg","contentUrl":"https:\/\/soledaddurazo.com\/storage\/2022\/10\/avion-presidencial-Juegos-Olimpicos.jpg","width":1280,"height":720},{"@type":"WebPage","@id":"https:\/\/soledaddurazo.com\/blog\/2022\/10\/04\/se-confirma-creacion-de-aerolinea-del-ejercitos-con-10-aviones-entre-ellos-el-avion-presidencial\/#webpage","url":"https:\/\/soledaddurazo.com\/blog\/2022\/10\/04\/se-confirma-creacion-de-aerolinea-del-ejercitos-con-10-aviones-entre-ellos-el-avion-presidencial\/","name":"Se confirma creaci\u00f3n de aerol\u00ednea del Ej\u00e9rcitos con 10 aviones, entre ellos, el avi\u00f3n presidencial - Periodista SoledadDurazo.com","isPartOf":{"@id":"https:\/\/soledaddurazo.com\/#website"},"primaryImageOfPage":{"@id":"https:\/\/soledaddurazo.com\/blog\/2022\/10\/04\/se-confirma-creacion-de-aerolinea-del-ejercitos-con-10-aviones-entre-ellos-el-avion-presidencial\/#primaryimage"},"datePublished":"2022-10-05T05:31:14+00:00","dateModified":"2022-10-05T05:31:14+00:00","breadcrumb":{"@id":"https:\/\/soledaddurazo.com\/blog\/2022\/10\/04\/se-confirma-creacion-de-aerolinea-del-ejercitos-con-10-aviones-entre-ellos-el-avion-presidencial\/#breadcrumb"},"inLanguage":"es","potentialAction":[{"@type":"ReadAction","target":["https:\/\/soledaddurazo.com\/blog\/2022\/10\/04\/se-confirma-creacion-de-aerolinea-del-ejercitos-con-10-aviones-entre-ellos-el-avion-presidencial\/"]}]},{"@type":"BreadcrumbList","@id":"https:\/\/soledaddurazo.com\/blog\/2022\/10\/04\/se-confirma-creacion-de-aerolinea-del-ejercitos-con-10-aviones-entre-ellos-el-avion-presidencial\/#breadcrumb","itemListElement":[{"@type":"ListItem","position":1,"name":"Home","item":"https:\/\/soledaddurazo.com\/"},{"@type":"ListItem","position":2,"name":"Se confirma creaci\u00f3n de aerol\u00ednea del Ej\u00e9rcitos con 10 aviones, entre ellos, el avi\u00f3n presidencial"}]},{"@type":"Article","@id":"https:\/\/soledaddurazo.com\/blog\/2022\/10\/04\/se-confirma-creacion-de-aerolinea-del-ejercitos-con-10-aviones-entre-ellos-el-avion-presidencial\/#article","isPartOf":{"@id":"https:\/\/soledaddurazo.com\/blog\/2022\/10\/04\/se-confirma-creacion-de-aerolinea-del-ejercitos-con-10-aviones-entre-ellos-el-avion-presidencial\/#webpage"},"author":{"@id":"https:\/\/soledaddurazo.com\/#\/schema\/person\/822d8e13aa288585e6546f179853758b"},"headline":"Se confirma creaci\u00f3n de aerol\u00ednea del Ej\u00e9rcitos con 10 aviones, entre ellos, el avi\u00f3n presidencial","datePublished":"2022-10-05T05:31:14+00:00","dateModified":"2022-10-05T05:31:14+00:00","mainEntityOfPage":{"@id":"https:\/\/soledaddurazo.com\/blog\/2022\/10\/04\/se-confirma-creacion-de-aerolinea-del-ejercitos-con-10-aviones-entre-ellos-el-avion-presidencial\/#webpage"},"wordCount":228,"commentCount":0,"publisher":{"@id":"https:\/\/soledaddurazo.com\/#organization"},"image":{"@id":"https:\/\/soledaddurazo.com\/blog\/2022\/10\/04\/se-confirma-creacion-de-aerolinea-del-ejercitos-con-10-aviones-entre-ellos-el-avion-presidencial\/#primaryimage"},"thumbnailUrl":"https:\/\/soledaddurazo.com\/storage\/2022\/10\/avion-presidencial-Juegos-Olimpicos.jpg","articleSection":["principal"],"inLanguage":"es","potentialAction":[{"@type":"CommentAction","name":"Comment","target":["https:\/\/soledaddurazo.com\/blog\/2022\/10\/04\/se-confirma-creacion-de-aerolinea-del-ejercitos-con-10-aviones-entre-ellos-el-avion-presidencial\/#respond"]}]},{"@type":"Person","@id":"https:\/\/soledaddurazo.com\/#\/schema\/person\/822d8e13aa288585e6546f179853758b","name":"Redacci\u00f3n","image":{"@type":"ImageObject","@id":"https:\/\/soledaddurazo.com\/#personlogo","inLanguage":"es","url":"https:\/\/secure.gravatar.com\/avatar\/c4e193752f756fd61f04deebed3a3a20dc188d37edb53682d313ac57f2725d54?s=96&d=mm&r=g","contentUrl":"https:\/\/secure.gravatar.com\/avatar\/c4e193752f756fd61f04deebed3a3a20dc188d37edb53682d313ac57f2725d54?s=96&d=mm&r=g","caption":"Redacci\u00f3n"},"sameAs":["https:\/\/soledaddurazo.com"]}]}},"_links":{"self":[{"href":"https:\/\/soledaddurazo.com\/api\/wp\/v2\/posts\/15514","targetHints":{"allow":["GET"]}}],"collection":[{"href":"https:\/\/soledaddurazo.com\/api\/wp\/v2\/posts"}],"about":[{"href":"https:\/\/soledaddurazo.com\/api\/wp\/v2\/types\/post"}],"author":[{"embeddable":true,"href":"https:\/\/soledaddurazo.com\/api\/wp\/v2\/users\/1"}],"replies":[{"embeddable":true,"href":"https:\/\/soledaddurazo.com\/api\/wp\/v2\/comments?post=15514"}],"version-history":[{"count":1,"href":"https:\/\/soledaddurazo.com\/api\/wp\/v2\/posts\/15514\/revisions"}],"predecessor-version":[{"id":15517,"href":"https:\/\/soledaddurazo.com\/api\/wp\/v2\/posts\/15514\/revisions\/15517"}],"wp:featuredmedia":[{"embeddable":true,"href":"https:\/\/soledaddurazo.com\/api\/wp\/v2\/media\/15515"}],"wp:attachment":[{"href":"https:\/\/soledaddurazo.com\/api\/wp\/v2\/media?parent=15514"}],"wp:term":[{"taxonomy":"category","embeddable":true,"href":"https:\/\/soledaddurazo.com\/api\/wp\/v2\/categories?post=15514"},{"taxonomy":"post_tag","embeddable":true,"href":"https:\/\/soledaddurazo.com\/api\/wp\/v2\/tags?post=15514"}],"curies":[{"name":"wp","href":"https:\/\/api.w.org\/{rel}","templated":true}]}}