{"id":15510,"date":"2022-10-03T23:29:40","date_gmt":"2022-10-04T06:29:40","guid":{"rendered":"https:\/\/soledaddurazo.com\/?p=15510"},"modified":"2022-10-03T23:29:40","modified_gmt":"2022-10-04T06:29:40","slug":"presenta-rectora-primer-informe-de-actividades-ante-colegio-academico","status":"publish","type":"post","link":"https:\/\/soledaddurazo.com\/blog\/2022\/10\/03\/presenta-rectora-primer-informe-de-actividades-ante-colegio-academico\/","title":{"rendered":"Presenta rectora primer informe de actividades ante Colegio Acad\u00e9mico"},"content":{"rendered":"<p>Un mensaje de agradecimiento y de reconocimiento hacia la comunidad universitaria fue el que comparti\u00f3 la rectora Mar\u00eda Rita Plancarte Mart\u00ednez durante la presentaci\u00f3n de su Primer Informe Anual 2021-2022 ante el pleno del Colegio Acad\u00e9mico como parte de la sesi\u00f3n ordinaria 194 de dicho \u00f3rgano de gobierno.<\/p>\n<p>Apunt\u00f3 que, luego de la crisis sanitaria, dicho periodo estuvo marcado por el regreso a las actividades acad\u00e9micas de modo presencial en la totalidad de los campus universitarios, lo cual no fue tarea f\u00e1cil y se logr\u00f3 gracias al esfuerzo de docentes, alumnos, personal administrativo y de apoyo, \u201cson momentos que no se deben olvidar\u201d, dijo.<\/p>\n<p>Es gracias a ese compromiso y trabajo de la comunidad universitaria, que la Universidad de Sonora se mantiene como la mejor instituci\u00f3n de educaci\u00f3n superior del noroeste del pa\u00eds y diversos rankings avalan su calidad acad\u00e9mica, cient\u00edfica, adem\u00e1s de su compromiso con la sustentabilidad.<\/p>\n<p>En este sentido, la m\u00e1xima casa de estudios se ubic\u00f3 en el lugar 15 del World University Rankings 2022 Times Higher Education, en el sitio 20 del Ranking Mundial UI Green Metric<\/p>\n<p>Universidades Sustentables 2022, en el lugar 22 del uniRank University 2021 y en el 23 del QS World University Rankings 2022.<\/p>\n<p>Resalt\u00f3 que el impacto del trabajo realizado por los universitarios qued\u00f3 de manifiesto en los 19 premios que recibieron 25 docentes, 13 distinciones para 24 estudiantes; por otra parte, tambi\u00e9n destac\u00f3 los avances que en materia de sustentabilidad se implementaron, lo que deriv\u00f3 en un ahorro del 10.6% en el consumo de agua y el concluir el presente a\u00f1o, mediante el aprovechamiento de la energ\u00eda solar, se alcanzar\u00e1 una autogeneraci\u00f3n de 892 kWh.<\/p>\n<p>Plancarte Mart\u00ednez precis\u00f3 que entre los programas estrat\u00e9gicos del Plan de Desarrollo Institucional 2021-2025 (PDI) es alcanzar una universidad equitativa, inclusiva y libre de violencia de g\u00e9nero, motivo por el cual se implement\u00f3 el Programa especial de apoyo al ingreso, permanencia y egreso de estudiantes que forman parte de comunidades ind\u00edgenas, de tal manera que en la convocatoria 2022 de nuevo ingreso concretaron su proceso de inscripci\u00f3n 190 j\u00f3venes.<\/p>\n<p>Revel\u00f3 que el ciclo escolar 2021-2022 la matr\u00edcula estudiantil se increment\u00f3 a 34,176 estudiantes, de los cuales 33,101 est\u00e1n inscritos en programas de nivel licenciatura y 1,075 en opciones de posgrado, 969 en los talleres libres de arte y 9,218 en los cursos generales de idiomas.<\/p>\n<p>Mientras tanto, en el proceso Admisi\u00f3n 2022, la Universidad de Sonora ampli\u00f3 en 1,600 lugares la oferta para aspirantes de nuevo ingreso en 22 licenciaturas, de tal forma que para este a\u00f1o se recibieron en total 9,393 alumnos en los programas de licenciatura que la instituci\u00f3n ofrece en sus seis campus.<\/p>\n<p>Como parte de la renovaci\u00f3n, habilitaci\u00f3n y actualizaci\u00f3n de la planta docente, la rectora destac\u00f3 el hecho de que el 95.5% de la planta acad\u00e9mica de tiempo completo indeterminada cuenta con estudios de posgrado, el 54.7% posee perfil deseable Prodep y adem\u00e1s se increment\u00f3 en 6.8% el n\u00famero de profesores investigadores pertenecientes al Sistema Nacional de Investigadores (SNI) de Conacyt al pasar de 468 en 2021, a 500 en 2022.<\/p>\n<p>Revel\u00f3 que una inversi\u00f3n importante fue la que se realiz\u00f3 en el Sistema Institucional Bibliotecario por el orden de los 22.4 millones de pesos, lo que permiti\u00f3 la adquisici\u00f3n de 653 t\u00edtulos, 46 bases de datos, adem\u00e1s de 10, 406 t\u00edtulos en 11 colecciones de revistas electr\u00f3nicas y 2,228 libros electr\u00f3nicos, lo cual beneficia tanto a la comunidad estudiantil y acad\u00e9mica.<\/p>\n<p>&nbsp;<\/p>\n<p><strong>Destaca entusiasmo de docentes<\/strong><\/p>\n<p>Plancarte Mart\u00ednez destac\u00f3 que, en materia de extensi\u00f3n de los servicios, la Universidad de Sonora brind\u00f3 sus instalaciones y coadyuv\u00f3 en 13 jornadas de aplicaci\u00f3n de la vacuna contra la covid-19, esto como parte del compromiso de la instituci\u00f3n de los con los sonorenses, actividad para la cual se cont\u00f3 con el apoyo de docentes, estudiantes y personal administrativo y de servicios.<\/p>\n<p>En cuanto a la gesti\u00f3n y uso de los recursos financieros, humanos y materiales, revel\u00f3 que la alma mater atendi\u00f3 14 auditor\u00edas externas, de las cuales tres correspondieron a la Auditor\u00eda Superior de la Federaci\u00f3n (ASF) y 11 al Instituto Superior de Auditor\u00eda y Fiscalizaci\u00f3n (ISAF) y actualmente se encuentran 25 auditor\u00edas externas activas.<\/p>\n<p>Al concluir su presentaci\u00f3n se\u00f1al\u00f3 que, todo lo anterior no hubiera sido posible sin el entusiasmo de nuestros docentes, \u201cagradezco a todos \u2013los miembros de la comunidad universitaria- por el regreso \u2013presencial- el trabajo es que esta universidad, que nos ha sido legada, siga siendo la mejor universidad\u201d.<\/p>\n<p>El Primer Informe Anual 2021-2022 es un documento p\u00fablico accesible para su consulta a trav\u00e9s de la liga\u00a0 https:\/\/planeacion.unison.mx\/informe_actividades.htm<\/p>\n<p>&nbsp;<\/p>\n","protected":false},"excerpt":{"rendered":"<p>Un mensaje de agradecimiento y de reconocimiento hacia la comunidad universitaria fue el que comparti\u00f3 la rectora Mar\u00eda Rita Plancarte Mart\u00ednez durante la presentaci\u00f3n de su Primer Informe Anual 2021-2022 ante el pleno del Colegio Acad\u00e9mico como parte de la sesi\u00f3n ordinaria 194 de dicho \u00f3rgano de gobierno. Apunt\u00f3 que, luego de la crisis sanitaria, [&hellip;]<\/p>\n","protected":false},"author":1,"featured_media":15511,"comment_status":"open","ping_status":"open","sticky":false,"template":"","format":"standard","meta":{"footnotes":""},"categories":[159],"tags":[],"class_list":["post"],"yoast_head":" \n<title>Presenta rectora primer informe de actividades ante Colegio Acad\u00e9mico - Periodista SoledadDurazo.com<\/title>\n<meta name=\"robots\" content=\"index, follow, max-snippet:-1, max-image-preview:large, max-video-preview:-1\" \/>\n<link rel=\"canonical\" href=\"https:\/\/soledaddurazo.com\/blog\/2022\/10\/03\/presenta-rectora-primer-informe-de-actividades-ante-colegio-academico\/\" \/>\n<meta property=\"og:locale\" content=\"es_MX\" \/>\n<meta property=\"og:type\" content=\"article\" \/>\n<meta property=\"og:title\" content=\"Presenta rectora primer informe de actividades ante Colegio Acad\u00e9mico\" \/>\n<meta property=\"og:description\" content=\"Un mensaje de agradecimiento y de reconocimiento hacia la comunidad universitaria fue el que comparti\u00f3 la rectora Mar\u00eda Rita Plancarte Mart\u00ednez durante la presentaci\u00f3n de su Primer Informe Anual 2021-2022 ante el pleno del Colegio Acad\u00e9mico como parte de la sesi\u00f3n ordinaria 194 de dicho \u00f3rgano de gobierno. Apunt\u00f3 que, luego de la crisis sanitaria, [&hellip;]\" \/>\n<meta property=\"og:url\" content=\"https:\/\/soledaddurazo.com\/blog\/2022\/10\/03\/presenta-rectora-primer-informe-de-actividades-ante-colegio-academico\/\" \/>\n<meta property=\"og:site_name\" content=\"Periodista SoledadDurazo.com\" \/>\n<meta property=\"article:publisher\" content=\"https:\/\/www.facebook.com\/soledad.durazo.9\/\" \/>\n<meta property=\"article:published_time\" content=\"2022-10-04T06:29:40+00:00\" \/>\n<meta property=\"og:image\" content=\"https:\/\/soledaddurazo.com\/storage\/2022\/10\/BOLETIN-3-DE-OCTUBRE-COLEGIO-ACADEMICO-1.jpg\" \/>\n\t<meta property=\"og:image:width\" content=\"1969\" \/>\n\t<meta property=\"og:image:height\" content=\"1461\" \/>\n<meta name=\"twitter:card\" content=\"summary_large_image\" \/>\n<meta name=\"twitter:creator\" content=\"@SoledadDurazo\" \/>\n<meta name=\"twitter:site\" content=\"@SoledadDurazo\" \/>\n<meta name=\"twitter:label1\" content=\"Escrito por\" \/>\n\t<meta name=\"twitter:data1\" content=\"Redacci\u00f3n\" \/>\n\t<meta name=\"twitter:label2\" content=\"Tiempo de lectura\" \/>\n\t<meta name=\"twitter:data2\" content=\"4 minutos\" \/>\n<script type=\"application\/ld+json\" class=\"yoast-schema-graph\">{\"@context\":\"https:\/\/schema.org\",\"@graph\":[{\"@type\":\"Organization\",\"@id\":\"https:\/\/soledaddurazo.com\/#organization\",\"name\":\"Soledad Durazo\",\"url\":\"https:\/\/soledaddurazo.com\/\",\"sameAs\":[\"https:\/\/www.facebook.com\/soledad.durazo.9\/\",\"https:\/\/www.instagram.com\/soledaddurazo\",\"https:\/\/www.youtube.com\/channel\/UC9yGPw8-Vbl_B2XNkRwPS-w\",\"https:\/\/twitter.com\/SoledadDurazo\"],\"logo\":{\"@type\":\"ImageObject\",\"@id\":\"https:\/\/soledaddurazo.com\/#logo\",\"inLanguage\":\"es\",\"url\":\"https:\/\/soledaddurazo.com\/storage\/2021\/11\/nllp-720x375-1-2.png\",\"contentUrl\":\"https:\/\/soledaddurazo.com\/storage\/2021\/11\/nllp-720x375-1-2.png\",\"width\":720,\"height\":375,\"caption\":\"Soledad Durazo\"},\"image\":{\"@id\":\"https:\/\/soledaddurazo.com\/#logo\"}},{\"@type\":\"WebSite\",\"@id\":\"https:\/\/soledaddurazo.com\/#website\",\"url\":\"https:\/\/soledaddurazo.com\/\",\"name\":\"Periodista SoledadDurazo.com\",\"description\":\"Periodista sonorense. Directora de www.SoledadDurazo.com Columnista, conductora de radio y Tv. Catedr\\u00e1tica en la UNISON\",\"publisher\":{\"@id\":\"https:\/\/soledaddurazo.com\/#organization\"},\"potentialAction\":[{\"@type\":\"SearchAction\",\"target\":{\"@type\":\"EntryPoint\",\"urlTemplate\":\"https:\/\/soledaddurazo.com\/?s={search_term_string}\"},\"query-input\":\"required name=search_term_string\"}],\"inLanguage\":\"es\"},{\"@type\":\"ImageObject\",\"@id\":\"https:\/\/soledaddurazo.com\/blog\/2022\/10\/03\/presenta-rectora-primer-informe-de-actividades-ante-colegio-academico\/#primaryimage\",\"inLanguage\":\"es\",\"url\":\"https:\/\/soledaddurazo.com\/storage\/2022\/10\/BOLETIN-3-DE-OCTUBRE-COLEGIO-ACADEMICO-1.jpg\",\"contentUrl\":\"https:\/\/soledaddurazo.com\/storage\/2022\/10\/BOLETIN-3-DE-OCTUBRE-COLEGIO-ACADEMICO-1.jpg\",\"width\":1969,\"height\":1461},{\"@type\":\"WebPage\",\"@id\":\"https:\/\/soledaddurazo.com\/blog\/2022\/10\/03\/presenta-rectora-primer-informe-de-actividades-ante-colegio-academico\/#webpage\",\"url\":\"https:\/\/soledaddurazo.com\/blog\/2022\/10\/03\/presenta-rectora-primer-informe-de-actividades-ante-colegio-academico\/\",\"name\":\"Presenta rectora primer informe de actividades ante Colegio Acad\\u00e9mico - Periodista SoledadDurazo.com\",\"isPartOf\":{\"@id\":\"https:\/\/soledaddurazo.com\/#website\"},\"primaryImageOfPage\":{\"@id\":\"https:\/\/soledaddurazo.com\/blog\/2022\/10\/03\/presenta-rectora-primer-informe-de-actividades-ante-colegio-academico\/#primaryimage\"},\"datePublished\":\"2022-10-04T06:29:40+00:00\",\"dateModified\":\"2022-10-04T06:29:40+00:00\",\"breadcrumb\":{\"@id\":\"https:\/\/soledaddurazo.com\/blog\/2022\/10\/03\/presenta-rectora-primer-informe-de-actividades-ante-colegio-academico\/#breadcrumb\"},\"inLanguage\":\"es\",\"potentialAction\":[{\"@type\":\"ReadAction\",\"target\":[\"https:\/\/soledaddurazo.com\/blog\/2022\/10\/03\/presenta-rectora-primer-informe-de-actividades-ante-colegio-academico\/\"]}]},{\"@type\":\"BreadcrumbList\",\"@id\":\"https:\/\/soledaddurazo.com\/blog\/2022\/10\/03\/presenta-rectora-primer-informe-de-actividades-ante-colegio-academico\/#breadcrumb\",\"itemListElement\":[{\"@type\":\"ListItem\",\"position\":1,\"name\":\"Home\",\"item\":\"https:\/\/soledaddurazo.com\/\"},{\"@type\":\"ListItem\",\"position\":2,\"name\":\"Presenta rectora primer informe de actividades ante Colegio Acad\\u00e9mico\"}]},{\"@type\":\"Article\",\"@id\":\"https:\/\/soledaddurazo.com\/blog\/2022\/10\/03\/presenta-rectora-primer-informe-de-actividades-ante-colegio-academico\/#article\",\"isPartOf\":{\"@id\":\"https:\/\/soledaddurazo.com\/blog\/2022\/10\/03\/presenta-rectora-primer-informe-de-actividades-ante-colegio-academico\/#webpage\"},\"author\":{\"@id\":\"https:\/\/soledaddurazo.com\/#\/schema\/person\/822d8e13aa288585e6546f179853758b\"},\"headline\":\"Presenta rectora primer informe de actividades ante Colegio Acad\\u00e9mico\",\"datePublished\":\"2022-10-04T06:29:40+00:00\",\"dateModified\":\"2022-10-04T06:29:40+00:00\",\"mainEntityOfPage\":{\"@id\":\"https:\/\/soledaddurazo.com\/blog\/2022\/10\/03\/presenta-rectora-primer-informe-de-actividades-ante-colegio-academico\/#webpage\"},\"wordCount\":790,\"commentCount\":0,\"publisher\":{\"@id\":\"https:\/\/soledaddurazo.com\/#organization\"},\"image\":{\"@id\":\"https:\/\/soledaddurazo.com\/blog\/2022\/10\/03\/presenta-rectora-primer-informe-de-actividades-ante-colegio-academico\/#primaryimage\"},\"thumbnailUrl\":\"https:\/\/soledaddurazo.com\/storage\/2022\/10\/BOLETIN-3-DE-OCTUBRE-COLEGIO-ACADEMICO-1.jpg\",\"articleSection\":[\"Mi Sonora\"],\"inLanguage\":\"es\",\"potentialAction\":[{\"@type\":\"CommentAction\",\"name\":\"Comment\",\"target\":[\"https:\/\/soledaddurazo.com\/blog\/2022\/10\/03\/presenta-rectora-primer-informe-de-actividades-ante-colegio-academico\/#respond\"]}]},{\"@type\":\"Person\",\"@id\":\"https:\/\/soledaddurazo.com\/#\/schema\/person\/822d8e13aa288585e6546f179853758b\",\"name\":\"Redacci\\u00f3n\",\"image\":{\"@type\":\"ImageObject\",\"@id\":\"https:\/\/soledaddurazo.com\/#personlogo\",\"inLanguage\":\"es\",\"url\":\"https:\/\/secure.gravatar.com\/avatar\/c4e193752f756fd61f04deebed3a3a20dc188d37edb53682d313ac57f2725d54?s=96&d=mm&r=g\",\"contentUrl\":\"https:\/\/secure.gravatar.com\/avatar\/c4e193752f756fd61f04deebed3a3a20dc188d37edb53682d313ac57f2725d54?s=96&d=mm&r=g\",\"caption\":\"Redacci\\u00f3n\"},\"sameAs\":[\"https:\/\/soledaddurazo.com\"]}]}<\/script>\n ","yoast_head_json":{"title":"Presenta rectora primer informe de actividades ante Colegio Acad\u00e9mico - Periodista SoledadDurazo.com","robots":{"index":"index","follow":"follow","max-snippet":"max-snippet:-1","max-image-preview":"max-image-preview:large","max-video-preview":"max-video-preview:-1"},"canonical":"https:\/\/soledaddurazo.com\/blog\/2022\/10\/03\/presenta-rectora-primer-informe-de-actividades-ante-colegio-academico\/","og_locale":"es_MX","og_type":"article","og_title":"Presenta rectora primer informe de actividades ante Colegio Acad\u00e9mico","og_description":"Un mensaje de agradecimiento y de reconocimiento hacia la comunidad universitaria fue el que comparti\u00f3 la rectora Mar\u00eda Rita Plancarte Mart\u00ednez durante la presentaci\u00f3n de su Primer Informe Anual 2021-2022 ante el pleno del Colegio Acad\u00e9mico como parte de la sesi\u00f3n ordinaria 194 de dicho \u00f3rgano de gobierno. Apunt\u00f3 que, luego de la crisis sanitaria, [&hellip;]","og_url":"https:\/\/soledaddurazo.com\/blog\/2022\/10\/03\/presenta-rectora-primer-informe-de-actividades-ante-colegio-academico\/","og_site_name":"Periodista SoledadDurazo.com","article_publisher":"https:\/\/www.facebook.com\/soledad.durazo.9\/","article_published_time":"2022-10-04T06:29:40+00:00","og_image":[{"width":1969,"height":1461,"url":"https:\/\/soledaddurazo.com\/storage\/2022\/10\/BOLETIN-3-DE-OCTUBRE-COLEGIO-ACADEMICO-1.jpg","type":"image\/jpeg"}],"twitter_card":"summary_large_image","twitter_creator":"@SoledadDurazo","twitter_site":"@SoledadDurazo","twitter_misc":{"Escrito por":"Redacci\u00f3n","Tiempo de lectura":"4 minutos"},"schema":{"@context":"https:\/\/schema.org","@graph":[{"@type":"Organization","@id":"https:\/\/soledaddurazo.com\/#organization","name":"Soledad Durazo","url":"https:\/\/soledaddurazo.com\/","sameAs":["https:\/\/www.facebook.com\/soledad.durazo.9\/","https:\/\/www.instagram.com\/soledaddurazo","https:\/\/www.youtube.com\/channel\/UC9yGPw8-Vbl_B2XNkRwPS-w","https:\/\/twitter.com\/SoledadDurazo"],"logo":{"@type":"ImageObject","@id":"https:\/\/soledaddurazo.com\/#logo","inLanguage":"es","url":"https:\/\/soledaddurazo.com\/storage\/2021\/11\/nllp-720x375-1-2.png","contentUrl":"https:\/\/soledaddurazo.com\/storage\/2021\/11\/nllp-720x375-1-2.png","width":720,"height":375,"caption":"Soledad Durazo"},"image":{"@id":"https:\/\/soledaddurazo.com\/#logo"}},{"@type":"WebSite","@id":"https:\/\/soledaddurazo.com\/#website","url":"https:\/\/soledaddurazo.com\/","name":"Periodista SoledadDurazo.com","description":"Periodista sonorense. Directora de www.SoledadDurazo.com Columnista, conductora de radio y Tv. Catedr\u00e1tica en la UNISON","publisher":{"@id":"https:\/\/soledaddurazo.com\/#organization"},"potentialAction":[{"@type":"SearchAction","target":{"@type":"EntryPoint","urlTemplate":"https:\/\/soledaddurazo.com\/?s={search_term_string}"},"query-input":"required name=search_term_string"}],"inLanguage":"es"},{"@type":"ImageObject","@id":"https:\/\/soledaddurazo.com\/blog\/2022\/10\/03\/presenta-rectora-primer-informe-de-actividades-ante-colegio-academico\/#primaryimage","inLanguage":"es","url":"https:\/\/soledaddurazo.com\/storage\/2022\/10\/BOLETIN-3-DE-OCTUBRE-COLEGIO-ACADEMICO-1.jpg","contentUrl":"https:\/\/soledaddurazo.com\/storage\/2022\/10\/BOLETIN-3-DE-OCTUBRE-COLEGIO-ACADEMICO-1.jpg","width":1969,"height":1461},{"@type":"WebPage","@id":"https:\/\/soledaddurazo.com\/blog\/2022\/10\/03\/presenta-rectora-primer-informe-de-actividades-ante-colegio-academico\/#webpage","url":"https:\/\/soledaddurazo.com\/blog\/2022\/10\/03\/presenta-rectora-primer-informe-de-actividades-ante-colegio-academico\/","name":"Presenta rectora primer informe de actividades ante Colegio Acad\u00e9mico - Periodista SoledadDurazo.com","isPartOf":{"@id":"https:\/\/soledaddurazo.com\/#website"},"primaryImageOfPage":{"@id":"https:\/\/soledaddurazo.com\/blog\/2022\/10\/03\/presenta-rectora-primer-informe-de-actividades-ante-colegio-academico\/#primaryimage"},"datePublished":"2022-10-04T06:29:40+00:00","dateModified":"2022-10-04T06:29:40+00:00","breadcrumb":{"@id":"https:\/\/soledaddurazo.com\/blog\/2022\/10\/03\/presenta-rectora-primer-informe-de-actividades-ante-colegio-academico\/#breadcrumb"},"inLanguage":"es","potentialAction":[{"@type":"ReadAction","target":["https:\/\/soledaddurazo.com\/blog\/2022\/10\/03\/presenta-rectora-primer-informe-de-actividades-ante-colegio-academico\/"]}]},{"@type":"BreadcrumbList","@id":"https:\/\/soledaddurazo.com\/blog\/2022\/10\/03\/presenta-rectora-primer-informe-de-actividades-ante-colegio-academico\/#breadcrumb","itemListElement":[{"@type":"ListItem","position":1,"name":"Home","item":"https:\/\/soledaddurazo.com\/"},{"@type":"ListItem","position":2,"name":"Presenta rectora primer informe de actividades ante Colegio Acad\u00e9mico"}]},{"@type":"Article","@id":"https:\/\/soledaddurazo.com\/blog\/2022\/10\/03\/presenta-rectora-primer-informe-de-actividades-ante-colegio-academico\/#article","isPartOf":{"@id":"https:\/\/soledaddurazo.com\/blog\/2022\/10\/03\/presenta-rectora-primer-informe-de-actividades-ante-colegio-academico\/#webpage"},"author":{"@id":"https:\/\/soledaddurazo.com\/#\/schema\/person\/822d8e13aa288585e6546f179853758b"},"headline":"Presenta rectora primer informe de actividades ante Colegio Acad\u00e9mico","datePublished":"2022-10-04T06:29:40+00:00","dateModified":"2022-10-04T06:29:40+00:00","mainEntityOfPage":{"@id":"https:\/\/soledaddurazo.com\/blog\/2022\/10\/03\/presenta-rectora-primer-informe-de-actividades-ante-colegio-academico\/#webpage"},"wordCount":790,"commentCount":0,"publisher":{"@id":"https:\/\/soledaddurazo.com\/#organization"},"image":{"@id":"https:\/\/soledaddurazo.com\/blog\/2022\/10\/03\/presenta-rectora-primer-informe-de-actividades-ante-colegio-academico\/#primaryimage"},"thumbnailUrl":"https:\/\/soledaddurazo.com\/storage\/2022\/10\/BOLETIN-3-DE-OCTUBRE-COLEGIO-ACADEMICO-1.jpg","articleSection":["Mi Sonora"],"inLanguage":"es","potentialAction":[{"@type":"CommentAction","name":"Comment","target":["https:\/\/soledaddurazo.com\/blog\/2022\/10\/03\/presenta-rectora-primer-informe-de-actividades-ante-colegio-academico\/#respond"]}]},{"@type":"Person","@id":"https:\/\/soledaddurazo.com\/#\/schema\/person\/822d8e13aa288585e6546f179853758b","name":"Redacci\u00f3n","image":{"@type":"ImageObject","@id":"https:\/\/soledaddurazo.com\/#personlogo","inLanguage":"es","url":"https:\/\/secure.gravatar.com\/avatar\/c4e193752f756fd61f04deebed3a3a20dc188d37edb53682d313ac57f2725d54?s=96&d=mm&r=g","contentUrl":"https:\/\/secure.gravatar.com\/avatar\/c4e193752f756fd61f04deebed3a3a20dc188d37edb53682d313ac57f2725d54?s=96&d=mm&r=g","caption":"Redacci\u00f3n"},"sameAs":["https:\/\/soledaddurazo.com"]}]}},"_links":{"self":[{"href":"https:\/\/soledaddurazo.com\/api\/wp\/v2\/posts\/15510","targetHints":{"allow":["GET"]}}],"collection":[{"href":"https:\/\/soledaddurazo.com\/api\/wp\/v2\/posts"}],"about":[{"href":"https:\/\/soledaddurazo.com\/api\/wp\/v2\/types\/post"}],"author":[{"embeddable":true,"href":"https:\/\/soledaddurazo.com\/api\/wp\/v2\/users\/1"}],"replies":[{"embeddable":true,"href":"https:\/\/soledaddurazo.com\/api\/wp\/v2\/comments?post=15510"}],"version-history":[{"count":1,"href":"https:\/\/soledaddurazo.com\/api\/wp\/v2\/posts\/15510\/revisions"}],"predecessor-version":[{"id":15512,"href":"https:\/\/soledaddurazo.com\/api\/wp\/v2\/posts\/15510\/revisions\/15512"}],"wp:featuredmedia":[{"embeddable":true,"href":"https:\/\/soledaddurazo.com\/api\/wp\/v2\/media\/15511"}],"wp:attachment":[{"href":"https:\/\/soledaddurazo.com\/api\/wp\/v2\/media?parent=15510"}],"wp:term":[{"taxonomy":"category","embeddable":true,"href":"https:\/\/soledaddurazo.com\/api\/wp\/v2\/categories?post=15510"},{"taxonomy":"post_tag","embeddable":true,"href":"https:\/\/soledaddurazo.com\/api\/wp\/v2\/tags?post=15510"}],"curies":[{"name":"wp","href":"https:\/\/api.w.org\/{rel}","templated":true}]}}