{"id":14866,"date":"2022-08-01T23:34:59","date_gmt":"2022-08-02T06:34:59","guid":{"rendered":"https:\/\/soledaddurazo.com\/?p=14866"},"modified":"2022-08-01T23:34:59","modified_gmt":"2022-08-02T06:34:59","slug":"la-campana-presidencial-fuera-de-la-ley-quien-paga","status":"publish","type":"post","link":"https:\/\/soledaddurazo.com\/blog\/2022\/08\/01\/la-campana-presidencial-fuera-de-la-ley-quien-paga\/","title":{"rendered":"La Campa\u00f1a Presidencial Fuera de la Ley, \u00bfQui\u00e9n Paga?"},"content":{"rendered":"<p><strong>AYER, AUSTERIDAD REPUBLICANA<\/strong><\/p>\n<p><strong>HOY, POBREZA FRANCISCANA<\/strong><\/p>\n<p><strong>MA\u00d1ANA, MENDICIDAD INSTITUCIONAL<\/strong><\/p>\n<p>Deber\u00eda de comentar sobre temas menos inoportunos, desagradables, trascendentes, costosos, negativos. Confiados en que su Jefe ha reiterado \u201c\u00a1<strong>nada de que la Ley es la Ley<\/strong>!\u201d, tres miembros del gabinete legal est\u00e1n en campa\u00f1a pol\u00edtico-electoral abierta, por todo el Pa\u00eds.<\/p>\n<p>Uno de nuestros lectores en Saltillo, Coahuila, <strong>Marco Antonio Far\u00edas Vald\u00e9s<\/strong>, por escrito me formul\u00f3 varias preguntas en torno a las campa\u00f1as por la candidatura presidencial de Morena que realizan \u201clas corcholatas destapadas\u201d en Palacio Nacional.<\/p>\n<p>Los fines de semana los funcionarios, nombrados por el tabasque\u00f1o, abandonan sus obligaciones, aducen que solicitan \u201cpermiso sin goce de sueldo\u201d y los asuntos quedan en suspenso de tr\u00e1mite, porque los segundones no pueden resolverlos.<\/p>\n<p>La primera interrogante: \u00bf<strong>Estamos en tiempos electorales para que los aspirantes busquen la Presidencia de la Rep\u00fablica<\/strong>? Inmediata respuesta, que no requiere ser conocedor de la legislaci\u00f3n en esta materia: \u201c\u00a1<strong>No!, las campa\u00f1as de los candidatos deben principiar en finales de 2023 y continuar en los primeros cinco meses de 2024<\/strong>\u201d.<\/p>\n<p>En el siglo pasado, \u201cel autoritarismo PRIista\u201d eleg\u00eda candidato presidencial entre septiembre y noviembre del a\u00f1o anterior a las elecciones. Por supuesto rifaban \u201cel dedazo y la bendici\u00f3n\u201d dl n\u00famero uno, como suceder\u00e1, en su momento, con el morenista o la morenista. Imposible que el Presidente de M\u00e9xico se quede al margen de ese trascendental suceso.<\/p>\n<p>Desde <strong>L\u00e1zaro C\u00e1rdenas, <\/strong>en 1939, hasta <strong>Miguel de la <\/strong>Madrid, en 1987, se guardaban las leyes no escritas, y de Palacio Nacional sal\u00eda el visto bueno para la nominaci\u00f3n del sucesor. En 1993 el candidato el afortunado fue <strong>Luis Donaldo Colosio Murrieta<\/strong>, asesinado el 23 de marzo de 1994 en Lomas Taurinas, Baja ja California. El suplente result\u00f3 agraciado para llegar al cargo que jam\u00e1s pens\u00f3, no estaba preparado ni figuraba en la lista de aspirantes. Su nombramiento sali\u00f3 despu\u00e9s de \u201cuna junta de notables\u201d que impulso el marroqu\u00ed-mexicano <strong>Jos\u00e9 Mar\u00eda C\u00f3rdoba Montoya<\/strong>.<\/p>\n<p>Despu\u00e9s el saltillense Far\u00edas Vald\u00e9s que dice no ser militante partidista, escribi\u00f3: \u00bf<strong>Podr\u00eda decirme, si usted lo sabe, de d\u00f3nde sale el dinero para los recorridos que hacen los apodados \u201ccorcholatas\u201d, porque se requiere una buena suma de pesos para pagar a los acarreados, alimentaci\u00f3n pasajes y hospedaje? <\/strong><\/p>\n<p>La verdad no s\u00e9\u00a0 c\u00f3mo est\u00e1n costeando sus giras en busca del voto de los morenistas, porque desde luego que el Movimiento de Regeneraci\u00f3n Nacional, desde 2014 partido pol\u00edtico registrado con las siglas <strong>MORENA<\/strong>, pagar\u00e1 hasta que sea \u201celegido\u201d el posible sucesor del tabasque\u00f1o, hoy \u00a0domiciliado en un \u201dmodesto departamento\u201d de Palacio Nacional.<\/p>\n<p>Ese segundo planteamiento lleva a cuestionar a <strong>Marcelo Ebrard. Ad\u00e1n Augusto L\u00f3pez y a Claudia Sheinbaum<\/strong>, si tienen el suficiente capital para los gastos de los siguientes diez meses, de agosto del 22 al mayo de 2024.\u00a0 \u00bfTienen apoyos de particulares, permitidos por la legislaci\u00f3n electoral?, inquiere el saltillense Marco Antonio. Cada una de esas personas, es penoso que acepten ser llamadas \u201ccorcholatas\u201d, tiene un equipo de log\u00edstica que trabaja, viaja, come y duerme. \u00bfQui\u00e9n paga?<\/p>\n<p>De acuerdo con los eventos que celebrados en diferentes entidades, debe considerar que a los asistentes a los m\u00edtines tambi\u00e9n les ofrecen dinero y m\u00ednimo una bolsa \u201ctradicional\u201d con torta o s\u00e1ndwich, naranja o pl\u00e1tano, refresco o jugo y un chocolate. Las porras son de no menos de doscientas personas, sin contar a los menores siempre acompa\u00f1antes de pap\u00e1 y de mam\u00e1.<\/p>\n<p>Se distribuyen playeras con el logotipo de Morena, la foto del \u201c<strong>candidato a candidato<\/strong>\u201d, el nombre del presunto, gorras, pa\u00f1oletas y todo lo que se le pueda ocurrir al equipo de trabajo. \u00bfCu\u00e1ntos miles de miles de pesos se tienen que pagar?<\/p>\n<p>En el presupuesto debe considerarse el costo de la transportaci\u00f3n, avi\u00f3n o autob\u00fas, seg\u00fan la distancia. Pero hay quienes, como el Secretario de Gobernaci\u00f3n llega a Colima y terminando su visita sale para Canc\u00fan. Hacen de dos o tres viajes en unas pocas horas. No pernoctan en un hotel de dos o tres estrellas. Tampoco van a las fondas o a comer en el mercado.<\/p>\n<p>Una tercera duda del se\u00f1or Far\u00edas Vald\u00e9s, m\u00e1s que pregunta. \u201cEn estos d\u00edas, en los fines de semana, <strong>no se oye que presenten un programa de soluciones a los problemas nacionales\u201d<\/strong>. Comentario al canto. Los cuatro que buscan el voto interno, no deben hablar como candidatos oficiales. Interrumpo, <strong>\u00bfQui\u00e9n es el cuarto en campa\u00f1a<\/strong>? No lo olvidaba, pero el cuarteto se complet\u00f3 cuando ya saben qui\u00e9n decidi\u00f3 que \u201cinvitaran\u201d al mitin de Coahuila, al zacatecano <strong>Ricardo Monreal \u00c1vila<\/strong>, l\u00edder de la bancada morenista en el Senado. Precisamente a ese acto de proselitismo, fue al que asisti\u00f3 nuestro interlocutor. Ah\u00ed Monreal pronunci\u00f3 su primer discurso y llam\u00f3 a sus correligionarios a la unidad partidista. Es fin de semana el senador zacatecano se excluy\u00f3 de la reuni\u00f3n nacional morenista para nombrar consejeros electorales.<\/p>\n<p>Con estos acontecimientos, cuya culminaci\u00f3n, dicen, ser\u00e1 una encuesta nacional para designar \u201cal bueno\u201d. Sabemos que las \u201cconsultas populares\u201d son idea del Presidente de M\u00e9xico, pero, creo estar de acuerdo con la mayor\u00eda de los mexicanos, el de Tabasco impondr\u00e1 a quien le d\u00e9 su gana, porque para sus adentros dir\u00e1, \u201c<strong>me canso ganso<\/strong>\u201d.<\/p>\n<p><strong>NO SE RESPETARON LOS TIEMPOS<\/strong><\/p>\n<p>La campa\u00f1a pol\u00edtica electoral permanente del tabasque\u00f1o sigue imponiendo nuevas reglas. La legislaci\u00f3n electoral no pod\u00eda ser la excepci\u00f3n en cuanto a que los funcionarios gubernamentales la hagan a un lado, violen los art\u00edculos que fueron aprobados por el Congreso de la Uni\u00f3n.\u00a0 Ese es otro de los cap\u00edtulos que confirman a los morenistas como cumplidores de su lema \u201cJuntos Haremos Historia\u201d.<\/p>\n<p>Es com\u00fan escuchar a la gente cuando manifiesta \u201cahora estamos peor que con los PRIistas\u201d. En el siglo pasado se respetaban los calendarios para las elecciones federales, estatales y municipales. La pol\u00edtica no escrita era de \u201ctodo en su tiempo, todo en su momento\u201d. Recuerdo al chiapaneco <strong>Jorge de la Vega Dom\u00ednguez <\/strong>y al tuxpe\u00f1o veracruzano <strong>Jes\u00fas Reyes Heroles<\/strong>, en su \u00e9poca de dirigentes nacionales del partido, manejaban el \u201cni antes, ni despu\u00e9s, todo tiene un tiempo\u201d.<\/p>\n<p>Hab\u00eda una explicaci\u00f3n, no justificaci\u00f3n. Adelantar las precampa\u00f1as o abrir las puertas a una campa\u00f1a fuera de tiempo, representaban movimientos riesgosos en la econom\u00eda. Frenaban las actividades donde estaban los aspirantes a un cargo. Don <strong>Adolfo Ruiz Cortines, <\/strong>el ajedrecista de la pol\u00edtica, se\u00f1alaba con mucha objetividad, los pasos a seguir por los aspirantes a un cargo. Apuntaba hacia las puertas que deb\u00edan de ser tocadas y \u00a0en principio obtener el apoyo de cuando menos uno de los sectores PRIistas. Se guardaban formas, se dec\u00eda que obreros, campesinos y sector popular eran los nominadores del candidato.<\/p>\n<p>El candidato presidencial y los candidatos a senadores titulares (64 en ese entonces) eran \u201cpalomeados\u201d por el hombre que despachaba en Palacio Nacional. \u00a0Los gobernadores correspond\u00eda \u201cel derecho\u201d de seleccionar a los diputados locales. <strong>Los presidentes municipales deber\u00edan salir del pueblo, por ser la autoridad responsable de atender, personalmente, al pueblo<\/strong>, era el pensamiento de Ruiz Cortines.<\/p>\n<p>La apertura democr\u00e1tica, \u00a0la alternancia del poder, as\u00ed como el arribo de un presidente que toma decisiones unipersonales, que no admite asesor\u00eda y que la dirigencia de su partido no cuenta para \u00e9l, cambiaron las reglas no escritas y borraron todos los antecedentes.<\/p>\n<p>Con injustificada anticipaci\u00f3n, en este sexenio, desde Palacio Nacional se anunci\u00f3 que \u201cya no habr\u00eda tapados\u201d, refiri\u00e9ndose el tabasque\u00f1o a quien lo suceder\u00e1. Se autonombr\u00f3 \u201cdestapador\u201d y dio nombres de tres funcionarios llam\u00e1ndolos \u201c<strong>corcholatas<\/strong>\u201d.<\/p>\n<p><strong>PREGUNTA PARA MEDITAR:<\/strong><\/p>\n<p>\u00bfEste fin de semana veremos que las \u201ccorcholatas\u201d practican la pobreza franciscana?<\/p>\n<p><strong>EL SISMO DE HACE 65 A\u00d1OS<\/strong><\/p>\n<p>La madrugada del domingo 28 de julio de 1957 a los habitantes, del entonces pac\u00edfico y seguro Distrito Federal, un sismo de7.7 grados en la Escala de Mercalli, los despert\u00f3 e hizo que abandonaran sus camas. Muchos no lograron escaparse de quedar atrapados entre los escombros, como ocurri\u00f3 en el edificio de Frontera y \u00c1lvaro Obreg\u00f3n, la Colonia Roma.<\/p>\n<p>Recordamos tres eventos de ese suceso, registrado cuando faltaban 20 minutos para las tres de la ma\u00f1ana. Se vino a tierra el monumento de la Victoria Alada, m\u00e1s conocida como el \u00c1ngel de la Independencia, el icono de la Ciudad de M\u00e9xico, la Columna de la Independencia. Fue restaurado el monumento de 7 metros de altura y colocado en septiembre de 1958.<\/p>\n<p>La Torre Latinoamericana, ubicada en la c\u00e9ntrica esquina de San Juan de Letr\u00e1n (hoy Eje Central L\u00e1zaro C\u00e1rdenas) y Avenida Madero, pas\u00f3 su primera prueba de fuego. No sufri\u00f3 da\u00f1o alguno en sus 42 pisos y el reloj el\u00e9ctrico, instalado en la parte alta sigui\u00f3 funcionando, lamentablemente ese punto de referencia est\u00e1 apagado desde mucho tiempo. La Torre Latinoamericana soport\u00f3 ya los sismos de 1985, 2017 y 2019.<\/p>\n<p>Se inform\u00f3 que murieron 160 personas, 39 en el D.F. y el resto e diversos poblados de la Costa Chica de Guerrero y en la capital, Chilpancingo. Los da\u00f1os materiales sobrepasaron los 250 millones de pesos. Un dato m\u00e1s, la elefanta Judy, de un circo que estaba en Buenavista, escap\u00f3, enloqueci\u00f3 y la mataron a tiros.<\/p>\n<p><strong>NUEVA RIFA PRESIDENCIAL<\/strong><\/p>\n<p>Durante el programa televisivo \u201cLa Ma\u00f1anera\u201d que se transmite desde Palacio Nacional, el jueves el Presidente de M\u00e9xico anunci\u00f3 que el sorteo de la Loter\u00eda Nacional, del jueves 15 de Septiembre, \u00a0tendr\u00e1 como premios 8 \u201cmacrolotes\u201d en Playa Esp\u00edritu, Sinaloa, as\u00ed como se repartir\u00e1n 240 millones de pesos en premios de 5, 10, 15 y 20 millones. No se especific\u00f3 las dimensiones de cada \u201cmacrolote\u201d ni el correspondiente valor de ca uno. Esa superficie de 2,381 hect\u00e1reas, con 12 kil\u00f3metros de playa, fue propiedad del exgobernador <strong>Antonio Toledo Corro<\/strong>.<\/p>\n<p>En 2012 el gobierno de <strong>Felipe Calder\u00f3n <\/strong>compr\u00f3 Playa Esp\u00edritu, a trav\u00e9s del Fondo Nacional para el Fomento al Turismo, <strong>Fonatur<\/strong>. Toledo Corro muri\u00f3, a los 99 a\u00f1os de edad, en 2018.<\/p>\n<p>El dinero que se re\u00fana ser\u00e1 para apoyar la construcci\u00f3n de la Presa Santa Mar\u00eda, en el Sur de Sinaloa. Creo que ser\u00e1 en las inmediaciones de Escuinapa, precisamente donde naci\u00f3 el exsecretario de Reforma Agraria, Toledo Corro. En el proyecto se indica que la presa alimentar\u00e1 de agua potable a 400 mil familias y se generar\u00e1n 30,000 empleos. Habr\u00e1 riego para 24 mil hect\u00e1reas.<\/p>\n<p>Igual que en febrero de 2020, cuando se organiz\u00f3 la \u201crifa del avi\u00f3n residencial\u201d, el Presidente de M\u00e9xico invit\u00f3 atole, tamales de chipil\u00edn y pan tabasque\u00f1o, a 60 empresarios. Esto fue la noche del mi\u00e9rcoles y las mesas estuvieron en el Sal\u00f3n de la ex Tesorer\u00eda de la Federaci\u00f3n. L\u00f3pez D\u00f3riga en su noticiero del jueves present\u00f3 la hoja impresa que fue colocada, sobre la mesa, en el lugar de cada empresario.<\/p>\n<p>En ese documento se participaba, a los empresarios, que pod\u00edan hacer aportaciones de 20 millones de pesos en adelante y a cambio recibir\u00e1n billetes de la Loter\u00eda Nacional, siete d\u00edas despu\u00e9s de liquidar su \u201ccuota voluntaria\u201d. Cada \u201ccachito\u201d tendr\u00e1 un valor de 500 pesos y por lo pronto ya puede Usted reservar su dinerito para ganarse un \u201cmacrolote\u201d o una buena suma millonaria en efectivo.<\/p>\n<p><strong>P.D. <\/strong>Entendamos bien, si todos practicamos <strong>la pobreza franciscana<\/strong>, la clase media podr\u00e1 subsistir, cuando menos hasta el 30 de Septiembre de 2024.<\/p>\n<p><strong>jherrerav@live.com.mx<\/strong><\/p>\n<p>&nbsp;<\/p>\n<p>&nbsp;<\/p>\n","protected":false},"excerpt":{"rendered":"<p>AYER, AUSTERIDAD REPUBLICANA HOY, POBREZA FRANCISCANA MA\u00d1ANA, MENDICIDAD INSTITUCIONAL Deber\u00eda de comentar sobre temas menos inoportunos, desagradables, trascendentes, costosos, negativos. Confiados en que su Jefe ha reiterado \u201c\u00a1nada de que la Ley es la Ley!\u201d, tres miembros del gabinete legal est\u00e1n en campa\u00f1a pol\u00edtico-electoral abierta, por todo el Pa\u00eds. Uno de nuestros lectores en Saltillo, [&hellip;]<\/p>\n","protected":false},"author":1,"featured_media":14156,"comment_status":"open","ping_status":"open","sticky":false,"template":"","format":"standard","meta":{"footnotes":""},"categories":[172],"tags":[],"class_list":["post"],"yoast_head":" \n<title>La Campa\u00f1a Presidencial Fuera de la Ley, \u00bfQui\u00e9n Paga? - Periodista SoledadDurazo.com<\/title>\n<meta name=\"robots\" content=\"index, follow, max-snippet:-1, max-image-preview:large, max-video-preview:-1\" \/>\n<link rel=\"canonical\" href=\"https:\/\/soledaddurazo.com\/blog\/2022\/08\/01\/la-campana-presidencial-fuera-de-la-ley-quien-paga\/\" \/>\n<meta property=\"og:locale\" content=\"es_MX\" \/>\n<meta property=\"og:type\" content=\"article\" \/>\n<meta property=\"og:title\" content=\"La Campa\u00f1a Presidencial Fuera de la Ley, \u00bfQui\u00e9n Paga?\" \/>\n<meta property=\"og:description\" content=\"AYER, AUSTERIDAD REPUBLICANA HOY, POBREZA FRANCISCANA MA\u00d1ANA, MENDICIDAD INSTITUCIONAL Deber\u00eda de comentar sobre temas menos inoportunos, desagradables, trascendentes, costosos, negativos. Confiados en que su Jefe ha reiterado \u201c\u00a1nada de que la Ley es la Ley!\u201d, tres miembros del gabinete legal est\u00e1n en campa\u00f1a pol\u00edtico-electoral abierta, por todo el Pa\u00eds. Uno de nuestros lectores en Saltillo, [&hellip;]\" \/>\n<meta property=\"og:url\" content=\"https:\/\/soledaddurazo.com\/blog\/2022\/08\/01\/la-campana-presidencial-fuera-de-la-ley-quien-paga\/\" \/>\n<meta property=\"og:site_name\" content=\"Periodista SoledadDurazo.com\" \/>\n<meta property=\"article:publisher\" content=\"https:\/\/www.facebook.com\/soledad.durazo.9\/\" \/>\n<meta property=\"article:published_time\" content=\"2022-08-02T06:34:59+00:00\" \/>\n<meta property=\"og:image\" content=\"https:\/\/soledaddurazo.com\/storage\/2022\/05\/JORGE-HERRERA-OK.jpg\" \/>\n\t<meta property=\"og:image:width\" content=\"857\" \/>\n\t<meta property=\"og:image:height\" content=\"1080\" \/>\n<meta name=\"twitter:card\" content=\"summary_large_image\" \/>\n<meta name=\"twitter:creator\" content=\"@SoledadDurazo\" \/>\n<meta name=\"twitter:site\" content=\"@SoledadDurazo\" \/>\n<meta name=\"twitter:label1\" content=\"Escrito por\" \/>\n\t<meta name=\"twitter:data1\" content=\"Redacci\u00f3n\" \/>\n\t<meta name=\"twitter:label2\" content=\"Tiempo de lectura\" \/>\n\t<meta name=\"twitter:data2\" content=\"9 minutos\" \/>\n<script type=\"application\/ld+json\" class=\"yoast-schema-graph\">{\"@context\":\"https:\/\/schema.org\",\"@graph\":[{\"@type\":\"Organization\",\"@id\":\"https:\/\/soledaddurazo.com\/#organization\",\"name\":\"Soledad Durazo\",\"url\":\"https:\/\/soledaddurazo.com\/\",\"sameAs\":[\"https:\/\/www.facebook.com\/soledad.durazo.9\/\",\"https:\/\/www.instagram.com\/soledaddurazo\",\"https:\/\/www.youtube.com\/channel\/UC9yGPw8-Vbl_B2XNkRwPS-w\",\"https:\/\/twitter.com\/SoledadDurazo\"],\"logo\":{\"@type\":\"ImageObject\",\"@id\":\"https:\/\/soledaddurazo.com\/#logo\",\"inLanguage\":\"es\",\"url\":\"https:\/\/soledaddurazo.com\/storage\/2021\/11\/nllp-720x375-1-2.png\",\"contentUrl\":\"https:\/\/soledaddurazo.com\/storage\/2021\/11\/nllp-720x375-1-2.png\",\"width\":720,\"height\":375,\"caption\":\"Soledad Durazo\"},\"image\":{\"@id\":\"https:\/\/soledaddurazo.com\/#logo\"}},{\"@type\":\"WebSite\",\"@id\":\"https:\/\/soledaddurazo.com\/#website\",\"url\":\"https:\/\/soledaddurazo.com\/\",\"name\":\"Periodista SoledadDurazo.com\",\"description\":\"Periodista sonorense. Directora de www.SoledadDurazo.com Columnista, conductora de radio y Tv. Catedr\\u00e1tica en la UNISON\",\"publisher\":{\"@id\":\"https:\/\/soledaddurazo.com\/#organization\"},\"potentialAction\":[{\"@type\":\"SearchAction\",\"target\":{\"@type\":\"EntryPoint\",\"urlTemplate\":\"https:\/\/soledaddurazo.com\/?s={search_term_string}\"},\"query-input\":\"required name=search_term_string\"}],\"inLanguage\":\"es\"},{\"@type\":\"ImageObject\",\"@id\":\"https:\/\/soledaddurazo.com\/blog\/2022\/08\/01\/la-campana-presidencial-fuera-de-la-ley-quien-paga\/#primaryimage\",\"inLanguage\":\"es\",\"url\":\"https:\/\/soledaddurazo.com\/storage\/2022\/05\/JORGE-HERRERA-OK.jpg\",\"contentUrl\":\"https:\/\/soledaddurazo.com\/storage\/2022\/05\/JORGE-HERRERA-OK.jpg\",\"width\":857,\"height\":1080},{\"@type\":\"WebPage\",\"@id\":\"https:\/\/soledaddurazo.com\/blog\/2022\/08\/01\/la-campana-presidencial-fuera-de-la-ley-quien-paga\/#webpage\",\"url\":\"https:\/\/soledaddurazo.com\/blog\/2022\/08\/01\/la-campana-presidencial-fuera-de-la-ley-quien-paga\/\",\"name\":\"La Campa\\u00f1a Presidencial Fuera de la Ley, \\u00bfQui\\u00e9n Paga? - Periodista SoledadDurazo.com\",\"isPartOf\":{\"@id\":\"https:\/\/soledaddurazo.com\/#website\"},\"primaryImageOfPage\":{\"@id\":\"https:\/\/soledaddurazo.com\/blog\/2022\/08\/01\/la-campana-presidencial-fuera-de-la-ley-quien-paga\/#primaryimage\"},\"datePublished\":\"2022-08-02T06:34:59+00:00\",\"dateModified\":\"2022-08-02T06:34:59+00:00\",\"breadcrumb\":{\"@id\":\"https:\/\/soledaddurazo.com\/blog\/2022\/08\/01\/la-campana-presidencial-fuera-de-la-ley-quien-paga\/#breadcrumb\"},\"inLanguage\":\"es\",\"potentialAction\":[{\"@type\":\"ReadAction\",\"target\":[\"https:\/\/soledaddurazo.com\/blog\/2022\/08\/01\/la-campana-presidencial-fuera-de-la-ley-quien-paga\/\"]}]},{\"@type\":\"BreadcrumbList\",\"@id\":\"https:\/\/soledaddurazo.com\/blog\/2022\/08\/01\/la-campana-presidencial-fuera-de-la-ley-quien-paga\/#breadcrumb\",\"itemListElement\":[{\"@type\":\"ListItem\",\"position\":1,\"name\":\"Home\",\"item\":\"https:\/\/soledaddurazo.com\/\"},{\"@type\":\"ListItem\",\"position\":2,\"name\":\"La Campa\\u00f1a Presidencial Fuera de la Ley, \\u00bfQui\\u00e9n Paga?\"}]},{\"@type\":\"Article\",\"@id\":\"https:\/\/soledaddurazo.com\/blog\/2022\/08\/01\/la-campana-presidencial-fuera-de-la-ley-quien-paga\/#article\",\"isPartOf\":{\"@id\":\"https:\/\/soledaddurazo.com\/blog\/2022\/08\/01\/la-campana-presidencial-fuera-de-la-ley-quien-paga\/#webpage\"},\"author\":{\"@id\":\"https:\/\/soledaddurazo.com\/#\/schema\/person\/822d8e13aa288585e6546f179853758b\"},\"headline\":\"La Campa\\u00f1a Presidencial Fuera de la Ley, \\u00bfQui\\u00e9n Paga?\",\"datePublished\":\"2022-08-02T06:34:59+00:00\",\"dateModified\":\"2022-08-02T06:34:59+00:00\",\"mainEntityOfPage\":{\"@id\":\"https:\/\/soledaddurazo.com\/blog\/2022\/08\/01\/la-campana-presidencial-fuera-de-la-ley-quien-paga\/#webpage\"},\"wordCount\":1964,\"commentCount\":0,\"publisher\":{\"@id\":\"https:\/\/soledaddurazo.com\/#organization\"},\"image\":{\"@id\":\"https:\/\/soledaddurazo.com\/blog\/2022\/08\/01\/la-campana-presidencial-fuera-de-la-ley-quien-paga\/#primaryimage\"},\"thumbnailUrl\":\"https:\/\/soledaddurazo.com\/storage\/2022\/05\/JORGE-HERRERA-OK.jpg\",\"articleSection\":[\"Jorge Herrera\"],\"inLanguage\":\"es\",\"potentialAction\":[{\"@type\":\"CommentAction\",\"name\":\"Comment\",\"target\":[\"https:\/\/soledaddurazo.com\/blog\/2022\/08\/01\/la-campana-presidencial-fuera-de-la-ley-quien-paga\/#respond\"]}]},{\"@type\":\"Person\",\"@id\":\"https:\/\/soledaddurazo.com\/#\/schema\/person\/822d8e13aa288585e6546f179853758b\",\"name\":\"Redacci\\u00f3n\",\"image\":{\"@type\":\"ImageObject\",\"@id\":\"https:\/\/soledaddurazo.com\/#personlogo\",\"inLanguage\":\"es\",\"url\":\"https:\/\/secure.gravatar.com\/avatar\/c4e193752f756fd61f04deebed3a3a20dc188d37edb53682d313ac57f2725d54?s=96&d=mm&r=g\",\"contentUrl\":\"https:\/\/secure.gravatar.com\/avatar\/c4e193752f756fd61f04deebed3a3a20dc188d37edb53682d313ac57f2725d54?s=96&d=mm&r=g\",\"caption\":\"Redacci\\u00f3n\"},\"sameAs\":[\"https:\/\/soledaddurazo.com\"]}]}<\/script>\n ","yoast_head_json":{"title":"La Campa\u00f1a Presidencial Fuera de la Ley, \u00bfQui\u00e9n Paga? - Periodista SoledadDurazo.com","robots":{"index":"index","follow":"follow","max-snippet":"max-snippet:-1","max-image-preview":"max-image-preview:large","max-video-preview":"max-video-preview:-1"},"canonical":"https:\/\/soledaddurazo.com\/blog\/2022\/08\/01\/la-campana-presidencial-fuera-de-la-ley-quien-paga\/","og_locale":"es_MX","og_type":"article","og_title":"La Campa\u00f1a Presidencial Fuera de la Ley, \u00bfQui\u00e9n Paga?","og_description":"AYER, AUSTERIDAD REPUBLICANA HOY, POBREZA FRANCISCANA MA\u00d1ANA, MENDICIDAD INSTITUCIONAL Deber\u00eda de comentar sobre temas menos inoportunos, desagradables, trascendentes, costosos, negativos. Confiados en que su Jefe ha reiterado \u201c\u00a1nada de que la Ley es la Ley!\u201d, tres miembros del gabinete legal est\u00e1n en campa\u00f1a pol\u00edtico-electoral abierta, por todo el Pa\u00eds. Uno de nuestros lectores en Saltillo, [&hellip;]","og_url":"https:\/\/soledaddurazo.com\/blog\/2022\/08\/01\/la-campana-presidencial-fuera-de-la-ley-quien-paga\/","og_site_name":"Periodista SoledadDurazo.com","article_publisher":"https:\/\/www.facebook.com\/soledad.durazo.9\/","article_published_time":"2022-08-02T06:34:59+00:00","og_image":[{"width":857,"height":1080,"url":"https:\/\/soledaddurazo.com\/storage\/2022\/05\/JORGE-HERRERA-OK.jpg","type":"image\/jpeg"}],"twitter_card":"summary_large_image","twitter_creator":"@SoledadDurazo","twitter_site":"@SoledadDurazo","twitter_misc":{"Escrito por":"Redacci\u00f3n","Tiempo de lectura":"9 minutos"},"schema":{"@context":"https:\/\/schema.org","@graph":[{"@type":"Organization","@id":"https:\/\/soledaddurazo.com\/#organization","name":"Soledad Durazo","url":"https:\/\/soledaddurazo.com\/","sameAs":["https:\/\/www.facebook.com\/soledad.durazo.9\/","https:\/\/www.instagram.com\/soledaddurazo","https:\/\/www.youtube.com\/channel\/UC9yGPw8-Vbl_B2XNkRwPS-w","https:\/\/twitter.com\/SoledadDurazo"],"logo":{"@type":"ImageObject","@id":"https:\/\/soledaddurazo.com\/#logo","inLanguage":"es","url":"https:\/\/soledaddurazo.com\/storage\/2021\/11\/nllp-720x375-1-2.png","contentUrl":"https:\/\/soledaddurazo.com\/storage\/2021\/11\/nllp-720x375-1-2.png","width":720,"height":375,"caption":"Soledad Durazo"},"image":{"@id":"https:\/\/soledaddurazo.com\/#logo"}},{"@type":"WebSite","@id":"https:\/\/soledaddurazo.com\/#website","url":"https:\/\/soledaddurazo.com\/","name":"Periodista SoledadDurazo.com","description":"Periodista sonorense. Directora de www.SoledadDurazo.com Columnista, conductora de radio y Tv. Catedr\u00e1tica en la UNISON","publisher":{"@id":"https:\/\/soledaddurazo.com\/#organization"},"potentialAction":[{"@type":"SearchAction","target":{"@type":"EntryPoint","urlTemplate":"https:\/\/soledaddurazo.com\/?s={search_term_string}"},"query-input":"required name=search_term_string"}],"inLanguage":"es"},{"@type":"ImageObject","@id":"https:\/\/soledaddurazo.com\/blog\/2022\/08\/01\/la-campana-presidencial-fuera-de-la-ley-quien-paga\/#primaryimage","inLanguage":"es","url":"https:\/\/soledaddurazo.com\/storage\/2022\/05\/JORGE-HERRERA-OK.jpg","contentUrl":"https:\/\/soledaddurazo.com\/storage\/2022\/05\/JORGE-HERRERA-OK.jpg","width":857,"height":1080},{"@type":"WebPage","@id":"https:\/\/soledaddurazo.com\/blog\/2022\/08\/01\/la-campana-presidencial-fuera-de-la-ley-quien-paga\/#webpage","url":"https:\/\/soledaddurazo.com\/blog\/2022\/08\/01\/la-campana-presidencial-fuera-de-la-ley-quien-paga\/","name":"La Campa\u00f1a Presidencial Fuera de la Ley, \u00bfQui\u00e9n Paga? - Periodista SoledadDurazo.com","isPartOf":{"@id":"https:\/\/soledaddurazo.com\/#website"},"primaryImageOfPage":{"@id":"https:\/\/soledaddurazo.com\/blog\/2022\/08\/01\/la-campana-presidencial-fuera-de-la-ley-quien-paga\/#primaryimage"},"datePublished":"2022-08-02T06:34:59+00:00","dateModified":"2022-08-02T06:34:59+00:00","breadcrumb":{"@id":"https:\/\/soledaddurazo.com\/blog\/2022\/08\/01\/la-campana-presidencial-fuera-de-la-ley-quien-paga\/#breadcrumb"},"inLanguage":"es","potentialAction":[{"@type":"ReadAction","target":["https:\/\/soledaddurazo.com\/blog\/2022\/08\/01\/la-campana-presidencial-fuera-de-la-ley-quien-paga\/"]}]},{"@type":"BreadcrumbList","@id":"https:\/\/soledaddurazo.com\/blog\/2022\/08\/01\/la-campana-presidencial-fuera-de-la-ley-quien-paga\/#breadcrumb","itemListElement":[{"@type":"ListItem","position":1,"name":"Home","item":"https:\/\/soledaddurazo.com\/"},{"@type":"ListItem","position":2,"name":"La Campa\u00f1a Presidencial Fuera de la Ley, \u00bfQui\u00e9n Paga?"}]},{"@type":"Article","@id":"https:\/\/soledaddurazo.com\/blog\/2022\/08\/01\/la-campana-presidencial-fuera-de-la-ley-quien-paga\/#article","isPartOf":{"@id":"https:\/\/soledaddurazo.com\/blog\/2022\/08\/01\/la-campana-presidencial-fuera-de-la-ley-quien-paga\/#webpage"},"author":{"@id":"https:\/\/soledaddurazo.com\/#\/schema\/person\/822d8e13aa288585e6546f179853758b"},"headline":"La Campa\u00f1a Presidencial Fuera de la Ley, \u00bfQui\u00e9n Paga?","datePublished":"2022-08-02T06:34:59+00:00","dateModified":"2022-08-02T06:34:59+00:00","mainEntityOfPage":{"@id":"https:\/\/soledaddurazo.com\/blog\/2022\/08\/01\/la-campana-presidencial-fuera-de-la-ley-quien-paga\/#webpage"},"wordCount":1964,"commentCount":0,"publisher":{"@id":"https:\/\/soledaddurazo.com\/#organization"},"image":{"@id":"https:\/\/soledaddurazo.com\/blog\/2022\/08\/01\/la-campana-presidencial-fuera-de-la-ley-quien-paga\/#primaryimage"},"thumbnailUrl":"https:\/\/soledaddurazo.com\/storage\/2022\/05\/JORGE-HERRERA-OK.jpg","articleSection":["Jorge Herrera"],"inLanguage":"es","potentialAction":[{"@type":"CommentAction","name":"Comment","target":["https:\/\/soledaddurazo.com\/blog\/2022\/08\/01\/la-campana-presidencial-fuera-de-la-ley-quien-paga\/#respond"]}]},{"@type":"Person","@id":"https:\/\/soledaddurazo.com\/#\/schema\/person\/822d8e13aa288585e6546f179853758b","name":"Redacci\u00f3n","image":{"@type":"ImageObject","@id":"https:\/\/soledaddurazo.com\/#personlogo","inLanguage":"es","url":"https:\/\/secure.gravatar.com\/avatar\/c4e193752f756fd61f04deebed3a3a20dc188d37edb53682d313ac57f2725d54?s=96&d=mm&r=g","contentUrl":"https:\/\/secure.gravatar.com\/avatar\/c4e193752f756fd61f04deebed3a3a20dc188d37edb53682d313ac57f2725d54?s=96&d=mm&r=g","caption":"Redacci\u00f3n"},"sameAs":["https:\/\/soledaddurazo.com"]}]}},"_links":{"self":[{"href":"https:\/\/soledaddurazo.com\/api\/wp\/v2\/posts\/14866","targetHints":{"allow":["GET"]}}],"collection":[{"href":"https:\/\/soledaddurazo.com\/api\/wp\/v2\/posts"}],"about":[{"href":"https:\/\/soledaddurazo.com\/api\/wp\/v2\/types\/post"}],"author":[{"embeddable":true,"href":"https:\/\/soledaddurazo.com\/api\/wp\/v2\/users\/1"}],"replies":[{"embeddable":true,"href":"https:\/\/soledaddurazo.com\/api\/wp\/v2\/comments?post=14866"}],"version-history":[{"count":1,"href":"https:\/\/soledaddurazo.com\/api\/wp\/v2\/posts\/14866\/revisions"}],"predecessor-version":[{"id":14867,"href":"https:\/\/soledaddurazo.com\/api\/wp\/v2\/posts\/14866\/revisions\/14867"}],"wp:featuredmedia":[{"embeddable":true,"href":"https:\/\/soledaddurazo.com\/api\/wp\/v2\/media\/14156"}],"wp:attachment":[{"href":"https:\/\/soledaddurazo.com\/api\/wp\/v2\/media?parent=14866"}],"wp:term":[{"taxonomy":"category","embeddable":true,"href":"https:\/\/soledaddurazo.com\/api\/wp\/v2\/categories?post=14866"},{"taxonomy":"post_tag","embeddable":true,"href":"https:\/\/soledaddurazo.com\/api\/wp\/v2\/tags?post=14866"}],"curies":[{"name":"wp","href":"https:\/\/api.w.org\/{rel}","templated":true}]}}