{"id":14636,"date":"2022-07-05T15:51:10","date_gmt":"2022-07-05T22:51:10","guid":{"rendered":"https:\/\/soledaddurazo.com\/?p=14636"},"modified":"2022-07-05T15:51:10","modified_gmt":"2022-07-05T22:51:10","slug":"atun-a-la-vizcaina-2","status":"publish","type":"post","link":"https:\/\/soledaddurazo.com\/blog\/2022\/07\/05\/atun-a-la-vizcaina-2\/","title":{"rendered":"At\u00fan a la Vizca\u00edna"},"content":{"rendered":"<h2 class=\"RecipeCopyIngredients-module--recipe-copy-ingredients__title--2oPZ8 recipe-copy-ingredients__title\">Ingredientes<\/h2>\n<div class=\"RecipeCopyIngredients-module--recipe-ingredients--2W9Ys recipe-ingredients\">\n<dl class=\"RecipeCopyIngredients-module--recipe-ingredients__group--1gPRi recipe-ingredients__group\">\n<dt class=\"RecipeCopyIngredients-module--recipe-ingredients__group-title--1Q8l3 recipe-ingredients__group-title\"><\/dt>\n<dd class=\"RecipeCopyIngredients-module--recipe-ingredients__group-item--1zB9J recipe-ingredients__group-item\">2 cucharadas de aceite de oliva<\/dd>\n<dd class=\"RecipeCopyIngredients-module--recipe-ingredients__group-item--1zB9J recipe-ingredients__group-item\">1\/2 cebolla finamente picada<\/dd>\n<dd class=\"RecipeCopyIngredients-module--recipe-ingredients__group-item--1zB9J recipe-ingredients__group-item\">2 dientes de ajo finamente picados<\/dd>\n<dd class=\"RecipeCopyIngredients-module--recipe-ingredients__group-item--1zB9J recipe-ingredients__group-item\">800 gramos de jitomate saladet cortado en cubos<\/dd>\n<dd class=\"RecipeCopyIngredients-module--recipe-ingredients__group-item--1zB9J recipe-ingredients__group-item\">2 latas de at\u00fan en agua drenadas<\/dd>\n<dd class=\"RecipeCopyIngredients-module--recipe-ingredients__group-item--1zB9J recipe-ingredients__group-item\">4 cucharadas de perejil liso finamente picado<\/dd>\n<dd class=\"RecipeCopyIngredients-module--recipe-ingredients__group-item--1zB9J recipe-ingredients__group-item\">1 papa cocida al dente y cortado en cubos<\/dd>\n<dd class=\"RecipeCopyIngredients-module--recipe-ingredients__group-item--1zB9J recipe-ingredients__group-item\">1\/2 taza de aceitunas negras sin hueso y rebanadas<\/dd>\n<dd class=\"RecipeCopyIngredients-module--recipe-ingredients__group-item--1zB9J recipe-ingredients__group-item\">1\/2 taza de alcaparras<\/dd>\n<dd class=\"RecipeCopyIngredients-module--recipe-ingredients__group-item--1zB9J recipe-ingredients__group-item\">3 chiles g\u00fceros<\/dd>\n<dd class=\"RecipeCopyIngredients-module--recipe-ingredients__group-item--1zB9J recipe-ingredients__group-item\">3 cucharadas de Knorr\u00ae Tomate Deshidratado<\/dd>\n<dd class=\"RecipeCopyIngredients-module--recipe-ingredients__group-item--1zB9J recipe-ingredients__group-item\">1\/4 de taza de agua<\/dd>\n<dd class=\"RecipeCopyIngredients-module--recipe-ingredients__group-item--1zB9J recipe-ingredients__group-item\">1 cucharadita de Knorr\u00ae Caldo de Camar\u00f3n<\/dd>\n<\/dl>\n<h2 class=\"RecipeCookingMethod-module--recipe-cooking-method__title--1oUi5 recipe-cooking-method__title\">M\u00e9todo de preparaci\u00f3n<\/h2>\n<div class=\"RecipeCookingMethod-module--cooking-methods--ZwqZ_ cooking-methods\">\n<dl class=\"RecipeCookingMethod-module--cooking-methods__group--weVnm cooking-methods__group\">\n<dd class=\"RecipeCookingMethod-module--cooking-methods__group-item--Tz89s cooking-methods__group-item\"><span class=\"RecipeCookingMethod-module--cooking-methods__group-item-counter--3-ubf cooking-methods__group-item-counter\" aria-label=\"1\u00ba passo\">1<\/span>En una sart\u00e9n de paredes altas calentar el aceite de oliva y saltear la cebolla y el ajo hasta dorar ligeramente.<\/dd>\n<dd class=\"RecipeCookingMethod-module--cooking-methods__group-item--Tz89s cooking-methods__group-item\"><span class=\"RecipeCookingMethod-module--cooking-methods__group-item-counter--3-ubf cooking-methods__group-item-counter\" aria-label=\"2\u00ba passo\">2<\/span>Uuna vez perfumado el aceite, agregar el jitomate. Cocinar 5 minutos a fuego alto.<\/dd>\n<dd class=\"RecipeCookingMethod-module--cooking-methods__group-item--Tz89s cooking-methods__group-item\"><span class=\"RecipeCookingMethod-module--cooking-methods__group-item-counter--3-ubf cooking-methods__group-item-counter\" aria-label=\"3\u00ba passo\">3<\/span>Agregar el at\u00fan, perejil, papa, aceitunas, alcaparras y chiles g\u00fceros. Cocinar por 3 minutos m\u00e1s.<\/dd>\n<dd class=\"RecipeCookingMethod-module--cooking-methods__group-item--Tz89s cooking-methods__group-item\"><span class=\"RecipeCookingMethod-module--cooking-methods__group-item-counter--3-ubf cooking-methods__group-item-counter\" aria-label=\"4\u00ba passo\">4<\/span>Disolver el Knorr\u00ae Tomate Deshidratado en el agua y combinarlo con la mezcla de at\u00fan. Mover a fuego alto hasta obtener la consistencia deseada.<\/dd>\n<dd class=\"RecipeCookingMethod-module--cooking-methods__group-item--Tz89s cooking-methods__group-item\"><span class=\"RecipeCookingMethod-module--cooking-methods__group-item-counter--3-ubf cooking-methods__group-item-counter\" aria-label=\"5\u00ba passo\">5<\/span>Sazonar con Knorr\u00ae Caldo de camar\u00f3n y reducir el fuego. Mover espor\u00e1dicamente la mezcla para incorporar los ingredientes. \u00a1A disfrutar!<\/dd>\n<dd><\/dd>\n<\/dl>\n<\/div>\n<\/div>\n","protected":false},"excerpt":{"rendered":"<p>Ingredientes 2 cucharadas de aceite de oliva 1\/2 cebolla finamente picada 2 dientes de ajo finamente picados 800 gramos de jitomate saladet cortado en cubos 2 latas de at\u00fan en agua drenadas 4 cucharadas de perejil liso finamente picado 1 papa cocida al dente y cortado en cubos 1\/2 taza de aceitunas negras sin hueso [&hellip;]<\/p>\n","protected":false},"author":1,"featured_media":14637,"comment_status":"open","ping_status":"open","sticky":false,"template":"","format":"standard","meta":{"footnotes":""},"categories":[158],"tags":[],"class_list":["post"],"yoast_head":" \n<title>At\u00fan a la Vizca\u00edna - Periodista SoledadDurazo.com<\/title>\n<meta name=\"robots\" content=\"index, follow, max-snippet:-1, max-image-preview:large, max-video-preview:-1\" \/>\n<link rel=\"canonical\" href=\"https:\/\/soledaddurazo.com\/blog\/2022\/07\/05\/atun-a-la-vizcaina-2\/\" \/>\n<meta property=\"og:locale\" content=\"es_MX\" \/>\n<meta property=\"og:type\" content=\"article\" \/>\n<meta property=\"og:title\" content=\"At\u00fan a la Vizca\u00edna\" \/>\n<meta property=\"og:description\" content=\"Ingredientes 2 cucharadas de aceite de oliva 1\/2 cebolla finamente picada 2 dientes de ajo finamente picados 800 gramos de jitomate saladet cortado en cubos 2 latas de at\u00fan en agua drenadas 4 cucharadas de perejil liso finamente picado 1 papa cocida al dente y cortado en cubos 1\/2 taza de aceitunas negras sin hueso [&hellip;]\" \/>\n<meta property=\"og:url\" content=\"https:\/\/soledaddurazo.com\/blog\/2022\/07\/05\/atun-a-la-vizcaina-2\/\" \/>\n<meta property=\"og:site_name\" content=\"Periodista SoledadDurazo.com\" \/>\n<meta property=\"article:publisher\" content=\"https:\/\/www.facebook.com\/soledad.durazo.9\/\" \/>\n<meta property=\"article:published_time\" content=\"2022-07-05T22:51:10+00:00\" \/>\n<meta property=\"og:image\" content=\"https:\/\/soledaddurazo.com\/storage\/2022\/07\/ATUN.jpg\" \/>\n\t<meta property=\"og:image:width\" content=\"1920\" \/>\n\t<meta property=\"og:image:height\" content=\"1080\" \/>\n<meta name=\"twitter:card\" content=\"summary_large_image\" \/>\n<meta name=\"twitter:creator\" content=\"@SoledadDurazo\" \/>\n<meta name=\"twitter:site\" content=\"@SoledadDurazo\" \/>\n<meta name=\"twitter:label1\" content=\"Escrito por\" \/>\n\t<meta name=\"twitter:data1\" content=\"Redacci\u00f3n\" \/>\n\t<meta name=\"twitter:label2\" content=\"Tiempo de lectura\" \/>\n\t<meta name=\"twitter:data2\" content=\"1 minuto\" \/>\n<script type=\"application\/ld+json\" class=\"yoast-schema-graph\">{\"@context\":\"https:\/\/schema.org\",\"@graph\":[{\"@type\":\"Organization\",\"@id\":\"https:\/\/soledaddurazo.com\/#organization\",\"name\":\"Soledad Durazo\",\"url\":\"https:\/\/soledaddurazo.com\/\",\"sameAs\":[\"https:\/\/www.facebook.com\/soledad.durazo.9\/\",\"https:\/\/www.instagram.com\/soledaddurazo\",\"https:\/\/www.youtube.com\/channel\/UC9yGPw8-Vbl_B2XNkRwPS-w\",\"https:\/\/twitter.com\/SoledadDurazo\"],\"logo\":{\"@type\":\"ImageObject\",\"@id\":\"https:\/\/soledaddurazo.com\/#logo\",\"inLanguage\":\"es\",\"url\":\"https:\/\/soledaddurazo.com\/storage\/2021\/11\/nllp-720x375-1-2.png\",\"contentUrl\":\"https:\/\/soledaddurazo.com\/storage\/2021\/11\/nllp-720x375-1-2.png\",\"width\":720,\"height\":375,\"caption\":\"Soledad Durazo\"},\"image\":{\"@id\":\"https:\/\/soledaddurazo.com\/#logo\"}},{\"@type\":\"WebSite\",\"@id\":\"https:\/\/soledaddurazo.com\/#website\",\"url\":\"https:\/\/soledaddurazo.com\/\",\"name\":\"Periodista SoledadDurazo.com\",\"description\":\"Periodista sonorense. Directora de www.SoledadDurazo.com Columnista, conductora de radio y Tv. Catedr\\u00e1tica en la UNISON\",\"publisher\":{\"@id\":\"https:\/\/soledaddurazo.com\/#organization\"},\"potentialAction\":[{\"@type\":\"SearchAction\",\"target\":{\"@type\":\"EntryPoint\",\"urlTemplate\":\"https:\/\/soledaddurazo.com\/?s={search_term_string}\"},\"query-input\":\"required name=search_term_string\"}],\"inLanguage\":\"es\"},{\"@type\":\"ImageObject\",\"@id\":\"https:\/\/soledaddurazo.com\/blog\/2022\/07\/05\/atun-a-la-vizcaina-2\/#primaryimage\",\"inLanguage\":\"es\",\"url\":\"https:\/\/soledaddurazo.com\/storage\/2022\/07\/ATUN.jpg\",\"contentUrl\":\"https:\/\/soledaddurazo.com\/storage\/2022\/07\/ATUN.jpg\",\"width\":1920,\"height\":1080},{\"@type\":\"WebPage\",\"@id\":\"https:\/\/soledaddurazo.com\/blog\/2022\/07\/05\/atun-a-la-vizcaina-2\/#webpage\",\"url\":\"https:\/\/soledaddurazo.com\/blog\/2022\/07\/05\/atun-a-la-vizcaina-2\/\",\"name\":\"At\\u00fan a la Vizca\\u00edna - Periodista SoledadDurazo.com\",\"isPartOf\":{\"@id\":\"https:\/\/soledaddurazo.com\/#website\"},\"primaryImageOfPage\":{\"@id\":\"https:\/\/soledaddurazo.com\/blog\/2022\/07\/05\/atun-a-la-vizcaina-2\/#primaryimage\"},\"datePublished\":\"2022-07-05T22:51:10+00:00\",\"dateModified\":\"2022-07-05T22:51:10+00:00\",\"breadcrumb\":{\"@id\":\"https:\/\/soledaddurazo.com\/blog\/2022\/07\/05\/atun-a-la-vizcaina-2\/#breadcrumb\"},\"inLanguage\":\"es\",\"potentialAction\":[{\"@type\":\"ReadAction\",\"target\":[\"https:\/\/soledaddurazo.com\/blog\/2022\/07\/05\/atun-a-la-vizcaina-2\/\"]}]},{\"@type\":\"BreadcrumbList\",\"@id\":\"https:\/\/soledaddurazo.com\/blog\/2022\/07\/05\/atun-a-la-vizcaina-2\/#breadcrumb\",\"itemListElement\":[{\"@type\":\"ListItem\",\"position\":1,\"name\":\"Home\",\"item\":\"https:\/\/soledaddurazo.com\/\"},{\"@type\":\"ListItem\",\"position\":2,\"name\":\"At\\u00fan a la Vizca\\u00edna\"}]},{\"@type\":\"Article\",\"@id\":\"https:\/\/soledaddurazo.com\/blog\/2022\/07\/05\/atun-a-la-vizcaina-2\/#article\",\"isPartOf\":{\"@id\":\"https:\/\/soledaddurazo.com\/blog\/2022\/07\/05\/atun-a-la-vizcaina-2\/#webpage\"},\"author\":{\"@id\":\"https:\/\/soledaddurazo.com\/#\/schema\/person\/822d8e13aa288585e6546f179853758b\"},\"headline\":\"At\\u00fan a la Vizca\\u00edna\",\"datePublished\":\"2022-07-05T22:51:10+00:00\",\"dateModified\":\"2022-07-05T22:51:10+00:00\",\"mainEntityOfPage\":{\"@id\":\"https:\/\/soledaddurazo.com\/blog\/2022\/07\/05\/atun-a-la-vizcaina-2\/#webpage\"},\"wordCount\":182,\"commentCount\":0,\"publisher\":{\"@id\":\"https:\/\/soledaddurazo.com\/#organization\"},\"image\":{\"@id\":\"https:\/\/soledaddurazo.com\/blog\/2022\/07\/05\/atun-a-la-vizcaina-2\/#primaryimage\"},\"thumbnailUrl\":\"https:\/\/soledaddurazo.com\/storage\/2022\/07\/ATUN.jpg\",\"articleSection\":[\"La receta de...\"],\"inLanguage\":\"es\",\"potentialAction\":[{\"@type\":\"CommentAction\",\"name\":\"Comment\",\"target\":[\"https:\/\/soledaddurazo.com\/blog\/2022\/07\/05\/atun-a-la-vizcaina-2\/#respond\"]}]},{\"@type\":\"Person\",\"@id\":\"https:\/\/soledaddurazo.com\/#\/schema\/person\/822d8e13aa288585e6546f179853758b\",\"name\":\"Redacci\\u00f3n\",\"image\":{\"@type\":\"ImageObject\",\"@id\":\"https:\/\/soledaddurazo.com\/#personlogo\",\"inLanguage\":\"es\",\"url\":\"https:\/\/secure.gravatar.com\/avatar\/c4e193752f756fd61f04deebed3a3a20dc188d37edb53682d313ac57f2725d54?s=96&d=mm&r=g\",\"contentUrl\":\"https:\/\/secure.gravatar.com\/avatar\/c4e193752f756fd61f04deebed3a3a20dc188d37edb53682d313ac57f2725d54?s=96&d=mm&r=g\",\"caption\":\"Redacci\\u00f3n\"},\"sameAs\":[\"https:\/\/soledaddurazo.com\"]}]}<\/script>\n ","yoast_head_json":{"title":"At\u00fan a la Vizca\u00edna - Periodista SoledadDurazo.com","robots":{"index":"index","follow":"follow","max-snippet":"max-snippet:-1","max-image-preview":"max-image-preview:large","max-video-preview":"max-video-preview:-1"},"canonical":"https:\/\/soledaddurazo.com\/blog\/2022\/07\/05\/atun-a-la-vizcaina-2\/","og_locale":"es_MX","og_type":"article","og_title":"At\u00fan a la Vizca\u00edna","og_description":"Ingredientes 2 cucharadas de aceite de oliva 1\/2 cebolla finamente picada 2 dientes de ajo finamente picados 800 gramos de jitomate saladet cortado en cubos 2 latas de at\u00fan en agua drenadas 4 cucharadas de perejil liso finamente picado 1 papa cocida al dente y cortado en cubos 1\/2 taza de aceitunas negras sin hueso [&hellip;]","og_url":"https:\/\/soledaddurazo.com\/blog\/2022\/07\/05\/atun-a-la-vizcaina-2\/","og_site_name":"Periodista SoledadDurazo.com","article_publisher":"https:\/\/www.facebook.com\/soledad.durazo.9\/","article_published_time":"2022-07-05T22:51:10+00:00","og_image":[{"width":1920,"height":1080,"url":"https:\/\/soledaddurazo.com\/storage\/2022\/07\/ATUN.jpg","type":"image\/jpeg"}],"twitter_card":"summary_large_image","twitter_creator":"@SoledadDurazo","twitter_site":"@SoledadDurazo","twitter_misc":{"Escrito por":"Redacci\u00f3n","Tiempo de lectura":"1 minuto"},"schema":{"@context":"https:\/\/schema.org","@graph":[{"@type":"Organization","@id":"https:\/\/soledaddurazo.com\/#organization","name":"Soledad Durazo","url":"https:\/\/soledaddurazo.com\/","sameAs":["https:\/\/www.facebook.com\/soledad.durazo.9\/","https:\/\/www.instagram.com\/soledaddurazo","https:\/\/www.youtube.com\/channel\/UC9yGPw8-Vbl_B2XNkRwPS-w","https:\/\/twitter.com\/SoledadDurazo"],"logo":{"@type":"ImageObject","@id":"https:\/\/soledaddurazo.com\/#logo","inLanguage":"es","url":"https:\/\/soledaddurazo.com\/storage\/2021\/11\/nllp-720x375-1-2.png","contentUrl":"https:\/\/soledaddurazo.com\/storage\/2021\/11\/nllp-720x375-1-2.png","width":720,"height":375,"caption":"Soledad Durazo"},"image":{"@id":"https:\/\/soledaddurazo.com\/#logo"}},{"@type":"WebSite","@id":"https:\/\/soledaddurazo.com\/#website","url":"https:\/\/soledaddurazo.com\/","name":"Periodista SoledadDurazo.com","description":"Periodista sonorense. Directora de www.SoledadDurazo.com Columnista, conductora de radio y Tv. Catedr\u00e1tica en la UNISON","publisher":{"@id":"https:\/\/soledaddurazo.com\/#organization"},"potentialAction":[{"@type":"SearchAction","target":{"@type":"EntryPoint","urlTemplate":"https:\/\/soledaddurazo.com\/?s={search_term_string}"},"query-input":"required name=search_term_string"}],"inLanguage":"es"},{"@type":"ImageObject","@id":"https:\/\/soledaddurazo.com\/blog\/2022\/07\/05\/atun-a-la-vizcaina-2\/#primaryimage","inLanguage":"es","url":"https:\/\/soledaddurazo.com\/storage\/2022\/07\/ATUN.jpg","contentUrl":"https:\/\/soledaddurazo.com\/storage\/2022\/07\/ATUN.jpg","width":1920,"height":1080},{"@type":"WebPage","@id":"https:\/\/soledaddurazo.com\/blog\/2022\/07\/05\/atun-a-la-vizcaina-2\/#webpage","url":"https:\/\/soledaddurazo.com\/blog\/2022\/07\/05\/atun-a-la-vizcaina-2\/","name":"At\u00fan a la Vizca\u00edna - Periodista SoledadDurazo.com","isPartOf":{"@id":"https:\/\/soledaddurazo.com\/#website"},"primaryImageOfPage":{"@id":"https:\/\/soledaddurazo.com\/blog\/2022\/07\/05\/atun-a-la-vizcaina-2\/#primaryimage"},"datePublished":"2022-07-05T22:51:10+00:00","dateModified":"2022-07-05T22:51:10+00:00","breadcrumb":{"@id":"https:\/\/soledaddurazo.com\/blog\/2022\/07\/05\/atun-a-la-vizcaina-2\/#breadcrumb"},"inLanguage":"es","potentialAction":[{"@type":"ReadAction","target":["https:\/\/soledaddurazo.com\/blog\/2022\/07\/05\/atun-a-la-vizcaina-2\/"]}]},{"@type":"BreadcrumbList","@id":"https:\/\/soledaddurazo.com\/blog\/2022\/07\/05\/atun-a-la-vizcaina-2\/#breadcrumb","itemListElement":[{"@type":"ListItem","position":1,"name":"Home","item":"https:\/\/soledaddurazo.com\/"},{"@type":"ListItem","position":2,"name":"At\u00fan a la Vizca\u00edna"}]},{"@type":"Article","@id":"https:\/\/soledaddurazo.com\/blog\/2022\/07\/05\/atun-a-la-vizcaina-2\/#article","isPartOf":{"@id":"https:\/\/soledaddurazo.com\/blog\/2022\/07\/05\/atun-a-la-vizcaina-2\/#webpage"},"author":{"@id":"https:\/\/soledaddurazo.com\/#\/schema\/person\/822d8e13aa288585e6546f179853758b"},"headline":"At\u00fan a la Vizca\u00edna","datePublished":"2022-07-05T22:51:10+00:00","dateModified":"2022-07-05T22:51:10+00:00","mainEntityOfPage":{"@id":"https:\/\/soledaddurazo.com\/blog\/2022\/07\/05\/atun-a-la-vizcaina-2\/#webpage"},"wordCount":182,"commentCount":0,"publisher":{"@id":"https:\/\/soledaddurazo.com\/#organization"},"image":{"@id":"https:\/\/soledaddurazo.com\/blog\/2022\/07\/05\/atun-a-la-vizcaina-2\/#primaryimage"},"thumbnailUrl":"https:\/\/soledaddurazo.com\/storage\/2022\/07\/ATUN.jpg","articleSection":["La receta de..."],"inLanguage":"es","potentialAction":[{"@type":"CommentAction","name":"Comment","target":["https:\/\/soledaddurazo.com\/blog\/2022\/07\/05\/atun-a-la-vizcaina-2\/#respond"]}]},{"@type":"Person","@id":"https:\/\/soledaddurazo.com\/#\/schema\/person\/822d8e13aa288585e6546f179853758b","name":"Redacci\u00f3n","image":{"@type":"ImageObject","@id":"https:\/\/soledaddurazo.com\/#personlogo","inLanguage":"es","url":"https:\/\/secure.gravatar.com\/avatar\/c4e193752f756fd61f04deebed3a3a20dc188d37edb53682d313ac57f2725d54?s=96&d=mm&r=g","contentUrl":"https:\/\/secure.gravatar.com\/avatar\/c4e193752f756fd61f04deebed3a3a20dc188d37edb53682d313ac57f2725d54?s=96&d=mm&r=g","caption":"Redacci\u00f3n"},"sameAs":["https:\/\/soledaddurazo.com"]}]}},"_links":{"self":[{"href":"https:\/\/soledaddurazo.com\/api\/wp\/v2\/posts\/14636","targetHints":{"allow":["GET"]}}],"collection":[{"href":"https:\/\/soledaddurazo.com\/api\/wp\/v2\/posts"}],"about":[{"href":"https:\/\/soledaddurazo.com\/api\/wp\/v2\/types\/post"}],"author":[{"embeddable":true,"href":"https:\/\/soledaddurazo.com\/api\/wp\/v2\/users\/1"}],"replies":[{"embeddable":true,"href":"https:\/\/soledaddurazo.com\/api\/wp\/v2\/comments?post=14636"}],"version-history":[{"count":1,"href":"https:\/\/soledaddurazo.com\/api\/wp\/v2\/posts\/14636\/revisions"}],"predecessor-version":[{"id":14638,"href":"https:\/\/soledaddurazo.com\/api\/wp\/v2\/posts\/14636\/revisions\/14638"}],"wp:featuredmedia":[{"embeddable":true,"href":"https:\/\/soledaddurazo.com\/api\/wp\/v2\/media\/14637"}],"wp:attachment":[{"href":"https:\/\/soledaddurazo.com\/api\/wp\/v2\/media?parent=14636"}],"wp:term":[{"taxonomy":"category","embeddable":true,"href":"https:\/\/soledaddurazo.com\/api\/wp\/v2\/categories?post=14636"},{"taxonomy":"post_tag","embeddable":true,"href":"https:\/\/soledaddurazo.com\/api\/wp\/v2\/tags?post=14636"}],"curies":[{"name":"wp","href":"https:\/\/api.w.org\/{rel}","templated":true}]}}