{"id":14570,"date":"2022-06-29T20:57:47","date_gmt":"2022-06-30T03:57:47","guid":{"rendered":"https:\/\/soledaddurazo.com\/?p=14570"},"modified":"2022-06-29T20:57:47","modified_gmt":"2022-06-30T03:57:47","slug":"caice-la-obra-cara-e-innecesaria-para-victimas-de-la-guarderia-abc-investigacion-de-karen-silva","status":"publish","type":"post","link":"https:\/\/soledaddurazo.com\/blog\/2022\/06\/29\/caice-la-obra-cara-e-innecesaria-para-victimas-de-la-guarderia-abc-investigacion-de-karen-silva\/","title":{"rendered":"\u201cCAICE: la obra cara e innecesaria para v\u00edctimas de la guarder\u00eda ABC; Investigaci\u00f3n de Karen Silva"},"content":{"rendered":"<p>En entrevista para TVD Primera Plana, la periodista Karen Silva habl\u00f3 sobre el reportaje que public\u00f3 en Border Hub titulado \u201cCAICE: la obra cara e innecesaria para v\u00edctimas de la guarder\u00eda ABC\u201d.<\/p>\n<p>Record\u00f3 que el Centro de Atenci\u00f3n Inmediata de Casos Especiales (CAICE) fue creado para atender a las v\u00edctimas y a las familias que estuvieron involucrados en el incendio de la Guarder\u00eda ABC en el 2009.<\/p>\n<p>\u201cLa investigaci\u00f3n va sobre el retraso que tiene la obra, una obra que se plante\u00f3 en el 2016 con un presupuesto de 48 mdp y que a cuatro a\u00f1os de que se venciera la fecha de entrega no se ha inaugurado y aparte ya duplic\u00f3 la inversi\u00f3n que se est\u00e1 haciendo en este inmueble\u201d, dijo.<\/p>\n<p>La periodista coment\u00f3 que la justificaci\u00f3n del Instituto Mexicano del Seguro Social (IMSS) sobre la construcci\u00f3n de este nuevo edificio fue para tener todos los servicios en un solo lugar, ya que actualmente se dividen en dos sitios; uno con los consultorios m\u00e9dicos y otro con el \u00e1rea de rehabilitaci\u00f3n.<\/p>\n<p>Asimismo Karen Silva revela que Zo\u00e9 Robledo, director del IMSS, habl\u00f3 con los padres y madres de familia para pedirles autorizaci\u00f3n para que donaran el segundo piso del nuevo edificio para el hospital de ginecopediatr\u00eda.<\/p>\n<p>Escuche la entrevista completa aqu\u00ed:<\/p>\n<div class=\"lyte-wrapper fourthree\" style=\"width:420px;max-width:100%;margin:5px;\"><div class=\"lyMe\" id=\"WYL_LFeoQhu_Z3s\"><div id=\"lyte_LFeoQhu_Z3s\" data-src=\"\/\/i.ytimg.com\/vi\/LFeoQhu_Z3s\/hqdefault.jpg\" class=\"pL\"><div class=\"tC\"><div class=\"tT\"><\/div><\/div><div class=\"play\"><\/div><div class=\"ctrl\"><div class=\"Lctrl\"><\/div><div class=\"Rctrl\"><\/div><\/div><\/div><noscript><a href=\"https:\/\/youtu.be\/LFeoQhu_Z3s\"><img loading=\"lazy\" decoding=\"async\" src=\"https:\/\/i.ytimg.com\/vi\/LFeoQhu_Z3s\/0.jpg\" alt=\"\" width=\"420\" height=\"295\" \/><br \/>Ver este video en YouTube<\/a><\/noscript><\/div><\/div><div class=\"lL\" style=\"max-width:100%;width:420px;margin:5px;\"><\/div>\n","protected":false},"excerpt":{"rendered":"<p>En entrevista para TVD Primera Plana, la periodista Karen Silva habl\u00f3 sobre el reportaje que public\u00f3 en Border Hub titulado \u201cCAICE: la obra cara e innecesaria para v\u00edctimas de la guarder\u00eda ABC\u201d. Record\u00f3 que el Centro de Atenci\u00f3n Inmediata de Casos Especiales (CAICE) fue creado para atender a las v\u00edctimas y a las familias que [&hellip;]<\/p>\n","protected":false},"author":1,"featured_media":14571,"comment_status":"open","ping_status":"open","sticky":false,"template":"","format":"standard","meta":{"footnotes":""},"categories":[153],"tags":[],"class_list":["post"],"yoast_head":" \n<title>\u201cCAICE: la obra cara e innecesaria para v\u00edctimas de la guarder\u00eda ABC; Investigaci\u00f3n de Karen Silva - Periodista SoledadDurazo.com<\/title>\n<meta name=\"robots\" content=\"index, follow, max-snippet:-1, max-image-preview:large, max-video-preview:-1\" \/>\n<link rel=\"canonical\" href=\"https:\/\/soledaddurazo.com\/blog\/2022\/06\/29\/caice-la-obra-cara-e-innecesaria-para-victimas-de-la-guarderia-abc-investigacion-de-karen-silva\/\" \/>\n<meta property=\"og:locale\" content=\"es_MX\" \/>\n<meta property=\"og:type\" content=\"article\" \/>\n<meta property=\"og:title\" content=\"\u201cCAICE: la obra cara e innecesaria para v\u00edctimas de la guarder\u00eda ABC; Investigaci\u00f3n de Karen Silva\" \/>\n<meta property=\"og:description\" content=\"En entrevista para TVD Primera Plana, la periodista Karen Silva habl\u00f3 sobre el reportaje que public\u00f3 en Border Hub titulado \u201cCAICE: la obra cara e innecesaria para v\u00edctimas de la guarder\u00eda ABC\u201d. Record\u00f3 que el Centro de Atenci\u00f3n Inmediata de Casos Especiales (CAICE) fue creado para atender a las v\u00edctimas y a las familias que [&hellip;]\" \/>\n<meta property=\"og:url\" content=\"https:\/\/soledaddurazo.com\/blog\/2022\/06\/29\/caice-la-obra-cara-e-innecesaria-para-victimas-de-la-guarderia-abc-investigacion-de-karen-silva\/\" \/>\n<meta property=\"og:site_name\" content=\"Periodista SoledadDurazo.com\" \/>\n<meta property=\"article:publisher\" content=\"https:\/\/www.facebook.com\/soledad.durazo.9\/\" \/>\n<meta property=\"article:published_time\" content=\"2022-06-30T03:57:47+00:00\" \/>\n<meta property=\"og:image\" content=\"https:\/\/soledaddurazo.com\/storage\/2022\/06\/ILUSTRACION-PRINCIPAL_ABC_familiares_edificio.jpg\" \/>\n\t<meta property=\"og:image:width\" content=\"992\" \/>\n\t<meta property=\"og:image:height\" content=\"647\" \/>\n<meta name=\"twitter:card\" content=\"summary_large_image\" \/>\n<meta name=\"twitter:creator\" content=\"@SoledadDurazo\" \/>\n<meta name=\"twitter:site\" content=\"@SoledadDurazo\" \/>\n<meta name=\"twitter:label1\" content=\"Escrito por\" \/>\n\t<meta name=\"twitter:data1\" content=\"Redacci\u00f3n\" \/>\n\t<meta name=\"twitter:label2\" content=\"Tiempo de lectura\" \/>\n\t<meta name=\"twitter:data2\" content=\"1 minuto\" \/>\n<script type=\"application\/ld+json\" class=\"yoast-schema-graph\">{\"@context\":\"https:\/\/schema.org\",\"@graph\":[{\"@type\":\"Organization\",\"@id\":\"https:\/\/soledaddurazo.com\/#organization\",\"name\":\"Soledad Durazo\",\"url\":\"https:\/\/soledaddurazo.com\/\",\"sameAs\":[\"https:\/\/www.facebook.com\/soledad.durazo.9\/\",\"https:\/\/www.instagram.com\/soledaddurazo\",\"https:\/\/www.youtube.com\/channel\/UC9yGPw8-Vbl_B2XNkRwPS-w\",\"https:\/\/twitter.com\/SoledadDurazo\"],\"logo\":{\"@type\":\"ImageObject\",\"@id\":\"https:\/\/soledaddurazo.com\/#logo\",\"inLanguage\":\"es\",\"url\":\"https:\/\/soledaddurazo.com\/storage\/2021\/11\/nllp-720x375-1-2.png\",\"contentUrl\":\"https:\/\/soledaddurazo.com\/storage\/2021\/11\/nllp-720x375-1-2.png\",\"width\":720,\"height\":375,\"caption\":\"Soledad Durazo\"},\"image\":{\"@id\":\"https:\/\/soledaddurazo.com\/#logo\"}},{\"@type\":\"WebSite\",\"@id\":\"https:\/\/soledaddurazo.com\/#website\",\"url\":\"https:\/\/soledaddurazo.com\/\",\"name\":\"Periodista SoledadDurazo.com\",\"description\":\"Periodista sonorense. Directora de www.SoledadDurazo.com Columnista, conductora de radio y Tv. Catedr\\u00e1tica en la UNISON\",\"publisher\":{\"@id\":\"https:\/\/soledaddurazo.com\/#organization\"},\"potentialAction\":[{\"@type\":\"SearchAction\",\"target\":{\"@type\":\"EntryPoint\",\"urlTemplate\":\"https:\/\/soledaddurazo.com\/?s={search_term_string}\"},\"query-input\":\"required name=search_term_string\"}],\"inLanguage\":\"es\"},{\"@type\":\"ImageObject\",\"@id\":\"https:\/\/soledaddurazo.com\/blog\/2022\/06\/29\/caice-la-obra-cara-e-innecesaria-para-victimas-de-la-guarderia-abc-investigacion-de-karen-silva\/#primaryimage\",\"inLanguage\":\"es\",\"url\":\"https:\/\/soledaddurazo.com\/storage\/2022\/06\/ILUSTRACION-PRINCIPAL_ABC_familiares_edificio.jpg\",\"contentUrl\":\"https:\/\/soledaddurazo.com\/storage\/2022\/06\/ILUSTRACION-PRINCIPAL_ABC_familiares_edificio.jpg\",\"width\":992,\"height\":647},{\"@type\":\"WebPage\",\"@id\":\"https:\/\/soledaddurazo.com\/blog\/2022\/06\/29\/caice-la-obra-cara-e-innecesaria-para-victimas-de-la-guarderia-abc-investigacion-de-karen-silva\/#webpage\",\"url\":\"https:\/\/soledaddurazo.com\/blog\/2022\/06\/29\/caice-la-obra-cara-e-innecesaria-para-victimas-de-la-guarderia-abc-investigacion-de-karen-silva\/\",\"name\":\"\\u201cCAICE: la obra cara e innecesaria para v\\u00edctimas de la guarder\\u00eda ABC; Investigaci\\u00f3n de Karen Silva - Periodista SoledadDurazo.com\",\"isPartOf\":{\"@id\":\"https:\/\/soledaddurazo.com\/#website\"},\"primaryImageOfPage\":{\"@id\":\"https:\/\/soledaddurazo.com\/blog\/2022\/06\/29\/caice-la-obra-cara-e-innecesaria-para-victimas-de-la-guarderia-abc-investigacion-de-karen-silva\/#primaryimage\"},\"datePublished\":\"2022-06-30T03:57:47+00:00\",\"dateModified\":\"2022-06-30T03:57:47+00:00\",\"breadcrumb\":{\"@id\":\"https:\/\/soledaddurazo.com\/blog\/2022\/06\/29\/caice-la-obra-cara-e-innecesaria-para-victimas-de-la-guarderia-abc-investigacion-de-karen-silva\/#breadcrumb\"},\"inLanguage\":\"es\",\"potentialAction\":[{\"@type\":\"ReadAction\",\"target\":[\"https:\/\/soledaddurazo.com\/blog\/2022\/06\/29\/caice-la-obra-cara-e-innecesaria-para-victimas-de-la-guarderia-abc-investigacion-de-karen-silva\/\"]}]},{\"@type\":\"BreadcrumbList\",\"@id\":\"https:\/\/soledaddurazo.com\/blog\/2022\/06\/29\/caice-la-obra-cara-e-innecesaria-para-victimas-de-la-guarderia-abc-investigacion-de-karen-silva\/#breadcrumb\",\"itemListElement\":[{\"@type\":\"ListItem\",\"position\":1,\"name\":\"Home\",\"item\":\"https:\/\/soledaddurazo.com\/\"},{\"@type\":\"ListItem\",\"position\":2,\"name\":\"\\u201cCAICE: la obra cara e innecesaria para v\\u00edctimas de la guarder\\u00eda ABC; Investigaci\\u00f3n de Karen Silva\"}]},{\"@type\":\"Article\",\"@id\":\"https:\/\/soledaddurazo.com\/blog\/2022\/06\/29\/caice-la-obra-cara-e-innecesaria-para-victimas-de-la-guarderia-abc-investigacion-de-karen-silva\/#article\",\"isPartOf\":{\"@id\":\"https:\/\/soledaddurazo.com\/blog\/2022\/06\/29\/caice-la-obra-cara-e-innecesaria-para-victimas-de-la-guarderia-abc-investigacion-de-karen-silva\/#webpage\"},\"author\":{\"@id\":\"https:\/\/soledaddurazo.com\/#\/schema\/person\/822d8e13aa288585e6546f179853758b\"},\"headline\":\"\\u201cCAICE: la obra cara e innecesaria para v\\u00edctimas de la guarder\\u00eda ABC; Investigaci\\u00f3n de Karen Silva\",\"datePublished\":\"2022-06-30T03:57:47+00:00\",\"dateModified\":\"2022-06-30T03:57:47+00:00\",\"mainEntityOfPage\":{\"@id\":\"https:\/\/soledaddurazo.com\/blog\/2022\/06\/29\/caice-la-obra-cara-e-innecesaria-para-victimas-de-la-guarderia-abc-investigacion-de-karen-silva\/#webpage\"},\"wordCount\":251,\"commentCount\":0,\"publisher\":{\"@id\":\"https:\/\/soledaddurazo.com\/#organization\"},\"image\":{\"@id\":\"https:\/\/soledaddurazo.com\/blog\/2022\/06\/29\/caice-la-obra-cara-e-innecesaria-para-victimas-de-la-guarderia-abc-investigacion-de-karen-silva\/#primaryimage\"},\"thumbnailUrl\":\"https:\/\/soledaddurazo.com\/storage\/2022\/06\/ILUSTRACION-PRINCIPAL_ABC_familiares_edificio.jpg\",\"articleSection\":[\"principal\"],\"inLanguage\":\"es\",\"potentialAction\":[{\"@type\":\"CommentAction\",\"name\":\"Comment\",\"target\":[\"https:\/\/soledaddurazo.com\/blog\/2022\/06\/29\/caice-la-obra-cara-e-innecesaria-para-victimas-de-la-guarderia-abc-investigacion-de-karen-silva\/#respond\"]}]},{\"@type\":\"Person\",\"@id\":\"https:\/\/soledaddurazo.com\/#\/schema\/person\/822d8e13aa288585e6546f179853758b\",\"name\":\"Redacci\\u00f3n\",\"image\":{\"@type\":\"ImageObject\",\"@id\":\"https:\/\/soledaddurazo.com\/#personlogo\",\"inLanguage\":\"es\",\"url\":\"https:\/\/secure.gravatar.com\/avatar\/c4e193752f756fd61f04deebed3a3a20dc188d37edb53682d313ac57f2725d54?s=96&d=mm&r=g\",\"contentUrl\":\"https:\/\/secure.gravatar.com\/avatar\/c4e193752f756fd61f04deebed3a3a20dc188d37edb53682d313ac57f2725d54?s=96&d=mm&r=g\",\"caption\":\"Redacci\\u00f3n\"},\"sameAs\":[\"https:\/\/soledaddurazo.com\"]}]}<\/script>\n ","yoast_head_json":{"title":"\u201cCAICE: la obra cara e innecesaria para v\u00edctimas de la guarder\u00eda ABC; Investigaci\u00f3n de Karen Silva - Periodista SoledadDurazo.com","robots":{"index":"index","follow":"follow","max-snippet":"max-snippet:-1","max-image-preview":"max-image-preview:large","max-video-preview":"max-video-preview:-1"},"canonical":"https:\/\/soledaddurazo.com\/blog\/2022\/06\/29\/caice-la-obra-cara-e-innecesaria-para-victimas-de-la-guarderia-abc-investigacion-de-karen-silva\/","og_locale":"es_MX","og_type":"article","og_title":"\u201cCAICE: la obra cara e innecesaria para v\u00edctimas de la guarder\u00eda ABC; Investigaci\u00f3n de Karen Silva","og_description":"En entrevista para TVD Primera Plana, la periodista Karen Silva habl\u00f3 sobre el reportaje que public\u00f3 en Border Hub titulado \u201cCAICE: la obra cara e innecesaria para v\u00edctimas de la guarder\u00eda ABC\u201d. Record\u00f3 que el Centro de Atenci\u00f3n Inmediata de Casos Especiales (CAICE) fue creado para atender a las v\u00edctimas y a las familias que [&hellip;]","og_url":"https:\/\/soledaddurazo.com\/blog\/2022\/06\/29\/caice-la-obra-cara-e-innecesaria-para-victimas-de-la-guarderia-abc-investigacion-de-karen-silva\/","og_site_name":"Periodista SoledadDurazo.com","article_publisher":"https:\/\/www.facebook.com\/soledad.durazo.9\/","article_published_time":"2022-06-30T03:57:47+00:00","og_image":[{"width":992,"height":647,"url":"https:\/\/soledaddurazo.com\/storage\/2022\/06\/ILUSTRACION-PRINCIPAL_ABC_familiares_edificio.jpg","type":"image\/jpeg"}],"twitter_card":"summary_large_image","twitter_creator":"@SoledadDurazo","twitter_site":"@SoledadDurazo","twitter_misc":{"Escrito por":"Redacci\u00f3n","Tiempo de lectura":"1 minuto"},"schema":{"@context":"https:\/\/schema.org","@graph":[{"@type":"Organization","@id":"https:\/\/soledaddurazo.com\/#organization","name":"Soledad Durazo","url":"https:\/\/soledaddurazo.com\/","sameAs":["https:\/\/www.facebook.com\/soledad.durazo.9\/","https:\/\/www.instagram.com\/soledaddurazo","https:\/\/www.youtube.com\/channel\/UC9yGPw8-Vbl_B2XNkRwPS-w","https:\/\/twitter.com\/SoledadDurazo"],"logo":{"@type":"ImageObject","@id":"https:\/\/soledaddurazo.com\/#logo","inLanguage":"es","url":"https:\/\/soledaddurazo.com\/storage\/2021\/11\/nllp-720x375-1-2.png","contentUrl":"https:\/\/soledaddurazo.com\/storage\/2021\/11\/nllp-720x375-1-2.png","width":720,"height":375,"caption":"Soledad Durazo"},"image":{"@id":"https:\/\/soledaddurazo.com\/#logo"}},{"@type":"WebSite","@id":"https:\/\/soledaddurazo.com\/#website","url":"https:\/\/soledaddurazo.com\/","name":"Periodista SoledadDurazo.com","description":"Periodista sonorense. Directora de www.SoledadDurazo.com Columnista, conductora de radio y Tv. Catedr\u00e1tica en la UNISON","publisher":{"@id":"https:\/\/soledaddurazo.com\/#organization"},"potentialAction":[{"@type":"SearchAction","target":{"@type":"EntryPoint","urlTemplate":"https:\/\/soledaddurazo.com\/?s={search_term_string}"},"query-input":"required name=search_term_string"}],"inLanguage":"es"},{"@type":"ImageObject","@id":"https:\/\/soledaddurazo.com\/blog\/2022\/06\/29\/caice-la-obra-cara-e-innecesaria-para-victimas-de-la-guarderia-abc-investigacion-de-karen-silva\/#primaryimage","inLanguage":"es","url":"https:\/\/soledaddurazo.com\/storage\/2022\/06\/ILUSTRACION-PRINCIPAL_ABC_familiares_edificio.jpg","contentUrl":"https:\/\/soledaddurazo.com\/storage\/2022\/06\/ILUSTRACION-PRINCIPAL_ABC_familiares_edificio.jpg","width":992,"height":647},{"@type":"WebPage","@id":"https:\/\/soledaddurazo.com\/blog\/2022\/06\/29\/caice-la-obra-cara-e-innecesaria-para-victimas-de-la-guarderia-abc-investigacion-de-karen-silva\/#webpage","url":"https:\/\/soledaddurazo.com\/blog\/2022\/06\/29\/caice-la-obra-cara-e-innecesaria-para-victimas-de-la-guarderia-abc-investigacion-de-karen-silva\/","name":"\u201cCAICE: la obra cara e innecesaria para v\u00edctimas de la guarder\u00eda ABC; Investigaci\u00f3n de Karen Silva - Periodista SoledadDurazo.com","isPartOf":{"@id":"https:\/\/soledaddurazo.com\/#website"},"primaryImageOfPage":{"@id":"https:\/\/soledaddurazo.com\/blog\/2022\/06\/29\/caice-la-obra-cara-e-innecesaria-para-victimas-de-la-guarderia-abc-investigacion-de-karen-silva\/#primaryimage"},"datePublished":"2022-06-30T03:57:47+00:00","dateModified":"2022-06-30T03:57:47+00:00","breadcrumb":{"@id":"https:\/\/soledaddurazo.com\/blog\/2022\/06\/29\/caice-la-obra-cara-e-innecesaria-para-victimas-de-la-guarderia-abc-investigacion-de-karen-silva\/#breadcrumb"},"inLanguage":"es","potentialAction":[{"@type":"ReadAction","target":["https:\/\/soledaddurazo.com\/blog\/2022\/06\/29\/caice-la-obra-cara-e-innecesaria-para-victimas-de-la-guarderia-abc-investigacion-de-karen-silva\/"]}]},{"@type":"BreadcrumbList","@id":"https:\/\/soledaddurazo.com\/blog\/2022\/06\/29\/caice-la-obra-cara-e-innecesaria-para-victimas-de-la-guarderia-abc-investigacion-de-karen-silva\/#breadcrumb","itemListElement":[{"@type":"ListItem","position":1,"name":"Home","item":"https:\/\/soledaddurazo.com\/"},{"@type":"ListItem","position":2,"name":"\u201cCAICE: la obra cara e innecesaria para v\u00edctimas de la guarder\u00eda ABC; Investigaci\u00f3n de Karen Silva"}]},{"@type":"Article","@id":"https:\/\/soledaddurazo.com\/blog\/2022\/06\/29\/caice-la-obra-cara-e-innecesaria-para-victimas-de-la-guarderia-abc-investigacion-de-karen-silva\/#article","isPartOf":{"@id":"https:\/\/soledaddurazo.com\/blog\/2022\/06\/29\/caice-la-obra-cara-e-innecesaria-para-victimas-de-la-guarderia-abc-investigacion-de-karen-silva\/#webpage"},"author":{"@id":"https:\/\/soledaddurazo.com\/#\/schema\/person\/822d8e13aa288585e6546f179853758b"},"headline":"\u201cCAICE: la obra cara e innecesaria para v\u00edctimas de la guarder\u00eda ABC; Investigaci\u00f3n de Karen Silva","datePublished":"2022-06-30T03:57:47+00:00","dateModified":"2022-06-30T03:57:47+00:00","mainEntityOfPage":{"@id":"https:\/\/soledaddurazo.com\/blog\/2022\/06\/29\/caice-la-obra-cara-e-innecesaria-para-victimas-de-la-guarderia-abc-investigacion-de-karen-silva\/#webpage"},"wordCount":251,"commentCount":0,"publisher":{"@id":"https:\/\/soledaddurazo.com\/#organization"},"image":{"@id":"https:\/\/soledaddurazo.com\/blog\/2022\/06\/29\/caice-la-obra-cara-e-innecesaria-para-victimas-de-la-guarderia-abc-investigacion-de-karen-silva\/#primaryimage"},"thumbnailUrl":"https:\/\/soledaddurazo.com\/storage\/2022\/06\/ILUSTRACION-PRINCIPAL_ABC_familiares_edificio.jpg","articleSection":["principal"],"inLanguage":"es","potentialAction":[{"@type":"CommentAction","name":"Comment","target":["https:\/\/soledaddurazo.com\/blog\/2022\/06\/29\/caice-la-obra-cara-e-innecesaria-para-victimas-de-la-guarderia-abc-investigacion-de-karen-silva\/#respond"]}]},{"@type":"Person","@id":"https:\/\/soledaddurazo.com\/#\/schema\/person\/822d8e13aa288585e6546f179853758b","name":"Redacci\u00f3n","image":{"@type":"ImageObject","@id":"https:\/\/soledaddurazo.com\/#personlogo","inLanguage":"es","url":"https:\/\/secure.gravatar.com\/avatar\/c4e193752f756fd61f04deebed3a3a20dc188d37edb53682d313ac57f2725d54?s=96&d=mm&r=g","contentUrl":"https:\/\/secure.gravatar.com\/avatar\/c4e193752f756fd61f04deebed3a3a20dc188d37edb53682d313ac57f2725d54?s=96&d=mm&r=g","caption":"Redacci\u00f3n"},"sameAs":["https:\/\/soledaddurazo.com"]}]}},"_links":{"self":[{"href":"https:\/\/soledaddurazo.com\/api\/wp\/v2\/posts\/14570","targetHints":{"allow":["GET"]}}],"collection":[{"href":"https:\/\/soledaddurazo.com\/api\/wp\/v2\/posts"}],"about":[{"href":"https:\/\/soledaddurazo.com\/api\/wp\/v2\/types\/post"}],"author":[{"embeddable":true,"href":"https:\/\/soledaddurazo.com\/api\/wp\/v2\/users\/1"}],"replies":[{"embeddable":true,"href":"https:\/\/soledaddurazo.com\/api\/wp\/v2\/comments?post=14570"}],"version-history":[{"count":1,"href":"https:\/\/soledaddurazo.com\/api\/wp\/v2\/posts\/14570\/revisions"}],"predecessor-version":[{"id":14573,"href":"https:\/\/soledaddurazo.com\/api\/wp\/v2\/posts\/14570\/revisions\/14573"}],"wp:featuredmedia":[{"embeddable":true,"href":"https:\/\/soledaddurazo.com\/api\/wp\/v2\/media\/14571"}],"wp:attachment":[{"href":"https:\/\/soledaddurazo.com\/api\/wp\/v2\/media?parent=14570"}],"wp:term":[{"taxonomy":"category","embeddable":true,"href":"https:\/\/soledaddurazo.com\/api\/wp\/v2\/categories?post=14570"},{"taxonomy":"post_tag","embeddable":true,"href":"https:\/\/soledaddurazo.com\/api\/wp\/v2\/tags?post=14570"}],"curies":[{"name":"wp","href":"https:\/\/api.w.org\/{rel}","templated":true}]}}