{"id":14328,"date":"2022-06-02T18:38:29","date_gmt":"2022-06-03T01:38:29","guid":{"rendered":"https:\/\/soledaddurazo.com\/?p=14328"},"modified":"2022-06-07T19:22:19","modified_gmt":"2022-06-08T02:22:19","slug":"ni-apellido-necesita-basta-su-nombre","status":"publish","type":"post","link":"https:\/\/soledaddurazo.com\/blog\/2022\/06\/02\/ni-apellido-necesita-basta-su-nombre\/","title":{"rendered":"Ni apellido necesita. Basta su nombre.\u00a0"},"content":{"rendered":"<p style=\"text-align: right;\"><b>\u201cSocorro, socorro, \/ Socorro. \/\u00a0<\/b><\/p>\n<p style=\"text-align: right;\"><b>Siento que la vida se me acerca \/\u00a0<\/b><\/p>\n<p style=\"text-align: right;\"><b>cuando lo \u00fanico que quiero \/\u00a0<\/b><\/p>\n<p style=\"text-align: right;\"><b>es morir.\u201d<\/b><\/p>\n<p style=\"text-align: right;\"><b>96, que los cumplas feliz, feliz.<\/b><\/p>\n<p style=\"text-align: right;\"><b>(\u00bfescuchan el sarcasmo?)<\/b><\/p>\n<p style=\"text-align: right;\"><b>\u00bfNo?\u00a0<\/b><\/p>\n<p style=\"text-align: right;\"><b>70 a\u00f1os de la reina Isabel en el poder, 60 a\u00f1os del fallecimiento\u00a0<\/b><\/p>\n<p style=\"text-align: right;\"><b>de la Diva, del mito que comenz\u00f3 hace 36.<\/b><\/p>\n<p>&nbsp;<\/p>\n<p><b>#MarilynMonroe<\/b><\/p>\n<p><b>#NormaJean<\/b><\/p>\n<p>&nbsp;<\/p>\n<p><span style=\"font-weight: 400;\">Ni apellido necesita. Basta su nombre.\u00a0<\/span><\/p>\n<p>&nbsp;<\/p>\n<p style=\"text-align: center;\"><b>SOLA<\/b><\/p>\n<p style=\"text-align: center;\"><b>Sola. Estoy sola.<\/b><\/p>\n<p style=\"text-align: center;\"><b>Siempre he estado sola,<\/b><\/p>\n<p style=\"text-align: center;\"><b>pero hoy<\/b><\/p>\n<p style=\"text-align: center;\"><b>ni siquiera me tengo a m\u00ed misma<\/b><\/p>\n<p style=\"text-align: center;\"><b>para hacerme compa\u00f1\u00eda.<\/b><\/p>\n<p>&nbsp;<\/p>\n<p><span style=\"font-weight: 400;\">\u00a0Apareci\u00f3 en el firmamento hollywoodense\u00a0 como un cometa que dej\u00f3 a su paso un rastro de misterio, sensibilidad, talento\u2026que hasta hoy nadie ha podido ni emular ni descifrar. Y que, incluso, muchos no aceptan. Quiz\u00e1 es romantizar su figura, su talento y su humanidad. No lo s\u00e9. Usted decida.<\/span><\/p>\n<p>&nbsp;<\/p>\n<p style=\"text-align: center;\"><b>CARA Y CRUZ\u00a0<\/b><\/p>\n<p style=\"text-align: center;\"><b>Vida: soy de tu cara y tu cruz.<\/b><\/p>\n<p style=\"text-align: center;\"><b>Casi siempre<\/b><\/p>\n<p style=\"text-align: center;\"><b>colgada boca abajo,<\/b><\/p>\n<p style=\"text-align: center;\"><b>pero fuerte como una telara\u00f1a al viento.<\/b><\/p>\n<p style=\"text-align: center;\"><b>Mi coraz\u00f3n arde,<\/b><\/p>\n<p style=\"text-align: center;\"><b>pero yo soy escarcha fr\u00eda resplandeciente.<\/b><\/p>\n<p>&nbsp;<\/p>\n<p><span style=\"font-weight: 400;\">Es el s\u00edmbolo no sexual sino el \u00edcono de la mujer objeto descartable, desechable, el estandarte del \u00fasese y t\u00edrese. Tan audaz como fugaz. Tan espectacularmente fabricada su belleza externa como invalidada su calidad tanto de mujer como de actriz. El ser humano exterminado, nulificado.<\/span><\/p>\n<p>&nbsp;<\/p>\n<p style=\"text-align: center;\"><b>HOY\u00a0<\/b><\/p>\n<p style=\"text-align: center;\"><b>Hoy no tengo ninguna<\/b><\/p>\n<p style=\"text-align: center;\"><b>preocupaci\u00f3n,<\/b><\/p>\n<p style=\"text-align: center;\"><b>hoy respiro aire libre<\/b><\/p>\n<p style=\"text-align: center;\"><b>al aire libre,<\/b><\/p>\n<p style=\"text-align: center;\"><b>hoy no sufro<\/b><\/p>\n<p style=\"text-align: center;\"><b>por el amor de nadie<\/b><\/p>\n<p style=\"text-align: center;\"><b>ni recuerdo a la ni\u00f1a<\/b><\/p>\n<p style=\"text-align: center;\"><b>humillada que fui,<\/b><\/p>\n<p style=\"text-align: center;\"><b>hoy soy feliz,<\/b><\/p>\n<p style=\"text-align: center;\"><b>hoy quisiera estar muerta.<\/b><\/p>\n<p><span style=\"font-weight: 400;\">\u00bfQui\u00e9n fue Marilyn Monroe?<\/span><\/p>\n<p><span style=\"font-weight: 400;\">\u2013\u00a1Ah, s\u00ed! La borracha aquella que cant\u00f3 el Happy Birthday al presidente Kennedy, \u00bfno?<\/span><\/p>\n<p><span style=\"font-weight: 400;\">\u2013\u00a1Claro!, la que se suicid\u00f3 con barbit\u00faricos.<\/span><\/p>\n<p><span style=\"font-weight: 400;\">\u2013Ofende la pregunta. Es la sex symbol de los 50, la que se cas\u00f3 con el emblem\u00e1tico escritor Arthur Miller.<\/span><\/p>\n<p><span style=\"font-weight: 400;\">\u2013\u00a1Ay, obvio! La actriz del vestido blanco que se cas\u00f3 con el mejor beisbolista de todos los tiempos, Joe DiMaggio.<\/span><\/p>\n<p><span style=\"font-weight: 400;\">\u2013\u00bfNo es la que hizo una pel\u00edcula con Sir Laurence Oliver y acabaron peleados?<\/span><\/p>\n<p><span style=\"font-weight: 400;\">\u2013\u00bfLa que fue amante de los hermanos Kennedy?<\/span><\/p>\n<p>&nbsp;<\/p>\n<p style=\"text-align: center;\"><b>Tengo una idea de m\u00ed misma,<\/b><\/p>\n<p style=\"text-align: center;\"><b>tengo muchas ideas de m\u00ed misma.<\/b><\/p>\n<p style=\"text-align: center;\"><b>Pero ninguna es una buena idea<\/b><\/p>\n<p>&nbsp;<\/p>\n<p><span style=\"font-weight: 400;\">La misma que luch\u00f3 por ser tomada en serio<\/span><b>. \u201c<\/b><b>Nunca m\u00e1s una ni\u00f1ita sola y asustada.\u201d<\/b><\/p>\n<p>&nbsp;<\/p>\n<p><span style=\"font-weight: 400;\">La que plasm\u00f3 en papeles su sentir y sus demonios. \u201c&#8230;<\/span><b>Y ser sencilla o directa (como posiblemente) me gustar\u00eda se suele tomar por mera estupidez pero como este no es un mundo sincero \u2013 es muy probable que ser sincero sea est\u00fapido\u2026\u201d<\/b><\/p>\n<p>&nbsp;<\/p>\n<p><span style=\"font-weight: 400;\">La de ascendencia mexicana. Su madre naci\u00f3 en Coahuila. Ella<\/span><span style=\"font-weight: 400;\"> visit\u00f3 la Ciudad de M\u00e9xico, el 20 de febrero de 1962. Aqu\u00ed, en la capital se le tom\u00f3 aquella foto en donde aparece sentada y se alcanza a observar que no lleva ropa interior.\u00a0<\/span><\/p>\n<p><span style=\"font-weight: 400;\">La emblem\u00e1tica imagen fue tomada por el fot\u00f3grafo mexicano Antonio Caballero. Fue entonces que declar\u00f3 <\/span><b>Y por qu\u00e9 actor? Con un mexicano basta, al <\/b><span style=\"font-weight: 400;\">pregunt\u00e1rsele<\/span> <span style=\"font-weight: 400;\">si se enamorar\u00eda de un actor mexicano,\u00a0<\/span><\/p>\n<p><span style=\"font-weight: 400;\">La que fue abusada una y mil veces de mil maneras. \u201c<\/span><b>Contar ese sue\u00f1o del hombre horrible\/ repugnante \u2013 que intenta \/acerc\u00e1rseme\/demasiado en el ascensor.\u201d<\/b><\/p>\n<p>&nbsp;<\/p>\n<p><span style=\"font-weight: 400;\">La madre que no fue.\u00a0<\/span><\/p>\n<p><span style=\"font-weight: 400;\">La que contabiliz\u00f3 cada aborto.\u00a0<\/span><\/p>\n<p><span style=\"font-weight: 400;\">La malquerida por sus esposos y amantes.<\/span><\/p>\n<p>&nbsp;<\/p>\n<p><b>Grito \u2013 \/ empezaste y terminaste en el aire \/ pero \u00bfqu\u00e9 hubo en medio?<\/b><\/p>\n<p>&nbsp;<\/p>\n<p><span style=\"font-weight: 400;\">La del noviazgo \u00faltimo con un escritor mexicano, Jos\u00e9 Bola\u00f1os. La de los dos nombres \u00bfo tres? y miles de fantasmas. La Norma Jeane. La Marilyn. La mujer que no encontr\u00f3 su espacio.\u00a0<\/span><\/p>\n<p>&nbsp;<\/p>\n<p style=\"text-align: center;\"><b>EN EL ASCENSOR\u00a0<\/b><\/p>\n<p style=\"text-align: center;\"><b>Tuve un sue\u00f1o horrible.<\/b><\/p>\n<p style=\"text-align: center;\"><b>Yo sola en el ascensor<\/b><\/p>\n<p style=\"text-align: center;\"><b>y el ascensor se deten\u00eda<\/b><\/p>\n<p style=\"text-align: center;\"><b>y el resto de mi vida<\/b><\/p>\n<p style=\"text-align: center;\"><b>la pasaba sola en el ascensor.<\/b><\/p>\n<p style=\"text-align: center;\"><b>Exactamente igual<\/b><\/p>\n<p style=\"text-align: center;\"><b>como paso mi vida.<\/b><\/p>\n<p><span style=\"font-weight: 400;\">\u2013\u00bfQui\u00e9n mat\u00f3 a Marilyn Monroe? \u00bfQui\u00e9n perpet\u00faa su mito?<\/span><\/p>\n<p>&nbsp;<\/p>\n<p style=\"text-align: center;\"><b>CARNE HUMANA<\/b><\/p>\n<p style=\"text-align: center;\"><b>\u00a0Soy dulce por fuera,<\/b><\/p>\n<p style=\"text-align: center;\"><b>un cordero<\/b><\/p>\n<p style=\"text-align: center;\"><b>que todos quieren acariciar.<\/b><\/p>\n<p style=\"text-align: center;\"><b>Pero por dentro tengo garras<\/b><\/p>\n<p style=\"text-align: center;\"><b>y enormes dientes<\/b><\/p>\n<p style=\"text-align: center;\"><b>y ganas de devorar<\/b><\/p>\n<p style=\"text-align: center;\"><b>carne humana.<\/b><\/p>\n<p style=\"text-align: center;\"><b>Por dentro tengo tanta hambre<\/b><\/p>\n<p style=\"text-align: center;\"><b>que me devoro a m\u00ed misma<\/b><\/p>\n<p style=\"text-align: center;\"><b>y no me sacio nunca.<\/b><\/p>\n<p><span style=\"font-weight: 400;\">\u2013Conjuguemos. Yo, T\u00fa, \u00c9l.\u00a0 Usemos el lenguaje inclusivo, todes. Y ella misma, tambi\u00e9n\u00a0<\/span><\/p>\n<p style=\"text-align: center;\"><b>NO ME F\u00cdO\u00a0<\/b><\/p>\n<p style=\"text-align: center;\"><b>No me f\u00edo de m\u00ed<\/b><\/p>\n<p style=\"text-align: center;\"><b>ni de ti<\/b><\/p>\n<p style=\"text-align: center;\"><b>ni de Dios.<\/b><\/p>\n<p style=\"text-align: center;\"><b>Todos me han traicionado.<\/b><\/p>\n<p style=\"text-align: center;\"><b>Y yo misma<\/b><\/p>\n<p style=\"text-align: center;\"><b>m\u00e1s que nadie.<\/b><\/p>\n<p>&nbsp;<\/p>\n<p><span style=\"font-weight: 400;\">\u201cAy maldita sea \/me gustar\u00eda estar Muerta\/ \u2013 absolutamente no existente \u2013\/Ausente de aqu\u00ed \u2013\/de todas partes pero c\u00f3mo lo har\u00eda\/\u2026\u201d\u00a0<\/span><\/p>\n<p><span style=\"font-weight: 400;\">Marilyn Monroe naci\u00f3 en 1949. Norma Jean naci\u00f3 un 1 de junio de 1926. Dicen las malas lenguas que Marilyn nunca pudo matar a Norma Jeane.<\/span><\/p>\n<p><i><span style=\"font-weight: 400;\">I am alone\/ I am always\/ alone.<\/span><\/i><\/p>\n<p><span style=\"font-weight: 400;\">\u00a0Ambas dejaron de existir, al fin, el 5 de agosto de 1962. El epitafio dice as\u00ed:<\/span><b>\u00a0<\/b><\/p>\n<p><b>&#8220;<\/b><b><i>My journey ends here&#8221; .<\/i><\/b><\/p>\n<p>&nbsp;<\/p>\n<p><i><span style=\"font-weight: 400;\">Fragmentos<\/span><\/i><span style=\"font-weight: 400;\">, de Marilyn Monroe. Ed. Seix Barral, Barcelona, 2010<\/span><\/p>\n<p>&nbsp;<\/p>\n","protected":false},"excerpt":{"rendered":"<p>\u201cSocorro, socorro, \/ Socorro. \/\u00a0 Siento que la vida se me acerca \/\u00a0 cuando lo \u00fanico que quiero \/\u00a0 es morir.\u201d 96, que los cumplas feliz, feliz. (\u00bfescuchan el sarcasmo?) \u00bfNo?\u00a0 70 a\u00f1os de la reina Isabel en el poder, 60 a\u00f1os del fallecimiento\u00a0 de la Diva, del mito que comenz\u00f3 hace 36. &nbsp; #MarilynMonroe [&hellip;]<\/p>\n","protected":false},"author":1,"featured_media":14329,"comment_status":"open","ping_status":"open","sticky":false,"template":"","format":"standard","meta":{"footnotes":""},"categories":[153],"tags":[],"class_list":["post"],"yoast_head":" \n<title>Ni apellido necesita. Basta su nombre.\u00a0 - Periodista SoledadDurazo.com<\/title>\n<meta name=\"robots\" content=\"index, follow, max-snippet:-1, max-image-preview:large, max-video-preview:-1\" \/>\n<link rel=\"canonical\" href=\"https:\/\/soledaddurazo.com\/blog\/2022\/06\/02\/ni-apellido-necesita-basta-su-nombre\/\" \/>\n<meta property=\"og:locale\" content=\"es_MX\" \/>\n<meta property=\"og:type\" content=\"article\" \/>\n<meta property=\"og:title\" content=\"Ni apellido necesita. Basta su nombre.\u00a0\" \/>\n<meta property=\"og:description\" content=\"\u201cSocorro, socorro, \/ Socorro. \/\u00a0 Siento que la vida se me acerca \/\u00a0 cuando lo \u00fanico que quiero \/\u00a0 es morir.\u201d 96, que los cumplas feliz, feliz. (\u00bfescuchan el sarcasmo?) \u00bfNo?\u00a0 70 a\u00f1os de la reina Isabel en el poder, 60 a\u00f1os del fallecimiento\u00a0 de la Diva, del mito que comenz\u00f3 hace 36. &nbsp; #MarilynMonroe [&hellip;]\" \/>\n<meta property=\"og:url\" content=\"https:\/\/soledaddurazo.com\/blog\/2022\/06\/02\/ni-apellido-necesita-basta-su-nombre\/\" \/>\n<meta property=\"og:site_name\" content=\"Periodista SoledadDurazo.com\" \/>\n<meta property=\"article:publisher\" content=\"https:\/\/www.facebook.com\/soledad.durazo.9\/\" \/>\n<meta property=\"article:published_time\" content=\"2022-06-03T01:38:29+00:00\" \/>\n<meta property=\"article:modified_time\" content=\"2022-06-08T02:22:19+00:00\" \/>\n<meta property=\"og:image\" content=\"https:\/\/soledaddurazo.com\/storage\/2022\/06\/ISABEL.jpg\" \/>\n\t<meta property=\"og:image:width\" content=\"1006\" \/>\n\t<meta property=\"og:image:height\" content=\"545\" \/>\n<meta name=\"twitter:card\" content=\"summary_large_image\" \/>\n<meta name=\"twitter:creator\" content=\"@SoledadDurazo\" \/>\n<meta name=\"twitter:site\" content=\"@SoledadDurazo\" \/>\n<meta name=\"twitter:label1\" content=\"Escrito por\" \/>\n\t<meta name=\"twitter:data1\" content=\"Redacci\u00f3n\" \/>\n\t<meta name=\"twitter:label2\" content=\"Tiempo de lectura\" \/>\n\t<meta name=\"twitter:data2\" content=\"4 minutos\" \/>\n<script type=\"application\/ld+json\" class=\"yoast-schema-graph\">{\"@context\":\"https:\/\/schema.org\",\"@graph\":[{\"@type\":\"Organization\",\"@id\":\"https:\/\/soledaddurazo.com\/#organization\",\"name\":\"Soledad Durazo\",\"url\":\"https:\/\/soledaddurazo.com\/\",\"sameAs\":[\"https:\/\/www.facebook.com\/soledad.durazo.9\/\",\"https:\/\/www.instagram.com\/soledaddurazo\",\"https:\/\/www.youtube.com\/channel\/UC9yGPw8-Vbl_B2XNkRwPS-w\",\"https:\/\/twitter.com\/SoledadDurazo\"],\"logo\":{\"@type\":\"ImageObject\",\"@id\":\"https:\/\/soledaddurazo.com\/#logo\",\"inLanguage\":\"es\",\"url\":\"https:\/\/soledaddurazo.com\/storage\/2021\/11\/nllp-720x375-1-2.png\",\"contentUrl\":\"https:\/\/soledaddurazo.com\/storage\/2021\/11\/nllp-720x375-1-2.png\",\"width\":720,\"height\":375,\"caption\":\"Soledad Durazo\"},\"image\":{\"@id\":\"https:\/\/soledaddurazo.com\/#logo\"}},{\"@type\":\"WebSite\",\"@id\":\"https:\/\/soledaddurazo.com\/#website\",\"url\":\"https:\/\/soledaddurazo.com\/\",\"name\":\"Periodista SoledadDurazo.com\",\"description\":\"Periodista sonorense. Directora de www.SoledadDurazo.com Columnista, conductora de radio y Tv. Catedr\\u00e1tica en la UNISON\",\"publisher\":{\"@id\":\"https:\/\/soledaddurazo.com\/#organization\"},\"potentialAction\":[{\"@type\":\"SearchAction\",\"target\":{\"@type\":\"EntryPoint\",\"urlTemplate\":\"https:\/\/soledaddurazo.com\/?s={search_term_string}\"},\"query-input\":\"required name=search_term_string\"}],\"inLanguage\":\"es\"},{\"@type\":\"ImageObject\",\"@id\":\"https:\/\/soledaddurazo.com\/blog\/2022\/06\/02\/ni-apellido-necesita-basta-su-nombre\/#primaryimage\",\"inLanguage\":\"es\",\"url\":\"https:\/\/soledaddurazo.com\/storage\/2022\/06\/ISABEL.jpg\",\"contentUrl\":\"https:\/\/soledaddurazo.com\/storage\/2022\/06\/ISABEL.jpg\",\"width\":1006,\"height\":545},{\"@type\":\"WebPage\",\"@id\":\"https:\/\/soledaddurazo.com\/blog\/2022\/06\/02\/ni-apellido-necesita-basta-su-nombre\/#webpage\",\"url\":\"https:\/\/soledaddurazo.com\/blog\/2022\/06\/02\/ni-apellido-necesita-basta-su-nombre\/\",\"name\":\"Ni apellido necesita. Basta su nombre.\\u00a0 - Periodista SoledadDurazo.com\",\"isPartOf\":{\"@id\":\"https:\/\/soledaddurazo.com\/#website\"},\"primaryImageOfPage\":{\"@id\":\"https:\/\/soledaddurazo.com\/blog\/2022\/06\/02\/ni-apellido-necesita-basta-su-nombre\/#primaryimage\"},\"datePublished\":\"2022-06-03T01:38:29+00:00\",\"dateModified\":\"2022-06-08T02:22:19+00:00\",\"breadcrumb\":{\"@id\":\"https:\/\/soledaddurazo.com\/blog\/2022\/06\/02\/ni-apellido-necesita-basta-su-nombre\/#breadcrumb\"},\"inLanguage\":\"es\",\"potentialAction\":[{\"@type\":\"ReadAction\",\"target\":[\"https:\/\/soledaddurazo.com\/blog\/2022\/06\/02\/ni-apellido-necesita-basta-su-nombre\/\"]}]},{\"@type\":\"BreadcrumbList\",\"@id\":\"https:\/\/soledaddurazo.com\/blog\/2022\/06\/02\/ni-apellido-necesita-basta-su-nombre\/#breadcrumb\",\"itemListElement\":[{\"@type\":\"ListItem\",\"position\":1,\"name\":\"Home\",\"item\":\"https:\/\/soledaddurazo.com\/\"},{\"@type\":\"ListItem\",\"position\":2,\"name\":\"Ni apellido necesita. Basta su nombre.\\u00a0\"}]},{\"@type\":\"Article\",\"@id\":\"https:\/\/soledaddurazo.com\/blog\/2022\/06\/02\/ni-apellido-necesita-basta-su-nombre\/#article\",\"isPartOf\":{\"@id\":\"https:\/\/soledaddurazo.com\/blog\/2022\/06\/02\/ni-apellido-necesita-basta-su-nombre\/#webpage\"},\"author\":{\"@id\":\"https:\/\/soledaddurazo.com\/#\/schema\/person\/822d8e13aa288585e6546f179853758b\"},\"headline\":\"Ni apellido necesita. Basta su nombre.\\u00a0\",\"datePublished\":\"2022-06-03T01:38:29+00:00\",\"dateModified\":\"2022-06-08T02:22:19+00:00\",\"mainEntityOfPage\":{\"@id\":\"https:\/\/soledaddurazo.com\/blog\/2022\/06\/02\/ni-apellido-necesita-basta-su-nombre\/#webpage\"},\"wordCount\":820,\"commentCount\":0,\"publisher\":{\"@id\":\"https:\/\/soledaddurazo.com\/#organization\"},\"image\":{\"@id\":\"https:\/\/soledaddurazo.com\/blog\/2022\/06\/02\/ni-apellido-necesita-basta-su-nombre\/#primaryimage\"},\"thumbnailUrl\":\"https:\/\/soledaddurazo.com\/storage\/2022\/06\/ISABEL.jpg\",\"articleSection\":[\"principal\"],\"inLanguage\":\"es\",\"potentialAction\":[{\"@type\":\"CommentAction\",\"name\":\"Comment\",\"target\":[\"https:\/\/soledaddurazo.com\/blog\/2022\/06\/02\/ni-apellido-necesita-basta-su-nombre\/#respond\"]}]},{\"@type\":\"Person\",\"@id\":\"https:\/\/soledaddurazo.com\/#\/schema\/person\/822d8e13aa288585e6546f179853758b\",\"name\":\"Redacci\\u00f3n\",\"image\":{\"@type\":\"ImageObject\",\"@id\":\"https:\/\/soledaddurazo.com\/#personlogo\",\"inLanguage\":\"es\",\"url\":\"https:\/\/secure.gravatar.com\/avatar\/c4e193752f756fd61f04deebed3a3a20dc188d37edb53682d313ac57f2725d54?s=96&d=mm&r=g\",\"contentUrl\":\"https:\/\/secure.gravatar.com\/avatar\/c4e193752f756fd61f04deebed3a3a20dc188d37edb53682d313ac57f2725d54?s=96&d=mm&r=g\",\"caption\":\"Redacci\\u00f3n\"},\"sameAs\":[\"https:\/\/soledaddurazo.com\"]}]}<\/script>\n ","yoast_head_json":{"title":"Ni apellido necesita. Basta su nombre.\u00a0 - Periodista SoledadDurazo.com","robots":{"index":"index","follow":"follow","max-snippet":"max-snippet:-1","max-image-preview":"max-image-preview:large","max-video-preview":"max-video-preview:-1"},"canonical":"https:\/\/soledaddurazo.com\/blog\/2022\/06\/02\/ni-apellido-necesita-basta-su-nombre\/","og_locale":"es_MX","og_type":"article","og_title":"Ni apellido necesita. Basta su nombre.\u00a0","og_description":"\u201cSocorro, socorro, \/ Socorro. \/\u00a0 Siento que la vida se me acerca \/\u00a0 cuando lo \u00fanico que quiero \/\u00a0 es morir.\u201d 96, que los cumplas feliz, feliz. (\u00bfescuchan el sarcasmo?) \u00bfNo?\u00a0 70 a\u00f1os de la reina Isabel en el poder, 60 a\u00f1os del fallecimiento\u00a0 de la Diva, del mito que comenz\u00f3 hace 36. &nbsp; #MarilynMonroe [&hellip;]","og_url":"https:\/\/soledaddurazo.com\/blog\/2022\/06\/02\/ni-apellido-necesita-basta-su-nombre\/","og_site_name":"Periodista SoledadDurazo.com","article_publisher":"https:\/\/www.facebook.com\/soledad.durazo.9\/","article_published_time":"2022-06-03T01:38:29+00:00","article_modified_time":"2022-06-08T02:22:19+00:00","og_image":[{"width":1006,"height":545,"url":"https:\/\/soledaddurazo.com\/storage\/2022\/06\/ISABEL.jpg","type":"image\/jpeg"}],"twitter_card":"summary_large_image","twitter_creator":"@SoledadDurazo","twitter_site":"@SoledadDurazo","twitter_misc":{"Escrito por":"Redacci\u00f3n","Tiempo de lectura":"4 minutos"},"schema":{"@context":"https:\/\/schema.org","@graph":[{"@type":"Organization","@id":"https:\/\/soledaddurazo.com\/#organization","name":"Soledad Durazo","url":"https:\/\/soledaddurazo.com\/","sameAs":["https:\/\/www.facebook.com\/soledad.durazo.9\/","https:\/\/www.instagram.com\/soledaddurazo","https:\/\/www.youtube.com\/channel\/UC9yGPw8-Vbl_B2XNkRwPS-w","https:\/\/twitter.com\/SoledadDurazo"],"logo":{"@type":"ImageObject","@id":"https:\/\/soledaddurazo.com\/#logo","inLanguage":"es","url":"https:\/\/soledaddurazo.com\/storage\/2021\/11\/nllp-720x375-1-2.png","contentUrl":"https:\/\/soledaddurazo.com\/storage\/2021\/11\/nllp-720x375-1-2.png","width":720,"height":375,"caption":"Soledad Durazo"},"image":{"@id":"https:\/\/soledaddurazo.com\/#logo"}},{"@type":"WebSite","@id":"https:\/\/soledaddurazo.com\/#website","url":"https:\/\/soledaddurazo.com\/","name":"Periodista SoledadDurazo.com","description":"Periodista sonorense. Directora de www.SoledadDurazo.com Columnista, conductora de radio y Tv. Catedr\u00e1tica en la UNISON","publisher":{"@id":"https:\/\/soledaddurazo.com\/#organization"},"potentialAction":[{"@type":"SearchAction","target":{"@type":"EntryPoint","urlTemplate":"https:\/\/soledaddurazo.com\/?s={search_term_string}"},"query-input":"required name=search_term_string"}],"inLanguage":"es"},{"@type":"ImageObject","@id":"https:\/\/soledaddurazo.com\/blog\/2022\/06\/02\/ni-apellido-necesita-basta-su-nombre\/#primaryimage","inLanguage":"es","url":"https:\/\/soledaddurazo.com\/storage\/2022\/06\/ISABEL.jpg","contentUrl":"https:\/\/soledaddurazo.com\/storage\/2022\/06\/ISABEL.jpg","width":1006,"height":545},{"@type":"WebPage","@id":"https:\/\/soledaddurazo.com\/blog\/2022\/06\/02\/ni-apellido-necesita-basta-su-nombre\/#webpage","url":"https:\/\/soledaddurazo.com\/blog\/2022\/06\/02\/ni-apellido-necesita-basta-su-nombre\/","name":"Ni apellido necesita. Basta su nombre.\u00a0 - Periodista SoledadDurazo.com","isPartOf":{"@id":"https:\/\/soledaddurazo.com\/#website"},"primaryImageOfPage":{"@id":"https:\/\/soledaddurazo.com\/blog\/2022\/06\/02\/ni-apellido-necesita-basta-su-nombre\/#primaryimage"},"datePublished":"2022-06-03T01:38:29+00:00","dateModified":"2022-06-08T02:22:19+00:00","breadcrumb":{"@id":"https:\/\/soledaddurazo.com\/blog\/2022\/06\/02\/ni-apellido-necesita-basta-su-nombre\/#breadcrumb"},"inLanguage":"es","potentialAction":[{"@type":"ReadAction","target":["https:\/\/soledaddurazo.com\/blog\/2022\/06\/02\/ni-apellido-necesita-basta-su-nombre\/"]}]},{"@type":"BreadcrumbList","@id":"https:\/\/soledaddurazo.com\/blog\/2022\/06\/02\/ni-apellido-necesita-basta-su-nombre\/#breadcrumb","itemListElement":[{"@type":"ListItem","position":1,"name":"Home","item":"https:\/\/soledaddurazo.com\/"},{"@type":"ListItem","position":2,"name":"Ni apellido necesita. Basta su nombre.\u00a0"}]},{"@type":"Article","@id":"https:\/\/soledaddurazo.com\/blog\/2022\/06\/02\/ni-apellido-necesita-basta-su-nombre\/#article","isPartOf":{"@id":"https:\/\/soledaddurazo.com\/blog\/2022\/06\/02\/ni-apellido-necesita-basta-su-nombre\/#webpage"},"author":{"@id":"https:\/\/soledaddurazo.com\/#\/schema\/person\/822d8e13aa288585e6546f179853758b"},"headline":"Ni apellido necesita. Basta su nombre.\u00a0","datePublished":"2022-06-03T01:38:29+00:00","dateModified":"2022-06-08T02:22:19+00:00","mainEntityOfPage":{"@id":"https:\/\/soledaddurazo.com\/blog\/2022\/06\/02\/ni-apellido-necesita-basta-su-nombre\/#webpage"},"wordCount":820,"commentCount":0,"publisher":{"@id":"https:\/\/soledaddurazo.com\/#organization"},"image":{"@id":"https:\/\/soledaddurazo.com\/blog\/2022\/06\/02\/ni-apellido-necesita-basta-su-nombre\/#primaryimage"},"thumbnailUrl":"https:\/\/soledaddurazo.com\/storage\/2022\/06\/ISABEL.jpg","articleSection":["principal"],"inLanguage":"es","potentialAction":[{"@type":"CommentAction","name":"Comment","target":["https:\/\/soledaddurazo.com\/blog\/2022\/06\/02\/ni-apellido-necesita-basta-su-nombre\/#respond"]}]},{"@type":"Person","@id":"https:\/\/soledaddurazo.com\/#\/schema\/person\/822d8e13aa288585e6546f179853758b","name":"Redacci\u00f3n","image":{"@type":"ImageObject","@id":"https:\/\/soledaddurazo.com\/#personlogo","inLanguage":"es","url":"https:\/\/secure.gravatar.com\/avatar\/c4e193752f756fd61f04deebed3a3a20dc188d37edb53682d313ac57f2725d54?s=96&d=mm&r=g","contentUrl":"https:\/\/secure.gravatar.com\/avatar\/c4e193752f756fd61f04deebed3a3a20dc188d37edb53682d313ac57f2725d54?s=96&d=mm&r=g","caption":"Redacci\u00f3n"},"sameAs":["https:\/\/soledaddurazo.com"]}]}},"_links":{"self":[{"href":"https:\/\/soledaddurazo.com\/api\/wp\/v2\/posts\/14328","targetHints":{"allow":["GET"]}}],"collection":[{"href":"https:\/\/soledaddurazo.com\/api\/wp\/v2\/posts"}],"about":[{"href":"https:\/\/soledaddurazo.com\/api\/wp\/v2\/types\/post"}],"author":[{"embeddable":true,"href":"https:\/\/soledaddurazo.com\/api\/wp\/v2\/users\/1"}],"replies":[{"embeddable":true,"href":"https:\/\/soledaddurazo.com\/api\/wp\/v2\/comments?post=14328"}],"version-history":[{"count":2,"href":"https:\/\/soledaddurazo.com\/api\/wp\/v2\/posts\/14328\/revisions"}],"predecessor-version":[{"id":14366,"href":"https:\/\/soledaddurazo.com\/api\/wp\/v2\/posts\/14328\/revisions\/14366"}],"wp:featuredmedia":[{"embeddable":true,"href":"https:\/\/soledaddurazo.com\/api\/wp\/v2\/media\/14329"}],"wp:attachment":[{"href":"https:\/\/soledaddurazo.com\/api\/wp\/v2\/media?parent=14328"}],"wp:term":[{"taxonomy":"category","embeddable":true,"href":"https:\/\/soledaddurazo.com\/api\/wp\/v2\/categories?post=14328"},{"taxonomy":"post_tag","embeddable":true,"href":"https:\/\/soledaddurazo.com\/api\/wp\/v2\/tags?post=14328"}],"curies":[{"name":"wp","href":"https:\/\/api.w.org\/{rel}","templated":true}]}}