{"id":14317,"date":"2022-06-01T22:36:43","date_gmt":"2022-06-02T05:36:43","guid":{"rendered":"https:\/\/soledaddurazo.com\/?p=14317"},"modified":"2022-06-01T22:36:43","modified_gmt":"2022-06-02T05:36:43","slug":"plan-para-dotar-agua-a-largo-plazo-el-legado-del-gobernador-durazo","status":"publish","type":"post","link":"https:\/\/soledaddurazo.com\/blog\/2022\/06\/01\/plan-para-dotar-agua-a-largo-plazo-el-legado-del-gobernador-durazo\/","title":{"rendered":"Plan para dotar agua a largo plazo, el legado del Gobernador Durazo"},"content":{"rendered":"<p>Se generaron todo tipo de opiniones despu\u00e9s de que la semana pasada el Gobernador Alfonso Durazo expresara su visi\u00f3n sobre la soluci\u00f3n definitiva al desabasto de agua potable para Hermosillo, en el marco de las desalentadoras noticias que llegan sobre el raqu\u00edtico nivel de los embalses de las presas m\u00e1s importantes de la entidad a causa de la sequ\u00eda presente de varios a\u00f1os a la fecha, mismas que son un presagio de un verano con dificultades para garantizar el abasto de agua las 24 horas del d\u00eda en la capital del estado.<\/p>\n<p>En esta visi\u00f3n expresada la semana anterior, el Gobernador Alfonso Durazo no dio a conocer si su gobierno tiene un proyecto definido ante esta compleja situaci\u00f3n, como coloquialmente se dice, dej\u00f3 la v\u00edbora chillando.<\/p>\n<p>La pregunta obvia para la conferencia de prensa de ayer, estaba m\u00e1s que pintada, sobre todo cuando un d\u00eda antes, Sonora volvi\u00f3 a ser tema en la conferencia de prensa ma\u00f1anera, el Presidente Andr\u00e9s Manuel L\u00f3pez Obrador expres\u00f3 que el Gobernador Alfonso Durazo tiene todo su apoyo para combatir la crisis de abasto de agua para la capital del estado. Si hay un proyecto definido para construir una planta desalinizadora.<\/p>\n<p>El Gobernador Durazo fue directo, se est\u00e1 trabajando junto al Ayuntamiento de Hermosillo para trabajar en la micro medici\u00f3n para cobrar a los usuarios lo que realmente consumen; perforar nuevos pozos; trabajar en la concientizaci\u00f3n de la cultura del agua, porque Hermosillo tiene el m\u00e1s alto consumo per c\u00e1pita a nivel nacional.<\/p>\n<p>Por su parte, para enfrentar en lo inmediato la crisis de abasto de agua, la Comisi\u00f3n Estatal del Agua trabaja en la construcci\u00f3n de una planta potabilizadora al sur de Hermosillo; en adquisici\u00f3n de equipo de mantenimiento para el Acueducto Independencia y en la adquisici\u00f3n de celdas solares para abaratar el costo de energ\u00eda el\u00e9ctrica del equipo de bombeo.<\/p>\n<p>El Gobierno del Estado realiza los estudios para determinar d\u00f3nde es m\u00e1s viable construir una planta desalinizadora en Bah\u00eda de Kino o ampliar la planta desalinizadora de Empalme que se encuentra en periodo de prueba. La soluci\u00f3n a la crisis del agua en Hermosillo no ser\u00e1 f\u00e1cil, no vendr\u00e1 de la noche a la ma\u00f1ana, se necesitan muchos recursos.<\/p>\n<p>Alfonso Durazo asegur\u00f3 que su legado al frente del Gobierno del Estado de Sonora, ser\u00e1 un plan para garantizar el abasto de agua para consumo humano, agr\u00edcola e industrial para Hermosillo para los pr\u00f3ximos treinta a\u00f1os.<\/p>\n<p><strong>TRES CANDADOS DENUNCIA EL BUITRE ROBLES POMPA EN CONVOCATORIA PARA ELEGIR DIRIGENTE DEL PRI<\/strong><\/p>\n<p>Teniendo como marco el aumento de nivel de la guerra de lodo por el proceso electoral que se realiza en seis entidades del pa\u00eds, convocando a las urnas el pr\u00f3ximo domingo para elegir gobernadores, en la que el dirigente nacional Alejandro Moreno est\u00e1 saliendo muy mal parado por comprometedores audios que demuestra que en el PRI no han aprendido de las derrotas, en Sonora se vive una mini batalla en el proceso de elecci\u00f3n del dirigente estatal de ese partido.<\/p>\n<p>Esta mini batalla la ha provocado el Delegado General del Comit\u00e9 Ejecutivo Nacional, que est\u00e1 operando una imposici\u00f3n para elegir dirigente estatal en una Asamblea de Delegados de Consejo Pol\u00edtico, a pesar de que hay casos de Consejeros que ya no militan en el PRI o que incluso, compitieron por otro partido<\/p>\n<p>As\u00ed lo dijo el se\u00f1or Humberto Robles Pompa, que fue el invitado de honor de la reuni\u00f3n de la Mesa Canc\u00fan. El se\u00f1or \u201cBuitre\u201d, para sus amigos, relat\u00f3 los tres candados que marcan la convocatoria y que impiden que los priistas de Sonora, intentar alcanzar un acuerdo pol\u00edtico de unidad.<\/p>\n<p>El primer candado viene la petici\u00f3n de recaudar el apoyo del 25% de los sectores y organizaciones del PRI, el segundo es la constancia del pago de cuotas emitidas por el Comit\u00e9 Ejecutivo Nacional y el tercero es la presentaci\u00f3n de un examen en el Instituto Jes\u00fas Reyes Heroles.<\/p>\n<p>Esta imposici\u00f3n ha provocado que siete de los diez aspirantes a dirigir el PRI en Sonora publicaran un desplegado fechado un d\u00eda despu\u00e9s de publicada la convocatoria, solicitando un proceso abierto, que permita participar a los diez aspirantes, aunque horas despu\u00e9s, por la tarde, David Palafox declin\u00f3 a favor de Zaira Fern\u00e1ndez. Los no firmantes de este desplegado, fueron On\u00e9simo Aguilera; Bulmaro Pacheco y Pedro \u00c1ngel Contreras.<\/p>\n<p>Uno de los riesgos que se corre en este proceso, es que se impugne la convocatoria y se prolongue m\u00e1s el proceso de elecci\u00f3n del nuevo dirigente del PRI, creo que ser\u00eda lo m\u00e1s prudente, tomando en cuenta que Alejandro Moreno, probablemente est\u00e9 viviendo sus \u00faltimas semanas al frente del PRI Nacional por grabaciones revelados a la opini\u00f3n p\u00fablica, que lo inmiscuyen en casos de corrupci\u00f3n.<\/p>\n<p><strong>AVANCE DE MEGAPROYECTOS<\/strong><\/p>\n<p>No solo de planes viven los gobiernos, tambi\u00e9n de obras, que es una de sus obligaciones, en el caso del Gobierno de Sonora, ayer el Gobernador Alfonso Durazo mostr\u00f3 algunas im\u00e1genes de los avances en la construcci\u00f3n de la planta fotovoltaica que se construye en Puerto Pe\u00f1asco.<\/p>\n<p>En las im\u00e1genes mostradas en la conferencia de prensa semanal se observa el trabajo en la construcci\u00f3n de una sub estaci\u00f3n el\u00e9ctrica y el trabajo de maquinaria en la nivelaci\u00f3n y estabilizaci\u00f3n del suelo donde se realizar\u00e1 el tendido de paneles solares en una extensi\u00f3n de dos mil hect\u00e1reas y que en la primera etapa tendr\u00e1 una inversi\u00f3n de\u00a0 \u00a0\u00a0millones de d\u00f3lares.<\/p>\n<p>El Secretario de Salud, Jos\u00e9 Luis Alom\u00eda, expuso el avance de la rehabilitaci\u00f3n de cien centros de salud en el estado para lo cual se destinaron 146 millones de pesos, los trabajos consistieron en\u00a0 \u00a0impermeabilizaci\u00f3n, enjarres, pintura interior y exterior, cambio de pisos y azulejos, banquetas y andadores, puertas y ventanas, muebles de ba\u00f1os y accesorios, se\u00f1al\u00e9tica y luminarias, distribuidas en tres centros urbanos, 88 rurales, ocho unidades especializadas y un hospital comunitario.<\/p>\n<p>En los pr\u00f3ximos meses se desdoblar\u00e1n los trabajos para rehabilitar otros cien centros de salud en todo el estado.<\/p>\n<p><strong>RETAZOS INTERESANTES <\/strong><\/p>\n<p>1.- De los dos mil 600 millones de pesos en pr\u00e9stamos a corto plazo solicitados para finalizar la parte final del ejercicio presupuestal del 2021, el Gobierno del Estado ya se pag\u00f3 el 60%, ser\u00e1 cosa de una semana para que se liquiden esos compromisos crediticios y tener as\u00ed la disposici\u00f3n mensual de 250 millones de pesos para atender necesidades, dijo el Gobernador Alfonso Durazo.<\/p>\n<p>2.-\u00a0 Anda muy atareado el Director de la Codeson, Erubiel Durazo en los detalles log\u00edsticos de la organizaci\u00f3n de los juegos deportivos nacionales de la Conade a celebrarse en Hermosillo del 3 de junio al 26 de julio. La Delegaci\u00f3n sonorense que participar\u00e1 en estos juegos deportivos nacionales tiene una nueva identidad, \u201cSonora Yo\u2019one\u201d, que en lengua yaqui significa \u201cSonora Gana\u201d.<\/p>\n<p>3.- M\u00e1s de cien mil almas asistieron a las Fiestas del Pitic 2022, que tambi\u00e9n sirvieron para dar una reactivada a la alica\u00edda econom\u00eda local, se gener\u00f3 una derrama econ\u00f3mica de 31 millones de pesos, solo en comercios y establecimientos alrededor de la zona de palacios donde se desarrollaron los eventos art\u00edsticos y culturales programados. Insisto, clase de reto que enfrentar\u00e1 el Presidente Antonio Astiazar\u00e1n para las Fiestas del Pitic del a\u00f1o entrante.<\/p>\n<p>Para los amigos de todo el sur de Sonora, los invito a escuchar de 13:00 a 14:00 horas, SONORA EN RED NOTICIAS, espacio que comparto con mi amigo Arturo Chapo Soto, por el 93.3 del cuadrante de F.M. que tambi\u00e9n puede ser visto, a pesar de la cara que nos aventamos, por la se\u00f1al del canal 14 de TV Azteca Tucson, para todo el sur de Arizona. No se lo pierdan.<\/p>\n<p>Podemos interactuar a trav\u00e9s de mi cuenta de Twitter @feroropeza20 o en mi correo electr\u00f3nico\u00a0<a href=\"mailto:luiso@hmo.megared.net.mx\">luiso@hmo.megared.net.mx<\/a><\/p>\n<p>&nbsp;<\/p>\n","protected":false},"excerpt":{"rendered":"<p>Se generaron todo tipo de opiniones despu\u00e9s de que la semana pasada el Gobernador Alfonso Durazo expresara su visi\u00f3n sobre la soluci\u00f3n definitiva al desabasto de agua potable para Hermosillo, en el marco de las desalentadoras noticias que llegan sobre el raqu\u00edtico nivel de los embalses de las presas m\u00e1s importantes de la entidad a [&hellip;]<\/p>\n","protected":false},"author":1,"featured_media":14159,"comment_status":"open","ping_status":"open","sticky":false,"template":"","format":"standard","meta":{"footnotes":""},"categories":[173],"tags":[],"class_list":["post"],"yoast_head":" \n<title>Plan para dotar agua a largo plazo, el legado del Gobernador Durazo - Periodista SoledadDurazo.com<\/title>\n<meta name=\"robots\" content=\"index, follow, max-snippet:-1, max-image-preview:large, max-video-preview:-1\" \/>\n<link rel=\"canonical\" href=\"https:\/\/soledaddurazo.com\/blog\/2022\/06\/01\/plan-para-dotar-agua-a-largo-plazo-el-legado-del-gobernador-durazo\/\" \/>\n<meta property=\"og:locale\" content=\"es_MX\" \/>\n<meta property=\"og:type\" content=\"article\" \/>\n<meta property=\"og:title\" content=\"Plan para dotar agua a largo plazo, el legado del Gobernador Durazo\" \/>\n<meta property=\"og:description\" content=\"Se generaron todo tipo de opiniones despu\u00e9s de que la semana pasada el Gobernador Alfonso Durazo expresara su visi\u00f3n sobre la soluci\u00f3n definitiva al desabasto de agua potable para Hermosillo, en el marco de las desalentadoras noticias que llegan sobre el raqu\u00edtico nivel de los embalses de las presas m\u00e1s importantes de la entidad a [&hellip;]\" \/>\n<meta property=\"og:url\" content=\"https:\/\/soledaddurazo.com\/blog\/2022\/06\/01\/plan-para-dotar-agua-a-largo-plazo-el-legado-del-gobernador-durazo\/\" \/>\n<meta property=\"og:site_name\" content=\"Periodista SoledadDurazo.com\" \/>\n<meta property=\"article:publisher\" content=\"https:\/\/www.facebook.com\/soledad.durazo.9\/\" \/>\n<meta property=\"article:published_time\" content=\"2022-06-02T05:36:43+00:00\" \/>\n<meta property=\"og:image\" content=\"https:\/\/soledaddurazo.com\/storage\/2022\/05\/FERNANDO-OROPEZA-OK.jpg\" \/>\n\t<meta property=\"og:image:width\" content=\"1920\" \/>\n\t<meta property=\"og:image:height\" content=\"1080\" \/>\n<meta name=\"twitter:card\" content=\"summary_large_image\" \/>\n<meta name=\"twitter:creator\" content=\"@SoledadDurazo\" \/>\n<meta name=\"twitter:site\" content=\"@SoledadDurazo\" \/>\n<meta name=\"twitter:label1\" content=\"Escrito por\" \/>\n\t<meta name=\"twitter:data1\" content=\"Redacci\u00f3n\" \/>\n\t<meta name=\"twitter:label2\" content=\"Tiempo de lectura\" \/>\n\t<meta name=\"twitter:data2\" content=\"6 minutos\" \/>\n<script type=\"application\/ld+json\" class=\"yoast-schema-graph\">{\"@context\":\"https:\/\/schema.org\",\"@graph\":[{\"@type\":\"Organization\",\"@id\":\"https:\/\/soledaddurazo.com\/#organization\",\"name\":\"Soledad Durazo\",\"url\":\"https:\/\/soledaddurazo.com\/\",\"sameAs\":[\"https:\/\/www.facebook.com\/soledad.durazo.9\/\",\"https:\/\/www.instagram.com\/soledaddurazo\",\"https:\/\/www.youtube.com\/channel\/UC9yGPw8-Vbl_B2XNkRwPS-w\",\"https:\/\/twitter.com\/SoledadDurazo\"],\"logo\":{\"@type\":\"ImageObject\",\"@id\":\"https:\/\/soledaddurazo.com\/#logo\",\"inLanguage\":\"es\",\"url\":\"https:\/\/soledaddurazo.com\/storage\/2021\/11\/nllp-720x375-1-2.png\",\"contentUrl\":\"https:\/\/soledaddurazo.com\/storage\/2021\/11\/nllp-720x375-1-2.png\",\"width\":720,\"height\":375,\"caption\":\"Soledad Durazo\"},\"image\":{\"@id\":\"https:\/\/soledaddurazo.com\/#logo\"}},{\"@type\":\"WebSite\",\"@id\":\"https:\/\/soledaddurazo.com\/#website\",\"url\":\"https:\/\/soledaddurazo.com\/\",\"name\":\"Periodista SoledadDurazo.com\",\"description\":\"Periodista sonorense. Directora de www.SoledadDurazo.com Columnista, conductora de radio y Tv. Catedr\\u00e1tica en la UNISON\",\"publisher\":{\"@id\":\"https:\/\/soledaddurazo.com\/#organization\"},\"potentialAction\":[{\"@type\":\"SearchAction\",\"target\":{\"@type\":\"EntryPoint\",\"urlTemplate\":\"https:\/\/soledaddurazo.com\/?s={search_term_string}\"},\"query-input\":\"required name=search_term_string\"}],\"inLanguage\":\"es\"},{\"@type\":\"ImageObject\",\"@id\":\"https:\/\/soledaddurazo.com\/blog\/2022\/06\/01\/plan-para-dotar-agua-a-largo-plazo-el-legado-del-gobernador-durazo\/#primaryimage\",\"inLanguage\":\"es\",\"url\":\"https:\/\/soledaddurazo.com\/storage\/2022\/05\/FERNANDO-OROPEZA-OK.jpg\",\"contentUrl\":\"https:\/\/soledaddurazo.com\/storage\/2022\/05\/FERNANDO-OROPEZA-OK.jpg\",\"width\":1920,\"height\":1080},{\"@type\":\"WebPage\",\"@id\":\"https:\/\/soledaddurazo.com\/blog\/2022\/06\/01\/plan-para-dotar-agua-a-largo-plazo-el-legado-del-gobernador-durazo\/#webpage\",\"url\":\"https:\/\/soledaddurazo.com\/blog\/2022\/06\/01\/plan-para-dotar-agua-a-largo-plazo-el-legado-del-gobernador-durazo\/\",\"name\":\"Plan para dotar agua a largo plazo, el legado del Gobernador Durazo - Periodista SoledadDurazo.com\",\"isPartOf\":{\"@id\":\"https:\/\/soledaddurazo.com\/#website\"},\"primaryImageOfPage\":{\"@id\":\"https:\/\/soledaddurazo.com\/blog\/2022\/06\/01\/plan-para-dotar-agua-a-largo-plazo-el-legado-del-gobernador-durazo\/#primaryimage\"},\"datePublished\":\"2022-06-02T05:36:43+00:00\",\"dateModified\":\"2022-06-02T05:36:43+00:00\",\"breadcrumb\":{\"@id\":\"https:\/\/soledaddurazo.com\/blog\/2022\/06\/01\/plan-para-dotar-agua-a-largo-plazo-el-legado-del-gobernador-durazo\/#breadcrumb\"},\"inLanguage\":\"es\",\"potentialAction\":[{\"@type\":\"ReadAction\",\"target\":[\"https:\/\/soledaddurazo.com\/blog\/2022\/06\/01\/plan-para-dotar-agua-a-largo-plazo-el-legado-del-gobernador-durazo\/\"]}]},{\"@type\":\"BreadcrumbList\",\"@id\":\"https:\/\/soledaddurazo.com\/blog\/2022\/06\/01\/plan-para-dotar-agua-a-largo-plazo-el-legado-del-gobernador-durazo\/#breadcrumb\",\"itemListElement\":[{\"@type\":\"ListItem\",\"position\":1,\"name\":\"Home\",\"item\":\"https:\/\/soledaddurazo.com\/\"},{\"@type\":\"ListItem\",\"position\":2,\"name\":\"Plan para dotar agua a largo plazo, el legado del Gobernador Durazo\"}]},{\"@type\":\"Article\",\"@id\":\"https:\/\/soledaddurazo.com\/blog\/2022\/06\/01\/plan-para-dotar-agua-a-largo-plazo-el-legado-del-gobernador-durazo\/#article\",\"isPartOf\":{\"@id\":\"https:\/\/soledaddurazo.com\/blog\/2022\/06\/01\/plan-para-dotar-agua-a-largo-plazo-el-legado-del-gobernador-durazo\/#webpage\"},\"author\":{\"@id\":\"https:\/\/soledaddurazo.com\/#\/schema\/person\/822d8e13aa288585e6546f179853758b\"},\"headline\":\"Plan para dotar agua a largo plazo, el legado del Gobernador Durazo\",\"datePublished\":\"2022-06-02T05:36:43+00:00\",\"dateModified\":\"2022-06-02T05:36:43+00:00\",\"mainEntityOfPage\":{\"@id\":\"https:\/\/soledaddurazo.com\/blog\/2022\/06\/01\/plan-para-dotar-agua-a-largo-plazo-el-legado-del-gobernador-durazo\/#webpage\"},\"wordCount\":1375,\"commentCount\":0,\"publisher\":{\"@id\":\"https:\/\/soledaddurazo.com\/#organization\"},\"image\":{\"@id\":\"https:\/\/soledaddurazo.com\/blog\/2022\/06\/01\/plan-para-dotar-agua-a-largo-plazo-el-legado-del-gobernador-durazo\/#primaryimage\"},\"thumbnailUrl\":\"https:\/\/soledaddurazo.com\/storage\/2022\/05\/FERNANDO-OROPEZA-OK.jpg\",\"articleSection\":[\"Fernando Oropeza\"],\"inLanguage\":\"es\",\"potentialAction\":[{\"@type\":\"CommentAction\",\"name\":\"Comment\",\"target\":[\"https:\/\/soledaddurazo.com\/blog\/2022\/06\/01\/plan-para-dotar-agua-a-largo-plazo-el-legado-del-gobernador-durazo\/#respond\"]}]},{\"@type\":\"Person\",\"@id\":\"https:\/\/soledaddurazo.com\/#\/schema\/person\/822d8e13aa288585e6546f179853758b\",\"name\":\"Redacci\\u00f3n\",\"image\":{\"@type\":\"ImageObject\",\"@id\":\"https:\/\/soledaddurazo.com\/#personlogo\",\"inLanguage\":\"es\",\"url\":\"https:\/\/secure.gravatar.com\/avatar\/c4e193752f756fd61f04deebed3a3a20dc188d37edb53682d313ac57f2725d54?s=96&d=mm&r=g\",\"contentUrl\":\"https:\/\/secure.gravatar.com\/avatar\/c4e193752f756fd61f04deebed3a3a20dc188d37edb53682d313ac57f2725d54?s=96&d=mm&r=g\",\"caption\":\"Redacci\\u00f3n\"},\"sameAs\":[\"https:\/\/soledaddurazo.com\"]}]}<\/script>\n ","yoast_head_json":{"title":"Plan para dotar agua a largo plazo, el legado del Gobernador Durazo - Periodista SoledadDurazo.com","robots":{"index":"index","follow":"follow","max-snippet":"max-snippet:-1","max-image-preview":"max-image-preview:large","max-video-preview":"max-video-preview:-1"},"canonical":"https:\/\/soledaddurazo.com\/blog\/2022\/06\/01\/plan-para-dotar-agua-a-largo-plazo-el-legado-del-gobernador-durazo\/","og_locale":"es_MX","og_type":"article","og_title":"Plan para dotar agua a largo plazo, el legado del Gobernador Durazo","og_description":"Se generaron todo tipo de opiniones despu\u00e9s de que la semana pasada el Gobernador Alfonso Durazo expresara su visi\u00f3n sobre la soluci\u00f3n definitiva al desabasto de agua potable para Hermosillo, en el marco de las desalentadoras noticias que llegan sobre el raqu\u00edtico nivel de los embalses de las presas m\u00e1s importantes de la entidad a [&hellip;]","og_url":"https:\/\/soledaddurazo.com\/blog\/2022\/06\/01\/plan-para-dotar-agua-a-largo-plazo-el-legado-del-gobernador-durazo\/","og_site_name":"Periodista SoledadDurazo.com","article_publisher":"https:\/\/www.facebook.com\/soledad.durazo.9\/","article_published_time":"2022-06-02T05:36:43+00:00","og_image":[{"width":1920,"height":1080,"url":"https:\/\/soledaddurazo.com\/storage\/2022\/05\/FERNANDO-OROPEZA-OK.jpg","type":"image\/jpeg"}],"twitter_card":"summary_large_image","twitter_creator":"@SoledadDurazo","twitter_site":"@SoledadDurazo","twitter_misc":{"Escrito por":"Redacci\u00f3n","Tiempo de lectura":"6 minutos"},"schema":{"@context":"https:\/\/schema.org","@graph":[{"@type":"Organization","@id":"https:\/\/soledaddurazo.com\/#organization","name":"Soledad Durazo","url":"https:\/\/soledaddurazo.com\/","sameAs":["https:\/\/www.facebook.com\/soledad.durazo.9\/","https:\/\/www.instagram.com\/soledaddurazo","https:\/\/www.youtube.com\/channel\/UC9yGPw8-Vbl_B2XNkRwPS-w","https:\/\/twitter.com\/SoledadDurazo"],"logo":{"@type":"ImageObject","@id":"https:\/\/soledaddurazo.com\/#logo","inLanguage":"es","url":"https:\/\/soledaddurazo.com\/storage\/2021\/11\/nllp-720x375-1-2.png","contentUrl":"https:\/\/soledaddurazo.com\/storage\/2021\/11\/nllp-720x375-1-2.png","width":720,"height":375,"caption":"Soledad Durazo"},"image":{"@id":"https:\/\/soledaddurazo.com\/#logo"}},{"@type":"WebSite","@id":"https:\/\/soledaddurazo.com\/#website","url":"https:\/\/soledaddurazo.com\/","name":"Periodista SoledadDurazo.com","description":"Periodista sonorense. Directora de www.SoledadDurazo.com Columnista, conductora de radio y Tv. Catedr\u00e1tica en la UNISON","publisher":{"@id":"https:\/\/soledaddurazo.com\/#organization"},"potentialAction":[{"@type":"SearchAction","target":{"@type":"EntryPoint","urlTemplate":"https:\/\/soledaddurazo.com\/?s={search_term_string}"},"query-input":"required name=search_term_string"}],"inLanguage":"es"},{"@type":"ImageObject","@id":"https:\/\/soledaddurazo.com\/blog\/2022\/06\/01\/plan-para-dotar-agua-a-largo-plazo-el-legado-del-gobernador-durazo\/#primaryimage","inLanguage":"es","url":"https:\/\/soledaddurazo.com\/storage\/2022\/05\/FERNANDO-OROPEZA-OK.jpg","contentUrl":"https:\/\/soledaddurazo.com\/storage\/2022\/05\/FERNANDO-OROPEZA-OK.jpg","width":1920,"height":1080},{"@type":"WebPage","@id":"https:\/\/soledaddurazo.com\/blog\/2022\/06\/01\/plan-para-dotar-agua-a-largo-plazo-el-legado-del-gobernador-durazo\/#webpage","url":"https:\/\/soledaddurazo.com\/blog\/2022\/06\/01\/plan-para-dotar-agua-a-largo-plazo-el-legado-del-gobernador-durazo\/","name":"Plan para dotar agua a largo plazo, el legado del Gobernador Durazo - Periodista SoledadDurazo.com","isPartOf":{"@id":"https:\/\/soledaddurazo.com\/#website"},"primaryImageOfPage":{"@id":"https:\/\/soledaddurazo.com\/blog\/2022\/06\/01\/plan-para-dotar-agua-a-largo-plazo-el-legado-del-gobernador-durazo\/#primaryimage"},"datePublished":"2022-06-02T05:36:43+00:00","dateModified":"2022-06-02T05:36:43+00:00","breadcrumb":{"@id":"https:\/\/soledaddurazo.com\/blog\/2022\/06\/01\/plan-para-dotar-agua-a-largo-plazo-el-legado-del-gobernador-durazo\/#breadcrumb"},"inLanguage":"es","potentialAction":[{"@type":"ReadAction","target":["https:\/\/soledaddurazo.com\/blog\/2022\/06\/01\/plan-para-dotar-agua-a-largo-plazo-el-legado-del-gobernador-durazo\/"]}]},{"@type":"BreadcrumbList","@id":"https:\/\/soledaddurazo.com\/blog\/2022\/06\/01\/plan-para-dotar-agua-a-largo-plazo-el-legado-del-gobernador-durazo\/#breadcrumb","itemListElement":[{"@type":"ListItem","position":1,"name":"Home","item":"https:\/\/soledaddurazo.com\/"},{"@type":"ListItem","position":2,"name":"Plan para dotar agua a largo plazo, el legado del Gobernador Durazo"}]},{"@type":"Article","@id":"https:\/\/soledaddurazo.com\/blog\/2022\/06\/01\/plan-para-dotar-agua-a-largo-plazo-el-legado-del-gobernador-durazo\/#article","isPartOf":{"@id":"https:\/\/soledaddurazo.com\/blog\/2022\/06\/01\/plan-para-dotar-agua-a-largo-plazo-el-legado-del-gobernador-durazo\/#webpage"},"author":{"@id":"https:\/\/soledaddurazo.com\/#\/schema\/person\/822d8e13aa288585e6546f179853758b"},"headline":"Plan para dotar agua a largo plazo, el legado del Gobernador Durazo","datePublished":"2022-06-02T05:36:43+00:00","dateModified":"2022-06-02T05:36:43+00:00","mainEntityOfPage":{"@id":"https:\/\/soledaddurazo.com\/blog\/2022\/06\/01\/plan-para-dotar-agua-a-largo-plazo-el-legado-del-gobernador-durazo\/#webpage"},"wordCount":1375,"commentCount":0,"publisher":{"@id":"https:\/\/soledaddurazo.com\/#organization"},"image":{"@id":"https:\/\/soledaddurazo.com\/blog\/2022\/06\/01\/plan-para-dotar-agua-a-largo-plazo-el-legado-del-gobernador-durazo\/#primaryimage"},"thumbnailUrl":"https:\/\/soledaddurazo.com\/storage\/2022\/05\/FERNANDO-OROPEZA-OK.jpg","articleSection":["Fernando Oropeza"],"inLanguage":"es","potentialAction":[{"@type":"CommentAction","name":"Comment","target":["https:\/\/soledaddurazo.com\/blog\/2022\/06\/01\/plan-para-dotar-agua-a-largo-plazo-el-legado-del-gobernador-durazo\/#respond"]}]},{"@type":"Person","@id":"https:\/\/soledaddurazo.com\/#\/schema\/person\/822d8e13aa288585e6546f179853758b","name":"Redacci\u00f3n","image":{"@type":"ImageObject","@id":"https:\/\/soledaddurazo.com\/#personlogo","inLanguage":"es","url":"https:\/\/secure.gravatar.com\/avatar\/c4e193752f756fd61f04deebed3a3a20dc188d37edb53682d313ac57f2725d54?s=96&d=mm&r=g","contentUrl":"https:\/\/secure.gravatar.com\/avatar\/c4e193752f756fd61f04deebed3a3a20dc188d37edb53682d313ac57f2725d54?s=96&d=mm&r=g","caption":"Redacci\u00f3n"},"sameAs":["https:\/\/soledaddurazo.com"]}]}},"_links":{"self":[{"href":"https:\/\/soledaddurazo.com\/api\/wp\/v2\/posts\/14317","targetHints":{"allow":["GET"]}}],"collection":[{"href":"https:\/\/soledaddurazo.com\/api\/wp\/v2\/posts"}],"about":[{"href":"https:\/\/soledaddurazo.com\/api\/wp\/v2\/types\/post"}],"author":[{"embeddable":true,"href":"https:\/\/soledaddurazo.com\/api\/wp\/v2\/users\/1"}],"replies":[{"embeddable":true,"href":"https:\/\/soledaddurazo.com\/api\/wp\/v2\/comments?post=14317"}],"version-history":[{"count":1,"href":"https:\/\/soledaddurazo.com\/api\/wp\/v2\/posts\/14317\/revisions"}],"predecessor-version":[{"id":14319,"href":"https:\/\/soledaddurazo.com\/api\/wp\/v2\/posts\/14317\/revisions\/14319"}],"wp:featuredmedia":[{"embeddable":true,"href":"https:\/\/soledaddurazo.com\/api\/wp\/v2\/media\/14159"}],"wp:attachment":[{"href":"https:\/\/soledaddurazo.com\/api\/wp\/v2\/media?parent=14317"}],"wp:term":[{"taxonomy":"category","embeddable":true,"href":"https:\/\/soledaddurazo.com\/api\/wp\/v2\/categories?post=14317"},{"taxonomy":"post_tag","embeddable":true,"href":"https:\/\/soledaddurazo.com\/api\/wp\/v2\/tags?post=14317"}],"curies":[{"name":"wp","href":"https:\/\/api.w.org\/{rel}","templated":true}]}}