{"id":14266,"date":"2022-05-25T12:25:00","date_gmt":"2022-05-25T19:25:00","guid":{"rendered":"https:\/\/soledaddurazo.com\/?p=14266"},"modified":"2022-05-25T12:37:07","modified_gmt":"2022-05-25T19:37:07","slug":"amplia-unison-oferta-educativa-ante-alta-demanda-de-espacios","status":"publish","type":"post","link":"https:\/\/soledaddurazo.com\/blog\/2022\/05\/25\/amplia-unison-oferta-educativa-ante-alta-demanda-de-espacios\/","title":{"rendered":"Ampl\u00eda Unison oferta educativa ante alta demanda de espacios"},"content":{"rendered":"<p><strong>En relaci\u00f3n con el proceso Admisi\u00f3n 2022, la Universidad de Sonora informa:<\/strong><\/p>\n<p><strong>\u00a0<\/strong><\/p>\n<ul>\n<li>En la actual convocatoria para estudiantes de primer ingreso, esta casa de estudios atendi\u00f3 una demanda hist\u00f3rica de 42,108 solicitudes de ingreso por parte de 16,441 egresados de bachillerato; siendo la cifra de solicitudes la m\u00e1s alta de los \u00faltimos 10 a\u00f1os. Los aspirantes tienen la oportunidad de elegir hasta tres programas educativos, ordenados del uno al tres.<\/li>\n<\/ul>\n<p>&nbsp;<\/p>\n<ul>\n<li>De acuerdo con lo establecido en la convocatoria Admisi\u00f3n 2022, disponible en el sitio <a href=\"https:\/\/admision.unison.mx\/Convocatoria-2022.pdf\">https:\/\/admision.unison.mx\/Convocatoria-2022.pdf<\/a> , este proceso se encuentra en la etapa de inscripci\u00f3n de aspirantes que ingresaron a trav\u00e9s de la modalidad de examen Ceneval; y al mismo tiempo, se realiza la asignaci\u00f3n de espacios educativos mediante las opciones de corrimiento de listas y tronco com\u00fan.<\/li>\n<\/ul>\n<p>&nbsp;<\/p>\n<ul>\n<li>Para atender esta demanda hist\u00f3rica, la Universidad de Sonora realiza su m\u00e1ximo esfuerzo; de tal forma que, de una oferta inicial de 8,010 espacios, se ampli\u00f3 a 9,175, esto para las 56 licenciaturas que se imparten en los seis campus de la instituci\u00f3n: Hermosillo, Caborca, Santa Ana, Nogales, Cajeme y Navojoa.<\/li>\n<\/ul>\n<p>&nbsp;<\/p>\n<ul>\n<li>Los 1,165 espacios educativos adicionales representan un incremento del 14% respecto a la oferta educativa inicial, lo cual permiti\u00f3 ampliar lugares en las licenciaturas de: Enfermer\u00eda, Administraci\u00f3n e Ingenier\u00eda Civil, en el campus Navojoa; Educaci\u00f3n y Administraci\u00f3n, en el campus Caborca; y Administraci\u00f3n, en la sede universitaria ubicada en Nogales.<\/li>\n<\/ul>\n<p>&nbsp;<\/p>\n<p>Mientras que, en el campus de Hermosillo, se ampliaron tambi\u00e9n espacios en las carreras de: Ingenier\u00eda Industrial y de Sistemas, Psicolog\u00eda, Derecho, Ciencias de la Comunicaci\u00f3n, Ingenier\u00eda en Ciencias Ambientales, Contadur\u00eda P\u00fablica, Administraci\u00f3n, Qu\u00edmico Bi\u00f3logo Cl\u00ednico y M\u00e9dico Veterinario Zootecnista.<\/p>\n<p>&nbsp;<\/p>\n<ul>\n<li>La demanda de aspirantes de primer ingreso se concentra en disciplinas pertenecientes al \u00e1rea de ciencias biol\u00f3gicas y de la salud, las cuales ocupan, como parte de su proceso de ense\u00f1anza aprendizaje, de laboratorios especializados y de la disponibilidad de campos cl\u00ednicos regulados exclusivamente por el sector salud.<\/li>\n<\/ul>\n<p>&nbsp;<\/p>\n<ul>\n<li>A partir de 2020 la alma mater integr\u00f3 a su proceso de admisi\u00f3n el Examen Nacional de Ingreso a la Educaci\u00f3n Superior (Exani II) que aplica y califica el Centro Nacional para la Evaluaci\u00f3n de la Educaci\u00f3n Superior (Ceneval) y evalu\u00f3 en este a\u00f1o las \u00e1reas de comprensi\u00f3n lectora, redacci\u00f3n indirecta y pensamiento matem\u00e1tico.<\/li>\n<\/ul>\n<p>&nbsp;<\/p>\n<ul>\n<li>El resultado que define el lugar de ingreso de los aspirantes se conforma en un 40% del promedio general de bachillerato y el 60% del \u00edndice obtenido en la evaluaci\u00f3n Exani II de Ceneval, y dependiendo de esta ponderaci\u00f3n se asigna el espacio de inscripci\u00f3n.<\/li>\n<\/ul>\n<p>&nbsp;<\/p>\n<ul>\n<li>Esta casa de estudios refrenda su compromiso con la sociedad sonorense de atender al mayor n\u00famero posible de aspirantes sin descuidar ni demeritar la calidad acad\u00e9mica que los j\u00f3venes reciben en las aulas por parte de una s\u00f3lida y comprometida planta docente.<\/li>\n<\/ul>\n<p>&nbsp;<\/p>\n<p>En atenci\u00f3n a ese compromiso y sensible a la dif\u00edcil situaci\u00f3n econ\u00f3mica por la atraviesan muchas familias a consecuencia de la pandemia, la Comisi\u00f3n Institucional de Primer Ingreso acord\u00f3, para el proceso Admisi\u00f3n 2022, reducir el costo del derecho al examen, hasta para tres opciones diferentes, a $400.00, factor que incidi\u00f3 en el registro de dicha demanda hist\u00f3rica.\u00a0\u00a0 (Ver m\u00e1s en <a href=\"https:\/\/www.unison.mx\/nota\/?idnoti=32031\">https:\/\/www.unison.mx\/nota\/?idnoti=32031<\/a> )<\/p>\n<p>&nbsp;<\/p>\n<p>Como parte del mismo proceso de primer ingreso, esta casa de estudios implement\u00f3 el Programa especial de apoyo a estudiantes provenientes de comunidades ind\u00edgenas, a fin de garantizar el acceso a la educaci\u00f3n superior a integrantes de grupos \u00e9tnicos. (Ver m\u00e1s en <a href=\"https:\/\/www.unison.mx\/nota\/?idnoti=32531\">https:\/\/www.unison.mx\/nota\/?idnoti=32531<\/a> )<\/p>\n<p>&nbsp;<\/p>\n<p>Mantener y elevar la calidad acad\u00e9mica, as\u00ed como el reconocimiento social que esta casa de estudios ha alcanzado, es uno de los principales compromisos de la actual administraci\u00f3n institucional, y sin dem\u00e9rito de dicha excelencia educativa, se har\u00e1 un esfuerzo para abrir el mayor n\u00famero posible de lugares acad\u00e9micos hasta donde la infraestructura educativa instalada lo permita.<\/p>\n<p>&nbsp;<\/p>\n<p>&nbsp;<\/p>\n<p><strong>\u00a0<\/strong><\/p>\n","protected":false},"excerpt":{"rendered":"<p>En relaci\u00f3n con el proceso Admisi\u00f3n 2022, la Universidad de Sonora informa: \u00a0 En la actual convocatoria para estudiantes de primer ingreso, esta casa de estudios atendi\u00f3 una demanda hist\u00f3rica de 42,108 solicitudes de ingreso por parte de 16,441 egresados de bachillerato; siendo la cifra de solicitudes la m\u00e1s alta de los \u00faltimos 10 a\u00f1os. [&hellip;]<\/p>\n","protected":false},"author":1,"featured_media":14267,"comment_status":"open","ping_status":"open","sticky":false,"template":"","format":"standard","meta":{"footnotes":""},"categories":[159],"tags":[],"class_list":["post"],"yoast_head":" \n<title>Ampl\u00eda Unison oferta educativa ante alta demanda de espacios - Periodista SoledadDurazo.com<\/title>\n<meta name=\"robots\" content=\"index, follow, max-snippet:-1, max-image-preview:large, max-video-preview:-1\" \/>\n<link rel=\"canonical\" href=\"https:\/\/soledaddurazo.com\/blog\/2022\/05\/25\/amplia-unison-oferta-educativa-ante-alta-demanda-de-espacios\/\" \/>\n<meta property=\"og:locale\" content=\"es_MX\" \/>\n<meta property=\"og:type\" content=\"article\" \/>\n<meta property=\"og:title\" content=\"Ampl\u00eda Unison oferta educativa ante alta demanda de espacios\" \/>\n<meta property=\"og:description\" content=\"En relaci\u00f3n con el proceso Admisi\u00f3n 2022, la Universidad de Sonora informa: \u00a0 En la actual convocatoria para estudiantes de primer ingreso, esta casa de estudios atendi\u00f3 una demanda hist\u00f3rica de 42,108 solicitudes de ingreso por parte de 16,441 egresados de bachillerato; siendo la cifra de solicitudes la m\u00e1s alta de los \u00faltimos 10 a\u00f1os. [&hellip;]\" \/>\n<meta property=\"og:url\" content=\"https:\/\/soledaddurazo.com\/blog\/2022\/05\/25\/amplia-unison-oferta-educativa-ante-alta-demanda-de-espacios\/\" \/>\n<meta property=\"og:site_name\" content=\"Periodista SoledadDurazo.com\" \/>\n<meta property=\"article:publisher\" content=\"https:\/\/www.facebook.com\/soledad.durazo.9\/\" \/>\n<meta property=\"article:published_time\" content=\"2022-05-25T19:25:00+00:00\" \/>\n<meta property=\"article:modified_time\" content=\"2022-05-25T19:37:07+00:00\" \/>\n<meta property=\"og:image\" content=\"https:\/\/soledaddurazo.com\/storage\/2022\/05\/UNISON..jpg\" \/>\n\t<meta property=\"og:image:width\" content=\"1238\" \/>\n\t<meta property=\"og:image:height\" content=\"825\" \/>\n<meta name=\"twitter:card\" content=\"summary_large_image\" \/>\n<meta name=\"twitter:creator\" content=\"@SoledadDurazo\" \/>\n<meta name=\"twitter:site\" content=\"@SoledadDurazo\" \/>\n<meta name=\"twitter:label1\" content=\"Escrito por\" \/>\n\t<meta name=\"twitter:data1\" content=\"Redacci\u00f3n\" \/>\n\t<meta name=\"twitter:label2\" content=\"Tiempo de lectura\" \/>\n\t<meta name=\"twitter:data2\" content=\"3 minutos\" \/>\n<script type=\"application\/ld+json\" class=\"yoast-schema-graph\">{\"@context\":\"https:\/\/schema.org\",\"@graph\":[{\"@type\":\"Organization\",\"@id\":\"https:\/\/soledaddurazo.com\/#organization\",\"name\":\"Soledad Durazo\",\"url\":\"https:\/\/soledaddurazo.com\/\",\"sameAs\":[\"https:\/\/www.facebook.com\/soledad.durazo.9\/\",\"https:\/\/www.instagram.com\/soledaddurazo\",\"https:\/\/www.youtube.com\/channel\/UC9yGPw8-Vbl_B2XNkRwPS-w\",\"https:\/\/twitter.com\/SoledadDurazo\"],\"logo\":{\"@type\":\"ImageObject\",\"@id\":\"https:\/\/soledaddurazo.com\/#logo\",\"inLanguage\":\"es\",\"url\":\"https:\/\/soledaddurazo.com\/storage\/2021\/11\/nllp-720x375-1-2.png\",\"contentUrl\":\"https:\/\/soledaddurazo.com\/storage\/2021\/11\/nllp-720x375-1-2.png\",\"width\":720,\"height\":375,\"caption\":\"Soledad Durazo\"},\"image\":{\"@id\":\"https:\/\/soledaddurazo.com\/#logo\"}},{\"@type\":\"WebSite\",\"@id\":\"https:\/\/soledaddurazo.com\/#website\",\"url\":\"https:\/\/soledaddurazo.com\/\",\"name\":\"Periodista SoledadDurazo.com\",\"description\":\"Periodista sonorense. Directora de www.SoledadDurazo.com Columnista, conductora de radio y Tv. Catedr\\u00e1tica en la UNISON\",\"publisher\":{\"@id\":\"https:\/\/soledaddurazo.com\/#organization\"},\"potentialAction\":[{\"@type\":\"SearchAction\",\"target\":{\"@type\":\"EntryPoint\",\"urlTemplate\":\"https:\/\/soledaddurazo.com\/?s={search_term_string}\"},\"query-input\":\"required name=search_term_string\"}],\"inLanguage\":\"es\"},{\"@type\":\"ImageObject\",\"@id\":\"https:\/\/soledaddurazo.com\/blog\/2022\/05\/25\/amplia-unison-oferta-educativa-ante-alta-demanda-de-espacios\/#primaryimage\",\"inLanguage\":\"es\",\"url\":\"https:\/\/soledaddurazo.com\/storage\/2022\/05\/UNISON..jpg\",\"contentUrl\":\"https:\/\/soledaddurazo.com\/storage\/2022\/05\/UNISON..jpg\",\"width\":1238,\"height\":825},{\"@type\":\"WebPage\",\"@id\":\"https:\/\/soledaddurazo.com\/blog\/2022\/05\/25\/amplia-unison-oferta-educativa-ante-alta-demanda-de-espacios\/#webpage\",\"url\":\"https:\/\/soledaddurazo.com\/blog\/2022\/05\/25\/amplia-unison-oferta-educativa-ante-alta-demanda-de-espacios\/\",\"name\":\"Ampl\\u00eda Unison oferta educativa ante alta demanda de espacios - Periodista SoledadDurazo.com\",\"isPartOf\":{\"@id\":\"https:\/\/soledaddurazo.com\/#website\"},\"primaryImageOfPage\":{\"@id\":\"https:\/\/soledaddurazo.com\/blog\/2022\/05\/25\/amplia-unison-oferta-educativa-ante-alta-demanda-de-espacios\/#primaryimage\"},\"datePublished\":\"2022-05-25T19:25:00+00:00\",\"dateModified\":\"2022-05-25T19:37:07+00:00\",\"breadcrumb\":{\"@id\":\"https:\/\/soledaddurazo.com\/blog\/2022\/05\/25\/amplia-unison-oferta-educativa-ante-alta-demanda-de-espacios\/#breadcrumb\"},\"inLanguage\":\"es\",\"potentialAction\":[{\"@type\":\"ReadAction\",\"target\":[\"https:\/\/soledaddurazo.com\/blog\/2022\/05\/25\/amplia-unison-oferta-educativa-ante-alta-demanda-de-espacios\/\"]}]},{\"@type\":\"BreadcrumbList\",\"@id\":\"https:\/\/soledaddurazo.com\/blog\/2022\/05\/25\/amplia-unison-oferta-educativa-ante-alta-demanda-de-espacios\/#breadcrumb\",\"itemListElement\":[{\"@type\":\"ListItem\",\"position\":1,\"name\":\"Home\",\"item\":\"https:\/\/soledaddurazo.com\/\"},{\"@type\":\"ListItem\",\"position\":2,\"name\":\"Ampl\\u00eda Unison oferta educativa ante alta demanda de espacios\"}]},{\"@type\":\"Article\",\"@id\":\"https:\/\/soledaddurazo.com\/blog\/2022\/05\/25\/amplia-unison-oferta-educativa-ante-alta-demanda-de-espacios\/#article\",\"isPartOf\":{\"@id\":\"https:\/\/soledaddurazo.com\/blog\/2022\/05\/25\/amplia-unison-oferta-educativa-ante-alta-demanda-de-espacios\/#webpage\"},\"author\":{\"@id\":\"https:\/\/soledaddurazo.com\/#\/schema\/person\/822d8e13aa288585e6546f179853758b\"},\"headline\":\"Ampl\\u00eda Unison oferta educativa ante alta demanda de espacios\",\"datePublished\":\"2022-05-25T19:25:00+00:00\",\"dateModified\":\"2022-05-25T19:37:07+00:00\",\"mainEntityOfPage\":{\"@id\":\"https:\/\/soledaddurazo.com\/blog\/2022\/05\/25\/amplia-unison-oferta-educativa-ante-alta-demanda-de-espacios\/#webpage\"},\"wordCount\":707,\"commentCount\":0,\"publisher\":{\"@id\":\"https:\/\/soledaddurazo.com\/#organization\"},\"image\":{\"@id\":\"https:\/\/soledaddurazo.com\/blog\/2022\/05\/25\/amplia-unison-oferta-educativa-ante-alta-demanda-de-espacios\/#primaryimage\"},\"thumbnailUrl\":\"https:\/\/soledaddurazo.com\/storage\/2022\/05\/UNISON..jpg\",\"articleSection\":[\"Mi Sonora\"],\"inLanguage\":\"es\",\"potentialAction\":[{\"@type\":\"CommentAction\",\"name\":\"Comment\",\"target\":[\"https:\/\/soledaddurazo.com\/blog\/2022\/05\/25\/amplia-unison-oferta-educativa-ante-alta-demanda-de-espacios\/#respond\"]}]},{\"@type\":\"Person\",\"@id\":\"https:\/\/soledaddurazo.com\/#\/schema\/person\/822d8e13aa288585e6546f179853758b\",\"name\":\"Redacci\\u00f3n\",\"image\":{\"@type\":\"ImageObject\",\"@id\":\"https:\/\/soledaddurazo.com\/#personlogo\",\"inLanguage\":\"es\",\"url\":\"https:\/\/secure.gravatar.com\/avatar\/c4e193752f756fd61f04deebed3a3a20dc188d37edb53682d313ac57f2725d54?s=96&d=mm&r=g\",\"contentUrl\":\"https:\/\/secure.gravatar.com\/avatar\/c4e193752f756fd61f04deebed3a3a20dc188d37edb53682d313ac57f2725d54?s=96&d=mm&r=g\",\"caption\":\"Redacci\\u00f3n\"},\"sameAs\":[\"https:\/\/soledaddurazo.com\"]}]}<\/script>\n ","yoast_head_json":{"title":"Ampl\u00eda Unison oferta educativa ante alta demanda de espacios - Periodista SoledadDurazo.com","robots":{"index":"index","follow":"follow","max-snippet":"max-snippet:-1","max-image-preview":"max-image-preview:large","max-video-preview":"max-video-preview:-1"},"canonical":"https:\/\/soledaddurazo.com\/blog\/2022\/05\/25\/amplia-unison-oferta-educativa-ante-alta-demanda-de-espacios\/","og_locale":"es_MX","og_type":"article","og_title":"Ampl\u00eda Unison oferta educativa ante alta demanda de espacios","og_description":"En relaci\u00f3n con el proceso Admisi\u00f3n 2022, la Universidad de Sonora informa: \u00a0 En la actual convocatoria para estudiantes de primer ingreso, esta casa de estudios atendi\u00f3 una demanda hist\u00f3rica de 42,108 solicitudes de ingreso por parte de 16,441 egresados de bachillerato; siendo la cifra de solicitudes la m\u00e1s alta de los \u00faltimos 10 a\u00f1os. [&hellip;]","og_url":"https:\/\/soledaddurazo.com\/blog\/2022\/05\/25\/amplia-unison-oferta-educativa-ante-alta-demanda-de-espacios\/","og_site_name":"Periodista SoledadDurazo.com","article_publisher":"https:\/\/www.facebook.com\/soledad.durazo.9\/","article_published_time":"2022-05-25T19:25:00+00:00","article_modified_time":"2022-05-25T19:37:07+00:00","og_image":[{"width":1238,"height":825,"url":"https:\/\/soledaddurazo.com\/storage\/2022\/05\/UNISON..jpg","type":"image\/jpeg"}],"twitter_card":"summary_large_image","twitter_creator":"@SoledadDurazo","twitter_site":"@SoledadDurazo","twitter_misc":{"Escrito por":"Redacci\u00f3n","Tiempo de lectura":"3 minutos"},"schema":{"@context":"https:\/\/schema.org","@graph":[{"@type":"Organization","@id":"https:\/\/soledaddurazo.com\/#organization","name":"Soledad Durazo","url":"https:\/\/soledaddurazo.com\/","sameAs":["https:\/\/www.facebook.com\/soledad.durazo.9\/","https:\/\/www.instagram.com\/soledaddurazo","https:\/\/www.youtube.com\/channel\/UC9yGPw8-Vbl_B2XNkRwPS-w","https:\/\/twitter.com\/SoledadDurazo"],"logo":{"@type":"ImageObject","@id":"https:\/\/soledaddurazo.com\/#logo","inLanguage":"es","url":"https:\/\/soledaddurazo.com\/storage\/2021\/11\/nllp-720x375-1-2.png","contentUrl":"https:\/\/soledaddurazo.com\/storage\/2021\/11\/nllp-720x375-1-2.png","width":720,"height":375,"caption":"Soledad Durazo"},"image":{"@id":"https:\/\/soledaddurazo.com\/#logo"}},{"@type":"WebSite","@id":"https:\/\/soledaddurazo.com\/#website","url":"https:\/\/soledaddurazo.com\/","name":"Periodista SoledadDurazo.com","description":"Periodista sonorense. Directora de www.SoledadDurazo.com Columnista, conductora de radio y Tv. Catedr\u00e1tica en la UNISON","publisher":{"@id":"https:\/\/soledaddurazo.com\/#organization"},"potentialAction":[{"@type":"SearchAction","target":{"@type":"EntryPoint","urlTemplate":"https:\/\/soledaddurazo.com\/?s={search_term_string}"},"query-input":"required name=search_term_string"}],"inLanguage":"es"},{"@type":"ImageObject","@id":"https:\/\/soledaddurazo.com\/blog\/2022\/05\/25\/amplia-unison-oferta-educativa-ante-alta-demanda-de-espacios\/#primaryimage","inLanguage":"es","url":"https:\/\/soledaddurazo.com\/storage\/2022\/05\/UNISON..jpg","contentUrl":"https:\/\/soledaddurazo.com\/storage\/2022\/05\/UNISON..jpg","width":1238,"height":825},{"@type":"WebPage","@id":"https:\/\/soledaddurazo.com\/blog\/2022\/05\/25\/amplia-unison-oferta-educativa-ante-alta-demanda-de-espacios\/#webpage","url":"https:\/\/soledaddurazo.com\/blog\/2022\/05\/25\/amplia-unison-oferta-educativa-ante-alta-demanda-de-espacios\/","name":"Ampl\u00eda Unison oferta educativa ante alta demanda de espacios - Periodista SoledadDurazo.com","isPartOf":{"@id":"https:\/\/soledaddurazo.com\/#website"},"primaryImageOfPage":{"@id":"https:\/\/soledaddurazo.com\/blog\/2022\/05\/25\/amplia-unison-oferta-educativa-ante-alta-demanda-de-espacios\/#primaryimage"},"datePublished":"2022-05-25T19:25:00+00:00","dateModified":"2022-05-25T19:37:07+00:00","breadcrumb":{"@id":"https:\/\/soledaddurazo.com\/blog\/2022\/05\/25\/amplia-unison-oferta-educativa-ante-alta-demanda-de-espacios\/#breadcrumb"},"inLanguage":"es","potentialAction":[{"@type":"ReadAction","target":["https:\/\/soledaddurazo.com\/blog\/2022\/05\/25\/amplia-unison-oferta-educativa-ante-alta-demanda-de-espacios\/"]}]},{"@type":"BreadcrumbList","@id":"https:\/\/soledaddurazo.com\/blog\/2022\/05\/25\/amplia-unison-oferta-educativa-ante-alta-demanda-de-espacios\/#breadcrumb","itemListElement":[{"@type":"ListItem","position":1,"name":"Home","item":"https:\/\/soledaddurazo.com\/"},{"@type":"ListItem","position":2,"name":"Ampl\u00eda Unison oferta educativa ante alta demanda de espacios"}]},{"@type":"Article","@id":"https:\/\/soledaddurazo.com\/blog\/2022\/05\/25\/amplia-unison-oferta-educativa-ante-alta-demanda-de-espacios\/#article","isPartOf":{"@id":"https:\/\/soledaddurazo.com\/blog\/2022\/05\/25\/amplia-unison-oferta-educativa-ante-alta-demanda-de-espacios\/#webpage"},"author":{"@id":"https:\/\/soledaddurazo.com\/#\/schema\/person\/822d8e13aa288585e6546f179853758b"},"headline":"Ampl\u00eda Unison oferta educativa ante alta demanda de espacios","datePublished":"2022-05-25T19:25:00+00:00","dateModified":"2022-05-25T19:37:07+00:00","mainEntityOfPage":{"@id":"https:\/\/soledaddurazo.com\/blog\/2022\/05\/25\/amplia-unison-oferta-educativa-ante-alta-demanda-de-espacios\/#webpage"},"wordCount":707,"commentCount":0,"publisher":{"@id":"https:\/\/soledaddurazo.com\/#organization"},"image":{"@id":"https:\/\/soledaddurazo.com\/blog\/2022\/05\/25\/amplia-unison-oferta-educativa-ante-alta-demanda-de-espacios\/#primaryimage"},"thumbnailUrl":"https:\/\/soledaddurazo.com\/storage\/2022\/05\/UNISON..jpg","articleSection":["Mi Sonora"],"inLanguage":"es","potentialAction":[{"@type":"CommentAction","name":"Comment","target":["https:\/\/soledaddurazo.com\/blog\/2022\/05\/25\/amplia-unison-oferta-educativa-ante-alta-demanda-de-espacios\/#respond"]}]},{"@type":"Person","@id":"https:\/\/soledaddurazo.com\/#\/schema\/person\/822d8e13aa288585e6546f179853758b","name":"Redacci\u00f3n","image":{"@type":"ImageObject","@id":"https:\/\/soledaddurazo.com\/#personlogo","inLanguage":"es","url":"https:\/\/secure.gravatar.com\/avatar\/c4e193752f756fd61f04deebed3a3a20dc188d37edb53682d313ac57f2725d54?s=96&d=mm&r=g","contentUrl":"https:\/\/secure.gravatar.com\/avatar\/c4e193752f756fd61f04deebed3a3a20dc188d37edb53682d313ac57f2725d54?s=96&d=mm&r=g","caption":"Redacci\u00f3n"},"sameAs":["https:\/\/soledaddurazo.com"]}]}},"_links":{"self":[{"href":"https:\/\/soledaddurazo.com\/api\/wp\/v2\/posts\/14266","targetHints":{"allow":["GET"]}}],"collection":[{"href":"https:\/\/soledaddurazo.com\/api\/wp\/v2\/posts"}],"about":[{"href":"https:\/\/soledaddurazo.com\/api\/wp\/v2\/types\/post"}],"author":[{"embeddable":true,"href":"https:\/\/soledaddurazo.com\/api\/wp\/v2\/users\/1"}],"replies":[{"embeddable":true,"href":"https:\/\/soledaddurazo.com\/api\/wp\/v2\/comments?post=14266"}],"version-history":[{"count":2,"href":"https:\/\/soledaddurazo.com\/api\/wp\/v2\/posts\/14266\/revisions"}],"predecessor-version":[{"id":14269,"href":"https:\/\/soledaddurazo.com\/api\/wp\/v2\/posts\/14266\/revisions\/14269"}],"wp:featuredmedia":[{"embeddable":true,"href":"https:\/\/soledaddurazo.com\/api\/wp\/v2\/media\/14267"}],"wp:attachment":[{"href":"https:\/\/soledaddurazo.com\/api\/wp\/v2\/media?parent=14266"}],"wp:term":[{"taxonomy":"category","embeddable":true,"href":"https:\/\/soledaddurazo.com\/api\/wp\/v2\/categories?post=14266"},{"taxonomy":"post_tag","embeddable":true,"href":"https:\/\/soledaddurazo.com\/api\/wp\/v2\/tags?post=14266"}],"curies":[{"name":"wp","href":"https:\/\/api.w.org\/{rel}","templated":true}]}}