{"id":14193,"date":"2022-05-18T13:27:25","date_gmt":"2022-05-18T20:27:25","guid":{"rendered":"https:\/\/soledaddurazo.com\/?p=14193"},"modified":"2022-05-18T13:27:25","modified_gmt":"2022-05-18T20:27:25","slug":"abren-convocatoria-para-participar-en-corredor-gastronomico-de-fiestas-del-pitic","status":"publish","type":"post","link":"https:\/\/soledaddurazo.com\/blog\/2022\/05\/18\/abren-convocatoria-para-participar-en-corredor-gastronomico-de-fiestas-del-pitic\/","title":{"rendered":"Abren convocatoria para participar en Corredor Gastron\u00f3mico de Fiestas del Pitic"},"content":{"rendered":"<p>Porque la gastronom\u00eda forma parte de la identidad y el patrimonio cultural de una comunidad, el Ayuntamiento de Hermosillo inform\u00f3 que a\u00fan quedan stands para participar en el Corredor Gastron\u00f3mico de las Fiestas del Pitic 2022.<\/p>\n<p>Marianna Gonz\u00e1lez Gast\u00e9lum, directora general del Instituto Municipal de Cultura y Arte (IMCA), precis\u00f3 que quedan pocos lugares de los 40 stands para restaurantes que se instalar\u00e1n sobre el bulevar Hidalgo del 26 al 29 de mayo.<\/p>\n<p>\u201cHay que recordar que el Corredor adem\u00e1s de ser un espacio para vender comida y solventar una necesidad, es una experiencia colectiva que nos permite valorar y degustar los diversos sabores que enriquecen nuestros platillos\u201d, expres\u00f3.<\/p>\n<p>La titular del IMCA destac\u00f3 que este espacio es una prioridad para apoyar en la reactivaci\u00f3n de la econom\u00eda e incentivar y promover al sector restaurantero de Hermosillo.<\/p>\n<p>La convocatoria cierra este viernes 20 de mayo. Las personas interesadas deben acudir a las oficinas del IMCA, ubicadas en Dr. Aguilar 33, en la colonia Centenario, donde les informar\u00e1n sobre los lineamientos que deben cumplir. Tambi\u00e9n est\u00e1n disponibles los n\u00fameros telef\u00f3nicos 6623 465171 y 6622 027209 y el correo\u00a0<a href=\"mailto:facturacionimcahmo@gmail.com\" target=\"_blank\" rel=\"noopener\">facturacionimcahmo@gmail.com<\/a><\/p>\n<p>&nbsp;<\/p>\n","protected":false},"excerpt":{"rendered":"<p>Porque la gastronom\u00eda forma parte de la identidad y el patrimonio cultural de una comunidad, el Ayuntamiento de Hermosillo inform\u00f3 que a\u00fan quedan stands para participar en el Corredor Gastron\u00f3mico de las Fiestas del Pitic 2022. Marianna Gonz\u00e1lez Gast\u00e9lum, directora general del Instituto Municipal de Cultura y Arte (IMCA), precis\u00f3 que quedan pocos lugares de [&hellip;]<\/p>\n","protected":false},"author":1,"featured_media":14194,"comment_status":"open","ping_status":"open","sticky":false,"template":"","format":"standard","meta":{"footnotes":""},"categories":[159],"tags":[],"class_list":["post"],"yoast_head":" \n<title>Abren convocatoria para participar en Corredor Gastron\u00f3mico de Fiestas del Pitic - Periodista SoledadDurazo.com<\/title>\n<meta name=\"robots\" content=\"index, follow, max-snippet:-1, max-image-preview:large, max-video-preview:-1\" \/>\n<link rel=\"canonical\" href=\"https:\/\/soledaddurazo.com\/blog\/2022\/05\/18\/abren-convocatoria-para-participar-en-corredor-gastronomico-de-fiestas-del-pitic\/\" \/>\n<meta property=\"og:locale\" content=\"es_MX\" \/>\n<meta property=\"og:type\" content=\"article\" \/>\n<meta property=\"og:title\" content=\"Abren convocatoria para participar en Corredor Gastron\u00f3mico de Fiestas del Pitic\" \/>\n<meta property=\"og:description\" content=\"Porque la gastronom\u00eda forma parte de la identidad y el patrimonio cultural de una comunidad, el Ayuntamiento de Hermosillo inform\u00f3 que a\u00fan quedan stands para participar en el Corredor Gastron\u00f3mico de las Fiestas del Pitic 2022. Marianna Gonz\u00e1lez Gast\u00e9lum, directora general del Instituto Municipal de Cultura y Arte (IMCA), precis\u00f3 que quedan pocos lugares de [&hellip;]\" \/>\n<meta property=\"og:url\" content=\"https:\/\/soledaddurazo.com\/blog\/2022\/05\/18\/abren-convocatoria-para-participar-en-corredor-gastronomico-de-fiestas-del-pitic\/\" \/>\n<meta property=\"og:site_name\" content=\"Periodista SoledadDurazo.com\" \/>\n<meta property=\"article:publisher\" content=\"https:\/\/www.facebook.com\/soledad.durazo.9\/\" \/>\n<meta property=\"article:published_time\" content=\"2022-05-18T20:27:25+00:00\" \/>\n<meta property=\"og:image\" content=\"https:\/\/soledaddurazo.com\/storage\/2022\/05\/2972019616_b1abd92a63-448x300-1.jpg\" \/>\n\t<meta property=\"og:image:width\" content=\"448\" \/>\n\t<meta property=\"og:image:height\" content=\"300\" \/>\n<meta name=\"twitter:card\" content=\"summary_large_image\" \/>\n<meta name=\"twitter:creator\" content=\"@SoledadDurazo\" \/>\n<meta name=\"twitter:site\" content=\"@SoledadDurazo\" \/>\n<meta name=\"twitter:label1\" content=\"Escrito por\" \/>\n\t<meta name=\"twitter:data1\" content=\"Redacci\u00f3n\" \/>\n\t<meta name=\"twitter:label2\" content=\"Tiempo de lectura\" \/>\n\t<meta name=\"twitter:data2\" content=\"1 minuto\" \/>\n<script type=\"application\/ld+json\" class=\"yoast-schema-graph\">{\"@context\":\"https:\/\/schema.org\",\"@graph\":[{\"@type\":\"Organization\",\"@id\":\"https:\/\/soledaddurazo.com\/#organization\",\"name\":\"Soledad Durazo\",\"url\":\"https:\/\/soledaddurazo.com\/\",\"sameAs\":[\"https:\/\/www.facebook.com\/soledad.durazo.9\/\",\"https:\/\/www.instagram.com\/soledaddurazo\",\"https:\/\/www.youtube.com\/channel\/UC9yGPw8-Vbl_B2XNkRwPS-w\",\"https:\/\/twitter.com\/SoledadDurazo\"],\"logo\":{\"@type\":\"ImageObject\",\"@id\":\"https:\/\/soledaddurazo.com\/#logo\",\"inLanguage\":\"es\",\"url\":\"https:\/\/soledaddurazo.com\/storage\/2021\/11\/nllp-720x375-1-2.png\",\"contentUrl\":\"https:\/\/soledaddurazo.com\/storage\/2021\/11\/nllp-720x375-1-2.png\",\"width\":720,\"height\":375,\"caption\":\"Soledad Durazo\"},\"image\":{\"@id\":\"https:\/\/soledaddurazo.com\/#logo\"}},{\"@type\":\"WebSite\",\"@id\":\"https:\/\/soledaddurazo.com\/#website\",\"url\":\"https:\/\/soledaddurazo.com\/\",\"name\":\"Periodista SoledadDurazo.com\",\"description\":\"Periodista sonorense. Directora de www.SoledadDurazo.com Columnista, conductora de radio y Tv. Catedr\\u00e1tica en la UNISON\",\"publisher\":{\"@id\":\"https:\/\/soledaddurazo.com\/#organization\"},\"potentialAction\":[{\"@type\":\"SearchAction\",\"target\":{\"@type\":\"EntryPoint\",\"urlTemplate\":\"https:\/\/soledaddurazo.com\/?s={search_term_string}\"},\"query-input\":\"required name=search_term_string\"}],\"inLanguage\":\"es\"},{\"@type\":\"ImageObject\",\"@id\":\"https:\/\/soledaddurazo.com\/blog\/2022\/05\/18\/abren-convocatoria-para-participar-en-corredor-gastronomico-de-fiestas-del-pitic\/#primaryimage\",\"inLanguage\":\"es\",\"url\":\"https:\/\/soledaddurazo.com\/storage\/2022\/05\/2972019616_b1abd92a63-448x300-1.jpg\",\"contentUrl\":\"https:\/\/soledaddurazo.com\/storage\/2022\/05\/2972019616_b1abd92a63-448x300-1.jpg\",\"width\":448,\"height\":300},{\"@type\":\"WebPage\",\"@id\":\"https:\/\/soledaddurazo.com\/blog\/2022\/05\/18\/abren-convocatoria-para-participar-en-corredor-gastronomico-de-fiestas-del-pitic\/#webpage\",\"url\":\"https:\/\/soledaddurazo.com\/blog\/2022\/05\/18\/abren-convocatoria-para-participar-en-corredor-gastronomico-de-fiestas-del-pitic\/\",\"name\":\"Abren convocatoria para participar en Corredor Gastron\\u00f3mico de Fiestas del Pitic - Periodista SoledadDurazo.com\",\"isPartOf\":{\"@id\":\"https:\/\/soledaddurazo.com\/#website\"},\"primaryImageOfPage\":{\"@id\":\"https:\/\/soledaddurazo.com\/blog\/2022\/05\/18\/abren-convocatoria-para-participar-en-corredor-gastronomico-de-fiestas-del-pitic\/#primaryimage\"},\"datePublished\":\"2022-05-18T20:27:25+00:00\",\"dateModified\":\"2022-05-18T20:27:25+00:00\",\"breadcrumb\":{\"@id\":\"https:\/\/soledaddurazo.com\/blog\/2022\/05\/18\/abren-convocatoria-para-participar-en-corredor-gastronomico-de-fiestas-del-pitic\/#breadcrumb\"},\"inLanguage\":\"es\",\"potentialAction\":[{\"@type\":\"ReadAction\",\"target\":[\"https:\/\/soledaddurazo.com\/blog\/2022\/05\/18\/abren-convocatoria-para-participar-en-corredor-gastronomico-de-fiestas-del-pitic\/\"]}]},{\"@type\":\"BreadcrumbList\",\"@id\":\"https:\/\/soledaddurazo.com\/blog\/2022\/05\/18\/abren-convocatoria-para-participar-en-corredor-gastronomico-de-fiestas-del-pitic\/#breadcrumb\",\"itemListElement\":[{\"@type\":\"ListItem\",\"position\":1,\"name\":\"Home\",\"item\":\"https:\/\/soledaddurazo.com\/\"},{\"@type\":\"ListItem\",\"position\":2,\"name\":\"Abren convocatoria para participar en Corredor Gastron\\u00f3mico de Fiestas del Pitic\"}]},{\"@type\":\"Article\",\"@id\":\"https:\/\/soledaddurazo.com\/blog\/2022\/05\/18\/abren-convocatoria-para-participar-en-corredor-gastronomico-de-fiestas-del-pitic\/#article\",\"isPartOf\":{\"@id\":\"https:\/\/soledaddurazo.com\/blog\/2022\/05\/18\/abren-convocatoria-para-participar-en-corredor-gastronomico-de-fiestas-del-pitic\/#webpage\"},\"author\":{\"@id\":\"https:\/\/soledaddurazo.com\/#\/schema\/person\/822d8e13aa288585e6546f179853758b\"},\"headline\":\"Abren convocatoria para participar en Corredor Gastron\\u00f3mico de Fiestas del Pitic\",\"datePublished\":\"2022-05-18T20:27:25+00:00\",\"dateModified\":\"2022-05-18T20:27:25+00:00\",\"mainEntityOfPage\":{\"@id\":\"https:\/\/soledaddurazo.com\/blog\/2022\/05\/18\/abren-convocatoria-para-participar-en-corredor-gastronomico-de-fiestas-del-pitic\/#webpage\"},\"wordCount\":207,\"commentCount\":0,\"publisher\":{\"@id\":\"https:\/\/soledaddurazo.com\/#organization\"},\"image\":{\"@id\":\"https:\/\/soledaddurazo.com\/blog\/2022\/05\/18\/abren-convocatoria-para-participar-en-corredor-gastronomico-de-fiestas-del-pitic\/#primaryimage\"},\"thumbnailUrl\":\"https:\/\/soledaddurazo.com\/storage\/2022\/05\/2972019616_b1abd92a63-448x300-1.jpg\",\"articleSection\":[\"Mi Sonora\"],\"inLanguage\":\"es\",\"potentialAction\":[{\"@type\":\"CommentAction\",\"name\":\"Comment\",\"target\":[\"https:\/\/soledaddurazo.com\/blog\/2022\/05\/18\/abren-convocatoria-para-participar-en-corredor-gastronomico-de-fiestas-del-pitic\/#respond\"]}]},{\"@type\":\"Person\",\"@id\":\"https:\/\/soledaddurazo.com\/#\/schema\/person\/822d8e13aa288585e6546f179853758b\",\"name\":\"Redacci\\u00f3n\",\"image\":{\"@type\":\"ImageObject\",\"@id\":\"https:\/\/soledaddurazo.com\/#personlogo\",\"inLanguage\":\"es\",\"url\":\"https:\/\/secure.gravatar.com\/avatar\/c4e193752f756fd61f04deebed3a3a20dc188d37edb53682d313ac57f2725d54?s=96&d=mm&r=g\",\"contentUrl\":\"https:\/\/secure.gravatar.com\/avatar\/c4e193752f756fd61f04deebed3a3a20dc188d37edb53682d313ac57f2725d54?s=96&d=mm&r=g\",\"caption\":\"Redacci\\u00f3n\"},\"sameAs\":[\"https:\/\/soledaddurazo.com\"]}]}<\/script>\n ","yoast_head_json":{"title":"Abren convocatoria para participar en Corredor Gastron\u00f3mico de Fiestas del Pitic - Periodista SoledadDurazo.com","robots":{"index":"index","follow":"follow","max-snippet":"max-snippet:-1","max-image-preview":"max-image-preview:large","max-video-preview":"max-video-preview:-1"},"canonical":"https:\/\/soledaddurazo.com\/blog\/2022\/05\/18\/abren-convocatoria-para-participar-en-corredor-gastronomico-de-fiestas-del-pitic\/","og_locale":"es_MX","og_type":"article","og_title":"Abren convocatoria para participar en Corredor Gastron\u00f3mico de Fiestas del Pitic","og_description":"Porque la gastronom\u00eda forma parte de la identidad y el patrimonio cultural de una comunidad, el Ayuntamiento de Hermosillo inform\u00f3 que a\u00fan quedan stands para participar en el Corredor Gastron\u00f3mico de las Fiestas del Pitic 2022. Marianna Gonz\u00e1lez Gast\u00e9lum, directora general del Instituto Municipal de Cultura y Arte (IMCA), precis\u00f3 que quedan pocos lugares de [&hellip;]","og_url":"https:\/\/soledaddurazo.com\/blog\/2022\/05\/18\/abren-convocatoria-para-participar-en-corredor-gastronomico-de-fiestas-del-pitic\/","og_site_name":"Periodista SoledadDurazo.com","article_publisher":"https:\/\/www.facebook.com\/soledad.durazo.9\/","article_published_time":"2022-05-18T20:27:25+00:00","og_image":[{"width":448,"height":300,"url":"https:\/\/soledaddurazo.com\/storage\/2022\/05\/2972019616_b1abd92a63-448x300-1.jpg","type":"image\/jpeg"}],"twitter_card":"summary_large_image","twitter_creator":"@SoledadDurazo","twitter_site":"@SoledadDurazo","twitter_misc":{"Escrito por":"Redacci\u00f3n","Tiempo de lectura":"1 minuto"},"schema":{"@context":"https:\/\/schema.org","@graph":[{"@type":"Organization","@id":"https:\/\/soledaddurazo.com\/#organization","name":"Soledad Durazo","url":"https:\/\/soledaddurazo.com\/","sameAs":["https:\/\/www.facebook.com\/soledad.durazo.9\/","https:\/\/www.instagram.com\/soledaddurazo","https:\/\/www.youtube.com\/channel\/UC9yGPw8-Vbl_B2XNkRwPS-w","https:\/\/twitter.com\/SoledadDurazo"],"logo":{"@type":"ImageObject","@id":"https:\/\/soledaddurazo.com\/#logo","inLanguage":"es","url":"https:\/\/soledaddurazo.com\/storage\/2021\/11\/nllp-720x375-1-2.png","contentUrl":"https:\/\/soledaddurazo.com\/storage\/2021\/11\/nllp-720x375-1-2.png","width":720,"height":375,"caption":"Soledad Durazo"},"image":{"@id":"https:\/\/soledaddurazo.com\/#logo"}},{"@type":"WebSite","@id":"https:\/\/soledaddurazo.com\/#website","url":"https:\/\/soledaddurazo.com\/","name":"Periodista SoledadDurazo.com","description":"Periodista sonorense. Directora de www.SoledadDurazo.com Columnista, conductora de radio y Tv. Catedr\u00e1tica en la UNISON","publisher":{"@id":"https:\/\/soledaddurazo.com\/#organization"},"potentialAction":[{"@type":"SearchAction","target":{"@type":"EntryPoint","urlTemplate":"https:\/\/soledaddurazo.com\/?s={search_term_string}"},"query-input":"required name=search_term_string"}],"inLanguage":"es"},{"@type":"ImageObject","@id":"https:\/\/soledaddurazo.com\/blog\/2022\/05\/18\/abren-convocatoria-para-participar-en-corredor-gastronomico-de-fiestas-del-pitic\/#primaryimage","inLanguage":"es","url":"https:\/\/soledaddurazo.com\/storage\/2022\/05\/2972019616_b1abd92a63-448x300-1.jpg","contentUrl":"https:\/\/soledaddurazo.com\/storage\/2022\/05\/2972019616_b1abd92a63-448x300-1.jpg","width":448,"height":300},{"@type":"WebPage","@id":"https:\/\/soledaddurazo.com\/blog\/2022\/05\/18\/abren-convocatoria-para-participar-en-corredor-gastronomico-de-fiestas-del-pitic\/#webpage","url":"https:\/\/soledaddurazo.com\/blog\/2022\/05\/18\/abren-convocatoria-para-participar-en-corredor-gastronomico-de-fiestas-del-pitic\/","name":"Abren convocatoria para participar en Corredor Gastron\u00f3mico de Fiestas del Pitic - Periodista SoledadDurazo.com","isPartOf":{"@id":"https:\/\/soledaddurazo.com\/#website"},"primaryImageOfPage":{"@id":"https:\/\/soledaddurazo.com\/blog\/2022\/05\/18\/abren-convocatoria-para-participar-en-corredor-gastronomico-de-fiestas-del-pitic\/#primaryimage"},"datePublished":"2022-05-18T20:27:25+00:00","dateModified":"2022-05-18T20:27:25+00:00","breadcrumb":{"@id":"https:\/\/soledaddurazo.com\/blog\/2022\/05\/18\/abren-convocatoria-para-participar-en-corredor-gastronomico-de-fiestas-del-pitic\/#breadcrumb"},"inLanguage":"es","potentialAction":[{"@type":"ReadAction","target":["https:\/\/soledaddurazo.com\/blog\/2022\/05\/18\/abren-convocatoria-para-participar-en-corredor-gastronomico-de-fiestas-del-pitic\/"]}]},{"@type":"BreadcrumbList","@id":"https:\/\/soledaddurazo.com\/blog\/2022\/05\/18\/abren-convocatoria-para-participar-en-corredor-gastronomico-de-fiestas-del-pitic\/#breadcrumb","itemListElement":[{"@type":"ListItem","position":1,"name":"Home","item":"https:\/\/soledaddurazo.com\/"},{"@type":"ListItem","position":2,"name":"Abren convocatoria para participar en Corredor Gastron\u00f3mico de Fiestas del Pitic"}]},{"@type":"Article","@id":"https:\/\/soledaddurazo.com\/blog\/2022\/05\/18\/abren-convocatoria-para-participar-en-corredor-gastronomico-de-fiestas-del-pitic\/#article","isPartOf":{"@id":"https:\/\/soledaddurazo.com\/blog\/2022\/05\/18\/abren-convocatoria-para-participar-en-corredor-gastronomico-de-fiestas-del-pitic\/#webpage"},"author":{"@id":"https:\/\/soledaddurazo.com\/#\/schema\/person\/822d8e13aa288585e6546f179853758b"},"headline":"Abren convocatoria para participar en Corredor Gastron\u00f3mico de Fiestas del Pitic","datePublished":"2022-05-18T20:27:25+00:00","dateModified":"2022-05-18T20:27:25+00:00","mainEntityOfPage":{"@id":"https:\/\/soledaddurazo.com\/blog\/2022\/05\/18\/abren-convocatoria-para-participar-en-corredor-gastronomico-de-fiestas-del-pitic\/#webpage"},"wordCount":207,"commentCount":0,"publisher":{"@id":"https:\/\/soledaddurazo.com\/#organization"},"image":{"@id":"https:\/\/soledaddurazo.com\/blog\/2022\/05\/18\/abren-convocatoria-para-participar-en-corredor-gastronomico-de-fiestas-del-pitic\/#primaryimage"},"thumbnailUrl":"https:\/\/soledaddurazo.com\/storage\/2022\/05\/2972019616_b1abd92a63-448x300-1.jpg","articleSection":["Mi Sonora"],"inLanguage":"es","potentialAction":[{"@type":"CommentAction","name":"Comment","target":["https:\/\/soledaddurazo.com\/blog\/2022\/05\/18\/abren-convocatoria-para-participar-en-corredor-gastronomico-de-fiestas-del-pitic\/#respond"]}]},{"@type":"Person","@id":"https:\/\/soledaddurazo.com\/#\/schema\/person\/822d8e13aa288585e6546f179853758b","name":"Redacci\u00f3n","image":{"@type":"ImageObject","@id":"https:\/\/soledaddurazo.com\/#personlogo","inLanguage":"es","url":"https:\/\/secure.gravatar.com\/avatar\/c4e193752f756fd61f04deebed3a3a20dc188d37edb53682d313ac57f2725d54?s=96&d=mm&r=g","contentUrl":"https:\/\/secure.gravatar.com\/avatar\/c4e193752f756fd61f04deebed3a3a20dc188d37edb53682d313ac57f2725d54?s=96&d=mm&r=g","caption":"Redacci\u00f3n"},"sameAs":["https:\/\/soledaddurazo.com"]}]}},"_links":{"self":[{"href":"https:\/\/soledaddurazo.com\/api\/wp\/v2\/posts\/14193","targetHints":{"allow":["GET"]}}],"collection":[{"href":"https:\/\/soledaddurazo.com\/api\/wp\/v2\/posts"}],"about":[{"href":"https:\/\/soledaddurazo.com\/api\/wp\/v2\/types\/post"}],"author":[{"embeddable":true,"href":"https:\/\/soledaddurazo.com\/api\/wp\/v2\/users\/1"}],"replies":[{"embeddable":true,"href":"https:\/\/soledaddurazo.com\/api\/wp\/v2\/comments?post=14193"}],"version-history":[{"count":1,"href":"https:\/\/soledaddurazo.com\/api\/wp\/v2\/posts\/14193\/revisions"}],"predecessor-version":[{"id":14195,"href":"https:\/\/soledaddurazo.com\/api\/wp\/v2\/posts\/14193\/revisions\/14195"}],"wp:featuredmedia":[{"embeddable":true,"href":"https:\/\/soledaddurazo.com\/api\/wp\/v2\/media\/14194"}],"wp:attachment":[{"href":"https:\/\/soledaddurazo.com\/api\/wp\/v2\/media?parent=14193"}],"wp:term":[{"taxonomy":"category","embeddable":true,"href":"https:\/\/soledaddurazo.com\/api\/wp\/v2\/categories?post=14193"},{"taxonomy":"post_tag","embeddable":true,"href":"https:\/\/soledaddurazo.com\/api\/wp\/v2\/tags?post=14193"}],"curies":[{"name":"wp","href":"https:\/\/api.w.org\/{rel}","templated":true}]}}