{"id":14133,"date":"2022-05-12T19:11:20","date_gmt":"2022-05-13T02:11:20","guid":{"rendered":"https:\/\/soledaddurazo.com\/?p=14133"},"modified":"2022-06-07T18:04:19","modified_gmt":"2022-06-08T01:04:19","slug":"canirac-aplaude-decision-de-secretaria-de-salud-para-levantar-medidas-restrictivas","status":"publish","type":"post","link":"https:\/\/soledaddurazo.com\/blog\/2022\/05\/12\/canirac-aplaude-decision-de-secretaria-de-salud-para-levantar-medidas-restrictivas\/","title":{"rendered":"Canirac aplaude decisi\u00f3n de Secretar\u00eda de Salud para levantar medidas restrictivas"},"content":{"rendered":"<p>Despu\u00e9s de que las autoridades estatales dieran a conocer que ya no ser\u00e1 obligatorio el uso de cubrebocas en espacios p\u00fablicos y que tampoco ser\u00e1n necesarios los filtros sanitarios y el uso del tapete sanitizante, el presidente de la C\u00e1mara Nacional de la Industria de Restaurantes y Alimentos Condimentados (Canirac) en Sonora, Manuel Lira coment\u00f3 en TVD Primera Plana con Soledad Durazo que este sector est\u00e1 satisfecho por la decisi\u00f3n que se tom\u00f3 y que es un paso hacia la \u2018vieja\u2019 normalidad.<\/p>\n<p>\u201cEs muy prudente que volvamos poco a poco aspirando a esa tan famosa y ansiada normalidad, tomando en cuenta todos estos factores (casos activos, ocupaci\u00f3n hospitalaria) &#8230; Y creo yo que las condiciones est\u00e1n dadas para que poco a poco vayamos nosotros eliminando restricciones en nuestros negocios\u201d, dijo.<\/p>\n<p>Asimismo el presidente de la Canirac mencion\u00f3 que algunas medidas llegaron para quedarse como es el tener gel antibacterial, el uso de cubrebocas por parte de sus colaboradores, la desinfecci\u00f3n en \u00e1reas de trabajo y de comensales, as\u00ed como la se\u00f1alizaci\u00f3n.<\/p>\n<p>\u201cSin embargo ya hablar de aforos creo que no es prudente, la distancia entre mesas, ese tipo de cuestiones que afectaban much\u00edsimo el buen desarrollo de nuestros negocios\u201d, coment\u00f3.<\/p>\n<p>Aqu\u00ed pueden escuchar la entrevista completa:<\/p>\n<p>&nbsp;<\/p>\n<div class=\"lyte-wrapper fourthree\" style=\"width:420px;max-width:100%;margin:5px;\"><div class=\"lyMe\" id=\"WYL_0us2vFnXJnQ\"><div id=\"lyte_0us2vFnXJnQ\" data-src=\"\/\/i.ytimg.com\/vi\/0us2vFnXJnQ\/hqdefault.jpg\" class=\"pL\"><div class=\"tC\"><div class=\"tT\"><\/div><\/div><div class=\"play\"><\/div><div class=\"ctrl\"><div class=\"Lctrl\"><\/div><div class=\"Rctrl\"><\/div><\/div><\/div><noscript><a href=\"https:\/\/youtu.be\/0us2vFnXJnQ\"><img loading=\"lazy\" decoding=\"async\" src=\"https:\/\/i.ytimg.com\/vi\/0us2vFnXJnQ\/0.jpg\" alt=\"\" width=\"420\" height=\"295\" \/><br \/>Ver este video en YouTube<\/a><\/noscript><\/div><\/div><div class=\"lL\" style=\"max-width:100%;width:420px;margin:5px;\"><\/div>\n<p>&nbsp;<\/p>\n","protected":false},"excerpt":{"rendered":"<p>Despu\u00e9s de que las autoridades estatales dieran a conocer que ya no ser\u00e1 obligatorio el uso de cubrebocas en espacios p\u00fablicos y que tampoco ser\u00e1n necesarios los filtros sanitarios y el uso del tapete sanitizante, el presidente de la C\u00e1mara Nacional de la Industria de Restaurantes y Alimentos Condimentados (Canirac) en Sonora, Manuel Lira coment\u00f3 [&hellip;]<\/p>\n","protected":false},"author":1,"featured_media":14134,"comment_status":"open","ping_status":"open","sticky":false,"template":"","format":"standard","meta":{"footnotes":""},"categories":[153],"tags":[],"class_list":["post"],"yoast_head":" \n<title>Canirac aplaude decisi\u00f3n de Secretar\u00eda de Salud para levantar medidas restrictivas - Periodista SoledadDurazo.com<\/title>\n<meta name=\"robots\" content=\"index, follow, max-snippet:-1, max-image-preview:large, max-video-preview:-1\" \/>\n<link rel=\"canonical\" href=\"https:\/\/soledaddurazo.com\/blog\/2022\/05\/12\/canirac-aplaude-decision-de-secretaria-de-salud-para-levantar-medidas-restrictivas\/\" \/>\n<meta property=\"og:locale\" content=\"es_MX\" \/>\n<meta property=\"og:type\" content=\"article\" \/>\n<meta property=\"og:title\" content=\"Canirac aplaude decisi\u00f3n de Secretar\u00eda de Salud para levantar medidas restrictivas\" \/>\n<meta property=\"og:description\" content=\"Despu\u00e9s de que las autoridades estatales dieran a conocer que ya no ser\u00e1 obligatorio el uso de cubrebocas en espacios p\u00fablicos y que tampoco ser\u00e1n necesarios los filtros sanitarios y el uso del tapete sanitizante, el presidente de la C\u00e1mara Nacional de la Industria de Restaurantes y Alimentos Condimentados (Canirac) en Sonora, Manuel Lira coment\u00f3 [&hellip;]\" \/>\n<meta property=\"og:url\" content=\"https:\/\/soledaddurazo.com\/blog\/2022\/05\/12\/canirac-aplaude-decision-de-secretaria-de-salud-para-levantar-medidas-restrictivas\/\" \/>\n<meta property=\"og:site_name\" content=\"Periodista SoledadDurazo.com\" \/>\n<meta property=\"article:publisher\" content=\"https:\/\/www.facebook.com\/soledad.durazo.9\/\" \/>\n<meta property=\"article:published_time\" content=\"2022-05-13T02:11:20+00:00\" \/>\n<meta property=\"article:modified_time\" content=\"2022-06-08T01:04:19+00:00\" \/>\n<meta property=\"og:image\" content=\"https:\/\/soledaddurazo.com\/storage\/2022\/05\/Coronavirus-Restaurantes-Covid-19-alimentos-comedor-comida-38-1024x576-1.jpg\" \/>\n\t<meta property=\"og:image:width\" content=\"1024\" \/>\n\t<meta property=\"og:image:height\" content=\"576\" \/>\n<meta name=\"twitter:card\" content=\"summary_large_image\" \/>\n<meta name=\"twitter:creator\" content=\"@SoledadDurazo\" \/>\n<meta name=\"twitter:site\" content=\"@SoledadDurazo\" \/>\n<meta name=\"twitter:label1\" content=\"Escrito por\" \/>\n\t<meta name=\"twitter:data1\" content=\"Redacci\u00f3n\" \/>\n\t<meta name=\"twitter:label2\" content=\"Tiempo de lectura\" \/>\n\t<meta name=\"twitter:data2\" content=\"1 minuto\" \/>\n<script type=\"application\/ld+json\" class=\"yoast-schema-graph\">{\"@context\":\"https:\/\/schema.org\",\"@graph\":[{\"@type\":\"Organization\",\"@id\":\"https:\/\/soledaddurazo.com\/#organization\",\"name\":\"Soledad Durazo\",\"url\":\"https:\/\/soledaddurazo.com\/\",\"sameAs\":[\"https:\/\/www.facebook.com\/soledad.durazo.9\/\",\"https:\/\/www.instagram.com\/soledaddurazo\",\"https:\/\/www.youtube.com\/channel\/UC9yGPw8-Vbl_B2XNkRwPS-w\",\"https:\/\/twitter.com\/SoledadDurazo\"],\"logo\":{\"@type\":\"ImageObject\",\"@id\":\"https:\/\/soledaddurazo.com\/#logo\",\"inLanguage\":\"es\",\"url\":\"https:\/\/soledaddurazo.com\/storage\/2021\/11\/nllp-720x375-1-2.png\",\"contentUrl\":\"https:\/\/soledaddurazo.com\/storage\/2021\/11\/nllp-720x375-1-2.png\",\"width\":720,\"height\":375,\"caption\":\"Soledad Durazo\"},\"image\":{\"@id\":\"https:\/\/soledaddurazo.com\/#logo\"}},{\"@type\":\"WebSite\",\"@id\":\"https:\/\/soledaddurazo.com\/#website\",\"url\":\"https:\/\/soledaddurazo.com\/\",\"name\":\"Periodista SoledadDurazo.com\",\"description\":\"Periodista sonorense. Directora de www.SoledadDurazo.com Columnista, conductora de radio y Tv. Catedr\\u00e1tica en la UNISON\",\"publisher\":{\"@id\":\"https:\/\/soledaddurazo.com\/#organization\"},\"potentialAction\":[{\"@type\":\"SearchAction\",\"target\":{\"@type\":\"EntryPoint\",\"urlTemplate\":\"https:\/\/soledaddurazo.com\/?s={search_term_string}\"},\"query-input\":\"required name=search_term_string\"}],\"inLanguage\":\"es\"},{\"@type\":\"ImageObject\",\"@id\":\"https:\/\/soledaddurazo.com\/blog\/2022\/05\/12\/canirac-aplaude-decision-de-secretaria-de-salud-para-levantar-medidas-restrictivas\/#primaryimage\",\"inLanguage\":\"es\",\"url\":\"https:\/\/soledaddurazo.com\/storage\/2022\/05\/Coronavirus-Restaurantes-Covid-19-alimentos-comedor-comida-38-1024x576-1.jpg\",\"contentUrl\":\"https:\/\/soledaddurazo.com\/storage\/2022\/05\/Coronavirus-Restaurantes-Covid-19-alimentos-comedor-comida-38-1024x576-1.jpg\",\"width\":1024,\"height\":576},{\"@type\":\"WebPage\",\"@id\":\"https:\/\/soledaddurazo.com\/blog\/2022\/05\/12\/canirac-aplaude-decision-de-secretaria-de-salud-para-levantar-medidas-restrictivas\/#webpage\",\"url\":\"https:\/\/soledaddurazo.com\/blog\/2022\/05\/12\/canirac-aplaude-decision-de-secretaria-de-salud-para-levantar-medidas-restrictivas\/\",\"name\":\"Canirac aplaude decisi\\u00f3n de Secretar\\u00eda de Salud para levantar medidas restrictivas - Periodista SoledadDurazo.com\",\"isPartOf\":{\"@id\":\"https:\/\/soledaddurazo.com\/#website\"},\"primaryImageOfPage\":{\"@id\":\"https:\/\/soledaddurazo.com\/blog\/2022\/05\/12\/canirac-aplaude-decision-de-secretaria-de-salud-para-levantar-medidas-restrictivas\/#primaryimage\"},\"datePublished\":\"2022-05-13T02:11:20+00:00\",\"dateModified\":\"2022-06-08T01:04:19+00:00\",\"breadcrumb\":{\"@id\":\"https:\/\/soledaddurazo.com\/blog\/2022\/05\/12\/canirac-aplaude-decision-de-secretaria-de-salud-para-levantar-medidas-restrictivas\/#breadcrumb\"},\"inLanguage\":\"es\",\"potentialAction\":[{\"@type\":\"ReadAction\",\"target\":[\"https:\/\/soledaddurazo.com\/blog\/2022\/05\/12\/canirac-aplaude-decision-de-secretaria-de-salud-para-levantar-medidas-restrictivas\/\"]}]},{\"@type\":\"BreadcrumbList\",\"@id\":\"https:\/\/soledaddurazo.com\/blog\/2022\/05\/12\/canirac-aplaude-decision-de-secretaria-de-salud-para-levantar-medidas-restrictivas\/#breadcrumb\",\"itemListElement\":[{\"@type\":\"ListItem\",\"position\":1,\"name\":\"Home\",\"item\":\"https:\/\/soledaddurazo.com\/\"},{\"@type\":\"ListItem\",\"position\":2,\"name\":\"Canirac aplaude decisi\\u00f3n de Secretar\\u00eda de Salud para levantar medidas restrictivas\"}]},{\"@type\":\"Article\",\"@id\":\"https:\/\/soledaddurazo.com\/blog\/2022\/05\/12\/canirac-aplaude-decision-de-secretaria-de-salud-para-levantar-medidas-restrictivas\/#article\",\"isPartOf\":{\"@id\":\"https:\/\/soledaddurazo.com\/blog\/2022\/05\/12\/canirac-aplaude-decision-de-secretaria-de-salud-para-levantar-medidas-restrictivas\/#webpage\"},\"author\":{\"@id\":\"https:\/\/soledaddurazo.com\/#\/schema\/person\/822d8e13aa288585e6546f179853758b\"},\"headline\":\"Canirac aplaude decisi\\u00f3n de Secretar\\u00eda de Salud para levantar medidas restrictivas\",\"datePublished\":\"2022-05-13T02:11:20+00:00\",\"dateModified\":\"2022-06-08T01:04:19+00:00\",\"mainEntityOfPage\":{\"@id\":\"https:\/\/soledaddurazo.com\/blog\/2022\/05\/12\/canirac-aplaude-decision-de-secretaria-de-salud-para-levantar-medidas-restrictivas\/#webpage\"},\"wordCount\":239,\"commentCount\":0,\"publisher\":{\"@id\":\"https:\/\/soledaddurazo.com\/#organization\"},\"image\":{\"@id\":\"https:\/\/soledaddurazo.com\/blog\/2022\/05\/12\/canirac-aplaude-decision-de-secretaria-de-salud-para-levantar-medidas-restrictivas\/#primaryimage\"},\"thumbnailUrl\":\"https:\/\/soledaddurazo.com\/storage\/2022\/05\/Coronavirus-Restaurantes-Covid-19-alimentos-comedor-comida-38-1024x576-1.jpg\",\"articleSection\":[\"principal\"],\"inLanguage\":\"es\",\"potentialAction\":[{\"@type\":\"CommentAction\",\"name\":\"Comment\",\"target\":[\"https:\/\/soledaddurazo.com\/blog\/2022\/05\/12\/canirac-aplaude-decision-de-secretaria-de-salud-para-levantar-medidas-restrictivas\/#respond\"]}]},{\"@type\":\"Person\",\"@id\":\"https:\/\/soledaddurazo.com\/#\/schema\/person\/822d8e13aa288585e6546f179853758b\",\"name\":\"Redacci\\u00f3n\",\"image\":{\"@type\":\"ImageObject\",\"@id\":\"https:\/\/soledaddurazo.com\/#personlogo\",\"inLanguage\":\"es\",\"url\":\"https:\/\/secure.gravatar.com\/avatar\/c4e193752f756fd61f04deebed3a3a20dc188d37edb53682d313ac57f2725d54?s=96&d=mm&r=g\",\"contentUrl\":\"https:\/\/secure.gravatar.com\/avatar\/c4e193752f756fd61f04deebed3a3a20dc188d37edb53682d313ac57f2725d54?s=96&d=mm&r=g\",\"caption\":\"Redacci\\u00f3n\"},\"sameAs\":[\"https:\/\/soledaddurazo.com\"]}]}<\/script>\n ","yoast_head_json":{"title":"Canirac aplaude decisi\u00f3n de Secretar\u00eda de Salud para levantar medidas restrictivas - Periodista SoledadDurazo.com","robots":{"index":"index","follow":"follow","max-snippet":"max-snippet:-1","max-image-preview":"max-image-preview:large","max-video-preview":"max-video-preview:-1"},"canonical":"https:\/\/soledaddurazo.com\/blog\/2022\/05\/12\/canirac-aplaude-decision-de-secretaria-de-salud-para-levantar-medidas-restrictivas\/","og_locale":"es_MX","og_type":"article","og_title":"Canirac aplaude decisi\u00f3n de Secretar\u00eda de Salud para levantar medidas restrictivas","og_description":"Despu\u00e9s de que las autoridades estatales dieran a conocer que ya no ser\u00e1 obligatorio el uso de cubrebocas en espacios p\u00fablicos y que tampoco ser\u00e1n necesarios los filtros sanitarios y el uso del tapete sanitizante, el presidente de la C\u00e1mara Nacional de la Industria de Restaurantes y Alimentos Condimentados (Canirac) en Sonora, Manuel Lira coment\u00f3 [&hellip;]","og_url":"https:\/\/soledaddurazo.com\/blog\/2022\/05\/12\/canirac-aplaude-decision-de-secretaria-de-salud-para-levantar-medidas-restrictivas\/","og_site_name":"Periodista SoledadDurazo.com","article_publisher":"https:\/\/www.facebook.com\/soledad.durazo.9\/","article_published_time":"2022-05-13T02:11:20+00:00","article_modified_time":"2022-06-08T01:04:19+00:00","og_image":[{"width":1024,"height":576,"url":"https:\/\/soledaddurazo.com\/storage\/2022\/05\/Coronavirus-Restaurantes-Covid-19-alimentos-comedor-comida-38-1024x576-1.jpg","type":"image\/jpeg"}],"twitter_card":"summary_large_image","twitter_creator":"@SoledadDurazo","twitter_site":"@SoledadDurazo","twitter_misc":{"Escrito por":"Redacci\u00f3n","Tiempo de lectura":"1 minuto"},"schema":{"@context":"https:\/\/schema.org","@graph":[{"@type":"Organization","@id":"https:\/\/soledaddurazo.com\/#organization","name":"Soledad Durazo","url":"https:\/\/soledaddurazo.com\/","sameAs":["https:\/\/www.facebook.com\/soledad.durazo.9\/","https:\/\/www.instagram.com\/soledaddurazo","https:\/\/www.youtube.com\/channel\/UC9yGPw8-Vbl_B2XNkRwPS-w","https:\/\/twitter.com\/SoledadDurazo"],"logo":{"@type":"ImageObject","@id":"https:\/\/soledaddurazo.com\/#logo","inLanguage":"es","url":"https:\/\/soledaddurazo.com\/storage\/2021\/11\/nllp-720x375-1-2.png","contentUrl":"https:\/\/soledaddurazo.com\/storage\/2021\/11\/nllp-720x375-1-2.png","width":720,"height":375,"caption":"Soledad Durazo"},"image":{"@id":"https:\/\/soledaddurazo.com\/#logo"}},{"@type":"WebSite","@id":"https:\/\/soledaddurazo.com\/#website","url":"https:\/\/soledaddurazo.com\/","name":"Periodista SoledadDurazo.com","description":"Periodista sonorense. Directora de www.SoledadDurazo.com Columnista, conductora de radio y Tv. Catedr\u00e1tica en la UNISON","publisher":{"@id":"https:\/\/soledaddurazo.com\/#organization"},"potentialAction":[{"@type":"SearchAction","target":{"@type":"EntryPoint","urlTemplate":"https:\/\/soledaddurazo.com\/?s={search_term_string}"},"query-input":"required name=search_term_string"}],"inLanguage":"es"},{"@type":"ImageObject","@id":"https:\/\/soledaddurazo.com\/blog\/2022\/05\/12\/canirac-aplaude-decision-de-secretaria-de-salud-para-levantar-medidas-restrictivas\/#primaryimage","inLanguage":"es","url":"https:\/\/soledaddurazo.com\/storage\/2022\/05\/Coronavirus-Restaurantes-Covid-19-alimentos-comedor-comida-38-1024x576-1.jpg","contentUrl":"https:\/\/soledaddurazo.com\/storage\/2022\/05\/Coronavirus-Restaurantes-Covid-19-alimentos-comedor-comida-38-1024x576-1.jpg","width":1024,"height":576},{"@type":"WebPage","@id":"https:\/\/soledaddurazo.com\/blog\/2022\/05\/12\/canirac-aplaude-decision-de-secretaria-de-salud-para-levantar-medidas-restrictivas\/#webpage","url":"https:\/\/soledaddurazo.com\/blog\/2022\/05\/12\/canirac-aplaude-decision-de-secretaria-de-salud-para-levantar-medidas-restrictivas\/","name":"Canirac aplaude decisi\u00f3n de Secretar\u00eda de Salud para levantar medidas restrictivas - Periodista SoledadDurazo.com","isPartOf":{"@id":"https:\/\/soledaddurazo.com\/#website"},"primaryImageOfPage":{"@id":"https:\/\/soledaddurazo.com\/blog\/2022\/05\/12\/canirac-aplaude-decision-de-secretaria-de-salud-para-levantar-medidas-restrictivas\/#primaryimage"},"datePublished":"2022-05-13T02:11:20+00:00","dateModified":"2022-06-08T01:04:19+00:00","breadcrumb":{"@id":"https:\/\/soledaddurazo.com\/blog\/2022\/05\/12\/canirac-aplaude-decision-de-secretaria-de-salud-para-levantar-medidas-restrictivas\/#breadcrumb"},"inLanguage":"es","potentialAction":[{"@type":"ReadAction","target":["https:\/\/soledaddurazo.com\/blog\/2022\/05\/12\/canirac-aplaude-decision-de-secretaria-de-salud-para-levantar-medidas-restrictivas\/"]}]},{"@type":"BreadcrumbList","@id":"https:\/\/soledaddurazo.com\/blog\/2022\/05\/12\/canirac-aplaude-decision-de-secretaria-de-salud-para-levantar-medidas-restrictivas\/#breadcrumb","itemListElement":[{"@type":"ListItem","position":1,"name":"Home","item":"https:\/\/soledaddurazo.com\/"},{"@type":"ListItem","position":2,"name":"Canirac aplaude decisi\u00f3n de Secretar\u00eda de Salud para levantar medidas restrictivas"}]},{"@type":"Article","@id":"https:\/\/soledaddurazo.com\/blog\/2022\/05\/12\/canirac-aplaude-decision-de-secretaria-de-salud-para-levantar-medidas-restrictivas\/#article","isPartOf":{"@id":"https:\/\/soledaddurazo.com\/blog\/2022\/05\/12\/canirac-aplaude-decision-de-secretaria-de-salud-para-levantar-medidas-restrictivas\/#webpage"},"author":{"@id":"https:\/\/soledaddurazo.com\/#\/schema\/person\/822d8e13aa288585e6546f179853758b"},"headline":"Canirac aplaude decisi\u00f3n de Secretar\u00eda de Salud para levantar medidas restrictivas","datePublished":"2022-05-13T02:11:20+00:00","dateModified":"2022-06-08T01:04:19+00:00","mainEntityOfPage":{"@id":"https:\/\/soledaddurazo.com\/blog\/2022\/05\/12\/canirac-aplaude-decision-de-secretaria-de-salud-para-levantar-medidas-restrictivas\/#webpage"},"wordCount":239,"commentCount":0,"publisher":{"@id":"https:\/\/soledaddurazo.com\/#organization"},"image":{"@id":"https:\/\/soledaddurazo.com\/blog\/2022\/05\/12\/canirac-aplaude-decision-de-secretaria-de-salud-para-levantar-medidas-restrictivas\/#primaryimage"},"thumbnailUrl":"https:\/\/soledaddurazo.com\/storage\/2022\/05\/Coronavirus-Restaurantes-Covid-19-alimentos-comedor-comida-38-1024x576-1.jpg","articleSection":["principal"],"inLanguage":"es","potentialAction":[{"@type":"CommentAction","name":"Comment","target":["https:\/\/soledaddurazo.com\/blog\/2022\/05\/12\/canirac-aplaude-decision-de-secretaria-de-salud-para-levantar-medidas-restrictivas\/#respond"]}]},{"@type":"Person","@id":"https:\/\/soledaddurazo.com\/#\/schema\/person\/822d8e13aa288585e6546f179853758b","name":"Redacci\u00f3n","image":{"@type":"ImageObject","@id":"https:\/\/soledaddurazo.com\/#personlogo","inLanguage":"es","url":"https:\/\/secure.gravatar.com\/avatar\/c4e193752f756fd61f04deebed3a3a20dc188d37edb53682d313ac57f2725d54?s=96&d=mm&r=g","contentUrl":"https:\/\/secure.gravatar.com\/avatar\/c4e193752f756fd61f04deebed3a3a20dc188d37edb53682d313ac57f2725d54?s=96&d=mm&r=g","caption":"Redacci\u00f3n"},"sameAs":["https:\/\/soledaddurazo.com"]}]}},"_links":{"self":[{"href":"https:\/\/soledaddurazo.com\/api\/wp\/v2\/posts\/14133","targetHints":{"allow":["GET"]}}],"collection":[{"href":"https:\/\/soledaddurazo.com\/api\/wp\/v2\/posts"}],"about":[{"href":"https:\/\/soledaddurazo.com\/api\/wp\/v2\/types\/post"}],"author":[{"embeddable":true,"href":"https:\/\/soledaddurazo.com\/api\/wp\/v2\/users\/1"}],"replies":[{"embeddable":true,"href":"https:\/\/soledaddurazo.com\/api\/wp\/v2\/comments?post=14133"}],"version-history":[{"count":1,"href":"https:\/\/soledaddurazo.com\/api\/wp\/v2\/posts\/14133\/revisions"}],"predecessor-version":[{"id":14135,"href":"https:\/\/soledaddurazo.com\/api\/wp\/v2\/posts\/14133\/revisions\/14135"}],"wp:featuredmedia":[{"embeddable":true,"href":"https:\/\/soledaddurazo.com\/api\/wp\/v2\/media\/14134"}],"wp:attachment":[{"href":"https:\/\/soledaddurazo.com\/api\/wp\/v2\/media?parent=14133"}],"wp:term":[{"taxonomy":"category","embeddable":true,"href":"https:\/\/soledaddurazo.com\/api\/wp\/v2\/categories?post=14133"},{"taxonomy":"post_tag","embeddable":true,"href":"https:\/\/soledaddurazo.com\/api\/wp\/v2\/tags?post=14133"}],"curies":[{"name":"wp","href":"https:\/\/api.w.org\/{rel}","templated":true}]}}