{"id":13913,"date":"2022-04-21T14:13:48","date_gmt":"2022-04-21T21:13:48","guid":{"rendered":"https:\/\/soledaddurazo.com\/?p=13913"},"modified":"2022-04-21T14:13:48","modified_gmt":"2022-04-21T21:13:48","slug":"anuncian-proyecto-la-villa-para-promover-a-villa-de-seris","status":"publish","type":"post","link":"https:\/\/soledaddurazo.com\/blog\/2022\/04\/21\/anuncian-proyecto-la-villa-para-promover-a-villa-de-seris\/","title":{"rendered":"Anuncian proyecto \u201cLa Villa\u201d para promover a Villa de Seris"},"content":{"rendered":"<p>A partir de este s\u00e1bado 23 y domingo 24 de abril iniciar\u00e1 el proyecto \u201cLa Villa\u201d en Villa de Seris con actividades art\u00edsticas, culturales y gastronom\u00eda t\u00edpica de la regi\u00f3n, anunci\u00f3 Fernanda Cisneros Rodr\u00edguez, directora de Desarrollo Tur\u00edstico de la Agencia Municipal de Desarrollo Econ\u00f3mico en relaci\u00f3n a este evento que busca promover la emblem\u00e1tica colonia de la capital sonorense.<\/p>\n<p>Acompa\u00f1ada por el Secretario de Ayuntamiento, Florencio D\u00edaz Armenta y la Asociaci\u00f3n Civil Villa de Seris Hist\u00f3rico, present\u00f3 el programa que tendr\u00e1 lugar en la Plaza de la Candelaria y la Plaza de los 3 Pueblos, donde a partir de las 18:00 horas las y los asistentes podr\u00e1n degustar los platillos representativos de la regi\u00f3n y disfrutar agrupaciones como Mariachi \u201cArrieros\u201d, Los Apson y Grupo Piloto, por mencionar parte de las actividades del s\u00e1bado.<\/p>\n<p>\u201cCon todos nuestros amigos de Villa de Seris hemos trabajado por meses en este proyecto para todos ustedes y darles un pedacito de ese rescate de lo que es Villa de Seris para nuestra Ciudad Capital que lo tiene todo, tiene la magia de este pueblo, como tenemos playa y muchos otros lugares m\u00e1gicos dentro de nuestra Ciudad\u201d, agreg\u00f3.<\/p>\n<p>El proyecto que se realizar\u00e1 cada dos semanas busca sentar las bases para inscribir a este tradicional sitio en la convocatoria de Tesoros de Sonora y posteriormente impulsarlo como Pueblo M\u00e1gico, destac\u00f3 Rams\u00e9s Valenzuela, representante de la Asociaci\u00f3n Civil Villa de Seris Hist\u00f3rico.<\/p>\n<p>Florencio D\u00edaz Armenta, Secretario del Ayuntamiento de Hermosillo resalt\u00f3 la importancia de posicionar este evento y que logre perdurar independientemente de la administraci\u00f3n municipal que se encuentre en turno, ya que fue creado para que sea convertido en tradici\u00f3n como en su momento iniciaron las Fiestas del Pitic y V\u00eda Activa.<\/p>\n<p>Durante la presentaci\u00f3n del Programa se dio una muestra de lo que las familias podr\u00e1n disfrutar cada celebraci\u00f3n de \u201cLa Villa\u201d como la participaci\u00f3n de \u201cCuentos de un Vagabundo\u201d interpretado por Juan Ram\u00f3n Acu\u00f1a y el estreno del trailer de What The Hell Is Hermosillo: El Casino del Diablo cortometraje que parte de sus escenas fueron filmadas en Villa de Seris.<\/p>\n<p>Asistieron tambi\u00e9n a la presentaci\u00f3n Francisco Xavier Garc\u00eda Karam, director de la Oficina de Convenciones y Visitantes de Hermosillo; Sergio Alejandro Ferr\u00e1 Valencia, de \u201cLa Villa\u201d Comit\u00e9 Creces de Villa de Seris; Juan Carlos J\u00e1uregui, regidor de Hermosillo, as\u00ed como tambi\u00e9n, empresas locales y nacionales.<\/p>\n<p><b>Programa \u201cLa Villa\u201d<\/b><\/p>\n<p><b>S\u00e1bado 23 de abril<\/b><\/p>\n<p>Actividades en Plaza de la Candelaria:<\/p>\n<p>-A las 6:00 p.m. \u201cAsociaci\u00f3n Folcl\u00f3rica del Pitic\u201d<\/p>\n<p>-De 8:00 p.m. a 10:00 p.m. Mariachi \u201cArrieros\u201d<\/p>\n<p>-De 10:00 p.m. a 12:00 a.m. \u201cLos Apson\u201d<\/p>\n<p>&nbsp;<\/p>\n<p>Actividades en Plaza de los 3 Pueblos<\/p>\n<p>-6:00 p.m. \u201cGrupo Piloto\u201d<\/p>\n<p>-8:00 p.m. \u201cInicio de la Callejoneada\u201d<\/p>\n<p>&nbsp;<\/p>\n<p><b>Domingo 24 de abril<\/b><\/p>\n<p>Actividades en Plaza de la Candelaria<\/p>\n<p>-6:00 p.m. \u201cMiranda Constanza\u201d<\/p>\n<p>-de 8:00 p.m. a 10: 00 p.m. \u201cRockola al Aire\u201d<\/p>\n<p>&nbsp;<\/p>\n<p>Actividades en Plaza de los 3 Pueblos<\/p>\n<p>-de 7:00 p.m. a 9:00 p.m. \u201cPoder Femenino Rap\u201d<\/p>\n<p>-de 9:00 p.m. a 11:00 p.m. \u201cSmokes Revolver\u201d<\/p>\n<p>&nbsp;<\/p>\n","protected":false},"excerpt":{"rendered":"<p>A partir de este s\u00e1bado 23 y domingo 24 de abril iniciar\u00e1 el proyecto \u201cLa Villa\u201d en Villa de Seris con actividades art\u00edsticas, culturales y gastronom\u00eda t\u00edpica de la regi\u00f3n, anunci\u00f3 Fernanda Cisneros Rodr\u00edguez, directora de Desarrollo Tur\u00edstico de la Agencia Municipal de Desarrollo Econ\u00f3mico en relaci\u00f3n a este evento que busca promover la emblem\u00e1tica [&hellip;]<\/p>\n","protected":false},"author":1,"featured_media":13914,"comment_status":"open","ping_status":"open","sticky":false,"template":"","format":"standard","meta":{"footnotes":""},"categories":[159],"tags":[],"class_list":["post"],"yoast_head":" \n<title>Anuncian proyecto \u201cLa Villa\u201d para promover a Villa de Seris - Periodista SoledadDurazo.com<\/title>\n<meta name=\"robots\" content=\"index, follow, max-snippet:-1, max-image-preview:large, max-video-preview:-1\" \/>\n<link rel=\"canonical\" href=\"https:\/\/soledaddurazo.com\/blog\/2022\/04\/21\/anuncian-proyecto-la-villa-para-promover-a-villa-de-seris\/\" \/>\n<meta property=\"og:locale\" content=\"es_MX\" \/>\n<meta property=\"og:type\" content=\"article\" \/>\n<meta property=\"og:title\" content=\"Anuncian proyecto \u201cLa Villa\u201d para promover a Villa de Seris\" \/>\n<meta property=\"og:description\" content=\"A partir de este s\u00e1bado 23 y domingo 24 de abril iniciar\u00e1 el proyecto \u201cLa Villa\u201d en Villa de Seris con actividades art\u00edsticas, culturales y gastronom\u00eda t\u00edpica de la regi\u00f3n, anunci\u00f3 Fernanda Cisneros Rodr\u00edguez, directora de Desarrollo Tur\u00edstico de la Agencia Municipal de Desarrollo Econ\u00f3mico en relaci\u00f3n a este evento que busca promover la emblem\u00e1tica [&hellip;]\" \/>\n<meta property=\"og:url\" content=\"https:\/\/soledaddurazo.com\/blog\/2022\/04\/21\/anuncian-proyecto-la-villa-para-promover-a-villa-de-seris\/\" \/>\n<meta property=\"og:site_name\" content=\"Periodista SoledadDurazo.com\" \/>\n<meta property=\"article:publisher\" content=\"https:\/\/www.facebook.com\/soledad.durazo.9\/\" \/>\n<meta property=\"article:published_time\" content=\"2022-04-21T21:13:48+00:00\" \/>\n<meta property=\"og:image\" content=\"https:\/\/soledaddurazo.com\/storage\/2022\/04\/Anuncia-Gobierno-Municipal-La-Villa-para-promover-a-Villa-de-Seris-3.jpeg\" \/>\n\t<meta property=\"og:image:width\" content=\"1024\" \/>\n\t<meta property=\"og:image:height\" content=\"683\" \/>\n<meta name=\"twitter:card\" content=\"summary_large_image\" \/>\n<meta name=\"twitter:creator\" content=\"@SoledadDurazo\" \/>\n<meta name=\"twitter:site\" content=\"@SoledadDurazo\" \/>\n<meta name=\"twitter:label1\" content=\"Escrito por\" \/>\n\t<meta name=\"twitter:data1\" content=\"Redacci\u00f3n\" \/>\n\t<meta name=\"twitter:label2\" content=\"Tiempo de lectura\" \/>\n\t<meta name=\"twitter:data2\" content=\"3 minutos\" \/>\n<script type=\"application\/ld+json\" class=\"yoast-schema-graph\">{\"@context\":\"https:\/\/schema.org\",\"@graph\":[{\"@type\":\"Organization\",\"@id\":\"https:\/\/soledaddurazo.com\/#organization\",\"name\":\"Soledad Durazo\",\"url\":\"https:\/\/soledaddurazo.com\/\",\"sameAs\":[\"https:\/\/www.facebook.com\/soledad.durazo.9\/\",\"https:\/\/www.instagram.com\/soledaddurazo\",\"https:\/\/www.youtube.com\/channel\/UC9yGPw8-Vbl_B2XNkRwPS-w\",\"https:\/\/twitter.com\/SoledadDurazo\"],\"logo\":{\"@type\":\"ImageObject\",\"@id\":\"https:\/\/soledaddurazo.com\/#logo\",\"inLanguage\":\"es\",\"url\":\"https:\/\/soledaddurazo.com\/storage\/2021\/11\/nllp-720x375-1-2.png\",\"contentUrl\":\"https:\/\/soledaddurazo.com\/storage\/2021\/11\/nllp-720x375-1-2.png\",\"width\":720,\"height\":375,\"caption\":\"Soledad Durazo\"},\"image\":{\"@id\":\"https:\/\/soledaddurazo.com\/#logo\"}},{\"@type\":\"WebSite\",\"@id\":\"https:\/\/soledaddurazo.com\/#website\",\"url\":\"https:\/\/soledaddurazo.com\/\",\"name\":\"Periodista SoledadDurazo.com\",\"description\":\"Periodista sonorense. Directora de www.SoledadDurazo.com Columnista, conductora de radio y Tv. Catedr\\u00e1tica en la UNISON\",\"publisher\":{\"@id\":\"https:\/\/soledaddurazo.com\/#organization\"},\"potentialAction\":[{\"@type\":\"SearchAction\",\"target\":{\"@type\":\"EntryPoint\",\"urlTemplate\":\"https:\/\/soledaddurazo.com\/?s={search_term_string}\"},\"query-input\":\"required name=search_term_string\"}],\"inLanguage\":\"es\"},{\"@type\":\"ImageObject\",\"@id\":\"https:\/\/soledaddurazo.com\/blog\/2022\/04\/21\/anuncian-proyecto-la-villa-para-promover-a-villa-de-seris\/#primaryimage\",\"inLanguage\":\"es\",\"url\":\"https:\/\/soledaddurazo.com\/storage\/2022\/04\/Anuncia-Gobierno-Municipal-La-Villa-para-promover-a-Villa-de-Seris-3.jpeg\",\"contentUrl\":\"https:\/\/soledaddurazo.com\/storage\/2022\/04\/Anuncia-Gobierno-Municipal-La-Villa-para-promover-a-Villa-de-Seris-3.jpeg\",\"width\":1024,\"height\":683},{\"@type\":\"WebPage\",\"@id\":\"https:\/\/soledaddurazo.com\/blog\/2022\/04\/21\/anuncian-proyecto-la-villa-para-promover-a-villa-de-seris\/#webpage\",\"url\":\"https:\/\/soledaddurazo.com\/blog\/2022\/04\/21\/anuncian-proyecto-la-villa-para-promover-a-villa-de-seris\/\",\"name\":\"Anuncian proyecto \\u201cLa Villa\\u201d para promover a Villa de Seris - Periodista SoledadDurazo.com\",\"isPartOf\":{\"@id\":\"https:\/\/soledaddurazo.com\/#website\"},\"primaryImageOfPage\":{\"@id\":\"https:\/\/soledaddurazo.com\/blog\/2022\/04\/21\/anuncian-proyecto-la-villa-para-promover-a-villa-de-seris\/#primaryimage\"},\"datePublished\":\"2022-04-21T21:13:48+00:00\",\"dateModified\":\"2022-04-21T21:13:48+00:00\",\"breadcrumb\":{\"@id\":\"https:\/\/soledaddurazo.com\/blog\/2022\/04\/21\/anuncian-proyecto-la-villa-para-promover-a-villa-de-seris\/#breadcrumb\"},\"inLanguage\":\"es\",\"potentialAction\":[{\"@type\":\"ReadAction\",\"target\":[\"https:\/\/soledaddurazo.com\/blog\/2022\/04\/21\/anuncian-proyecto-la-villa-para-promover-a-villa-de-seris\/\"]}]},{\"@type\":\"BreadcrumbList\",\"@id\":\"https:\/\/soledaddurazo.com\/blog\/2022\/04\/21\/anuncian-proyecto-la-villa-para-promover-a-villa-de-seris\/#breadcrumb\",\"itemListElement\":[{\"@type\":\"ListItem\",\"position\":1,\"name\":\"Home\",\"item\":\"https:\/\/soledaddurazo.com\/\"},{\"@type\":\"ListItem\",\"position\":2,\"name\":\"Anuncian proyecto \\u201cLa Villa\\u201d para promover a Villa de Seris\"}]},{\"@type\":\"Article\",\"@id\":\"https:\/\/soledaddurazo.com\/blog\/2022\/04\/21\/anuncian-proyecto-la-villa-para-promover-a-villa-de-seris\/#article\",\"isPartOf\":{\"@id\":\"https:\/\/soledaddurazo.com\/blog\/2022\/04\/21\/anuncian-proyecto-la-villa-para-promover-a-villa-de-seris\/#webpage\"},\"author\":{\"@id\":\"https:\/\/soledaddurazo.com\/#\/schema\/person\/822d8e13aa288585e6546f179853758b\"},\"headline\":\"Anuncian proyecto \\u201cLa Villa\\u201d para promover a Villa de Seris\",\"datePublished\":\"2022-04-21T21:13:48+00:00\",\"dateModified\":\"2022-04-21T21:13:48+00:00\",\"mainEntityOfPage\":{\"@id\":\"https:\/\/soledaddurazo.com\/blog\/2022\/04\/21\/anuncian-proyecto-la-villa-para-promover-a-villa-de-seris\/#webpage\"},\"wordCount\":543,\"commentCount\":0,\"publisher\":{\"@id\":\"https:\/\/soledaddurazo.com\/#organization\"},\"image\":{\"@id\":\"https:\/\/soledaddurazo.com\/blog\/2022\/04\/21\/anuncian-proyecto-la-villa-para-promover-a-villa-de-seris\/#primaryimage\"},\"thumbnailUrl\":\"https:\/\/soledaddurazo.com\/storage\/2022\/04\/Anuncia-Gobierno-Municipal-La-Villa-para-promover-a-Villa-de-Seris-3.jpeg\",\"articleSection\":[\"Mi Sonora\"],\"inLanguage\":\"es\",\"potentialAction\":[{\"@type\":\"CommentAction\",\"name\":\"Comment\",\"target\":[\"https:\/\/soledaddurazo.com\/blog\/2022\/04\/21\/anuncian-proyecto-la-villa-para-promover-a-villa-de-seris\/#respond\"]}]},{\"@type\":\"Person\",\"@id\":\"https:\/\/soledaddurazo.com\/#\/schema\/person\/822d8e13aa288585e6546f179853758b\",\"name\":\"Redacci\\u00f3n\",\"image\":{\"@type\":\"ImageObject\",\"@id\":\"https:\/\/soledaddurazo.com\/#personlogo\",\"inLanguage\":\"es\",\"url\":\"https:\/\/secure.gravatar.com\/avatar\/c4e193752f756fd61f04deebed3a3a20dc188d37edb53682d313ac57f2725d54?s=96&d=mm&r=g\",\"contentUrl\":\"https:\/\/secure.gravatar.com\/avatar\/c4e193752f756fd61f04deebed3a3a20dc188d37edb53682d313ac57f2725d54?s=96&d=mm&r=g\",\"caption\":\"Redacci\\u00f3n\"},\"sameAs\":[\"https:\/\/soledaddurazo.com\"]}]}<\/script>\n ","yoast_head_json":{"title":"Anuncian proyecto \u201cLa Villa\u201d para promover a Villa de Seris - Periodista SoledadDurazo.com","robots":{"index":"index","follow":"follow","max-snippet":"max-snippet:-1","max-image-preview":"max-image-preview:large","max-video-preview":"max-video-preview:-1"},"canonical":"https:\/\/soledaddurazo.com\/blog\/2022\/04\/21\/anuncian-proyecto-la-villa-para-promover-a-villa-de-seris\/","og_locale":"es_MX","og_type":"article","og_title":"Anuncian proyecto \u201cLa Villa\u201d para promover a Villa de Seris","og_description":"A partir de este s\u00e1bado 23 y domingo 24 de abril iniciar\u00e1 el proyecto \u201cLa Villa\u201d en Villa de Seris con actividades art\u00edsticas, culturales y gastronom\u00eda t\u00edpica de la regi\u00f3n, anunci\u00f3 Fernanda Cisneros Rodr\u00edguez, directora de Desarrollo Tur\u00edstico de la Agencia Municipal de Desarrollo Econ\u00f3mico en relaci\u00f3n a este evento que busca promover la emblem\u00e1tica [&hellip;]","og_url":"https:\/\/soledaddurazo.com\/blog\/2022\/04\/21\/anuncian-proyecto-la-villa-para-promover-a-villa-de-seris\/","og_site_name":"Periodista SoledadDurazo.com","article_publisher":"https:\/\/www.facebook.com\/soledad.durazo.9\/","article_published_time":"2022-04-21T21:13:48+00:00","og_image":[{"width":1024,"height":683,"url":"https:\/\/soledaddurazo.com\/storage\/2022\/04\/Anuncia-Gobierno-Municipal-La-Villa-para-promover-a-Villa-de-Seris-3.jpeg","type":"image\/jpeg"}],"twitter_card":"summary_large_image","twitter_creator":"@SoledadDurazo","twitter_site":"@SoledadDurazo","twitter_misc":{"Escrito por":"Redacci\u00f3n","Tiempo de lectura":"3 minutos"},"schema":{"@context":"https:\/\/schema.org","@graph":[{"@type":"Organization","@id":"https:\/\/soledaddurazo.com\/#organization","name":"Soledad Durazo","url":"https:\/\/soledaddurazo.com\/","sameAs":["https:\/\/www.facebook.com\/soledad.durazo.9\/","https:\/\/www.instagram.com\/soledaddurazo","https:\/\/www.youtube.com\/channel\/UC9yGPw8-Vbl_B2XNkRwPS-w","https:\/\/twitter.com\/SoledadDurazo"],"logo":{"@type":"ImageObject","@id":"https:\/\/soledaddurazo.com\/#logo","inLanguage":"es","url":"https:\/\/soledaddurazo.com\/storage\/2021\/11\/nllp-720x375-1-2.png","contentUrl":"https:\/\/soledaddurazo.com\/storage\/2021\/11\/nllp-720x375-1-2.png","width":720,"height":375,"caption":"Soledad Durazo"},"image":{"@id":"https:\/\/soledaddurazo.com\/#logo"}},{"@type":"WebSite","@id":"https:\/\/soledaddurazo.com\/#website","url":"https:\/\/soledaddurazo.com\/","name":"Periodista SoledadDurazo.com","description":"Periodista sonorense. Directora de www.SoledadDurazo.com Columnista, conductora de radio y Tv. Catedr\u00e1tica en la UNISON","publisher":{"@id":"https:\/\/soledaddurazo.com\/#organization"},"potentialAction":[{"@type":"SearchAction","target":{"@type":"EntryPoint","urlTemplate":"https:\/\/soledaddurazo.com\/?s={search_term_string}"},"query-input":"required name=search_term_string"}],"inLanguage":"es"},{"@type":"ImageObject","@id":"https:\/\/soledaddurazo.com\/blog\/2022\/04\/21\/anuncian-proyecto-la-villa-para-promover-a-villa-de-seris\/#primaryimage","inLanguage":"es","url":"https:\/\/soledaddurazo.com\/storage\/2022\/04\/Anuncia-Gobierno-Municipal-La-Villa-para-promover-a-Villa-de-Seris-3.jpeg","contentUrl":"https:\/\/soledaddurazo.com\/storage\/2022\/04\/Anuncia-Gobierno-Municipal-La-Villa-para-promover-a-Villa-de-Seris-3.jpeg","width":1024,"height":683},{"@type":"WebPage","@id":"https:\/\/soledaddurazo.com\/blog\/2022\/04\/21\/anuncian-proyecto-la-villa-para-promover-a-villa-de-seris\/#webpage","url":"https:\/\/soledaddurazo.com\/blog\/2022\/04\/21\/anuncian-proyecto-la-villa-para-promover-a-villa-de-seris\/","name":"Anuncian proyecto \u201cLa Villa\u201d para promover a Villa de Seris - Periodista SoledadDurazo.com","isPartOf":{"@id":"https:\/\/soledaddurazo.com\/#website"},"primaryImageOfPage":{"@id":"https:\/\/soledaddurazo.com\/blog\/2022\/04\/21\/anuncian-proyecto-la-villa-para-promover-a-villa-de-seris\/#primaryimage"},"datePublished":"2022-04-21T21:13:48+00:00","dateModified":"2022-04-21T21:13:48+00:00","breadcrumb":{"@id":"https:\/\/soledaddurazo.com\/blog\/2022\/04\/21\/anuncian-proyecto-la-villa-para-promover-a-villa-de-seris\/#breadcrumb"},"inLanguage":"es","potentialAction":[{"@type":"ReadAction","target":["https:\/\/soledaddurazo.com\/blog\/2022\/04\/21\/anuncian-proyecto-la-villa-para-promover-a-villa-de-seris\/"]}]},{"@type":"BreadcrumbList","@id":"https:\/\/soledaddurazo.com\/blog\/2022\/04\/21\/anuncian-proyecto-la-villa-para-promover-a-villa-de-seris\/#breadcrumb","itemListElement":[{"@type":"ListItem","position":1,"name":"Home","item":"https:\/\/soledaddurazo.com\/"},{"@type":"ListItem","position":2,"name":"Anuncian proyecto \u201cLa Villa\u201d para promover a Villa de Seris"}]},{"@type":"Article","@id":"https:\/\/soledaddurazo.com\/blog\/2022\/04\/21\/anuncian-proyecto-la-villa-para-promover-a-villa-de-seris\/#article","isPartOf":{"@id":"https:\/\/soledaddurazo.com\/blog\/2022\/04\/21\/anuncian-proyecto-la-villa-para-promover-a-villa-de-seris\/#webpage"},"author":{"@id":"https:\/\/soledaddurazo.com\/#\/schema\/person\/822d8e13aa288585e6546f179853758b"},"headline":"Anuncian proyecto \u201cLa Villa\u201d para promover a Villa de Seris","datePublished":"2022-04-21T21:13:48+00:00","dateModified":"2022-04-21T21:13:48+00:00","mainEntityOfPage":{"@id":"https:\/\/soledaddurazo.com\/blog\/2022\/04\/21\/anuncian-proyecto-la-villa-para-promover-a-villa-de-seris\/#webpage"},"wordCount":543,"commentCount":0,"publisher":{"@id":"https:\/\/soledaddurazo.com\/#organization"},"image":{"@id":"https:\/\/soledaddurazo.com\/blog\/2022\/04\/21\/anuncian-proyecto-la-villa-para-promover-a-villa-de-seris\/#primaryimage"},"thumbnailUrl":"https:\/\/soledaddurazo.com\/storage\/2022\/04\/Anuncia-Gobierno-Municipal-La-Villa-para-promover-a-Villa-de-Seris-3.jpeg","articleSection":["Mi Sonora"],"inLanguage":"es","potentialAction":[{"@type":"CommentAction","name":"Comment","target":["https:\/\/soledaddurazo.com\/blog\/2022\/04\/21\/anuncian-proyecto-la-villa-para-promover-a-villa-de-seris\/#respond"]}]},{"@type":"Person","@id":"https:\/\/soledaddurazo.com\/#\/schema\/person\/822d8e13aa288585e6546f179853758b","name":"Redacci\u00f3n","image":{"@type":"ImageObject","@id":"https:\/\/soledaddurazo.com\/#personlogo","inLanguage":"es","url":"https:\/\/secure.gravatar.com\/avatar\/c4e193752f756fd61f04deebed3a3a20dc188d37edb53682d313ac57f2725d54?s=96&d=mm&r=g","contentUrl":"https:\/\/secure.gravatar.com\/avatar\/c4e193752f756fd61f04deebed3a3a20dc188d37edb53682d313ac57f2725d54?s=96&d=mm&r=g","caption":"Redacci\u00f3n"},"sameAs":["https:\/\/soledaddurazo.com"]}]}},"_links":{"self":[{"href":"https:\/\/soledaddurazo.com\/api\/wp\/v2\/posts\/13913","targetHints":{"allow":["GET"]}}],"collection":[{"href":"https:\/\/soledaddurazo.com\/api\/wp\/v2\/posts"}],"about":[{"href":"https:\/\/soledaddurazo.com\/api\/wp\/v2\/types\/post"}],"author":[{"embeddable":true,"href":"https:\/\/soledaddurazo.com\/api\/wp\/v2\/users\/1"}],"replies":[{"embeddable":true,"href":"https:\/\/soledaddurazo.com\/api\/wp\/v2\/comments?post=13913"}],"version-history":[{"count":1,"href":"https:\/\/soledaddurazo.com\/api\/wp\/v2\/posts\/13913\/revisions"}],"predecessor-version":[{"id":13915,"href":"https:\/\/soledaddurazo.com\/api\/wp\/v2\/posts\/13913\/revisions\/13915"}],"wp:featuredmedia":[{"embeddable":true,"href":"https:\/\/soledaddurazo.com\/api\/wp\/v2\/media\/13914"}],"wp:attachment":[{"href":"https:\/\/soledaddurazo.com\/api\/wp\/v2\/media?parent=13913"}],"wp:term":[{"taxonomy":"category","embeddable":true,"href":"https:\/\/soledaddurazo.com\/api\/wp\/v2\/categories?post=13913"},{"taxonomy":"post_tag","embeddable":true,"href":"https:\/\/soledaddurazo.com\/api\/wp\/v2\/tags?post=13913"}],"curies":[{"name":"wp","href":"https:\/\/api.w.org\/{rel}","templated":true}]}}