{"id":13700,"date":"2022-03-31T00:08:25","date_gmt":"2022-03-31T07:08:25","guid":{"rendered":"https:\/\/soledaddurazo.com\/?p=13700"},"modified":"2022-03-31T00:08:25","modified_gmt":"2022-03-31T07:08:25","slug":"cuidemos-el-agua-potable-hagamoslo-ya","status":"publish","type":"post","link":"https:\/\/soledaddurazo.com\/blog\/2022\/03\/31\/cuidemos-el-agua-potable-hagamoslo-ya\/","title":{"rendered":"Cu\u00eddemos El Agua Potable, Hag\u00e1moslo \u00a1Ya!"},"content":{"rendered":"<p>\u00bfEn alg\u00fan momento del d\u00eda nos hemos detenido para meditar que estamos acabando con el agua para consumo humano y las generaciones, a partir de nuestros nietos y los hijos de ellos, pueden sufrir por la falta del l\u00edquido? Este es uno de los principales elementos naturales, vitales, para que haya vida.<\/p>\n<p>Es ahora cuando el gobierno, en sus tres niveles y toda la sociedad, deben realizar una permanente difusi\u00f3n y crear conciencia de que no debe desperdiciarse el agua potable.<\/p>\n<p>Oigo en el medio oficial una frase que pretende ser la justificaci\u00f3n: \u201cno llueve, las presas y los lagos est\u00e1n por debajo de su nivel\u201d. Ning\u00fan gobierno en el pasado y tampoco los de este Siglo XXI han establecido una pol\u00edtica hidr\u00e1ulica. Los expertos en la materia los hay, muy capaces y experimentados, seguramente contratados por las embotelladoras de cerveza, de refrescos y otras ramas industriales.<\/p>\n<p>La tecnolog\u00eda permite en la actualidad una comunicaci\u00f3n directa con toda la humanidad. Usen las redes sociales para una labor humanitaria. <strong>No una campa\u00f1a temporalera, ni de frases huecas<\/strong> Convocar en primer t\u00e9rmino a los ni\u00f1os de 5 a 12 a\u00f1os, porque ellos nos ense\u00f1an a no tirar basura en la calle, ponen el ejemplo al ceder el paso a las damas y a los ancianos. En fin, recuerdo que el gobierno del Distrito Federal promovi\u00f3 un video donde aparec\u00eda un chiquit\u00edn que al tiempo de decir: \u201c\u00a1Ci\u00e9rrale!\u201d, \u00e9l maniobraba para cerrar la llave de una toma.<\/p>\n<p><strong>OBRA T\u00c9CNICA, NO POL\u00cdTICA<\/strong><\/p>\n<p>En una entrevista period\u00edstica con el ingeniero <strong>Leandro Rovirosa Wade<\/strong>, un t\u00e9cnico en materia hidr\u00e1ulica y pol\u00edtico tabasque\u00f1o, despu\u00e9s de su acuerdo presidencial en Los Pinos, me dijo convencido y contundente: \u201cMire Jorge, en el acuerdo con el Se\u00f1or Presidente (<strong>Luis Echeverr\u00eda \u00c1lvarez<\/strong>) al presentarle el proyecto de obras para resolver el abastecimiento de agua para consumo humano, le dije enf\u00e1ticamente que <strong>las obras hidr\u00e1ulicas, no son obras pol\u00edticas sino t\u00e9cnicas<\/strong>\u201d.<\/p>\n<p>Las palabras del\u00a0 ingeniero Rovirosa\u00a0 Wade encierran una verdad irrefutable y de validez permanente. Las presas son un ejemplo, por ser imprescindibles en el desarrollo y progreso nacional. Las aguas que se almacenan en esas presas est\u00e1n destinadas para diversos usos. Son indispensables para la producci\u00f3n agraria, para apoyo de la ganader\u00eda, para la creaci\u00f3n de los Distritos de Riego, pero adem\u00e1s, para la producci\u00f3n de electricidad.<\/p>\n<p>En la actualidad en el pa\u00eds se cuenta con 210 presas de diferentes dimensiones, pero, el pero que nunca falta, <strong>poco o nada se ha hecho en pol\u00edtica hidr\u00e1ulica<\/strong>. Muchas de nuestras presas requieren mantenimiento, as\u00ed como los afluentes que las alimentan<\/p>\n<p>.El campo est\u00e1 abandonado desde hace 50 a\u00f1os y en la actualidad \u201c<strong>la austeridad republicana<\/strong>\u201d nos tiene al borde de ser totalmente importadores de verduras, frutas, granos, cuando en los a\u00f1os sesentas, los del PRIismo, fuimos exportadores y autosuficientes en la producci\u00f3n agropecuaria.<\/p>\n<p><strong>ES PROBLEMA NACIONAL<\/strong><\/p>\n<p>Comento, lo que hemos vivido en los dos \u00faltimos a\u00f1os, por <strong>la pandemia del COVID 19<\/strong>, nos deja una lecci\u00f3n que podemos poner en pr\u00e1ctica, ahora, frente al problema de la escasez de agua potable, del l\u00edquido para uso y consumo humano. Se nos indicaron medidas sanitarias aplicables para evitar el contagio del virus. Casi todos los mexicanos, de todas las edades, sin distinci\u00f3n de sexo, seguimos r\u00edgidamente las medidas, por bien nuestro, para cuidar nuestra salud. El gobierno federal, encabezado, \u201cpor ya saben qui\u00e9n\u201d, siempre tuvo otros datos, no uso el cubrebocas ni permiti\u00f3 la vacunaci\u00f3n para los menores de 12 a\u00f1os. Bueno, pero ya casi vamos saliendo y alrededor de 500 mil hogares enlutados.<\/p>\n<p><strong>La escasez de agua ya lleg\u00f3 en este 2022<\/strong>.<\/p>\n<p>Las noticias llegan de diversos puntos de nuestra Rep\u00fablica y de la Ciudad de M\u00e9xico. Lo\u00a0 preocupante es que en ninguno de los tres niveles de gobierno sabemos que se hable del problema. No es un tema del programa de televisi\u00f3n \u201cLas Ma\u00f1aneras\u201d. Ante todo no se trata de emprender una campa\u00f1a pol\u00edtica, no es simplemente referirse a la situaci\u00f3n que se vive en Tijuana, Baja California; en Monterrey, Nuevo Le\u00f3n; en municipios de Coahuila o en Alcald\u00edas de la Capital Mexicana. Se trata de formular acciones para evitar estragos.<\/p>\n<p>Tambi\u00e9n la reducci\u00f3n del abastecimiento y la suspensi\u00f3n, se da en municipios del Valle de M\u00e9xico. Lo grave es que hay presidentes municipales, como el de Ecatepec de Morelos (el morenista Fernando Vilchis Contreras), en lugar de buscar soluciones lanza cargos contra el gobernador Alfredo del Mazo Maza, se\u00f1alando que \u00e9l es responsable de la falta de agua. En Ciudad Netzahualc\u00f3yotl, la de mayor poblaci\u00f3n en la entidad, la gente sufre doblemente. No hay agua y \u201clos piperos\u201d cobran lo que les da la gana, por la nula acci\u00f3n gubernamental.<\/p>\n<p><strong>RESPONSABILIDAD DE TODOS<\/strong><\/p>\n<p>Recordemos que a finales de marzo del 2020 el gobierno dio a conocer las medidas para cuidarnos del contagio. Pues hoy, hago una invitaci\u00f3n, a trav\u00e9s de este medio digital, para que entendamos la nueva responsabilidad que afrontaremos mujeres, hombres, adultos, j\u00f3venes e infantes: <strong>\u00a1AHORRAR AGUA Y NO DESPERDICIARLA! <\/strong><\/p>\n<p>Es una tarea en que participaremos desde que despertamos hasta que nos acostemos. Comenzamos con el ba\u00f1o matutino \u2013aunque se haga en otro horario&#8211;. Procuremos no desperdiciar agua, no gastemos m\u00e1s all\u00e1 de lo necesario. Hay sugerencia de que pongamos una cubeta para recolectar agua para regar el jard\u00edn, lavar el piso del patio o la banqueta frente a la casa.<\/p>\n<p>No utilizar agua potable, de ser posible, para limpiar el autom\u00f3vil o la camioneta. En las mansiones de zonas residenciales (Lomas de Chapultepec, Bosques de las Lomas, Jardines de la Monta\u00f1a, en la Ciudad de M\u00e9xico) reciclar el agua para regar los amplios jardines y mantener sus piscinas con l\u00edquidos tratantes.<\/p>\n<p>La responsabilidad, insisto, es de todos. No hay excusa alguna. Detalles como ahorrar agua al lavarnos los dientes, es otra medida. Por supuesto que el ahorro no justifica el no lavarse, frecuentemente, las manos.<\/p>\n<p>Estoy seguro que en las Alcald\u00edas que enviaban a sus trabajadores a regar los prados p\u00fablicos, lo hagan con aguas tratadas al igual que los bomberos al cumplir con su muy noble y peligrosa acci\u00f3n. En Iztacalco no hay problema de esa naturaleza, porque los prados de los Andadores en la Colonia Militar Marte rara vez son trgados.<\/p>\n<p><strong>\u00a1CI\u00c9RRELE A LA LLAVE! <\/strong><\/p>\n<p><strong>EVITEMOS QUE MUERAN HUMANOS Y LA SEQU\u00cdA NOS DEJE SIN ALIMENTOS.<\/strong><\/p>\n<p><strong>ESTAMOS A TIEMPO DE COOPERAR POR EL BIEN GENERAL<\/strong><\/p>\n<p><strong>jherrerav@live.com.mx <\/strong><\/p>\n<p><strong>\u00a0<\/strong><\/p>\n<p>&nbsp;<\/p>\n<p>&nbsp;<\/p>\n<p>&nbsp;<\/p>\n<p>&nbsp;<\/p>\n","protected":false},"excerpt":{"rendered":"<p>\u00bfEn alg\u00fan momento del d\u00eda nos hemos detenido para meditar que estamos acabando con el agua para consumo humano y las generaciones, a partir de nuestros nietos y los hijos de ellos, pueden sufrir por la falta del l\u00edquido? Este es uno de los principales elementos naturales, vitales, para que haya vida. Es ahora cuando [&hellip;]<\/p>\n","protected":false},"author":1,"featured_media":13405,"comment_status":"open","ping_status":"open","sticky":false,"template":"","format":"standard","meta":{"footnotes":""},"categories":[172],"tags":[],"class_list":["post"],"yoast_head":" \n<title>Cu\u00eddemos El Agua Potable, Hag\u00e1moslo \u00a1Ya! - Periodista SoledadDurazo.com<\/title>\n<meta name=\"robots\" content=\"index, follow, max-snippet:-1, max-image-preview:large, max-video-preview:-1\" \/>\n<link rel=\"canonical\" href=\"https:\/\/soledaddurazo.com\/blog\/2022\/03\/31\/cuidemos-el-agua-potable-hagamoslo-ya\/\" \/>\n<meta property=\"og:locale\" content=\"es_MX\" \/>\n<meta property=\"og:type\" content=\"article\" \/>\n<meta property=\"og:title\" content=\"Cu\u00eddemos El Agua Potable, Hag\u00e1moslo \u00a1Ya!\" \/>\n<meta property=\"og:description\" content=\"\u00bfEn alg\u00fan momento del d\u00eda nos hemos detenido para meditar que estamos acabando con el agua para consumo humano y las generaciones, a partir de nuestros nietos y los hijos de ellos, pueden sufrir por la falta del l\u00edquido? Este es uno de los principales elementos naturales, vitales, para que haya vida. Es ahora cuando [&hellip;]\" \/>\n<meta property=\"og:url\" content=\"https:\/\/soledaddurazo.com\/blog\/2022\/03\/31\/cuidemos-el-agua-potable-hagamoslo-ya\/\" \/>\n<meta property=\"og:site_name\" content=\"Periodista SoledadDurazo.com\" \/>\n<meta property=\"article:publisher\" content=\"https:\/\/www.facebook.com\/soledad.durazo.9\/\" \/>\n<meta property=\"article:published_time\" content=\"2022-03-31T07:08:25+00:00\" \/>\n<meta property=\"og:image\" content=\"https:\/\/soledaddurazo.com\/storage\/2022\/03\/JORGE-HERRERA-OK.jpg\" \/>\n\t<meta property=\"og:image:width\" content=\"857\" \/>\n\t<meta property=\"og:image:height\" content=\"1080\" \/>\n<meta name=\"twitter:card\" content=\"summary_large_image\" \/>\n<meta name=\"twitter:creator\" content=\"@SoledadDurazo\" \/>\n<meta name=\"twitter:site\" content=\"@SoledadDurazo\" \/>\n<meta name=\"twitter:label1\" content=\"Escrito por\" \/>\n\t<meta name=\"twitter:data1\" content=\"Redacci\u00f3n\" \/>\n\t<meta name=\"twitter:label2\" content=\"Tiempo de lectura\" \/>\n\t<meta name=\"twitter:data2\" content=\"6 minutos\" \/>\n<script type=\"application\/ld+json\" class=\"yoast-schema-graph\">{\"@context\":\"https:\/\/schema.org\",\"@graph\":[{\"@type\":\"Organization\",\"@id\":\"https:\/\/soledaddurazo.com\/#organization\",\"name\":\"Soledad Durazo\",\"url\":\"https:\/\/soledaddurazo.com\/\",\"sameAs\":[\"https:\/\/www.facebook.com\/soledad.durazo.9\/\",\"https:\/\/www.instagram.com\/soledaddurazo\",\"https:\/\/www.youtube.com\/channel\/UC9yGPw8-Vbl_B2XNkRwPS-w\",\"https:\/\/twitter.com\/SoledadDurazo\"],\"logo\":{\"@type\":\"ImageObject\",\"@id\":\"https:\/\/soledaddurazo.com\/#logo\",\"inLanguage\":\"es\",\"url\":\"https:\/\/soledaddurazo.com\/storage\/2021\/11\/nllp-720x375-1-2.png\",\"contentUrl\":\"https:\/\/soledaddurazo.com\/storage\/2021\/11\/nllp-720x375-1-2.png\",\"width\":720,\"height\":375,\"caption\":\"Soledad Durazo\"},\"image\":{\"@id\":\"https:\/\/soledaddurazo.com\/#logo\"}},{\"@type\":\"WebSite\",\"@id\":\"https:\/\/soledaddurazo.com\/#website\",\"url\":\"https:\/\/soledaddurazo.com\/\",\"name\":\"Periodista SoledadDurazo.com\",\"description\":\"Periodista sonorense. Directora de www.SoledadDurazo.com Columnista, conductora de radio y Tv. Catedr\\u00e1tica en la UNISON\",\"publisher\":{\"@id\":\"https:\/\/soledaddurazo.com\/#organization\"},\"potentialAction\":[{\"@type\":\"SearchAction\",\"target\":{\"@type\":\"EntryPoint\",\"urlTemplate\":\"https:\/\/soledaddurazo.com\/?s={search_term_string}\"},\"query-input\":\"required name=search_term_string\"}],\"inLanguage\":\"es\"},{\"@type\":\"ImageObject\",\"@id\":\"https:\/\/soledaddurazo.com\/blog\/2022\/03\/31\/cuidemos-el-agua-potable-hagamoslo-ya\/#primaryimage\",\"inLanguage\":\"es\",\"url\":\"https:\/\/soledaddurazo.com\/storage\/2022\/03\/JORGE-HERRERA-OK.jpg\",\"contentUrl\":\"https:\/\/soledaddurazo.com\/storage\/2022\/03\/JORGE-HERRERA-OK.jpg\",\"width\":857,\"height\":1080},{\"@type\":\"WebPage\",\"@id\":\"https:\/\/soledaddurazo.com\/blog\/2022\/03\/31\/cuidemos-el-agua-potable-hagamoslo-ya\/#webpage\",\"url\":\"https:\/\/soledaddurazo.com\/blog\/2022\/03\/31\/cuidemos-el-agua-potable-hagamoslo-ya\/\",\"name\":\"Cu\\u00eddemos El Agua Potable, Hag\\u00e1moslo \\u00a1Ya! - Periodista SoledadDurazo.com\",\"isPartOf\":{\"@id\":\"https:\/\/soledaddurazo.com\/#website\"},\"primaryImageOfPage\":{\"@id\":\"https:\/\/soledaddurazo.com\/blog\/2022\/03\/31\/cuidemos-el-agua-potable-hagamoslo-ya\/#primaryimage\"},\"datePublished\":\"2022-03-31T07:08:25+00:00\",\"dateModified\":\"2022-03-31T07:08:25+00:00\",\"breadcrumb\":{\"@id\":\"https:\/\/soledaddurazo.com\/blog\/2022\/03\/31\/cuidemos-el-agua-potable-hagamoslo-ya\/#breadcrumb\"},\"inLanguage\":\"es\",\"potentialAction\":[{\"@type\":\"ReadAction\",\"target\":[\"https:\/\/soledaddurazo.com\/blog\/2022\/03\/31\/cuidemos-el-agua-potable-hagamoslo-ya\/\"]}]},{\"@type\":\"BreadcrumbList\",\"@id\":\"https:\/\/soledaddurazo.com\/blog\/2022\/03\/31\/cuidemos-el-agua-potable-hagamoslo-ya\/#breadcrumb\",\"itemListElement\":[{\"@type\":\"ListItem\",\"position\":1,\"name\":\"Home\",\"item\":\"https:\/\/soledaddurazo.com\/\"},{\"@type\":\"ListItem\",\"position\":2,\"name\":\"Cu\\u00eddemos El Agua Potable, Hag\\u00e1moslo \\u00a1Ya!\"}]},{\"@type\":\"Article\",\"@id\":\"https:\/\/soledaddurazo.com\/blog\/2022\/03\/31\/cuidemos-el-agua-potable-hagamoslo-ya\/#article\",\"isPartOf\":{\"@id\":\"https:\/\/soledaddurazo.com\/blog\/2022\/03\/31\/cuidemos-el-agua-potable-hagamoslo-ya\/#webpage\"},\"author\":{\"@id\":\"https:\/\/soledaddurazo.com\/#\/schema\/person\/822d8e13aa288585e6546f179853758b\"},\"headline\":\"Cu\\u00eddemos El Agua Potable, Hag\\u00e1moslo \\u00a1Ya!\",\"datePublished\":\"2022-03-31T07:08:25+00:00\",\"dateModified\":\"2022-03-31T07:08:25+00:00\",\"mainEntityOfPage\":{\"@id\":\"https:\/\/soledaddurazo.com\/blog\/2022\/03\/31\/cuidemos-el-agua-potable-hagamoslo-ya\/#webpage\"},\"wordCount\":1152,\"commentCount\":0,\"publisher\":{\"@id\":\"https:\/\/soledaddurazo.com\/#organization\"},\"image\":{\"@id\":\"https:\/\/soledaddurazo.com\/blog\/2022\/03\/31\/cuidemos-el-agua-potable-hagamoslo-ya\/#primaryimage\"},\"thumbnailUrl\":\"https:\/\/soledaddurazo.com\/storage\/2022\/03\/JORGE-HERRERA-OK.jpg\",\"articleSection\":[\"Jorge Herrera\"],\"inLanguage\":\"es\",\"potentialAction\":[{\"@type\":\"CommentAction\",\"name\":\"Comment\",\"target\":[\"https:\/\/soledaddurazo.com\/blog\/2022\/03\/31\/cuidemos-el-agua-potable-hagamoslo-ya\/#respond\"]}]},{\"@type\":\"Person\",\"@id\":\"https:\/\/soledaddurazo.com\/#\/schema\/person\/822d8e13aa288585e6546f179853758b\",\"name\":\"Redacci\\u00f3n\",\"image\":{\"@type\":\"ImageObject\",\"@id\":\"https:\/\/soledaddurazo.com\/#personlogo\",\"inLanguage\":\"es\",\"url\":\"https:\/\/secure.gravatar.com\/avatar\/c4e193752f756fd61f04deebed3a3a20dc188d37edb53682d313ac57f2725d54?s=96&d=mm&r=g\",\"contentUrl\":\"https:\/\/secure.gravatar.com\/avatar\/c4e193752f756fd61f04deebed3a3a20dc188d37edb53682d313ac57f2725d54?s=96&d=mm&r=g\",\"caption\":\"Redacci\\u00f3n\"},\"sameAs\":[\"https:\/\/soledaddurazo.com\"]}]}<\/script>\n ","yoast_head_json":{"title":"Cu\u00eddemos El Agua Potable, Hag\u00e1moslo \u00a1Ya! - Periodista SoledadDurazo.com","robots":{"index":"index","follow":"follow","max-snippet":"max-snippet:-1","max-image-preview":"max-image-preview:large","max-video-preview":"max-video-preview:-1"},"canonical":"https:\/\/soledaddurazo.com\/blog\/2022\/03\/31\/cuidemos-el-agua-potable-hagamoslo-ya\/","og_locale":"es_MX","og_type":"article","og_title":"Cu\u00eddemos El Agua Potable, Hag\u00e1moslo \u00a1Ya!","og_description":"\u00bfEn alg\u00fan momento del d\u00eda nos hemos detenido para meditar que estamos acabando con el agua para consumo humano y las generaciones, a partir de nuestros nietos y los hijos de ellos, pueden sufrir por la falta del l\u00edquido? Este es uno de los principales elementos naturales, vitales, para que haya vida. Es ahora cuando [&hellip;]","og_url":"https:\/\/soledaddurazo.com\/blog\/2022\/03\/31\/cuidemos-el-agua-potable-hagamoslo-ya\/","og_site_name":"Periodista SoledadDurazo.com","article_publisher":"https:\/\/www.facebook.com\/soledad.durazo.9\/","article_published_time":"2022-03-31T07:08:25+00:00","og_image":[{"width":857,"height":1080,"url":"https:\/\/soledaddurazo.com\/storage\/2022\/03\/JORGE-HERRERA-OK.jpg","type":"image\/jpeg"}],"twitter_card":"summary_large_image","twitter_creator":"@SoledadDurazo","twitter_site":"@SoledadDurazo","twitter_misc":{"Escrito por":"Redacci\u00f3n","Tiempo de lectura":"6 minutos"},"schema":{"@context":"https:\/\/schema.org","@graph":[{"@type":"Organization","@id":"https:\/\/soledaddurazo.com\/#organization","name":"Soledad Durazo","url":"https:\/\/soledaddurazo.com\/","sameAs":["https:\/\/www.facebook.com\/soledad.durazo.9\/","https:\/\/www.instagram.com\/soledaddurazo","https:\/\/www.youtube.com\/channel\/UC9yGPw8-Vbl_B2XNkRwPS-w","https:\/\/twitter.com\/SoledadDurazo"],"logo":{"@type":"ImageObject","@id":"https:\/\/soledaddurazo.com\/#logo","inLanguage":"es","url":"https:\/\/soledaddurazo.com\/storage\/2021\/11\/nllp-720x375-1-2.png","contentUrl":"https:\/\/soledaddurazo.com\/storage\/2021\/11\/nllp-720x375-1-2.png","width":720,"height":375,"caption":"Soledad Durazo"},"image":{"@id":"https:\/\/soledaddurazo.com\/#logo"}},{"@type":"WebSite","@id":"https:\/\/soledaddurazo.com\/#website","url":"https:\/\/soledaddurazo.com\/","name":"Periodista SoledadDurazo.com","description":"Periodista sonorense. Directora de www.SoledadDurazo.com Columnista, conductora de radio y Tv. Catedr\u00e1tica en la UNISON","publisher":{"@id":"https:\/\/soledaddurazo.com\/#organization"},"potentialAction":[{"@type":"SearchAction","target":{"@type":"EntryPoint","urlTemplate":"https:\/\/soledaddurazo.com\/?s={search_term_string}"},"query-input":"required name=search_term_string"}],"inLanguage":"es"},{"@type":"ImageObject","@id":"https:\/\/soledaddurazo.com\/blog\/2022\/03\/31\/cuidemos-el-agua-potable-hagamoslo-ya\/#primaryimage","inLanguage":"es","url":"https:\/\/soledaddurazo.com\/storage\/2022\/03\/JORGE-HERRERA-OK.jpg","contentUrl":"https:\/\/soledaddurazo.com\/storage\/2022\/03\/JORGE-HERRERA-OK.jpg","width":857,"height":1080},{"@type":"WebPage","@id":"https:\/\/soledaddurazo.com\/blog\/2022\/03\/31\/cuidemos-el-agua-potable-hagamoslo-ya\/#webpage","url":"https:\/\/soledaddurazo.com\/blog\/2022\/03\/31\/cuidemos-el-agua-potable-hagamoslo-ya\/","name":"Cu\u00eddemos El Agua Potable, Hag\u00e1moslo \u00a1Ya! - Periodista SoledadDurazo.com","isPartOf":{"@id":"https:\/\/soledaddurazo.com\/#website"},"primaryImageOfPage":{"@id":"https:\/\/soledaddurazo.com\/blog\/2022\/03\/31\/cuidemos-el-agua-potable-hagamoslo-ya\/#primaryimage"},"datePublished":"2022-03-31T07:08:25+00:00","dateModified":"2022-03-31T07:08:25+00:00","breadcrumb":{"@id":"https:\/\/soledaddurazo.com\/blog\/2022\/03\/31\/cuidemos-el-agua-potable-hagamoslo-ya\/#breadcrumb"},"inLanguage":"es","potentialAction":[{"@type":"ReadAction","target":["https:\/\/soledaddurazo.com\/blog\/2022\/03\/31\/cuidemos-el-agua-potable-hagamoslo-ya\/"]}]},{"@type":"BreadcrumbList","@id":"https:\/\/soledaddurazo.com\/blog\/2022\/03\/31\/cuidemos-el-agua-potable-hagamoslo-ya\/#breadcrumb","itemListElement":[{"@type":"ListItem","position":1,"name":"Home","item":"https:\/\/soledaddurazo.com\/"},{"@type":"ListItem","position":2,"name":"Cu\u00eddemos El Agua Potable, Hag\u00e1moslo \u00a1Ya!"}]},{"@type":"Article","@id":"https:\/\/soledaddurazo.com\/blog\/2022\/03\/31\/cuidemos-el-agua-potable-hagamoslo-ya\/#article","isPartOf":{"@id":"https:\/\/soledaddurazo.com\/blog\/2022\/03\/31\/cuidemos-el-agua-potable-hagamoslo-ya\/#webpage"},"author":{"@id":"https:\/\/soledaddurazo.com\/#\/schema\/person\/822d8e13aa288585e6546f179853758b"},"headline":"Cu\u00eddemos El Agua Potable, Hag\u00e1moslo \u00a1Ya!","datePublished":"2022-03-31T07:08:25+00:00","dateModified":"2022-03-31T07:08:25+00:00","mainEntityOfPage":{"@id":"https:\/\/soledaddurazo.com\/blog\/2022\/03\/31\/cuidemos-el-agua-potable-hagamoslo-ya\/#webpage"},"wordCount":1152,"commentCount":0,"publisher":{"@id":"https:\/\/soledaddurazo.com\/#organization"},"image":{"@id":"https:\/\/soledaddurazo.com\/blog\/2022\/03\/31\/cuidemos-el-agua-potable-hagamoslo-ya\/#primaryimage"},"thumbnailUrl":"https:\/\/soledaddurazo.com\/storage\/2022\/03\/JORGE-HERRERA-OK.jpg","articleSection":["Jorge Herrera"],"inLanguage":"es","potentialAction":[{"@type":"CommentAction","name":"Comment","target":["https:\/\/soledaddurazo.com\/blog\/2022\/03\/31\/cuidemos-el-agua-potable-hagamoslo-ya\/#respond"]}]},{"@type":"Person","@id":"https:\/\/soledaddurazo.com\/#\/schema\/person\/822d8e13aa288585e6546f179853758b","name":"Redacci\u00f3n","image":{"@type":"ImageObject","@id":"https:\/\/soledaddurazo.com\/#personlogo","inLanguage":"es","url":"https:\/\/secure.gravatar.com\/avatar\/c4e193752f756fd61f04deebed3a3a20dc188d37edb53682d313ac57f2725d54?s=96&d=mm&r=g","contentUrl":"https:\/\/secure.gravatar.com\/avatar\/c4e193752f756fd61f04deebed3a3a20dc188d37edb53682d313ac57f2725d54?s=96&d=mm&r=g","caption":"Redacci\u00f3n"},"sameAs":["https:\/\/soledaddurazo.com"]}]}},"_links":{"self":[{"href":"https:\/\/soledaddurazo.com\/api\/wp\/v2\/posts\/13700","targetHints":{"allow":["GET"]}}],"collection":[{"href":"https:\/\/soledaddurazo.com\/api\/wp\/v2\/posts"}],"about":[{"href":"https:\/\/soledaddurazo.com\/api\/wp\/v2\/types\/post"}],"author":[{"embeddable":true,"href":"https:\/\/soledaddurazo.com\/api\/wp\/v2\/users\/1"}],"replies":[{"embeddable":true,"href":"https:\/\/soledaddurazo.com\/api\/wp\/v2\/comments?post=13700"}],"version-history":[{"count":1,"href":"https:\/\/soledaddurazo.com\/api\/wp\/v2\/posts\/13700\/revisions"}],"predecessor-version":[{"id":13701,"href":"https:\/\/soledaddurazo.com\/api\/wp\/v2\/posts\/13700\/revisions\/13701"}],"wp:featuredmedia":[{"embeddable":true,"href":"https:\/\/soledaddurazo.com\/api\/wp\/v2\/media\/13405"}],"wp:attachment":[{"href":"https:\/\/soledaddurazo.com\/api\/wp\/v2\/media?parent=13700"}],"wp:term":[{"taxonomy":"category","embeddable":true,"href":"https:\/\/soledaddurazo.com\/api\/wp\/v2\/categories?post=13700"},{"taxonomy":"post_tag","embeddable":true,"href":"https:\/\/soledaddurazo.com\/api\/wp\/v2\/tags?post=13700"}],"curies":[{"name":"wp","href":"https:\/\/api.w.org\/{rel}","templated":true}]}}