{"id":13679,"date":"2022-03-29T13:37:49","date_gmt":"2022-03-29T20:37:49","guid":{"rendered":"https:\/\/soledaddurazo.com\/?p=13679"},"modified":"2022-03-29T13:37:49","modified_gmt":"2022-03-29T20:37:49","slug":"primera-limpia-en-el-meson-de-la-cuarta-transformacion-en-sonora","status":"publish","type":"post","link":"https:\/\/soledaddurazo.com\/blog\/2022\/03\/29\/primera-limpia-en-el-meson-de-la-cuarta-transformacion-en-sonora\/","title":{"rendered":"Primera limpia en el mes\u00f3n de la Cuarta Transformaci\u00f3n en Sonora"},"content":{"rendered":"<p>El Gobernador Alfonso Durazo reci\u00e9n rebasa sus primeros seis meses en el ejercicio del poder, enfrent\u00f3 un dif\u00edcil cierre del \u00faltimo trimestre del 2022 debido a problemas presupuestales, fue gracias al Gobierno Federal y a un plan de austeridad, que se pudo cerrar el a\u00f1o sin ning\u00fan contratiempo mayor.<\/p>\n<p>Los primeros tres meses en el poder sirvieron para alinear la plataforma de lanzamiento de los proyectos detonadores en la visi\u00f3n del desarrollo que tiene Alfonso Durazo para el estado.<\/p>\n<p>Con el primer tercio del a\u00f1o 2022 ya casi por terminar y con el arribo de los recursos presupuestales programados, los proyectos est\u00e1n en su fase inicial, ha sido el tiempo prudente para realizar un ejercicio de introspectiva org\u00e1nica del Gobierno del Estado. Ya el Congreso del Estado se encarg\u00f3 de aprobar la nueva estructura org\u00e1nica del Gobierno del Estado.<\/p>\n<p>En cuanto a la introspectiva de los recursos humanos, varios funcionarios han sido despedidos recientemente por la p\u00e9rdida de confianza a causa de distintas situaciones, en su mayor\u00eda relacionadas con actos de corrupci\u00f3n, es la primera limpia en el mes\u00f3n de la Cuarta Transformaci\u00f3n en Sonora, con estos ceses, creo que el Gobernador Alfonso Durazo manda una se\u00f1al a sus colaboradores de cero tolerancia a conductas fuera de la Ley.<\/p>\n<p>Damos algunos ejemplos de lo que le digo mi estimado lector, en este mismo espacio el 17 de marzo, di cuenta de algunos funcionarios de la Direcci\u00f3n de Registro y Control de Empresas de Seguridad Privada, adscrita a la Secretar\u00eda de Seguridad P\u00fablica, que, con fervor, estaban pegando batazos de m\u00e1s de 400 pies de profundidad, solicitando el cl\u00e1sico moche para dar cauce normal a los tr\u00e1mites de empresas de seguridad privada.<\/p>\n<p>La noticia lleg\u00f3 a o\u00eddos de la Secretaria, Mar\u00eda Dolores del R\u00edo que procedi\u00f3 en consecuencia y gir\u00f3 \u00f3rdenes para notificarles por escruti su renuncia el d\u00eda 22 de marzo a los malos funcionarios Octavio Loustaunau Monge, Kristian Geovani Morales Monge y Ad\u00e1n Valenzuela Verdugo.<\/p>\n<p>Seguro que la se\u00f1ora Mar\u00eda Dolores del R\u00edo tambi\u00e9n le ley\u00f3 la cartilla al Coordinador General del Sistema Estatal de Informaci\u00f3n de Seguridad P\u00fablica, Heriberto Serrano Campos, para que deje la grilla y se ponga a trabajar, ya es tiempo que se le vea m\u00e1s seguido por su centro de trabajo.<\/p>\n<p>Me congratulo el darme cuenta que la Secretaria de Seguridad Mar\u00eda Dolores del R\u00edo est\u00e9 atenta a las denuncias sobre malos funcionarios.<\/p>\n<p>Lo mismo pasa con el Secretario de Educaci\u00f3n Aar\u00f3n Grageda, que no se tent\u00f3 el coraz\u00f3n para el despido de Mar\u00eda de Lourdes F\u00e9lix Pe\u00f1u\u00f1uri, Directora del Servicio de Atenci\u00f3n a la Poblaci\u00f3n Escolar Migrante, que result\u00f3 ser una ineficiencia total como servidora p\u00fablica y con muy malas ma\u00f1as.<\/p>\n<p>Menci\u00f3n aparte merece el caso del despido de la Subsecretaria de Inclusi\u00f3n Social de la Secretar\u00eda de Desarrollo Social, Ana Patricia Medina, que se avent\u00f3 un round con la Secretaria Wendy Brice\u00f1o y lo perdi\u00f3.<\/p>\n<p>Seguro podr\u00edan surgir m\u00e1s nombres de malos funcionarios, eso ser\u00e1 motivo para el an\u00e1lisis, lo importante es que ya hay un mensaje y en su salud lo hallar\u00e1 todo aquel que se pase de la raya.<\/p>\n<p><strong>ALFONSO DURAZO EL \u00daNICO COLOSISTA EN LA PALESTRA<\/strong><\/p>\n<p>28 a\u00f1os despu\u00e9s de aquella tarde en Lomas Taurinas en la que Luis Donaldo Colosio muriera v\u00edctima de las balas de la intriga del poder pol\u00edtico, el \u00faltimo de los miembros de aquel nutrido grupo de hombres y mujeres que se alistaba a tomar el poder pol\u00edtico, retoma la bandera del colosismo.<\/p>\n<p>De hechura y formaci\u00f3n priista, ahora militando en Morena, el Gobernador de Sonora Alfonso Durazo reconoci\u00f3 que ahora toca preservar la llama de la esperanza que encendi\u00f3 Luis Donaldo, al tomar la palabra en el Congreso del Estado, en la ceremonia de inscripci\u00f3n en letras doradas en el muro del recinto legislativo, el nombre del pol\u00edtico oriundo de Magdalena.<\/p>\n<p>El Gobernador Durazo remarc\u00f3 la influencia que le dej\u00f3 Colosio Murrieta de quien aprendi\u00f3 los valores de la disciplina, la sencillez, sensibilidad social, y a mantener los pies apoyados con firmeza en la tierra, as\u00ed como la importancia esencial de las ideas y la acci\u00f3n, adem\u00e1s de un equilibro indispensable entre la realidad y la aspiraci\u00f3n.<\/p>\n<p><strong>RETAZOS INTERESANTES<\/strong><\/p>\n<p>1.- \u00a0La Presidenta del Congreso del Estado, la Diputada Natalia Rivera, no desluci\u00f3 en su discurso en memoria de Luis Donaldo Colosio, en la sesi\u00f3n solemne del pasado mi\u00e9rcoles en el Congreso del Estado. La Diputada Rivera subray\u00f3 que el legado de Colosio sigue vigente en momentos en que nuestra sociedad intenta recuperarse despu\u00e9s de una pandemia que deja en lo interno una severa crisis econ\u00f3mica, una descomposici\u00f3n del tejido social, crisis pol\u00edticas y conflictos internacionales en lo externo.<\/p>\n<p>Para los amigos de todo el sur de Sonora, los invito a escuchar de 13:00 a 14:00 horas, SONORA EN RED NOTICIAS, espacio que comparto con mi amigo Arturo Chapo Soto, por el 93.3 del cuadrante de F.M. que tambi\u00e9n puede ser visto, por la se\u00f1al del canal 14 de TV Azteca Tucson, para todo el sur de Arizona. No se lo pierdan.<\/p>\n<p>Podemos interactuar a trav\u00e9s de mi cuenta de Twitter @feroropeza20 o en mi correo electr\u00f3nico\u00a0<a href=\"mailto:luiso@hmo.megared.net.mx\">luiso@hmo.megared.net.mx<\/a><\/p>\n<p>&nbsp;<\/p>\n","protected":false},"excerpt":{"rendered":"<p>El Gobernador Alfonso Durazo reci\u00e9n rebasa sus primeros seis meses en el ejercicio del poder, enfrent\u00f3 un dif\u00edcil cierre del \u00faltimo trimestre del 2022 debido a problemas presupuestales, fue gracias al Gobierno Federal y a un plan de austeridad, que se pudo cerrar el a\u00f1o sin ning\u00fan contratiempo mayor. Los primeros tres meses en el [&hellip;]<\/p>\n","protected":false},"author":1,"featured_media":13282,"comment_status":"open","ping_status":"open","sticky":false,"template":"","format":"standard","meta":{"footnotes":""},"categories":[173],"tags":[],"class_list":["post"],"yoast_head":" \n<title>Primera limpia en el mes\u00f3n de la Cuarta Transformaci\u00f3n en Sonora - Periodista SoledadDurazo.com<\/title>\n<meta name=\"robots\" content=\"index, follow, max-snippet:-1, max-image-preview:large, max-video-preview:-1\" \/>\n<link rel=\"canonical\" href=\"https:\/\/soledaddurazo.com\/blog\/2022\/03\/29\/primera-limpia-en-el-meson-de-la-cuarta-transformacion-en-sonora\/\" \/>\n<meta property=\"og:locale\" content=\"es_MX\" \/>\n<meta property=\"og:type\" content=\"article\" \/>\n<meta property=\"og:title\" content=\"Primera limpia en el mes\u00f3n de la Cuarta Transformaci\u00f3n en Sonora\" \/>\n<meta property=\"og:description\" content=\"El Gobernador Alfonso Durazo reci\u00e9n rebasa sus primeros seis meses en el ejercicio del poder, enfrent\u00f3 un dif\u00edcil cierre del \u00faltimo trimestre del 2022 debido a problemas presupuestales, fue gracias al Gobierno Federal y a un plan de austeridad, que se pudo cerrar el a\u00f1o sin ning\u00fan contratiempo mayor. Los primeros tres meses en el [&hellip;]\" \/>\n<meta property=\"og:url\" content=\"https:\/\/soledaddurazo.com\/blog\/2022\/03\/29\/primera-limpia-en-el-meson-de-la-cuarta-transformacion-en-sonora\/\" \/>\n<meta property=\"og:site_name\" content=\"Periodista SoledadDurazo.com\" \/>\n<meta property=\"article:publisher\" content=\"https:\/\/www.facebook.com\/soledad.durazo.9\/\" \/>\n<meta property=\"article:published_time\" content=\"2022-03-29T20:37:49+00:00\" \/>\n<meta property=\"og:image\" content=\"https:\/\/soledaddurazo.com\/storage\/2022\/02\/FOTO-FERNANDO-OROPEZA-1-750x375-1-600x300-1.jpg\" \/>\n\t<meta property=\"og:image:width\" content=\"600\" \/>\n\t<meta property=\"og:image:height\" content=\"300\" \/>\n<meta name=\"twitter:card\" content=\"summary_large_image\" \/>\n<meta name=\"twitter:creator\" content=\"@SoledadDurazo\" \/>\n<meta name=\"twitter:site\" content=\"@SoledadDurazo\" \/>\n<meta name=\"twitter:label1\" content=\"Escrito por\" \/>\n\t<meta name=\"twitter:data1\" content=\"Redacci\u00f3n\" \/>\n\t<meta name=\"twitter:label2\" content=\"Tiempo de lectura\" \/>\n\t<meta name=\"twitter:data2\" content=\"4 minutos\" \/>\n<script type=\"application\/ld+json\" class=\"yoast-schema-graph\">{\"@context\":\"https:\/\/schema.org\",\"@graph\":[{\"@type\":\"Organization\",\"@id\":\"https:\/\/soledaddurazo.com\/#organization\",\"name\":\"Soledad Durazo\",\"url\":\"https:\/\/soledaddurazo.com\/\",\"sameAs\":[\"https:\/\/www.facebook.com\/soledad.durazo.9\/\",\"https:\/\/www.instagram.com\/soledaddurazo\",\"https:\/\/www.youtube.com\/channel\/UC9yGPw8-Vbl_B2XNkRwPS-w\",\"https:\/\/twitter.com\/SoledadDurazo\"],\"logo\":{\"@type\":\"ImageObject\",\"@id\":\"https:\/\/soledaddurazo.com\/#logo\",\"inLanguage\":\"es\",\"url\":\"https:\/\/soledaddurazo.com\/storage\/2021\/11\/nllp-720x375-1-2.png\",\"contentUrl\":\"https:\/\/soledaddurazo.com\/storage\/2021\/11\/nllp-720x375-1-2.png\",\"width\":720,\"height\":375,\"caption\":\"Soledad Durazo\"},\"image\":{\"@id\":\"https:\/\/soledaddurazo.com\/#logo\"}},{\"@type\":\"WebSite\",\"@id\":\"https:\/\/soledaddurazo.com\/#website\",\"url\":\"https:\/\/soledaddurazo.com\/\",\"name\":\"Periodista SoledadDurazo.com\",\"description\":\"Periodista sonorense. Directora de www.SoledadDurazo.com Columnista, conductora de radio y Tv. Catedr\\u00e1tica en la UNISON\",\"publisher\":{\"@id\":\"https:\/\/soledaddurazo.com\/#organization\"},\"potentialAction\":[{\"@type\":\"SearchAction\",\"target\":{\"@type\":\"EntryPoint\",\"urlTemplate\":\"https:\/\/soledaddurazo.com\/?s={search_term_string}\"},\"query-input\":\"required name=search_term_string\"}],\"inLanguage\":\"es\"},{\"@type\":\"ImageObject\",\"@id\":\"https:\/\/soledaddurazo.com\/blog\/2022\/03\/29\/primera-limpia-en-el-meson-de-la-cuarta-transformacion-en-sonora\/#primaryimage\",\"inLanguage\":\"es\",\"url\":\"https:\/\/soledaddurazo.com\/storage\/2022\/02\/FOTO-FERNANDO-OROPEZA-1-750x375-1-600x300-1.jpg\",\"contentUrl\":\"https:\/\/soledaddurazo.com\/storage\/2022\/02\/FOTO-FERNANDO-OROPEZA-1-750x375-1-600x300-1.jpg\",\"width\":600,\"height\":300},{\"@type\":\"WebPage\",\"@id\":\"https:\/\/soledaddurazo.com\/blog\/2022\/03\/29\/primera-limpia-en-el-meson-de-la-cuarta-transformacion-en-sonora\/#webpage\",\"url\":\"https:\/\/soledaddurazo.com\/blog\/2022\/03\/29\/primera-limpia-en-el-meson-de-la-cuarta-transformacion-en-sonora\/\",\"name\":\"Primera limpia en el mes\\u00f3n de la Cuarta Transformaci\\u00f3n en Sonora - Periodista SoledadDurazo.com\",\"isPartOf\":{\"@id\":\"https:\/\/soledaddurazo.com\/#website\"},\"primaryImageOfPage\":{\"@id\":\"https:\/\/soledaddurazo.com\/blog\/2022\/03\/29\/primera-limpia-en-el-meson-de-la-cuarta-transformacion-en-sonora\/#primaryimage\"},\"datePublished\":\"2022-03-29T20:37:49+00:00\",\"dateModified\":\"2022-03-29T20:37:49+00:00\",\"breadcrumb\":{\"@id\":\"https:\/\/soledaddurazo.com\/blog\/2022\/03\/29\/primera-limpia-en-el-meson-de-la-cuarta-transformacion-en-sonora\/#breadcrumb\"},\"inLanguage\":\"es\",\"potentialAction\":[{\"@type\":\"ReadAction\",\"target\":[\"https:\/\/soledaddurazo.com\/blog\/2022\/03\/29\/primera-limpia-en-el-meson-de-la-cuarta-transformacion-en-sonora\/\"]}]},{\"@type\":\"BreadcrumbList\",\"@id\":\"https:\/\/soledaddurazo.com\/blog\/2022\/03\/29\/primera-limpia-en-el-meson-de-la-cuarta-transformacion-en-sonora\/#breadcrumb\",\"itemListElement\":[{\"@type\":\"ListItem\",\"position\":1,\"name\":\"Home\",\"item\":\"https:\/\/soledaddurazo.com\/\"},{\"@type\":\"ListItem\",\"position\":2,\"name\":\"Primera limpia en el mes\\u00f3n de la Cuarta Transformaci\\u00f3n en Sonora\"}]},{\"@type\":\"Article\",\"@id\":\"https:\/\/soledaddurazo.com\/blog\/2022\/03\/29\/primera-limpia-en-el-meson-de-la-cuarta-transformacion-en-sonora\/#article\",\"isPartOf\":{\"@id\":\"https:\/\/soledaddurazo.com\/blog\/2022\/03\/29\/primera-limpia-en-el-meson-de-la-cuarta-transformacion-en-sonora\/#webpage\"},\"author\":{\"@id\":\"https:\/\/soledaddurazo.com\/#\/schema\/person\/822d8e13aa288585e6546f179853758b\"},\"headline\":\"Primera limpia en el mes\\u00f3n de la Cuarta Transformaci\\u00f3n en Sonora\",\"datePublished\":\"2022-03-29T20:37:49+00:00\",\"dateModified\":\"2022-03-29T20:37:49+00:00\",\"mainEntityOfPage\":{\"@id\":\"https:\/\/soledaddurazo.com\/blog\/2022\/03\/29\/primera-limpia-en-el-meson-de-la-cuarta-transformacion-en-sonora\/#webpage\"},\"wordCount\":937,\"commentCount\":0,\"publisher\":{\"@id\":\"https:\/\/soledaddurazo.com\/#organization\"},\"image\":{\"@id\":\"https:\/\/soledaddurazo.com\/blog\/2022\/03\/29\/primera-limpia-en-el-meson-de-la-cuarta-transformacion-en-sonora\/#primaryimage\"},\"thumbnailUrl\":\"https:\/\/soledaddurazo.com\/storage\/2022\/02\/FOTO-FERNANDO-OROPEZA-1-750x375-1-600x300-1.jpg\",\"articleSection\":[\"Fernando Oropeza\"],\"inLanguage\":\"es\",\"potentialAction\":[{\"@type\":\"CommentAction\",\"name\":\"Comment\",\"target\":[\"https:\/\/soledaddurazo.com\/blog\/2022\/03\/29\/primera-limpia-en-el-meson-de-la-cuarta-transformacion-en-sonora\/#respond\"]}]},{\"@type\":\"Person\",\"@id\":\"https:\/\/soledaddurazo.com\/#\/schema\/person\/822d8e13aa288585e6546f179853758b\",\"name\":\"Redacci\\u00f3n\",\"image\":{\"@type\":\"ImageObject\",\"@id\":\"https:\/\/soledaddurazo.com\/#personlogo\",\"inLanguage\":\"es\",\"url\":\"https:\/\/secure.gravatar.com\/avatar\/c4e193752f756fd61f04deebed3a3a20dc188d37edb53682d313ac57f2725d54?s=96&d=mm&r=g\",\"contentUrl\":\"https:\/\/secure.gravatar.com\/avatar\/c4e193752f756fd61f04deebed3a3a20dc188d37edb53682d313ac57f2725d54?s=96&d=mm&r=g\",\"caption\":\"Redacci\\u00f3n\"},\"sameAs\":[\"https:\/\/soledaddurazo.com\"]}]}<\/script>\n ","yoast_head_json":{"title":"Primera limpia en el mes\u00f3n de la Cuarta Transformaci\u00f3n en Sonora - Periodista SoledadDurazo.com","robots":{"index":"index","follow":"follow","max-snippet":"max-snippet:-1","max-image-preview":"max-image-preview:large","max-video-preview":"max-video-preview:-1"},"canonical":"https:\/\/soledaddurazo.com\/blog\/2022\/03\/29\/primera-limpia-en-el-meson-de-la-cuarta-transformacion-en-sonora\/","og_locale":"es_MX","og_type":"article","og_title":"Primera limpia en el mes\u00f3n de la Cuarta Transformaci\u00f3n en Sonora","og_description":"El Gobernador Alfonso Durazo reci\u00e9n rebasa sus primeros seis meses en el ejercicio del poder, enfrent\u00f3 un dif\u00edcil cierre del \u00faltimo trimestre del 2022 debido a problemas presupuestales, fue gracias al Gobierno Federal y a un plan de austeridad, que se pudo cerrar el a\u00f1o sin ning\u00fan contratiempo mayor. Los primeros tres meses en el [&hellip;]","og_url":"https:\/\/soledaddurazo.com\/blog\/2022\/03\/29\/primera-limpia-en-el-meson-de-la-cuarta-transformacion-en-sonora\/","og_site_name":"Periodista SoledadDurazo.com","article_publisher":"https:\/\/www.facebook.com\/soledad.durazo.9\/","article_published_time":"2022-03-29T20:37:49+00:00","og_image":[{"width":600,"height":300,"url":"https:\/\/soledaddurazo.com\/storage\/2022\/02\/FOTO-FERNANDO-OROPEZA-1-750x375-1-600x300-1.jpg","type":"image\/jpeg"}],"twitter_card":"summary_large_image","twitter_creator":"@SoledadDurazo","twitter_site":"@SoledadDurazo","twitter_misc":{"Escrito por":"Redacci\u00f3n","Tiempo de lectura":"4 minutos"},"schema":{"@context":"https:\/\/schema.org","@graph":[{"@type":"Organization","@id":"https:\/\/soledaddurazo.com\/#organization","name":"Soledad Durazo","url":"https:\/\/soledaddurazo.com\/","sameAs":["https:\/\/www.facebook.com\/soledad.durazo.9\/","https:\/\/www.instagram.com\/soledaddurazo","https:\/\/www.youtube.com\/channel\/UC9yGPw8-Vbl_B2XNkRwPS-w","https:\/\/twitter.com\/SoledadDurazo"],"logo":{"@type":"ImageObject","@id":"https:\/\/soledaddurazo.com\/#logo","inLanguage":"es","url":"https:\/\/soledaddurazo.com\/storage\/2021\/11\/nllp-720x375-1-2.png","contentUrl":"https:\/\/soledaddurazo.com\/storage\/2021\/11\/nllp-720x375-1-2.png","width":720,"height":375,"caption":"Soledad Durazo"},"image":{"@id":"https:\/\/soledaddurazo.com\/#logo"}},{"@type":"WebSite","@id":"https:\/\/soledaddurazo.com\/#website","url":"https:\/\/soledaddurazo.com\/","name":"Periodista SoledadDurazo.com","description":"Periodista sonorense. Directora de www.SoledadDurazo.com Columnista, conductora de radio y Tv. Catedr\u00e1tica en la UNISON","publisher":{"@id":"https:\/\/soledaddurazo.com\/#organization"},"potentialAction":[{"@type":"SearchAction","target":{"@type":"EntryPoint","urlTemplate":"https:\/\/soledaddurazo.com\/?s={search_term_string}"},"query-input":"required name=search_term_string"}],"inLanguage":"es"},{"@type":"ImageObject","@id":"https:\/\/soledaddurazo.com\/blog\/2022\/03\/29\/primera-limpia-en-el-meson-de-la-cuarta-transformacion-en-sonora\/#primaryimage","inLanguage":"es","url":"https:\/\/soledaddurazo.com\/storage\/2022\/02\/FOTO-FERNANDO-OROPEZA-1-750x375-1-600x300-1.jpg","contentUrl":"https:\/\/soledaddurazo.com\/storage\/2022\/02\/FOTO-FERNANDO-OROPEZA-1-750x375-1-600x300-1.jpg","width":600,"height":300},{"@type":"WebPage","@id":"https:\/\/soledaddurazo.com\/blog\/2022\/03\/29\/primera-limpia-en-el-meson-de-la-cuarta-transformacion-en-sonora\/#webpage","url":"https:\/\/soledaddurazo.com\/blog\/2022\/03\/29\/primera-limpia-en-el-meson-de-la-cuarta-transformacion-en-sonora\/","name":"Primera limpia en el mes\u00f3n de la Cuarta Transformaci\u00f3n en Sonora - Periodista SoledadDurazo.com","isPartOf":{"@id":"https:\/\/soledaddurazo.com\/#website"},"primaryImageOfPage":{"@id":"https:\/\/soledaddurazo.com\/blog\/2022\/03\/29\/primera-limpia-en-el-meson-de-la-cuarta-transformacion-en-sonora\/#primaryimage"},"datePublished":"2022-03-29T20:37:49+00:00","dateModified":"2022-03-29T20:37:49+00:00","breadcrumb":{"@id":"https:\/\/soledaddurazo.com\/blog\/2022\/03\/29\/primera-limpia-en-el-meson-de-la-cuarta-transformacion-en-sonora\/#breadcrumb"},"inLanguage":"es","potentialAction":[{"@type":"ReadAction","target":["https:\/\/soledaddurazo.com\/blog\/2022\/03\/29\/primera-limpia-en-el-meson-de-la-cuarta-transformacion-en-sonora\/"]}]},{"@type":"BreadcrumbList","@id":"https:\/\/soledaddurazo.com\/blog\/2022\/03\/29\/primera-limpia-en-el-meson-de-la-cuarta-transformacion-en-sonora\/#breadcrumb","itemListElement":[{"@type":"ListItem","position":1,"name":"Home","item":"https:\/\/soledaddurazo.com\/"},{"@type":"ListItem","position":2,"name":"Primera limpia en el mes\u00f3n de la Cuarta Transformaci\u00f3n en Sonora"}]},{"@type":"Article","@id":"https:\/\/soledaddurazo.com\/blog\/2022\/03\/29\/primera-limpia-en-el-meson-de-la-cuarta-transformacion-en-sonora\/#article","isPartOf":{"@id":"https:\/\/soledaddurazo.com\/blog\/2022\/03\/29\/primera-limpia-en-el-meson-de-la-cuarta-transformacion-en-sonora\/#webpage"},"author":{"@id":"https:\/\/soledaddurazo.com\/#\/schema\/person\/822d8e13aa288585e6546f179853758b"},"headline":"Primera limpia en el mes\u00f3n de la Cuarta Transformaci\u00f3n en Sonora","datePublished":"2022-03-29T20:37:49+00:00","dateModified":"2022-03-29T20:37:49+00:00","mainEntityOfPage":{"@id":"https:\/\/soledaddurazo.com\/blog\/2022\/03\/29\/primera-limpia-en-el-meson-de-la-cuarta-transformacion-en-sonora\/#webpage"},"wordCount":937,"commentCount":0,"publisher":{"@id":"https:\/\/soledaddurazo.com\/#organization"},"image":{"@id":"https:\/\/soledaddurazo.com\/blog\/2022\/03\/29\/primera-limpia-en-el-meson-de-la-cuarta-transformacion-en-sonora\/#primaryimage"},"thumbnailUrl":"https:\/\/soledaddurazo.com\/storage\/2022\/02\/FOTO-FERNANDO-OROPEZA-1-750x375-1-600x300-1.jpg","articleSection":["Fernando Oropeza"],"inLanguage":"es","potentialAction":[{"@type":"CommentAction","name":"Comment","target":["https:\/\/soledaddurazo.com\/blog\/2022\/03\/29\/primera-limpia-en-el-meson-de-la-cuarta-transformacion-en-sonora\/#respond"]}]},{"@type":"Person","@id":"https:\/\/soledaddurazo.com\/#\/schema\/person\/822d8e13aa288585e6546f179853758b","name":"Redacci\u00f3n","image":{"@type":"ImageObject","@id":"https:\/\/soledaddurazo.com\/#personlogo","inLanguage":"es","url":"https:\/\/secure.gravatar.com\/avatar\/c4e193752f756fd61f04deebed3a3a20dc188d37edb53682d313ac57f2725d54?s=96&d=mm&r=g","contentUrl":"https:\/\/secure.gravatar.com\/avatar\/c4e193752f756fd61f04deebed3a3a20dc188d37edb53682d313ac57f2725d54?s=96&d=mm&r=g","caption":"Redacci\u00f3n"},"sameAs":["https:\/\/soledaddurazo.com"]}]}},"_links":{"self":[{"href":"https:\/\/soledaddurazo.com\/api\/wp\/v2\/posts\/13679","targetHints":{"allow":["GET"]}}],"collection":[{"href":"https:\/\/soledaddurazo.com\/api\/wp\/v2\/posts"}],"about":[{"href":"https:\/\/soledaddurazo.com\/api\/wp\/v2\/types\/post"}],"author":[{"embeddable":true,"href":"https:\/\/soledaddurazo.com\/api\/wp\/v2\/users\/1"}],"replies":[{"embeddable":true,"href":"https:\/\/soledaddurazo.com\/api\/wp\/v2\/comments?post=13679"}],"version-history":[{"count":1,"href":"https:\/\/soledaddurazo.com\/api\/wp\/v2\/posts\/13679\/revisions"}],"predecessor-version":[{"id":13680,"href":"https:\/\/soledaddurazo.com\/api\/wp\/v2\/posts\/13679\/revisions\/13680"}],"wp:featuredmedia":[{"embeddable":true,"href":"https:\/\/soledaddurazo.com\/api\/wp\/v2\/media\/13282"}],"wp:attachment":[{"href":"https:\/\/soledaddurazo.com\/api\/wp\/v2\/media?parent=13679"}],"wp:term":[{"taxonomy":"category","embeddable":true,"href":"https:\/\/soledaddurazo.com\/api\/wp\/v2\/categories?post=13679"},{"taxonomy":"post_tag","embeddable":true,"href":"https:\/\/soledaddurazo.com\/api\/wp\/v2\/tags?post=13679"}],"curies":[{"name":"wp","href":"https:\/\/api.w.org\/{rel}","templated":true}]}}