{"id":13675,"date":"2022-03-28T18:02:44","date_gmt":"2022-03-29T01:02:44","guid":{"rendered":"https:\/\/soledaddurazo.com\/?p=13675"},"modified":"2022-04-01T13:36:03","modified_gmt":"2022-04-01T20:36:03","slug":"la-pobreza-menstrual-su-desconocimiento-y-su-afectacion-en-mexico","status":"publish","type":"post","link":"https:\/\/soledaddurazo.com\/blog\/2022\/03\/28\/la-pobreza-menstrual-su-desconocimiento-y-su-afectacion-en-mexico\/","title":{"rendered":"La pobreza menstrual, su desconocimiento y su afectaci\u00f3n en M\u00e9xico"},"content":{"rendered":"<p>La abogada Cecilia Kalach convers\u00f3 con Soledad Durazo en el noticiero de TVD Primera Plana sobre su art\u00edculo titulado \u201cM\u00e9xico y su deuda con la dignidad menstrual\u201d. En \u00e9ste aborda el tema de la pobreza menstrual y la falta de estudios y conocimientos sobre esta problem\u00e1tica.<\/p>\n<p>&nbsp;<\/p>\n<p>\u201cExiste un desconocimiento y la falta de inversi\u00f3n en an\u00e1lisis para estudiar los impactos que tiene la pobreza menstrual en el pa\u00eds\u201d, dijo.<\/p>\n<p>&nbsp;<\/p>\n<p>Agreg\u00f3 que esta problem\u00e1tica no solo es la falta de acceso a productos de higiene menstrual.<\/p>\n<p>&nbsp;<\/p>\n<p>\u201cPensemos en un proceso menstrual sin agua, sin jab\u00f3n, sin espacios con privacidad, sin educaci\u00f3n, sin saber lo que est\u00e1 pasando con mi cuerpo, con sus procesos, eso es la pobreza menstrual\u201d, dijo.<\/p>\n<p>&nbsp;<\/p>\n<p>Expres\u00f3 que mientras no se conceptualice el t\u00e9rmino, el Estado no puede desarrollar pol\u00edticas p\u00fablicas que tengan como objetivo revertir esta situaci\u00f3n.<\/p>\n<p>&nbsp;<\/p>\n<p>\u201cLa falta de atenci\u00f3n a este problema sigue abriendo la brecha de desigualdad\u2026 La falta de perspectiva menstrual que tiene el Estado tambi\u00e9n repercute en el acceso a otros derechos\u201d, a\u00f1adi\u00f3.<\/p>\n<p>&nbsp;<\/p>\n<p>Agreg\u00f3 que las personas que no tienen acceso a los productos como toallas, tampones, copas, etc., recurren al uso de peri\u00f3dico, trapos sucios, calcetines, algod\u00f3n que pueden generar infecciones vaginales, siendo que estas mismas personas, por lo general, no tienen acceso a servicios de salud.<\/p>\n<p>&nbsp;<\/p>\n<p>Pueden escuchar la entrevista completa aqu\u00ed:<\/p>\n<div class=\"lyte-wrapper fourthree\" style=\"width:420px;max-width:100%;margin:5px;\"><div class=\"lyMe\" id=\"WYL_B7IftPc3GsM\"><div id=\"lyte_B7IftPc3GsM\" data-src=\"\/\/i.ytimg.com\/vi\/B7IftPc3GsM\/hqdefault.jpg\" class=\"pL\"><div class=\"tC\"><div class=\"tT\"><\/div><\/div><div class=\"play\"><\/div><div class=\"ctrl\"><div class=\"Lctrl\"><\/div><div class=\"Rctrl\"><\/div><\/div><\/div><noscript><a href=\"https:\/\/youtu.be\/B7IftPc3GsM\"><img loading=\"lazy\" decoding=\"async\" src=\"https:\/\/i.ytimg.com\/vi\/B7IftPc3GsM\/0.jpg\" alt=\"\" width=\"420\" height=\"295\" \/><br \/>Ver este video en YouTube<\/a><\/noscript><\/div><\/div><div class=\"lL\" style=\"max-width:100%;width:420px;margin:5px;\"><\/div>\n<p>&nbsp;<\/p>\n<p>&nbsp;<\/p>\n","protected":false},"excerpt":{"rendered":"<p>La abogada Cecilia Kalach convers\u00f3 con Soledad Durazo en el noticiero de TVD Primera Plana sobre su art\u00edculo titulado \u201cM\u00e9xico y su deuda con la dignidad menstrual\u201d. En \u00e9ste aborda el tema de la pobreza menstrual y la falta de estudios y conocimientos sobre esta problem\u00e1tica. &nbsp; \u201cExiste un desconocimiento y la falta de inversi\u00f3n [&hellip;]<\/p>\n","protected":false},"author":1,"featured_media":13677,"comment_status":"open","ping_status":"open","sticky":false,"template":"","format":"standard","meta":{"footnotes":""},"categories":[160,153],"tags":[],"class_list":["post"],"yoast_head":" \n<title>La pobreza menstrual, su desconocimiento y su afectaci\u00f3n en M\u00e9xico - Periodista SoledadDurazo.com<\/title>\n<meta name=\"robots\" content=\"index, follow, max-snippet:-1, max-image-preview:large, max-video-preview:-1\" \/>\n<link rel=\"canonical\" href=\"https:\/\/soledaddurazo.com\/blog\/2022\/03\/28\/la-pobreza-menstrual-su-desconocimiento-y-su-afectacion-en-mexico\/\" \/>\n<meta property=\"og:locale\" content=\"es_MX\" \/>\n<meta property=\"og:type\" content=\"article\" \/>\n<meta property=\"og:title\" content=\"La pobreza menstrual, su desconocimiento y su afectaci\u00f3n en M\u00e9xico\" \/>\n<meta property=\"og:description\" content=\"La abogada Cecilia Kalach convers\u00f3 con Soledad Durazo en el noticiero de TVD Primera Plana sobre su art\u00edculo titulado \u201cM\u00e9xico y su deuda con la dignidad menstrual\u201d. En \u00e9ste aborda el tema de la pobreza menstrual y la falta de estudios y conocimientos sobre esta problem\u00e1tica. &nbsp; \u201cExiste un desconocimiento y la falta de inversi\u00f3n [&hellip;]\" \/>\n<meta property=\"og:url\" content=\"https:\/\/soledaddurazo.com\/blog\/2022\/03\/28\/la-pobreza-menstrual-su-desconocimiento-y-su-afectacion-en-mexico\/\" \/>\n<meta property=\"og:site_name\" content=\"Periodista SoledadDurazo.com\" \/>\n<meta property=\"article:publisher\" content=\"https:\/\/www.facebook.com\/soledad.durazo.9\/\" \/>\n<meta property=\"article:published_time\" content=\"2022-03-29T01:02:44+00:00\" \/>\n<meta property=\"article:modified_time\" content=\"2022-04-01T20:36:03+00:00\" \/>\n<meta property=\"og:image\" content=\"https:\/\/soledaddurazo.com\/storage\/2022\/03\/LLORANDO.jpg\" \/>\n\t<meta property=\"og:image:width\" content=\"1920\" \/>\n\t<meta property=\"og:image:height\" content=\"1080\" \/>\n<meta name=\"twitter:card\" content=\"summary_large_image\" \/>\n<meta name=\"twitter:creator\" content=\"@SoledadDurazo\" \/>\n<meta name=\"twitter:site\" content=\"@SoledadDurazo\" \/>\n<meta name=\"twitter:label1\" content=\"Escrito por\" \/>\n\t<meta name=\"twitter:data1\" content=\"Redacci\u00f3n\" \/>\n\t<meta name=\"twitter:label2\" content=\"Tiempo de lectura\" \/>\n\t<meta name=\"twitter:data2\" content=\"1 minuto\" \/>\n<script type=\"application\/ld+json\" class=\"yoast-schema-graph\">{\"@context\":\"https:\/\/schema.org\",\"@graph\":[{\"@type\":\"Organization\",\"@id\":\"https:\/\/soledaddurazo.com\/#organization\",\"name\":\"Soledad Durazo\",\"url\":\"https:\/\/soledaddurazo.com\/\",\"sameAs\":[\"https:\/\/www.facebook.com\/soledad.durazo.9\/\",\"https:\/\/www.instagram.com\/soledaddurazo\",\"https:\/\/www.youtube.com\/channel\/UC9yGPw8-Vbl_B2XNkRwPS-w\",\"https:\/\/twitter.com\/SoledadDurazo\"],\"logo\":{\"@type\":\"ImageObject\",\"@id\":\"https:\/\/soledaddurazo.com\/#logo\",\"inLanguage\":\"es\",\"url\":\"https:\/\/soledaddurazo.com\/storage\/2021\/11\/nllp-720x375-1-2.png\",\"contentUrl\":\"https:\/\/soledaddurazo.com\/storage\/2021\/11\/nllp-720x375-1-2.png\",\"width\":720,\"height\":375,\"caption\":\"Soledad Durazo\"},\"image\":{\"@id\":\"https:\/\/soledaddurazo.com\/#logo\"}},{\"@type\":\"WebSite\",\"@id\":\"https:\/\/soledaddurazo.com\/#website\",\"url\":\"https:\/\/soledaddurazo.com\/\",\"name\":\"Periodista SoledadDurazo.com\",\"description\":\"Periodista sonorense. Directora de www.SoledadDurazo.com Columnista, conductora de radio y Tv. Catedr\\u00e1tica en la UNISON\",\"publisher\":{\"@id\":\"https:\/\/soledaddurazo.com\/#organization\"},\"potentialAction\":[{\"@type\":\"SearchAction\",\"target\":{\"@type\":\"EntryPoint\",\"urlTemplate\":\"https:\/\/soledaddurazo.com\/?s={search_term_string}\"},\"query-input\":\"required name=search_term_string\"}],\"inLanguage\":\"es\"},{\"@type\":\"ImageObject\",\"@id\":\"https:\/\/soledaddurazo.com\/blog\/2022\/03\/28\/la-pobreza-menstrual-su-desconocimiento-y-su-afectacion-en-mexico\/#primaryimage\",\"inLanguage\":\"es\",\"url\":\"https:\/\/soledaddurazo.com\/storage\/2022\/03\/LLORANDO.jpg\",\"contentUrl\":\"https:\/\/soledaddurazo.com\/storage\/2022\/03\/LLORANDO.jpg\",\"width\":1920,\"height\":1080},{\"@type\":\"WebPage\",\"@id\":\"https:\/\/soledaddurazo.com\/blog\/2022\/03\/28\/la-pobreza-menstrual-su-desconocimiento-y-su-afectacion-en-mexico\/#webpage\",\"url\":\"https:\/\/soledaddurazo.com\/blog\/2022\/03\/28\/la-pobreza-menstrual-su-desconocimiento-y-su-afectacion-en-mexico\/\",\"name\":\"La pobreza menstrual, su desconocimiento y su afectaci\\u00f3n en M\\u00e9xico - Periodista SoledadDurazo.com\",\"isPartOf\":{\"@id\":\"https:\/\/soledaddurazo.com\/#website\"},\"primaryImageOfPage\":{\"@id\":\"https:\/\/soledaddurazo.com\/blog\/2022\/03\/28\/la-pobreza-menstrual-su-desconocimiento-y-su-afectacion-en-mexico\/#primaryimage\"},\"datePublished\":\"2022-03-29T01:02:44+00:00\",\"dateModified\":\"2022-04-01T20:36:03+00:00\",\"breadcrumb\":{\"@id\":\"https:\/\/soledaddurazo.com\/blog\/2022\/03\/28\/la-pobreza-menstrual-su-desconocimiento-y-su-afectacion-en-mexico\/#breadcrumb\"},\"inLanguage\":\"es\",\"potentialAction\":[{\"@type\":\"ReadAction\",\"target\":[\"https:\/\/soledaddurazo.com\/blog\/2022\/03\/28\/la-pobreza-menstrual-su-desconocimiento-y-su-afectacion-en-mexico\/\"]}]},{\"@type\":\"BreadcrumbList\",\"@id\":\"https:\/\/soledaddurazo.com\/blog\/2022\/03\/28\/la-pobreza-menstrual-su-desconocimiento-y-su-afectacion-en-mexico\/#breadcrumb\",\"itemListElement\":[{\"@type\":\"ListItem\",\"position\":1,\"name\":\"Home\",\"item\":\"https:\/\/soledaddurazo.com\/\"},{\"@type\":\"ListItem\",\"position\":2,\"name\":\"La pobreza menstrual, su desconocimiento y su afectaci\\u00f3n en M\\u00e9xico\"}]},{\"@type\":\"Article\",\"@id\":\"https:\/\/soledaddurazo.com\/blog\/2022\/03\/28\/la-pobreza-menstrual-su-desconocimiento-y-su-afectacion-en-mexico\/#article\",\"isPartOf\":{\"@id\":\"https:\/\/soledaddurazo.com\/blog\/2022\/03\/28\/la-pobreza-menstrual-su-desconocimiento-y-su-afectacion-en-mexico\/#webpage\"},\"author\":{\"@id\":\"https:\/\/soledaddurazo.com\/#\/schema\/person\/822d8e13aa288585e6546f179853758b\"},\"headline\":\"La pobreza menstrual, su desconocimiento y su afectaci\\u00f3n en M\\u00e9xico\",\"datePublished\":\"2022-03-29T01:02:44+00:00\",\"dateModified\":\"2022-04-01T20:36:03+00:00\",\"mainEntityOfPage\":{\"@id\":\"https:\/\/soledaddurazo.com\/blog\/2022\/03\/28\/la-pobreza-menstrual-su-desconocimiento-y-su-afectacion-en-mexico\/#webpage\"},\"wordCount\":270,\"commentCount\":0,\"publisher\":{\"@id\":\"https:\/\/soledaddurazo.com\/#organization\"},\"image\":{\"@id\":\"https:\/\/soledaddurazo.com\/blog\/2022\/03\/28\/la-pobreza-menstrual-su-desconocimiento-y-su-afectacion-en-mexico\/#primaryimage\"},\"thumbnailUrl\":\"https:\/\/soledaddurazo.com\/storage\/2022\/03\/LLORANDO.jpg\",\"articleSection\":[\"Mas noticias\",\"principal\"],\"inLanguage\":\"es\",\"potentialAction\":[{\"@type\":\"CommentAction\",\"name\":\"Comment\",\"target\":[\"https:\/\/soledaddurazo.com\/blog\/2022\/03\/28\/la-pobreza-menstrual-su-desconocimiento-y-su-afectacion-en-mexico\/#respond\"]}]},{\"@type\":\"Person\",\"@id\":\"https:\/\/soledaddurazo.com\/#\/schema\/person\/822d8e13aa288585e6546f179853758b\",\"name\":\"Redacci\\u00f3n\",\"image\":{\"@type\":\"ImageObject\",\"@id\":\"https:\/\/soledaddurazo.com\/#personlogo\",\"inLanguage\":\"es\",\"url\":\"https:\/\/secure.gravatar.com\/avatar\/c4e193752f756fd61f04deebed3a3a20dc188d37edb53682d313ac57f2725d54?s=96&d=mm&r=g\",\"contentUrl\":\"https:\/\/secure.gravatar.com\/avatar\/c4e193752f756fd61f04deebed3a3a20dc188d37edb53682d313ac57f2725d54?s=96&d=mm&r=g\",\"caption\":\"Redacci\\u00f3n\"},\"sameAs\":[\"https:\/\/soledaddurazo.com\"]}]}<\/script>\n ","yoast_head_json":{"title":"La pobreza menstrual, su desconocimiento y su afectaci\u00f3n en M\u00e9xico - Periodista SoledadDurazo.com","robots":{"index":"index","follow":"follow","max-snippet":"max-snippet:-1","max-image-preview":"max-image-preview:large","max-video-preview":"max-video-preview:-1"},"canonical":"https:\/\/soledaddurazo.com\/blog\/2022\/03\/28\/la-pobreza-menstrual-su-desconocimiento-y-su-afectacion-en-mexico\/","og_locale":"es_MX","og_type":"article","og_title":"La pobreza menstrual, su desconocimiento y su afectaci\u00f3n en M\u00e9xico","og_description":"La abogada Cecilia Kalach convers\u00f3 con Soledad Durazo en el noticiero de TVD Primera Plana sobre su art\u00edculo titulado \u201cM\u00e9xico y su deuda con la dignidad menstrual\u201d. En \u00e9ste aborda el tema de la pobreza menstrual y la falta de estudios y conocimientos sobre esta problem\u00e1tica. &nbsp; \u201cExiste un desconocimiento y la falta de inversi\u00f3n [&hellip;]","og_url":"https:\/\/soledaddurazo.com\/blog\/2022\/03\/28\/la-pobreza-menstrual-su-desconocimiento-y-su-afectacion-en-mexico\/","og_site_name":"Periodista SoledadDurazo.com","article_publisher":"https:\/\/www.facebook.com\/soledad.durazo.9\/","article_published_time":"2022-03-29T01:02:44+00:00","article_modified_time":"2022-04-01T20:36:03+00:00","og_image":[{"width":1920,"height":1080,"url":"https:\/\/soledaddurazo.com\/storage\/2022\/03\/LLORANDO.jpg","type":"image\/jpeg"}],"twitter_card":"summary_large_image","twitter_creator":"@SoledadDurazo","twitter_site":"@SoledadDurazo","twitter_misc":{"Escrito por":"Redacci\u00f3n","Tiempo de lectura":"1 minuto"},"schema":{"@context":"https:\/\/schema.org","@graph":[{"@type":"Organization","@id":"https:\/\/soledaddurazo.com\/#organization","name":"Soledad Durazo","url":"https:\/\/soledaddurazo.com\/","sameAs":["https:\/\/www.facebook.com\/soledad.durazo.9\/","https:\/\/www.instagram.com\/soledaddurazo","https:\/\/www.youtube.com\/channel\/UC9yGPw8-Vbl_B2XNkRwPS-w","https:\/\/twitter.com\/SoledadDurazo"],"logo":{"@type":"ImageObject","@id":"https:\/\/soledaddurazo.com\/#logo","inLanguage":"es","url":"https:\/\/soledaddurazo.com\/storage\/2021\/11\/nllp-720x375-1-2.png","contentUrl":"https:\/\/soledaddurazo.com\/storage\/2021\/11\/nllp-720x375-1-2.png","width":720,"height":375,"caption":"Soledad Durazo"},"image":{"@id":"https:\/\/soledaddurazo.com\/#logo"}},{"@type":"WebSite","@id":"https:\/\/soledaddurazo.com\/#website","url":"https:\/\/soledaddurazo.com\/","name":"Periodista SoledadDurazo.com","description":"Periodista sonorense. Directora de www.SoledadDurazo.com Columnista, conductora de radio y Tv. Catedr\u00e1tica en la UNISON","publisher":{"@id":"https:\/\/soledaddurazo.com\/#organization"},"potentialAction":[{"@type":"SearchAction","target":{"@type":"EntryPoint","urlTemplate":"https:\/\/soledaddurazo.com\/?s={search_term_string}"},"query-input":"required name=search_term_string"}],"inLanguage":"es"},{"@type":"ImageObject","@id":"https:\/\/soledaddurazo.com\/blog\/2022\/03\/28\/la-pobreza-menstrual-su-desconocimiento-y-su-afectacion-en-mexico\/#primaryimage","inLanguage":"es","url":"https:\/\/soledaddurazo.com\/storage\/2022\/03\/LLORANDO.jpg","contentUrl":"https:\/\/soledaddurazo.com\/storage\/2022\/03\/LLORANDO.jpg","width":1920,"height":1080},{"@type":"WebPage","@id":"https:\/\/soledaddurazo.com\/blog\/2022\/03\/28\/la-pobreza-menstrual-su-desconocimiento-y-su-afectacion-en-mexico\/#webpage","url":"https:\/\/soledaddurazo.com\/blog\/2022\/03\/28\/la-pobreza-menstrual-su-desconocimiento-y-su-afectacion-en-mexico\/","name":"La pobreza menstrual, su desconocimiento y su afectaci\u00f3n en M\u00e9xico - Periodista SoledadDurazo.com","isPartOf":{"@id":"https:\/\/soledaddurazo.com\/#website"},"primaryImageOfPage":{"@id":"https:\/\/soledaddurazo.com\/blog\/2022\/03\/28\/la-pobreza-menstrual-su-desconocimiento-y-su-afectacion-en-mexico\/#primaryimage"},"datePublished":"2022-03-29T01:02:44+00:00","dateModified":"2022-04-01T20:36:03+00:00","breadcrumb":{"@id":"https:\/\/soledaddurazo.com\/blog\/2022\/03\/28\/la-pobreza-menstrual-su-desconocimiento-y-su-afectacion-en-mexico\/#breadcrumb"},"inLanguage":"es","potentialAction":[{"@type":"ReadAction","target":["https:\/\/soledaddurazo.com\/blog\/2022\/03\/28\/la-pobreza-menstrual-su-desconocimiento-y-su-afectacion-en-mexico\/"]}]},{"@type":"BreadcrumbList","@id":"https:\/\/soledaddurazo.com\/blog\/2022\/03\/28\/la-pobreza-menstrual-su-desconocimiento-y-su-afectacion-en-mexico\/#breadcrumb","itemListElement":[{"@type":"ListItem","position":1,"name":"Home","item":"https:\/\/soledaddurazo.com\/"},{"@type":"ListItem","position":2,"name":"La pobreza menstrual, su desconocimiento y su afectaci\u00f3n en M\u00e9xico"}]},{"@type":"Article","@id":"https:\/\/soledaddurazo.com\/blog\/2022\/03\/28\/la-pobreza-menstrual-su-desconocimiento-y-su-afectacion-en-mexico\/#article","isPartOf":{"@id":"https:\/\/soledaddurazo.com\/blog\/2022\/03\/28\/la-pobreza-menstrual-su-desconocimiento-y-su-afectacion-en-mexico\/#webpage"},"author":{"@id":"https:\/\/soledaddurazo.com\/#\/schema\/person\/822d8e13aa288585e6546f179853758b"},"headline":"La pobreza menstrual, su desconocimiento y su afectaci\u00f3n en M\u00e9xico","datePublished":"2022-03-29T01:02:44+00:00","dateModified":"2022-04-01T20:36:03+00:00","mainEntityOfPage":{"@id":"https:\/\/soledaddurazo.com\/blog\/2022\/03\/28\/la-pobreza-menstrual-su-desconocimiento-y-su-afectacion-en-mexico\/#webpage"},"wordCount":270,"commentCount":0,"publisher":{"@id":"https:\/\/soledaddurazo.com\/#organization"},"image":{"@id":"https:\/\/soledaddurazo.com\/blog\/2022\/03\/28\/la-pobreza-menstrual-su-desconocimiento-y-su-afectacion-en-mexico\/#primaryimage"},"thumbnailUrl":"https:\/\/soledaddurazo.com\/storage\/2022\/03\/LLORANDO.jpg","articleSection":["Mas noticias","principal"],"inLanguage":"es","potentialAction":[{"@type":"CommentAction","name":"Comment","target":["https:\/\/soledaddurazo.com\/blog\/2022\/03\/28\/la-pobreza-menstrual-su-desconocimiento-y-su-afectacion-en-mexico\/#respond"]}]},{"@type":"Person","@id":"https:\/\/soledaddurazo.com\/#\/schema\/person\/822d8e13aa288585e6546f179853758b","name":"Redacci\u00f3n","image":{"@type":"ImageObject","@id":"https:\/\/soledaddurazo.com\/#personlogo","inLanguage":"es","url":"https:\/\/secure.gravatar.com\/avatar\/c4e193752f756fd61f04deebed3a3a20dc188d37edb53682d313ac57f2725d54?s=96&d=mm&r=g","contentUrl":"https:\/\/secure.gravatar.com\/avatar\/c4e193752f756fd61f04deebed3a3a20dc188d37edb53682d313ac57f2725d54?s=96&d=mm&r=g","caption":"Redacci\u00f3n"},"sameAs":["https:\/\/soledaddurazo.com"]}]}},"_links":{"self":[{"href":"https:\/\/soledaddurazo.com\/api\/wp\/v2\/posts\/13675","targetHints":{"allow":["GET"]}}],"collection":[{"href":"https:\/\/soledaddurazo.com\/api\/wp\/v2\/posts"}],"about":[{"href":"https:\/\/soledaddurazo.com\/api\/wp\/v2\/types\/post"}],"author":[{"embeddable":true,"href":"https:\/\/soledaddurazo.com\/api\/wp\/v2\/users\/1"}],"replies":[{"embeddable":true,"href":"https:\/\/soledaddurazo.com\/api\/wp\/v2\/comments?post=13675"}],"version-history":[{"count":1,"href":"https:\/\/soledaddurazo.com\/api\/wp\/v2\/posts\/13675\/revisions"}],"predecessor-version":[{"id":13678,"href":"https:\/\/soledaddurazo.com\/api\/wp\/v2\/posts\/13675\/revisions\/13678"}],"wp:featuredmedia":[{"embeddable":true,"href":"https:\/\/soledaddurazo.com\/api\/wp\/v2\/media\/13677"}],"wp:attachment":[{"href":"https:\/\/soledaddurazo.com\/api\/wp\/v2\/media?parent=13675"}],"wp:term":[{"taxonomy":"category","embeddable":true,"href":"https:\/\/soledaddurazo.com\/api\/wp\/v2\/categories?post=13675"},{"taxonomy":"post_tag","embeddable":true,"href":"https:\/\/soledaddurazo.com\/api\/wp\/v2\/tags?post=13675"}],"curies":[{"name":"wp","href":"https:\/\/api.w.org\/{rel}","templated":true}]}}