{"id":13660,"date":"2022-03-26T15:06:52","date_gmt":"2022-03-26T22:06:52","guid":{"rendered":"https:\/\/soledaddurazo.com\/?p=13660"},"modified":"2022-03-26T15:06:52","modified_gmt":"2022-03-26T22:06:52","slug":"desconocimiento-del-arte-en-sonora","status":"publish","type":"post","link":"https:\/\/soledaddurazo.com\/blog\/2022\/03\/26\/desconocimiento-del-arte-en-sonora\/","title":{"rendered":"Desconocimiento del arte en sonora"},"content":{"rendered":"<p>El historiador y curador de arte, Edgardo Ganado, comparti\u00f3 su opini\u00f3n en entrevista en TVD Primera Plana con Soledad Durazo sobre el arte en Sonora.<\/p>\n<p><strong>\u00bfQu\u00e9 tenemos en Sonora comparado con otros estados? <\/strong><\/p>\n<p>Resalt\u00f3 la colecci\u00f3n contempor\u00e1nea del Muso de Arte de Sonora (MUSAS) donde fue colaborador en la conformaci\u00f3n de esta colecci\u00f3n nacional y la Danza contempor\u00e1nea.<\/p>\n<p><strong>&#8220;El haber hecho la colecci\u00f3n de arte contempor\u00e1nea contribuye a la educaci\u00f3n, a la difusi\u00f3n del arte y a las maneras de identidad del estado. Y aporta otras maneras de ver el mundo&#8221;, expres\u00f3. <\/strong><\/p>\n<p>Se considera \u00fanica en toda la Rep\u00fablica ya que no hay otro proyecto de compra y donaci\u00f3n que haya realizado una colecci\u00f3n de este nivel.<\/p>\n<p>En cuanto a la danza en Sonora refiri\u00f3 que es \u00fanica.<\/p>\n<p>&#8220;<strong>Yo creo que no hay otro estado que haga una danza contempor\u00e1nea como en este estado&#8221;, dijo<\/strong>.<\/p>\n<p>Tambi\u00e9n coment\u00f3 que en el estado est\u00e1 sucediendo un desconocimiento y una no valoraci\u00f3n de lo que se ha hecho.<\/p>\n<p><strong>&#8220;La funci\u00f3n del estado en el sentido de la cultura es robustecer, aclarar, difundir, mantener, preservar, exponer, exponerse y negociar&#8221;, mencion\u00f3 Ganado. <\/strong><\/p>\n<p>&nbsp;<\/p>\n<p>&nbsp;<\/p>\n<p>&nbsp;<\/p>\n<p>&nbsp;<\/p>\n<p>&nbsp;<\/p>\n<p>&nbsp;<\/p>\n<p>&nbsp;<\/p>\n","protected":false},"excerpt":{"rendered":"<p>El historiador y curador de arte, Edgardo Ganado, comparti\u00f3 su opini\u00f3n en entrevista en TVD Primera Plana con Soledad Durazo sobre el arte en Sonora. \u00bfQu\u00e9 tenemos en Sonora comparado con otros estados? Resalt\u00f3 la colecci\u00f3n contempor\u00e1nea del Muso de Arte de Sonora (MUSAS) donde fue colaborador en la conformaci\u00f3n de esta colecci\u00f3n nacional y [&hellip;]<\/p>\n","protected":false},"author":1,"featured_media":13661,"comment_status":"open","ping_status":"open","sticky":false,"template":"","format":"standard","meta":{"footnotes":""},"categories":[153],"tags":[],"class_list":["post"],"yoast_head":" \n<title>Desconocimiento del arte en sonora - Periodista SoledadDurazo.com<\/title>\n<meta name=\"robots\" content=\"index, follow, max-snippet:-1, max-image-preview:large, max-video-preview:-1\" \/>\n<link rel=\"canonical\" href=\"https:\/\/soledaddurazo.com\/blog\/2022\/03\/26\/desconocimiento-del-arte-en-sonora\/\" \/>\n<meta property=\"og:locale\" content=\"es_MX\" \/>\n<meta property=\"og:type\" content=\"article\" \/>\n<meta property=\"og:title\" content=\"Desconocimiento del arte en sonora\" \/>\n<meta property=\"og:description\" content=\"El historiador y curador de arte, Edgardo Ganado, comparti\u00f3 su opini\u00f3n en entrevista en TVD Primera Plana con Soledad Durazo sobre el arte en Sonora. \u00bfQu\u00e9 tenemos en Sonora comparado con otros estados? Resalt\u00f3 la colecci\u00f3n contempor\u00e1nea del Muso de Arte de Sonora (MUSAS) donde fue colaborador en la conformaci\u00f3n de esta colecci\u00f3n nacional y [&hellip;]\" \/>\n<meta property=\"og:url\" content=\"https:\/\/soledaddurazo.com\/blog\/2022\/03\/26\/desconocimiento-del-arte-en-sonora\/\" \/>\n<meta property=\"og:site_name\" content=\"Periodista SoledadDurazo.com\" \/>\n<meta property=\"article:publisher\" content=\"https:\/\/www.facebook.com\/soledad.durazo.9\/\" \/>\n<meta property=\"article:published_time\" content=\"2022-03-26T22:06:52+00:00\" \/>\n<meta property=\"og:image\" content=\"https:\/\/soledaddurazo.com\/storage\/2022\/03\/bellas-artes-e1576727074407-800x416-1.jpg\" \/>\n\t<meta property=\"og:image:width\" content=\"800\" \/>\n\t<meta property=\"og:image:height\" content=\"416\" \/>\n<meta name=\"twitter:card\" content=\"summary_large_image\" \/>\n<meta name=\"twitter:creator\" content=\"@SoledadDurazo\" \/>\n<meta name=\"twitter:site\" content=\"@SoledadDurazo\" \/>\n<meta name=\"twitter:label1\" content=\"Escrito por\" \/>\n\t<meta name=\"twitter:data1\" content=\"Redacci\u00f3n\" \/>\n\t<meta name=\"twitter:label2\" content=\"Tiempo de lectura\" \/>\n\t<meta name=\"twitter:data2\" content=\"1 minuto\" \/>\n<script type=\"application\/ld+json\" class=\"yoast-schema-graph\">{\"@context\":\"https:\/\/schema.org\",\"@graph\":[{\"@type\":\"Organization\",\"@id\":\"https:\/\/soledaddurazo.com\/#organization\",\"name\":\"Soledad Durazo\",\"url\":\"https:\/\/soledaddurazo.com\/\",\"sameAs\":[\"https:\/\/www.facebook.com\/soledad.durazo.9\/\",\"https:\/\/www.instagram.com\/soledaddurazo\",\"https:\/\/www.youtube.com\/channel\/UC9yGPw8-Vbl_B2XNkRwPS-w\",\"https:\/\/twitter.com\/SoledadDurazo\"],\"logo\":{\"@type\":\"ImageObject\",\"@id\":\"https:\/\/soledaddurazo.com\/#logo\",\"inLanguage\":\"es\",\"url\":\"https:\/\/soledaddurazo.com\/storage\/2021\/11\/nllp-720x375-1-2.png\",\"contentUrl\":\"https:\/\/soledaddurazo.com\/storage\/2021\/11\/nllp-720x375-1-2.png\",\"width\":720,\"height\":375,\"caption\":\"Soledad Durazo\"},\"image\":{\"@id\":\"https:\/\/soledaddurazo.com\/#logo\"}},{\"@type\":\"WebSite\",\"@id\":\"https:\/\/soledaddurazo.com\/#website\",\"url\":\"https:\/\/soledaddurazo.com\/\",\"name\":\"Periodista SoledadDurazo.com\",\"description\":\"Periodista sonorense. Directora de www.SoledadDurazo.com Columnista, conductora de radio y Tv. Catedr\\u00e1tica en la UNISON\",\"publisher\":{\"@id\":\"https:\/\/soledaddurazo.com\/#organization\"},\"potentialAction\":[{\"@type\":\"SearchAction\",\"target\":{\"@type\":\"EntryPoint\",\"urlTemplate\":\"https:\/\/soledaddurazo.com\/?s={search_term_string}\"},\"query-input\":\"required name=search_term_string\"}],\"inLanguage\":\"es\"},{\"@type\":\"ImageObject\",\"@id\":\"https:\/\/soledaddurazo.com\/blog\/2022\/03\/26\/desconocimiento-del-arte-en-sonora\/#primaryimage\",\"inLanguage\":\"es\",\"url\":\"https:\/\/soledaddurazo.com\/storage\/2022\/03\/bellas-artes-e1576727074407-800x416-1.jpg\",\"contentUrl\":\"https:\/\/soledaddurazo.com\/storage\/2022\/03\/bellas-artes-e1576727074407-800x416-1.jpg\",\"width\":800,\"height\":416},{\"@type\":\"WebPage\",\"@id\":\"https:\/\/soledaddurazo.com\/blog\/2022\/03\/26\/desconocimiento-del-arte-en-sonora\/#webpage\",\"url\":\"https:\/\/soledaddurazo.com\/blog\/2022\/03\/26\/desconocimiento-del-arte-en-sonora\/\",\"name\":\"Desconocimiento del arte en sonora - Periodista SoledadDurazo.com\",\"isPartOf\":{\"@id\":\"https:\/\/soledaddurazo.com\/#website\"},\"primaryImageOfPage\":{\"@id\":\"https:\/\/soledaddurazo.com\/blog\/2022\/03\/26\/desconocimiento-del-arte-en-sonora\/#primaryimage\"},\"datePublished\":\"2022-03-26T22:06:52+00:00\",\"dateModified\":\"2022-03-26T22:06:52+00:00\",\"breadcrumb\":{\"@id\":\"https:\/\/soledaddurazo.com\/blog\/2022\/03\/26\/desconocimiento-del-arte-en-sonora\/#breadcrumb\"},\"inLanguage\":\"es\",\"potentialAction\":[{\"@type\":\"ReadAction\",\"target\":[\"https:\/\/soledaddurazo.com\/blog\/2022\/03\/26\/desconocimiento-del-arte-en-sonora\/\"]}]},{\"@type\":\"BreadcrumbList\",\"@id\":\"https:\/\/soledaddurazo.com\/blog\/2022\/03\/26\/desconocimiento-del-arte-en-sonora\/#breadcrumb\",\"itemListElement\":[{\"@type\":\"ListItem\",\"position\":1,\"name\":\"Home\",\"item\":\"https:\/\/soledaddurazo.com\/\"},{\"@type\":\"ListItem\",\"position\":2,\"name\":\"Desconocimiento del arte en sonora\"}]},{\"@type\":\"Article\",\"@id\":\"https:\/\/soledaddurazo.com\/blog\/2022\/03\/26\/desconocimiento-del-arte-en-sonora\/#article\",\"isPartOf\":{\"@id\":\"https:\/\/soledaddurazo.com\/blog\/2022\/03\/26\/desconocimiento-del-arte-en-sonora\/#webpage\"},\"author\":{\"@id\":\"https:\/\/soledaddurazo.com\/#\/schema\/person\/822d8e13aa288585e6546f179853758b\"},\"headline\":\"Desconocimiento del arte en sonora\",\"datePublished\":\"2022-03-26T22:06:52+00:00\",\"dateModified\":\"2022-03-26T22:06:52+00:00\",\"mainEntityOfPage\":{\"@id\":\"https:\/\/soledaddurazo.com\/blog\/2022\/03\/26\/desconocimiento-del-arte-en-sonora\/#webpage\"},\"wordCount\":216,\"commentCount\":0,\"publisher\":{\"@id\":\"https:\/\/soledaddurazo.com\/#organization\"},\"image\":{\"@id\":\"https:\/\/soledaddurazo.com\/blog\/2022\/03\/26\/desconocimiento-del-arte-en-sonora\/#primaryimage\"},\"thumbnailUrl\":\"https:\/\/soledaddurazo.com\/storage\/2022\/03\/bellas-artes-e1576727074407-800x416-1.jpg\",\"articleSection\":[\"principal\"],\"inLanguage\":\"es\",\"potentialAction\":[{\"@type\":\"CommentAction\",\"name\":\"Comment\",\"target\":[\"https:\/\/soledaddurazo.com\/blog\/2022\/03\/26\/desconocimiento-del-arte-en-sonora\/#respond\"]}]},{\"@type\":\"Person\",\"@id\":\"https:\/\/soledaddurazo.com\/#\/schema\/person\/822d8e13aa288585e6546f179853758b\",\"name\":\"Redacci\\u00f3n\",\"image\":{\"@type\":\"ImageObject\",\"@id\":\"https:\/\/soledaddurazo.com\/#personlogo\",\"inLanguage\":\"es\",\"url\":\"https:\/\/secure.gravatar.com\/avatar\/c4e193752f756fd61f04deebed3a3a20dc188d37edb53682d313ac57f2725d54?s=96&d=mm&r=g\",\"contentUrl\":\"https:\/\/secure.gravatar.com\/avatar\/c4e193752f756fd61f04deebed3a3a20dc188d37edb53682d313ac57f2725d54?s=96&d=mm&r=g\",\"caption\":\"Redacci\\u00f3n\"},\"sameAs\":[\"https:\/\/soledaddurazo.com\"]}]}<\/script>\n ","yoast_head_json":{"title":"Desconocimiento del arte en sonora - Periodista SoledadDurazo.com","robots":{"index":"index","follow":"follow","max-snippet":"max-snippet:-1","max-image-preview":"max-image-preview:large","max-video-preview":"max-video-preview:-1"},"canonical":"https:\/\/soledaddurazo.com\/blog\/2022\/03\/26\/desconocimiento-del-arte-en-sonora\/","og_locale":"es_MX","og_type":"article","og_title":"Desconocimiento del arte en sonora","og_description":"El historiador y curador de arte, Edgardo Ganado, comparti\u00f3 su opini\u00f3n en entrevista en TVD Primera Plana con Soledad Durazo sobre el arte en Sonora. \u00bfQu\u00e9 tenemos en Sonora comparado con otros estados? Resalt\u00f3 la colecci\u00f3n contempor\u00e1nea del Muso de Arte de Sonora (MUSAS) donde fue colaborador en la conformaci\u00f3n de esta colecci\u00f3n nacional y [&hellip;]","og_url":"https:\/\/soledaddurazo.com\/blog\/2022\/03\/26\/desconocimiento-del-arte-en-sonora\/","og_site_name":"Periodista SoledadDurazo.com","article_publisher":"https:\/\/www.facebook.com\/soledad.durazo.9\/","article_published_time":"2022-03-26T22:06:52+00:00","og_image":[{"width":800,"height":416,"url":"https:\/\/soledaddurazo.com\/storage\/2022\/03\/bellas-artes-e1576727074407-800x416-1.jpg","type":"image\/jpeg"}],"twitter_card":"summary_large_image","twitter_creator":"@SoledadDurazo","twitter_site":"@SoledadDurazo","twitter_misc":{"Escrito por":"Redacci\u00f3n","Tiempo de lectura":"1 minuto"},"schema":{"@context":"https:\/\/schema.org","@graph":[{"@type":"Organization","@id":"https:\/\/soledaddurazo.com\/#organization","name":"Soledad Durazo","url":"https:\/\/soledaddurazo.com\/","sameAs":["https:\/\/www.facebook.com\/soledad.durazo.9\/","https:\/\/www.instagram.com\/soledaddurazo","https:\/\/www.youtube.com\/channel\/UC9yGPw8-Vbl_B2XNkRwPS-w","https:\/\/twitter.com\/SoledadDurazo"],"logo":{"@type":"ImageObject","@id":"https:\/\/soledaddurazo.com\/#logo","inLanguage":"es","url":"https:\/\/soledaddurazo.com\/storage\/2021\/11\/nllp-720x375-1-2.png","contentUrl":"https:\/\/soledaddurazo.com\/storage\/2021\/11\/nllp-720x375-1-2.png","width":720,"height":375,"caption":"Soledad Durazo"},"image":{"@id":"https:\/\/soledaddurazo.com\/#logo"}},{"@type":"WebSite","@id":"https:\/\/soledaddurazo.com\/#website","url":"https:\/\/soledaddurazo.com\/","name":"Periodista SoledadDurazo.com","description":"Periodista sonorense. Directora de www.SoledadDurazo.com Columnista, conductora de radio y Tv. Catedr\u00e1tica en la UNISON","publisher":{"@id":"https:\/\/soledaddurazo.com\/#organization"},"potentialAction":[{"@type":"SearchAction","target":{"@type":"EntryPoint","urlTemplate":"https:\/\/soledaddurazo.com\/?s={search_term_string}"},"query-input":"required name=search_term_string"}],"inLanguage":"es"},{"@type":"ImageObject","@id":"https:\/\/soledaddurazo.com\/blog\/2022\/03\/26\/desconocimiento-del-arte-en-sonora\/#primaryimage","inLanguage":"es","url":"https:\/\/soledaddurazo.com\/storage\/2022\/03\/bellas-artes-e1576727074407-800x416-1.jpg","contentUrl":"https:\/\/soledaddurazo.com\/storage\/2022\/03\/bellas-artes-e1576727074407-800x416-1.jpg","width":800,"height":416},{"@type":"WebPage","@id":"https:\/\/soledaddurazo.com\/blog\/2022\/03\/26\/desconocimiento-del-arte-en-sonora\/#webpage","url":"https:\/\/soledaddurazo.com\/blog\/2022\/03\/26\/desconocimiento-del-arte-en-sonora\/","name":"Desconocimiento del arte en sonora - Periodista SoledadDurazo.com","isPartOf":{"@id":"https:\/\/soledaddurazo.com\/#website"},"primaryImageOfPage":{"@id":"https:\/\/soledaddurazo.com\/blog\/2022\/03\/26\/desconocimiento-del-arte-en-sonora\/#primaryimage"},"datePublished":"2022-03-26T22:06:52+00:00","dateModified":"2022-03-26T22:06:52+00:00","breadcrumb":{"@id":"https:\/\/soledaddurazo.com\/blog\/2022\/03\/26\/desconocimiento-del-arte-en-sonora\/#breadcrumb"},"inLanguage":"es","potentialAction":[{"@type":"ReadAction","target":["https:\/\/soledaddurazo.com\/blog\/2022\/03\/26\/desconocimiento-del-arte-en-sonora\/"]}]},{"@type":"BreadcrumbList","@id":"https:\/\/soledaddurazo.com\/blog\/2022\/03\/26\/desconocimiento-del-arte-en-sonora\/#breadcrumb","itemListElement":[{"@type":"ListItem","position":1,"name":"Home","item":"https:\/\/soledaddurazo.com\/"},{"@type":"ListItem","position":2,"name":"Desconocimiento del arte en sonora"}]},{"@type":"Article","@id":"https:\/\/soledaddurazo.com\/blog\/2022\/03\/26\/desconocimiento-del-arte-en-sonora\/#article","isPartOf":{"@id":"https:\/\/soledaddurazo.com\/blog\/2022\/03\/26\/desconocimiento-del-arte-en-sonora\/#webpage"},"author":{"@id":"https:\/\/soledaddurazo.com\/#\/schema\/person\/822d8e13aa288585e6546f179853758b"},"headline":"Desconocimiento del arte en sonora","datePublished":"2022-03-26T22:06:52+00:00","dateModified":"2022-03-26T22:06:52+00:00","mainEntityOfPage":{"@id":"https:\/\/soledaddurazo.com\/blog\/2022\/03\/26\/desconocimiento-del-arte-en-sonora\/#webpage"},"wordCount":216,"commentCount":0,"publisher":{"@id":"https:\/\/soledaddurazo.com\/#organization"},"image":{"@id":"https:\/\/soledaddurazo.com\/blog\/2022\/03\/26\/desconocimiento-del-arte-en-sonora\/#primaryimage"},"thumbnailUrl":"https:\/\/soledaddurazo.com\/storage\/2022\/03\/bellas-artes-e1576727074407-800x416-1.jpg","articleSection":["principal"],"inLanguage":"es","potentialAction":[{"@type":"CommentAction","name":"Comment","target":["https:\/\/soledaddurazo.com\/blog\/2022\/03\/26\/desconocimiento-del-arte-en-sonora\/#respond"]}]},{"@type":"Person","@id":"https:\/\/soledaddurazo.com\/#\/schema\/person\/822d8e13aa288585e6546f179853758b","name":"Redacci\u00f3n","image":{"@type":"ImageObject","@id":"https:\/\/soledaddurazo.com\/#personlogo","inLanguage":"es","url":"https:\/\/secure.gravatar.com\/avatar\/c4e193752f756fd61f04deebed3a3a20dc188d37edb53682d313ac57f2725d54?s=96&d=mm&r=g","contentUrl":"https:\/\/secure.gravatar.com\/avatar\/c4e193752f756fd61f04deebed3a3a20dc188d37edb53682d313ac57f2725d54?s=96&d=mm&r=g","caption":"Redacci\u00f3n"},"sameAs":["https:\/\/soledaddurazo.com"]}]}},"_links":{"self":[{"href":"https:\/\/soledaddurazo.com\/api\/wp\/v2\/posts\/13660","targetHints":{"allow":["GET"]}}],"collection":[{"href":"https:\/\/soledaddurazo.com\/api\/wp\/v2\/posts"}],"about":[{"href":"https:\/\/soledaddurazo.com\/api\/wp\/v2\/types\/post"}],"author":[{"embeddable":true,"href":"https:\/\/soledaddurazo.com\/api\/wp\/v2\/users\/1"}],"replies":[{"embeddable":true,"href":"https:\/\/soledaddurazo.com\/api\/wp\/v2\/comments?post=13660"}],"version-history":[{"count":1,"href":"https:\/\/soledaddurazo.com\/api\/wp\/v2\/posts\/13660\/revisions"}],"predecessor-version":[{"id":13662,"href":"https:\/\/soledaddurazo.com\/api\/wp\/v2\/posts\/13660\/revisions\/13662"}],"wp:featuredmedia":[{"embeddable":true,"href":"https:\/\/soledaddurazo.com\/api\/wp\/v2\/media\/13661"}],"wp:attachment":[{"href":"https:\/\/soledaddurazo.com\/api\/wp\/v2\/media?parent=13660"}],"wp:term":[{"taxonomy":"category","embeddable":true,"href":"https:\/\/soledaddurazo.com\/api\/wp\/v2\/categories?post=13660"},{"taxonomy":"post_tag","embeddable":true,"href":"https:\/\/soledaddurazo.com\/api\/wp\/v2\/tags?post=13660"}],"curies":[{"name":"wp","href":"https:\/\/api.w.org\/{rel}","templated":true}]}}