{"id":13482,"date":"2022-03-12T01:57:30","date_gmt":"2022-03-12T08:57:30","guid":{"rendered":"https:\/\/soledaddurazo.com\/?p=13482"},"modified":"2022-03-12T16:03:25","modified_gmt":"2022-03-12T23:03:25","slug":"paloma-teran-esta-reforma-viene-a-incluir-a-los-casi-3-millones-de-sonorenses-a-la-toma-de-decisiones","status":"publish","type":"post","link":"https:\/\/soledaddurazo.com\/blog\/2022\/03\/12\/paloma-teran-esta-reforma-viene-a-incluir-a-los-casi-3-millones-de-sonorenses-a-la-toma-de-decisiones\/","title":{"rendered":"Iniciativas en pro de las mujeres, igualdad, adultos mayores y j\u00f3venes: Paloma Ter\u00e1n"},"content":{"rendered":"<p>La diputada Paloma Ter\u00e1n visit\u00f3 las instalaciones de TVD Primera Plana para platicar con Soledad Durazo sobre las diversas reformas que ha implementado para el beneficio del pueblo sonorense.<\/p>\n<p>Coment\u00f3 se implement\u00f3 una reforma para darle voz y voto a los sonorenses a trav\u00e9s de las y los 33 diputados que los representan en el Congreso, con la cual los casi 3 millones de sonorenses van a poder rechazar o aprobar propuestas, as\u00ed como proponer funcionarios.<\/p>\n<p>\u201cLo que se vivi\u00f3 el d\u00eda de ayer en el pleno es de lo que trata la transformaci\u00f3n de nuestro estado encabezado por el Dr. Alfonso Durazo Monta\u00f1o. Anteriormente era el comit\u00e9 el que ten\u00eda esta funci\u00f3n de mandar las terna y \u00e9l escog\u00eda quien iba a ser el nuevo titular de seguridad p\u00fablica&#8221;, dijo.<\/p>\n<p>Tambi\u00e9n manifest\u00f3 que la seguridad es algo que le compete a cada uno de los sonorenses, es por lo que la sociedad va m\u00e1s que incluida en estas nuevas reformas para la seguridad social.<\/p>\n<p>&nbsp;<\/p>\n<p><strong>Algunas de las reformas que involucran a la mujer sonorense son:<\/strong><\/p>\n<ul>\n<li>Temas de igualdad sustantiva en los temas de desarrollo social.<\/li>\n<li>Iniciativa para erradicar el machismo a trav\u00e9s de la educaci\u00f3n.<\/li>\n<li>Iniciativa de violencia digital para llamarlo delito.<\/li>\n<\/ul>\n<p>As\u00ed mismo a\u00f1adi\u00f3 que para cerrar la brecha digital dijo que es fundamental que los y las estudiantes est\u00e9n conectados por lo que les han entregado tablets para sus deberes escolares.<\/p>\n<p>&nbsp;<\/p>\n<p>&nbsp;<\/p>\n<div class=\"lyte-wrapper fourthree\" style=\"width:420px;max-width:100%;margin:5px;\"><div class=\"lyMe\" id=\"WYL_WDODXneTCjw\"><div id=\"lyte_WDODXneTCjw\" data-src=\"\/\/i.ytimg.com\/vi\/WDODXneTCjw\/hqdefault.jpg\" class=\"pL\"><div class=\"tC\"><div class=\"tT\"><\/div><\/div><div class=\"play\"><\/div><div class=\"ctrl\"><div class=\"Lctrl\"><\/div><div class=\"Rctrl\"><\/div><\/div><\/div><noscript><a href=\"https:\/\/youtu.be\/WDODXneTCjw\"><img loading=\"lazy\" decoding=\"async\" src=\"https:\/\/i.ytimg.com\/vi\/WDODXneTCjw\/0.jpg\" alt=\"\" width=\"420\" height=\"295\" \/><br \/>Ver este video en YouTube<\/a><\/noscript><\/div><\/div><div class=\"lL\" style=\"max-width:100%;width:420px;margin:5px;\"><\/div>\n","protected":false},"excerpt":{"rendered":"<p>La diputada Paloma Ter\u00e1n visit\u00f3 las instalaciones de TVD Primera Plana para platicar con Soledad Durazo sobre las diversas reformas que ha implementado para el beneficio del pueblo sonorense. Coment\u00f3 se implement\u00f3 una reforma para darle voz y voto a los sonorenses a trav\u00e9s de las y los 33 diputados que los representan en el [&hellip;]<\/p>\n","protected":false},"author":1,"featured_media":13483,"comment_status":"open","ping_status":"open","sticky":false,"template":"","format":"standard","meta":{"footnotes":""},"categories":[153],"tags":[],"class_list":["post"],"yoast_head":" \n<title>Iniciativas en pro de las mujeres, igualdad, adultos mayores y j\u00f3venes: Paloma Ter\u00e1n - Periodista SoledadDurazo.com<\/title>\n<meta name=\"robots\" content=\"index, follow, max-snippet:-1, max-image-preview:large, max-video-preview:-1\" \/>\n<link rel=\"canonical\" href=\"https:\/\/soledaddurazo.com\/blog\/2022\/03\/12\/paloma-teran-esta-reforma-viene-a-incluir-a-los-casi-3-millones-de-sonorenses-a-la-toma-de-decisiones\/\" \/>\n<meta property=\"og:locale\" content=\"es_MX\" \/>\n<meta property=\"og:type\" content=\"article\" \/>\n<meta property=\"og:title\" content=\"Iniciativas en pro de las mujeres, igualdad, adultos mayores y j\u00f3venes: Paloma Ter\u00e1n\" \/>\n<meta property=\"og:description\" content=\"La diputada Paloma Ter\u00e1n visit\u00f3 las instalaciones de TVD Primera Plana para platicar con Soledad Durazo sobre las diversas reformas que ha implementado para el beneficio del pueblo sonorense. Coment\u00f3 se implement\u00f3 una reforma para darle voz y voto a los sonorenses a trav\u00e9s de las y los 33 diputados que los representan en el [&hellip;]\" \/>\n<meta property=\"og:url\" content=\"https:\/\/soledaddurazo.com\/blog\/2022\/03\/12\/paloma-teran-esta-reforma-viene-a-incluir-a-los-casi-3-millones-de-sonorenses-a-la-toma-de-decisiones\/\" \/>\n<meta property=\"og:site_name\" content=\"Periodista SoledadDurazo.com\" \/>\n<meta property=\"article:publisher\" content=\"https:\/\/www.facebook.com\/soledad.durazo.9\/\" \/>\n<meta property=\"article:published_time\" content=\"2022-03-12T08:57:30+00:00\" \/>\n<meta property=\"article:modified_time\" content=\"2022-03-12T23:03:25+00:00\" \/>\n<meta property=\"og:image\" content=\"https:\/\/soledaddurazo.com\/storage\/2022\/03\/PALOMA.mp4.00_06_15_02.Imagen-fija001.jpg\" \/>\n\t<meta property=\"og:image:width\" content=\"1920\" \/>\n\t<meta property=\"og:image:height\" content=\"1080\" \/>\n<meta name=\"twitter:card\" content=\"summary_large_image\" \/>\n<meta name=\"twitter:creator\" content=\"@SoledadDurazo\" \/>\n<meta name=\"twitter:site\" content=\"@SoledadDurazo\" \/>\n<meta name=\"twitter:label1\" content=\"Escrito por\" \/>\n\t<meta name=\"twitter:data1\" content=\"Redacci\u00f3n\" \/>\n\t<meta name=\"twitter:label2\" content=\"Tiempo de lectura\" \/>\n\t<meta name=\"twitter:data2\" content=\"2 minutos\" \/>\n<script type=\"application\/ld+json\" class=\"yoast-schema-graph\">{\"@context\":\"https:\/\/schema.org\",\"@graph\":[{\"@type\":\"Organization\",\"@id\":\"https:\/\/soledaddurazo.com\/#organization\",\"name\":\"Soledad Durazo\",\"url\":\"https:\/\/soledaddurazo.com\/\",\"sameAs\":[\"https:\/\/www.facebook.com\/soledad.durazo.9\/\",\"https:\/\/www.instagram.com\/soledaddurazo\",\"https:\/\/www.youtube.com\/channel\/UC9yGPw8-Vbl_B2XNkRwPS-w\",\"https:\/\/twitter.com\/SoledadDurazo\"],\"logo\":{\"@type\":\"ImageObject\",\"@id\":\"https:\/\/soledaddurazo.com\/#logo\",\"inLanguage\":\"es\",\"url\":\"https:\/\/soledaddurazo.com\/storage\/2021\/11\/nllp-720x375-1-2.png\",\"contentUrl\":\"https:\/\/soledaddurazo.com\/storage\/2021\/11\/nllp-720x375-1-2.png\",\"width\":720,\"height\":375,\"caption\":\"Soledad Durazo\"},\"image\":{\"@id\":\"https:\/\/soledaddurazo.com\/#logo\"}},{\"@type\":\"WebSite\",\"@id\":\"https:\/\/soledaddurazo.com\/#website\",\"url\":\"https:\/\/soledaddurazo.com\/\",\"name\":\"Periodista SoledadDurazo.com\",\"description\":\"Periodista sonorense. Directora de www.SoledadDurazo.com Columnista, conductora de radio y Tv. Catedr\\u00e1tica en la UNISON\",\"publisher\":{\"@id\":\"https:\/\/soledaddurazo.com\/#organization\"},\"potentialAction\":[{\"@type\":\"SearchAction\",\"target\":{\"@type\":\"EntryPoint\",\"urlTemplate\":\"https:\/\/soledaddurazo.com\/?s={search_term_string}\"},\"query-input\":\"required name=search_term_string\"}],\"inLanguage\":\"es\"},{\"@type\":\"ImageObject\",\"@id\":\"https:\/\/soledaddurazo.com\/blog\/2022\/03\/12\/paloma-teran-esta-reforma-viene-a-incluir-a-los-casi-3-millones-de-sonorenses-a-la-toma-de-decisiones\/#primaryimage\",\"inLanguage\":\"es\",\"url\":\"https:\/\/soledaddurazo.com\/storage\/2022\/03\/PALOMA.mp4.00_06_15_02.Imagen-fija001.jpg\",\"contentUrl\":\"https:\/\/soledaddurazo.com\/storage\/2022\/03\/PALOMA.mp4.00_06_15_02.Imagen-fija001.jpg\",\"width\":1920,\"height\":1080},{\"@type\":\"WebPage\",\"@id\":\"https:\/\/soledaddurazo.com\/blog\/2022\/03\/12\/paloma-teran-esta-reforma-viene-a-incluir-a-los-casi-3-millones-de-sonorenses-a-la-toma-de-decisiones\/#webpage\",\"url\":\"https:\/\/soledaddurazo.com\/blog\/2022\/03\/12\/paloma-teran-esta-reforma-viene-a-incluir-a-los-casi-3-millones-de-sonorenses-a-la-toma-de-decisiones\/\",\"name\":\"Iniciativas en pro de las mujeres, igualdad, adultos mayores y j\\u00f3venes: Paloma Ter\\u00e1n - Periodista SoledadDurazo.com\",\"isPartOf\":{\"@id\":\"https:\/\/soledaddurazo.com\/#website\"},\"primaryImageOfPage\":{\"@id\":\"https:\/\/soledaddurazo.com\/blog\/2022\/03\/12\/paloma-teran-esta-reforma-viene-a-incluir-a-los-casi-3-millones-de-sonorenses-a-la-toma-de-decisiones\/#primaryimage\"},\"datePublished\":\"2022-03-12T08:57:30+00:00\",\"dateModified\":\"2022-03-12T23:03:25+00:00\",\"breadcrumb\":{\"@id\":\"https:\/\/soledaddurazo.com\/blog\/2022\/03\/12\/paloma-teran-esta-reforma-viene-a-incluir-a-los-casi-3-millones-de-sonorenses-a-la-toma-de-decisiones\/#breadcrumb\"},\"inLanguage\":\"es\",\"potentialAction\":[{\"@type\":\"ReadAction\",\"target\":[\"https:\/\/soledaddurazo.com\/blog\/2022\/03\/12\/paloma-teran-esta-reforma-viene-a-incluir-a-los-casi-3-millones-de-sonorenses-a-la-toma-de-decisiones\/\"]}]},{\"@type\":\"BreadcrumbList\",\"@id\":\"https:\/\/soledaddurazo.com\/blog\/2022\/03\/12\/paloma-teran-esta-reforma-viene-a-incluir-a-los-casi-3-millones-de-sonorenses-a-la-toma-de-decisiones\/#breadcrumb\",\"itemListElement\":[{\"@type\":\"ListItem\",\"position\":1,\"name\":\"Home\",\"item\":\"https:\/\/soledaddurazo.com\/\"},{\"@type\":\"ListItem\",\"position\":2,\"name\":\"Iniciativas en pro de las mujeres, igualdad, adultos mayores y j\\u00f3venes: Paloma Ter\\u00e1n\"}]},{\"@type\":\"Article\",\"@id\":\"https:\/\/soledaddurazo.com\/blog\/2022\/03\/12\/paloma-teran-esta-reforma-viene-a-incluir-a-los-casi-3-millones-de-sonorenses-a-la-toma-de-decisiones\/#article\",\"isPartOf\":{\"@id\":\"https:\/\/soledaddurazo.com\/blog\/2022\/03\/12\/paloma-teran-esta-reforma-viene-a-incluir-a-los-casi-3-millones-de-sonorenses-a-la-toma-de-decisiones\/#webpage\"},\"author\":{\"@id\":\"https:\/\/soledaddurazo.com\/#\/schema\/person\/822d8e13aa288585e6546f179853758b\"},\"headline\":\"Iniciativas en pro de las mujeres, igualdad, adultos mayores y j\\u00f3venes: Paloma Ter\\u00e1n\",\"datePublished\":\"2022-03-12T08:57:30+00:00\",\"dateModified\":\"2022-03-12T23:03:25+00:00\",\"mainEntityOfPage\":{\"@id\":\"https:\/\/soledaddurazo.com\/blog\/2022\/03\/12\/paloma-teran-esta-reforma-viene-a-incluir-a-los-casi-3-millones-de-sonorenses-a-la-toma-de-decisiones\/#webpage\"},\"wordCount\":272,\"commentCount\":0,\"publisher\":{\"@id\":\"https:\/\/soledaddurazo.com\/#organization\"},\"image\":{\"@id\":\"https:\/\/soledaddurazo.com\/blog\/2022\/03\/12\/paloma-teran-esta-reforma-viene-a-incluir-a-los-casi-3-millones-de-sonorenses-a-la-toma-de-decisiones\/#primaryimage\"},\"thumbnailUrl\":\"https:\/\/soledaddurazo.com\/storage\/2022\/03\/PALOMA.mp4.00_06_15_02.Imagen-fija001.jpg\",\"articleSection\":[\"principal\"],\"inLanguage\":\"es\",\"potentialAction\":[{\"@type\":\"CommentAction\",\"name\":\"Comment\",\"target\":[\"https:\/\/soledaddurazo.com\/blog\/2022\/03\/12\/paloma-teran-esta-reforma-viene-a-incluir-a-los-casi-3-millones-de-sonorenses-a-la-toma-de-decisiones\/#respond\"]}]},{\"@type\":\"Person\",\"@id\":\"https:\/\/soledaddurazo.com\/#\/schema\/person\/822d8e13aa288585e6546f179853758b\",\"name\":\"Redacci\\u00f3n\",\"image\":{\"@type\":\"ImageObject\",\"@id\":\"https:\/\/soledaddurazo.com\/#personlogo\",\"inLanguage\":\"es\",\"url\":\"https:\/\/secure.gravatar.com\/avatar\/c4e193752f756fd61f04deebed3a3a20dc188d37edb53682d313ac57f2725d54?s=96&d=mm&r=g\",\"contentUrl\":\"https:\/\/secure.gravatar.com\/avatar\/c4e193752f756fd61f04deebed3a3a20dc188d37edb53682d313ac57f2725d54?s=96&d=mm&r=g\",\"caption\":\"Redacci\\u00f3n\"},\"sameAs\":[\"https:\/\/soledaddurazo.com\"]}]}<\/script>\n ","yoast_head_json":{"title":"Iniciativas en pro de las mujeres, igualdad, adultos mayores y j\u00f3venes: Paloma Ter\u00e1n - Periodista SoledadDurazo.com","robots":{"index":"index","follow":"follow","max-snippet":"max-snippet:-1","max-image-preview":"max-image-preview:large","max-video-preview":"max-video-preview:-1"},"canonical":"https:\/\/soledaddurazo.com\/blog\/2022\/03\/12\/paloma-teran-esta-reforma-viene-a-incluir-a-los-casi-3-millones-de-sonorenses-a-la-toma-de-decisiones\/","og_locale":"es_MX","og_type":"article","og_title":"Iniciativas en pro de las mujeres, igualdad, adultos mayores y j\u00f3venes: Paloma Ter\u00e1n","og_description":"La diputada Paloma Ter\u00e1n visit\u00f3 las instalaciones de TVD Primera Plana para platicar con Soledad Durazo sobre las diversas reformas que ha implementado para el beneficio del pueblo sonorense. Coment\u00f3 se implement\u00f3 una reforma para darle voz y voto a los sonorenses a trav\u00e9s de las y los 33 diputados que los representan en el [&hellip;]","og_url":"https:\/\/soledaddurazo.com\/blog\/2022\/03\/12\/paloma-teran-esta-reforma-viene-a-incluir-a-los-casi-3-millones-de-sonorenses-a-la-toma-de-decisiones\/","og_site_name":"Periodista SoledadDurazo.com","article_publisher":"https:\/\/www.facebook.com\/soledad.durazo.9\/","article_published_time":"2022-03-12T08:57:30+00:00","article_modified_time":"2022-03-12T23:03:25+00:00","og_image":[{"width":1920,"height":1080,"url":"https:\/\/soledaddurazo.com\/storage\/2022\/03\/PALOMA.mp4.00_06_15_02.Imagen-fija001.jpg","type":"image\/jpeg"}],"twitter_card":"summary_large_image","twitter_creator":"@SoledadDurazo","twitter_site":"@SoledadDurazo","twitter_misc":{"Escrito por":"Redacci\u00f3n","Tiempo de lectura":"2 minutos"},"schema":{"@context":"https:\/\/schema.org","@graph":[{"@type":"Organization","@id":"https:\/\/soledaddurazo.com\/#organization","name":"Soledad Durazo","url":"https:\/\/soledaddurazo.com\/","sameAs":["https:\/\/www.facebook.com\/soledad.durazo.9\/","https:\/\/www.instagram.com\/soledaddurazo","https:\/\/www.youtube.com\/channel\/UC9yGPw8-Vbl_B2XNkRwPS-w","https:\/\/twitter.com\/SoledadDurazo"],"logo":{"@type":"ImageObject","@id":"https:\/\/soledaddurazo.com\/#logo","inLanguage":"es","url":"https:\/\/soledaddurazo.com\/storage\/2021\/11\/nllp-720x375-1-2.png","contentUrl":"https:\/\/soledaddurazo.com\/storage\/2021\/11\/nllp-720x375-1-2.png","width":720,"height":375,"caption":"Soledad Durazo"},"image":{"@id":"https:\/\/soledaddurazo.com\/#logo"}},{"@type":"WebSite","@id":"https:\/\/soledaddurazo.com\/#website","url":"https:\/\/soledaddurazo.com\/","name":"Periodista SoledadDurazo.com","description":"Periodista sonorense. Directora de www.SoledadDurazo.com Columnista, conductora de radio y Tv. Catedr\u00e1tica en la UNISON","publisher":{"@id":"https:\/\/soledaddurazo.com\/#organization"},"potentialAction":[{"@type":"SearchAction","target":{"@type":"EntryPoint","urlTemplate":"https:\/\/soledaddurazo.com\/?s={search_term_string}"},"query-input":"required name=search_term_string"}],"inLanguage":"es"},{"@type":"ImageObject","@id":"https:\/\/soledaddurazo.com\/blog\/2022\/03\/12\/paloma-teran-esta-reforma-viene-a-incluir-a-los-casi-3-millones-de-sonorenses-a-la-toma-de-decisiones\/#primaryimage","inLanguage":"es","url":"https:\/\/soledaddurazo.com\/storage\/2022\/03\/PALOMA.mp4.00_06_15_02.Imagen-fija001.jpg","contentUrl":"https:\/\/soledaddurazo.com\/storage\/2022\/03\/PALOMA.mp4.00_06_15_02.Imagen-fija001.jpg","width":1920,"height":1080},{"@type":"WebPage","@id":"https:\/\/soledaddurazo.com\/blog\/2022\/03\/12\/paloma-teran-esta-reforma-viene-a-incluir-a-los-casi-3-millones-de-sonorenses-a-la-toma-de-decisiones\/#webpage","url":"https:\/\/soledaddurazo.com\/blog\/2022\/03\/12\/paloma-teran-esta-reforma-viene-a-incluir-a-los-casi-3-millones-de-sonorenses-a-la-toma-de-decisiones\/","name":"Iniciativas en pro de las mujeres, igualdad, adultos mayores y j\u00f3venes: Paloma Ter\u00e1n - Periodista SoledadDurazo.com","isPartOf":{"@id":"https:\/\/soledaddurazo.com\/#website"},"primaryImageOfPage":{"@id":"https:\/\/soledaddurazo.com\/blog\/2022\/03\/12\/paloma-teran-esta-reforma-viene-a-incluir-a-los-casi-3-millones-de-sonorenses-a-la-toma-de-decisiones\/#primaryimage"},"datePublished":"2022-03-12T08:57:30+00:00","dateModified":"2022-03-12T23:03:25+00:00","breadcrumb":{"@id":"https:\/\/soledaddurazo.com\/blog\/2022\/03\/12\/paloma-teran-esta-reforma-viene-a-incluir-a-los-casi-3-millones-de-sonorenses-a-la-toma-de-decisiones\/#breadcrumb"},"inLanguage":"es","potentialAction":[{"@type":"ReadAction","target":["https:\/\/soledaddurazo.com\/blog\/2022\/03\/12\/paloma-teran-esta-reforma-viene-a-incluir-a-los-casi-3-millones-de-sonorenses-a-la-toma-de-decisiones\/"]}]},{"@type":"BreadcrumbList","@id":"https:\/\/soledaddurazo.com\/blog\/2022\/03\/12\/paloma-teran-esta-reforma-viene-a-incluir-a-los-casi-3-millones-de-sonorenses-a-la-toma-de-decisiones\/#breadcrumb","itemListElement":[{"@type":"ListItem","position":1,"name":"Home","item":"https:\/\/soledaddurazo.com\/"},{"@type":"ListItem","position":2,"name":"Iniciativas en pro de las mujeres, igualdad, adultos mayores y j\u00f3venes: Paloma Ter\u00e1n"}]},{"@type":"Article","@id":"https:\/\/soledaddurazo.com\/blog\/2022\/03\/12\/paloma-teran-esta-reforma-viene-a-incluir-a-los-casi-3-millones-de-sonorenses-a-la-toma-de-decisiones\/#article","isPartOf":{"@id":"https:\/\/soledaddurazo.com\/blog\/2022\/03\/12\/paloma-teran-esta-reforma-viene-a-incluir-a-los-casi-3-millones-de-sonorenses-a-la-toma-de-decisiones\/#webpage"},"author":{"@id":"https:\/\/soledaddurazo.com\/#\/schema\/person\/822d8e13aa288585e6546f179853758b"},"headline":"Iniciativas en pro de las mujeres, igualdad, adultos mayores y j\u00f3venes: Paloma Ter\u00e1n","datePublished":"2022-03-12T08:57:30+00:00","dateModified":"2022-03-12T23:03:25+00:00","mainEntityOfPage":{"@id":"https:\/\/soledaddurazo.com\/blog\/2022\/03\/12\/paloma-teran-esta-reforma-viene-a-incluir-a-los-casi-3-millones-de-sonorenses-a-la-toma-de-decisiones\/#webpage"},"wordCount":272,"commentCount":0,"publisher":{"@id":"https:\/\/soledaddurazo.com\/#organization"},"image":{"@id":"https:\/\/soledaddurazo.com\/blog\/2022\/03\/12\/paloma-teran-esta-reforma-viene-a-incluir-a-los-casi-3-millones-de-sonorenses-a-la-toma-de-decisiones\/#primaryimage"},"thumbnailUrl":"https:\/\/soledaddurazo.com\/storage\/2022\/03\/PALOMA.mp4.00_06_15_02.Imagen-fija001.jpg","articleSection":["principal"],"inLanguage":"es","potentialAction":[{"@type":"CommentAction","name":"Comment","target":["https:\/\/soledaddurazo.com\/blog\/2022\/03\/12\/paloma-teran-esta-reforma-viene-a-incluir-a-los-casi-3-millones-de-sonorenses-a-la-toma-de-decisiones\/#respond"]}]},{"@type":"Person","@id":"https:\/\/soledaddurazo.com\/#\/schema\/person\/822d8e13aa288585e6546f179853758b","name":"Redacci\u00f3n","image":{"@type":"ImageObject","@id":"https:\/\/soledaddurazo.com\/#personlogo","inLanguage":"es","url":"https:\/\/secure.gravatar.com\/avatar\/c4e193752f756fd61f04deebed3a3a20dc188d37edb53682d313ac57f2725d54?s=96&d=mm&r=g","contentUrl":"https:\/\/secure.gravatar.com\/avatar\/c4e193752f756fd61f04deebed3a3a20dc188d37edb53682d313ac57f2725d54?s=96&d=mm&r=g","caption":"Redacci\u00f3n"},"sameAs":["https:\/\/soledaddurazo.com"]}]}},"_links":{"self":[{"href":"https:\/\/soledaddurazo.com\/api\/wp\/v2\/posts\/13482","targetHints":{"allow":["GET"]}}],"collection":[{"href":"https:\/\/soledaddurazo.com\/api\/wp\/v2\/posts"}],"about":[{"href":"https:\/\/soledaddurazo.com\/api\/wp\/v2\/types\/post"}],"author":[{"embeddable":true,"href":"https:\/\/soledaddurazo.com\/api\/wp\/v2\/users\/1"}],"replies":[{"embeddable":true,"href":"https:\/\/soledaddurazo.com\/api\/wp\/v2\/comments?post=13482"}],"version-history":[{"count":3,"href":"https:\/\/soledaddurazo.com\/api\/wp\/v2\/posts\/13482\/revisions"}],"predecessor-version":[{"id":13494,"href":"https:\/\/soledaddurazo.com\/api\/wp\/v2\/posts\/13482\/revisions\/13494"}],"wp:featuredmedia":[{"embeddable":true,"href":"https:\/\/soledaddurazo.com\/api\/wp\/v2\/media\/13483"}],"wp:attachment":[{"href":"https:\/\/soledaddurazo.com\/api\/wp\/v2\/media?parent=13482"}],"wp:term":[{"taxonomy":"category","embeddable":true,"href":"https:\/\/soledaddurazo.com\/api\/wp\/v2\/categories?post=13482"},{"taxonomy":"post_tag","embeddable":true,"href":"https:\/\/soledaddurazo.com\/api\/wp\/v2\/tags?post=13482"}],"curies":[{"name":"wp","href":"https:\/\/api.w.org\/{rel}","templated":true}]}}