{"id":13178,"date":"2022-02-21T20:03:03","date_gmt":"2022-02-22T03:03:03","guid":{"rendered":"https:\/\/soledaddurazo.com\/?p=13178"},"modified":"2022-02-21T20:03:03","modified_gmt":"2022-02-22T03:03:03","slug":"se-aproximan-grandes-eventos-en-el-estado-el-vino-fest-el-tour-del-bacanora-y-la-vuelta-sonora","status":"publish","type":"post","link":"https:\/\/soledaddurazo.com\/blog\/2022\/02\/21\/se-aproximan-grandes-eventos-en-el-estado-el-vino-fest-el-tour-del-bacanora-y-la-vuelta-sonora\/","title":{"rendered":"Se aproximan grandes eventos en el estado: El Vino Fest, El Tour del Bacanora y la Vuelta Sonora."},"content":{"rendered":"<p>Esta ma\u00f1ana en conferencia de prensa se dieron a conocer los detalles de tres eventos pr\u00f3ximos a realizarse en Sonora: El Vino Fest, El Tour del Bacanora y la Vuelta Sonora. Todos con la finalidad de fomentar el turismo en el estado.<\/p>\n<p>La secretaria de turismo, C\u00e9lida L\u00f3pez, hizo hincapi\u00e9 en que todos los eventos a realizarse se encuentran en coordinaci\u00f3n con la Secretar\u00eda de Seguridad P\u00fablica. Tambi\u00e9n coment\u00f3 que el gobierno estar\u00e1 financiando algunos servicios de eventos que no cuentan con ning\u00fan ingreso econ\u00f3mico.<\/p>\n<p>Este a\u00f1o el Vino Fest se llevar\u00e1 a cabo el 5 de Marzo en San Carlos, en el hotel Marina Terra desde las 13:00 hasta las 23:00 horas. Contar\u00e1n con la presencia del cantante Alex Syntek y de otros grupos locales que estar\u00e1n amenizando el evento.<\/p>\n<p>&#8220;Vino Fest nace en 2018 para apoyar al vino Mexicano, para apoyar lo nuestro, la gastronom\u00eda.&#8221; explic\u00f3 Rafael \u00cd\u00f1igo, representante del comit\u00e9 organizador.<\/p>\n<p>Van a participar m\u00e1s de 30 casas vin\u00edcolas, 3 de ellas sonorenses. Adem\u00e1s se realizar\u00e1n sesiones magistrales para conocer un poco m\u00e1s de la historia del vino e informar como se desarrolla actualmente.<\/p>\n<p>Con la finalidad de promover las marcas &#8220;100 Pueblos&#8221; y &#8220;Agua Miel&#8221;, el s\u00e1bado 26 de febrero se realizar\u00e1 el Tour del Bacanora que es una ruta en bicicleta de m\u00e1s de 150 km que va desde Hermosillo hasta Suaqui Grande. La primera salida ser\u00e1 a las 6:30 am y la segunda a las 7:30 am.<\/p>\n<p>Hasta el momento se ha confirmado la participaci\u00f3n de 150 ciclistas y se encuentran a la esperan de 50 m\u00e1s. Se contar\u00e1 con carros de apoyo para cualquier emergencia.<\/p>\n<p>Mientras tanto, La Vuelta Sonora se llevar\u00e1 a cabo durante cinco d\u00edas atravesando zonas des\u00e9rticas con veh\u00edculos todo terreno.<\/p>\n<p>Este a\u00f1o se realizaran dos vueltas, la primera del 2 al 6 de Marzo y la segunda ser\u00e1 del 16 al 20 del mismo mes. En la traves\u00eda se recorrer\u00e1n 9 municipios, entre ellos, Ures, Magdalena, Ray\u00f3n, Opodepe, Curcupe, Pitiquito, Puerto Lobos y Bah\u00eda de Kino.<\/p>\n<p>Se esperan alrededor de 400 participantes, algunos visitantes de otras ciudades y estados de M\u00e9xico como Michoac\u00e1n, Zacatecas, Tamaulipas, y del extranjero como California, Illinois y Texas.<\/p>\n<p>Marco Molina, uno de los organizadores, coment\u00f3 que la gente siempre se queda con muy buen sabor de boca al participar, por lo que cada d\u00eda buscan ofrecer actividades diferentes y no solo brindar una experiencia tur\u00edstica sino tambi\u00e9n gastron\u00f3mica.<\/p>\n","protected":false},"excerpt":{"rendered":"<p>Esta ma\u00f1ana en conferencia de prensa se dieron a conocer los detalles de tres eventos pr\u00f3ximos a realizarse en Sonora: El Vino Fest, El Tour del Bacanora y la Vuelta Sonora. Todos con la finalidad de fomentar el turismo en el estado. La secretaria de turismo, C\u00e9lida L\u00f3pez, hizo hincapi\u00e9 en que todos los eventos [&hellip;]<\/p>\n","protected":false},"author":1,"featured_media":13179,"comment_status":"open","ping_status":"open","sticky":false,"template":"","format":"standard","meta":{"footnotes":""},"categories":[159],"tags":[],"class_list":["post"],"yoast_head":" \n<title>Se aproximan grandes eventos en el estado: El Vino Fest, El Tour del Bacanora y la Vuelta Sonora. - Periodista SoledadDurazo.com<\/title>\n<meta name=\"robots\" content=\"index, follow, max-snippet:-1, max-image-preview:large, max-video-preview:-1\" \/>\n<link rel=\"canonical\" href=\"https:\/\/soledaddurazo.com\/blog\/2022\/02\/21\/se-aproximan-grandes-eventos-en-el-estado-el-vino-fest-el-tour-del-bacanora-y-la-vuelta-sonora\/\" \/>\n<meta property=\"og:locale\" content=\"es_MX\" \/>\n<meta property=\"og:type\" content=\"article\" \/>\n<meta property=\"og:title\" content=\"Se aproximan grandes eventos en el estado: El Vino Fest, El Tour del Bacanora y la Vuelta Sonora.\" \/>\n<meta property=\"og:description\" content=\"Esta ma\u00f1ana en conferencia de prensa se dieron a conocer los detalles de tres eventos pr\u00f3ximos a realizarse en Sonora: El Vino Fest, El Tour del Bacanora y la Vuelta Sonora. Todos con la finalidad de fomentar el turismo en el estado. La secretaria de turismo, C\u00e9lida L\u00f3pez, hizo hincapi\u00e9 en que todos los eventos [&hellip;]\" \/>\n<meta property=\"og:url\" content=\"https:\/\/soledaddurazo.com\/blog\/2022\/02\/21\/se-aproximan-grandes-eventos-en-el-estado-el-vino-fest-el-tour-del-bacanora-y-la-vuelta-sonora\/\" \/>\n<meta property=\"og:site_name\" content=\"Periodista SoledadDurazo.com\" \/>\n<meta property=\"article:publisher\" content=\"https:\/\/www.facebook.com\/soledad.durazo.9\/\" \/>\n<meta property=\"article:published_time\" content=\"2022-02-22T03:03:03+00:00\" \/>\n<meta property=\"og:image\" content=\"https:\/\/soledaddurazo.com\/storage\/2022\/02\/WhatsApp-Image-2022-02-21-at-11.29.39.jpeg\" \/>\n\t<meta property=\"og:image:width\" content=\"1280\" \/>\n\t<meta property=\"og:image:height\" content=\"703\" \/>\n<meta name=\"twitter:card\" content=\"summary_large_image\" \/>\n<meta name=\"twitter:creator\" content=\"@SoledadDurazo\" \/>\n<meta name=\"twitter:site\" content=\"@SoledadDurazo\" \/>\n<meta name=\"twitter:label1\" content=\"Escrito por\" \/>\n\t<meta name=\"twitter:data1\" content=\"Redacci\u00f3n\" \/>\n\t<meta name=\"twitter:label2\" content=\"Tiempo de lectura\" \/>\n\t<meta name=\"twitter:data2\" content=\"2 minutos\" \/>\n<script type=\"application\/ld+json\" class=\"yoast-schema-graph\">{\"@context\":\"https:\/\/schema.org\",\"@graph\":[{\"@type\":\"Organization\",\"@id\":\"https:\/\/soledaddurazo.com\/#organization\",\"name\":\"Soledad Durazo\",\"url\":\"https:\/\/soledaddurazo.com\/\",\"sameAs\":[\"https:\/\/www.facebook.com\/soledad.durazo.9\/\",\"https:\/\/www.instagram.com\/soledaddurazo\",\"https:\/\/www.youtube.com\/channel\/UC9yGPw8-Vbl_B2XNkRwPS-w\",\"https:\/\/twitter.com\/SoledadDurazo\"],\"logo\":{\"@type\":\"ImageObject\",\"@id\":\"https:\/\/soledaddurazo.com\/#logo\",\"inLanguage\":\"es\",\"url\":\"https:\/\/soledaddurazo.com\/storage\/2021\/11\/nllp-720x375-1-2.png\",\"contentUrl\":\"https:\/\/soledaddurazo.com\/storage\/2021\/11\/nllp-720x375-1-2.png\",\"width\":720,\"height\":375,\"caption\":\"Soledad Durazo\"},\"image\":{\"@id\":\"https:\/\/soledaddurazo.com\/#logo\"}},{\"@type\":\"WebSite\",\"@id\":\"https:\/\/soledaddurazo.com\/#website\",\"url\":\"https:\/\/soledaddurazo.com\/\",\"name\":\"Periodista SoledadDurazo.com\",\"description\":\"Periodista sonorense. Directora de www.SoledadDurazo.com Columnista, conductora de radio y Tv. Catedr\\u00e1tica en la UNISON\",\"publisher\":{\"@id\":\"https:\/\/soledaddurazo.com\/#organization\"},\"potentialAction\":[{\"@type\":\"SearchAction\",\"target\":{\"@type\":\"EntryPoint\",\"urlTemplate\":\"https:\/\/soledaddurazo.com\/?s={search_term_string}\"},\"query-input\":\"required name=search_term_string\"}],\"inLanguage\":\"es\"},{\"@type\":\"ImageObject\",\"@id\":\"https:\/\/soledaddurazo.com\/blog\/2022\/02\/21\/se-aproximan-grandes-eventos-en-el-estado-el-vino-fest-el-tour-del-bacanora-y-la-vuelta-sonora\/#primaryimage\",\"inLanguage\":\"es\",\"url\":\"https:\/\/soledaddurazo.com\/storage\/2022\/02\/WhatsApp-Image-2022-02-21-at-11.29.39.jpeg\",\"contentUrl\":\"https:\/\/soledaddurazo.com\/storage\/2022\/02\/WhatsApp-Image-2022-02-21-at-11.29.39.jpeg\",\"width\":1280,\"height\":703},{\"@type\":\"WebPage\",\"@id\":\"https:\/\/soledaddurazo.com\/blog\/2022\/02\/21\/se-aproximan-grandes-eventos-en-el-estado-el-vino-fest-el-tour-del-bacanora-y-la-vuelta-sonora\/#webpage\",\"url\":\"https:\/\/soledaddurazo.com\/blog\/2022\/02\/21\/se-aproximan-grandes-eventos-en-el-estado-el-vino-fest-el-tour-del-bacanora-y-la-vuelta-sonora\/\",\"name\":\"Se aproximan grandes eventos en el estado: El Vino Fest, El Tour del Bacanora y la Vuelta Sonora. - Periodista SoledadDurazo.com\",\"isPartOf\":{\"@id\":\"https:\/\/soledaddurazo.com\/#website\"},\"primaryImageOfPage\":{\"@id\":\"https:\/\/soledaddurazo.com\/blog\/2022\/02\/21\/se-aproximan-grandes-eventos-en-el-estado-el-vino-fest-el-tour-del-bacanora-y-la-vuelta-sonora\/#primaryimage\"},\"datePublished\":\"2022-02-22T03:03:03+00:00\",\"dateModified\":\"2022-02-22T03:03:03+00:00\",\"breadcrumb\":{\"@id\":\"https:\/\/soledaddurazo.com\/blog\/2022\/02\/21\/se-aproximan-grandes-eventos-en-el-estado-el-vino-fest-el-tour-del-bacanora-y-la-vuelta-sonora\/#breadcrumb\"},\"inLanguage\":\"es\",\"potentialAction\":[{\"@type\":\"ReadAction\",\"target\":[\"https:\/\/soledaddurazo.com\/blog\/2022\/02\/21\/se-aproximan-grandes-eventos-en-el-estado-el-vino-fest-el-tour-del-bacanora-y-la-vuelta-sonora\/\"]}]},{\"@type\":\"BreadcrumbList\",\"@id\":\"https:\/\/soledaddurazo.com\/blog\/2022\/02\/21\/se-aproximan-grandes-eventos-en-el-estado-el-vino-fest-el-tour-del-bacanora-y-la-vuelta-sonora\/#breadcrumb\",\"itemListElement\":[{\"@type\":\"ListItem\",\"position\":1,\"name\":\"Home\",\"item\":\"https:\/\/soledaddurazo.com\/\"},{\"@type\":\"ListItem\",\"position\":2,\"name\":\"Se aproximan grandes eventos en el estado: El Vino Fest, El Tour del Bacanora y la Vuelta Sonora.\"}]},{\"@type\":\"Article\",\"@id\":\"https:\/\/soledaddurazo.com\/blog\/2022\/02\/21\/se-aproximan-grandes-eventos-en-el-estado-el-vino-fest-el-tour-del-bacanora-y-la-vuelta-sonora\/#article\",\"isPartOf\":{\"@id\":\"https:\/\/soledaddurazo.com\/blog\/2022\/02\/21\/se-aproximan-grandes-eventos-en-el-estado-el-vino-fest-el-tour-del-bacanora-y-la-vuelta-sonora\/#webpage\"},\"author\":{\"@id\":\"https:\/\/soledaddurazo.com\/#\/schema\/person\/822d8e13aa288585e6546f179853758b\"},\"headline\":\"Se aproximan grandes eventos en el estado: El Vino Fest, El Tour del Bacanora y la Vuelta Sonora.\",\"datePublished\":\"2022-02-22T03:03:03+00:00\",\"dateModified\":\"2022-02-22T03:03:03+00:00\",\"mainEntityOfPage\":{\"@id\":\"https:\/\/soledaddurazo.com\/blog\/2022\/02\/21\/se-aproximan-grandes-eventos-en-el-estado-el-vino-fest-el-tour-del-bacanora-y-la-vuelta-sonora\/#webpage\"},\"wordCount\":440,\"commentCount\":0,\"publisher\":{\"@id\":\"https:\/\/soledaddurazo.com\/#organization\"},\"image\":{\"@id\":\"https:\/\/soledaddurazo.com\/blog\/2022\/02\/21\/se-aproximan-grandes-eventos-en-el-estado-el-vino-fest-el-tour-del-bacanora-y-la-vuelta-sonora\/#primaryimage\"},\"thumbnailUrl\":\"https:\/\/soledaddurazo.com\/storage\/2022\/02\/WhatsApp-Image-2022-02-21-at-11.29.39.jpeg\",\"articleSection\":[\"Mi Sonora\"],\"inLanguage\":\"es\",\"potentialAction\":[{\"@type\":\"CommentAction\",\"name\":\"Comment\",\"target\":[\"https:\/\/soledaddurazo.com\/blog\/2022\/02\/21\/se-aproximan-grandes-eventos-en-el-estado-el-vino-fest-el-tour-del-bacanora-y-la-vuelta-sonora\/#respond\"]}]},{\"@type\":\"Person\",\"@id\":\"https:\/\/soledaddurazo.com\/#\/schema\/person\/822d8e13aa288585e6546f179853758b\",\"name\":\"Redacci\\u00f3n\",\"image\":{\"@type\":\"ImageObject\",\"@id\":\"https:\/\/soledaddurazo.com\/#personlogo\",\"inLanguage\":\"es\",\"url\":\"https:\/\/secure.gravatar.com\/avatar\/c4e193752f756fd61f04deebed3a3a20dc188d37edb53682d313ac57f2725d54?s=96&d=mm&r=g\",\"contentUrl\":\"https:\/\/secure.gravatar.com\/avatar\/c4e193752f756fd61f04deebed3a3a20dc188d37edb53682d313ac57f2725d54?s=96&d=mm&r=g\",\"caption\":\"Redacci\\u00f3n\"},\"sameAs\":[\"https:\/\/soledaddurazo.com\"]}]}<\/script>\n ","yoast_head_json":{"title":"Se aproximan grandes eventos en el estado: El Vino Fest, El Tour del Bacanora y la Vuelta Sonora. - Periodista SoledadDurazo.com","robots":{"index":"index","follow":"follow","max-snippet":"max-snippet:-1","max-image-preview":"max-image-preview:large","max-video-preview":"max-video-preview:-1"},"canonical":"https:\/\/soledaddurazo.com\/blog\/2022\/02\/21\/se-aproximan-grandes-eventos-en-el-estado-el-vino-fest-el-tour-del-bacanora-y-la-vuelta-sonora\/","og_locale":"es_MX","og_type":"article","og_title":"Se aproximan grandes eventos en el estado: El Vino Fest, El Tour del Bacanora y la Vuelta Sonora.","og_description":"Esta ma\u00f1ana en conferencia de prensa se dieron a conocer los detalles de tres eventos pr\u00f3ximos a realizarse en Sonora: El Vino Fest, El Tour del Bacanora y la Vuelta Sonora. Todos con la finalidad de fomentar el turismo en el estado. La secretaria de turismo, C\u00e9lida L\u00f3pez, hizo hincapi\u00e9 en que todos los eventos [&hellip;]","og_url":"https:\/\/soledaddurazo.com\/blog\/2022\/02\/21\/se-aproximan-grandes-eventos-en-el-estado-el-vino-fest-el-tour-del-bacanora-y-la-vuelta-sonora\/","og_site_name":"Periodista SoledadDurazo.com","article_publisher":"https:\/\/www.facebook.com\/soledad.durazo.9\/","article_published_time":"2022-02-22T03:03:03+00:00","og_image":[{"width":1280,"height":703,"url":"https:\/\/soledaddurazo.com\/storage\/2022\/02\/WhatsApp-Image-2022-02-21-at-11.29.39.jpeg","type":"image\/jpeg"}],"twitter_card":"summary_large_image","twitter_creator":"@SoledadDurazo","twitter_site":"@SoledadDurazo","twitter_misc":{"Escrito por":"Redacci\u00f3n","Tiempo de lectura":"2 minutos"},"schema":{"@context":"https:\/\/schema.org","@graph":[{"@type":"Organization","@id":"https:\/\/soledaddurazo.com\/#organization","name":"Soledad Durazo","url":"https:\/\/soledaddurazo.com\/","sameAs":["https:\/\/www.facebook.com\/soledad.durazo.9\/","https:\/\/www.instagram.com\/soledaddurazo","https:\/\/www.youtube.com\/channel\/UC9yGPw8-Vbl_B2XNkRwPS-w","https:\/\/twitter.com\/SoledadDurazo"],"logo":{"@type":"ImageObject","@id":"https:\/\/soledaddurazo.com\/#logo","inLanguage":"es","url":"https:\/\/soledaddurazo.com\/storage\/2021\/11\/nllp-720x375-1-2.png","contentUrl":"https:\/\/soledaddurazo.com\/storage\/2021\/11\/nllp-720x375-1-2.png","width":720,"height":375,"caption":"Soledad Durazo"},"image":{"@id":"https:\/\/soledaddurazo.com\/#logo"}},{"@type":"WebSite","@id":"https:\/\/soledaddurazo.com\/#website","url":"https:\/\/soledaddurazo.com\/","name":"Periodista SoledadDurazo.com","description":"Periodista sonorense. Directora de www.SoledadDurazo.com Columnista, conductora de radio y Tv. Catedr\u00e1tica en la UNISON","publisher":{"@id":"https:\/\/soledaddurazo.com\/#organization"},"potentialAction":[{"@type":"SearchAction","target":{"@type":"EntryPoint","urlTemplate":"https:\/\/soledaddurazo.com\/?s={search_term_string}"},"query-input":"required name=search_term_string"}],"inLanguage":"es"},{"@type":"ImageObject","@id":"https:\/\/soledaddurazo.com\/blog\/2022\/02\/21\/se-aproximan-grandes-eventos-en-el-estado-el-vino-fest-el-tour-del-bacanora-y-la-vuelta-sonora\/#primaryimage","inLanguage":"es","url":"https:\/\/soledaddurazo.com\/storage\/2022\/02\/WhatsApp-Image-2022-02-21-at-11.29.39.jpeg","contentUrl":"https:\/\/soledaddurazo.com\/storage\/2022\/02\/WhatsApp-Image-2022-02-21-at-11.29.39.jpeg","width":1280,"height":703},{"@type":"WebPage","@id":"https:\/\/soledaddurazo.com\/blog\/2022\/02\/21\/se-aproximan-grandes-eventos-en-el-estado-el-vino-fest-el-tour-del-bacanora-y-la-vuelta-sonora\/#webpage","url":"https:\/\/soledaddurazo.com\/blog\/2022\/02\/21\/se-aproximan-grandes-eventos-en-el-estado-el-vino-fest-el-tour-del-bacanora-y-la-vuelta-sonora\/","name":"Se aproximan grandes eventos en el estado: El Vino Fest, El Tour del Bacanora y la Vuelta Sonora. - Periodista SoledadDurazo.com","isPartOf":{"@id":"https:\/\/soledaddurazo.com\/#website"},"primaryImageOfPage":{"@id":"https:\/\/soledaddurazo.com\/blog\/2022\/02\/21\/se-aproximan-grandes-eventos-en-el-estado-el-vino-fest-el-tour-del-bacanora-y-la-vuelta-sonora\/#primaryimage"},"datePublished":"2022-02-22T03:03:03+00:00","dateModified":"2022-02-22T03:03:03+00:00","breadcrumb":{"@id":"https:\/\/soledaddurazo.com\/blog\/2022\/02\/21\/se-aproximan-grandes-eventos-en-el-estado-el-vino-fest-el-tour-del-bacanora-y-la-vuelta-sonora\/#breadcrumb"},"inLanguage":"es","potentialAction":[{"@type":"ReadAction","target":["https:\/\/soledaddurazo.com\/blog\/2022\/02\/21\/se-aproximan-grandes-eventos-en-el-estado-el-vino-fest-el-tour-del-bacanora-y-la-vuelta-sonora\/"]}]},{"@type":"BreadcrumbList","@id":"https:\/\/soledaddurazo.com\/blog\/2022\/02\/21\/se-aproximan-grandes-eventos-en-el-estado-el-vino-fest-el-tour-del-bacanora-y-la-vuelta-sonora\/#breadcrumb","itemListElement":[{"@type":"ListItem","position":1,"name":"Home","item":"https:\/\/soledaddurazo.com\/"},{"@type":"ListItem","position":2,"name":"Se aproximan grandes eventos en el estado: El Vino Fest, El Tour del Bacanora y la Vuelta Sonora."}]},{"@type":"Article","@id":"https:\/\/soledaddurazo.com\/blog\/2022\/02\/21\/se-aproximan-grandes-eventos-en-el-estado-el-vino-fest-el-tour-del-bacanora-y-la-vuelta-sonora\/#article","isPartOf":{"@id":"https:\/\/soledaddurazo.com\/blog\/2022\/02\/21\/se-aproximan-grandes-eventos-en-el-estado-el-vino-fest-el-tour-del-bacanora-y-la-vuelta-sonora\/#webpage"},"author":{"@id":"https:\/\/soledaddurazo.com\/#\/schema\/person\/822d8e13aa288585e6546f179853758b"},"headline":"Se aproximan grandes eventos en el estado: El Vino Fest, El Tour del Bacanora y la Vuelta Sonora.","datePublished":"2022-02-22T03:03:03+00:00","dateModified":"2022-02-22T03:03:03+00:00","mainEntityOfPage":{"@id":"https:\/\/soledaddurazo.com\/blog\/2022\/02\/21\/se-aproximan-grandes-eventos-en-el-estado-el-vino-fest-el-tour-del-bacanora-y-la-vuelta-sonora\/#webpage"},"wordCount":440,"commentCount":0,"publisher":{"@id":"https:\/\/soledaddurazo.com\/#organization"},"image":{"@id":"https:\/\/soledaddurazo.com\/blog\/2022\/02\/21\/se-aproximan-grandes-eventos-en-el-estado-el-vino-fest-el-tour-del-bacanora-y-la-vuelta-sonora\/#primaryimage"},"thumbnailUrl":"https:\/\/soledaddurazo.com\/storage\/2022\/02\/WhatsApp-Image-2022-02-21-at-11.29.39.jpeg","articleSection":["Mi Sonora"],"inLanguage":"es","potentialAction":[{"@type":"CommentAction","name":"Comment","target":["https:\/\/soledaddurazo.com\/blog\/2022\/02\/21\/se-aproximan-grandes-eventos-en-el-estado-el-vino-fest-el-tour-del-bacanora-y-la-vuelta-sonora\/#respond"]}]},{"@type":"Person","@id":"https:\/\/soledaddurazo.com\/#\/schema\/person\/822d8e13aa288585e6546f179853758b","name":"Redacci\u00f3n","image":{"@type":"ImageObject","@id":"https:\/\/soledaddurazo.com\/#personlogo","inLanguage":"es","url":"https:\/\/secure.gravatar.com\/avatar\/c4e193752f756fd61f04deebed3a3a20dc188d37edb53682d313ac57f2725d54?s=96&d=mm&r=g","contentUrl":"https:\/\/secure.gravatar.com\/avatar\/c4e193752f756fd61f04deebed3a3a20dc188d37edb53682d313ac57f2725d54?s=96&d=mm&r=g","caption":"Redacci\u00f3n"},"sameAs":["https:\/\/soledaddurazo.com"]}]}},"_links":{"self":[{"href":"https:\/\/soledaddurazo.com\/api\/wp\/v2\/posts\/13178","targetHints":{"allow":["GET"]}}],"collection":[{"href":"https:\/\/soledaddurazo.com\/api\/wp\/v2\/posts"}],"about":[{"href":"https:\/\/soledaddurazo.com\/api\/wp\/v2\/types\/post"}],"author":[{"embeddable":true,"href":"https:\/\/soledaddurazo.com\/api\/wp\/v2\/users\/1"}],"replies":[{"embeddable":true,"href":"https:\/\/soledaddurazo.com\/api\/wp\/v2\/comments?post=13178"}],"version-history":[{"count":1,"href":"https:\/\/soledaddurazo.com\/api\/wp\/v2\/posts\/13178\/revisions"}],"predecessor-version":[{"id":13180,"href":"https:\/\/soledaddurazo.com\/api\/wp\/v2\/posts\/13178\/revisions\/13180"}],"wp:featuredmedia":[{"embeddable":true,"href":"https:\/\/soledaddurazo.com\/api\/wp\/v2\/media\/13179"}],"wp:attachment":[{"href":"https:\/\/soledaddurazo.com\/api\/wp\/v2\/media?parent=13178"}],"wp:term":[{"taxonomy":"category","embeddable":true,"href":"https:\/\/soledaddurazo.com\/api\/wp\/v2\/categories?post=13178"},{"taxonomy":"post_tag","embeddable":true,"href":"https:\/\/soledaddurazo.com\/api\/wp\/v2\/tags?post=13178"}],"curies":[{"name":"wp","href":"https:\/\/api.w.org\/{rel}","templated":true}]}}