{"id":12882,"date":"2022-01-30T22:22:01","date_gmt":"2022-01-31T05:22:01","guid":{"rendered":"https:\/\/soledaddurazo.com\/?p=12882"},"modified":"2022-01-30T22:26:10","modified_gmt":"2022-01-31T05:26:10","slug":"a-dos-anos","status":"publish","type":"post","link":"https:\/\/soledaddurazo.com\/blog\/2022\/01\/30\/a-dos-anos\/","title":{"rendered":"A dos a\u00f1os\u2026"},"content":{"rendered":"<p>El 30 de enero de 2020 la Organizaci\u00f3n Mundial de la Salud OMS, declar\u00f3 el Covid 19 como una enfermedad de salud p\u00fablica de importancia internacional (ESPII). Lo anterior significa: \u201cun evento extraordinario que se ha determinado que constituye un riesgo para la salud p\u00fablica de otros Estados a causa de la propagaci\u00f3n internacional de una enfermedad, y podr\u00eda exigir una respuesta internacional coordinada\u201d.<\/p>\n<p>Esta definici\u00f3n implica que la situaci\u00f3n es:<\/p>\n<ul>\n<li>Grave, s\u00fabita, inusual o inesperada.<\/li>\n<li>Tiene implicaciones para la salud p\u00fablica que van m\u00e1s all\u00e1 de las fronteras del Estado afectado.<\/li>\n<li>Puede necesitar una acci\u00f3n internacional inmediata.\u00a0<a href=\"https:\/\/www.vmtsalud.com.pe\/noticias\/que-es-el-codigo-espii\">https:\/\/www.vmtsalud.com.pe\/noticias\/que-es-el-codigo-espii<\/a><\/li>\n<\/ul>\n<p>A partir de entonces las din\u00e1micas de convivencia en todo el mundo empezaron a cambiar.<\/p>\n<p>A dos a\u00f1os de aquella declaraci\u00f3n en el planeta, cada ser humano con capacidad para pensar, tiene su propia referencia, su particular experiencia.<\/p>\n<p>A estas alturas deben ser muy pocas las personas que no tengan la p\u00e9rdida de alg\u00fan familiar, amigo, conocido o compa\u00f1ero de trabajo. Casi me atrever\u00eda a pensar que no existe nadie en ese grupo.<\/p>\n<p>\u00bfC\u00f3mo contar los saldos de la pandemia a dos a\u00f1os de distancia?<\/p>\n<p>Sin duda nos ha quitado mucho y esas p\u00e9rdidas son dolorosas; principalmente las vidas arrebatadas. Pero tambi\u00e9n se han perdido empleos, relaciones, confianza, certidumbre, libertades, y todos los etc\u00e9tera que se les quiera sumar.<\/p>\n<p>Pero tambi\u00e9n hemos ganado; en lo que m\u00e1s es en valorar lo que ten\u00edamos y en la adaptaci\u00f3n que hemos debido hacer para responder a los requerimientos de las circunstancias.<\/p>\n<p>Todos los gobiernos han tenido sus errores para responder a la crisis y el nuestro no ha sido la excepci\u00f3n. De eso ya tambi\u00e9n se ha hablado lo suficiente y se han exhibido los errores en los procedimientos y los mensajes encontrados que durante las diversas etapas de la pandemia han logrado confundir a la poblaci\u00f3n: uso o no del cubreboca, aislamiento o no; sana distancia o abrazos\u2026<\/p>\n<p>Y de los comportamientos personales, familiares, sociales, cada quien tendr\u00e1 su propio aprendizaje.<\/p>\n<p>&#8212;<\/p>\n<p>Muy comentado el evento panista del fin de semana en el que hizo su reaparici\u00f3n el ex gobernador Guillermo Padr\u00e9s y donde Gildardo Real, el actual dirigente estatal panista junto con el presidente nacional de ese partido, Marko Cort\u00e9s, buscaron dar el mensaje de que el PAN est\u00e1 m\u00e1s vivo que nunca.<\/p>\n<p>\u00bfHabr\u00e1 que interpretar como nobleza el gesto panista ante Padr\u00e9s El\u00edas? Sobre todo, si tomamos en cuenta que, aunque bajo su candidatura el blanquiazul lleg\u00f3 al tan ansiado poder ejecutivo estatal, fue tambi\u00e9n al concluir su mandato que se cerr\u00f3 un ciclo que golpe\u00f3 en la cara y fuerte, el honor panista y mand\u00f3 a la lona a ese partido y lo sac\u00f3 de Palacio de Gobierno.<\/p>\n<p>\u00bfHabr\u00e1 salido el PAN Sonora de la depresi\u00f3n colectiva en la que cay\u00f3 con la derrota? Fue un evento en el que se not\u00f3 inclusi\u00f3n, unidad y \u00e1nimo, dice un optimista Gildardo Real a quien no hay que escatimar el m\u00e9rito de haber conseguido una reuni\u00f3n nutrida con gente de los diversos grupos identificados al interior del PAN.<\/p>\n<p>&nbsp;<\/p>\n<p>Ojal\u00e1 sigamos coincidiendo\u00a0en\u00a0<a href=\"https:\/\/www.soledaddurazo.com\/\">www.SoledadDurazo.com<\/a>\u00a0@SoledadDurazo\u00a0FB\/SoledadDurazo IG: soledaddurazo YT: SoledadDurazo<\/p>\n","protected":false},"excerpt":{"rendered":"<p>El 30 de enero de 2020 la Organizaci\u00f3n Mundial de la Salud OMS, declar\u00f3 el Covid 19 como una enfermedad de salud p\u00fablica de importancia internacional (ESPII). Lo anterior significa: \u201cun evento extraordinario que se ha determinado que constituye un riesgo para la salud p\u00fablica de otros Estados a causa de la propagaci\u00f3n internacional de [&hellip;]<\/p>\n","protected":false},"author":1,"featured_media":11615,"comment_status":"open","ping_status":"open","sticky":false,"template":"","format":"standard","meta":{"footnotes":""},"categories":[162],"tags":[],"class_list":["post"],"yoast_head":" \n<title>A dos a\u00f1os\u2026 - Periodista SoledadDurazo.com<\/title>\n<meta name=\"robots\" content=\"index, follow, max-snippet:-1, max-image-preview:large, max-video-preview:-1\" \/>\n<link rel=\"canonical\" href=\"https:\/\/soledaddurazo.com\/blog\/2022\/01\/30\/a-dos-anos\/\" \/>\n<meta property=\"og:locale\" content=\"es_MX\" \/>\n<meta property=\"og:type\" content=\"article\" \/>\n<meta property=\"og:title\" content=\"A dos a\u00f1os\u2026\" \/>\n<meta property=\"og:description\" content=\"El 30 de enero de 2020 la Organizaci\u00f3n Mundial de la Salud OMS, declar\u00f3 el Covid 19 como una enfermedad de salud p\u00fablica de importancia internacional (ESPII). Lo anterior significa: \u201cun evento extraordinario que se ha determinado que constituye un riesgo para la salud p\u00fablica de otros Estados a causa de la propagaci\u00f3n internacional de [&hellip;]\" \/>\n<meta property=\"og:url\" content=\"https:\/\/soledaddurazo.com\/blog\/2022\/01\/30\/a-dos-anos\/\" \/>\n<meta property=\"og:site_name\" content=\"Periodista SoledadDurazo.com\" \/>\n<meta property=\"article:publisher\" content=\"https:\/\/www.facebook.com\/soledad.durazo.9\/\" \/>\n<meta property=\"article:published_time\" content=\"2022-01-31T05:22:01+00:00\" \/>\n<meta property=\"article:modified_time\" content=\"2022-01-31T05:26:10+00:00\" \/>\n<meta property=\"og:image\" content=\"https:\/\/soledaddurazo.com\/storage\/2021\/11\/nllp-720x375-1-2.png\" \/>\n\t<meta property=\"og:image:width\" content=\"720\" \/>\n\t<meta property=\"og:image:height\" content=\"375\" \/>\n<meta name=\"twitter:card\" content=\"summary_large_image\" \/>\n<meta name=\"twitter:creator\" content=\"@SoledadDurazo\" \/>\n<meta name=\"twitter:site\" content=\"@SoledadDurazo\" \/>\n<meta name=\"twitter:label1\" content=\"Escrito por\" \/>\n\t<meta name=\"twitter:data1\" content=\"Redacci\u00f3n\" \/>\n\t<meta name=\"twitter:label2\" content=\"Tiempo de lectura\" \/>\n\t<meta name=\"twitter:data2\" content=\"3 minutos\" \/>\n<script type=\"application\/ld+json\" class=\"yoast-schema-graph\">{\"@context\":\"https:\/\/schema.org\",\"@graph\":[{\"@type\":\"Organization\",\"@id\":\"https:\/\/soledaddurazo.com\/#organization\",\"name\":\"Soledad Durazo\",\"url\":\"https:\/\/soledaddurazo.com\/\",\"sameAs\":[\"https:\/\/www.facebook.com\/soledad.durazo.9\/\",\"https:\/\/www.instagram.com\/soledaddurazo\",\"https:\/\/www.youtube.com\/channel\/UC9yGPw8-Vbl_B2XNkRwPS-w\",\"https:\/\/twitter.com\/SoledadDurazo\"],\"logo\":{\"@type\":\"ImageObject\",\"@id\":\"https:\/\/soledaddurazo.com\/#logo\",\"inLanguage\":\"es\",\"url\":\"https:\/\/soledaddurazo.com\/storage\/2021\/11\/nllp-720x375-1-2.png\",\"contentUrl\":\"https:\/\/soledaddurazo.com\/storage\/2021\/11\/nllp-720x375-1-2.png\",\"width\":720,\"height\":375,\"caption\":\"Soledad Durazo\"},\"image\":{\"@id\":\"https:\/\/soledaddurazo.com\/#logo\"}},{\"@type\":\"WebSite\",\"@id\":\"https:\/\/soledaddurazo.com\/#website\",\"url\":\"https:\/\/soledaddurazo.com\/\",\"name\":\"Periodista SoledadDurazo.com\",\"description\":\"Periodista sonorense. Directora de www.SoledadDurazo.com Columnista, conductora de radio y Tv. Catedr\\u00e1tica en la UNISON\",\"publisher\":{\"@id\":\"https:\/\/soledaddurazo.com\/#organization\"},\"potentialAction\":[{\"@type\":\"SearchAction\",\"target\":{\"@type\":\"EntryPoint\",\"urlTemplate\":\"https:\/\/soledaddurazo.com\/?s={search_term_string}\"},\"query-input\":\"required name=search_term_string\"}],\"inLanguage\":\"es\"},{\"@type\":\"ImageObject\",\"@id\":\"https:\/\/soledaddurazo.com\/blog\/2022\/01\/30\/a-dos-anos\/#primaryimage\",\"inLanguage\":\"es\",\"url\":\"https:\/\/soledaddurazo.com\/storage\/2021\/11\/nllp-720x375-1-2.png\",\"contentUrl\":\"https:\/\/soledaddurazo.com\/storage\/2021\/11\/nllp-720x375-1-2.png\",\"width\":720,\"height\":375},{\"@type\":\"WebPage\",\"@id\":\"https:\/\/soledaddurazo.com\/blog\/2022\/01\/30\/a-dos-anos\/#webpage\",\"url\":\"https:\/\/soledaddurazo.com\/blog\/2022\/01\/30\/a-dos-anos\/\",\"name\":\"A dos a\\u00f1os\\u2026 - Periodista SoledadDurazo.com\",\"isPartOf\":{\"@id\":\"https:\/\/soledaddurazo.com\/#website\"},\"primaryImageOfPage\":{\"@id\":\"https:\/\/soledaddurazo.com\/blog\/2022\/01\/30\/a-dos-anos\/#primaryimage\"},\"datePublished\":\"2022-01-31T05:22:01+00:00\",\"dateModified\":\"2022-01-31T05:26:10+00:00\",\"breadcrumb\":{\"@id\":\"https:\/\/soledaddurazo.com\/blog\/2022\/01\/30\/a-dos-anos\/#breadcrumb\"},\"inLanguage\":\"es\",\"potentialAction\":[{\"@type\":\"ReadAction\",\"target\":[\"https:\/\/soledaddurazo.com\/blog\/2022\/01\/30\/a-dos-anos\/\"]}]},{\"@type\":\"BreadcrumbList\",\"@id\":\"https:\/\/soledaddurazo.com\/blog\/2022\/01\/30\/a-dos-anos\/#breadcrumb\",\"itemListElement\":[{\"@type\":\"ListItem\",\"position\":1,\"name\":\"Home\",\"item\":\"https:\/\/soledaddurazo.com\/\"},{\"@type\":\"ListItem\",\"position\":2,\"name\":\"A dos a\\u00f1os\\u2026\"}]},{\"@type\":\"Article\",\"@id\":\"https:\/\/soledaddurazo.com\/blog\/2022\/01\/30\/a-dos-anos\/#article\",\"isPartOf\":{\"@id\":\"https:\/\/soledaddurazo.com\/blog\/2022\/01\/30\/a-dos-anos\/#webpage\"},\"author\":{\"@id\":\"https:\/\/soledaddurazo.com\/#\/schema\/person\/822d8e13aa288585e6546f179853758b\"},\"headline\":\"A dos a\\u00f1os\\u2026\",\"datePublished\":\"2022-01-31T05:22:01+00:00\",\"dateModified\":\"2022-01-31T05:26:10+00:00\",\"mainEntityOfPage\":{\"@id\":\"https:\/\/soledaddurazo.com\/blog\/2022\/01\/30\/a-dos-anos\/#webpage\"},\"wordCount\":570,\"commentCount\":0,\"publisher\":{\"@id\":\"https:\/\/soledaddurazo.com\/#organization\"},\"image\":{\"@id\":\"https:\/\/soledaddurazo.com\/blog\/2022\/01\/30\/a-dos-anos\/#primaryimage\"},\"thumbnailUrl\":\"https:\/\/soledaddurazo.com\/storage\/2021\/11\/nllp-720x375-1-2.png\",\"articleSection\":[\"Lo digo como es\"],\"inLanguage\":\"es\",\"potentialAction\":[{\"@type\":\"CommentAction\",\"name\":\"Comment\",\"target\":[\"https:\/\/soledaddurazo.com\/blog\/2022\/01\/30\/a-dos-anos\/#respond\"]}]},{\"@type\":\"Person\",\"@id\":\"https:\/\/soledaddurazo.com\/#\/schema\/person\/822d8e13aa288585e6546f179853758b\",\"name\":\"Redacci\\u00f3n\",\"image\":{\"@type\":\"ImageObject\",\"@id\":\"https:\/\/soledaddurazo.com\/#personlogo\",\"inLanguage\":\"es\",\"url\":\"https:\/\/secure.gravatar.com\/avatar\/c4e193752f756fd61f04deebed3a3a20dc188d37edb53682d313ac57f2725d54?s=96&d=mm&r=g\",\"contentUrl\":\"https:\/\/secure.gravatar.com\/avatar\/c4e193752f756fd61f04deebed3a3a20dc188d37edb53682d313ac57f2725d54?s=96&d=mm&r=g\",\"caption\":\"Redacci\\u00f3n\"},\"sameAs\":[\"https:\/\/soledaddurazo.com\"]}]}<\/script>\n ","yoast_head_json":{"title":"A dos a\u00f1os\u2026 - Periodista SoledadDurazo.com","robots":{"index":"index","follow":"follow","max-snippet":"max-snippet:-1","max-image-preview":"max-image-preview:large","max-video-preview":"max-video-preview:-1"},"canonical":"https:\/\/soledaddurazo.com\/blog\/2022\/01\/30\/a-dos-anos\/","og_locale":"es_MX","og_type":"article","og_title":"A dos a\u00f1os\u2026","og_description":"El 30 de enero de 2020 la Organizaci\u00f3n Mundial de la Salud OMS, declar\u00f3 el Covid 19 como una enfermedad de salud p\u00fablica de importancia internacional (ESPII). Lo anterior significa: \u201cun evento extraordinario que se ha determinado que constituye un riesgo para la salud p\u00fablica de otros Estados a causa de la propagaci\u00f3n internacional de [&hellip;]","og_url":"https:\/\/soledaddurazo.com\/blog\/2022\/01\/30\/a-dos-anos\/","og_site_name":"Periodista SoledadDurazo.com","article_publisher":"https:\/\/www.facebook.com\/soledad.durazo.9\/","article_published_time":"2022-01-31T05:22:01+00:00","article_modified_time":"2022-01-31T05:26:10+00:00","og_image":[{"width":720,"height":375,"url":"https:\/\/soledaddurazo.com\/storage\/2021\/11\/nllp-720x375-1-2.png","type":"image\/png"}],"twitter_card":"summary_large_image","twitter_creator":"@SoledadDurazo","twitter_site":"@SoledadDurazo","twitter_misc":{"Escrito por":"Redacci\u00f3n","Tiempo de lectura":"3 minutos"},"schema":{"@context":"https:\/\/schema.org","@graph":[{"@type":"Organization","@id":"https:\/\/soledaddurazo.com\/#organization","name":"Soledad Durazo","url":"https:\/\/soledaddurazo.com\/","sameAs":["https:\/\/www.facebook.com\/soledad.durazo.9\/","https:\/\/www.instagram.com\/soledaddurazo","https:\/\/www.youtube.com\/channel\/UC9yGPw8-Vbl_B2XNkRwPS-w","https:\/\/twitter.com\/SoledadDurazo"],"logo":{"@type":"ImageObject","@id":"https:\/\/soledaddurazo.com\/#logo","inLanguage":"es","url":"https:\/\/soledaddurazo.com\/storage\/2021\/11\/nllp-720x375-1-2.png","contentUrl":"https:\/\/soledaddurazo.com\/storage\/2021\/11\/nllp-720x375-1-2.png","width":720,"height":375,"caption":"Soledad Durazo"},"image":{"@id":"https:\/\/soledaddurazo.com\/#logo"}},{"@type":"WebSite","@id":"https:\/\/soledaddurazo.com\/#website","url":"https:\/\/soledaddurazo.com\/","name":"Periodista SoledadDurazo.com","description":"Periodista sonorense. Directora de www.SoledadDurazo.com Columnista, conductora de radio y Tv. Catedr\u00e1tica en la UNISON","publisher":{"@id":"https:\/\/soledaddurazo.com\/#organization"},"potentialAction":[{"@type":"SearchAction","target":{"@type":"EntryPoint","urlTemplate":"https:\/\/soledaddurazo.com\/?s={search_term_string}"},"query-input":"required name=search_term_string"}],"inLanguage":"es"},{"@type":"ImageObject","@id":"https:\/\/soledaddurazo.com\/blog\/2022\/01\/30\/a-dos-anos\/#primaryimage","inLanguage":"es","url":"https:\/\/soledaddurazo.com\/storage\/2021\/11\/nllp-720x375-1-2.png","contentUrl":"https:\/\/soledaddurazo.com\/storage\/2021\/11\/nllp-720x375-1-2.png","width":720,"height":375},{"@type":"WebPage","@id":"https:\/\/soledaddurazo.com\/blog\/2022\/01\/30\/a-dos-anos\/#webpage","url":"https:\/\/soledaddurazo.com\/blog\/2022\/01\/30\/a-dos-anos\/","name":"A dos a\u00f1os\u2026 - Periodista SoledadDurazo.com","isPartOf":{"@id":"https:\/\/soledaddurazo.com\/#website"},"primaryImageOfPage":{"@id":"https:\/\/soledaddurazo.com\/blog\/2022\/01\/30\/a-dos-anos\/#primaryimage"},"datePublished":"2022-01-31T05:22:01+00:00","dateModified":"2022-01-31T05:26:10+00:00","breadcrumb":{"@id":"https:\/\/soledaddurazo.com\/blog\/2022\/01\/30\/a-dos-anos\/#breadcrumb"},"inLanguage":"es","potentialAction":[{"@type":"ReadAction","target":["https:\/\/soledaddurazo.com\/blog\/2022\/01\/30\/a-dos-anos\/"]}]},{"@type":"BreadcrumbList","@id":"https:\/\/soledaddurazo.com\/blog\/2022\/01\/30\/a-dos-anos\/#breadcrumb","itemListElement":[{"@type":"ListItem","position":1,"name":"Home","item":"https:\/\/soledaddurazo.com\/"},{"@type":"ListItem","position":2,"name":"A dos a\u00f1os\u2026"}]},{"@type":"Article","@id":"https:\/\/soledaddurazo.com\/blog\/2022\/01\/30\/a-dos-anos\/#article","isPartOf":{"@id":"https:\/\/soledaddurazo.com\/blog\/2022\/01\/30\/a-dos-anos\/#webpage"},"author":{"@id":"https:\/\/soledaddurazo.com\/#\/schema\/person\/822d8e13aa288585e6546f179853758b"},"headline":"A dos a\u00f1os\u2026","datePublished":"2022-01-31T05:22:01+00:00","dateModified":"2022-01-31T05:26:10+00:00","mainEntityOfPage":{"@id":"https:\/\/soledaddurazo.com\/blog\/2022\/01\/30\/a-dos-anos\/#webpage"},"wordCount":570,"commentCount":0,"publisher":{"@id":"https:\/\/soledaddurazo.com\/#organization"},"image":{"@id":"https:\/\/soledaddurazo.com\/blog\/2022\/01\/30\/a-dos-anos\/#primaryimage"},"thumbnailUrl":"https:\/\/soledaddurazo.com\/storage\/2021\/11\/nllp-720x375-1-2.png","articleSection":["Lo digo como es"],"inLanguage":"es","potentialAction":[{"@type":"CommentAction","name":"Comment","target":["https:\/\/soledaddurazo.com\/blog\/2022\/01\/30\/a-dos-anos\/#respond"]}]},{"@type":"Person","@id":"https:\/\/soledaddurazo.com\/#\/schema\/person\/822d8e13aa288585e6546f179853758b","name":"Redacci\u00f3n","image":{"@type":"ImageObject","@id":"https:\/\/soledaddurazo.com\/#personlogo","inLanguage":"es","url":"https:\/\/secure.gravatar.com\/avatar\/c4e193752f756fd61f04deebed3a3a20dc188d37edb53682d313ac57f2725d54?s=96&d=mm&r=g","contentUrl":"https:\/\/secure.gravatar.com\/avatar\/c4e193752f756fd61f04deebed3a3a20dc188d37edb53682d313ac57f2725d54?s=96&d=mm&r=g","caption":"Redacci\u00f3n"},"sameAs":["https:\/\/soledaddurazo.com"]}]}},"_links":{"self":[{"href":"https:\/\/soledaddurazo.com\/api\/wp\/v2\/posts\/12882","targetHints":{"allow":["GET"]}}],"collection":[{"href":"https:\/\/soledaddurazo.com\/api\/wp\/v2\/posts"}],"about":[{"href":"https:\/\/soledaddurazo.com\/api\/wp\/v2\/types\/post"}],"author":[{"embeddable":true,"href":"https:\/\/soledaddurazo.com\/api\/wp\/v2\/users\/1"}],"replies":[{"embeddable":true,"href":"https:\/\/soledaddurazo.com\/api\/wp\/v2\/comments?post=12882"}],"version-history":[{"count":2,"href":"https:\/\/soledaddurazo.com\/api\/wp\/v2\/posts\/12882\/revisions"}],"predecessor-version":[{"id":12884,"href":"https:\/\/soledaddurazo.com\/api\/wp\/v2\/posts\/12882\/revisions\/12884"}],"wp:featuredmedia":[{"embeddable":true,"href":"https:\/\/soledaddurazo.com\/api\/wp\/v2\/media\/11615"}],"wp:attachment":[{"href":"https:\/\/soledaddurazo.com\/api\/wp\/v2\/media?parent=12882"}],"wp:term":[{"taxonomy":"category","embeddable":true,"href":"https:\/\/soledaddurazo.com\/api\/wp\/v2\/categories?post=12882"},{"taxonomy":"post_tag","embeddable":true,"href":"https:\/\/soledaddurazo.com\/api\/wp\/v2\/tags?post=12882"}],"curies":[{"name":"wp","href":"https:\/\/api.w.org\/{rel}","templated":true}]}}