{"id":12879,"date":"2022-01-28T11:33:34","date_gmt":"2022-01-28T18:33:34","guid":{"rendered":"https:\/\/soledaddurazo.com\/?p=12879"},"modified":"2022-01-28T11:33:34","modified_gmt":"2022-01-28T18:33:34","slug":"buscan-socializacion-de-la-reforma-laboral-en-sonora","status":"publish","type":"post","link":"https:\/\/soledaddurazo.com\/blog\/2022\/01\/28\/buscan-socializacion-de-la-reforma-laboral-en-sonora\/","title":{"rendered":"Buscan socializaci\u00f3n de la Reforma Laboral en Sonora"},"content":{"rendered":"<table border=\"0\" width=\"768px\">\n<tbody>\n<tr>\n<td><span style=\"font-family: Arial, Helvetica, sans-serif; font-size: small;\">Para continuar con la socializaci\u00f3n del Nuevo Sistema de Justicia Laboral, la secretaria del Trabajo en Sonora, Olga Armida Grijalva Otero, se reuni\u00f3 con l\u00edderes y representantes de organizaciones productivas de Hermosillo de los sectores de transporte de carga pesada, m\u00fasicos, choferes, construcci\u00f3n y gasolineras.<\/p>\n<p>Invitada a las instalaciones del Sindicato Mexicano Hiaki, Grijalva Otero explic\u00f3 que esta reforma, propuesta por el presidente Andr\u00e9s Manuel L\u00f3pez Obrador, est\u00e1 basada en el reconocimiento del trabajo como un derecho social y no como un simple intercambio comercial de un pago por mano de obra.<\/p>\n<p>La secretaria coment\u00f3 que el nuevo sistema est\u00e1 apuntalado en seis ejes entre los que destacan la negociaci\u00f3n para la soluci\u00f3n de conflictos, el voto libre y secreto para la elecci\u00f3n de l\u00edderes sindicales y la agilizaci\u00f3n del proceso de conciliaci\u00f3n y juicio laboral, entre otros.<\/p>\n<p>La legislaci\u00f3n, subray\u00f3, pone en el centro al ser humano con la dignidad que le corresponde, poniendo a la par al trabajador y al empleador, como complementos del sistema productivo.<\/p>\n<p>\u201cEs un proceso que nos involucra a todos, a trabajadores, a empresarios y a autoridades. Nosotros, por nuestra parte, estamos atendiendo la indicaci\u00f3n del gobernador Alfonso Durazo de darle un fin muy digno a las juntas de conciliaci\u00f3n y al rezago de expedientes de a\u00f1os que hay en ellas\u201d, coment\u00f3 Grijalva Otero.<\/p>\n<p>Alejandra Mill\u00e1n L\u00f3pez, presidenta de Hiaki, agradeci\u00f3 la presencia de la titular de la Secretar\u00eda del Trabajo y ofreci\u00f3 sumarse y hacer alianza en la intenci\u00f3n de lograr un mejor futuro para Sonora.<\/p>\n<p>\u201cNos sentimos contentos de sentir, como deben de ser los gobiernos, cercanos, en mi experiencia, este gobierno ha sido el gobierno de puertas abiertas que se nos prometi\u00f3 desde campa\u00f1a\u201d, finaliz\u00f3.<br \/>\n<\/span><\/td>\n<\/tr>\n<\/tbody>\n<\/table>\n","protected":false},"excerpt":{"rendered":"<p>Para continuar con la socializaci\u00f3n del Nuevo Sistema de Justicia Laboral, la secretaria del Trabajo en Sonora, Olga Armida Grijalva Otero, se reuni\u00f3 con l\u00edderes y representantes de organizaciones productivas de Hermosillo de los sectores de transporte de carga pesada, m\u00fasicos, choferes, construcci\u00f3n y gasolineras. Invitada a las instalaciones del Sindicato Mexicano Hiaki, Grijalva Otero [&hellip;]<\/p>\n","protected":false},"author":1,"featured_media":12880,"comment_status":"open","ping_status":"open","sticky":false,"template":"","format":"standard","meta":{"footnotes":""},"categories":[159],"tags":[],"class_list":["post"],"yoast_head":" \n<title>Buscan socializaci\u00f3n de la Reforma Laboral en Sonora - Periodista SoledadDurazo.com<\/title>\n<meta name=\"robots\" content=\"index, follow, max-snippet:-1, max-image-preview:large, max-video-preview:-1\" \/>\n<link rel=\"canonical\" href=\"https:\/\/soledaddurazo.com\/blog\/2022\/01\/28\/buscan-socializacion-de-la-reforma-laboral-en-sonora\/\" \/>\n<meta property=\"og:locale\" content=\"es_MX\" \/>\n<meta property=\"og:type\" content=\"article\" \/>\n<meta property=\"og:title\" content=\"Buscan socializaci\u00f3n de la Reforma Laboral en Sonora\" \/>\n<meta property=\"og:description\" content=\"Para continuar con la socializaci\u00f3n del Nuevo Sistema de Justicia Laboral, la secretaria del Trabajo en Sonora, Olga Armida Grijalva Otero, se reuni\u00f3 con l\u00edderes y representantes de organizaciones productivas de Hermosillo de los sectores de transporte de carga pesada, m\u00fasicos, choferes, construcci\u00f3n y gasolineras. Invitada a las instalaciones del Sindicato Mexicano Hiaki, Grijalva Otero [&hellip;]\" \/>\n<meta property=\"og:url\" content=\"https:\/\/soledaddurazo.com\/blog\/2022\/01\/28\/buscan-socializacion-de-la-reforma-laboral-en-sonora\/\" \/>\n<meta property=\"og:site_name\" content=\"Periodista SoledadDurazo.com\" \/>\n<meta property=\"article:publisher\" content=\"https:\/\/www.facebook.com\/soledad.durazo.9\/\" \/>\n<meta property=\"article:published_time\" content=\"2022-01-28T18:33:34+00:00\" \/>\n<meta property=\"og:image\" content=\"https:\/\/soledaddurazo.com\/storage\/2022\/01\/0122149a.jpeg\" \/>\n\t<meta property=\"og:image:width\" content=\"1280\" \/>\n\t<meta property=\"og:image:height\" content=\"853\" \/>\n<meta name=\"twitter:card\" content=\"summary_large_image\" \/>\n<meta name=\"twitter:creator\" content=\"@SoledadDurazo\" \/>\n<meta name=\"twitter:site\" content=\"@SoledadDurazo\" \/>\n<meta name=\"twitter:label1\" content=\"Escrito por\" \/>\n\t<meta name=\"twitter:data1\" content=\"Redacci\u00f3n\" \/>\n\t<meta name=\"twitter:label2\" content=\"Tiempo de lectura\" \/>\n\t<meta name=\"twitter:data2\" content=\"2 minutos\" \/>\n<script type=\"application\/ld+json\" class=\"yoast-schema-graph\">{\"@context\":\"https:\/\/schema.org\",\"@graph\":[{\"@type\":\"Organization\",\"@id\":\"https:\/\/soledaddurazo.com\/#organization\",\"name\":\"Soledad Durazo\",\"url\":\"https:\/\/soledaddurazo.com\/\",\"sameAs\":[\"https:\/\/www.facebook.com\/soledad.durazo.9\/\",\"https:\/\/www.instagram.com\/soledaddurazo\",\"https:\/\/www.youtube.com\/channel\/UC9yGPw8-Vbl_B2XNkRwPS-w\",\"https:\/\/twitter.com\/SoledadDurazo\"],\"logo\":{\"@type\":\"ImageObject\",\"@id\":\"https:\/\/soledaddurazo.com\/#logo\",\"inLanguage\":\"es\",\"url\":\"https:\/\/soledaddurazo.com\/storage\/2021\/11\/nllp-720x375-1-2.png\",\"contentUrl\":\"https:\/\/soledaddurazo.com\/storage\/2021\/11\/nllp-720x375-1-2.png\",\"width\":720,\"height\":375,\"caption\":\"Soledad Durazo\"},\"image\":{\"@id\":\"https:\/\/soledaddurazo.com\/#logo\"}},{\"@type\":\"WebSite\",\"@id\":\"https:\/\/soledaddurazo.com\/#website\",\"url\":\"https:\/\/soledaddurazo.com\/\",\"name\":\"Periodista SoledadDurazo.com\",\"description\":\"Periodista sonorense. Directora de www.SoledadDurazo.com Columnista, conductora de radio y Tv. Catedr\\u00e1tica en la UNISON\",\"publisher\":{\"@id\":\"https:\/\/soledaddurazo.com\/#organization\"},\"potentialAction\":[{\"@type\":\"SearchAction\",\"target\":{\"@type\":\"EntryPoint\",\"urlTemplate\":\"https:\/\/soledaddurazo.com\/?s={search_term_string}\"},\"query-input\":\"required name=search_term_string\"}],\"inLanguage\":\"es\"},{\"@type\":\"ImageObject\",\"@id\":\"https:\/\/soledaddurazo.com\/blog\/2022\/01\/28\/buscan-socializacion-de-la-reforma-laboral-en-sonora\/#primaryimage\",\"inLanguage\":\"es\",\"url\":\"https:\/\/soledaddurazo.com\/storage\/2022\/01\/0122149a.jpeg\",\"contentUrl\":\"https:\/\/soledaddurazo.com\/storage\/2022\/01\/0122149a.jpeg\",\"width\":1280,\"height\":853},{\"@type\":\"WebPage\",\"@id\":\"https:\/\/soledaddurazo.com\/blog\/2022\/01\/28\/buscan-socializacion-de-la-reforma-laboral-en-sonora\/#webpage\",\"url\":\"https:\/\/soledaddurazo.com\/blog\/2022\/01\/28\/buscan-socializacion-de-la-reforma-laboral-en-sonora\/\",\"name\":\"Buscan socializaci\\u00f3n de la Reforma Laboral en Sonora - Periodista SoledadDurazo.com\",\"isPartOf\":{\"@id\":\"https:\/\/soledaddurazo.com\/#website\"},\"primaryImageOfPage\":{\"@id\":\"https:\/\/soledaddurazo.com\/blog\/2022\/01\/28\/buscan-socializacion-de-la-reforma-laboral-en-sonora\/#primaryimage\"},\"datePublished\":\"2022-01-28T18:33:34+00:00\",\"dateModified\":\"2022-01-28T18:33:34+00:00\",\"breadcrumb\":{\"@id\":\"https:\/\/soledaddurazo.com\/blog\/2022\/01\/28\/buscan-socializacion-de-la-reforma-laboral-en-sonora\/#breadcrumb\"},\"inLanguage\":\"es\",\"potentialAction\":[{\"@type\":\"ReadAction\",\"target\":[\"https:\/\/soledaddurazo.com\/blog\/2022\/01\/28\/buscan-socializacion-de-la-reforma-laboral-en-sonora\/\"]}]},{\"@type\":\"BreadcrumbList\",\"@id\":\"https:\/\/soledaddurazo.com\/blog\/2022\/01\/28\/buscan-socializacion-de-la-reforma-laboral-en-sonora\/#breadcrumb\",\"itemListElement\":[{\"@type\":\"ListItem\",\"position\":1,\"name\":\"Home\",\"item\":\"https:\/\/soledaddurazo.com\/\"},{\"@type\":\"ListItem\",\"position\":2,\"name\":\"Buscan socializaci\\u00f3n de la Reforma Laboral en Sonora\"}]},{\"@type\":\"Article\",\"@id\":\"https:\/\/soledaddurazo.com\/blog\/2022\/01\/28\/buscan-socializacion-de-la-reforma-laboral-en-sonora\/#article\",\"isPartOf\":{\"@id\":\"https:\/\/soledaddurazo.com\/blog\/2022\/01\/28\/buscan-socializacion-de-la-reforma-laboral-en-sonora\/#webpage\"},\"author\":{\"@id\":\"https:\/\/soledaddurazo.com\/#\/schema\/person\/822d8e13aa288585e6546f179853758b\"},\"headline\":\"Buscan socializaci\\u00f3n de la Reforma Laboral en Sonora\",\"datePublished\":\"2022-01-28T18:33:34+00:00\",\"dateModified\":\"2022-01-28T18:33:34+00:00\",\"mainEntityOfPage\":{\"@id\":\"https:\/\/soledaddurazo.com\/blog\/2022\/01\/28\/buscan-socializacion-de-la-reforma-laboral-en-sonora\/#webpage\"},\"wordCount\":314,\"commentCount\":0,\"publisher\":{\"@id\":\"https:\/\/soledaddurazo.com\/#organization\"},\"image\":{\"@id\":\"https:\/\/soledaddurazo.com\/blog\/2022\/01\/28\/buscan-socializacion-de-la-reforma-laboral-en-sonora\/#primaryimage\"},\"thumbnailUrl\":\"https:\/\/soledaddurazo.com\/storage\/2022\/01\/0122149a.jpeg\",\"articleSection\":[\"Mi Sonora\"],\"inLanguage\":\"es\",\"potentialAction\":[{\"@type\":\"CommentAction\",\"name\":\"Comment\",\"target\":[\"https:\/\/soledaddurazo.com\/blog\/2022\/01\/28\/buscan-socializacion-de-la-reforma-laboral-en-sonora\/#respond\"]}]},{\"@type\":\"Person\",\"@id\":\"https:\/\/soledaddurazo.com\/#\/schema\/person\/822d8e13aa288585e6546f179853758b\",\"name\":\"Redacci\\u00f3n\",\"image\":{\"@type\":\"ImageObject\",\"@id\":\"https:\/\/soledaddurazo.com\/#personlogo\",\"inLanguage\":\"es\",\"url\":\"https:\/\/secure.gravatar.com\/avatar\/c4e193752f756fd61f04deebed3a3a20dc188d37edb53682d313ac57f2725d54?s=96&d=mm&r=g\",\"contentUrl\":\"https:\/\/secure.gravatar.com\/avatar\/c4e193752f756fd61f04deebed3a3a20dc188d37edb53682d313ac57f2725d54?s=96&d=mm&r=g\",\"caption\":\"Redacci\\u00f3n\"},\"sameAs\":[\"https:\/\/soledaddurazo.com\"]}]}<\/script>\n ","yoast_head_json":{"title":"Buscan socializaci\u00f3n de la Reforma Laboral en Sonora - Periodista SoledadDurazo.com","robots":{"index":"index","follow":"follow","max-snippet":"max-snippet:-1","max-image-preview":"max-image-preview:large","max-video-preview":"max-video-preview:-1"},"canonical":"https:\/\/soledaddurazo.com\/blog\/2022\/01\/28\/buscan-socializacion-de-la-reforma-laboral-en-sonora\/","og_locale":"es_MX","og_type":"article","og_title":"Buscan socializaci\u00f3n de la Reforma Laboral en Sonora","og_description":"Para continuar con la socializaci\u00f3n del Nuevo Sistema de Justicia Laboral, la secretaria del Trabajo en Sonora, Olga Armida Grijalva Otero, se reuni\u00f3 con l\u00edderes y representantes de organizaciones productivas de Hermosillo de los sectores de transporte de carga pesada, m\u00fasicos, choferes, construcci\u00f3n y gasolineras. Invitada a las instalaciones del Sindicato Mexicano Hiaki, Grijalva Otero [&hellip;]","og_url":"https:\/\/soledaddurazo.com\/blog\/2022\/01\/28\/buscan-socializacion-de-la-reforma-laboral-en-sonora\/","og_site_name":"Periodista SoledadDurazo.com","article_publisher":"https:\/\/www.facebook.com\/soledad.durazo.9\/","article_published_time":"2022-01-28T18:33:34+00:00","og_image":[{"width":1280,"height":853,"url":"https:\/\/soledaddurazo.com\/storage\/2022\/01\/0122149a.jpeg","type":"image\/jpeg"}],"twitter_card":"summary_large_image","twitter_creator":"@SoledadDurazo","twitter_site":"@SoledadDurazo","twitter_misc":{"Escrito por":"Redacci\u00f3n","Tiempo de lectura":"2 minutos"},"schema":{"@context":"https:\/\/schema.org","@graph":[{"@type":"Organization","@id":"https:\/\/soledaddurazo.com\/#organization","name":"Soledad Durazo","url":"https:\/\/soledaddurazo.com\/","sameAs":["https:\/\/www.facebook.com\/soledad.durazo.9\/","https:\/\/www.instagram.com\/soledaddurazo","https:\/\/www.youtube.com\/channel\/UC9yGPw8-Vbl_B2XNkRwPS-w","https:\/\/twitter.com\/SoledadDurazo"],"logo":{"@type":"ImageObject","@id":"https:\/\/soledaddurazo.com\/#logo","inLanguage":"es","url":"https:\/\/soledaddurazo.com\/storage\/2021\/11\/nllp-720x375-1-2.png","contentUrl":"https:\/\/soledaddurazo.com\/storage\/2021\/11\/nllp-720x375-1-2.png","width":720,"height":375,"caption":"Soledad Durazo"},"image":{"@id":"https:\/\/soledaddurazo.com\/#logo"}},{"@type":"WebSite","@id":"https:\/\/soledaddurazo.com\/#website","url":"https:\/\/soledaddurazo.com\/","name":"Periodista SoledadDurazo.com","description":"Periodista sonorense. Directora de www.SoledadDurazo.com Columnista, conductora de radio y Tv. Catedr\u00e1tica en la UNISON","publisher":{"@id":"https:\/\/soledaddurazo.com\/#organization"},"potentialAction":[{"@type":"SearchAction","target":{"@type":"EntryPoint","urlTemplate":"https:\/\/soledaddurazo.com\/?s={search_term_string}"},"query-input":"required name=search_term_string"}],"inLanguage":"es"},{"@type":"ImageObject","@id":"https:\/\/soledaddurazo.com\/blog\/2022\/01\/28\/buscan-socializacion-de-la-reforma-laboral-en-sonora\/#primaryimage","inLanguage":"es","url":"https:\/\/soledaddurazo.com\/storage\/2022\/01\/0122149a.jpeg","contentUrl":"https:\/\/soledaddurazo.com\/storage\/2022\/01\/0122149a.jpeg","width":1280,"height":853},{"@type":"WebPage","@id":"https:\/\/soledaddurazo.com\/blog\/2022\/01\/28\/buscan-socializacion-de-la-reforma-laboral-en-sonora\/#webpage","url":"https:\/\/soledaddurazo.com\/blog\/2022\/01\/28\/buscan-socializacion-de-la-reforma-laboral-en-sonora\/","name":"Buscan socializaci\u00f3n de la Reforma Laboral en Sonora - Periodista SoledadDurazo.com","isPartOf":{"@id":"https:\/\/soledaddurazo.com\/#website"},"primaryImageOfPage":{"@id":"https:\/\/soledaddurazo.com\/blog\/2022\/01\/28\/buscan-socializacion-de-la-reforma-laboral-en-sonora\/#primaryimage"},"datePublished":"2022-01-28T18:33:34+00:00","dateModified":"2022-01-28T18:33:34+00:00","breadcrumb":{"@id":"https:\/\/soledaddurazo.com\/blog\/2022\/01\/28\/buscan-socializacion-de-la-reforma-laboral-en-sonora\/#breadcrumb"},"inLanguage":"es","potentialAction":[{"@type":"ReadAction","target":["https:\/\/soledaddurazo.com\/blog\/2022\/01\/28\/buscan-socializacion-de-la-reforma-laboral-en-sonora\/"]}]},{"@type":"BreadcrumbList","@id":"https:\/\/soledaddurazo.com\/blog\/2022\/01\/28\/buscan-socializacion-de-la-reforma-laboral-en-sonora\/#breadcrumb","itemListElement":[{"@type":"ListItem","position":1,"name":"Home","item":"https:\/\/soledaddurazo.com\/"},{"@type":"ListItem","position":2,"name":"Buscan socializaci\u00f3n de la Reforma Laboral en Sonora"}]},{"@type":"Article","@id":"https:\/\/soledaddurazo.com\/blog\/2022\/01\/28\/buscan-socializacion-de-la-reforma-laboral-en-sonora\/#article","isPartOf":{"@id":"https:\/\/soledaddurazo.com\/blog\/2022\/01\/28\/buscan-socializacion-de-la-reforma-laboral-en-sonora\/#webpage"},"author":{"@id":"https:\/\/soledaddurazo.com\/#\/schema\/person\/822d8e13aa288585e6546f179853758b"},"headline":"Buscan socializaci\u00f3n de la Reforma Laboral en Sonora","datePublished":"2022-01-28T18:33:34+00:00","dateModified":"2022-01-28T18:33:34+00:00","mainEntityOfPage":{"@id":"https:\/\/soledaddurazo.com\/blog\/2022\/01\/28\/buscan-socializacion-de-la-reforma-laboral-en-sonora\/#webpage"},"wordCount":314,"commentCount":0,"publisher":{"@id":"https:\/\/soledaddurazo.com\/#organization"},"image":{"@id":"https:\/\/soledaddurazo.com\/blog\/2022\/01\/28\/buscan-socializacion-de-la-reforma-laboral-en-sonora\/#primaryimage"},"thumbnailUrl":"https:\/\/soledaddurazo.com\/storage\/2022\/01\/0122149a.jpeg","articleSection":["Mi Sonora"],"inLanguage":"es","potentialAction":[{"@type":"CommentAction","name":"Comment","target":["https:\/\/soledaddurazo.com\/blog\/2022\/01\/28\/buscan-socializacion-de-la-reforma-laboral-en-sonora\/#respond"]}]},{"@type":"Person","@id":"https:\/\/soledaddurazo.com\/#\/schema\/person\/822d8e13aa288585e6546f179853758b","name":"Redacci\u00f3n","image":{"@type":"ImageObject","@id":"https:\/\/soledaddurazo.com\/#personlogo","inLanguage":"es","url":"https:\/\/secure.gravatar.com\/avatar\/c4e193752f756fd61f04deebed3a3a20dc188d37edb53682d313ac57f2725d54?s=96&d=mm&r=g","contentUrl":"https:\/\/secure.gravatar.com\/avatar\/c4e193752f756fd61f04deebed3a3a20dc188d37edb53682d313ac57f2725d54?s=96&d=mm&r=g","caption":"Redacci\u00f3n"},"sameAs":["https:\/\/soledaddurazo.com"]}]}},"_links":{"self":[{"href":"https:\/\/soledaddurazo.com\/api\/wp\/v2\/posts\/12879","targetHints":{"allow":["GET"]}}],"collection":[{"href":"https:\/\/soledaddurazo.com\/api\/wp\/v2\/posts"}],"about":[{"href":"https:\/\/soledaddurazo.com\/api\/wp\/v2\/types\/post"}],"author":[{"embeddable":true,"href":"https:\/\/soledaddurazo.com\/api\/wp\/v2\/users\/1"}],"replies":[{"embeddable":true,"href":"https:\/\/soledaddurazo.com\/api\/wp\/v2\/comments?post=12879"}],"version-history":[{"count":1,"href":"https:\/\/soledaddurazo.com\/api\/wp\/v2\/posts\/12879\/revisions"}],"predecessor-version":[{"id":12881,"href":"https:\/\/soledaddurazo.com\/api\/wp\/v2\/posts\/12879\/revisions\/12881"}],"wp:featuredmedia":[{"embeddable":true,"href":"https:\/\/soledaddurazo.com\/api\/wp\/v2\/media\/12880"}],"wp:attachment":[{"href":"https:\/\/soledaddurazo.com\/api\/wp\/v2\/media?parent=12879"}],"wp:term":[{"taxonomy":"category","embeddable":true,"href":"https:\/\/soledaddurazo.com\/api\/wp\/v2\/categories?post=12879"},{"taxonomy":"post_tag","embeddable":true,"href":"https:\/\/soledaddurazo.com\/api\/wp\/v2\/tags?post=12879"}],"curies":[{"name":"wp","href":"https:\/\/api.w.org\/{rel}","templated":true}]}}