{"id":12876,"date":"2022-01-28T10:40:39","date_gmt":"2022-01-28T17:40:39","guid":{"rendered":"https:\/\/soledaddurazo.com\/?p=12876"},"modified":"2022-01-28T10:40:39","modified_gmt":"2022-01-28T17:40:39","slug":"emitira-congreso-convocatoria-por-cuarto-parlamento-de-mujeres-de-sonora","status":"publish","type":"post","link":"https:\/\/soledaddurazo.com\/blog\/2022\/01\/28\/emitira-congreso-convocatoria-por-cuarto-parlamento-de-mujeres-de-sonora\/","title":{"rendered":"Emitir\u00e1 Congreso convocatoria por cuarto parlamento de mujeres de Sonora"},"content":{"rendered":"<p><span lang=\"ES-MX\">Las diputadas que integran la Comisi\u00f3n para la Igualdad de G\u00e9nero aprobaron emitir la convocatoria p\u00fablica para la realizaci\u00f3n del \u201cCuarto Parlamento de Mujeres del Estado de Sonora\u201d, que tiene el objetivo de debatir, revisar, promover e integrar una agenda legislativa relativa a la equidad e igualdad de g\u00e9nero, as\u00ed como para prevenir y erradicar toda forma de discriminaci\u00f3n y violencia hacia las mujeres.<\/span><\/p>\n<p><span lang=\"ES-MX\">\u00a0<\/span><\/p>\n<p><span lang=\"ES-MX\">La diputada Rosa Elena Trujillo Llanes, presidenta de la citada Comisi\u00f3n, someti\u00f3 a consideraci\u00f3n las bases de la convocatoria en las que se detallan el objeto de la misma, los requisitos para participar, la documentaci\u00f3n y los temas que son: gesti\u00f3n y atenci\u00f3n de la salud de las mujeres; ciudades seguras para las mujeres; y la participaci\u00f3n de las mujeres en el sistema democr\u00e1tico.<\/span><\/p>\n<p><span lang=\"ES-MX\">\u00a0<\/span><\/p>\n<p><span lang=\"ES-MX\">La diputada mencion\u00f3 que a partir de la publicaci\u00f3n de la convocatoria y hasta el d\u00eda 28 de febrero del a\u00f1o en curso, podr\u00e1n presentarse los registros de ponencias, las cu\u00e1les ser\u00e1n recibidas a trav\u00e9s del correo electr\u00f3nico:\u00a0<a href=\"mailto:comisionigualdadsonora@gmail.com\" target=\"_blank\" rel=\"noopener\">comisionigualdadsonora@gmail.<wbr \/>com<\/a>; mismo por el cual, las participantes recibir\u00e1n un correo de confirmaci\u00f3n y la liga del formulario de inscripci\u00f3n.<\/span><\/p>\n<p><span lang=\"ES-MX\">\u00a0<\/span><\/p>\n<p><span lang=\"ES-MX\">La diputada Trujillo Llanes expuso que en el marco de la conmemoraci\u00f3n del d\u00eda Internacional de las Mujeres, que se celebra el 8 de marzo, se realizar\u00e1 un evento en el que se d\u00e9 difusi\u00f3n a algunas de las ponencias presentadas en el Parlamento de Mujeres.<\/span><\/p>\n<p><span lang=\"ES-MX\">\u00a0<\/span><\/p>\n<p><span lang=\"ES-MX\">Se recibieron propuestas para enriquecer la convocatoria por parte de las diputadas Alejandra L\u00f3pez Noriega, Mar\u00eda Alicia Gayt\u00e1n S\u00e1nchez, Beatriz Cota Ponce, Ivana Celeste Taddei Arreola y Alma Manuela Higuera Esquer, con aportaciones a fin de generar espacios de expresi\u00f3n, mediante la promoci\u00f3n de la cultura de igualdad y equidad de g\u00e9nero, a trav\u00e9s de propuestas que puedan vincularse con las actividades de los sectores p\u00fablico, privado y social en el estado.<\/span><\/p>\n<p><span lang=\"ES-MX\">\u00a0<\/span><\/p>\n<p><span lang=\"ES-MX\">El documento que contiene la convocatoria ser\u00e1 enviado a la Comisi\u00f3n de R\u00e9gimen Interno y Concertaci\u00f3n Pol\u00edtica para que se le d\u00e9 el tr\u00e1mite correspondiente y posteriormente sea puesta a consideraci\u00f3n del pleno del Congreso del Estado.<\/span><\/p>\n<p><span lang=\"ES-MX\">\u00a0<\/span><\/p>\n","protected":false},"excerpt":{"rendered":"<p>Las diputadas que integran la Comisi\u00f3n para la Igualdad de G\u00e9nero aprobaron emitir la convocatoria p\u00fablica para la realizaci\u00f3n del \u201cCuarto Parlamento de Mujeres del Estado de Sonora\u201d, que tiene el objetivo de debatir, revisar, promover e integrar una agenda legislativa relativa a la equidad e igualdad de g\u00e9nero, as\u00ed como para prevenir y erradicar [&hellip;]<\/p>\n","protected":false},"author":1,"featured_media":12877,"comment_status":"open","ping_status":"open","sticky":false,"template":"","format":"standard","meta":{"footnotes":""},"categories":[159],"tags":[],"class_list":["post"],"yoast_head":" \n<title>Emitir\u00e1 Congreso convocatoria por cuarto parlamento de mujeres de Sonora - Periodista SoledadDurazo.com<\/title>\n<meta name=\"robots\" content=\"index, follow, max-snippet:-1, max-image-preview:large, max-video-preview:-1\" \/>\n<link rel=\"canonical\" href=\"https:\/\/soledaddurazo.com\/blog\/2022\/01\/28\/emitira-congreso-convocatoria-por-cuarto-parlamento-de-mujeres-de-sonora\/\" \/>\n<meta property=\"og:locale\" content=\"es_MX\" \/>\n<meta property=\"og:type\" content=\"article\" \/>\n<meta property=\"og:title\" content=\"Emitir\u00e1 Congreso convocatoria por cuarto parlamento de mujeres de Sonora\" \/>\n<meta property=\"og:description\" content=\"Las diputadas que integran la Comisi\u00f3n para la Igualdad de G\u00e9nero aprobaron emitir la convocatoria p\u00fablica para la realizaci\u00f3n del \u201cCuarto Parlamento de Mujeres del Estado de Sonora\u201d, que tiene el objetivo de debatir, revisar, promover e integrar una agenda legislativa relativa a la equidad e igualdad de g\u00e9nero, as\u00ed como para prevenir y erradicar [&hellip;]\" \/>\n<meta property=\"og:url\" content=\"https:\/\/soledaddurazo.com\/blog\/2022\/01\/28\/emitira-congreso-convocatoria-por-cuarto-parlamento-de-mujeres-de-sonora\/\" \/>\n<meta property=\"og:site_name\" content=\"Periodista SoledadDurazo.com\" \/>\n<meta property=\"article:publisher\" content=\"https:\/\/www.facebook.com\/soledad.durazo.9\/\" \/>\n<meta property=\"article:published_time\" content=\"2022-01-28T17:40:39+00:00\" \/>\n<meta property=\"og:image\" content=\"https:\/\/soledaddurazo.com\/storage\/2022\/01\/51847358239_25e0cad374_h.jpg\" \/>\n\t<meta property=\"og:image:width\" content=\"1600\" \/>\n\t<meta property=\"og:image:height\" content=\"1067\" \/>\n<meta name=\"twitter:card\" content=\"summary_large_image\" \/>\n<meta name=\"twitter:creator\" content=\"@SoledadDurazo\" \/>\n<meta name=\"twitter:site\" content=\"@SoledadDurazo\" \/>\n<meta name=\"twitter:label1\" content=\"Escrito por\" \/>\n\t<meta name=\"twitter:data1\" content=\"Redacci\u00f3n\" \/>\n\t<meta name=\"twitter:label2\" content=\"Tiempo de lectura\" \/>\n\t<meta name=\"twitter:data2\" content=\"2 minutos\" \/>\n<script type=\"application\/ld+json\" class=\"yoast-schema-graph\">{\"@context\":\"https:\/\/schema.org\",\"@graph\":[{\"@type\":\"Organization\",\"@id\":\"https:\/\/soledaddurazo.com\/#organization\",\"name\":\"Soledad Durazo\",\"url\":\"https:\/\/soledaddurazo.com\/\",\"sameAs\":[\"https:\/\/www.facebook.com\/soledad.durazo.9\/\",\"https:\/\/www.instagram.com\/soledaddurazo\",\"https:\/\/www.youtube.com\/channel\/UC9yGPw8-Vbl_B2XNkRwPS-w\",\"https:\/\/twitter.com\/SoledadDurazo\"],\"logo\":{\"@type\":\"ImageObject\",\"@id\":\"https:\/\/soledaddurazo.com\/#logo\",\"inLanguage\":\"es\",\"url\":\"https:\/\/soledaddurazo.com\/storage\/2021\/11\/nllp-720x375-1-2.png\",\"contentUrl\":\"https:\/\/soledaddurazo.com\/storage\/2021\/11\/nllp-720x375-1-2.png\",\"width\":720,\"height\":375,\"caption\":\"Soledad Durazo\"},\"image\":{\"@id\":\"https:\/\/soledaddurazo.com\/#logo\"}},{\"@type\":\"WebSite\",\"@id\":\"https:\/\/soledaddurazo.com\/#website\",\"url\":\"https:\/\/soledaddurazo.com\/\",\"name\":\"Periodista SoledadDurazo.com\",\"description\":\"Periodista sonorense. Directora de www.SoledadDurazo.com Columnista, conductora de radio y Tv. Catedr\\u00e1tica en la UNISON\",\"publisher\":{\"@id\":\"https:\/\/soledaddurazo.com\/#organization\"},\"potentialAction\":[{\"@type\":\"SearchAction\",\"target\":{\"@type\":\"EntryPoint\",\"urlTemplate\":\"https:\/\/soledaddurazo.com\/?s={search_term_string}\"},\"query-input\":\"required name=search_term_string\"}],\"inLanguage\":\"es\"},{\"@type\":\"ImageObject\",\"@id\":\"https:\/\/soledaddurazo.com\/blog\/2022\/01\/28\/emitira-congreso-convocatoria-por-cuarto-parlamento-de-mujeres-de-sonora\/#primaryimage\",\"inLanguage\":\"es\",\"url\":\"https:\/\/soledaddurazo.com\/storage\/2022\/01\/51847358239_25e0cad374_h.jpg\",\"contentUrl\":\"https:\/\/soledaddurazo.com\/storage\/2022\/01\/51847358239_25e0cad374_h.jpg\",\"width\":1600,\"height\":1067},{\"@type\":\"WebPage\",\"@id\":\"https:\/\/soledaddurazo.com\/blog\/2022\/01\/28\/emitira-congreso-convocatoria-por-cuarto-parlamento-de-mujeres-de-sonora\/#webpage\",\"url\":\"https:\/\/soledaddurazo.com\/blog\/2022\/01\/28\/emitira-congreso-convocatoria-por-cuarto-parlamento-de-mujeres-de-sonora\/\",\"name\":\"Emitir\\u00e1 Congreso convocatoria por cuarto parlamento de mujeres de Sonora - Periodista SoledadDurazo.com\",\"isPartOf\":{\"@id\":\"https:\/\/soledaddurazo.com\/#website\"},\"primaryImageOfPage\":{\"@id\":\"https:\/\/soledaddurazo.com\/blog\/2022\/01\/28\/emitira-congreso-convocatoria-por-cuarto-parlamento-de-mujeres-de-sonora\/#primaryimage\"},\"datePublished\":\"2022-01-28T17:40:39+00:00\",\"dateModified\":\"2022-01-28T17:40:39+00:00\",\"breadcrumb\":{\"@id\":\"https:\/\/soledaddurazo.com\/blog\/2022\/01\/28\/emitira-congreso-convocatoria-por-cuarto-parlamento-de-mujeres-de-sonora\/#breadcrumb\"},\"inLanguage\":\"es\",\"potentialAction\":[{\"@type\":\"ReadAction\",\"target\":[\"https:\/\/soledaddurazo.com\/blog\/2022\/01\/28\/emitira-congreso-convocatoria-por-cuarto-parlamento-de-mujeres-de-sonora\/\"]}]},{\"@type\":\"BreadcrumbList\",\"@id\":\"https:\/\/soledaddurazo.com\/blog\/2022\/01\/28\/emitira-congreso-convocatoria-por-cuarto-parlamento-de-mujeres-de-sonora\/#breadcrumb\",\"itemListElement\":[{\"@type\":\"ListItem\",\"position\":1,\"name\":\"Home\",\"item\":\"https:\/\/soledaddurazo.com\/\"},{\"@type\":\"ListItem\",\"position\":2,\"name\":\"Emitir\\u00e1 Congreso convocatoria por cuarto parlamento de mujeres de Sonora\"}]},{\"@type\":\"Article\",\"@id\":\"https:\/\/soledaddurazo.com\/blog\/2022\/01\/28\/emitira-congreso-convocatoria-por-cuarto-parlamento-de-mujeres-de-sonora\/#article\",\"isPartOf\":{\"@id\":\"https:\/\/soledaddurazo.com\/blog\/2022\/01\/28\/emitira-congreso-convocatoria-por-cuarto-parlamento-de-mujeres-de-sonora\/#webpage\"},\"author\":{\"@id\":\"https:\/\/soledaddurazo.com\/#\/schema\/person\/822d8e13aa288585e6546f179853758b\"},\"headline\":\"Emitir\\u00e1 Congreso convocatoria por cuarto parlamento de mujeres de Sonora\",\"datePublished\":\"2022-01-28T17:40:39+00:00\",\"dateModified\":\"2022-01-28T17:40:39+00:00\",\"mainEntityOfPage\":{\"@id\":\"https:\/\/soledaddurazo.com\/blog\/2022\/01\/28\/emitira-congreso-convocatoria-por-cuarto-parlamento-de-mujeres-de-sonora\/#webpage\"},\"wordCount\":392,\"commentCount\":0,\"publisher\":{\"@id\":\"https:\/\/soledaddurazo.com\/#organization\"},\"image\":{\"@id\":\"https:\/\/soledaddurazo.com\/blog\/2022\/01\/28\/emitira-congreso-convocatoria-por-cuarto-parlamento-de-mujeres-de-sonora\/#primaryimage\"},\"thumbnailUrl\":\"https:\/\/soledaddurazo.com\/storage\/2022\/01\/51847358239_25e0cad374_h.jpg\",\"articleSection\":[\"Mi Sonora\"],\"inLanguage\":\"es\",\"potentialAction\":[{\"@type\":\"CommentAction\",\"name\":\"Comment\",\"target\":[\"https:\/\/soledaddurazo.com\/blog\/2022\/01\/28\/emitira-congreso-convocatoria-por-cuarto-parlamento-de-mujeres-de-sonora\/#respond\"]}]},{\"@type\":\"Person\",\"@id\":\"https:\/\/soledaddurazo.com\/#\/schema\/person\/822d8e13aa288585e6546f179853758b\",\"name\":\"Redacci\\u00f3n\",\"image\":{\"@type\":\"ImageObject\",\"@id\":\"https:\/\/soledaddurazo.com\/#personlogo\",\"inLanguage\":\"es\",\"url\":\"https:\/\/secure.gravatar.com\/avatar\/c4e193752f756fd61f04deebed3a3a20dc188d37edb53682d313ac57f2725d54?s=96&d=mm&r=g\",\"contentUrl\":\"https:\/\/secure.gravatar.com\/avatar\/c4e193752f756fd61f04deebed3a3a20dc188d37edb53682d313ac57f2725d54?s=96&d=mm&r=g\",\"caption\":\"Redacci\\u00f3n\"},\"sameAs\":[\"https:\/\/soledaddurazo.com\"]}]}<\/script>\n ","yoast_head_json":{"title":"Emitir\u00e1 Congreso convocatoria por cuarto parlamento de mujeres de Sonora - Periodista SoledadDurazo.com","robots":{"index":"index","follow":"follow","max-snippet":"max-snippet:-1","max-image-preview":"max-image-preview:large","max-video-preview":"max-video-preview:-1"},"canonical":"https:\/\/soledaddurazo.com\/blog\/2022\/01\/28\/emitira-congreso-convocatoria-por-cuarto-parlamento-de-mujeres-de-sonora\/","og_locale":"es_MX","og_type":"article","og_title":"Emitir\u00e1 Congreso convocatoria por cuarto parlamento de mujeres de Sonora","og_description":"Las diputadas que integran la Comisi\u00f3n para la Igualdad de G\u00e9nero aprobaron emitir la convocatoria p\u00fablica para la realizaci\u00f3n del \u201cCuarto Parlamento de Mujeres del Estado de Sonora\u201d, que tiene el objetivo de debatir, revisar, promover e integrar una agenda legislativa relativa a la equidad e igualdad de g\u00e9nero, as\u00ed como para prevenir y erradicar [&hellip;]","og_url":"https:\/\/soledaddurazo.com\/blog\/2022\/01\/28\/emitira-congreso-convocatoria-por-cuarto-parlamento-de-mujeres-de-sonora\/","og_site_name":"Periodista SoledadDurazo.com","article_publisher":"https:\/\/www.facebook.com\/soledad.durazo.9\/","article_published_time":"2022-01-28T17:40:39+00:00","og_image":[{"width":1600,"height":1067,"url":"https:\/\/soledaddurazo.com\/storage\/2022\/01\/51847358239_25e0cad374_h.jpg","type":"image\/jpeg"}],"twitter_card":"summary_large_image","twitter_creator":"@SoledadDurazo","twitter_site":"@SoledadDurazo","twitter_misc":{"Escrito por":"Redacci\u00f3n","Tiempo de lectura":"2 minutos"},"schema":{"@context":"https:\/\/schema.org","@graph":[{"@type":"Organization","@id":"https:\/\/soledaddurazo.com\/#organization","name":"Soledad Durazo","url":"https:\/\/soledaddurazo.com\/","sameAs":["https:\/\/www.facebook.com\/soledad.durazo.9\/","https:\/\/www.instagram.com\/soledaddurazo","https:\/\/www.youtube.com\/channel\/UC9yGPw8-Vbl_B2XNkRwPS-w","https:\/\/twitter.com\/SoledadDurazo"],"logo":{"@type":"ImageObject","@id":"https:\/\/soledaddurazo.com\/#logo","inLanguage":"es","url":"https:\/\/soledaddurazo.com\/storage\/2021\/11\/nllp-720x375-1-2.png","contentUrl":"https:\/\/soledaddurazo.com\/storage\/2021\/11\/nllp-720x375-1-2.png","width":720,"height":375,"caption":"Soledad Durazo"},"image":{"@id":"https:\/\/soledaddurazo.com\/#logo"}},{"@type":"WebSite","@id":"https:\/\/soledaddurazo.com\/#website","url":"https:\/\/soledaddurazo.com\/","name":"Periodista SoledadDurazo.com","description":"Periodista sonorense. Directora de www.SoledadDurazo.com Columnista, conductora de radio y Tv. Catedr\u00e1tica en la UNISON","publisher":{"@id":"https:\/\/soledaddurazo.com\/#organization"},"potentialAction":[{"@type":"SearchAction","target":{"@type":"EntryPoint","urlTemplate":"https:\/\/soledaddurazo.com\/?s={search_term_string}"},"query-input":"required name=search_term_string"}],"inLanguage":"es"},{"@type":"ImageObject","@id":"https:\/\/soledaddurazo.com\/blog\/2022\/01\/28\/emitira-congreso-convocatoria-por-cuarto-parlamento-de-mujeres-de-sonora\/#primaryimage","inLanguage":"es","url":"https:\/\/soledaddurazo.com\/storage\/2022\/01\/51847358239_25e0cad374_h.jpg","contentUrl":"https:\/\/soledaddurazo.com\/storage\/2022\/01\/51847358239_25e0cad374_h.jpg","width":1600,"height":1067},{"@type":"WebPage","@id":"https:\/\/soledaddurazo.com\/blog\/2022\/01\/28\/emitira-congreso-convocatoria-por-cuarto-parlamento-de-mujeres-de-sonora\/#webpage","url":"https:\/\/soledaddurazo.com\/blog\/2022\/01\/28\/emitira-congreso-convocatoria-por-cuarto-parlamento-de-mujeres-de-sonora\/","name":"Emitir\u00e1 Congreso convocatoria por cuarto parlamento de mujeres de Sonora - Periodista SoledadDurazo.com","isPartOf":{"@id":"https:\/\/soledaddurazo.com\/#website"},"primaryImageOfPage":{"@id":"https:\/\/soledaddurazo.com\/blog\/2022\/01\/28\/emitira-congreso-convocatoria-por-cuarto-parlamento-de-mujeres-de-sonora\/#primaryimage"},"datePublished":"2022-01-28T17:40:39+00:00","dateModified":"2022-01-28T17:40:39+00:00","breadcrumb":{"@id":"https:\/\/soledaddurazo.com\/blog\/2022\/01\/28\/emitira-congreso-convocatoria-por-cuarto-parlamento-de-mujeres-de-sonora\/#breadcrumb"},"inLanguage":"es","potentialAction":[{"@type":"ReadAction","target":["https:\/\/soledaddurazo.com\/blog\/2022\/01\/28\/emitira-congreso-convocatoria-por-cuarto-parlamento-de-mujeres-de-sonora\/"]}]},{"@type":"BreadcrumbList","@id":"https:\/\/soledaddurazo.com\/blog\/2022\/01\/28\/emitira-congreso-convocatoria-por-cuarto-parlamento-de-mujeres-de-sonora\/#breadcrumb","itemListElement":[{"@type":"ListItem","position":1,"name":"Home","item":"https:\/\/soledaddurazo.com\/"},{"@type":"ListItem","position":2,"name":"Emitir\u00e1 Congreso convocatoria por cuarto parlamento de mujeres de Sonora"}]},{"@type":"Article","@id":"https:\/\/soledaddurazo.com\/blog\/2022\/01\/28\/emitira-congreso-convocatoria-por-cuarto-parlamento-de-mujeres-de-sonora\/#article","isPartOf":{"@id":"https:\/\/soledaddurazo.com\/blog\/2022\/01\/28\/emitira-congreso-convocatoria-por-cuarto-parlamento-de-mujeres-de-sonora\/#webpage"},"author":{"@id":"https:\/\/soledaddurazo.com\/#\/schema\/person\/822d8e13aa288585e6546f179853758b"},"headline":"Emitir\u00e1 Congreso convocatoria por cuarto parlamento de mujeres de Sonora","datePublished":"2022-01-28T17:40:39+00:00","dateModified":"2022-01-28T17:40:39+00:00","mainEntityOfPage":{"@id":"https:\/\/soledaddurazo.com\/blog\/2022\/01\/28\/emitira-congreso-convocatoria-por-cuarto-parlamento-de-mujeres-de-sonora\/#webpage"},"wordCount":392,"commentCount":0,"publisher":{"@id":"https:\/\/soledaddurazo.com\/#organization"},"image":{"@id":"https:\/\/soledaddurazo.com\/blog\/2022\/01\/28\/emitira-congreso-convocatoria-por-cuarto-parlamento-de-mujeres-de-sonora\/#primaryimage"},"thumbnailUrl":"https:\/\/soledaddurazo.com\/storage\/2022\/01\/51847358239_25e0cad374_h.jpg","articleSection":["Mi Sonora"],"inLanguage":"es","potentialAction":[{"@type":"CommentAction","name":"Comment","target":["https:\/\/soledaddurazo.com\/blog\/2022\/01\/28\/emitira-congreso-convocatoria-por-cuarto-parlamento-de-mujeres-de-sonora\/#respond"]}]},{"@type":"Person","@id":"https:\/\/soledaddurazo.com\/#\/schema\/person\/822d8e13aa288585e6546f179853758b","name":"Redacci\u00f3n","image":{"@type":"ImageObject","@id":"https:\/\/soledaddurazo.com\/#personlogo","inLanguage":"es","url":"https:\/\/secure.gravatar.com\/avatar\/c4e193752f756fd61f04deebed3a3a20dc188d37edb53682d313ac57f2725d54?s=96&d=mm&r=g","contentUrl":"https:\/\/secure.gravatar.com\/avatar\/c4e193752f756fd61f04deebed3a3a20dc188d37edb53682d313ac57f2725d54?s=96&d=mm&r=g","caption":"Redacci\u00f3n"},"sameAs":["https:\/\/soledaddurazo.com"]}]}},"_links":{"self":[{"href":"https:\/\/soledaddurazo.com\/api\/wp\/v2\/posts\/12876","targetHints":{"allow":["GET"]}}],"collection":[{"href":"https:\/\/soledaddurazo.com\/api\/wp\/v2\/posts"}],"about":[{"href":"https:\/\/soledaddurazo.com\/api\/wp\/v2\/types\/post"}],"author":[{"embeddable":true,"href":"https:\/\/soledaddurazo.com\/api\/wp\/v2\/users\/1"}],"replies":[{"embeddable":true,"href":"https:\/\/soledaddurazo.com\/api\/wp\/v2\/comments?post=12876"}],"version-history":[{"count":1,"href":"https:\/\/soledaddurazo.com\/api\/wp\/v2\/posts\/12876\/revisions"}],"predecessor-version":[{"id":12878,"href":"https:\/\/soledaddurazo.com\/api\/wp\/v2\/posts\/12876\/revisions\/12878"}],"wp:featuredmedia":[{"embeddable":true,"href":"https:\/\/soledaddurazo.com\/api\/wp\/v2\/media\/12877"}],"wp:attachment":[{"href":"https:\/\/soledaddurazo.com\/api\/wp\/v2\/media?parent=12876"}],"wp:term":[{"taxonomy":"category","embeddable":true,"href":"https:\/\/soledaddurazo.com\/api\/wp\/v2\/categories?post=12876"},{"taxonomy":"post_tag","embeddable":true,"href":"https:\/\/soledaddurazo.com\/api\/wp\/v2\/tags?post=12876"}],"curies":[{"name":"wp","href":"https:\/\/api.w.org\/{rel}","templated":true}]}}