{"id":12842,"date":"2022-01-25T23:17:55","date_gmt":"2022-01-26T06:17:55","guid":{"rendered":"https:\/\/soledaddurazo.com\/?p=12842"},"modified":"2022-01-25T23:17:55","modified_gmt":"2022-01-26T06:17:55","slug":"promueve-unison-educacion-ambiental","status":"publish","type":"post","link":"https:\/\/soledaddurazo.com\/blog\/2022\/01\/25\/promueve-unison-educacion-ambiental\/","title":{"rendered":"Promueve Unison educaci\u00f3n ambiental"},"content":{"rendered":"<p>La Universidad de Sonora fomenta e impulsa la educaci\u00f3n ambiental de manera constante desde el Programa Institucional de Sustentabilidad, y del cual se desprenden acciones de concientizaci\u00f3n para que la comunidad universitaria haga conciencia y colabore en cuidar el planeta.<\/p>\n<p>Este programa, de la Direcci\u00f3n de Apoyo a Programas Institucionales, bajo la direcci\u00f3n de Martha Mart\u00ednez Figueroa, implementa actividades dentro del campus universitario en pro de la defensa del medio ambiente coment\u00f3 su coordinador H\u00e9ctor P\u00e9rez Montesinos<\/p>\n<p>\u201cActualmente la Universidad de Sonora tiene algunos proyectos y programas que estamos tratando de impulsar, continuar obviamente con el proyecto de Basura Cero, que es un plan para la gesti\u00f3n integral de los residuos s\u00f3lidos que la universidad genera; ahora tambi\u00e9n nos estamos enfocando a residuos un poco m\u00e1s espec\u00edficos como son (el destino de) los toners, las pilas, y otros\u201d, mencion\u00f3.<\/p>\n<p>Las m\u00e1quinas recicladoras se ubican en la Biblioteca Central y generan puntos que los usuarios pueden canjear en la tienda de souvenirs de la Unison.<\/p>\n<p>Agreg\u00f3 que otro programa es el de \u00e1reas cien por ciento libres de humo de cigarro, el cual ya se aplica en espacios como la Divisi\u00f3n de Ciencias Biol\u00f3gicas y de la Salud, en el Dictus, y Enfermer\u00eda; pero se trabaja en instaurarlo en todo el campus universitario y en las unidades regionales centro y sur.<\/p>\n<p>Este 26 de enero se celebra el D\u00eda Mundial de la Educaci\u00f3n Ambiental y, a prop\u00f3sito de ello, la Unison llevar\u00e1 a cabo diversas actividades, entre las que se encuentra una colecta de residuos el\u00e9ctricos y electr\u00f3nicos prevista para febrero pr\u00f3ximo.<\/p>\n<p>\u201cEsta actividad, dentro del marco del D\u00eda Internacional de la Educaci\u00f3n Ambiental, con el compromiso que la Universidad de Sonora tiene de concientizar a la comunidad universitaria y a la comunidad en general, tambi\u00e9n con este tipo de actividades para tener una mayor conciencia ambiental y que la sociedad transite a un estilo de vida m\u00e1s sustentable\u201d, coment\u00f3.<\/p>\n<p><strong>Desde la academia<\/strong><\/p>\n<p>En la Universidad de Sonora se plant\u00f3 la semilla desde hace m\u00e1s de 20 a\u00f1os para colaborar en preservar el medio ambiente, con acciones desde lo acad\u00e9mico en el desarrollo sustentable; esto le ha valido reconocimientos a nivel nacional, como lo extern\u00f3 Javier Esquer Peralta, Coordinador del Posgrado en Sustentabilidad.<\/p>\n<p>\u201cLa Unison ha tomado el reto, tan es as\u00ed que de una semillita que inici\u00f3 en el \u00e1rea de ingenier\u00eda, conocida como c\u00e9lula sustentable, ahora no es solo en las \u00e1reas de ingenier\u00eda, sino a nivel institucional hay pol\u00edticas, hay lineamientos, en muchas de las carreras en licenciatura y en programas de posgrado ya hay \u00e1reas enfocadas a la educaci\u00f3n ambiental, a la educaci\u00f3n para el desarrollo sustentable. De alguna manera, incorporar atributos ambientales a las diferentes disciplinas: Ingenier\u00eda Qu\u00edmica, Ingenier\u00eda Industrial, Arquitectura, Psicolog\u00eda; en muchas de las carreras que ofrece la Universidad de Sonora, incluso, pues ya hay licenciatura\u201d, coment\u00f3.<\/p>\n<p>El impulso a este tema por parte de la Universidad de Sonora, asegur\u00f3, se refleja desde las opciones acad\u00e9micas que ofrece como agente de generar y transmitir conocimiento.<\/p>\n<p>\u201cUn factor clave, un factor muy importante, esto va a permitir que los nuevos profesionistas, cuando tomen decisiones de trabajo, ya sea que est\u00e9n trabajando en una maquiladora, ya sea que sean due\u00f1os de sus propias empresas, de que trabajan en una consultor\u00eda, de que trabajan en una circunscripci\u00f3n de educaci\u00f3n; los pr\u00f3ximos profesionistas, cuando tomen decisiones ser\u00e1n basadas en una \u00e9tica ambiental, en una \u00e9tica social, con principios, valores de respeto al medio ambiente, de respeto a las personas\u201d, explic\u00f3.<\/p>\n<p><strong>No todo est\u00e1 perdido<\/strong><\/p>\n<p>El concepto de educaci\u00f3n ambiental comenz\u00f3 a manejarse a principios de la d\u00e9cada de los 70 por la Unesco, en una reuni\u00f3n en Belgrado, a ra\u00edz de la necesidad de otorgar a la educaci\u00f3n un papel preponderante para generar cambios, mejorar actividades, crear valores y permitir asumir los retos que se ven\u00edan dando coment\u00f3 Nora Elba Mungu\u00eda Vega, Coordinadora de la Licenciatura en Sustentabilidad.<\/p>\n<p>\u201cLa importancia de cuidar los recursos, obviamente por el simple hecho de que, aunque nosotros nos proveemos de los recursos naturales b\u00e1sicos para vivir o para producir bienes que requerimos a diario, pero sabemos que estos son finitos, no van a estar para siempre, nos los estamos agotando y de ah\u00ed pues la importancia de cuidarlos, de emprender acciones en favor de estos, del ambiente, pues para cuidar los recursos\u201d, advirti\u00f3 la acad\u00e9mica.<\/p>\n","protected":false},"excerpt":{"rendered":"<p>La Universidad de Sonora fomenta e impulsa la educaci\u00f3n ambiental de manera constante desde el Programa Institucional de Sustentabilidad, y del cual se desprenden acciones de concientizaci\u00f3n para que la comunidad universitaria haga conciencia y colabore en cuidar el planeta. Este programa, de la Direcci\u00f3n de Apoyo a Programas Institucionales, bajo la direcci\u00f3n de Martha [&hellip;]<\/p>\n","protected":false},"author":1,"featured_media":12843,"comment_status":"open","ping_status":"open","sticky":false,"template":"","format":"standard","meta":{"footnotes":""},"categories":[159],"tags":[],"class_list":["post"],"yoast_head":" \n<title>Promueve Unison educaci\u00f3n ambiental - Periodista SoledadDurazo.com<\/title>\n<meta name=\"robots\" content=\"index, follow, max-snippet:-1, max-image-preview:large, max-video-preview:-1\" \/>\n<link rel=\"canonical\" href=\"https:\/\/soledaddurazo.com\/blog\/2022\/01\/25\/promueve-unison-educacion-ambiental\/\" \/>\n<meta property=\"og:locale\" content=\"es_MX\" \/>\n<meta property=\"og:type\" content=\"article\" \/>\n<meta property=\"og:title\" content=\"Promueve Unison educaci\u00f3n ambiental\" \/>\n<meta property=\"og:description\" content=\"La Universidad de Sonora fomenta e impulsa la educaci\u00f3n ambiental de manera constante desde el Programa Institucional de Sustentabilidad, y del cual se desprenden acciones de concientizaci\u00f3n para que la comunidad universitaria haga conciencia y colabore en cuidar el planeta. Este programa, de la Direcci\u00f3n de Apoyo a Programas Institucionales, bajo la direcci\u00f3n de Martha [&hellip;]\" \/>\n<meta property=\"og:url\" content=\"https:\/\/soledaddurazo.com\/blog\/2022\/01\/25\/promueve-unison-educacion-ambiental\/\" \/>\n<meta property=\"og:site_name\" content=\"Periodista SoledadDurazo.com\" \/>\n<meta property=\"article:publisher\" content=\"https:\/\/www.facebook.com\/soledad.durazo.9\/\" \/>\n<meta property=\"article:published_time\" content=\"2022-01-26T06:17:55+00:00\" \/>\n<meta property=\"og:image\" content=\"https:\/\/soledaddurazo.com\/storage\/2022\/01\/09-IILUSTRATIVA.-EDUCACION-AMBIENTAL-magen-cabecera.jpg\" \/>\n\t<meta property=\"og:image:width\" content=\"1920\" \/>\n\t<meta property=\"og:image:height\" content=\"1200\" \/>\n<meta name=\"twitter:card\" content=\"summary_large_image\" \/>\n<meta name=\"twitter:creator\" content=\"@SoledadDurazo\" \/>\n<meta name=\"twitter:site\" content=\"@SoledadDurazo\" \/>\n<meta name=\"twitter:label1\" content=\"Escrito por\" \/>\n\t<meta name=\"twitter:data1\" content=\"Redacci\u00f3n\" \/>\n\t<meta name=\"twitter:label2\" content=\"Tiempo de lectura\" \/>\n\t<meta name=\"twitter:data2\" content=\"4 minutos\" \/>\n<script type=\"application\/ld+json\" class=\"yoast-schema-graph\">{\"@context\":\"https:\/\/schema.org\",\"@graph\":[{\"@type\":\"Organization\",\"@id\":\"https:\/\/soledaddurazo.com\/#organization\",\"name\":\"Soledad Durazo\",\"url\":\"https:\/\/soledaddurazo.com\/\",\"sameAs\":[\"https:\/\/www.facebook.com\/soledad.durazo.9\/\",\"https:\/\/www.instagram.com\/soledaddurazo\",\"https:\/\/www.youtube.com\/channel\/UC9yGPw8-Vbl_B2XNkRwPS-w\",\"https:\/\/twitter.com\/SoledadDurazo\"],\"logo\":{\"@type\":\"ImageObject\",\"@id\":\"https:\/\/soledaddurazo.com\/#logo\",\"inLanguage\":\"es\",\"url\":\"https:\/\/soledaddurazo.com\/storage\/2021\/11\/nllp-720x375-1-2.png\",\"contentUrl\":\"https:\/\/soledaddurazo.com\/storage\/2021\/11\/nllp-720x375-1-2.png\",\"width\":720,\"height\":375,\"caption\":\"Soledad Durazo\"},\"image\":{\"@id\":\"https:\/\/soledaddurazo.com\/#logo\"}},{\"@type\":\"WebSite\",\"@id\":\"https:\/\/soledaddurazo.com\/#website\",\"url\":\"https:\/\/soledaddurazo.com\/\",\"name\":\"Periodista SoledadDurazo.com\",\"description\":\"Periodista sonorense. Directora de www.SoledadDurazo.com Columnista, conductora de radio y Tv. Catedr\\u00e1tica en la UNISON\",\"publisher\":{\"@id\":\"https:\/\/soledaddurazo.com\/#organization\"},\"potentialAction\":[{\"@type\":\"SearchAction\",\"target\":{\"@type\":\"EntryPoint\",\"urlTemplate\":\"https:\/\/soledaddurazo.com\/?s={search_term_string}\"},\"query-input\":\"required name=search_term_string\"}],\"inLanguage\":\"es\"},{\"@type\":\"ImageObject\",\"@id\":\"https:\/\/soledaddurazo.com\/blog\/2022\/01\/25\/promueve-unison-educacion-ambiental\/#primaryimage\",\"inLanguage\":\"es\",\"url\":\"https:\/\/soledaddurazo.com\/storage\/2022\/01\/09-IILUSTRATIVA.-EDUCACION-AMBIENTAL-magen-cabecera.jpg\",\"contentUrl\":\"https:\/\/soledaddurazo.com\/storage\/2022\/01\/09-IILUSTRATIVA.-EDUCACION-AMBIENTAL-magen-cabecera.jpg\",\"width\":1920,\"height\":1200},{\"@type\":\"WebPage\",\"@id\":\"https:\/\/soledaddurazo.com\/blog\/2022\/01\/25\/promueve-unison-educacion-ambiental\/#webpage\",\"url\":\"https:\/\/soledaddurazo.com\/blog\/2022\/01\/25\/promueve-unison-educacion-ambiental\/\",\"name\":\"Promueve Unison educaci\\u00f3n ambiental - Periodista SoledadDurazo.com\",\"isPartOf\":{\"@id\":\"https:\/\/soledaddurazo.com\/#website\"},\"primaryImageOfPage\":{\"@id\":\"https:\/\/soledaddurazo.com\/blog\/2022\/01\/25\/promueve-unison-educacion-ambiental\/#primaryimage\"},\"datePublished\":\"2022-01-26T06:17:55+00:00\",\"dateModified\":\"2022-01-26T06:17:55+00:00\",\"breadcrumb\":{\"@id\":\"https:\/\/soledaddurazo.com\/blog\/2022\/01\/25\/promueve-unison-educacion-ambiental\/#breadcrumb\"},\"inLanguage\":\"es\",\"potentialAction\":[{\"@type\":\"ReadAction\",\"target\":[\"https:\/\/soledaddurazo.com\/blog\/2022\/01\/25\/promueve-unison-educacion-ambiental\/\"]}]},{\"@type\":\"BreadcrumbList\",\"@id\":\"https:\/\/soledaddurazo.com\/blog\/2022\/01\/25\/promueve-unison-educacion-ambiental\/#breadcrumb\",\"itemListElement\":[{\"@type\":\"ListItem\",\"position\":1,\"name\":\"Home\",\"item\":\"https:\/\/soledaddurazo.com\/\"},{\"@type\":\"ListItem\",\"position\":2,\"name\":\"Promueve Unison educaci\\u00f3n ambiental\"}]},{\"@type\":\"Article\",\"@id\":\"https:\/\/soledaddurazo.com\/blog\/2022\/01\/25\/promueve-unison-educacion-ambiental\/#article\",\"isPartOf\":{\"@id\":\"https:\/\/soledaddurazo.com\/blog\/2022\/01\/25\/promueve-unison-educacion-ambiental\/#webpage\"},\"author\":{\"@id\":\"https:\/\/soledaddurazo.com\/#\/schema\/person\/822d8e13aa288585e6546f179853758b\"},\"headline\":\"Promueve Unison educaci\\u00f3n ambiental\",\"datePublished\":\"2022-01-26T06:17:55+00:00\",\"dateModified\":\"2022-01-26T06:17:55+00:00\",\"mainEntityOfPage\":{\"@id\":\"https:\/\/soledaddurazo.com\/blog\/2022\/01\/25\/promueve-unison-educacion-ambiental\/#webpage\"},\"wordCount\":781,\"commentCount\":0,\"publisher\":{\"@id\":\"https:\/\/soledaddurazo.com\/#organization\"},\"image\":{\"@id\":\"https:\/\/soledaddurazo.com\/blog\/2022\/01\/25\/promueve-unison-educacion-ambiental\/#primaryimage\"},\"thumbnailUrl\":\"https:\/\/soledaddurazo.com\/storage\/2022\/01\/09-IILUSTRATIVA.-EDUCACION-AMBIENTAL-magen-cabecera.jpg\",\"articleSection\":[\"Mi Sonora\"],\"inLanguage\":\"es\",\"potentialAction\":[{\"@type\":\"CommentAction\",\"name\":\"Comment\",\"target\":[\"https:\/\/soledaddurazo.com\/blog\/2022\/01\/25\/promueve-unison-educacion-ambiental\/#respond\"]}]},{\"@type\":\"Person\",\"@id\":\"https:\/\/soledaddurazo.com\/#\/schema\/person\/822d8e13aa288585e6546f179853758b\",\"name\":\"Redacci\\u00f3n\",\"image\":{\"@type\":\"ImageObject\",\"@id\":\"https:\/\/soledaddurazo.com\/#personlogo\",\"inLanguage\":\"es\",\"url\":\"https:\/\/secure.gravatar.com\/avatar\/c4e193752f756fd61f04deebed3a3a20dc188d37edb53682d313ac57f2725d54?s=96&d=mm&r=g\",\"contentUrl\":\"https:\/\/secure.gravatar.com\/avatar\/c4e193752f756fd61f04deebed3a3a20dc188d37edb53682d313ac57f2725d54?s=96&d=mm&r=g\",\"caption\":\"Redacci\\u00f3n\"},\"sameAs\":[\"https:\/\/soledaddurazo.com\"]}]}<\/script>\n ","yoast_head_json":{"title":"Promueve Unison educaci\u00f3n ambiental - Periodista SoledadDurazo.com","robots":{"index":"index","follow":"follow","max-snippet":"max-snippet:-1","max-image-preview":"max-image-preview:large","max-video-preview":"max-video-preview:-1"},"canonical":"https:\/\/soledaddurazo.com\/blog\/2022\/01\/25\/promueve-unison-educacion-ambiental\/","og_locale":"es_MX","og_type":"article","og_title":"Promueve Unison educaci\u00f3n ambiental","og_description":"La Universidad de Sonora fomenta e impulsa la educaci\u00f3n ambiental de manera constante desde el Programa Institucional de Sustentabilidad, y del cual se desprenden acciones de concientizaci\u00f3n para que la comunidad universitaria haga conciencia y colabore en cuidar el planeta. Este programa, de la Direcci\u00f3n de Apoyo a Programas Institucionales, bajo la direcci\u00f3n de Martha [&hellip;]","og_url":"https:\/\/soledaddurazo.com\/blog\/2022\/01\/25\/promueve-unison-educacion-ambiental\/","og_site_name":"Periodista SoledadDurazo.com","article_publisher":"https:\/\/www.facebook.com\/soledad.durazo.9\/","article_published_time":"2022-01-26T06:17:55+00:00","og_image":[{"width":1920,"height":1200,"url":"https:\/\/soledaddurazo.com\/storage\/2022\/01\/09-IILUSTRATIVA.-EDUCACION-AMBIENTAL-magen-cabecera.jpg","type":"image\/jpeg"}],"twitter_card":"summary_large_image","twitter_creator":"@SoledadDurazo","twitter_site":"@SoledadDurazo","twitter_misc":{"Escrito por":"Redacci\u00f3n","Tiempo de lectura":"4 minutos"},"schema":{"@context":"https:\/\/schema.org","@graph":[{"@type":"Organization","@id":"https:\/\/soledaddurazo.com\/#organization","name":"Soledad Durazo","url":"https:\/\/soledaddurazo.com\/","sameAs":["https:\/\/www.facebook.com\/soledad.durazo.9\/","https:\/\/www.instagram.com\/soledaddurazo","https:\/\/www.youtube.com\/channel\/UC9yGPw8-Vbl_B2XNkRwPS-w","https:\/\/twitter.com\/SoledadDurazo"],"logo":{"@type":"ImageObject","@id":"https:\/\/soledaddurazo.com\/#logo","inLanguage":"es","url":"https:\/\/soledaddurazo.com\/storage\/2021\/11\/nllp-720x375-1-2.png","contentUrl":"https:\/\/soledaddurazo.com\/storage\/2021\/11\/nllp-720x375-1-2.png","width":720,"height":375,"caption":"Soledad Durazo"},"image":{"@id":"https:\/\/soledaddurazo.com\/#logo"}},{"@type":"WebSite","@id":"https:\/\/soledaddurazo.com\/#website","url":"https:\/\/soledaddurazo.com\/","name":"Periodista SoledadDurazo.com","description":"Periodista sonorense. Directora de www.SoledadDurazo.com Columnista, conductora de radio y Tv. Catedr\u00e1tica en la UNISON","publisher":{"@id":"https:\/\/soledaddurazo.com\/#organization"},"potentialAction":[{"@type":"SearchAction","target":{"@type":"EntryPoint","urlTemplate":"https:\/\/soledaddurazo.com\/?s={search_term_string}"},"query-input":"required name=search_term_string"}],"inLanguage":"es"},{"@type":"ImageObject","@id":"https:\/\/soledaddurazo.com\/blog\/2022\/01\/25\/promueve-unison-educacion-ambiental\/#primaryimage","inLanguage":"es","url":"https:\/\/soledaddurazo.com\/storage\/2022\/01\/09-IILUSTRATIVA.-EDUCACION-AMBIENTAL-magen-cabecera.jpg","contentUrl":"https:\/\/soledaddurazo.com\/storage\/2022\/01\/09-IILUSTRATIVA.-EDUCACION-AMBIENTAL-magen-cabecera.jpg","width":1920,"height":1200},{"@type":"WebPage","@id":"https:\/\/soledaddurazo.com\/blog\/2022\/01\/25\/promueve-unison-educacion-ambiental\/#webpage","url":"https:\/\/soledaddurazo.com\/blog\/2022\/01\/25\/promueve-unison-educacion-ambiental\/","name":"Promueve Unison educaci\u00f3n ambiental - Periodista SoledadDurazo.com","isPartOf":{"@id":"https:\/\/soledaddurazo.com\/#website"},"primaryImageOfPage":{"@id":"https:\/\/soledaddurazo.com\/blog\/2022\/01\/25\/promueve-unison-educacion-ambiental\/#primaryimage"},"datePublished":"2022-01-26T06:17:55+00:00","dateModified":"2022-01-26T06:17:55+00:00","breadcrumb":{"@id":"https:\/\/soledaddurazo.com\/blog\/2022\/01\/25\/promueve-unison-educacion-ambiental\/#breadcrumb"},"inLanguage":"es","potentialAction":[{"@type":"ReadAction","target":["https:\/\/soledaddurazo.com\/blog\/2022\/01\/25\/promueve-unison-educacion-ambiental\/"]}]},{"@type":"BreadcrumbList","@id":"https:\/\/soledaddurazo.com\/blog\/2022\/01\/25\/promueve-unison-educacion-ambiental\/#breadcrumb","itemListElement":[{"@type":"ListItem","position":1,"name":"Home","item":"https:\/\/soledaddurazo.com\/"},{"@type":"ListItem","position":2,"name":"Promueve Unison educaci\u00f3n ambiental"}]},{"@type":"Article","@id":"https:\/\/soledaddurazo.com\/blog\/2022\/01\/25\/promueve-unison-educacion-ambiental\/#article","isPartOf":{"@id":"https:\/\/soledaddurazo.com\/blog\/2022\/01\/25\/promueve-unison-educacion-ambiental\/#webpage"},"author":{"@id":"https:\/\/soledaddurazo.com\/#\/schema\/person\/822d8e13aa288585e6546f179853758b"},"headline":"Promueve Unison educaci\u00f3n ambiental","datePublished":"2022-01-26T06:17:55+00:00","dateModified":"2022-01-26T06:17:55+00:00","mainEntityOfPage":{"@id":"https:\/\/soledaddurazo.com\/blog\/2022\/01\/25\/promueve-unison-educacion-ambiental\/#webpage"},"wordCount":781,"commentCount":0,"publisher":{"@id":"https:\/\/soledaddurazo.com\/#organization"},"image":{"@id":"https:\/\/soledaddurazo.com\/blog\/2022\/01\/25\/promueve-unison-educacion-ambiental\/#primaryimage"},"thumbnailUrl":"https:\/\/soledaddurazo.com\/storage\/2022\/01\/09-IILUSTRATIVA.-EDUCACION-AMBIENTAL-magen-cabecera.jpg","articleSection":["Mi Sonora"],"inLanguage":"es","potentialAction":[{"@type":"CommentAction","name":"Comment","target":["https:\/\/soledaddurazo.com\/blog\/2022\/01\/25\/promueve-unison-educacion-ambiental\/#respond"]}]},{"@type":"Person","@id":"https:\/\/soledaddurazo.com\/#\/schema\/person\/822d8e13aa288585e6546f179853758b","name":"Redacci\u00f3n","image":{"@type":"ImageObject","@id":"https:\/\/soledaddurazo.com\/#personlogo","inLanguage":"es","url":"https:\/\/secure.gravatar.com\/avatar\/c4e193752f756fd61f04deebed3a3a20dc188d37edb53682d313ac57f2725d54?s=96&d=mm&r=g","contentUrl":"https:\/\/secure.gravatar.com\/avatar\/c4e193752f756fd61f04deebed3a3a20dc188d37edb53682d313ac57f2725d54?s=96&d=mm&r=g","caption":"Redacci\u00f3n"},"sameAs":["https:\/\/soledaddurazo.com"]}]}},"_links":{"self":[{"href":"https:\/\/soledaddurazo.com\/api\/wp\/v2\/posts\/12842","targetHints":{"allow":["GET"]}}],"collection":[{"href":"https:\/\/soledaddurazo.com\/api\/wp\/v2\/posts"}],"about":[{"href":"https:\/\/soledaddurazo.com\/api\/wp\/v2\/types\/post"}],"author":[{"embeddable":true,"href":"https:\/\/soledaddurazo.com\/api\/wp\/v2\/users\/1"}],"replies":[{"embeddable":true,"href":"https:\/\/soledaddurazo.com\/api\/wp\/v2\/comments?post=12842"}],"version-history":[{"count":1,"href":"https:\/\/soledaddurazo.com\/api\/wp\/v2\/posts\/12842\/revisions"}],"predecessor-version":[{"id":12844,"href":"https:\/\/soledaddurazo.com\/api\/wp\/v2\/posts\/12842\/revisions\/12844"}],"wp:featuredmedia":[{"embeddable":true,"href":"https:\/\/soledaddurazo.com\/api\/wp\/v2\/media\/12843"}],"wp:attachment":[{"href":"https:\/\/soledaddurazo.com\/api\/wp\/v2\/media?parent=12842"}],"wp:term":[{"taxonomy":"category","embeddable":true,"href":"https:\/\/soledaddurazo.com\/api\/wp\/v2\/categories?post=12842"},{"taxonomy":"post_tag","embeddable":true,"href":"https:\/\/soledaddurazo.com\/api\/wp\/v2\/tags?post=12842"}],"curies":[{"name":"wp","href":"https:\/\/api.w.org\/{rel}","templated":true}]}}