{"id":12814,"date":"2022-01-24T21:48:52","date_gmt":"2022-01-25T04:48:52","guid":{"rendered":"https:\/\/soledaddurazo.com\/?p=12814"},"modified":"2022-01-24T21:48:52","modified_gmt":"2022-01-25T04:48:52","slug":"foro-nacional-de-periodistas-y-comunicadores-a-c-alzan-la-voz-pidiendo-justicia-por-asesinato-de-lourdes-maldonado","status":"publish","type":"post","link":"https:\/\/soledaddurazo.com\/blog\/2022\/01\/24\/foro-nacional-de-periodistas-y-comunicadores-a-c-alzan-la-voz-pidiendo-justicia-por-asesinato-de-lourdes-maldonado\/","title":{"rendered":"Foro Nacional de Periodistas y Comunicadores A.C. alzan la voz pidiendo justicia por asesinato de Lourdes Maldonado"},"content":{"rendered":"<p>Foro Nacional de Periodistas y Comunicadores A.C.<\/p>\n<p>Guadalajara, Jalisco, M\u00e9xico.<br \/>\n24 de enero de 2022<\/p>\n<p>Los 24 comit\u00e9s estatales que conformamos el Foro Nacional de Periodistas y Comunicadores A.C, condenamos el artero asesinato de la periodista Lourdes Maldonado L\u00f3pez y exigimos a los gobiernos: federales, al estatal de Baja California y al municipio de Tijuana, una investigaci\u00f3n \u00e1gil y coordinada para encontrar a los responsables.<br \/>\nSe trata del crimen 54 en contra de un periodista en lo que va del sexenio del presidente Andr\u00e9s Manuel L\u00f3pez Obrador, y es el tercero en lo que va durante enero del 2022, lo cual deja un negro antecedente en lo que a respetar la Libertad de Expresi\u00f3n se refiere.<br \/>\nUna vez m\u00e1s, los periodistas exigimos que no sea la impunidad lo que prive en este caso, como sucedi\u00f3 con el 99 por ciento de los casos anteriores.<br \/>\nLa indignaci\u00f3n del gremio period\u00edstico nacional es compartida por los gobiernos de otras naciones, pero a nuestras autoridades eso parece no importarles y antes de poner a disposici\u00f3n del caso todas las herramientas policiacas, legales y forenses para resolver este, y los otros cr\u00edmenes que se han presentado en este inicio del 2022, lo que hacen es escudarse en ese lugar com\u00fan e imaginario que es culpar al pasado y a un neoliberalismo que no tiene rostro ni personalidad.<br \/>\nCulpar desde la tribuna presidencial es f\u00e1cil, pero lo que pedimos es que esas acusaciones se complementen con la detenci\u00f3n de los criminales que perpetran estos cr\u00edmenes.<br \/>\n\u00a1Ya basta de impunidad!<br \/>\nEn M\u00e9xico, ser periodista es una profesi\u00f3n de alto riesgo; en ning\u00fan pa\u00eds del mundo se contabilizan tantos asesinatos de informadores, ni siquiera en aquellos donde existe una guerra civil o un conflicto b\u00e9lico.<\/p>\n<p>La indignaci\u00f3n se agrava desde el momento que la propia Lourdes Maldonado expuso p\u00fablicamente que tem\u00eda perder la vida y, de nueva cuenta, el mecanismo protector demostr\u00f3 que no sirve, esa falla catastr\u00f3fica no es nueva y por desgracia estamos convencidos no ser\u00e1 la \u00faltima.<br \/>\nNos sumamos a tantos compa\u00f1eros que bajo la consigna de que \u201cNO SE MATA LA VERDAD MATANDO PERIODISTAS\u201d, salen a las calles a manifestar su indignaci\u00f3n y a exigir a grito abierto justicia para los periodistas asesinados, pero tambi\u00e9n para que las autoridades finalmente se dignen a ofrecer garant\u00edas de seguridad en el ejercicio de informar y se respete la libertad de expresi\u00f3n.<br \/>\nExigimos que el discurso de odio que se alienta y alimenta desde las tribunas del gobierno, cese de inmediato; que se respete a los periodistas y que finalmente la impunidad sea desterrada.<br \/>\nNo pedimos m\u00e1s, pero no aceptamos menos.<\/p>\n<p>Comit\u00e9 Ejecutivo del Foro Nacional de Periodistas y Comunicadores A.C.<br \/>\nPresidente<br \/>\nL.P. Rafael Cano Franco<\/p>\n","protected":false},"excerpt":{"rendered":"<p>Foro Nacional de Periodistas y Comunicadores A.C. Guadalajara, Jalisco, M\u00e9xico. 24 de enero de 2022 Los 24 comit\u00e9s estatales que conformamos el Foro Nacional de Periodistas y Comunicadores A.C, condenamos el artero asesinato de la periodista Lourdes Maldonado L\u00f3pez y exigimos a los gobiernos: federales, al estatal de Baja California y al municipio de Tijuana, [&hellip;]<\/p>\n","protected":false},"author":1,"featured_media":12815,"comment_status":"open","ping_status":"open","sticky":false,"template":"","format":"standard","meta":{"footnotes":""},"categories":[159],"tags":[],"class_list":["post"],"yoast_head":" \n<title>Foro Nacional de Periodistas y Comunicadores A.C. alzan la voz pidiendo justicia por asesinato de Lourdes Maldonado - Periodista SoledadDurazo.com<\/title>\n<meta name=\"robots\" content=\"index, follow, max-snippet:-1, max-image-preview:large, max-video-preview:-1\" \/>\n<link rel=\"canonical\" href=\"https:\/\/soledaddurazo.com\/blog\/2022\/01\/24\/foro-nacional-de-periodistas-y-comunicadores-a-c-alzan-la-voz-pidiendo-justicia-por-asesinato-de-lourdes-maldonado\/\" \/>\n<meta property=\"og:locale\" content=\"es_MX\" \/>\n<meta property=\"og:type\" content=\"article\" \/>\n<meta property=\"og:title\" content=\"Foro Nacional de Periodistas y Comunicadores A.C. alzan la voz pidiendo justicia por asesinato de Lourdes Maldonado\" \/>\n<meta property=\"og:description\" content=\"Foro Nacional de Periodistas y Comunicadores A.C. Guadalajara, Jalisco, M\u00e9xico. 24 de enero de 2022 Los 24 comit\u00e9s estatales que conformamos el Foro Nacional de Periodistas y Comunicadores A.C, condenamos el artero asesinato de la periodista Lourdes Maldonado L\u00f3pez y exigimos a los gobiernos: federales, al estatal de Baja California y al municipio de Tijuana, [&hellip;]\" \/>\n<meta property=\"og:url\" content=\"https:\/\/soledaddurazo.com\/blog\/2022\/01\/24\/foro-nacional-de-periodistas-y-comunicadores-a-c-alzan-la-voz-pidiendo-justicia-por-asesinato-de-lourdes-maldonado\/\" \/>\n<meta property=\"og:site_name\" content=\"Periodista SoledadDurazo.com\" \/>\n<meta property=\"article:publisher\" content=\"https:\/\/www.facebook.com\/soledad.durazo.9\/\" \/>\n<meta property=\"article:published_time\" content=\"2022-01-25T04:48:52+00:00\" \/>\n<meta property=\"og:image\" content=\"https:\/\/soledaddurazo.com\/storage\/2022\/01\/periodismo_crop1570319657976.jpg_1902800913.jpg\" \/>\n\t<meta property=\"og:image:width\" content=\"1200\" \/>\n\t<meta property=\"og:image:height\" content=\"900\" \/>\n<meta name=\"twitter:card\" content=\"summary_large_image\" \/>\n<meta name=\"twitter:creator\" content=\"@SoledadDurazo\" \/>\n<meta name=\"twitter:site\" content=\"@SoledadDurazo\" \/>\n<meta name=\"twitter:label1\" content=\"Escrito por\" \/>\n\t<meta name=\"twitter:data1\" content=\"Redacci\u00f3n\" \/>\n\t<meta name=\"twitter:label2\" content=\"Tiempo de lectura\" \/>\n\t<meta name=\"twitter:data2\" content=\"2 minutos\" \/>\n<script type=\"application\/ld+json\" class=\"yoast-schema-graph\">{\"@context\":\"https:\/\/schema.org\",\"@graph\":[{\"@type\":\"Organization\",\"@id\":\"https:\/\/soledaddurazo.com\/#organization\",\"name\":\"Soledad Durazo\",\"url\":\"https:\/\/soledaddurazo.com\/\",\"sameAs\":[\"https:\/\/www.facebook.com\/soledad.durazo.9\/\",\"https:\/\/www.instagram.com\/soledaddurazo\",\"https:\/\/www.youtube.com\/channel\/UC9yGPw8-Vbl_B2XNkRwPS-w\",\"https:\/\/twitter.com\/SoledadDurazo\"],\"logo\":{\"@type\":\"ImageObject\",\"@id\":\"https:\/\/soledaddurazo.com\/#logo\",\"inLanguage\":\"es\",\"url\":\"https:\/\/soledaddurazo.com\/storage\/2021\/11\/nllp-720x375-1-2.png\",\"contentUrl\":\"https:\/\/soledaddurazo.com\/storage\/2021\/11\/nllp-720x375-1-2.png\",\"width\":720,\"height\":375,\"caption\":\"Soledad Durazo\"},\"image\":{\"@id\":\"https:\/\/soledaddurazo.com\/#logo\"}},{\"@type\":\"WebSite\",\"@id\":\"https:\/\/soledaddurazo.com\/#website\",\"url\":\"https:\/\/soledaddurazo.com\/\",\"name\":\"Periodista SoledadDurazo.com\",\"description\":\"Periodista sonorense. Directora de www.SoledadDurazo.com Columnista, conductora de radio y Tv. Catedr\\u00e1tica en la UNISON\",\"publisher\":{\"@id\":\"https:\/\/soledaddurazo.com\/#organization\"},\"potentialAction\":[{\"@type\":\"SearchAction\",\"target\":{\"@type\":\"EntryPoint\",\"urlTemplate\":\"https:\/\/soledaddurazo.com\/?s={search_term_string}\"},\"query-input\":\"required name=search_term_string\"}],\"inLanguage\":\"es\"},{\"@type\":\"ImageObject\",\"@id\":\"https:\/\/soledaddurazo.com\/blog\/2022\/01\/24\/foro-nacional-de-periodistas-y-comunicadores-a-c-alzan-la-voz-pidiendo-justicia-por-asesinato-de-lourdes-maldonado\/#primaryimage\",\"inLanguage\":\"es\",\"url\":\"https:\/\/soledaddurazo.com\/storage\/2022\/01\/periodismo_crop1570319657976.jpg_1902800913.jpg\",\"contentUrl\":\"https:\/\/soledaddurazo.com\/storage\/2022\/01\/periodismo_crop1570319657976.jpg_1902800913.jpg\",\"width\":1200,\"height\":900},{\"@type\":\"WebPage\",\"@id\":\"https:\/\/soledaddurazo.com\/blog\/2022\/01\/24\/foro-nacional-de-periodistas-y-comunicadores-a-c-alzan-la-voz-pidiendo-justicia-por-asesinato-de-lourdes-maldonado\/#webpage\",\"url\":\"https:\/\/soledaddurazo.com\/blog\/2022\/01\/24\/foro-nacional-de-periodistas-y-comunicadores-a-c-alzan-la-voz-pidiendo-justicia-por-asesinato-de-lourdes-maldonado\/\",\"name\":\"Foro Nacional de Periodistas y Comunicadores A.C. alzan la voz pidiendo justicia por asesinato de Lourdes Maldonado - Periodista SoledadDurazo.com\",\"isPartOf\":{\"@id\":\"https:\/\/soledaddurazo.com\/#website\"},\"primaryImageOfPage\":{\"@id\":\"https:\/\/soledaddurazo.com\/blog\/2022\/01\/24\/foro-nacional-de-periodistas-y-comunicadores-a-c-alzan-la-voz-pidiendo-justicia-por-asesinato-de-lourdes-maldonado\/#primaryimage\"},\"datePublished\":\"2022-01-25T04:48:52+00:00\",\"dateModified\":\"2022-01-25T04:48:52+00:00\",\"breadcrumb\":{\"@id\":\"https:\/\/soledaddurazo.com\/blog\/2022\/01\/24\/foro-nacional-de-periodistas-y-comunicadores-a-c-alzan-la-voz-pidiendo-justicia-por-asesinato-de-lourdes-maldonado\/#breadcrumb\"},\"inLanguage\":\"es\",\"potentialAction\":[{\"@type\":\"ReadAction\",\"target\":[\"https:\/\/soledaddurazo.com\/blog\/2022\/01\/24\/foro-nacional-de-periodistas-y-comunicadores-a-c-alzan-la-voz-pidiendo-justicia-por-asesinato-de-lourdes-maldonado\/\"]}]},{\"@type\":\"BreadcrumbList\",\"@id\":\"https:\/\/soledaddurazo.com\/blog\/2022\/01\/24\/foro-nacional-de-periodistas-y-comunicadores-a-c-alzan-la-voz-pidiendo-justicia-por-asesinato-de-lourdes-maldonado\/#breadcrumb\",\"itemListElement\":[{\"@type\":\"ListItem\",\"position\":1,\"name\":\"Home\",\"item\":\"https:\/\/soledaddurazo.com\/\"},{\"@type\":\"ListItem\",\"position\":2,\"name\":\"Foro Nacional de Periodistas y Comunicadores A.C. alzan la voz pidiendo justicia por asesinato de Lourdes Maldonado\"}]},{\"@type\":\"Article\",\"@id\":\"https:\/\/soledaddurazo.com\/blog\/2022\/01\/24\/foro-nacional-de-periodistas-y-comunicadores-a-c-alzan-la-voz-pidiendo-justicia-por-asesinato-de-lourdes-maldonado\/#article\",\"isPartOf\":{\"@id\":\"https:\/\/soledaddurazo.com\/blog\/2022\/01\/24\/foro-nacional-de-periodistas-y-comunicadores-a-c-alzan-la-voz-pidiendo-justicia-por-asesinato-de-lourdes-maldonado\/#webpage\"},\"author\":{\"@id\":\"https:\/\/soledaddurazo.com\/#\/schema\/person\/822d8e13aa288585e6546f179853758b\"},\"headline\":\"Foro Nacional de Periodistas y Comunicadores A.C. alzan la voz pidiendo justicia por asesinato de Lourdes Maldonado\",\"datePublished\":\"2022-01-25T04:48:52+00:00\",\"dateModified\":\"2022-01-25T04:48:52+00:00\",\"mainEntityOfPage\":{\"@id\":\"https:\/\/soledaddurazo.com\/blog\/2022\/01\/24\/foro-nacional-de-periodistas-y-comunicadores-a-c-alzan-la-voz-pidiendo-justicia-por-asesinato-de-lourdes-maldonado\/#webpage\"},\"wordCount\":496,\"commentCount\":0,\"publisher\":{\"@id\":\"https:\/\/soledaddurazo.com\/#organization\"},\"image\":{\"@id\":\"https:\/\/soledaddurazo.com\/blog\/2022\/01\/24\/foro-nacional-de-periodistas-y-comunicadores-a-c-alzan-la-voz-pidiendo-justicia-por-asesinato-de-lourdes-maldonado\/#primaryimage\"},\"thumbnailUrl\":\"https:\/\/soledaddurazo.com\/storage\/2022\/01\/periodismo_crop1570319657976.jpg_1902800913.jpg\",\"articleSection\":[\"Mi Sonora\"],\"inLanguage\":\"es\",\"potentialAction\":[{\"@type\":\"CommentAction\",\"name\":\"Comment\",\"target\":[\"https:\/\/soledaddurazo.com\/blog\/2022\/01\/24\/foro-nacional-de-periodistas-y-comunicadores-a-c-alzan-la-voz-pidiendo-justicia-por-asesinato-de-lourdes-maldonado\/#respond\"]}]},{\"@type\":\"Person\",\"@id\":\"https:\/\/soledaddurazo.com\/#\/schema\/person\/822d8e13aa288585e6546f179853758b\",\"name\":\"Redacci\\u00f3n\",\"image\":{\"@type\":\"ImageObject\",\"@id\":\"https:\/\/soledaddurazo.com\/#personlogo\",\"inLanguage\":\"es\",\"url\":\"https:\/\/secure.gravatar.com\/avatar\/c4e193752f756fd61f04deebed3a3a20dc188d37edb53682d313ac57f2725d54?s=96&d=mm&r=g\",\"contentUrl\":\"https:\/\/secure.gravatar.com\/avatar\/c4e193752f756fd61f04deebed3a3a20dc188d37edb53682d313ac57f2725d54?s=96&d=mm&r=g\",\"caption\":\"Redacci\\u00f3n\"},\"sameAs\":[\"https:\/\/soledaddurazo.com\"]}]}<\/script>\n ","yoast_head_json":{"title":"Foro Nacional de Periodistas y Comunicadores A.C. alzan la voz pidiendo justicia por asesinato de Lourdes Maldonado - Periodista SoledadDurazo.com","robots":{"index":"index","follow":"follow","max-snippet":"max-snippet:-1","max-image-preview":"max-image-preview:large","max-video-preview":"max-video-preview:-1"},"canonical":"https:\/\/soledaddurazo.com\/blog\/2022\/01\/24\/foro-nacional-de-periodistas-y-comunicadores-a-c-alzan-la-voz-pidiendo-justicia-por-asesinato-de-lourdes-maldonado\/","og_locale":"es_MX","og_type":"article","og_title":"Foro Nacional de Periodistas y Comunicadores A.C. alzan la voz pidiendo justicia por asesinato de Lourdes Maldonado","og_description":"Foro Nacional de Periodistas y Comunicadores A.C. Guadalajara, Jalisco, M\u00e9xico. 24 de enero de 2022 Los 24 comit\u00e9s estatales que conformamos el Foro Nacional de Periodistas y Comunicadores A.C, condenamos el artero asesinato de la periodista Lourdes Maldonado L\u00f3pez y exigimos a los gobiernos: federales, al estatal de Baja California y al municipio de Tijuana, [&hellip;]","og_url":"https:\/\/soledaddurazo.com\/blog\/2022\/01\/24\/foro-nacional-de-periodistas-y-comunicadores-a-c-alzan-la-voz-pidiendo-justicia-por-asesinato-de-lourdes-maldonado\/","og_site_name":"Periodista SoledadDurazo.com","article_publisher":"https:\/\/www.facebook.com\/soledad.durazo.9\/","article_published_time":"2022-01-25T04:48:52+00:00","og_image":[{"width":1200,"height":900,"url":"https:\/\/soledaddurazo.com\/storage\/2022\/01\/periodismo_crop1570319657976.jpg_1902800913.jpg","type":"image\/jpeg"}],"twitter_card":"summary_large_image","twitter_creator":"@SoledadDurazo","twitter_site":"@SoledadDurazo","twitter_misc":{"Escrito por":"Redacci\u00f3n","Tiempo de lectura":"2 minutos"},"schema":{"@context":"https:\/\/schema.org","@graph":[{"@type":"Organization","@id":"https:\/\/soledaddurazo.com\/#organization","name":"Soledad Durazo","url":"https:\/\/soledaddurazo.com\/","sameAs":["https:\/\/www.facebook.com\/soledad.durazo.9\/","https:\/\/www.instagram.com\/soledaddurazo","https:\/\/www.youtube.com\/channel\/UC9yGPw8-Vbl_B2XNkRwPS-w","https:\/\/twitter.com\/SoledadDurazo"],"logo":{"@type":"ImageObject","@id":"https:\/\/soledaddurazo.com\/#logo","inLanguage":"es","url":"https:\/\/soledaddurazo.com\/storage\/2021\/11\/nllp-720x375-1-2.png","contentUrl":"https:\/\/soledaddurazo.com\/storage\/2021\/11\/nllp-720x375-1-2.png","width":720,"height":375,"caption":"Soledad Durazo"},"image":{"@id":"https:\/\/soledaddurazo.com\/#logo"}},{"@type":"WebSite","@id":"https:\/\/soledaddurazo.com\/#website","url":"https:\/\/soledaddurazo.com\/","name":"Periodista SoledadDurazo.com","description":"Periodista sonorense. Directora de www.SoledadDurazo.com Columnista, conductora de radio y Tv. Catedr\u00e1tica en la UNISON","publisher":{"@id":"https:\/\/soledaddurazo.com\/#organization"},"potentialAction":[{"@type":"SearchAction","target":{"@type":"EntryPoint","urlTemplate":"https:\/\/soledaddurazo.com\/?s={search_term_string}"},"query-input":"required name=search_term_string"}],"inLanguage":"es"},{"@type":"ImageObject","@id":"https:\/\/soledaddurazo.com\/blog\/2022\/01\/24\/foro-nacional-de-periodistas-y-comunicadores-a-c-alzan-la-voz-pidiendo-justicia-por-asesinato-de-lourdes-maldonado\/#primaryimage","inLanguage":"es","url":"https:\/\/soledaddurazo.com\/storage\/2022\/01\/periodismo_crop1570319657976.jpg_1902800913.jpg","contentUrl":"https:\/\/soledaddurazo.com\/storage\/2022\/01\/periodismo_crop1570319657976.jpg_1902800913.jpg","width":1200,"height":900},{"@type":"WebPage","@id":"https:\/\/soledaddurazo.com\/blog\/2022\/01\/24\/foro-nacional-de-periodistas-y-comunicadores-a-c-alzan-la-voz-pidiendo-justicia-por-asesinato-de-lourdes-maldonado\/#webpage","url":"https:\/\/soledaddurazo.com\/blog\/2022\/01\/24\/foro-nacional-de-periodistas-y-comunicadores-a-c-alzan-la-voz-pidiendo-justicia-por-asesinato-de-lourdes-maldonado\/","name":"Foro Nacional de Periodistas y Comunicadores A.C. alzan la voz pidiendo justicia por asesinato de Lourdes Maldonado - Periodista SoledadDurazo.com","isPartOf":{"@id":"https:\/\/soledaddurazo.com\/#website"},"primaryImageOfPage":{"@id":"https:\/\/soledaddurazo.com\/blog\/2022\/01\/24\/foro-nacional-de-periodistas-y-comunicadores-a-c-alzan-la-voz-pidiendo-justicia-por-asesinato-de-lourdes-maldonado\/#primaryimage"},"datePublished":"2022-01-25T04:48:52+00:00","dateModified":"2022-01-25T04:48:52+00:00","breadcrumb":{"@id":"https:\/\/soledaddurazo.com\/blog\/2022\/01\/24\/foro-nacional-de-periodistas-y-comunicadores-a-c-alzan-la-voz-pidiendo-justicia-por-asesinato-de-lourdes-maldonado\/#breadcrumb"},"inLanguage":"es","potentialAction":[{"@type":"ReadAction","target":["https:\/\/soledaddurazo.com\/blog\/2022\/01\/24\/foro-nacional-de-periodistas-y-comunicadores-a-c-alzan-la-voz-pidiendo-justicia-por-asesinato-de-lourdes-maldonado\/"]}]},{"@type":"BreadcrumbList","@id":"https:\/\/soledaddurazo.com\/blog\/2022\/01\/24\/foro-nacional-de-periodistas-y-comunicadores-a-c-alzan-la-voz-pidiendo-justicia-por-asesinato-de-lourdes-maldonado\/#breadcrumb","itemListElement":[{"@type":"ListItem","position":1,"name":"Home","item":"https:\/\/soledaddurazo.com\/"},{"@type":"ListItem","position":2,"name":"Foro Nacional de Periodistas y Comunicadores A.C. alzan la voz pidiendo justicia por asesinato de Lourdes Maldonado"}]},{"@type":"Article","@id":"https:\/\/soledaddurazo.com\/blog\/2022\/01\/24\/foro-nacional-de-periodistas-y-comunicadores-a-c-alzan-la-voz-pidiendo-justicia-por-asesinato-de-lourdes-maldonado\/#article","isPartOf":{"@id":"https:\/\/soledaddurazo.com\/blog\/2022\/01\/24\/foro-nacional-de-periodistas-y-comunicadores-a-c-alzan-la-voz-pidiendo-justicia-por-asesinato-de-lourdes-maldonado\/#webpage"},"author":{"@id":"https:\/\/soledaddurazo.com\/#\/schema\/person\/822d8e13aa288585e6546f179853758b"},"headline":"Foro Nacional de Periodistas y Comunicadores A.C. alzan la voz pidiendo justicia por asesinato de Lourdes Maldonado","datePublished":"2022-01-25T04:48:52+00:00","dateModified":"2022-01-25T04:48:52+00:00","mainEntityOfPage":{"@id":"https:\/\/soledaddurazo.com\/blog\/2022\/01\/24\/foro-nacional-de-periodistas-y-comunicadores-a-c-alzan-la-voz-pidiendo-justicia-por-asesinato-de-lourdes-maldonado\/#webpage"},"wordCount":496,"commentCount":0,"publisher":{"@id":"https:\/\/soledaddurazo.com\/#organization"},"image":{"@id":"https:\/\/soledaddurazo.com\/blog\/2022\/01\/24\/foro-nacional-de-periodistas-y-comunicadores-a-c-alzan-la-voz-pidiendo-justicia-por-asesinato-de-lourdes-maldonado\/#primaryimage"},"thumbnailUrl":"https:\/\/soledaddurazo.com\/storage\/2022\/01\/periodismo_crop1570319657976.jpg_1902800913.jpg","articleSection":["Mi Sonora"],"inLanguage":"es","potentialAction":[{"@type":"CommentAction","name":"Comment","target":["https:\/\/soledaddurazo.com\/blog\/2022\/01\/24\/foro-nacional-de-periodistas-y-comunicadores-a-c-alzan-la-voz-pidiendo-justicia-por-asesinato-de-lourdes-maldonado\/#respond"]}]},{"@type":"Person","@id":"https:\/\/soledaddurazo.com\/#\/schema\/person\/822d8e13aa288585e6546f179853758b","name":"Redacci\u00f3n","image":{"@type":"ImageObject","@id":"https:\/\/soledaddurazo.com\/#personlogo","inLanguage":"es","url":"https:\/\/secure.gravatar.com\/avatar\/c4e193752f756fd61f04deebed3a3a20dc188d37edb53682d313ac57f2725d54?s=96&d=mm&r=g","contentUrl":"https:\/\/secure.gravatar.com\/avatar\/c4e193752f756fd61f04deebed3a3a20dc188d37edb53682d313ac57f2725d54?s=96&d=mm&r=g","caption":"Redacci\u00f3n"},"sameAs":["https:\/\/soledaddurazo.com"]}]}},"_links":{"self":[{"href":"https:\/\/soledaddurazo.com\/api\/wp\/v2\/posts\/12814","targetHints":{"allow":["GET"]}}],"collection":[{"href":"https:\/\/soledaddurazo.com\/api\/wp\/v2\/posts"}],"about":[{"href":"https:\/\/soledaddurazo.com\/api\/wp\/v2\/types\/post"}],"author":[{"embeddable":true,"href":"https:\/\/soledaddurazo.com\/api\/wp\/v2\/users\/1"}],"replies":[{"embeddable":true,"href":"https:\/\/soledaddurazo.com\/api\/wp\/v2\/comments?post=12814"}],"version-history":[{"count":1,"href":"https:\/\/soledaddurazo.com\/api\/wp\/v2\/posts\/12814\/revisions"}],"predecessor-version":[{"id":12816,"href":"https:\/\/soledaddurazo.com\/api\/wp\/v2\/posts\/12814\/revisions\/12816"}],"wp:featuredmedia":[{"embeddable":true,"href":"https:\/\/soledaddurazo.com\/api\/wp\/v2\/media\/12815"}],"wp:attachment":[{"href":"https:\/\/soledaddurazo.com\/api\/wp\/v2\/media?parent=12814"}],"wp:term":[{"taxonomy":"category","embeddable":true,"href":"https:\/\/soledaddurazo.com\/api\/wp\/v2\/categories?post=12814"},{"taxonomy":"post_tag","embeddable":true,"href":"https:\/\/soledaddurazo.com\/api\/wp\/v2\/tags?post=12814"}],"curies":[{"name":"wp","href":"https:\/\/api.w.org\/{rel}","templated":true}]}}