{"id":12809,"date":"2022-01-24T15:26:53","date_gmt":"2022-01-24T22:26:53","guid":{"rendered":"https:\/\/soledaddurazo.com\/?p=12809"},"modified":"2022-01-24T15:26:53","modified_gmt":"2022-01-24T22:26:53","slug":"de-testamento-politico-a-testamento-maldito","status":"publish","type":"post","link":"https:\/\/soledaddurazo.com\/blog\/2022\/01\/24\/de-testamento-politico-a-testamento-maldito\/","title":{"rendered":"De testamento pol\u00edtico a testamento maldito"},"content":{"rendered":"<p>Una semana de gatos negros para los megaproyectos que impulsa el Gobierno del Presidente Andr\u00e9s Manuel L\u00f3pez Obrador, concluy\u00f3 con una inesperada, al menos para la opini\u00f3n p\u00fablica, afectaci\u00f3n de salud del mandatario.<br \/>\nLa semana pasada el nuevo titular del FONATUR, Javier May, inform\u00f3 que se modific\u00f3 por cuarta ocasi\u00f3n la ruta del tren Maya, en este nuevo trazo, se decidi\u00f3 excluir a Playa del Carmen de la ruta y que el tramo de Tulum a Canc\u00fan, sea a ras de piso.<br \/>\nOriginalmente, las v\u00edas del tren estar\u00edan en la parte central de la carretera desde Canc\u00fan hasta Playa del Carmen, pero representar\u00eda volver a hacer la carretera y tumbar los puentes elevados de la ruta. Un a\u00f1o despu\u00e9s se proyect\u00f3 que la ruta ser\u00eda de manera elevada a un costado de la carretera, en diciembre del a\u00f1o pasado, se volvi\u00f3 a modificar el proyecto, las v\u00edas ya no ir\u00edan por el centro de la carretera, ni de manera elevada, sino a un costado de la carretera.<\/p>\n<p>Excluir de la ruta del tren Maya a Playa del Carmen, permitir\u00e1 que se termine a tiempo el proyecto, afirm\u00f3 el Presidente L\u00f3pez Obrador sobre la cuarta modificaci\u00f3n de la megaobra programada para entregarse para finales del a\u00f1o 2023.<br \/>\nUn reporte de Bloomberg indica que el costo de la obra de la refiner\u00eda Dos Bocas, tasado originalmente en 8 mil millones de d\u00f3lares, se increment\u00f3 a 12 mil 500 millones de d\u00f3lares, adem\u00e1s de que hay retraso en las obras, por lo que estima que dif\u00edcilmente se podr\u00e1 terminar el proyecto para junio de 2022 como estaba programado y prometido. El megaproyecto de la Refiner\u00eda de Dos Bocas, es una de las apuestas del Gobierno Federal encabezado por Andr\u00e9s Manuel L\u00f3pez Obrador para la autosuficiencia energ\u00e9tica y que M\u00e9xico deje de importar gasolina.<br \/>\nEn el marco de la Reforma Energ\u00e9tica propuesta por el Gobierno Federal, que se discute bajo el esquema de parlamento abierto, visit\u00f3 M\u00e9xico la Secretaria de Energ\u00eda del Gobierno de Estados Unidos, Jennifer Granholm. M\u00e1s all\u00e1 de lo que el Gobierno Federal declar\u00f3 despu\u00e9s de la reuni\u00f3n, un twitt, vale m\u00e1s que mil comunicados.<br \/>\nLa Embajada de Estados Unidos en M\u00e9xico, public\u00f3 en su cuenta de twitter lo siguiente \u201cEn cada reuni\u00f3n, transmitimos expresamente las preocupaciones reales de la administraci\u00f3n Biden-Harris sobre el potencial impacto negativo de las reformas energ\u00e9ticas propuestas por M\u00e9xico, a la inversi\u00f3n privada estadounidense en M\u00e9xico\u201d.<br \/>\nEl viernes el Presidente L\u00f3pez Obrador, acudi\u00f3 al Hospital Central Militar a realizarse un cateterismo, despu\u00e9s de 24 largas horas internado, fue dado de alta y mand\u00f3 un mensaje a la naci\u00f3n, en la que dijo que estar bien de salud y listo para reanudar sus actividades con normalidad.<br \/>\nDijo que por los antecedentes de salud que presenta, ya tiene su testamento pol\u00edtico, por el proceso de transformaci\u00f3n que atraviesa el pa\u00eds. Creo que el Presidente se vol\u00f3 la barda con esta declaraci\u00f3n, que m\u00e1s que una realidad, es un distractor sobre los asuntos verdaderamente importantes para el pa\u00eds.<br \/>\nM\u00e1s vale que le apure el Presidente L\u00f3pez Obrador a dar resultados en su gobierno, si es que quiere ser recordado por su testamento pol\u00edtico, que, por su testamento maldito, transita por una delgada l\u00ednea.<br \/>\nAh\u00ed tenemos el fracaso en la gesti\u00f3n de la pandemia del coronavirus que supera los 600 mil muertos; despu\u00e9s de tres a\u00f1os, sigue el desabasto de medicinas, el INSABI ha demostrado una incapacidad monumental para adquirir la totalidad de los medicamentos que necesita el sector salud; la desaparici\u00f3n del Seguro Popular ha sido un gran fracaso, este programa demostr\u00f3 otorgar muchos m\u00e1s beneficios para la mayor\u00eda de mexicanos que no tienen seguridad social que los que ofrece el INSABI; en econom\u00eda, queda como un recuerdo lejano cuando el Producto Interno Bruto de M\u00e9xico crec\u00eda al 2% anual sostenidamente, que parec\u00eda mediocre, pero comparado con el nulo crecimiento de la econom\u00eda en tres a\u00f1os del Gobierno de la Cuarta Transformaci\u00f3n, luce gigantesco.<br \/>\nVale m\u00e1s enfocarse en lo importante y no perder el tiempo en testamentos, la Constituci\u00f3n prev\u00e9 cualquier ausencia del Mandatario.<br \/>\nPERIODISTA BAJO FUEGO<br \/>\nViolento y triste arranque del 2022 para el gremio period\u00edstico en M\u00e9xico, ayer fue asesinada a tiros, en la ciudad de Tijuana, a bordo de su humilde veh\u00edculo, cuando llegaba a su domicilio en la colonia P\u00f3rticos de San Antonio, la periodista Lourdes Maldonado.<br \/>\nEn marzo de 2019, Lourdes Maldonado fue a solicitar protecci\u00f3n de la justicia en la conferencia de prensa ma\u00f1anera, debido a que manten\u00eda un litigio laboral en una compa\u00f1\u00eda televisora, propiedad del ex Gobernador Jaime Bonilla, desde entonces fue acogida por el mecanismo de protecci\u00f3n a periodistas, la patrulla que la custodiaba en su vivienda se acababa de retirar.<br \/>\nEs el segundo asesinato en menos de una semana en Tijuana, el fotoperiodista. Margarito Mart\u00ednez fue asesinado a tiros y tercero del a\u00f1o, el periodista Jos\u00e9 Luis Gamboa, fue apu\u00f1alado en Veracruz el 10 de enero. Son 51 periodistas asesinados en M\u00e9xico durante el actual sexenio, muchos de estas muertas est\u00e1n relacionadas al riesgo del ejercicio de la profesi\u00f3n.<br \/>\nPRESIDENTE MUNICIPAL DE S.L.R.C. MAL ACONSEJADO<br \/>\nMal aconsejan al Presidente Municipal de San Luis R\u00edo Colorado, Santos Gonz\u00e1lez Yescas, que la emprendi\u00f3 contra medios de comunicaci\u00f3n, al calificar de una burla e irresponsabilidad, la cobertura que realizan sobre las constantes balaceras y ejecuciones que se han desatado en semanas recientes.<br \/>\nEs carnita para los adversarios de su gobierno, dijo Santos Gonz\u00e1lez, deben de esperar a la informaci\u00f3n oficial que proporciona el Ayuntamiento y no apresurarse. Extraoficialmente ya son dos decenas de ejecutados en lo que va del mes en San Luis, aunque habr\u00e1 que esperar el conteo oficial al finalizar el mes.<br \/>\nEs innegable, que San Luis R\u00edo Colorado, sufre una crisis de inseguridad, los tres \u00f3rdenes de gobierno, deben de actuar de inmediato, antes de que se descomponga como Cajeme, Guaymas y Empalme.<br \/>\nPara los amigos de todo el sur de Sonora, los invito a escuchar de 13:00 a 14:00 horas, SONORA EN RED NOTICIAS, espacio que comparto con mi amigo Arturo Chapo Soto, por el 93.3 del cuadrante de F.M. que tambi\u00e9n puede ser visto, a pesar de la cara que nos aventamos, por la se\u00f1al del canal 14 de TV Azteca Tucson, para todo el sur de Arizona. No se lo pierdan.<br \/>\nPodemos interactuar a trav\u00e9s de mi cuenta de Twitter @feroropeza20 o en mi correo electr\u00f3nico luiso@hmo.megared.net.mx<\/p>\n","protected":false},"excerpt":{"rendered":"<p>Una semana de gatos negros para los megaproyectos que impulsa el Gobierno del Presidente Andr\u00e9s Manuel L\u00f3pez Obrador, concluy\u00f3 con una inesperada, al menos para la opini\u00f3n p\u00fablica, afectaci\u00f3n de salud del mandatario. La semana pasada el nuevo titular del FONATUR, Javier May, inform\u00f3 que se modific\u00f3 por cuarta ocasi\u00f3n la ruta del tren Maya, [&hellip;]<\/p>\n","protected":false},"author":1,"featured_media":11983,"comment_status":"open","ping_status":"open","sticky":false,"template":"","format":"standard","meta":{"footnotes":""},"categories":[173],"tags":[],"class_list":["post"],"yoast_head":" \n<title>De testamento pol\u00edtico a testamento maldito - Periodista SoledadDurazo.com<\/title>\n<meta name=\"robots\" content=\"index, follow, max-snippet:-1, max-image-preview:large, max-video-preview:-1\" \/>\n<link rel=\"canonical\" href=\"https:\/\/soledaddurazo.com\/blog\/2022\/01\/24\/de-testamento-politico-a-testamento-maldito\/\" \/>\n<meta property=\"og:locale\" content=\"es_MX\" \/>\n<meta property=\"og:type\" content=\"article\" \/>\n<meta property=\"og:title\" content=\"De testamento pol\u00edtico a testamento maldito\" \/>\n<meta property=\"og:description\" content=\"Una semana de gatos negros para los megaproyectos que impulsa el Gobierno del Presidente Andr\u00e9s Manuel L\u00f3pez Obrador, concluy\u00f3 con una inesperada, al menos para la opini\u00f3n p\u00fablica, afectaci\u00f3n de salud del mandatario. La semana pasada el nuevo titular del FONATUR, Javier May, inform\u00f3 que se modific\u00f3 por cuarta ocasi\u00f3n la ruta del tren Maya, [&hellip;]\" \/>\n<meta property=\"og:url\" content=\"https:\/\/soledaddurazo.com\/blog\/2022\/01\/24\/de-testamento-politico-a-testamento-maldito\/\" \/>\n<meta property=\"og:site_name\" content=\"Periodista SoledadDurazo.com\" \/>\n<meta property=\"article:publisher\" content=\"https:\/\/www.facebook.com\/soledad.durazo.9\/\" \/>\n<meta property=\"article:published_time\" content=\"2022-01-24T22:26:53+00:00\" \/>\n<meta property=\"og:image\" content=\"https:\/\/soledaddurazo.com\/storage\/2021\/11\/FOTO-FERNANDO-OROPEZA-1-750x375-1.jpg\" \/>\n\t<meta property=\"og:image:width\" content=\"750\" \/>\n\t<meta property=\"og:image:height\" content=\"375\" \/>\n<meta name=\"twitter:card\" content=\"summary_large_image\" \/>\n<meta name=\"twitter:creator\" content=\"@SoledadDurazo\" \/>\n<meta name=\"twitter:site\" content=\"@SoledadDurazo\" \/>\n<meta name=\"twitter:label1\" content=\"Escrito por\" \/>\n\t<meta name=\"twitter:data1\" content=\"Redacci\u00f3n\" \/>\n\t<meta name=\"twitter:label2\" content=\"Tiempo de lectura\" \/>\n\t<meta name=\"twitter:data2\" content=\"5 minutos\" \/>\n<script type=\"application\/ld+json\" class=\"yoast-schema-graph\">{\"@context\":\"https:\/\/schema.org\",\"@graph\":[{\"@type\":\"Organization\",\"@id\":\"https:\/\/soledaddurazo.com\/#organization\",\"name\":\"Soledad Durazo\",\"url\":\"https:\/\/soledaddurazo.com\/\",\"sameAs\":[\"https:\/\/www.facebook.com\/soledad.durazo.9\/\",\"https:\/\/www.instagram.com\/soledaddurazo\",\"https:\/\/www.youtube.com\/channel\/UC9yGPw8-Vbl_B2XNkRwPS-w\",\"https:\/\/twitter.com\/SoledadDurazo\"],\"logo\":{\"@type\":\"ImageObject\",\"@id\":\"https:\/\/soledaddurazo.com\/#logo\",\"inLanguage\":\"es\",\"url\":\"https:\/\/soledaddurazo.com\/storage\/2021\/11\/nllp-720x375-1-2.png\",\"contentUrl\":\"https:\/\/soledaddurazo.com\/storage\/2021\/11\/nllp-720x375-1-2.png\",\"width\":720,\"height\":375,\"caption\":\"Soledad Durazo\"},\"image\":{\"@id\":\"https:\/\/soledaddurazo.com\/#logo\"}},{\"@type\":\"WebSite\",\"@id\":\"https:\/\/soledaddurazo.com\/#website\",\"url\":\"https:\/\/soledaddurazo.com\/\",\"name\":\"Periodista SoledadDurazo.com\",\"description\":\"Periodista sonorense. Directora de www.SoledadDurazo.com Columnista, conductora de radio y Tv. Catedr\\u00e1tica en la UNISON\",\"publisher\":{\"@id\":\"https:\/\/soledaddurazo.com\/#organization\"},\"potentialAction\":[{\"@type\":\"SearchAction\",\"target\":{\"@type\":\"EntryPoint\",\"urlTemplate\":\"https:\/\/soledaddurazo.com\/?s={search_term_string}\"},\"query-input\":\"required name=search_term_string\"}],\"inLanguage\":\"es\"},{\"@type\":\"ImageObject\",\"@id\":\"https:\/\/soledaddurazo.com\/blog\/2022\/01\/24\/de-testamento-politico-a-testamento-maldito\/#primaryimage\",\"inLanguage\":\"es\",\"url\":\"https:\/\/soledaddurazo.com\/storage\/2021\/11\/FOTO-FERNANDO-OROPEZA-1-750x375-1.jpg\",\"contentUrl\":\"https:\/\/soledaddurazo.com\/storage\/2021\/11\/FOTO-FERNANDO-OROPEZA-1-750x375-1.jpg\",\"width\":750,\"height\":375},{\"@type\":\"WebPage\",\"@id\":\"https:\/\/soledaddurazo.com\/blog\/2022\/01\/24\/de-testamento-politico-a-testamento-maldito\/#webpage\",\"url\":\"https:\/\/soledaddurazo.com\/blog\/2022\/01\/24\/de-testamento-politico-a-testamento-maldito\/\",\"name\":\"De testamento pol\\u00edtico a testamento maldito - Periodista SoledadDurazo.com\",\"isPartOf\":{\"@id\":\"https:\/\/soledaddurazo.com\/#website\"},\"primaryImageOfPage\":{\"@id\":\"https:\/\/soledaddurazo.com\/blog\/2022\/01\/24\/de-testamento-politico-a-testamento-maldito\/#primaryimage\"},\"datePublished\":\"2022-01-24T22:26:53+00:00\",\"dateModified\":\"2022-01-24T22:26:53+00:00\",\"breadcrumb\":{\"@id\":\"https:\/\/soledaddurazo.com\/blog\/2022\/01\/24\/de-testamento-politico-a-testamento-maldito\/#breadcrumb\"},\"inLanguage\":\"es\",\"potentialAction\":[{\"@type\":\"ReadAction\",\"target\":[\"https:\/\/soledaddurazo.com\/blog\/2022\/01\/24\/de-testamento-politico-a-testamento-maldito\/\"]}]},{\"@type\":\"BreadcrumbList\",\"@id\":\"https:\/\/soledaddurazo.com\/blog\/2022\/01\/24\/de-testamento-politico-a-testamento-maldito\/#breadcrumb\",\"itemListElement\":[{\"@type\":\"ListItem\",\"position\":1,\"name\":\"Home\",\"item\":\"https:\/\/soledaddurazo.com\/\"},{\"@type\":\"ListItem\",\"position\":2,\"name\":\"De testamento pol\\u00edtico a testamento maldito\"}]},{\"@type\":\"Article\",\"@id\":\"https:\/\/soledaddurazo.com\/blog\/2022\/01\/24\/de-testamento-politico-a-testamento-maldito\/#article\",\"isPartOf\":{\"@id\":\"https:\/\/soledaddurazo.com\/blog\/2022\/01\/24\/de-testamento-politico-a-testamento-maldito\/#webpage\"},\"author\":{\"@id\":\"https:\/\/soledaddurazo.com\/#\/schema\/person\/822d8e13aa288585e6546f179853758b\"},\"headline\":\"De testamento pol\\u00edtico a testamento maldito\",\"datePublished\":\"2022-01-24T22:26:53+00:00\",\"dateModified\":\"2022-01-24T22:26:53+00:00\",\"mainEntityOfPage\":{\"@id\":\"https:\/\/soledaddurazo.com\/blog\/2022\/01\/24\/de-testamento-politico-a-testamento-maldito\/#webpage\"},\"wordCount\":1157,\"commentCount\":0,\"publisher\":{\"@id\":\"https:\/\/soledaddurazo.com\/#organization\"},\"image\":{\"@id\":\"https:\/\/soledaddurazo.com\/blog\/2022\/01\/24\/de-testamento-politico-a-testamento-maldito\/#primaryimage\"},\"thumbnailUrl\":\"https:\/\/soledaddurazo.com\/storage\/2021\/11\/FOTO-FERNANDO-OROPEZA-1-750x375-1.jpg\",\"articleSection\":[\"Fernando Oropeza\"],\"inLanguage\":\"es\",\"potentialAction\":[{\"@type\":\"CommentAction\",\"name\":\"Comment\",\"target\":[\"https:\/\/soledaddurazo.com\/blog\/2022\/01\/24\/de-testamento-politico-a-testamento-maldito\/#respond\"]}]},{\"@type\":\"Person\",\"@id\":\"https:\/\/soledaddurazo.com\/#\/schema\/person\/822d8e13aa288585e6546f179853758b\",\"name\":\"Redacci\\u00f3n\",\"image\":{\"@type\":\"ImageObject\",\"@id\":\"https:\/\/soledaddurazo.com\/#personlogo\",\"inLanguage\":\"es\",\"url\":\"https:\/\/secure.gravatar.com\/avatar\/c4e193752f756fd61f04deebed3a3a20dc188d37edb53682d313ac57f2725d54?s=96&d=mm&r=g\",\"contentUrl\":\"https:\/\/secure.gravatar.com\/avatar\/c4e193752f756fd61f04deebed3a3a20dc188d37edb53682d313ac57f2725d54?s=96&d=mm&r=g\",\"caption\":\"Redacci\\u00f3n\"},\"sameAs\":[\"https:\/\/soledaddurazo.com\"]}]}<\/script>\n ","yoast_head_json":{"title":"De testamento pol\u00edtico a testamento maldito - Periodista SoledadDurazo.com","robots":{"index":"index","follow":"follow","max-snippet":"max-snippet:-1","max-image-preview":"max-image-preview:large","max-video-preview":"max-video-preview:-1"},"canonical":"https:\/\/soledaddurazo.com\/blog\/2022\/01\/24\/de-testamento-politico-a-testamento-maldito\/","og_locale":"es_MX","og_type":"article","og_title":"De testamento pol\u00edtico a testamento maldito","og_description":"Una semana de gatos negros para los megaproyectos que impulsa el Gobierno del Presidente Andr\u00e9s Manuel L\u00f3pez Obrador, concluy\u00f3 con una inesperada, al menos para la opini\u00f3n p\u00fablica, afectaci\u00f3n de salud del mandatario. La semana pasada el nuevo titular del FONATUR, Javier May, inform\u00f3 que se modific\u00f3 por cuarta ocasi\u00f3n la ruta del tren Maya, [&hellip;]","og_url":"https:\/\/soledaddurazo.com\/blog\/2022\/01\/24\/de-testamento-politico-a-testamento-maldito\/","og_site_name":"Periodista SoledadDurazo.com","article_publisher":"https:\/\/www.facebook.com\/soledad.durazo.9\/","article_published_time":"2022-01-24T22:26:53+00:00","og_image":[{"width":750,"height":375,"url":"https:\/\/soledaddurazo.com\/storage\/2021\/11\/FOTO-FERNANDO-OROPEZA-1-750x375-1.jpg","type":"image\/jpeg"}],"twitter_card":"summary_large_image","twitter_creator":"@SoledadDurazo","twitter_site":"@SoledadDurazo","twitter_misc":{"Escrito por":"Redacci\u00f3n","Tiempo de lectura":"5 minutos"},"schema":{"@context":"https:\/\/schema.org","@graph":[{"@type":"Organization","@id":"https:\/\/soledaddurazo.com\/#organization","name":"Soledad Durazo","url":"https:\/\/soledaddurazo.com\/","sameAs":["https:\/\/www.facebook.com\/soledad.durazo.9\/","https:\/\/www.instagram.com\/soledaddurazo","https:\/\/www.youtube.com\/channel\/UC9yGPw8-Vbl_B2XNkRwPS-w","https:\/\/twitter.com\/SoledadDurazo"],"logo":{"@type":"ImageObject","@id":"https:\/\/soledaddurazo.com\/#logo","inLanguage":"es","url":"https:\/\/soledaddurazo.com\/storage\/2021\/11\/nllp-720x375-1-2.png","contentUrl":"https:\/\/soledaddurazo.com\/storage\/2021\/11\/nllp-720x375-1-2.png","width":720,"height":375,"caption":"Soledad Durazo"},"image":{"@id":"https:\/\/soledaddurazo.com\/#logo"}},{"@type":"WebSite","@id":"https:\/\/soledaddurazo.com\/#website","url":"https:\/\/soledaddurazo.com\/","name":"Periodista SoledadDurazo.com","description":"Periodista sonorense. Directora de www.SoledadDurazo.com Columnista, conductora de radio y Tv. Catedr\u00e1tica en la UNISON","publisher":{"@id":"https:\/\/soledaddurazo.com\/#organization"},"potentialAction":[{"@type":"SearchAction","target":{"@type":"EntryPoint","urlTemplate":"https:\/\/soledaddurazo.com\/?s={search_term_string}"},"query-input":"required name=search_term_string"}],"inLanguage":"es"},{"@type":"ImageObject","@id":"https:\/\/soledaddurazo.com\/blog\/2022\/01\/24\/de-testamento-politico-a-testamento-maldito\/#primaryimage","inLanguage":"es","url":"https:\/\/soledaddurazo.com\/storage\/2021\/11\/FOTO-FERNANDO-OROPEZA-1-750x375-1.jpg","contentUrl":"https:\/\/soledaddurazo.com\/storage\/2021\/11\/FOTO-FERNANDO-OROPEZA-1-750x375-1.jpg","width":750,"height":375},{"@type":"WebPage","@id":"https:\/\/soledaddurazo.com\/blog\/2022\/01\/24\/de-testamento-politico-a-testamento-maldito\/#webpage","url":"https:\/\/soledaddurazo.com\/blog\/2022\/01\/24\/de-testamento-politico-a-testamento-maldito\/","name":"De testamento pol\u00edtico a testamento maldito - Periodista SoledadDurazo.com","isPartOf":{"@id":"https:\/\/soledaddurazo.com\/#website"},"primaryImageOfPage":{"@id":"https:\/\/soledaddurazo.com\/blog\/2022\/01\/24\/de-testamento-politico-a-testamento-maldito\/#primaryimage"},"datePublished":"2022-01-24T22:26:53+00:00","dateModified":"2022-01-24T22:26:53+00:00","breadcrumb":{"@id":"https:\/\/soledaddurazo.com\/blog\/2022\/01\/24\/de-testamento-politico-a-testamento-maldito\/#breadcrumb"},"inLanguage":"es","potentialAction":[{"@type":"ReadAction","target":["https:\/\/soledaddurazo.com\/blog\/2022\/01\/24\/de-testamento-politico-a-testamento-maldito\/"]}]},{"@type":"BreadcrumbList","@id":"https:\/\/soledaddurazo.com\/blog\/2022\/01\/24\/de-testamento-politico-a-testamento-maldito\/#breadcrumb","itemListElement":[{"@type":"ListItem","position":1,"name":"Home","item":"https:\/\/soledaddurazo.com\/"},{"@type":"ListItem","position":2,"name":"De testamento pol\u00edtico a testamento maldito"}]},{"@type":"Article","@id":"https:\/\/soledaddurazo.com\/blog\/2022\/01\/24\/de-testamento-politico-a-testamento-maldito\/#article","isPartOf":{"@id":"https:\/\/soledaddurazo.com\/blog\/2022\/01\/24\/de-testamento-politico-a-testamento-maldito\/#webpage"},"author":{"@id":"https:\/\/soledaddurazo.com\/#\/schema\/person\/822d8e13aa288585e6546f179853758b"},"headline":"De testamento pol\u00edtico a testamento maldito","datePublished":"2022-01-24T22:26:53+00:00","dateModified":"2022-01-24T22:26:53+00:00","mainEntityOfPage":{"@id":"https:\/\/soledaddurazo.com\/blog\/2022\/01\/24\/de-testamento-politico-a-testamento-maldito\/#webpage"},"wordCount":1157,"commentCount":0,"publisher":{"@id":"https:\/\/soledaddurazo.com\/#organization"},"image":{"@id":"https:\/\/soledaddurazo.com\/blog\/2022\/01\/24\/de-testamento-politico-a-testamento-maldito\/#primaryimage"},"thumbnailUrl":"https:\/\/soledaddurazo.com\/storage\/2021\/11\/FOTO-FERNANDO-OROPEZA-1-750x375-1.jpg","articleSection":["Fernando Oropeza"],"inLanguage":"es","potentialAction":[{"@type":"CommentAction","name":"Comment","target":["https:\/\/soledaddurazo.com\/blog\/2022\/01\/24\/de-testamento-politico-a-testamento-maldito\/#respond"]}]},{"@type":"Person","@id":"https:\/\/soledaddurazo.com\/#\/schema\/person\/822d8e13aa288585e6546f179853758b","name":"Redacci\u00f3n","image":{"@type":"ImageObject","@id":"https:\/\/soledaddurazo.com\/#personlogo","inLanguage":"es","url":"https:\/\/secure.gravatar.com\/avatar\/c4e193752f756fd61f04deebed3a3a20dc188d37edb53682d313ac57f2725d54?s=96&d=mm&r=g","contentUrl":"https:\/\/secure.gravatar.com\/avatar\/c4e193752f756fd61f04deebed3a3a20dc188d37edb53682d313ac57f2725d54?s=96&d=mm&r=g","caption":"Redacci\u00f3n"},"sameAs":["https:\/\/soledaddurazo.com"]}]}},"_links":{"self":[{"href":"https:\/\/soledaddurazo.com\/api\/wp\/v2\/posts\/12809","targetHints":{"allow":["GET"]}}],"collection":[{"href":"https:\/\/soledaddurazo.com\/api\/wp\/v2\/posts"}],"about":[{"href":"https:\/\/soledaddurazo.com\/api\/wp\/v2\/types\/post"}],"author":[{"embeddable":true,"href":"https:\/\/soledaddurazo.com\/api\/wp\/v2\/users\/1"}],"replies":[{"embeddable":true,"href":"https:\/\/soledaddurazo.com\/api\/wp\/v2\/comments?post=12809"}],"version-history":[{"count":1,"href":"https:\/\/soledaddurazo.com\/api\/wp\/v2\/posts\/12809\/revisions"}],"predecessor-version":[{"id":12810,"href":"https:\/\/soledaddurazo.com\/api\/wp\/v2\/posts\/12809\/revisions\/12810"}],"wp:featuredmedia":[{"embeddable":true,"href":"https:\/\/soledaddurazo.com\/api\/wp\/v2\/media\/11983"}],"wp:attachment":[{"href":"https:\/\/soledaddurazo.com\/api\/wp\/v2\/media?parent=12809"}],"wp:term":[{"taxonomy":"category","embeddable":true,"href":"https:\/\/soledaddurazo.com\/api\/wp\/v2\/categories?post=12809"},{"taxonomy":"post_tag","embeddable":true,"href":"https:\/\/soledaddurazo.com\/api\/wp\/v2\/tags?post=12809"}],"curies":[{"name":"wp","href":"https:\/\/api.w.org\/{rel}","templated":true}]}}