{"id":12581,"date":"2022-01-09T20:03:55","date_gmt":"2022-01-10T03:03:55","guid":{"rendered":"https:\/\/soledaddurazo.com\/?p=12581"},"modified":"2022-01-09T20:03:55","modified_gmt":"2022-01-10T03:03:55","slug":"el-6-de-enero-impresionante-fecha-de-sucesos","status":"publish","type":"post","link":"https:\/\/soledaddurazo.com\/blog\/2022\/01\/09\/el-6-de-enero-impresionante-fecha-de-sucesos\/","title":{"rendered":"El 6 de Enero, Impresionante Fecha de Sucesos"},"content":{"rendered":"<p><strong>SEGUNDA SEMANA DE MAYORES CONTAGIOS PAND\u00c9MICOS<\/strong><\/p>\n<p>Al leer, este mi\u00e9rcoles 6 de enero, la columna \u201cEpistolario\u201d de mi fraternal amigo y colega, catedr\u00e1tico en la UNAM y veterano en las lides period\u00edsticas, reflexione calmadamente y conclu\u00ed que, en buena parte, tiene raz\u00f3n. El ilustre chiapaneco <strong>Armando Rojas Ar\u00e9valo <\/strong>siempre dirige su comentarios a una persona y en esta ocasi\u00f3n escribi\u00f3: \u201c<strong>Lupita: comentaba usted, ayer, que est\u00e1 desalentada con lo que est\u00e1 pasando en el pa\u00eds y con frecuencia le dan ganas de salir huyendo. A veces a m\u00ed tambi\u00e9n. No es posible tanto cinismo y tanta hipocres\u00eda<\/strong>\u201d.<\/p>\n<p>Enseguida Armando revel\u00f3 que ya no quiere redactar su columna, pero que como ciudadano no puede permanecer indiferente o callado y \u201c<strong>es horrible estar con lo mismo todos los d\u00edas<\/strong>\u201c. Sin embargo \u00a0Rojas Ar\u00e9valo entiende que los comentaristas, columnistas y analistas estamos \u201carando en el desierto\u201d y lo \u00fanico que vale es la palabra del tabasque\u00f1o que vive \u201cen modesto departamento\u201d en Palacio Nacional.<\/p>\n<p>Tenemos que hacernos a un lado. El programa televisivo titulado \u201cLas Ma\u00f1aneras\u201d mantendr\u00e1 su l\u00ednea de dividir a los mexicanos, de cerrar los ojos ante las arbitrariedades del gobernador de Veracruz, dejar que el terrorismo fiscal no solo sea tarea del SAT, sino tambi\u00e9n de la jefa de Gobierno de la Ciudad de M\u00e9xico. La pandemia est\u00e1 galopante, pero el gobierno la\u00a0 minimiza. Se hacen \u201cajustes\u201d en el precio de combustibles para reiterar que \u201cno son gasolinazos\u201d\u2026 Mejor, aqu\u00ed salt\u00f3 a comentarios m\u00e1s agradables.<\/p>\n<p><strong>\u00a0<\/strong><\/p>\n<p>Entre los m\u00faltiples acontecimientos registrados en la agenda de efem\u00e9rides, nos enteramos que el 6 de enero en M\u00e9xico es el <strong>D\u00eda de la Enfermera<\/strong> y universalmente es el arribo de los llamados <strong>Tres Reyes Magos<\/strong> a Bel\u00e9n para adorar al Ni\u00f1o Jes\u00fas. Tambi\u00e9n en 6 del mes referido naci\u00f3 una campesina francesa que siglos despu\u00e9s de sus acciones militares fue canonizada, se llam\u00f3 <strong>Juana de Arco<\/strong>. En fechas similares, distintos a\u00f1os, \u00a0es fundada <strong>La Isabela<\/strong>, primera poblaci\u00f3n espa\u00f1ola en Am\u00e9rica y en territorio maya surge la ciudad de <strong>M\u00e9rida<\/strong>, hoy capital de Yucat\u00e1n y conocida como <strong>La Ciudad Blanca.<\/strong><\/p>\n<p><strong>HOMENAJE A LAS ENFERMERAS<\/strong><\/p>\n<p>En esta temporada pand\u00e9mica que comenz\u00f3 en 2020 los mexicanos reconocemos que estamos en deuda con todo el personal que labora en hospitales, cl\u00ednicas, sanatorios y centros de salud por la entrega que tienen para atender a los miles de contagiados de COVID 19, Delta y \u00d3micron, exponiendo su vida. Muchos, lamentablemente, suman miles los que han muerto en el cumplimiento de su deber.<\/p>\n<p>A instancias del doctor <strong>Jos\u00e9 Castro Villagrana<\/strong> desde el a\u00f1o 1931, en nuestro pa\u00eds se instituy\u00f3 el 6 enero como el <strong>D\u00eda de la Enfermera, <\/strong>ahora ampliado a los enfermeros. Queda constancia de que en estos dos \u00faltimos a\u00f1os, miles de enfermeras y enfermeros han trabajado incansablemente. De ese grupo humanitario los y las que sobrevivieron al contagio, no lo pensaron dos veces para reincorporarse a su tarea de ayudar a salvar vidas.<\/p>\n<p>Ni duda que la participaci\u00f3n de mujeres y hombres graduados en las escuelas y facultades universitarias, as\u00ed como en el Instituto Polit\u00e9cnico Nacional, merece el reconocimiento nacional\u00a0 gubernamental y privado. Desde estas l\u00edneas mi reconocimiento a quienes siguen en la lucha para evitar la muerte de sus semejantes.<\/p>\n<p><strong>CAMPESINA, ANALFABETA Y SANTA<\/strong><\/p>\n<p>Impresionante por las haza\u00f1as consumadas en su corta vida y por la inquisitorial condena, <strong>Juana de Arco <\/strong>seguir\u00e1 en lo m\u00e1s alto del reconocimiento universal. Cumplida en su tarea de cuidar un reba\u00f1o de ovejas, inquieta y de pensamiento muy adelantado para su \u00e9poca, nacida el 6 de enero de 1412 en un pueblo franc\u00e9s, la que ser\u00eda conocida como <strong>La Doncella de Orleans,<\/strong> muri\u00f3 en la hoguera acusada de herej\u00eda.<\/p>\n<p>Juana vivi\u00f3 en su ni\u00f1ez en el campo y a los 13 a\u00f1os en el jard\u00edn de la casa de sus padres tuvo la visi\u00f3n del <strong>Arc\u00e1ngel San Miguel, <\/strong>de <strong>Santa Margarita <\/strong>y de <strong>Santa Catalina de Alejandr\u00eda. <\/strong>Salvando obst\u00e1culos logr\u00f3 ingresar a las filas del Ej\u00e9rcito Franc\u00e9s, vistiendo ropa masculina para fingir ser hombre, lo que provoc\u00f3 de que la acusar\u00e1n de \u201ctravest\u00ed\u201d. En una ocasi\u00f3n la joven manifest\u00f3: \u201c<strong>deb\u00eda seguir hilando lana al lado de mi madre, pero debo hacer esto <\/strong>(ser soldado) <strong>porque el Se\u00f1or quiere que lo haga<\/strong>\u201d.<\/p>\n<p>La hija del granjero y recaudador de rentas Jacques d*Arc e Isabelle Romde apoyaron a la inquieta muchacha que se convirti\u00f3 en una audaz militar y con poderes especiales, entre ellos el de pronosticar una derrita final de las fueras francesas. Juana pele\u00f3 en contra de los ingleses, quienes la juzgaron, tras de ser capturada por la milicia borgo\u00f1esa, a ser atada a un m\u00e1stil y viva prenderle fuego. El verdugo Geofroy Th\u00e9rge dijo, consumada la sentencia: \u201c<strong>quem\u00e9 a una mujer santa<\/strong>\u201d.<\/p>\n<p>30 de mayo de 1431 acab\u00f3 la vida de una joven campesina, analfabeta que dictaba a escribanos sus cartas y era ayudada por otros para firmarlas. En el transcurso de los siglos se hizo justicia. El Papa Calixto II, en 1456, la declar\u00f3 m\u00e1rtir.\u00a0 Napole\u00f3n Bonaparte la nombr\u00f3 s\u00edmbolo de Francia. Primero beatificada y desde 1920, \u00a0canonizada por el Papa Benedicto XV, mediante la bula Divina Dispensante, es Santa Juana de Arco. Su sacrificio tuvo lugar en la Plaza Vieux March\u00e9 de Ruan, en Normand\u00eda, entonces de dominio ingl\u00e9s. Sus cenizas fueron esparcidas en el r\u00edo Sena.<\/p>\n<p><strong>PRIMERA POBLACI\u00d3N ESPA\u00d1OLA<\/strong><\/p>\n<p>Una m\u00e1s del 6 de enero. Esta es de 1494. El personaje central, el genov\u00e9s <strong>Crist\u00f3bal Col\u00f3n<\/strong>. El navegante lleg\u00f3 al continente americano donde se asentaron unas familias en lo que fue conocido como <strong>Fuerte Navidad<\/strong>. El lugar de hecho estaba abandonado, las casas destruidas, Col\u00f3n junto con 39 hombres, al mando de Diego de Arana, que le acompa\u00f1aban, se dio a la tarea de construir casas de piedra, de madera y de paja.<\/p>\n<p>En esa forma surgi\u00f3 el poblado <strong>La Isabela. <\/strong>La primera poblaci\u00f3n de dominio espa\u00f1ol en Am\u00e9rica y que hoy es la Rep\u00fablica Dominicana. El nombre fue impuesto para rendir culto a la reina <strong>Isabel la Cat\u00f3lica, <\/strong>quien con su esposo, el rey Felipe II, patrocinaron los viajes del genov\u00e9s que pretend\u00eda ir a las Indias y en 1392 descubre Am\u00e9rica.<\/p>\n<p>Los pobladores, integrantes de familias espa\u00f1olas, se organizaron y fue creado el Consejo de Gobierno, frete al cual qued\u00f3 Antonio de Torres y cont\u00f3 con el apoyo de Bernardo Boy.<\/p>\n<p><strong>FUNDACI\u00d3N DE M\u00c9RIDA, YUC.<\/strong><\/p>\n<p>El militar salmantino, explorador, conquistador y gobernador colonial <strong>Francisco de Montejo <\/strong>en compa\u00f1\u00eda de su hijo y un sobrino, los dos con el mismo y nombre apellido que aquel, el 6 de enero de 1542 fundaron <strong>M\u00e9rida<\/strong>, muy conocida como <strong>La Ciudad Blanca <\/strong>y hoy capital del Estado de Yucat\u00e1n. El hombre nacido en Salamanca, Espa\u00f1a, en 1479, decidi\u00f3 imponer ese nombre a la ciudad erigida sobre terrenos pertenecientes a los mayas y que correspond\u00edan a <strong>Ichcaanzih\u00f3, T*Ho<\/strong>. El nombre de M\u00e9rida es de una poblaci\u00f3n de Extremadura, Espa\u00f1a y otro antecedente las ruinas romanas <strong>Em\u00e9rita Augusta<\/strong>.<\/p>\n<p>Seg\u00fan el historiador <strong>Michel Antochiw Kolpa <\/strong>la denominaci\u00f3n de \u201cCiudad Blanca\u201d no es por el encalado con que los mayas sol\u00edan pintar los muros (fachadas) de sus casas, ni por su proverbial limpieza, sino que los Montejo como conquistadores (padre, hijo y sobrino) tuvieron \u201cel deseo inicial de permanecer \u00e9tnicamente puros, aislados y protegidos en el espacio urbano creado sobre las ruinas de la vieja ciudad maya\u201d.<\/p>\n<p>Me enter\u00e9 en la monograf\u00eda de Yucat\u00e1n que <strong>Francisco de Montejo y Le\u00f3n<\/strong>, apodado \u201c<strong>El Mozo<\/strong>\u201d, fue quien llev\u00f3 a cabo la fundaci\u00f3n de M\u00e9rida, mientras su padre alternaba el cargo de gobernador en Tabasco, Honduras y Chiapas. Tambi\u00e9n erigi\u00f3 la cuidad de San Francisco de Campeche. \u201c<strong>El Sobrino<\/strong>\u201d dio vida a Valladolid, despu\u00e9s de batallas cruentas con los mayas.<\/p>\n<p>Francisco padre fue juzgado en las Cortes de Indias y muri\u00f3 en su natal Salamanca en 1553. \u201cEl Mozo\u201d en 1565 padeci\u00f3 prolongada enfermedad y falleci\u00f3 en Guatemala. \u201cEl Sobrino\u201d ejerc\u00eda como regidor en M\u00e9rida cuando lo sorprendi\u00f3 la muerte, en 1572.<\/p>\n<p>Se les recuerda a los Montejo con un hermoso Paseo que cruza la bella Ciudad de M\u00e9rida, recorrido obligado para todo turista. Se disfruta tanto en el d\u00eda como en los atardeceres y noches, deteni\u00e9ndose en la caminata para descansar en las bancas para enamorados.<\/p>\n<p>La construcci\u00f3n del Paseo Montejo dur\u00f3 18 a\u00f1os, a partir de 1888. El presidente <strong>Porfirio D\u00edaz<\/strong> lo recorri\u00f3 en 1906. Mansiones lujosas, hoteles, restaurantes, comercios, camell\u00f3n central de \u00e1rboles frondosos. Me contaron que tiempo atr\u00e1s fue conocido como Paseo Santa Anna y Paseo de las Bonitas, pero desde hace 115 a\u00f1os no ha cambiado de nombre.<\/p>\n<p><strong>P.D. <\/strong>\u00a0Hasta los \u00faltimos a\u00f1os del siglo pasado usamos las m\u00e1quinas de escribir, mec\u00e1nicas y el\u00e9ctricas, de escritorio y port\u00e1tiles. Hoy tienen poco uso. Bueno, pues el ingeniero hidr\u00e1ulico ingl\u00e9s <strong>Henry Mill <\/strong>la invent\u00f3 \u201cpara transcribir letras\u201d y la patent\u00f3 el 6 de enero de 1714; ten\u00eda 31 a\u00f1os y vivi\u00f3 hasta los 88\u2026En igual d\u00eda (6 de enero) pero de 1852, muri\u00f3 el franc\u00e9s <strong>Louis Braille Braille<\/strong>, quien a la edad de tres a\u00f1os perdi\u00f3 la vista y eso no fue impedimento para poner en juego sus habilidades mentales para crear un sistema que permitiera, a los carentes de sentido visual, establecer la comunicaci\u00f3n con sus semejantes. Fue as\u00ed como invent\u00f3 el sistema que lleva su apellido, medio que se emplea para escribir y leer. Braille sufri\u00f3 tuberculosis que lo llev\u00f3 a tumba a los 43 a\u00f1os de edad.<\/p>\n<p><strong>jherrerav@live.com.mx<\/strong><\/p>\n<p>&nbsp;<\/p>\n<p>&nbsp;<\/p>\n<p>&nbsp;<\/p>\n","protected":false},"excerpt":{"rendered":"<p>SEGUNDA SEMANA DE MAYORES CONTAGIOS PAND\u00c9MICOS Al leer, este mi\u00e9rcoles 6 de enero, la columna \u201cEpistolario\u201d de mi fraternal amigo y colega, catedr\u00e1tico en la UNAM y veterano en las lides period\u00edsticas, reflexione calmadamente y conclu\u00ed que, en buena parte, tiene raz\u00f3n. El ilustre chiapaneco Armando Rojas Ar\u00e9valo siempre dirige su comentarios a una persona [&hellip;]<\/p>\n","protected":false},"author":1,"featured_media":12441,"comment_status":"open","ping_status":"open","sticky":false,"template":"","format":"standard","meta":{"footnotes":""},"categories":[172],"tags":[],"class_list":["post"],"yoast_head":" \n<title>El 6 de Enero, Impresionante Fecha de Sucesos - Periodista SoledadDurazo.com<\/title>\n<meta name=\"robots\" content=\"index, follow, max-snippet:-1, max-image-preview:large, max-video-preview:-1\" \/>\n<link rel=\"canonical\" href=\"https:\/\/soledaddurazo.com\/blog\/2022\/01\/09\/el-6-de-enero-impresionante-fecha-de-sucesos\/\" \/>\n<meta property=\"og:locale\" content=\"es_MX\" \/>\n<meta property=\"og:type\" content=\"article\" \/>\n<meta property=\"og:title\" content=\"El 6 de Enero, Impresionante Fecha de Sucesos\" \/>\n<meta property=\"og:description\" content=\"SEGUNDA SEMANA DE MAYORES CONTAGIOS PAND\u00c9MICOS Al leer, este mi\u00e9rcoles 6 de enero, la columna \u201cEpistolario\u201d de mi fraternal amigo y colega, catedr\u00e1tico en la UNAM y veterano en las lides period\u00edsticas, reflexione calmadamente y conclu\u00ed que, en buena parte, tiene raz\u00f3n. El ilustre chiapaneco Armando Rojas Ar\u00e9valo siempre dirige su comentarios a una persona [&hellip;]\" \/>\n<meta property=\"og:url\" content=\"https:\/\/soledaddurazo.com\/blog\/2022\/01\/09\/el-6-de-enero-impresionante-fecha-de-sucesos\/\" \/>\n<meta property=\"og:site_name\" content=\"Periodista SoledadDurazo.com\" \/>\n<meta property=\"article:publisher\" content=\"https:\/\/www.facebook.com\/soledad.durazo.9\/\" \/>\n<meta property=\"article:published_time\" content=\"2022-01-10T03:03:55+00:00\" \/>\n<meta property=\"og:image\" content=\"https:\/\/soledaddurazo.com\/storage\/2021\/12\/JORGE-HERRERA-OK.jpg\" \/>\n\t<meta property=\"og:image:width\" content=\"857\" \/>\n\t<meta property=\"og:image:height\" content=\"1080\" \/>\n<meta name=\"twitter:card\" content=\"summary_large_image\" \/>\n<meta name=\"twitter:creator\" content=\"@SoledadDurazo\" \/>\n<meta name=\"twitter:site\" content=\"@SoledadDurazo\" \/>\n<meta name=\"twitter:label1\" content=\"Escrito por\" \/>\n\t<meta name=\"twitter:data1\" content=\"Redacci\u00f3n\" \/>\n\t<meta name=\"twitter:label2\" content=\"Tiempo de lectura\" \/>\n\t<meta name=\"twitter:data2\" content=\"7 minutos\" \/>\n<script type=\"application\/ld+json\" class=\"yoast-schema-graph\">{\"@context\":\"https:\/\/schema.org\",\"@graph\":[{\"@type\":\"Organization\",\"@id\":\"https:\/\/soledaddurazo.com\/#organization\",\"name\":\"Soledad Durazo\",\"url\":\"https:\/\/soledaddurazo.com\/\",\"sameAs\":[\"https:\/\/www.facebook.com\/soledad.durazo.9\/\",\"https:\/\/www.instagram.com\/soledaddurazo\",\"https:\/\/www.youtube.com\/channel\/UC9yGPw8-Vbl_B2XNkRwPS-w\",\"https:\/\/twitter.com\/SoledadDurazo\"],\"logo\":{\"@type\":\"ImageObject\",\"@id\":\"https:\/\/soledaddurazo.com\/#logo\",\"inLanguage\":\"es\",\"url\":\"https:\/\/soledaddurazo.com\/storage\/2021\/11\/nllp-720x375-1-2.png\",\"contentUrl\":\"https:\/\/soledaddurazo.com\/storage\/2021\/11\/nllp-720x375-1-2.png\",\"width\":720,\"height\":375,\"caption\":\"Soledad Durazo\"},\"image\":{\"@id\":\"https:\/\/soledaddurazo.com\/#logo\"}},{\"@type\":\"WebSite\",\"@id\":\"https:\/\/soledaddurazo.com\/#website\",\"url\":\"https:\/\/soledaddurazo.com\/\",\"name\":\"Periodista SoledadDurazo.com\",\"description\":\"Periodista sonorense. Directora de www.SoledadDurazo.com Columnista, conductora de radio y Tv. Catedr\\u00e1tica en la UNISON\",\"publisher\":{\"@id\":\"https:\/\/soledaddurazo.com\/#organization\"},\"potentialAction\":[{\"@type\":\"SearchAction\",\"target\":{\"@type\":\"EntryPoint\",\"urlTemplate\":\"https:\/\/soledaddurazo.com\/?s={search_term_string}\"},\"query-input\":\"required name=search_term_string\"}],\"inLanguage\":\"es\"},{\"@type\":\"ImageObject\",\"@id\":\"https:\/\/soledaddurazo.com\/blog\/2022\/01\/09\/el-6-de-enero-impresionante-fecha-de-sucesos\/#primaryimage\",\"inLanguage\":\"es\",\"url\":\"https:\/\/soledaddurazo.com\/storage\/2021\/12\/JORGE-HERRERA-OK.jpg\",\"contentUrl\":\"https:\/\/soledaddurazo.com\/storage\/2021\/12\/JORGE-HERRERA-OK.jpg\",\"width\":857,\"height\":1080},{\"@type\":\"WebPage\",\"@id\":\"https:\/\/soledaddurazo.com\/blog\/2022\/01\/09\/el-6-de-enero-impresionante-fecha-de-sucesos\/#webpage\",\"url\":\"https:\/\/soledaddurazo.com\/blog\/2022\/01\/09\/el-6-de-enero-impresionante-fecha-de-sucesos\/\",\"name\":\"El 6 de Enero, Impresionante Fecha de Sucesos - Periodista SoledadDurazo.com\",\"isPartOf\":{\"@id\":\"https:\/\/soledaddurazo.com\/#website\"},\"primaryImageOfPage\":{\"@id\":\"https:\/\/soledaddurazo.com\/blog\/2022\/01\/09\/el-6-de-enero-impresionante-fecha-de-sucesos\/#primaryimage\"},\"datePublished\":\"2022-01-10T03:03:55+00:00\",\"dateModified\":\"2022-01-10T03:03:55+00:00\",\"breadcrumb\":{\"@id\":\"https:\/\/soledaddurazo.com\/blog\/2022\/01\/09\/el-6-de-enero-impresionante-fecha-de-sucesos\/#breadcrumb\"},\"inLanguage\":\"es\",\"potentialAction\":[{\"@type\":\"ReadAction\",\"target\":[\"https:\/\/soledaddurazo.com\/blog\/2022\/01\/09\/el-6-de-enero-impresionante-fecha-de-sucesos\/\"]}]},{\"@type\":\"BreadcrumbList\",\"@id\":\"https:\/\/soledaddurazo.com\/blog\/2022\/01\/09\/el-6-de-enero-impresionante-fecha-de-sucesos\/#breadcrumb\",\"itemListElement\":[{\"@type\":\"ListItem\",\"position\":1,\"name\":\"Home\",\"item\":\"https:\/\/soledaddurazo.com\/\"},{\"@type\":\"ListItem\",\"position\":2,\"name\":\"El 6 de Enero, Impresionante Fecha de Sucesos\"}]},{\"@type\":\"Article\",\"@id\":\"https:\/\/soledaddurazo.com\/blog\/2022\/01\/09\/el-6-de-enero-impresionante-fecha-de-sucesos\/#article\",\"isPartOf\":{\"@id\":\"https:\/\/soledaddurazo.com\/blog\/2022\/01\/09\/el-6-de-enero-impresionante-fecha-de-sucesos\/#webpage\"},\"author\":{\"@id\":\"https:\/\/soledaddurazo.com\/#\/schema\/person\/822d8e13aa288585e6546f179853758b\"},\"headline\":\"El 6 de Enero, Impresionante Fecha de Sucesos\",\"datePublished\":\"2022-01-10T03:03:55+00:00\",\"dateModified\":\"2022-01-10T03:03:55+00:00\",\"mainEntityOfPage\":{\"@id\":\"https:\/\/soledaddurazo.com\/blog\/2022\/01\/09\/el-6-de-enero-impresionante-fecha-de-sucesos\/#webpage\"},\"wordCount\":1674,\"commentCount\":0,\"publisher\":{\"@id\":\"https:\/\/soledaddurazo.com\/#organization\"},\"image\":{\"@id\":\"https:\/\/soledaddurazo.com\/blog\/2022\/01\/09\/el-6-de-enero-impresionante-fecha-de-sucesos\/#primaryimage\"},\"thumbnailUrl\":\"https:\/\/soledaddurazo.com\/storage\/2021\/12\/JORGE-HERRERA-OK.jpg\",\"articleSection\":[\"Jorge Herrera\"],\"inLanguage\":\"es\",\"potentialAction\":[{\"@type\":\"CommentAction\",\"name\":\"Comment\",\"target\":[\"https:\/\/soledaddurazo.com\/blog\/2022\/01\/09\/el-6-de-enero-impresionante-fecha-de-sucesos\/#respond\"]}]},{\"@type\":\"Person\",\"@id\":\"https:\/\/soledaddurazo.com\/#\/schema\/person\/822d8e13aa288585e6546f179853758b\",\"name\":\"Redacci\\u00f3n\",\"image\":{\"@type\":\"ImageObject\",\"@id\":\"https:\/\/soledaddurazo.com\/#personlogo\",\"inLanguage\":\"es\",\"url\":\"https:\/\/secure.gravatar.com\/avatar\/c4e193752f756fd61f04deebed3a3a20dc188d37edb53682d313ac57f2725d54?s=96&d=mm&r=g\",\"contentUrl\":\"https:\/\/secure.gravatar.com\/avatar\/c4e193752f756fd61f04deebed3a3a20dc188d37edb53682d313ac57f2725d54?s=96&d=mm&r=g\",\"caption\":\"Redacci\\u00f3n\"},\"sameAs\":[\"https:\/\/soledaddurazo.com\"]}]}<\/script>\n ","yoast_head_json":{"title":"El 6 de Enero, Impresionante Fecha de Sucesos - Periodista SoledadDurazo.com","robots":{"index":"index","follow":"follow","max-snippet":"max-snippet:-1","max-image-preview":"max-image-preview:large","max-video-preview":"max-video-preview:-1"},"canonical":"https:\/\/soledaddurazo.com\/blog\/2022\/01\/09\/el-6-de-enero-impresionante-fecha-de-sucesos\/","og_locale":"es_MX","og_type":"article","og_title":"El 6 de Enero, Impresionante Fecha de Sucesos","og_description":"SEGUNDA SEMANA DE MAYORES CONTAGIOS PAND\u00c9MICOS Al leer, este mi\u00e9rcoles 6 de enero, la columna \u201cEpistolario\u201d de mi fraternal amigo y colega, catedr\u00e1tico en la UNAM y veterano en las lides period\u00edsticas, reflexione calmadamente y conclu\u00ed que, en buena parte, tiene raz\u00f3n. El ilustre chiapaneco Armando Rojas Ar\u00e9valo siempre dirige su comentarios a una persona [&hellip;]","og_url":"https:\/\/soledaddurazo.com\/blog\/2022\/01\/09\/el-6-de-enero-impresionante-fecha-de-sucesos\/","og_site_name":"Periodista SoledadDurazo.com","article_publisher":"https:\/\/www.facebook.com\/soledad.durazo.9\/","article_published_time":"2022-01-10T03:03:55+00:00","og_image":[{"width":857,"height":1080,"url":"https:\/\/soledaddurazo.com\/storage\/2021\/12\/JORGE-HERRERA-OK.jpg","type":"image\/jpeg"}],"twitter_card":"summary_large_image","twitter_creator":"@SoledadDurazo","twitter_site":"@SoledadDurazo","twitter_misc":{"Escrito por":"Redacci\u00f3n","Tiempo de lectura":"7 minutos"},"schema":{"@context":"https:\/\/schema.org","@graph":[{"@type":"Organization","@id":"https:\/\/soledaddurazo.com\/#organization","name":"Soledad Durazo","url":"https:\/\/soledaddurazo.com\/","sameAs":["https:\/\/www.facebook.com\/soledad.durazo.9\/","https:\/\/www.instagram.com\/soledaddurazo","https:\/\/www.youtube.com\/channel\/UC9yGPw8-Vbl_B2XNkRwPS-w","https:\/\/twitter.com\/SoledadDurazo"],"logo":{"@type":"ImageObject","@id":"https:\/\/soledaddurazo.com\/#logo","inLanguage":"es","url":"https:\/\/soledaddurazo.com\/storage\/2021\/11\/nllp-720x375-1-2.png","contentUrl":"https:\/\/soledaddurazo.com\/storage\/2021\/11\/nllp-720x375-1-2.png","width":720,"height":375,"caption":"Soledad Durazo"},"image":{"@id":"https:\/\/soledaddurazo.com\/#logo"}},{"@type":"WebSite","@id":"https:\/\/soledaddurazo.com\/#website","url":"https:\/\/soledaddurazo.com\/","name":"Periodista SoledadDurazo.com","description":"Periodista sonorense. Directora de www.SoledadDurazo.com Columnista, conductora de radio y Tv. Catedr\u00e1tica en la UNISON","publisher":{"@id":"https:\/\/soledaddurazo.com\/#organization"},"potentialAction":[{"@type":"SearchAction","target":{"@type":"EntryPoint","urlTemplate":"https:\/\/soledaddurazo.com\/?s={search_term_string}"},"query-input":"required name=search_term_string"}],"inLanguage":"es"},{"@type":"ImageObject","@id":"https:\/\/soledaddurazo.com\/blog\/2022\/01\/09\/el-6-de-enero-impresionante-fecha-de-sucesos\/#primaryimage","inLanguage":"es","url":"https:\/\/soledaddurazo.com\/storage\/2021\/12\/JORGE-HERRERA-OK.jpg","contentUrl":"https:\/\/soledaddurazo.com\/storage\/2021\/12\/JORGE-HERRERA-OK.jpg","width":857,"height":1080},{"@type":"WebPage","@id":"https:\/\/soledaddurazo.com\/blog\/2022\/01\/09\/el-6-de-enero-impresionante-fecha-de-sucesos\/#webpage","url":"https:\/\/soledaddurazo.com\/blog\/2022\/01\/09\/el-6-de-enero-impresionante-fecha-de-sucesos\/","name":"El 6 de Enero, Impresionante Fecha de Sucesos - Periodista SoledadDurazo.com","isPartOf":{"@id":"https:\/\/soledaddurazo.com\/#website"},"primaryImageOfPage":{"@id":"https:\/\/soledaddurazo.com\/blog\/2022\/01\/09\/el-6-de-enero-impresionante-fecha-de-sucesos\/#primaryimage"},"datePublished":"2022-01-10T03:03:55+00:00","dateModified":"2022-01-10T03:03:55+00:00","breadcrumb":{"@id":"https:\/\/soledaddurazo.com\/blog\/2022\/01\/09\/el-6-de-enero-impresionante-fecha-de-sucesos\/#breadcrumb"},"inLanguage":"es","potentialAction":[{"@type":"ReadAction","target":["https:\/\/soledaddurazo.com\/blog\/2022\/01\/09\/el-6-de-enero-impresionante-fecha-de-sucesos\/"]}]},{"@type":"BreadcrumbList","@id":"https:\/\/soledaddurazo.com\/blog\/2022\/01\/09\/el-6-de-enero-impresionante-fecha-de-sucesos\/#breadcrumb","itemListElement":[{"@type":"ListItem","position":1,"name":"Home","item":"https:\/\/soledaddurazo.com\/"},{"@type":"ListItem","position":2,"name":"El 6 de Enero, Impresionante Fecha de Sucesos"}]},{"@type":"Article","@id":"https:\/\/soledaddurazo.com\/blog\/2022\/01\/09\/el-6-de-enero-impresionante-fecha-de-sucesos\/#article","isPartOf":{"@id":"https:\/\/soledaddurazo.com\/blog\/2022\/01\/09\/el-6-de-enero-impresionante-fecha-de-sucesos\/#webpage"},"author":{"@id":"https:\/\/soledaddurazo.com\/#\/schema\/person\/822d8e13aa288585e6546f179853758b"},"headline":"El 6 de Enero, Impresionante Fecha de Sucesos","datePublished":"2022-01-10T03:03:55+00:00","dateModified":"2022-01-10T03:03:55+00:00","mainEntityOfPage":{"@id":"https:\/\/soledaddurazo.com\/blog\/2022\/01\/09\/el-6-de-enero-impresionante-fecha-de-sucesos\/#webpage"},"wordCount":1674,"commentCount":0,"publisher":{"@id":"https:\/\/soledaddurazo.com\/#organization"},"image":{"@id":"https:\/\/soledaddurazo.com\/blog\/2022\/01\/09\/el-6-de-enero-impresionante-fecha-de-sucesos\/#primaryimage"},"thumbnailUrl":"https:\/\/soledaddurazo.com\/storage\/2021\/12\/JORGE-HERRERA-OK.jpg","articleSection":["Jorge Herrera"],"inLanguage":"es","potentialAction":[{"@type":"CommentAction","name":"Comment","target":["https:\/\/soledaddurazo.com\/blog\/2022\/01\/09\/el-6-de-enero-impresionante-fecha-de-sucesos\/#respond"]}]},{"@type":"Person","@id":"https:\/\/soledaddurazo.com\/#\/schema\/person\/822d8e13aa288585e6546f179853758b","name":"Redacci\u00f3n","image":{"@type":"ImageObject","@id":"https:\/\/soledaddurazo.com\/#personlogo","inLanguage":"es","url":"https:\/\/secure.gravatar.com\/avatar\/c4e193752f756fd61f04deebed3a3a20dc188d37edb53682d313ac57f2725d54?s=96&d=mm&r=g","contentUrl":"https:\/\/secure.gravatar.com\/avatar\/c4e193752f756fd61f04deebed3a3a20dc188d37edb53682d313ac57f2725d54?s=96&d=mm&r=g","caption":"Redacci\u00f3n"},"sameAs":["https:\/\/soledaddurazo.com"]}]}},"_links":{"self":[{"href":"https:\/\/soledaddurazo.com\/api\/wp\/v2\/posts\/12581","targetHints":{"allow":["GET"]}}],"collection":[{"href":"https:\/\/soledaddurazo.com\/api\/wp\/v2\/posts"}],"about":[{"href":"https:\/\/soledaddurazo.com\/api\/wp\/v2\/types\/post"}],"author":[{"embeddable":true,"href":"https:\/\/soledaddurazo.com\/api\/wp\/v2\/users\/1"}],"replies":[{"embeddable":true,"href":"https:\/\/soledaddurazo.com\/api\/wp\/v2\/comments?post=12581"}],"version-history":[{"count":1,"href":"https:\/\/soledaddurazo.com\/api\/wp\/v2\/posts\/12581\/revisions"}],"predecessor-version":[{"id":12582,"href":"https:\/\/soledaddurazo.com\/api\/wp\/v2\/posts\/12581\/revisions\/12582"}],"wp:featuredmedia":[{"embeddable":true,"href":"https:\/\/soledaddurazo.com\/api\/wp\/v2\/media\/12441"}],"wp:attachment":[{"href":"https:\/\/soledaddurazo.com\/api\/wp\/v2\/media?parent=12581"}],"wp:term":[{"taxonomy":"category","embeddable":true,"href":"https:\/\/soledaddurazo.com\/api\/wp\/v2\/categories?post=12581"},{"taxonomy":"post_tag","embeddable":true,"href":"https:\/\/soledaddurazo.com\/api\/wp\/v2\/tags?post=12581"}],"curies":[{"name":"wp","href":"https:\/\/api.w.org\/{rel}","templated":true}]}}