{"id":12579,"date":"2022-01-07T11:41:13","date_gmt":"2022-01-07T18:41:13","guid":{"rendered":"https:\/\/soledaddurazo.com\/?p=12579"},"modified":"2022-01-07T11:41:13","modified_gmt":"2022-01-07T18:41:13","slug":"la-fuerza-de-alfonso-durazo","status":"publish","type":"post","link":"https:\/\/soledaddurazo.com\/blog\/2022\/01\/07\/la-fuerza-de-alfonso-durazo\/","title":{"rendered":"La fuerza de Alfonso Durazo"},"content":{"rendered":"<p>M\u00e1s all\u00e1 de la evaluaci\u00f3n que se haga de los primeros cuatro meses al frente del Poder Ejecutivo Estatal, es indudable la cercan\u00eda que el Gobernador Alfonso Durazo mantiene con el Presidente Andr\u00e9s Manuel L\u00f3pez Obrador.<\/p>\n<p>El arranque del 2022 luce muy prometedor para Sonora, sobre todo por las declaraciones del Presidente, en su primera conferencia de prensa, se refiri\u00f3 e hizo propios de su gobierno, los grandes proyectos de infraestructura que el Gobernador Alfonso Durazo hab\u00eda planteado desde su campa\u00f1a pol\u00edtica y que formaliz\u00f3 en los primeros cuatro meses de su gobierno.<\/p>\n<p>No es que uno sea incr\u00e9dulo, pero ya de promesas de gobernantes, he escuchado bastante, con que se haga la mitad de los proyectos anunciados, la Cuarta Transformaci\u00f3n se catapulta como la \u00fanica opci\u00f3n de gobierno en el estado, sin duda.<\/p>\n<p>L\u00f3pez Obrador despej\u00f3 cualquier inc\u00f3gnita sobre la realizaci\u00f3n de esos importantes proyectos para Sonora, como la ampliaci\u00f3n y modernizaci\u00f3n del puerto de Guaymas y la modernizaci\u00f3n de la aduana en Nogales, asegurando que en este mismo a\u00f1o comenzar\u00e1n las obras y ya se cuenta con los fondos para iniciarlos.<\/p>\n<p>No pudo ocultar su alegr\u00eda el Gobernador Alfonso Durazo, tra\u00eda pintada una sonrisa de oreja a oreja en la conferencia de prensa semanal que ofrece en la sala de Comunicaci\u00f3n Social, los apuros financieros del arranque de su gobierno, ya son historia, todav\u00eda el Gobierno Federal envi\u00f3 800 millones de adelanto para que no se complique el pago de n\u00f3mina de pensionados y jubilados, mientras baja el presupuesto completo en febrero.<\/p>\n<p>Con la contundencia que gan\u00f3 la elecci\u00f3n, con el Congreso del Estado controlado gracias a la mayor\u00eda de Diputados de su partido; con la oposici\u00f3n m\u00e1s ocupada en reorganizarse y sobre todo, con la cercan\u00eda que mantiene con el Presidente de la Rep\u00fablica, convierten al Gobernador Alfonso Durazo, en un mandatario sumamente poderoso, probablemente el m\u00e1s poderoso que ha gobernado a Sonora en su \u00a0historia.<\/p>\n<p>Pero una cosa es ser poderoso y otra saberle sacar provecho a la hora de gobernar, Alfonso Durazo deber\u00e1 de ense\u00f1ar su ortodoxia para mostrar una efectiva conducci\u00f3n del estado y en la aplicaci\u00f3n de los principios de la Cuarta Transformaci\u00f3n, sin pretextos.<\/p>\n<p><strong>LA ESTRATEGIA DE SEGURIDAD<\/strong><\/p>\n<p>El Gobernador Durazo especific\u00f3 que la estrategia para reforzar la seguridad en el sur del estado, concretamente en Cajeme, est\u00e1 comprendida de cinco puntos principales, aunque para ser sinceros, esta estrategia debe de aplicarse en varios municipios, Sonora se encuentra entre las entidades m\u00e1s violentas del pa\u00eds.<\/p>\n<p>Pero vamos a los puntos de la estrategia, primero, depuraci\u00f3n de la polic\u00eda municipal; segundo, capacitaci\u00f3n en el Instituto de Polic\u00eda; tercero, la certificaci\u00f3n de los elementos polic\u00edacos; cuarto, mejorar sueldos y prestaciones; y, por \u00faltimo, el incremento del estado de fuerza.<\/p>\n<p>Rosa Isela Rodr\u00edguez, la Secretaria de Seguridad Ciudadana, en esta primera semana del 2022, desde la Ciudad de M\u00e9xico, abund\u00f3 m\u00e1s sobre la nueva estrategia para Cajeme, indic\u00f3 que llegar\u00e1 un grupo especial antisecuestros para abatir los delitos contra mujeres y ni\u00f1as.<\/p>\n<p>Tambi\u00e9n, en breve, los resultados de la Guardia Nacional ser\u00e1n puestos bajo la lupa interna, concretamente en su trabajo en las carreteras del estado.<\/p>\n<p>Es evidente que el trabajo de la Guardia Nacional, deja mucho que desear en la vigilancia carretera, en el sur, los Yaquis hacen lo que quieren en los cuatro retenes que tienen instalados, en los que exigen dinero a camiones y carros que usan la carretera, o si no, pobre de aquel automovilista que se niegue a ponerse con una feria, porque m\u00ednimo, su carro queda todo abollado a patadas, si bien le va. Impunidad que ofende.<\/p>\n<p>En el norte del estado, los constantes enfrentamientos entre grupos criminales que agarran la carretera de campo de tiro para dirimir sus diferencias con otros grupos o para delinquir, son un peligro constante, ya no se puede viajar con tranquilidad en Sonora.<\/p>\n<p><strong>ESC\u00c1NDALOS EN CONSULTA M\u00c9DICA DEL ISSSTESON<\/strong><\/p>\n<p>C\u00f3mo estar\u00e1n la atenci\u00f3n m\u00e9dica en el ISSSTESON que, hasta los mismos funcionarios de la Cuarta Transformaci\u00f3n, pegan de gritos por las nuevas pol\u00edticas de atenci\u00f3n aplicadas en cl\u00ednicas y hospitales.<\/p>\n<p>El martes 28 de diciembre, Ana Clotilde Cabrera Ochoa, que se ostent\u00f3 como funcionaria del DIF municipal de Guaymas, arm\u00f3 un gran esc\u00e1ndalo en el CIAS sur del ISSSTESON, porque la doctora que la atendi\u00f3, no le extendi\u00f3 una receta m\u00e9dica de especialidad. Las nuevas pol\u00edticas de atenci\u00f3n m\u00e9dica, proh\u00edben a los m\u00e9dicos familiares a extender esas recetas, solo los m\u00e9dicos especialistas lo pueden hacer.<\/p>\n<p>A grito abierto y con ofensas, la funcionaria la emprendi\u00f3 contra la doctora de consulta familiar. Se le olvid\u00f3 que los funcionarios de la Cuarta Transformaci\u00f3n no se deben de conducir de esa manera, aunque las nuevas pol\u00edticas de atenci\u00f3n m\u00e9dica en el ISSSTESON, pueden desesperar a cualquiera, es ah\u00ed donde est\u00e1 el detalle.<\/p>\n<p>Un derechohabiente con enfermedades cr\u00f3nicas, sufre para recibir atenci\u00f3n con un m\u00e9dico especialista, primero tiene que ir con su m\u00e9dico familiar para que lo refiera con un internista, el m\u00e9dico internista deber\u00e1 referir al derechohabiente con el m\u00e9dico especialista apropiado. El problema es que las consultas disponibles con un m\u00e9dico internista, est\u00e1n hasta el mes de abril, mientras tanto, el derechohabiente deber\u00e1 de pararse de pesta\u00f1as, o pedirle un milagro a la virgencita de Guadalupe, para conseguir atenci\u00f3n m\u00e9dica y medicamento para atender sus enfermedades cr\u00f3nicas.<\/p>\n<p>Los derechohabientes del ISSSTESON siguen aguantando vara, mientras los genios de la medicina, aplican sus pol\u00edticas enfocadas a la atenci\u00f3n al derechohabiente, \u00a1Hombre, unos genios!<\/p>\n<p><strong>SE SALE CON LA SUYA EL EMPRESARIO SERVANDO CARBAJAL<\/strong><\/p>\n<p>Una vez m\u00e1s el empresario Servando Carbajal de la mano del corporativo S\u00faper del Norte, se sali\u00f3 con la suya, gracias al apoyo de clientes y proveedores, se pudo llevar una cena digna esta Navidad y A\u00f1o Nuevo, a m\u00e1s de 30 instituciones altruistas de todo el estado.<\/p>\n<p>Para cerrar con broche de oro el a\u00f1o, S\u00faper del Norte arranc\u00f3 en el \u00faltimo mes de 2021, con la campa\u00f1a \u201cTu amor les dar\u00e1 de cenar esta Navidad\u201d, convocatoria lanzada por el entusiasta empresario Servando Carbajal, Presidente de la cadena de supermercados integrada por S\u00faper del Norte, Santovalle y Supersazo.<\/p>\n<p>Gracias a la aportaci\u00f3n de unos cuantos centavos al redondear en su compra, cada uno de los clientes que visitan las m\u00e1s de 80 sucursales de la cadena comercial en el estado, se pudo llevar una cena digna a personas en situaci\u00f3n de calle, ni\u00f1os en extrema pobreza, enfermos terminales, asilos de ancianos, entre otras instituciones que dan un servicio a grupos desvalidos de nuestra sociedad.<\/p>\n<p>Esas son las noticias que da gusto comentar, ojal\u00e1 que m\u00e1s gente se uniera a este tipo de iniciativas, nuestra sociedad fuera otra.<\/p>\n<p>Ya para finalizar, pasada la pausa vacacional de fin de a\u00f1o, enfilamos de nueva cuenta al arranque de actividades, con nuevos br\u00edos y objetivos por alcanzar, desde aqu\u00ed a todos nuestros lectores, los mejores deseos para que este 2022 sea un a\u00f1o de prosperidad y salud.<\/p>\n<p>Podemos interactuar a trav\u00e9s de mi cuenta de Twitter @feroropeza20 o en mi correo electr\u00f3nico\u00a0<a href=\"mailto:luiso@hmo.megared.net.mx\">luiso@hmo.megared.net.mx<\/a><\/p>\n<p>&nbsp;<\/p>\n<p>&nbsp;<\/p>\n<p>&nbsp;<\/p>\n","protected":false},"excerpt":{"rendered":"<p>M\u00e1s all\u00e1 de la evaluaci\u00f3n que se haga de los primeros cuatro meses al frente del Poder Ejecutivo Estatal, es indudable la cercan\u00eda que el Gobernador Alfonso Durazo mantiene con el Presidente Andr\u00e9s Manuel L\u00f3pez Obrador. El arranque del 2022 luce muy prometedor para Sonora, sobre todo por las declaraciones del Presidente, en su primera [&hellip;]<\/p>\n","protected":false},"author":1,"featured_media":11983,"comment_status":"open","ping_status":"open","sticky":false,"template":"","format":"standard","meta":{"footnotes":""},"categories":[173],"tags":[],"class_list":["post"],"yoast_head":" \n<title>La fuerza de Alfonso Durazo - Periodista SoledadDurazo.com<\/title>\n<meta name=\"robots\" content=\"index, follow, max-snippet:-1, max-image-preview:large, max-video-preview:-1\" \/>\n<link rel=\"canonical\" href=\"https:\/\/soledaddurazo.com\/blog\/2022\/01\/07\/la-fuerza-de-alfonso-durazo\/\" \/>\n<meta property=\"og:locale\" content=\"es_MX\" \/>\n<meta property=\"og:type\" content=\"article\" \/>\n<meta property=\"og:title\" content=\"La fuerza de Alfonso Durazo\" \/>\n<meta property=\"og:description\" content=\"M\u00e1s all\u00e1 de la evaluaci\u00f3n que se haga de los primeros cuatro meses al frente del Poder Ejecutivo Estatal, es indudable la cercan\u00eda que el Gobernador Alfonso Durazo mantiene con el Presidente Andr\u00e9s Manuel L\u00f3pez Obrador. El arranque del 2022 luce muy prometedor para Sonora, sobre todo por las declaraciones del Presidente, en su primera [&hellip;]\" \/>\n<meta property=\"og:url\" content=\"https:\/\/soledaddurazo.com\/blog\/2022\/01\/07\/la-fuerza-de-alfonso-durazo\/\" \/>\n<meta property=\"og:site_name\" content=\"Periodista SoledadDurazo.com\" \/>\n<meta property=\"article:publisher\" content=\"https:\/\/www.facebook.com\/soledad.durazo.9\/\" \/>\n<meta property=\"article:published_time\" content=\"2022-01-07T18:41:13+00:00\" \/>\n<meta property=\"og:image\" content=\"https:\/\/soledaddurazo.com\/storage\/2021\/11\/FOTO-FERNANDO-OROPEZA-1-750x375-1.jpg\" \/>\n\t<meta property=\"og:image:width\" content=\"750\" \/>\n\t<meta property=\"og:image:height\" content=\"375\" \/>\n<meta name=\"twitter:card\" content=\"summary_large_image\" \/>\n<meta name=\"twitter:creator\" content=\"@SoledadDurazo\" \/>\n<meta name=\"twitter:site\" content=\"@SoledadDurazo\" \/>\n<meta name=\"twitter:label1\" content=\"Escrito por\" \/>\n\t<meta name=\"twitter:data1\" content=\"Redacci\u00f3n\" \/>\n\t<meta name=\"twitter:label2\" content=\"Tiempo de lectura\" \/>\n\t<meta name=\"twitter:data2\" content=\"6 minutos\" \/>\n<script type=\"application\/ld+json\" class=\"yoast-schema-graph\">{\"@context\":\"https:\/\/schema.org\",\"@graph\":[{\"@type\":\"Organization\",\"@id\":\"https:\/\/soledaddurazo.com\/#organization\",\"name\":\"Soledad Durazo\",\"url\":\"https:\/\/soledaddurazo.com\/\",\"sameAs\":[\"https:\/\/www.facebook.com\/soledad.durazo.9\/\",\"https:\/\/www.instagram.com\/soledaddurazo\",\"https:\/\/www.youtube.com\/channel\/UC9yGPw8-Vbl_B2XNkRwPS-w\",\"https:\/\/twitter.com\/SoledadDurazo\"],\"logo\":{\"@type\":\"ImageObject\",\"@id\":\"https:\/\/soledaddurazo.com\/#logo\",\"inLanguage\":\"es\",\"url\":\"https:\/\/soledaddurazo.com\/storage\/2021\/11\/nllp-720x375-1-2.png\",\"contentUrl\":\"https:\/\/soledaddurazo.com\/storage\/2021\/11\/nllp-720x375-1-2.png\",\"width\":720,\"height\":375,\"caption\":\"Soledad Durazo\"},\"image\":{\"@id\":\"https:\/\/soledaddurazo.com\/#logo\"}},{\"@type\":\"WebSite\",\"@id\":\"https:\/\/soledaddurazo.com\/#website\",\"url\":\"https:\/\/soledaddurazo.com\/\",\"name\":\"Periodista SoledadDurazo.com\",\"description\":\"Periodista sonorense. Directora de www.SoledadDurazo.com Columnista, conductora de radio y Tv. Catedr\\u00e1tica en la UNISON\",\"publisher\":{\"@id\":\"https:\/\/soledaddurazo.com\/#organization\"},\"potentialAction\":[{\"@type\":\"SearchAction\",\"target\":{\"@type\":\"EntryPoint\",\"urlTemplate\":\"https:\/\/soledaddurazo.com\/?s={search_term_string}\"},\"query-input\":\"required name=search_term_string\"}],\"inLanguage\":\"es\"},{\"@type\":\"ImageObject\",\"@id\":\"https:\/\/soledaddurazo.com\/blog\/2022\/01\/07\/la-fuerza-de-alfonso-durazo\/#primaryimage\",\"inLanguage\":\"es\",\"url\":\"https:\/\/soledaddurazo.com\/storage\/2021\/11\/FOTO-FERNANDO-OROPEZA-1-750x375-1.jpg\",\"contentUrl\":\"https:\/\/soledaddurazo.com\/storage\/2021\/11\/FOTO-FERNANDO-OROPEZA-1-750x375-1.jpg\",\"width\":750,\"height\":375},{\"@type\":\"WebPage\",\"@id\":\"https:\/\/soledaddurazo.com\/blog\/2022\/01\/07\/la-fuerza-de-alfonso-durazo\/#webpage\",\"url\":\"https:\/\/soledaddurazo.com\/blog\/2022\/01\/07\/la-fuerza-de-alfonso-durazo\/\",\"name\":\"La fuerza de Alfonso Durazo - Periodista SoledadDurazo.com\",\"isPartOf\":{\"@id\":\"https:\/\/soledaddurazo.com\/#website\"},\"primaryImageOfPage\":{\"@id\":\"https:\/\/soledaddurazo.com\/blog\/2022\/01\/07\/la-fuerza-de-alfonso-durazo\/#primaryimage\"},\"datePublished\":\"2022-01-07T18:41:13+00:00\",\"dateModified\":\"2022-01-07T18:41:13+00:00\",\"breadcrumb\":{\"@id\":\"https:\/\/soledaddurazo.com\/blog\/2022\/01\/07\/la-fuerza-de-alfonso-durazo\/#breadcrumb\"},\"inLanguage\":\"es\",\"potentialAction\":[{\"@type\":\"ReadAction\",\"target\":[\"https:\/\/soledaddurazo.com\/blog\/2022\/01\/07\/la-fuerza-de-alfonso-durazo\/\"]}]},{\"@type\":\"BreadcrumbList\",\"@id\":\"https:\/\/soledaddurazo.com\/blog\/2022\/01\/07\/la-fuerza-de-alfonso-durazo\/#breadcrumb\",\"itemListElement\":[{\"@type\":\"ListItem\",\"position\":1,\"name\":\"Home\",\"item\":\"https:\/\/soledaddurazo.com\/\"},{\"@type\":\"ListItem\",\"position\":2,\"name\":\"La fuerza de Alfonso Durazo\"}]},{\"@type\":\"Article\",\"@id\":\"https:\/\/soledaddurazo.com\/blog\/2022\/01\/07\/la-fuerza-de-alfonso-durazo\/#article\",\"isPartOf\":{\"@id\":\"https:\/\/soledaddurazo.com\/blog\/2022\/01\/07\/la-fuerza-de-alfonso-durazo\/#webpage\"},\"author\":{\"@id\":\"https:\/\/soledaddurazo.com\/#\/schema\/person\/822d8e13aa288585e6546f179853758b\"},\"headline\":\"La fuerza de Alfonso Durazo\",\"datePublished\":\"2022-01-07T18:41:13+00:00\",\"dateModified\":\"2022-01-07T18:41:13+00:00\",\"mainEntityOfPage\":{\"@id\":\"https:\/\/soledaddurazo.com\/blog\/2022\/01\/07\/la-fuerza-de-alfonso-durazo\/#webpage\"},\"wordCount\":1274,\"commentCount\":0,\"publisher\":{\"@id\":\"https:\/\/soledaddurazo.com\/#organization\"},\"image\":{\"@id\":\"https:\/\/soledaddurazo.com\/blog\/2022\/01\/07\/la-fuerza-de-alfonso-durazo\/#primaryimage\"},\"thumbnailUrl\":\"https:\/\/soledaddurazo.com\/storage\/2021\/11\/FOTO-FERNANDO-OROPEZA-1-750x375-1.jpg\",\"articleSection\":[\"Fernando Oropeza\"],\"inLanguage\":\"es\",\"potentialAction\":[{\"@type\":\"CommentAction\",\"name\":\"Comment\",\"target\":[\"https:\/\/soledaddurazo.com\/blog\/2022\/01\/07\/la-fuerza-de-alfonso-durazo\/#respond\"]}]},{\"@type\":\"Person\",\"@id\":\"https:\/\/soledaddurazo.com\/#\/schema\/person\/822d8e13aa288585e6546f179853758b\",\"name\":\"Redacci\\u00f3n\",\"image\":{\"@type\":\"ImageObject\",\"@id\":\"https:\/\/soledaddurazo.com\/#personlogo\",\"inLanguage\":\"es\",\"url\":\"https:\/\/secure.gravatar.com\/avatar\/c4e193752f756fd61f04deebed3a3a20dc188d37edb53682d313ac57f2725d54?s=96&d=mm&r=g\",\"contentUrl\":\"https:\/\/secure.gravatar.com\/avatar\/c4e193752f756fd61f04deebed3a3a20dc188d37edb53682d313ac57f2725d54?s=96&d=mm&r=g\",\"caption\":\"Redacci\\u00f3n\"},\"sameAs\":[\"https:\/\/soledaddurazo.com\"]}]}<\/script>\n ","yoast_head_json":{"title":"La fuerza de Alfonso Durazo - Periodista SoledadDurazo.com","robots":{"index":"index","follow":"follow","max-snippet":"max-snippet:-1","max-image-preview":"max-image-preview:large","max-video-preview":"max-video-preview:-1"},"canonical":"https:\/\/soledaddurazo.com\/blog\/2022\/01\/07\/la-fuerza-de-alfonso-durazo\/","og_locale":"es_MX","og_type":"article","og_title":"La fuerza de Alfonso Durazo","og_description":"M\u00e1s all\u00e1 de la evaluaci\u00f3n que se haga de los primeros cuatro meses al frente del Poder Ejecutivo Estatal, es indudable la cercan\u00eda que el Gobernador Alfonso Durazo mantiene con el Presidente Andr\u00e9s Manuel L\u00f3pez Obrador. El arranque del 2022 luce muy prometedor para Sonora, sobre todo por las declaraciones del Presidente, en su primera [&hellip;]","og_url":"https:\/\/soledaddurazo.com\/blog\/2022\/01\/07\/la-fuerza-de-alfonso-durazo\/","og_site_name":"Periodista SoledadDurazo.com","article_publisher":"https:\/\/www.facebook.com\/soledad.durazo.9\/","article_published_time":"2022-01-07T18:41:13+00:00","og_image":[{"width":750,"height":375,"url":"https:\/\/soledaddurazo.com\/storage\/2021\/11\/FOTO-FERNANDO-OROPEZA-1-750x375-1.jpg","type":"image\/jpeg"}],"twitter_card":"summary_large_image","twitter_creator":"@SoledadDurazo","twitter_site":"@SoledadDurazo","twitter_misc":{"Escrito por":"Redacci\u00f3n","Tiempo de lectura":"6 minutos"},"schema":{"@context":"https:\/\/schema.org","@graph":[{"@type":"Organization","@id":"https:\/\/soledaddurazo.com\/#organization","name":"Soledad Durazo","url":"https:\/\/soledaddurazo.com\/","sameAs":["https:\/\/www.facebook.com\/soledad.durazo.9\/","https:\/\/www.instagram.com\/soledaddurazo","https:\/\/www.youtube.com\/channel\/UC9yGPw8-Vbl_B2XNkRwPS-w","https:\/\/twitter.com\/SoledadDurazo"],"logo":{"@type":"ImageObject","@id":"https:\/\/soledaddurazo.com\/#logo","inLanguage":"es","url":"https:\/\/soledaddurazo.com\/storage\/2021\/11\/nllp-720x375-1-2.png","contentUrl":"https:\/\/soledaddurazo.com\/storage\/2021\/11\/nllp-720x375-1-2.png","width":720,"height":375,"caption":"Soledad Durazo"},"image":{"@id":"https:\/\/soledaddurazo.com\/#logo"}},{"@type":"WebSite","@id":"https:\/\/soledaddurazo.com\/#website","url":"https:\/\/soledaddurazo.com\/","name":"Periodista SoledadDurazo.com","description":"Periodista sonorense. Directora de www.SoledadDurazo.com Columnista, conductora de radio y Tv. Catedr\u00e1tica en la UNISON","publisher":{"@id":"https:\/\/soledaddurazo.com\/#organization"},"potentialAction":[{"@type":"SearchAction","target":{"@type":"EntryPoint","urlTemplate":"https:\/\/soledaddurazo.com\/?s={search_term_string}"},"query-input":"required name=search_term_string"}],"inLanguage":"es"},{"@type":"ImageObject","@id":"https:\/\/soledaddurazo.com\/blog\/2022\/01\/07\/la-fuerza-de-alfonso-durazo\/#primaryimage","inLanguage":"es","url":"https:\/\/soledaddurazo.com\/storage\/2021\/11\/FOTO-FERNANDO-OROPEZA-1-750x375-1.jpg","contentUrl":"https:\/\/soledaddurazo.com\/storage\/2021\/11\/FOTO-FERNANDO-OROPEZA-1-750x375-1.jpg","width":750,"height":375},{"@type":"WebPage","@id":"https:\/\/soledaddurazo.com\/blog\/2022\/01\/07\/la-fuerza-de-alfonso-durazo\/#webpage","url":"https:\/\/soledaddurazo.com\/blog\/2022\/01\/07\/la-fuerza-de-alfonso-durazo\/","name":"La fuerza de Alfonso Durazo - Periodista SoledadDurazo.com","isPartOf":{"@id":"https:\/\/soledaddurazo.com\/#website"},"primaryImageOfPage":{"@id":"https:\/\/soledaddurazo.com\/blog\/2022\/01\/07\/la-fuerza-de-alfonso-durazo\/#primaryimage"},"datePublished":"2022-01-07T18:41:13+00:00","dateModified":"2022-01-07T18:41:13+00:00","breadcrumb":{"@id":"https:\/\/soledaddurazo.com\/blog\/2022\/01\/07\/la-fuerza-de-alfonso-durazo\/#breadcrumb"},"inLanguage":"es","potentialAction":[{"@type":"ReadAction","target":["https:\/\/soledaddurazo.com\/blog\/2022\/01\/07\/la-fuerza-de-alfonso-durazo\/"]}]},{"@type":"BreadcrumbList","@id":"https:\/\/soledaddurazo.com\/blog\/2022\/01\/07\/la-fuerza-de-alfonso-durazo\/#breadcrumb","itemListElement":[{"@type":"ListItem","position":1,"name":"Home","item":"https:\/\/soledaddurazo.com\/"},{"@type":"ListItem","position":2,"name":"La fuerza de Alfonso Durazo"}]},{"@type":"Article","@id":"https:\/\/soledaddurazo.com\/blog\/2022\/01\/07\/la-fuerza-de-alfonso-durazo\/#article","isPartOf":{"@id":"https:\/\/soledaddurazo.com\/blog\/2022\/01\/07\/la-fuerza-de-alfonso-durazo\/#webpage"},"author":{"@id":"https:\/\/soledaddurazo.com\/#\/schema\/person\/822d8e13aa288585e6546f179853758b"},"headline":"La fuerza de Alfonso Durazo","datePublished":"2022-01-07T18:41:13+00:00","dateModified":"2022-01-07T18:41:13+00:00","mainEntityOfPage":{"@id":"https:\/\/soledaddurazo.com\/blog\/2022\/01\/07\/la-fuerza-de-alfonso-durazo\/#webpage"},"wordCount":1274,"commentCount":0,"publisher":{"@id":"https:\/\/soledaddurazo.com\/#organization"},"image":{"@id":"https:\/\/soledaddurazo.com\/blog\/2022\/01\/07\/la-fuerza-de-alfonso-durazo\/#primaryimage"},"thumbnailUrl":"https:\/\/soledaddurazo.com\/storage\/2021\/11\/FOTO-FERNANDO-OROPEZA-1-750x375-1.jpg","articleSection":["Fernando Oropeza"],"inLanguage":"es","potentialAction":[{"@type":"CommentAction","name":"Comment","target":["https:\/\/soledaddurazo.com\/blog\/2022\/01\/07\/la-fuerza-de-alfonso-durazo\/#respond"]}]},{"@type":"Person","@id":"https:\/\/soledaddurazo.com\/#\/schema\/person\/822d8e13aa288585e6546f179853758b","name":"Redacci\u00f3n","image":{"@type":"ImageObject","@id":"https:\/\/soledaddurazo.com\/#personlogo","inLanguage":"es","url":"https:\/\/secure.gravatar.com\/avatar\/c4e193752f756fd61f04deebed3a3a20dc188d37edb53682d313ac57f2725d54?s=96&d=mm&r=g","contentUrl":"https:\/\/secure.gravatar.com\/avatar\/c4e193752f756fd61f04deebed3a3a20dc188d37edb53682d313ac57f2725d54?s=96&d=mm&r=g","caption":"Redacci\u00f3n"},"sameAs":["https:\/\/soledaddurazo.com"]}]}},"_links":{"self":[{"href":"https:\/\/soledaddurazo.com\/api\/wp\/v2\/posts\/12579","targetHints":{"allow":["GET"]}}],"collection":[{"href":"https:\/\/soledaddurazo.com\/api\/wp\/v2\/posts"}],"about":[{"href":"https:\/\/soledaddurazo.com\/api\/wp\/v2\/types\/post"}],"author":[{"embeddable":true,"href":"https:\/\/soledaddurazo.com\/api\/wp\/v2\/users\/1"}],"replies":[{"embeddable":true,"href":"https:\/\/soledaddurazo.com\/api\/wp\/v2\/comments?post=12579"}],"version-history":[{"count":1,"href":"https:\/\/soledaddurazo.com\/api\/wp\/v2\/posts\/12579\/revisions"}],"predecessor-version":[{"id":12580,"href":"https:\/\/soledaddurazo.com\/api\/wp\/v2\/posts\/12579\/revisions\/12580"}],"wp:featuredmedia":[{"embeddable":true,"href":"https:\/\/soledaddurazo.com\/api\/wp\/v2\/media\/11983"}],"wp:attachment":[{"href":"https:\/\/soledaddurazo.com\/api\/wp\/v2\/media?parent=12579"}],"wp:term":[{"taxonomy":"category","embeddable":true,"href":"https:\/\/soledaddurazo.com\/api\/wp\/v2\/categories?post=12579"},{"taxonomy":"post_tag","embeddable":true,"href":"https:\/\/soledaddurazo.com\/api\/wp\/v2\/tags?post=12579"}],"curies":[{"name":"wp","href":"https:\/\/api.w.org\/{rel}","templated":true}]}}