{"id":12466,"date":"2021-12-31T01:34:06","date_gmt":"2021-12-31T08:34:06","guid":{"rendered":"https:\/\/soledaddurazo.com\/?p=12466"},"modified":"2021-12-31T01:34:06","modified_gmt":"2021-12-31T08:34:06","slug":"habilitan-albergues-de-hermosillo-por-clima-para-personas-en-situacion-vulnerable","status":"publish","type":"post","link":"https:\/\/soledaddurazo.com\/blog\/2021\/12\/31\/habilitan-albergues-de-hermosillo-por-clima-para-personas-en-situacion-vulnerable\/","title":{"rendered":"Habilitan albergues de Hermosillo\u00a0por clima para personas en situaci\u00f3n vulnerable"},"content":{"rendered":"<p>Integrantes del Comit\u00e9 Municipal de Emergencias determinaron habilitar albergues para dar refugio a personas en situaci\u00f3n vulnerable durante las precipitaciones que se presentar\u00e1n durante este jueves y viernes.<\/p>\n<p>Florencio D\u00edaz Armenta, secretario del Ayuntamiento, coment\u00f3 que, aunque seguir\u00e1 la lluvia de manera constante y no ser\u00e1 intensa, y que de manera previsora se establecieron albergues en los Centros H\u00e1bitat Caf\u00e9 Combate, Olivos, Solidaridad I, Miguel Alem\u00e1n; y en la escuela secundaria de Bah\u00eda de Kino.<\/p>\n<p>D\u00edaz Armenta dijo que en los recorridos que haga la Polic\u00eda Municipal, desde este jueves a las 18:00 horas, se auxiliar\u00e1 a las personas en situaci\u00f3n de calle o a quienes reporten al 911 que se encuentren vulnerables, para trasladarlos a estos albergues.<\/p>\n<p>Explicaron que de acuerdo a las autoridades competentes el pron\u00f3stico indica que se esperan acumulados de no m\u00e1s de 35 mil\u00edmetros en un lapso de 18 horas, lo que en lluvias de verano se acumula en una hora; y que se prev\u00e9 que las temperaturas no bajen a los 5 grados cent\u00edgrados, pero habr\u00e1 vientos sostenidos hasta de 45 kil\u00f3metros por hora, lo que afectar\u00e1 en la sensaci\u00f3n t\u00e9rmica.<\/p>\n<p>En el comit\u00e9 participa personal de la Coordinaci\u00f3n Municipal de Protecci\u00f3n Civil y Bomberos; Seguridad P\u00fablica Municipal; DIF Hermosillo; Participaci\u00f3n Ciudadana; y de Inspecci\u00f3n y Vigilancia, en caso de requerirse.<\/p>\n<p>Tambi\u00e9n, Servicios P\u00fablicos mantiene un monitoreo para la limpieza de rejillas en algunos puntos de la ciudad; as\u00ed como si se presenta obstrucci\u00f3n en vialidades o canales, en coordinaci\u00f3n con personal y maquinaria de CIDUE, dependencia que estar\u00e1 al pendiente para brindar atenci\u00f3n r\u00e1pida en caso de fallas de sem\u00e1foros.<\/p>\n","protected":false},"excerpt":{"rendered":"<p>Integrantes del Comit\u00e9 Municipal de Emergencias determinaron habilitar albergues para dar refugio a personas en situaci\u00f3n vulnerable durante las precipitaciones que se presentar\u00e1n durante este jueves y viernes. Florencio D\u00edaz Armenta, secretario del Ayuntamiento, coment\u00f3 que, aunque seguir\u00e1 la lluvia de manera constante y no ser\u00e1 intensa, y que de manera previsora se establecieron albergues [&hellip;]<\/p>\n","protected":false},"author":1,"featured_media":12467,"comment_status":"open","ping_status":"open","sticky":false,"template":"","format":"standard","meta":{"footnotes":""},"categories":[159],"tags":[],"class_list":["post"],"yoast_head":" \n<title>Habilitan albergues de Hermosillo\u00a0por clima para personas en situaci\u00f3n vulnerable - Periodista SoledadDurazo.com<\/title>\n<meta name=\"robots\" content=\"index, follow, max-snippet:-1, max-image-preview:large, max-video-preview:-1\" \/>\n<link rel=\"canonical\" href=\"https:\/\/soledaddurazo.com\/blog\/2021\/12\/31\/habilitan-albergues-de-hermosillo-por-clima-para-personas-en-situacion-vulnerable\/\" \/>\n<meta property=\"og:locale\" content=\"es_MX\" \/>\n<meta property=\"og:type\" content=\"article\" \/>\n<meta property=\"og:title\" content=\"Habilitan albergues de Hermosillo\u00a0por clima para personas en situaci\u00f3n vulnerable\" \/>\n<meta property=\"og:description\" content=\"Integrantes del Comit\u00e9 Municipal de Emergencias determinaron habilitar albergues para dar refugio a personas en situaci\u00f3n vulnerable durante las precipitaciones que se presentar\u00e1n durante este jueves y viernes. Florencio D\u00edaz Armenta, secretario del Ayuntamiento, coment\u00f3 que, aunque seguir\u00e1 la lluvia de manera constante y no ser\u00e1 intensa, y que de manera previsora se establecieron albergues [&hellip;]\" \/>\n<meta property=\"og:url\" content=\"https:\/\/soledaddurazo.com\/blog\/2021\/12\/31\/habilitan-albergues-de-hermosillo-por-clima-para-personas-en-situacion-vulnerable\/\" \/>\n<meta property=\"og:site_name\" content=\"Periodista SoledadDurazo.com\" \/>\n<meta property=\"article:publisher\" content=\"https:\/\/www.facebook.com\/soledad.durazo.9\/\" \/>\n<meta property=\"article:published_time\" content=\"2021-12-31T08:34:06+00:00\" \/>\n<meta property=\"og:image\" content=\"https:\/\/soledaddurazo.com\/storage\/2021\/12\/recuperan.jpg\" \/>\n\t<meta property=\"og:image:width\" content=\"1140\" \/>\n\t<meta property=\"og:image:height\" content=\"712\" \/>\n<meta name=\"twitter:card\" content=\"summary_large_image\" \/>\n<meta name=\"twitter:creator\" content=\"@SoledadDurazo\" \/>\n<meta name=\"twitter:site\" content=\"@SoledadDurazo\" \/>\n<meta name=\"twitter:label1\" content=\"Escrito por\" \/>\n\t<meta name=\"twitter:data1\" content=\"Redacci\u00f3n\" \/>\n\t<meta name=\"twitter:label2\" content=\"Tiempo de lectura\" \/>\n\t<meta name=\"twitter:data2\" content=\"2 minutos\" \/>\n<script type=\"application\/ld+json\" class=\"yoast-schema-graph\">{\"@context\":\"https:\/\/schema.org\",\"@graph\":[{\"@type\":\"Organization\",\"@id\":\"https:\/\/soledaddurazo.com\/#organization\",\"name\":\"Soledad Durazo\",\"url\":\"https:\/\/soledaddurazo.com\/\",\"sameAs\":[\"https:\/\/www.facebook.com\/soledad.durazo.9\/\",\"https:\/\/www.instagram.com\/soledaddurazo\",\"https:\/\/www.youtube.com\/channel\/UC9yGPw8-Vbl_B2XNkRwPS-w\",\"https:\/\/twitter.com\/SoledadDurazo\"],\"logo\":{\"@type\":\"ImageObject\",\"@id\":\"https:\/\/soledaddurazo.com\/#logo\",\"inLanguage\":\"es\",\"url\":\"https:\/\/soledaddurazo.com\/storage\/2021\/11\/nllp-720x375-1-2.png\",\"contentUrl\":\"https:\/\/soledaddurazo.com\/storage\/2021\/11\/nllp-720x375-1-2.png\",\"width\":720,\"height\":375,\"caption\":\"Soledad Durazo\"},\"image\":{\"@id\":\"https:\/\/soledaddurazo.com\/#logo\"}},{\"@type\":\"WebSite\",\"@id\":\"https:\/\/soledaddurazo.com\/#website\",\"url\":\"https:\/\/soledaddurazo.com\/\",\"name\":\"Periodista SoledadDurazo.com\",\"description\":\"Periodista sonorense. Directora de www.SoledadDurazo.com Columnista, conductora de radio y Tv. Catedr\\u00e1tica en la UNISON\",\"publisher\":{\"@id\":\"https:\/\/soledaddurazo.com\/#organization\"},\"potentialAction\":[{\"@type\":\"SearchAction\",\"target\":{\"@type\":\"EntryPoint\",\"urlTemplate\":\"https:\/\/soledaddurazo.com\/?s={search_term_string}\"},\"query-input\":\"required name=search_term_string\"}],\"inLanguage\":\"es\"},{\"@type\":\"ImageObject\",\"@id\":\"https:\/\/soledaddurazo.com\/blog\/2021\/12\/31\/habilitan-albergues-de-hermosillo-por-clima-para-personas-en-situacion-vulnerable\/#primaryimage\",\"inLanguage\":\"es\",\"url\":\"https:\/\/soledaddurazo.com\/storage\/2021\/12\/recuperan.jpg\",\"contentUrl\":\"https:\/\/soledaddurazo.com\/storage\/2021\/12\/recuperan.jpg\",\"width\":1140,\"height\":712},{\"@type\":\"WebPage\",\"@id\":\"https:\/\/soledaddurazo.com\/blog\/2021\/12\/31\/habilitan-albergues-de-hermosillo-por-clima-para-personas-en-situacion-vulnerable\/#webpage\",\"url\":\"https:\/\/soledaddurazo.com\/blog\/2021\/12\/31\/habilitan-albergues-de-hermosillo-por-clima-para-personas-en-situacion-vulnerable\/\",\"name\":\"Habilitan albergues de Hermosillo\\u00a0por clima para personas en situaci\\u00f3n vulnerable - Periodista SoledadDurazo.com\",\"isPartOf\":{\"@id\":\"https:\/\/soledaddurazo.com\/#website\"},\"primaryImageOfPage\":{\"@id\":\"https:\/\/soledaddurazo.com\/blog\/2021\/12\/31\/habilitan-albergues-de-hermosillo-por-clima-para-personas-en-situacion-vulnerable\/#primaryimage\"},\"datePublished\":\"2021-12-31T08:34:06+00:00\",\"dateModified\":\"2021-12-31T08:34:06+00:00\",\"breadcrumb\":{\"@id\":\"https:\/\/soledaddurazo.com\/blog\/2021\/12\/31\/habilitan-albergues-de-hermosillo-por-clima-para-personas-en-situacion-vulnerable\/#breadcrumb\"},\"inLanguage\":\"es\",\"potentialAction\":[{\"@type\":\"ReadAction\",\"target\":[\"https:\/\/soledaddurazo.com\/blog\/2021\/12\/31\/habilitan-albergues-de-hermosillo-por-clima-para-personas-en-situacion-vulnerable\/\"]}]},{\"@type\":\"BreadcrumbList\",\"@id\":\"https:\/\/soledaddurazo.com\/blog\/2021\/12\/31\/habilitan-albergues-de-hermosillo-por-clima-para-personas-en-situacion-vulnerable\/#breadcrumb\",\"itemListElement\":[{\"@type\":\"ListItem\",\"position\":1,\"name\":\"Home\",\"item\":\"https:\/\/soledaddurazo.com\/\"},{\"@type\":\"ListItem\",\"position\":2,\"name\":\"Habilitan albergues de Hermosillo\\u00a0por clima para personas en situaci\\u00f3n vulnerable\"}]},{\"@type\":\"Article\",\"@id\":\"https:\/\/soledaddurazo.com\/blog\/2021\/12\/31\/habilitan-albergues-de-hermosillo-por-clima-para-personas-en-situacion-vulnerable\/#article\",\"isPartOf\":{\"@id\":\"https:\/\/soledaddurazo.com\/blog\/2021\/12\/31\/habilitan-albergues-de-hermosillo-por-clima-para-personas-en-situacion-vulnerable\/#webpage\"},\"author\":{\"@id\":\"https:\/\/soledaddurazo.com\/#\/schema\/person\/822d8e13aa288585e6546f179853758b\"},\"headline\":\"Habilitan albergues de Hermosillo\\u00a0por clima para personas en situaci\\u00f3n vulnerable\",\"datePublished\":\"2021-12-31T08:34:06+00:00\",\"dateModified\":\"2021-12-31T08:34:06+00:00\",\"mainEntityOfPage\":{\"@id\":\"https:\/\/soledaddurazo.com\/blog\/2021\/12\/31\/habilitan-albergues-de-hermosillo-por-clima-para-personas-en-situacion-vulnerable\/#webpage\"},\"wordCount\":301,\"commentCount\":0,\"publisher\":{\"@id\":\"https:\/\/soledaddurazo.com\/#organization\"},\"image\":{\"@id\":\"https:\/\/soledaddurazo.com\/blog\/2021\/12\/31\/habilitan-albergues-de-hermosillo-por-clima-para-personas-en-situacion-vulnerable\/#primaryimage\"},\"thumbnailUrl\":\"https:\/\/soledaddurazo.com\/storage\/2021\/12\/recuperan.jpg\",\"articleSection\":[\"Mi Sonora\"],\"inLanguage\":\"es\",\"potentialAction\":[{\"@type\":\"CommentAction\",\"name\":\"Comment\",\"target\":[\"https:\/\/soledaddurazo.com\/blog\/2021\/12\/31\/habilitan-albergues-de-hermosillo-por-clima-para-personas-en-situacion-vulnerable\/#respond\"]}]},{\"@type\":\"Person\",\"@id\":\"https:\/\/soledaddurazo.com\/#\/schema\/person\/822d8e13aa288585e6546f179853758b\",\"name\":\"Redacci\\u00f3n\",\"image\":{\"@type\":\"ImageObject\",\"@id\":\"https:\/\/soledaddurazo.com\/#personlogo\",\"inLanguage\":\"es\",\"url\":\"https:\/\/secure.gravatar.com\/avatar\/c4e193752f756fd61f04deebed3a3a20dc188d37edb53682d313ac57f2725d54?s=96&d=mm&r=g\",\"contentUrl\":\"https:\/\/secure.gravatar.com\/avatar\/c4e193752f756fd61f04deebed3a3a20dc188d37edb53682d313ac57f2725d54?s=96&d=mm&r=g\",\"caption\":\"Redacci\\u00f3n\"},\"sameAs\":[\"https:\/\/soledaddurazo.com\"]}]}<\/script>\n ","yoast_head_json":{"title":"Habilitan albergues de Hermosillo\u00a0por clima para personas en situaci\u00f3n vulnerable - Periodista SoledadDurazo.com","robots":{"index":"index","follow":"follow","max-snippet":"max-snippet:-1","max-image-preview":"max-image-preview:large","max-video-preview":"max-video-preview:-1"},"canonical":"https:\/\/soledaddurazo.com\/blog\/2021\/12\/31\/habilitan-albergues-de-hermosillo-por-clima-para-personas-en-situacion-vulnerable\/","og_locale":"es_MX","og_type":"article","og_title":"Habilitan albergues de Hermosillo\u00a0por clima para personas en situaci\u00f3n vulnerable","og_description":"Integrantes del Comit\u00e9 Municipal de Emergencias determinaron habilitar albergues para dar refugio a personas en situaci\u00f3n vulnerable durante las precipitaciones que se presentar\u00e1n durante este jueves y viernes. Florencio D\u00edaz Armenta, secretario del Ayuntamiento, coment\u00f3 que, aunque seguir\u00e1 la lluvia de manera constante y no ser\u00e1 intensa, y que de manera previsora se establecieron albergues [&hellip;]","og_url":"https:\/\/soledaddurazo.com\/blog\/2021\/12\/31\/habilitan-albergues-de-hermosillo-por-clima-para-personas-en-situacion-vulnerable\/","og_site_name":"Periodista SoledadDurazo.com","article_publisher":"https:\/\/www.facebook.com\/soledad.durazo.9\/","article_published_time":"2021-12-31T08:34:06+00:00","og_image":[{"width":1140,"height":712,"url":"https:\/\/soledaddurazo.com\/storage\/2021\/12\/recuperan.jpg","type":"image\/jpeg"}],"twitter_card":"summary_large_image","twitter_creator":"@SoledadDurazo","twitter_site":"@SoledadDurazo","twitter_misc":{"Escrito por":"Redacci\u00f3n","Tiempo de lectura":"2 minutos"},"schema":{"@context":"https:\/\/schema.org","@graph":[{"@type":"Organization","@id":"https:\/\/soledaddurazo.com\/#organization","name":"Soledad Durazo","url":"https:\/\/soledaddurazo.com\/","sameAs":["https:\/\/www.facebook.com\/soledad.durazo.9\/","https:\/\/www.instagram.com\/soledaddurazo","https:\/\/www.youtube.com\/channel\/UC9yGPw8-Vbl_B2XNkRwPS-w","https:\/\/twitter.com\/SoledadDurazo"],"logo":{"@type":"ImageObject","@id":"https:\/\/soledaddurazo.com\/#logo","inLanguage":"es","url":"https:\/\/soledaddurazo.com\/storage\/2021\/11\/nllp-720x375-1-2.png","contentUrl":"https:\/\/soledaddurazo.com\/storage\/2021\/11\/nllp-720x375-1-2.png","width":720,"height":375,"caption":"Soledad Durazo"},"image":{"@id":"https:\/\/soledaddurazo.com\/#logo"}},{"@type":"WebSite","@id":"https:\/\/soledaddurazo.com\/#website","url":"https:\/\/soledaddurazo.com\/","name":"Periodista SoledadDurazo.com","description":"Periodista sonorense. Directora de www.SoledadDurazo.com Columnista, conductora de radio y Tv. Catedr\u00e1tica en la UNISON","publisher":{"@id":"https:\/\/soledaddurazo.com\/#organization"},"potentialAction":[{"@type":"SearchAction","target":{"@type":"EntryPoint","urlTemplate":"https:\/\/soledaddurazo.com\/?s={search_term_string}"},"query-input":"required name=search_term_string"}],"inLanguage":"es"},{"@type":"ImageObject","@id":"https:\/\/soledaddurazo.com\/blog\/2021\/12\/31\/habilitan-albergues-de-hermosillo-por-clima-para-personas-en-situacion-vulnerable\/#primaryimage","inLanguage":"es","url":"https:\/\/soledaddurazo.com\/storage\/2021\/12\/recuperan.jpg","contentUrl":"https:\/\/soledaddurazo.com\/storage\/2021\/12\/recuperan.jpg","width":1140,"height":712},{"@type":"WebPage","@id":"https:\/\/soledaddurazo.com\/blog\/2021\/12\/31\/habilitan-albergues-de-hermosillo-por-clima-para-personas-en-situacion-vulnerable\/#webpage","url":"https:\/\/soledaddurazo.com\/blog\/2021\/12\/31\/habilitan-albergues-de-hermosillo-por-clima-para-personas-en-situacion-vulnerable\/","name":"Habilitan albergues de Hermosillo\u00a0por clima para personas en situaci\u00f3n vulnerable - Periodista SoledadDurazo.com","isPartOf":{"@id":"https:\/\/soledaddurazo.com\/#website"},"primaryImageOfPage":{"@id":"https:\/\/soledaddurazo.com\/blog\/2021\/12\/31\/habilitan-albergues-de-hermosillo-por-clima-para-personas-en-situacion-vulnerable\/#primaryimage"},"datePublished":"2021-12-31T08:34:06+00:00","dateModified":"2021-12-31T08:34:06+00:00","breadcrumb":{"@id":"https:\/\/soledaddurazo.com\/blog\/2021\/12\/31\/habilitan-albergues-de-hermosillo-por-clima-para-personas-en-situacion-vulnerable\/#breadcrumb"},"inLanguage":"es","potentialAction":[{"@type":"ReadAction","target":["https:\/\/soledaddurazo.com\/blog\/2021\/12\/31\/habilitan-albergues-de-hermosillo-por-clima-para-personas-en-situacion-vulnerable\/"]}]},{"@type":"BreadcrumbList","@id":"https:\/\/soledaddurazo.com\/blog\/2021\/12\/31\/habilitan-albergues-de-hermosillo-por-clima-para-personas-en-situacion-vulnerable\/#breadcrumb","itemListElement":[{"@type":"ListItem","position":1,"name":"Home","item":"https:\/\/soledaddurazo.com\/"},{"@type":"ListItem","position":2,"name":"Habilitan albergues de Hermosillo\u00a0por clima para personas en situaci\u00f3n vulnerable"}]},{"@type":"Article","@id":"https:\/\/soledaddurazo.com\/blog\/2021\/12\/31\/habilitan-albergues-de-hermosillo-por-clima-para-personas-en-situacion-vulnerable\/#article","isPartOf":{"@id":"https:\/\/soledaddurazo.com\/blog\/2021\/12\/31\/habilitan-albergues-de-hermosillo-por-clima-para-personas-en-situacion-vulnerable\/#webpage"},"author":{"@id":"https:\/\/soledaddurazo.com\/#\/schema\/person\/822d8e13aa288585e6546f179853758b"},"headline":"Habilitan albergues de Hermosillo\u00a0por clima para personas en situaci\u00f3n vulnerable","datePublished":"2021-12-31T08:34:06+00:00","dateModified":"2021-12-31T08:34:06+00:00","mainEntityOfPage":{"@id":"https:\/\/soledaddurazo.com\/blog\/2021\/12\/31\/habilitan-albergues-de-hermosillo-por-clima-para-personas-en-situacion-vulnerable\/#webpage"},"wordCount":301,"commentCount":0,"publisher":{"@id":"https:\/\/soledaddurazo.com\/#organization"},"image":{"@id":"https:\/\/soledaddurazo.com\/blog\/2021\/12\/31\/habilitan-albergues-de-hermosillo-por-clima-para-personas-en-situacion-vulnerable\/#primaryimage"},"thumbnailUrl":"https:\/\/soledaddurazo.com\/storage\/2021\/12\/recuperan.jpg","articleSection":["Mi Sonora"],"inLanguage":"es","potentialAction":[{"@type":"CommentAction","name":"Comment","target":["https:\/\/soledaddurazo.com\/blog\/2021\/12\/31\/habilitan-albergues-de-hermosillo-por-clima-para-personas-en-situacion-vulnerable\/#respond"]}]},{"@type":"Person","@id":"https:\/\/soledaddurazo.com\/#\/schema\/person\/822d8e13aa288585e6546f179853758b","name":"Redacci\u00f3n","image":{"@type":"ImageObject","@id":"https:\/\/soledaddurazo.com\/#personlogo","inLanguage":"es","url":"https:\/\/secure.gravatar.com\/avatar\/c4e193752f756fd61f04deebed3a3a20dc188d37edb53682d313ac57f2725d54?s=96&d=mm&r=g","contentUrl":"https:\/\/secure.gravatar.com\/avatar\/c4e193752f756fd61f04deebed3a3a20dc188d37edb53682d313ac57f2725d54?s=96&d=mm&r=g","caption":"Redacci\u00f3n"},"sameAs":["https:\/\/soledaddurazo.com"]}]}},"_links":{"self":[{"href":"https:\/\/soledaddurazo.com\/api\/wp\/v2\/posts\/12466","targetHints":{"allow":["GET"]}}],"collection":[{"href":"https:\/\/soledaddurazo.com\/api\/wp\/v2\/posts"}],"about":[{"href":"https:\/\/soledaddurazo.com\/api\/wp\/v2\/types\/post"}],"author":[{"embeddable":true,"href":"https:\/\/soledaddurazo.com\/api\/wp\/v2\/users\/1"}],"replies":[{"embeddable":true,"href":"https:\/\/soledaddurazo.com\/api\/wp\/v2\/comments?post=12466"}],"version-history":[{"count":1,"href":"https:\/\/soledaddurazo.com\/api\/wp\/v2\/posts\/12466\/revisions"}],"predecessor-version":[{"id":12468,"href":"https:\/\/soledaddurazo.com\/api\/wp\/v2\/posts\/12466\/revisions\/12468"}],"wp:featuredmedia":[{"embeddable":true,"href":"https:\/\/soledaddurazo.com\/api\/wp\/v2\/media\/12467"}],"wp:attachment":[{"href":"https:\/\/soledaddurazo.com\/api\/wp\/v2\/media?parent=12466"}],"wp:term":[{"taxonomy":"category","embeddable":true,"href":"https:\/\/soledaddurazo.com\/api\/wp\/v2\/categories?post=12466"},{"taxonomy":"post_tag","embeddable":true,"href":"https:\/\/soledaddurazo.com\/api\/wp\/v2\/tags?post=12466"}],"curies":[{"name":"wp","href":"https:\/\/api.w.org\/{rel}","templated":true}]}}