{"id":12012,"date":"2021-11-30T23:50:10","date_gmt":"2021-12-01T06:50:10","guid":{"rendered":"https:\/\/soledaddurazo.com\/?p=12012"},"modified":"2021-11-30T23:50:10","modified_gmt":"2021-12-01T06:50:10","slug":"presentan-diputados-iniciativas-con-diversas-tematicas-sociales","status":"publish","type":"post","link":"https:\/\/soledaddurazo.com\/blog\/2021\/11\/30\/presentan-diputados-iniciativas-con-diversas-tematicas-sociales\/","title":{"rendered":"Presentan Diputados iniciativas con diversas tem\u00e1ticas sociales"},"content":{"rendered":"<p><span style=\"font-size: large;\">La prevenci\u00f3n social de la violencia y la delincuencia, la participaci\u00f3n ciudadana, el emprendimiento y la competitividad, la delimitaci\u00f3n del conflicto de intereses en el Parlamento, la salud mental, las condiciones laborales de los trabajadores del campo y la implementaci\u00f3n de un protocolo neonatal para la atenci\u00f3n materno-infantil, fueron los temas tratados en la sesi\u00f3n ordinaria del Congreso del Estado.<\/span><\/p>\n<p><span style=\"font-size: large;\">En esta \u00faltima sesi\u00f3n del mes de noviembre se cont\u00f3 con la presencia del presidente de la mesa directiva de la C\u00e1mara de Diputados de la LXV Legislatura del Congreso de la Uni\u00f3n, diputado Sergio Carlos Guti\u00e9rrez Luna, quien felicit\u00f3 a los integrantes de la LXIII Legislatura sonorense por la gran labor que llevan a cabo, en la que han prevalecido el di\u00e1logo, el entendimiento y el consenso.<\/span><\/p>\n<p><span style=\"font-size: large;\">\u201cCreo que la forma de encontrar puntos de coincidencia se facilita cuando se fomenta el di\u00e1logo; se escuchan las diferentes opiniones, derivadas de la pluralidad que se integra en un \u00f3rgano legislativo, y cuando no se dan las coincidencias, el buen tono prevalezca para que el d\u00eda de ma\u00f1ana o en un momento futuro, puedan construirse nuevamente las coincidencias\u201d, asever\u00f3.<\/span><\/p>\n<p><span style=\"font-size: large;\">El presidente de la mesa directiva, diputado Jacobo Mendoza Ruiz, inform\u00f3 al Pleno que Guti\u00e9rrez Luna estuvo como invitado en la instalaci\u00f3n de las comisiones de Gobernaci\u00f3n y Puntos Constitucionales, y de Justicia y Derechos Humanos, y como una cortes\u00eda parlamentaria solicit\u00f3 autorizaci\u00f3n a la asamblea para que el diputado federal hiciera uso de la tribuna.<\/span><\/p>\n<p><span style=\"font-size: large;\">Ambos presidentes acordaron firmar la pr\u00f3xima semana un convenio de colaboraci\u00f3n entre la C\u00e1mara de Diputados y el Congreso del Estado, en materia de capacitaci\u00f3n, de asistencia legislativa y de archivos.<\/span><\/p>\n<p><span style=\"font-size: large;\">En el siguiente punto del orden del d\u00eda, la diputada Ernestina Castro Valenzuela present\u00f3 una iniciativa con proyecto de ley para la prevenci\u00f3n social de la violencia y la delincuencia, con participaci\u00f3n ciudadana para el Estado de Sonora, a la que defini\u00f3 como un proceso que demanda acciones a corto, mediano y largo plazo, orientadas a lograr, de manera progresiva, cambios socioculturales que permitan la configuraci\u00f3n de las relaciones libres de violencia y delincuencia.<\/span><\/p>\n<p><span style=\"font-size: large;\">\u201cLos factores de protecci\u00f3n contra la vulnerabilidad ante los fen\u00f3menos de violencia y delincuencia incluyen el desarrollo de competencias ciudadanas para la construcci\u00f3n de una cultura de prevenci\u00f3n social, la generaci\u00f3n de entornos que favorezcan la convivencia y la reactivaci\u00f3n socioecon\u00f3mica en las comunidades, adem\u00e1s del fortalecimiento de las capacidades institucionales\u201d, expres\u00f3.<\/span><\/p>\n<p><span style=\"font-size: large;\">La iniciativa se turn\u00f3 para estudio a la Comisi\u00f3n de Seguridad Ciudadana, mientras que a la de Fomento Econ\u00f3mico y Turismo se envi\u00f3 la presentada por el diputado Ricardo Lugo Moreno, con proyecto de ley que crea el instituto sonorense del emprendimiento y la competitividad.<\/span><\/p>\n<p><span style=\"font-size: large;\">Expuso que se necesitan acciones institucionales que reviertan los efectos provocados por la pandemia en los avances que hab\u00edan logrado las mujeres en la inserci\u00f3n laboral, as\u00ed como para lograr una recuperaci\u00f3n econ\u00f3mica, por lo cual estim\u00f3 necesario que los congresos locales creen institutos del emprendimiento que puedan capitalizar el talento de las mujeres, hagan viables sus proyectos y puedan superar problem\u00e1ticas como tr\u00e1mites complejos y falta de acceso a financiamiento.<\/span><\/p>\n<p><span style=\"font-size: large;\">La diputada Natalia Rivera Grijalva present\u00f3 enseguida una iniciativa con proyecto de decreto que reforma y adiciona diversas disposiciones de la Ley Org\u00e1nica del Poder Legislativo, por considerar viable incluir la figura de conflicto de inter\u00e9s, a efecto de evitar afectaciones y vulneraciones al orden p\u00fablico, por lo que este Poder, al igual que los dem\u00e1s, dijo, est\u00e1 obligado a desempe\u00f1arse de manera transparente y bajo el principio de probidad, para as\u00ed legitimar a\u00fan m\u00e1s las decisiones que se toman de manera colegiada.<\/span><\/p>\n<p><span style=\"font-size: large;\">La Presidencia turn\u00f3 la iniciativa a la Comisi\u00f3n de Gobernaci\u00f3n y Puntos Constitucionales, para posteriormente presentar la propia con proyecto de decreto que adiciona un p\u00e1rrafo segundo al Art\u00edculo 30 de la Ley de Salud Mental del Estado de Sonora, por parte del diputado \u00d3scar Eduardo Castro Castro.<\/span><\/p>\n<p><span style=\"font-size: large;\">Propuso que se establezca un m\u00f3dulo de salud mental por cada 50 mil habitantes en cada regi\u00f3n del Estado de Sonora, por considerar es momento de sumar esfuerzos, desde cada trinchera, para reducir los \u00edndices de mortalidad a causa de trastornos y enfermedades mentales, pero para lograrlo, agreg\u00f3, la atenci\u00f3n y los programas de salud deben llegar a todos los rincones de la entidad. La iniciativa ser\u00e1 estudiada por la Comisi\u00f3n de Salud.<\/span><\/p>\n<p><b><span style=\"font-size: large;\">Acuerdos y posicionamientos<\/span><\/b><\/p>\n<p><span style=\"font-size: large;\">El siguiente punto del orden del d\u00eda fue la presentaci\u00f3n de la iniciativa con punto de Acuerdo que present\u00f3 el diputado Jos\u00e9 Rafael Ram\u00edrez Morales, a efecto de exhortar a la titular de la Secretar\u00eda del Trabajo en el Estado y al titular de la Secretar\u00eda de Agricultura, Ganader\u00eda, Recursos Hidr\u00e1ulicos, Pesca y Acuacultura del Estado de Sonora.<\/span><\/p>\n<p><span style=\"font-size: large;\">El Acuerdo aprobado establece que dichos funcionarios, en ejercicio de sus atribuciones, realicen de manera conjunta visitas de inspecci\u00f3n a los campos agr\u00edcolas, con la finalidad de constatar las condiciones laborales de las personas trabajadoras del campo, para que, en caso de detectar violaciones a sus derechos laborales o se atente contra la dignidad humana de los mismos, emprendan las acciones legales correspondientes e informen a este Congreso el resultado.<\/span><\/p>\n<p><span style=\"font-size: large;\">A nombre del grupo parlamentario del Partido Revolucionario Institucional, la diputada Karina Teresita Z\u00e1rate F\u00e9lix present\u00f3 un punto de Acuerdo para exhortar a los secretarios de Hacienda y de Salud P\u00fablica del Estado de Sonora, con el fin de que asignen recursos espec\u00edficos y suficientes para la implementaci\u00f3n de un protocolo neonatal para la atenci\u00f3n materno-infantil.<\/span><\/p>\n<p><span style=\"font-size: large;\">Indic\u00f3 que existen muchos sucesos desafortunados que pudieron haberse evitado si hubiese existido una debida pol\u00edtica p\u00fablica que preservara el proceso que cualquier madre tiene al momento de dar a luz, pues la mortalidad materna y neonatal son indicadores que reflejan el desarrollo y la garant\u00eda de los derechos en la sociedad, y la mayor\u00eda de las mujeres y de reci\u00e9n nacidos que fallecen pertenecen a grupos poblacionales en condiciones de mayor vulnerabilidad social.<\/span><\/p>\n<p><span style=\"font-size: large;\">A este llamado se sumaron las diputadas Margarita V\u00e9lez De la Rocha, Alma Manuela Higuera Esquer, Mar\u00eda Sagrario Monta\u00f1o Palomares, Rebeca Irene Silva Gallardo y Paloma Mar\u00eda Ter\u00e1n Villalobos, as\u00ed como el presidente de la mesa directiva, diputado Jacobo Mendoza Ruiz.<\/span><\/p>\n<p><span style=\"font-size: large;\">La diputada Claudia Zulema Bours Corral present\u00f3 enseguida un posicionamiento en relaci\u00f3n al D\u00eda Mundial de la Acci\u00f3n contra el SIDA, que se celebra ma\u00f1ana, cuando en todo el mundo se rinde tributo a los millones de seres humanos que han perdido la vida a causa de esta enfermedad, y reconoci\u00f3 a quienes luchan contra esta.<\/span><\/p>\n<p><span style=\"font-size: large;\">En el pen\u00faltimo punto del orden del d\u00eda, el diputado Sebasti\u00e1n Antonio Ordu\u00f1o Fragoza present\u00f3 un posicionamiento en relaci\u00f3n con los lamentables hechos violentos acontecidos el pasado fin de semana en el municipio de Guaymas, Sonora. Los legisladores guardaron un minuto de silencio en memoria de Marisol Cuadras y Antelmo Eduardo Guti\u00e9rrez, quienes perdieron la vida.<\/span><\/p>\n<p><span style=\"font-size: large;\">\u201cLos guaymenses a\u00f1oramos que nuestra ciudad vuelva a la normalidad; queremos el Guaymas de antes, donde pod\u00edamos trabajar, convivir y pasear sin temor a perder la vida. Los guaymenses ya no queremos perder a ninguna mujer, pero tampoco a ning\u00fan ni\u00f1a, ni\u00f1o, hombre, anciano o anciana; no queremos ninguna v\u00edctima m\u00e1s\u201d, afirm\u00f3.<\/span><\/p>\n<p><span style=\"font-size: large;\">Desde la tribuna del Congreso del Estado exigi\u00f3 a las autoridades que pongan un alto a la violencia, que no se doblen ante la corrupci\u00f3n y que realicen su trabajo, cada uno desde su trinchera, adem\u00e1s de exigir justicia y hacer un llamado a la sociedad, a sabiendas de que la educaci\u00f3n comienza en la casa y como comunidad deben trabajar unidos.<\/span><\/p>\n<p><span style=\"font-size: large;\">La pr\u00f3xima sesi\u00f3n del Plenos se cit\u00f3 para este jueves 2 de diciembre, a las 10:00 horas.<\/span><\/p>\n","protected":false},"excerpt":{"rendered":"<p>La prevenci\u00f3n social de la violencia y la delincuencia, la participaci\u00f3n ciudadana, el emprendimiento y la competitividad, la delimitaci\u00f3n del conflicto de intereses en el Parlamento, la salud mental, las condiciones laborales de los trabajadores del campo y la implementaci\u00f3n de un protocolo neonatal para la atenci\u00f3n materno-infantil, fueron los temas tratados en la sesi\u00f3n [&hellip;]<\/p>\n","protected":false},"author":1,"featured_media":12013,"comment_status":"open","ping_status":"open","sticky":false,"template":"","format":"standard","meta":{"footnotes":""},"categories":[159],"tags":[],"class_list":["post"],"yoast_head":" \n<title>Presentan Diputados iniciativas con diversas tem\u00e1ticas sociales - Periodista SoledadDurazo.com<\/title>\n<meta name=\"robots\" content=\"index, follow, max-snippet:-1, max-image-preview:large, max-video-preview:-1\" \/>\n<link rel=\"canonical\" href=\"https:\/\/soledaddurazo.com\/blog\/2021\/11\/30\/presentan-diputados-iniciativas-con-diversas-tematicas-sociales\/\" \/>\n<meta property=\"og:locale\" content=\"es_MX\" \/>\n<meta property=\"og:type\" content=\"article\" \/>\n<meta property=\"og:title\" content=\"Presentan Diputados iniciativas con diversas tem\u00e1ticas sociales\" \/>\n<meta property=\"og:description\" content=\"La prevenci\u00f3n social de la violencia y la delincuencia, la participaci\u00f3n ciudadana, el emprendimiento y la competitividad, la delimitaci\u00f3n del conflicto de intereses en el Parlamento, la salud mental, las condiciones laborales de los trabajadores del campo y la implementaci\u00f3n de un protocolo neonatal para la atenci\u00f3n materno-infantil, fueron los temas tratados en la sesi\u00f3n [&hellip;]\" \/>\n<meta property=\"og:url\" content=\"https:\/\/soledaddurazo.com\/blog\/2021\/11\/30\/presentan-diputados-iniciativas-con-diversas-tematicas-sociales\/\" \/>\n<meta property=\"og:site_name\" content=\"Periodista SoledadDurazo.com\" \/>\n<meta property=\"article:publisher\" content=\"https:\/\/www.facebook.com\/soledad.durazo.9\/\" \/>\n<meta property=\"article:published_time\" content=\"2021-12-01T06:50:10+00:00\" \/>\n<meta property=\"og:image\" content=\"https:\/\/soledaddurazo.com\/storage\/2021\/11\/51715328582_1509aa3bf6_w.jpg\" \/>\n\t<meta property=\"og:image:width\" content=\"400\" \/>\n\t<meta property=\"og:image:height\" content=\"205\" \/>\n<meta name=\"twitter:card\" content=\"summary_large_image\" \/>\n<meta name=\"twitter:creator\" content=\"@SoledadDurazo\" \/>\n<meta name=\"twitter:site\" content=\"@SoledadDurazo\" \/>\n<meta name=\"twitter:label1\" content=\"Escrito por\" \/>\n\t<meta name=\"twitter:data1\" content=\"Redacci\u00f3n\" \/>\n\t<meta name=\"twitter:label2\" content=\"Tiempo de lectura\" \/>\n\t<meta name=\"twitter:data2\" content=\"6 minutos\" \/>\n<script type=\"application\/ld+json\" class=\"yoast-schema-graph\">{\"@context\":\"https:\/\/schema.org\",\"@graph\":[{\"@type\":\"Organization\",\"@id\":\"https:\/\/soledaddurazo.com\/#organization\",\"name\":\"Soledad Durazo\",\"url\":\"https:\/\/soledaddurazo.com\/\",\"sameAs\":[\"https:\/\/www.facebook.com\/soledad.durazo.9\/\",\"https:\/\/www.instagram.com\/soledaddurazo\",\"https:\/\/www.youtube.com\/channel\/UC9yGPw8-Vbl_B2XNkRwPS-w\",\"https:\/\/twitter.com\/SoledadDurazo\"],\"logo\":{\"@type\":\"ImageObject\",\"@id\":\"https:\/\/soledaddurazo.com\/#logo\",\"inLanguage\":\"es\",\"url\":\"https:\/\/soledaddurazo.com\/storage\/2021\/11\/nllp-720x375-1-2.png\",\"contentUrl\":\"https:\/\/soledaddurazo.com\/storage\/2021\/11\/nllp-720x375-1-2.png\",\"width\":720,\"height\":375,\"caption\":\"Soledad Durazo\"},\"image\":{\"@id\":\"https:\/\/soledaddurazo.com\/#logo\"}},{\"@type\":\"WebSite\",\"@id\":\"https:\/\/soledaddurazo.com\/#website\",\"url\":\"https:\/\/soledaddurazo.com\/\",\"name\":\"Periodista SoledadDurazo.com\",\"description\":\"Periodista sonorense. Directora de www.SoledadDurazo.com Columnista, conductora de radio y Tv. Catedr\\u00e1tica en la UNISON\",\"publisher\":{\"@id\":\"https:\/\/soledaddurazo.com\/#organization\"},\"potentialAction\":[{\"@type\":\"SearchAction\",\"target\":{\"@type\":\"EntryPoint\",\"urlTemplate\":\"https:\/\/soledaddurazo.com\/?s={search_term_string}\"},\"query-input\":\"required name=search_term_string\"}],\"inLanguage\":\"es\"},{\"@type\":\"ImageObject\",\"@id\":\"https:\/\/soledaddurazo.com\/blog\/2021\/11\/30\/presentan-diputados-iniciativas-con-diversas-tematicas-sociales\/#primaryimage\",\"inLanguage\":\"es\",\"url\":\"https:\/\/soledaddurazo.com\/storage\/2021\/11\/51715328582_1509aa3bf6_w.jpg\",\"contentUrl\":\"https:\/\/soledaddurazo.com\/storage\/2021\/11\/51715328582_1509aa3bf6_w.jpg\",\"width\":400,\"height\":205},{\"@type\":\"WebPage\",\"@id\":\"https:\/\/soledaddurazo.com\/blog\/2021\/11\/30\/presentan-diputados-iniciativas-con-diversas-tematicas-sociales\/#webpage\",\"url\":\"https:\/\/soledaddurazo.com\/blog\/2021\/11\/30\/presentan-diputados-iniciativas-con-diversas-tematicas-sociales\/\",\"name\":\"Presentan Diputados iniciativas con diversas tem\\u00e1ticas sociales - Periodista SoledadDurazo.com\",\"isPartOf\":{\"@id\":\"https:\/\/soledaddurazo.com\/#website\"},\"primaryImageOfPage\":{\"@id\":\"https:\/\/soledaddurazo.com\/blog\/2021\/11\/30\/presentan-diputados-iniciativas-con-diversas-tematicas-sociales\/#primaryimage\"},\"datePublished\":\"2021-12-01T06:50:10+00:00\",\"dateModified\":\"2021-12-01T06:50:10+00:00\",\"breadcrumb\":{\"@id\":\"https:\/\/soledaddurazo.com\/blog\/2021\/11\/30\/presentan-diputados-iniciativas-con-diversas-tematicas-sociales\/#breadcrumb\"},\"inLanguage\":\"es\",\"potentialAction\":[{\"@type\":\"ReadAction\",\"target\":[\"https:\/\/soledaddurazo.com\/blog\/2021\/11\/30\/presentan-diputados-iniciativas-con-diversas-tematicas-sociales\/\"]}]},{\"@type\":\"BreadcrumbList\",\"@id\":\"https:\/\/soledaddurazo.com\/blog\/2021\/11\/30\/presentan-diputados-iniciativas-con-diversas-tematicas-sociales\/#breadcrumb\",\"itemListElement\":[{\"@type\":\"ListItem\",\"position\":1,\"name\":\"Home\",\"item\":\"https:\/\/soledaddurazo.com\/\"},{\"@type\":\"ListItem\",\"position\":2,\"name\":\"Presentan Diputados iniciativas con diversas tem\\u00e1ticas sociales\"}]},{\"@type\":\"Article\",\"@id\":\"https:\/\/soledaddurazo.com\/blog\/2021\/11\/30\/presentan-diputados-iniciativas-con-diversas-tematicas-sociales\/#article\",\"isPartOf\":{\"@id\":\"https:\/\/soledaddurazo.com\/blog\/2021\/11\/30\/presentan-diputados-iniciativas-con-diversas-tematicas-sociales\/#webpage\"},\"author\":{\"@id\":\"https:\/\/soledaddurazo.com\/#\/schema\/person\/822d8e13aa288585e6546f179853758b\"},\"headline\":\"Presentan Diputados iniciativas con diversas tem\\u00e1ticas sociales\",\"datePublished\":\"2021-12-01T06:50:10+00:00\",\"dateModified\":\"2021-12-01T06:50:10+00:00\",\"mainEntityOfPage\":{\"@id\":\"https:\/\/soledaddurazo.com\/blog\/2021\/11\/30\/presentan-diputados-iniciativas-con-diversas-tematicas-sociales\/#webpage\"},\"wordCount\":1375,\"commentCount\":0,\"publisher\":{\"@id\":\"https:\/\/soledaddurazo.com\/#organization\"},\"image\":{\"@id\":\"https:\/\/soledaddurazo.com\/blog\/2021\/11\/30\/presentan-diputados-iniciativas-con-diversas-tematicas-sociales\/#primaryimage\"},\"thumbnailUrl\":\"https:\/\/soledaddurazo.com\/storage\/2021\/11\/51715328582_1509aa3bf6_w.jpg\",\"articleSection\":[\"Mi Sonora\"],\"inLanguage\":\"es\",\"potentialAction\":[{\"@type\":\"CommentAction\",\"name\":\"Comment\",\"target\":[\"https:\/\/soledaddurazo.com\/blog\/2021\/11\/30\/presentan-diputados-iniciativas-con-diversas-tematicas-sociales\/#respond\"]}]},{\"@type\":\"Person\",\"@id\":\"https:\/\/soledaddurazo.com\/#\/schema\/person\/822d8e13aa288585e6546f179853758b\",\"name\":\"Redacci\\u00f3n\",\"image\":{\"@type\":\"ImageObject\",\"@id\":\"https:\/\/soledaddurazo.com\/#personlogo\",\"inLanguage\":\"es\",\"url\":\"https:\/\/secure.gravatar.com\/avatar\/c4e193752f756fd61f04deebed3a3a20dc188d37edb53682d313ac57f2725d54?s=96&d=mm&r=g\",\"contentUrl\":\"https:\/\/secure.gravatar.com\/avatar\/c4e193752f756fd61f04deebed3a3a20dc188d37edb53682d313ac57f2725d54?s=96&d=mm&r=g\",\"caption\":\"Redacci\\u00f3n\"},\"sameAs\":[\"https:\/\/soledaddurazo.com\"]}]}<\/script>\n ","yoast_head_json":{"title":"Presentan Diputados iniciativas con diversas tem\u00e1ticas sociales - Periodista SoledadDurazo.com","robots":{"index":"index","follow":"follow","max-snippet":"max-snippet:-1","max-image-preview":"max-image-preview:large","max-video-preview":"max-video-preview:-1"},"canonical":"https:\/\/soledaddurazo.com\/blog\/2021\/11\/30\/presentan-diputados-iniciativas-con-diversas-tematicas-sociales\/","og_locale":"es_MX","og_type":"article","og_title":"Presentan Diputados iniciativas con diversas tem\u00e1ticas sociales","og_description":"La prevenci\u00f3n social de la violencia y la delincuencia, la participaci\u00f3n ciudadana, el emprendimiento y la competitividad, la delimitaci\u00f3n del conflicto de intereses en el Parlamento, la salud mental, las condiciones laborales de los trabajadores del campo y la implementaci\u00f3n de un protocolo neonatal para la atenci\u00f3n materno-infantil, fueron los temas tratados en la sesi\u00f3n [&hellip;]","og_url":"https:\/\/soledaddurazo.com\/blog\/2021\/11\/30\/presentan-diputados-iniciativas-con-diversas-tematicas-sociales\/","og_site_name":"Periodista SoledadDurazo.com","article_publisher":"https:\/\/www.facebook.com\/soledad.durazo.9\/","article_published_time":"2021-12-01T06:50:10+00:00","og_image":[{"width":400,"height":205,"url":"https:\/\/soledaddurazo.com\/storage\/2021\/11\/51715328582_1509aa3bf6_w.jpg","type":"image\/jpeg"}],"twitter_card":"summary_large_image","twitter_creator":"@SoledadDurazo","twitter_site":"@SoledadDurazo","twitter_misc":{"Escrito por":"Redacci\u00f3n","Tiempo de lectura":"6 minutos"},"schema":{"@context":"https:\/\/schema.org","@graph":[{"@type":"Organization","@id":"https:\/\/soledaddurazo.com\/#organization","name":"Soledad Durazo","url":"https:\/\/soledaddurazo.com\/","sameAs":["https:\/\/www.facebook.com\/soledad.durazo.9\/","https:\/\/www.instagram.com\/soledaddurazo","https:\/\/www.youtube.com\/channel\/UC9yGPw8-Vbl_B2XNkRwPS-w","https:\/\/twitter.com\/SoledadDurazo"],"logo":{"@type":"ImageObject","@id":"https:\/\/soledaddurazo.com\/#logo","inLanguage":"es","url":"https:\/\/soledaddurazo.com\/storage\/2021\/11\/nllp-720x375-1-2.png","contentUrl":"https:\/\/soledaddurazo.com\/storage\/2021\/11\/nllp-720x375-1-2.png","width":720,"height":375,"caption":"Soledad Durazo"},"image":{"@id":"https:\/\/soledaddurazo.com\/#logo"}},{"@type":"WebSite","@id":"https:\/\/soledaddurazo.com\/#website","url":"https:\/\/soledaddurazo.com\/","name":"Periodista SoledadDurazo.com","description":"Periodista sonorense. Directora de www.SoledadDurazo.com Columnista, conductora de radio y Tv. Catedr\u00e1tica en la UNISON","publisher":{"@id":"https:\/\/soledaddurazo.com\/#organization"},"potentialAction":[{"@type":"SearchAction","target":{"@type":"EntryPoint","urlTemplate":"https:\/\/soledaddurazo.com\/?s={search_term_string}"},"query-input":"required name=search_term_string"}],"inLanguage":"es"},{"@type":"ImageObject","@id":"https:\/\/soledaddurazo.com\/blog\/2021\/11\/30\/presentan-diputados-iniciativas-con-diversas-tematicas-sociales\/#primaryimage","inLanguage":"es","url":"https:\/\/soledaddurazo.com\/storage\/2021\/11\/51715328582_1509aa3bf6_w.jpg","contentUrl":"https:\/\/soledaddurazo.com\/storage\/2021\/11\/51715328582_1509aa3bf6_w.jpg","width":400,"height":205},{"@type":"WebPage","@id":"https:\/\/soledaddurazo.com\/blog\/2021\/11\/30\/presentan-diputados-iniciativas-con-diversas-tematicas-sociales\/#webpage","url":"https:\/\/soledaddurazo.com\/blog\/2021\/11\/30\/presentan-diputados-iniciativas-con-diversas-tematicas-sociales\/","name":"Presentan Diputados iniciativas con diversas tem\u00e1ticas sociales - Periodista SoledadDurazo.com","isPartOf":{"@id":"https:\/\/soledaddurazo.com\/#website"},"primaryImageOfPage":{"@id":"https:\/\/soledaddurazo.com\/blog\/2021\/11\/30\/presentan-diputados-iniciativas-con-diversas-tematicas-sociales\/#primaryimage"},"datePublished":"2021-12-01T06:50:10+00:00","dateModified":"2021-12-01T06:50:10+00:00","breadcrumb":{"@id":"https:\/\/soledaddurazo.com\/blog\/2021\/11\/30\/presentan-diputados-iniciativas-con-diversas-tematicas-sociales\/#breadcrumb"},"inLanguage":"es","potentialAction":[{"@type":"ReadAction","target":["https:\/\/soledaddurazo.com\/blog\/2021\/11\/30\/presentan-diputados-iniciativas-con-diversas-tematicas-sociales\/"]}]},{"@type":"BreadcrumbList","@id":"https:\/\/soledaddurazo.com\/blog\/2021\/11\/30\/presentan-diputados-iniciativas-con-diversas-tematicas-sociales\/#breadcrumb","itemListElement":[{"@type":"ListItem","position":1,"name":"Home","item":"https:\/\/soledaddurazo.com\/"},{"@type":"ListItem","position":2,"name":"Presentan Diputados iniciativas con diversas tem\u00e1ticas sociales"}]},{"@type":"Article","@id":"https:\/\/soledaddurazo.com\/blog\/2021\/11\/30\/presentan-diputados-iniciativas-con-diversas-tematicas-sociales\/#article","isPartOf":{"@id":"https:\/\/soledaddurazo.com\/blog\/2021\/11\/30\/presentan-diputados-iniciativas-con-diversas-tematicas-sociales\/#webpage"},"author":{"@id":"https:\/\/soledaddurazo.com\/#\/schema\/person\/822d8e13aa288585e6546f179853758b"},"headline":"Presentan Diputados iniciativas con diversas tem\u00e1ticas sociales","datePublished":"2021-12-01T06:50:10+00:00","dateModified":"2021-12-01T06:50:10+00:00","mainEntityOfPage":{"@id":"https:\/\/soledaddurazo.com\/blog\/2021\/11\/30\/presentan-diputados-iniciativas-con-diversas-tematicas-sociales\/#webpage"},"wordCount":1375,"commentCount":0,"publisher":{"@id":"https:\/\/soledaddurazo.com\/#organization"},"image":{"@id":"https:\/\/soledaddurazo.com\/blog\/2021\/11\/30\/presentan-diputados-iniciativas-con-diversas-tematicas-sociales\/#primaryimage"},"thumbnailUrl":"https:\/\/soledaddurazo.com\/storage\/2021\/11\/51715328582_1509aa3bf6_w.jpg","articleSection":["Mi Sonora"],"inLanguage":"es","potentialAction":[{"@type":"CommentAction","name":"Comment","target":["https:\/\/soledaddurazo.com\/blog\/2021\/11\/30\/presentan-diputados-iniciativas-con-diversas-tematicas-sociales\/#respond"]}]},{"@type":"Person","@id":"https:\/\/soledaddurazo.com\/#\/schema\/person\/822d8e13aa288585e6546f179853758b","name":"Redacci\u00f3n","image":{"@type":"ImageObject","@id":"https:\/\/soledaddurazo.com\/#personlogo","inLanguage":"es","url":"https:\/\/secure.gravatar.com\/avatar\/c4e193752f756fd61f04deebed3a3a20dc188d37edb53682d313ac57f2725d54?s=96&d=mm&r=g","contentUrl":"https:\/\/secure.gravatar.com\/avatar\/c4e193752f756fd61f04deebed3a3a20dc188d37edb53682d313ac57f2725d54?s=96&d=mm&r=g","caption":"Redacci\u00f3n"},"sameAs":["https:\/\/soledaddurazo.com"]}]}},"_links":{"self":[{"href":"https:\/\/soledaddurazo.com\/api\/wp\/v2\/posts\/12012","targetHints":{"allow":["GET"]}}],"collection":[{"href":"https:\/\/soledaddurazo.com\/api\/wp\/v2\/posts"}],"about":[{"href":"https:\/\/soledaddurazo.com\/api\/wp\/v2\/types\/post"}],"author":[{"embeddable":true,"href":"https:\/\/soledaddurazo.com\/api\/wp\/v2\/users\/1"}],"replies":[{"embeddable":true,"href":"https:\/\/soledaddurazo.com\/api\/wp\/v2\/comments?post=12012"}],"version-history":[{"count":1,"href":"https:\/\/soledaddurazo.com\/api\/wp\/v2\/posts\/12012\/revisions"}],"predecessor-version":[{"id":12014,"href":"https:\/\/soledaddurazo.com\/api\/wp\/v2\/posts\/12012\/revisions\/12014"}],"wp:featuredmedia":[{"embeddable":true,"href":"https:\/\/soledaddurazo.com\/api\/wp\/v2\/media\/12013"}],"wp:attachment":[{"href":"https:\/\/soledaddurazo.com\/api\/wp\/v2\/media?parent=12012"}],"wp:term":[{"taxonomy":"category","embeddable":true,"href":"https:\/\/soledaddurazo.com\/api\/wp\/v2\/categories?post=12012"},{"taxonomy":"post_tag","embeddable":true,"href":"https:\/\/soledaddurazo.com\/api\/wp\/v2\/tags?post=12012"}],"curies":[{"name":"wp","href":"https:\/\/api.w.org\/{rel}","templated":true}]}}