{"id":11948,"date":"2021-11-26T11:00:31","date_gmt":"2021-11-26T18:00:31","guid":{"rendered":"https:\/\/soledaddurazo.com\/?p=11948"},"modified":"2021-11-26T11:00:31","modified_gmt":"2021-11-26T18:00:31","slug":"atentado-en-guaymas-otro-reto-para-la-fuerza-del-estado","status":"publish","type":"post","link":"https:\/\/soledaddurazo.com\/blog\/2021\/11\/26\/atentado-en-guaymas-otro-reto-para-la-fuerza-del-estado\/","title":{"rendered":"Atentado en Guaymas otro reto para la fuerza del Estado"},"content":{"rendered":"<p>Hace unas semanas escrib\u00ed en este espacio editorial, debido a distintos hechos de violencia protagonizados por el crimen organizado, mi sorpresa al ver en noticieros nacionales las im\u00e1genes de las cada vez m\u00e1s sofisticadas formas de cometer sus actos delictivos. Es como el crimen organizado demuestra el poco temor a la fuerza del Estado mexicano, con un alto grado de impunidad que deja al ciudadano de a pie, indefenso ante tales acontecimientos.<\/p>\n<p>Aqu\u00ed en Sonora, sigue corriendo la sangre en sus principales, el flagelo de la violencia cortes\u00eda de los grupos del crimen organizado, parece incontenible y es constante el reto que realizan a la fuerza del Estado, al cometer delitos de alto impacto, pr\u00e1cticamente en sus narices y con total impunidad.<\/p>\n<p>Ayer como una macabra iron\u00eda del destino, integrantes del colectivo \u201cFeministas del Mar\u201d lleg\u00f3 a Palacio Municipal de Guaymas por el D\u00eda Internacional de la Erradicaci\u00f3n de la Violencia Contra la Mujer, el grupo de activistas fue recibido por la Presidenta Municipal Karla C\u00f3rdoba, rodeada de un fuerte dispositivo de seguridad, que fue incapaz de impedir en esos momentos un ataque de un comando armado en pleno Palacio Municipal.<br \/>\nEn las primeras versiones de los hechos que surgen, sicarios dispararon sus armas de grueso calibre, aparentemente para atentar contra la vida de la Presidenta Municipal Karla C\u00f3rdoba y arrojaron una granada de fragmentaci\u00f3n. Un presunto agresor fue abatido por los escoltas de la doctora Karla C\u00f3rdoba, dos personas m\u00e1s fallecieron por los impactos de bala recibidos, incluyendo a una joven activista Marisol Cuadras de apenas 17 a\u00f1os que se manifestaba contra la violencia hacia mujeres, lo que es una cruel iron\u00eda del destino.<\/p>\n<p>Tambi\u00e9n hubo varios heridos, entre los que se encuentra el compa\u00f1ero comunicador No\u00e9 Cabrales, del equipo de Comunicaci\u00f3n Social del Ayuntamiento de Guaymas, lo reportan fuera de peligro, al momento de redactar esta columna.<\/p>\n<p>El reto del crimen organizado hacia la fuerza del Estado, fue may\u00fasculo, lleg\u00f3 hasta Palacio Municipal para atentar contra la primera autoridad en Guaymas.<\/p>\n<p>Los acontecimientos sangrientos ocurridos en Guaymas, no es broma, es un asunto serio, es un reto a la fuerza del Estado y como tal debe de asumirse. De no atenderse, la sociedad sonorense seguir\u00e1 caminando sobre tumbas clandestinas, balaceras, sangre derramada, ejecuciones a mansalva, desapariciones y toda la pl\u00e9yade de delitos que nos quitan la tranquilidad.<\/p>\n<p>Esta es la oportunidad perfecta para que los pactos por la paz, estrategias dise\u00f1adas en un escritorio, la publicitada coordinaci\u00f3n en mesas de trabajo integradas por los tres \u00f3rdenes de Gobierno, por fin den resultado y se deje de lado la palabrer\u00eda discursiva. Le compete a la autoridad actuar y hacer su trabajo, no hablar.<\/p>\n<p>RETAZOS INTERESANTES<br \/>\n1.- Noche de dolor, angustia, tristeza, temor, e indignaci\u00f3n en Guaymas con la jornada violenta que continu\u00f3 hasta entrada la madrugada con el hallazgo de dos cuerpos, uno en la gasolinera El Valiente y otro en el libramiento de la carretera internacional.<\/p>\n<p>2.- Dejar\u00e9 en el tintero otros temas que tra\u00eda para esta ocasi\u00f3n, la violencia y derramamiento de sangre, ocupan el principal lugar en la agenda. Sonora est\u00e1 de luto.<\/p>\n<p>Para los amigos de todo el sur de Sonora, los invito a escuchar de 13:00 a 14:00 horas, SONORA EN RED NOTICIAS, espacio que comparto con mi amigo Arturo Chapo Soto, por el 93.3 del cuadrante de F.M. que tambi\u00e9n puede ser visto, a pesar de la cara que nos aventamos, por la se\u00f1al del canal 14 de TV Azteca Tucson, para todo el sur de Arizona. No se lo pierdan.<\/p>\n<p>Podemos interactuar a trav\u00e9s de mi cuenta de Twitter @feroropeza20 o en mi correo electr\u00f3nico luiso@hmo.megared.net.mx<\/p>\n<p>&nbsp;<\/p>\n","protected":false},"excerpt":{"rendered":"<p>Hace unas semanas escrib\u00ed en este espacio editorial, debido a distintos hechos de violencia protagonizados por el crimen organizado, mi sorpresa al ver en noticieros nacionales las im\u00e1genes de las cada vez m\u00e1s sofisticadas formas de cometer sus actos delictivos. Es como el crimen organizado demuestra el poco temor a la fuerza del Estado mexicano, [&hellip;]<\/p>\n","protected":false},"author":1,"featured_media":10665,"comment_status":"open","ping_status":"open","sticky":false,"template":"","format":"standard","meta":{"footnotes":""},"categories":[173],"tags":[],"class_list":["post"],"yoast_head":" \n<title>Atentado en Guaymas otro reto para la fuerza del Estado - Periodista SoledadDurazo.com<\/title>\n<meta name=\"robots\" content=\"index, follow, max-snippet:-1, max-image-preview:large, max-video-preview:-1\" \/>\n<link rel=\"canonical\" href=\"https:\/\/soledaddurazo.com\/blog\/2021\/11\/26\/atentado-en-guaymas-otro-reto-para-la-fuerza-del-estado\/\" \/>\n<meta property=\"og:locale\" content=\"es_MX\" \/>\n<meta property=\"og:type\" content=\"article\" \/>\n<meta property=\"og:title\" content=\"Atentado en Guaymas otro reto para la fuerza del Estado\" \/>\n<meta property=\"og:description\" content=\"Hace unas semanas escrib\u00ed en este espacio editorial, debido a distintos hechos de violencia protagonizados por el crimen organizado, mi sorpresa al ver en noticieros nacionales las im\u00e1genes de las cada vez m\u00e1s sofisticadas formas de cometer sus actos delictivos. Es como el crimen organizado demuestra el poco temor a la fuerza del Estado mexicano, [&hellip;]\" \/>\n<meta property=\"og:url\" content=\"https:\/\/soledaddurazo.com\/blog\/2021\/11\/26\/atentado-en-guaymas-otro-reto-para-la-fuerza-del-estado\/\" \/>\n<meta property=\"og:site_name\" content=\"Periodista SoledadDurazo.com\" \/>\n<meta property=\"article:publisher\" content=\"https:\/\/www.facebook.com\/soledad.durazo.9\/\" \/>\n<meta property=\"article:published_time\" content=\"2021-11-26T18:00:31+00:00\" \/>\n<meta property=\"og:image\" content=\"https:\/\/soledaddurazo.com\/storage\/2021\/09\/FOTO-FERNANDO-OROPEZA-1.jpg\" \/>\n\t<meta property=\"og:image:width\" content=\"1732\" \/>\n\t<meta property=\"og:image:height\" content=\"1154\" \/>\n<meta name=\"twitter:card\" content=\"summary_large_image\" \/>\n<meta name=\"twitter:creator\" content=\"@SoledadDurazo\" \/>\n<meta name=\"twitter:site\" content=\"@SoledadDurazo\" \/>\n<meta name=\"twitter:label1\" content=\"Escrito por\" \/>\n\t<meta name=\"twitter:data1\" content=\"Redacci\u00f3n\" \/>\n\t<meta name=\"twitter:label2\" content=\"Tiempo de lectura\" \/>\n\t<meta name=\"twitter:data2\" content=\"3 minutos\" \/>\n<script type=\"application\/ld+json\" class=\"yoast-schema-graph\">{\"@context\":\"https:\/\/schema.org\",\"@graph\":[{\"@type\":\"Organization\",\"@id\":\"https:\/\/soledaddurazo.com\/#organization\",\"name\":\"Soledad Durazo\",\"url\":\"https:\/\/soledaddurazo.com\/\",\"sameAs\":[\"https:\/\/www.facebook.com\/soledad.durazo.9\/\",\"https:\/\/www.instagram.com\/soledaddurazo\",\"https:\/\/www.youtube.com\/channel\/UC9yGPw8-Vbl_B2XNkRwPS-w\",\"https:\/\/twitter.com\/SoledadDurazo\"],\"logo\":{\"@type\":\"ImageObject\",\"@id\":\"https:\/\/soledaddurazo.com\/#logo\",\"inLanguage\":\"es\",\"url\":\"https:\/\/soledaddurazo.com\/storage\/2021\/11\/nllp-720x375-1-2.png\",\"contentUrl\":\"https:\/\/soledaddurazo.com\/storage\/2021\/11\/nllp-720x375-1-2.png\",\"width\":720,\"height\":375,\"caption\":\"Soledad Durazo\"},\"image\":{\"@id\":\"https:\/\/soledaddurazo.com\/#logo\"}},{\"@type\":\"WebSite\",\"@id\":\"https:\/\/soledaddurazo.com\/#website\",\"url\":\"https:\/\/soledaddurazo.com\/\",\"name\":\"Periodista SoledadDurazo.com\",\"description\":\"Periodista sonorense. Directora de www.SoledadDurazo.com Columnista, conductora de radio y Tv. Catedr\\u00e1tica en la UNISON\",\"publisher\":{\"@id\":\"https:\/\/soledaddurazo.com\/#organization\"},\"potentialAction\":[{\"@type\":\"SearchAction\",\"target\":{\"@type\":\"EntryPoint\",\"urlTemplate\":\"https:\/\/soledaddurazo.com\/?s={search_term_string}\"},\"query-input\":\"required name=search_term_string\"}],\"inLanguage\":\"es\"},{\"@type\":\"ImageObject\",\"@id\":\"https:\/\/soledaddurazo.com\/blog\/2021\/11\/26\/atentado-en-guaymas-otro-reto-para-la-fuerza-del-estado\/#primaryimage\",\"inLanguage\":\"es\",\"url\":\"https:\/\/soledaddurazo.com\/storage\/2021\/09\/FOTO-FERNANDO-OROPEZA-1.jpg\",\"contentUrl\":\"https:\/\/soledaddurazo.com\/storage\/2021\/09\/FOTO-FERNANDO-OROPEZA-1.jpg\",\"width\":1732,\"height\":1154},{\"@type\":\"WebPage\",\"@id\":\"https:\/\/soledaddurazo.com\/blog\/2021\/11\/26\/atentado-en-guaymas-otro-reto-para-la-fuerza-del-estado\/#webpage\",\"url\":\"https:\/\/soledaddurazo.com\/blog\/2021\/11\/26\/atentado-en-guaymas-otro-reto-para-la-fuerza-del-estado\/\",\"name\":\"Atentado en Guaymas otro reto para la fuerza del Estado - Periodista SoledadDurazo.com\",\"isPartOf\":{\"@id\":\"https:\/\/soledaddurazo.com\/#website\"},\"primaryImageOfPage\":{\"@id\":\"https:\/\/soledaddurazo.com\/blog\/2021\/11\/26\/atentado-en-guaymas-otro-reto-para-la-fuerza-del-estado\/#primaryimage\"},\"datePublished\":\"2021-11-26T18:00:31+00:00\",\"dateModified\":\"2021-11-26T18:00:31+00:00\",\"breadcrumb\":{\"@id\":\"https:\/\/soledaddurazo.com\/blog\/2021\/11\/26\/atentado-en-guaymas-otro-reto-para-la-fuerza-del-estado\/#breadcrumb\"},\"inLanguage\":\"es\",\"potentialAction\":[{\"@type\":\"ReadAction\",\"target\":[\"https:\/\/soledaddurazo.com\/blog\/2021\/11\/26\/atentado-en-guaymas-otro-reto-para-la-fuerza-del-estado\/\"]}]},{\"@type\":\"BreadcrumbList\",\"@id\":\"https:\/\/soledaddurazo.com\/blog\/2021\/11\/26\/atentado-en-guaymas-otro-reto-para-la-fuerza-del-estado\/#breadcrumb\",\"itemListElement\":[{\"@type\":\"ListItem\",\"position\":1,\"name\":\"Home\",\"item\":\"https:\/\/soledaddurazo.com\/\"},{\"@type\":\"ListItem\",\"position\":2,\"name\":\"Atentado en Guaymas otro reto para la fuerza del Estado\"}]},{\"@type\":\"Article\",\"@id\":\"https:\/\/soledaddurazo.com\/blog\/2021\/11\/26\/atentado-en-guaymas-otro-reto-para-la-fuerza-del-estado\/#article\",\"isPartOf\":{\"@id\":\"https:\/\/soledaddurazo.com\/blog\/2021\/11\/26\/atentado-en-guaymas-otro-reto-para-la-fuerza-del-estado\/#webpage\"},\"author\":{\"@id\":\"https:\/\/soledaddurazo.com\/#\/schema\/person\/822d8e13aa288585e6546f179853758b\"},\"headline\":\"Atentado en Guaymas otro reto para la fuerza del Estado\",\"datePublished\":\"2021-11-26T18:00:31+00:00\",\"dateModified\":\"2021-11-26T18:00:31+00:00\",\"mainEntityOfPage\":{\"@id\":\"https:\/\/soledaddurazo.com\/blog\/2021\/11\/26\/atentado-en-guaymas-otro-reto-para-la-fuerza-del-estado\/#webpage\"},\"wordCount\":644,\"commentCount\":0,\"publisher\":{\"@id\":\"https:\/\/soledaddurazo.com\/#organization\"},\"image\":{\"@id\":\"https:\/\/soledaddurazo.com\/blog\/2021\/11\/26\/atentado-en-guaymas-otro-reto-para-la-fuerza-del-estado\/#primaryimage\"},\"thumbnailUrl\":\"https:\/\/soledaddurazo.com\/storage\/2021\/09\/FOTO-FERNANDO-OROPEZA-1.jpg\",\"articleSection\":[\"Fernando Oropeza\"],\"inLanguage\":\"es\",\"potentialAction\":[{\"@type\":\"CommentAction\",\"name\":\"Comment\",\"target\":[\"https:\/\/soledaddurazo.com\/blog\/2021\/11\/26\/atentado-en-guaymas-otro-reto-para-la-fuerza-del-estado\/#respond\"]}]},{\"@type\":\"Person\",\"@id\":\"https:\/\/soledaddurazo.com\/#\/schema\/person\/822d8e13aa288585e6546f179853758b\",\"name\":\"Redacci\\u00f3n\",\"image\":{\"@type\":\"ImageObject\",\"@id\":\"https:\/\/soledaddurazo.com\/#personlogo\",\"inLanguage\":\"es\",\"url\":\"https:\/\/secure.gravatar.com\/avatar\/c4e193752f756fd61f04deebed3a3a20dc188d37edb53682d313ac57f2725d54?s=96&d=mm&r=g\",\"contentUrl\":\"https:\/\/secure.gravatar.com\/avatar\/c4e193752f756fd61f04deebed3a3a20dc188d37edb53682d313ac57f2725d54?s=96&d=mm&r=g\",\"caption\":\"Redacci\\u00f3n\"},\"sameAs\":[\"https:\/\/soledaddurazo.com\"]}]}<\/script>\n ","yoast_head_json":{"title":"Atentado en Guaymas otro reto para la fuerza del Estado - Periodista SoledadDurazo.com","robots":{"index":"index","follow":"follow","max-snippet":"max-snippet:-1","max-image-preview":"max-image-preview:large","max-video-preview":"max-video-preview:-1"},"canonical":"https:\/\/soledaddurazo.com\/blog\/2021\/11\/26\/atentado-en-guaymas-otro-reto-para-la-fuerza-del-estado\/","og_locale":"es_MX","og_type":"article","og_title":"Atentado en Guaymas otro reto para la fuerza del Estado","og_description":"Hace unas semanas escrib\u00ed en este espacio editorial, debido a distintos hechos de violencia protagonizados por el crimen organizado, mi sorpresa al ver en noticieros nacionales las im\u00e1genes de las cada vez m\u00e1s sofisticadas formas de cometer sus actos delictivos. Es como el crimen organizado demuestra el poco temor a la fuerza del Estado mexicano, [&hellip;]","og_url":"https:\/\/soledaddurazo.com\/blog\/2021\/11\/26\/atentado-en-guaymas-otro-reto-para-la-fuerza-del-estado\/","og_site_name":"Periodista SoledadDurazo.com","article_publisher":"https:\/\/www.facebook.com\/soledad.durazo.9\/","article_published_time":"2021-11-26T18:00:31+00:00","og_image":[{"width":1732,"height":1154,"url":"https:\/\/soledaddurazo.com\/storage\/2021\/09\/FOTO-FERNANDO-OROPEZA-1.jpg","type":"image\/jpeg"}],"twitter_card":"summary_large_image","twitter_creator":"@SoledadDurazo","twitter_site":"@SoledadDurazo","twitter_misc":{"Escrito por":"Redacci\u00f3n","Tiempo de lectura":"3 minutos"},"schema":{"@context":"https:\/\/schema.org","@graph":[{"@type":"Organization","@id":"https:\/\/soledaddurazo.com\/#organization","name":"Soledad Durazo","url":"https:\/\/soledaddurazo.com\/","sameAs":["https:\/\/www.facebook.com\/soledad.durazo.9\/","https:\/\/www.instagram.com\/soledaddurazo","https:\/\/www.youtube.com\/channel\/UC9yGPw8-Vbl_B2XNkRwPS-w","https:\/\/twitter.com\/SoledadDurazo"],"logo":{"@type":"ImageObject","@id":"https:\/\/soledaddurazo.com\/#logo","inLanguage":"es","url":"https:\/\/soledaddurazo.com\/storage\/2021\/11\/nllp-720x375-1-2.png","contentUrl":"https:\/\/soledaddurazo.com\/storage\/2021\/11\/nllp-720x375-1-2.png","width":720,"height":375,"caption":"Soledad Durazo"},"image":{"@id":"https:\/\/soledaddurazo.com\/#logo"}},{"@type":"WebSite","@id":"https:\/\/soledaddurazo.com\/#website","url":"https:\/\/soledaddurazo.com\/","name":"Periodista SoledadDurazo.com","description":"Periodista sonorense. Directora de www.SoledadDurazo.com Columnista, conductora de radio y Tv. Catedr\u00e1tica en la UNISON","publisher":{"@id":"https:\/\/soledaddurazo.com\/#organization"},"potentialAction":[{"@type":"SearchAction","target":{"@type":"EntryPoint","urlTemplate":"https:\/\/soledaddurazo.com\/?s={search_term_string}"},"query-input":"required name=search_term_string"}],"inLanguage":"es"},{"@type":"ImageObject","@id":"https:\/\/soledaddurazo.com\/blog\/2021\/11\/26\/atentado-en-guaymas-otro-reto-para-la-fuerza-del-estado\/#primaryimage","inLanguage":"es","url":"https:\/\/soledaddurazo.com\/storage\/2021\/09\/FOTO-FERNANDO-OROPEZA-1.jpg","contentUrl":"https:\/\/soledaddurazo.com\/storage\/2021\/09\/FOTO-FERNANDO-OROPEZA-1.jpg","width":1732,"height":1154},{"@type":"WebPage","@id":"https:\/\/soledaddurazo.com\/blog\/2021\/11\/26\/atentado-en-guaymas-otro-reto-para-la-fuerza-del-estado\/#webpage","url":"https:\/\/soledaddurazo.com\/blog\/2021\/11\/26\/atentado-en-guaymas-otro-reto-para-la-fuerza-del-estado\/","name":"Atentado en Guaymas otro reto para la fuerza del Estado - Periodista SoledadDurazo.com","isPartOf":{"@id":"https:\/\/soledaddurazo.com\/#website"},"primaryImageOfPage":{"@id":"https:\/\/soledaddurazo.com\/blog\/2021\/11\/26\/atentado-en-guaymas-otro-reto-para-la-fuerza-del-estado\/#primaryimage"},"datePublished":"2021-11-26T18:00:31+00:00","dateModified":"2021-11-26T18:00:31+00:00","breadcrumb":{"@id":"https:\/\/soledaddurazo.com\/blog\/2021\/11\/26\/atentado-en-guaymas-otro-reto-para-la-fuerza-del-estado\/#breadcrumb"},"inLanguage":"es","potentialAction":[{"@type":"ReadAction","target":["https:\/\/soledaddurazo.com\/blog\/2021\/11\/26\/atentado-en-guaymas-otro-reto-para-la-fuerza-del-estado\/"]}]},{"@type":"BreadcrumbList","@id":"https:\/\/soledaddurazo.com\/blog\/2021\/11\/26\/atentado-en-guaymas-otro-reto-para-la-fuerza-del-estado\/#breadcrumb","itemListElement":[{"@type":"ListItem","position":1,"name":"Home","item":"https:\/\/soledaddurazo.com\/"},{"@type":"ListItem","position":2,"name":"Atentado en Guaymas otro reto para la fuerza del Estado"}]},{"@type":"Article","@id":"https:\/\/soledaddurazo.com\/blog\/2021\/11\/26\/atentado-en-guaymas-otro-reto-para-la-fuerza-del-estado\/#article","isPartOf":{"@id":"https:\/\/soledaddurazo.com\/blog\/2021\/11\/26\/atentado-en-guaymas-otro-reto-para-la-fuerza-del-estado\/#webpage"},"author":{"@id":"https:\/\/soledaddurazo.com\/#\/schema\/person\/822d8e13aa288585e6546f179853758b"},"headline":"Atentado en Guaymas otro reto para la fuerza del Estado","datePublished":"2021-11-26T18:00:31+00:00","dateModified":"2021-11-26T18:00:31+00:00","mainEntityOfPage":{"@id":"https:\/\/soledaddurazo.com\/blog\/2021\/11\/26\/atentado-en-guaymas-otro-reto-para-la-fuerza-del-estado\/#webpage"},"wordCount":644,"commentCount":0,"publisher":{"@id":"https:\/\/soledaddurazo.com\/#organization"},"image":{"@id":"https:\/\/soledaddurazo.com\/blog\/2021\/11\/26\/atentado-en-guaymas-otro-reto-para-la-fuerza-del-estado\/#primaryimage"},"thumbnailUrl":"https:\/\/soledaddurazo.com\/storage\/2021\/09\/FOTO-FERNANDO-OROPEZA-1.jpg","articleSection":["Fernando Oropeza"],"inLanguage":"es","potentialAction":[{"@type":"CommentAction","name":"Comment","target":["https:\/\/soledaddurazo.com\/blog\/2021\/11\/26\/atentado-en-guaymas-otro-reto-para-la-fuerza-del-estado\/#respond"]}]},{"@type":"Person","@id":"https:\/\/soledaddurazo.com\/#\/schema\/person\/822d8e13aa288585e6546f179853758b","name":"Redacci\u00f3n","image":{"@type":"ImageObject","@id":"https:\/\/soledaddurazo.com\/#personlogo","inLanguage":"es","url":"https:\/\/secure.gravatar.com\/avatar\/c4e193752f756fd61f04deebed3a3a20dc188d37edb53682d313ac57f2725d54?s=96&d=mm&r=g","contentUrl":"https:\/\/secure.gravatar.com\/avatar\/c4e193752f756fd61f04deebed3a3a20dc188d37edb53682d313ac57f2725d54?s=96&d=mm&r=g","caption":"Redacci\u00f3n"},"sameAs":["https:\/\/soledaddurazo.com"]}]}},"_links":{"self":[{"href":"https:\/\/soledaddurazo.com\/api\/wp\/v2\/posts\/11948","targetHints":{"allow":["GET"]}}],"collection":[{"href":"https:\/\/soledaddurazo.com\/api\/wp\/v2\/posts"}],"about":[{"href":"https:\/\/soledaddurazo.com\/api\/wp\/v2\/types\/post"}],"author":[{"embeddable":true,"href":"https:\/\/soledaddurazo.com\/api\/wp\/v2\/users\/1"}],"replies":[{"embeddable":true,"href":"https:\/\/soledaddurazo.com\/api\/wp\/v2\/comments?post=11948"}],"version-history":[{"count":1,"href":"https:\/\/soledaddurazo.com\/api\/wp\/v2\/posts\/11948\/revisions"}],"predecessor-version":[{"id":11949,"href":"https:\/\/soledaddurazo.com\/api\/wp\/v2\/posts\/11948\/revisions\/11949"}],"wp:featuredmedia":[{"embeddable":true,"href":"https:\/\/soledaddurazo.com\/api\/wp\/v2\/media\/10665"}],"wp:attachment":[{"href":"https:\/\/soledaddurazo.com\/api\/wp\/v2\/media?parent=11948"}],"wp:term":[{"taxonomy":"category","embeddable":true,"href":"https:\/\/soledaddurazo.com\/api\/wp\/v2\/categories?post=11948"},{"taxonomy":"post_tag","embeddable":true,"href":"https:\/\/soledaddurazo.com\/api\/wp\/v2\/tags?post=11948"}],"curies":[{"name":"wp","href":"https:\/\/api.w.org\/{rel}","templated":true}]}}