{"id":11915,"date":"2021-11-25T00:15:24","date_gmt":"2021-11-25T07:15:24","guid":{"rendered":"https:\/\/soledaddurazo.com\/?p=11915"},"modified":"2021-11-25T00:15:24","modified_gmt":"2021-11-25T07:15:24","slug":"confirman-condiciones-de-tormenta-invernal-para-sonora","status":"publish","type":"post","link":"https:\/\/soledaddurazo.com\/blog\/2021\/11\/25\/confirman-condiciones-de-tormenta-invernal-para-sonora\/","title":{"rendered":"Confirman condiciones de tormenta invernal para Sonora"},"content":{"rendered":"<p align=\"justify\">Se\u00a0espera\u00a0que\u00a0este\u00a0viernes\u00a0ingrese la\u00a0primera\u00a0tormenta\u00a0invernal\u00a0de\u00a0la temporada\u00a0y\u00a0una\u00a0corriente\u00a0en\u00a0chorro polar,\u00a0por\u00a0la\u00a0costa\u00a0central\u00a0de\u00a0Sonora,\u00a0que podr\u00edan\u00a0ocasionar\u00a0un\u00a0nuevo\u00a0y\u00a0marcado descenso\u00a0de\u00a0las\u00a0temperaturas,\u00a0as\u00ed\u00a0como rachas\u00a0de\u00a0viento\u00a0de\u00a060\u00a0a\u00a080\u00a0km\/h,\u00a0lluvias de\u00a0moderadas\u00a0a\u00a0fuertes\u00a0y\u00a0precipitaci\u00f3n\u00a0de nieve\u00a0o\u00a0agua\u00a0nieve\u00a0en\u00a0la\u00a0regi\u00f3n\u00a0serrana.<\/p>\n<p align=\"justify\">La\u00a0informaci\u00f3n\u00a0fue\u00a0confirmada\u00a0por\u00a0la Coordinaci\u00f3n\u00a0Estatal\u00a0de\u00a0Protecci\u00f3n\u00a0Civil (CEPC),\u00a0de\u00a0acuerdo\u00a0con\u00a0la\u00a0informaci\u00f3n\u00a0de los\u00a0servicios\u00a0meteorol\u00f3gicos\u00a0de\u00a0M\u00e9xico\u00a0y los\u00a0Estados\u00a0Unidos.<\/p>\n<p align=\"justify\">Lo\u00a0anterior,\u00a0permitir\u00e1\u00a0que\u00a0contin\u00faen\u00a0las condiciones\u00a0de\u00a0cielo\u00a0medio\u00a0nublado\u00a0a nublado,\u00a0con\u00a0probabilidad\u00a0de\u00a0lluvias\u00a0de moderadas\u00a0a\u00a0fuertes,\u00a0a\u00a0partir\u00a0del\u00a0jueves\u00a0en la\u00a0mayor\u00a0parte\u00a0del\u00a0estado,\u00a0pero\u00a0principalmente\u00a0en\u00a0las\u00a0regiones\u00a0sur\u00a0y sureste,\u00a0con\u00a0nieve\u00a0o\u00a0aguanieve,\u00a0en\u00a0las partes\u00a0altas\u00a0de\u00a0la\u00a0regi\u00f3n\u00a0serrana,\u00a0con vientos\u00a0moderados\u00a0a\u00a0fuertes\u00a0y\u00a0marcado descenso\u00a0de\u00a0temperaturas,\u00a0principalmente en\u00a0las\u00a0regiones\u00a0norte,\u00a0noreste\u00a0y\u00a0oriente\u00a0del estado.<\/p>\n<p align=\"justify\">Se\u00a0prev\u00e9\u00a0que\u00a0estas\u00a0condiciones\u00a0se presenten\u00a0durante\u00a0los\u00a0d\u00edas\u00a0de\u00a0jueves\u00a0a s\u00e1bado.\u00a0Las\u00a0m\u00e1s\u00a0bajas\u00a0temperaturas,\u00a0se podr\u00edan\u00a0presentar\u00a0a\u00a0partir\u00a0del\u00a0s\u00e1bado.<\/p>\n<p align=\"justify\">Protecci\u00f3n\u00a0Civil,\u00a0de\u00a0com\u00fan\u00a0acuerdo\u00a0con\u00a0la Coordinaci\u00f3n\u00a0Nacional\u00a0de\u00a0Protecci\u00f3n\u00a0Civil y\u00a0la\u00a0Comisi\u00f3n\u00a0Nacional\u00a0del\u00a0Agua,\u00a0emiten aviso\u00a0meteorol\u00f3gico\u00a0por\u00a0marcado descenso\u00a0de\u00a0temperaturas\u00a0y\u00a0alerta\u00a0de vientos\u00a0moderados\u00a0a\u00a0fuertes,\u00a0con\u00a0especial atenci\u00f3n\u00a0para\u00a0los\u00a0municipios\u00a0de\u00a0San\u00a0Luis R\u00edo\u00a0Colorado,\u00a0Plutarco\u00a0El\u00edas\u00a0Calles,\u00a0Puerto Pe\u00f1asco,\u00a0Caborca,\u00a0Pitiquito,\u00a0\u00c1til,\u00a0Tubutama,\u00a0S\u00e1ric,\u00a0Oquitoa,\u00a0Altar, Trincheras,\u00a0Santa\u00a0Ana,\u00a0Benjam\u00edn\u00a0Hill,\u00a0\u00cdmuris,\u00a0Magdalena,\u00a0Nogales,\u00a0Santa\u00a0Cruz\u00a0y Cananea.<\/p>\n<p align=\"justify\">As\u00ed\u00a0tambi\u00e9n\u00a0en\u00a0Nogales,\u00a0Santa\u00a0Cruz, Cananea,\u00a0Naco,\u00a0Agua\u00a0Prieta,\u00a0Fronteras,\u00a0Bacerac,\u00a0Bavispe,\u00a0Nacozari\u00a0de\u00a0Garc\u00eda, Cumpas,\u00a0Moctezuma,\u00a0Huachinera,\u00a0Hu\u00e1sabas,\u00a0Granados,\u00a0Villa\u00a0Hidalgo, Divisaderos,\u00a0Tepache,\u00a0Bacad\u00e9huachi,\u00a0N\u00e1cori\u00a0Chico,\u00a0Sahuaripa,\u00a0Bacanora,\u00a0Arivechi,\u00a0Y\u00e9cora,\u00a0Bacoachi,\u00a0Cucurpe,\u00a0Ban\u00e1michi,\u00a0Huepac,\u00a0San\u00a0Felipe\u00a0de\u00a0Jes\u00fas,\u00a0Aconchi,\u00a0Bavi\u00e1cora,\u00a0Ures,\u00a0Ray\u00f3n,\u00a0Opodepe, San\u00a0Miguel\u00a0de\u00a0Horcasitas,\u00a0Arizpe, Hermosillo,\u00a0La\u00a0Colorada,\u00a0San\u00a0Javier,\u00a0\u00d3navas,\u00a0Suaqui\u00a0Grande\u00a0y\u00a0Soyopa.<\/p>\n<p align=\"justify\">Incluyendo\u00a0especialmente,\u00a0por\u00a0lluvias dispersas,\u00a0a\u00a0los\u00a0municipios\u00a0de\u00a0Guaymas, Empalme,\u00a0B\u00e1cum,\u00a0Cajeme,\u00a0San\u00a0Ignacio\u00a0R\u00edo Muerto,\u00a0Navojoa,\u00a0Etchojoa,\u00a0Huatabampo, \u00c1lamos,\u00a0Rosario\u00a0y\u00a0Quiriego.<\/p>\n<p align=\"justify\">Adem\u00e1s,\u00a0Protecci\u00f3n\u00a0Civil\u00a0hace\u00a0un\u00a0llamado a\u00a0acatar\u00a0las\u00a0disposiciones\u00a0de\u00a0las\u00a0Capitan\u00edas de\u00a0Puerto\u00a0y\u00a0a\u00a0informarse\u00a0sobre\u00a0los\u00a0avisos meteorol\u00f3gicos\u00a0que\u00a0se\u00a0emitan\u00a0en\u00a0la jornada,\u00a0ya\u00a0que\u00a0se\u00a0esperan\u00a0rachas\u00a0de viento\u00a0de\u00a070\u00a0kil\u00f3metros\u00a0por\u00a0hora\u00a0en\u00a0el\u00a0Mar de\u00a0Cort\u00e9s\u00a0de\u00a0jueves\u00a0a\u00a0s\u00e1bado.<\/p>\n<p align=\"justify\">Dicho\u00a0sistema\u00a0continuar\u00e1\u00a0manteniendo\u00a0un ambiente\u00a0de\u00a0fr\u00edo\u00a0sobre\u00a0las\u00a0regiones,\u00a0norte, noreste\u00a0y\u00a0oriente\u00a0de\u00a0la\u00a0entidad,\u00a0durante\u00a0el per\u00edodo\u00a0de\u00a0afectaci\u00f3n\u00a0por\u00a0dichos\u00a0sistemas meteorol\u00f3gicos.<\/p>\n<p align=\"justify\">Con\u00a0la\u00a0informaci\u00f3n\u00a0actual,\u00a0se\u00a0espera\u00a0que las\u00a0temperaturas\u00a0de\u00a02\u00a0a\u00a05\u00a0cent\u00edgrados\u00a0o menores\u00a0podr\u00edan\u00a0registrarse\u00a0en\u00a0las regiones\u00a0fronteriza\u00a0con\u00a0Arizona\u00a0y\u00a0zonas serrana\u00a0del\u00a0estado,\u00a0a\u00a0partir\u00a0del\u00a0s\u00e1bado;\u00a0en los\u00a0municipios\u00a0de\u00a0la\u00a0regi\u00f3n\u00a0central\u00a0de\u00a010\u00a0a 14\u00a0cent\u00edgrados,\u00a0en\u00a0la\u00a0regi\u00f3n\u00a0noroeste\u00a0de\u00a09 a\u00a012\u00a0cent\u00edgrados\u00a0y\u00a0en\u00a0el\u00a0sur\u00a0de\u00a014\u00a0a\u00a016 cent\u00edgrados.<\/p>\n<p align=\"justify\">Por\u00a0lo\u00a0anterior,\u00a0se\u00a0hace\u00a0un\u00a0llamado\u00a0a extremar\u00a0los\u00a0cuidados\u00a0con\u00a0el\u00a0uso\u00a0de\u00a0los equipos\u00a0de\u00a0gas\u00a0L.P.,\u00a0braseros\u00a0y\u00a0anafres\u00a0en el\u00a0interior\u00a0de\u00a0los\u00a0domicilios.\u00a0En\u00a0caso\u00a0de cualquier\u00a0incidente\u00a0solicitar\u00a0apoyo\u00a0a\u00a0su Coordinaci\u00f3n\u00a0Municipal\u00a0de\u00a0Protecci\u00f3n\u00a0Civil.<\/p>\n<p align=\"justify\">Ante\u00a0este\u00a0escenario\u00a0de\u00a0lluvias\u00a0dispersas, nevadas\u00a0o\u00a0aguanieve,\u00a0vientos\u00a0muy\u00a0fuertes y\u00a0posible\u00a0ambiente\u00a0fr\u00edo,\u00a0Protecci\u00f3n\u00a0Civil\u00a0de Sonora\u00a0emite\u00a0el\u00a0presente\u00a0aviso\u00a0a\u00a0la poblaci\u00f3n\u00a0en\u00a0general,\u00a0principalmente\u00a0a quienes\u00a0habitan\u00a0regiones\u00a0consideradas\u00a0de alto\u00a0riesgo,\u00a0para\u00a0que\u00a0extremen precauciones\u00a0y\u00a0atiendan\u00a0las\u00a0siguientes recomendaciones,\u00a0adicionales\u00a0a\u00a0las\u00a0que dispongan\u00a0las\u00a0autoridades\u00a0locales:<\/p>\n<p align=\"justify\">\u2022\u00a0Permanecer\u00a0informados\u00a0a\u00a0trav\u00e9s\u00a0de los\u00a0medios\u00a0de\u00a0comunicaci\u00f3n\u00a0sobre\u00a0las condiciones\u00a0meteorol\u00f3gicas\u00a0dominantes en\u00a0sus\u00a0lugares\u00a0de\u00a0residencia\u00a0o\u00a0de\u00a0los\u00a0sitios que\u00a0pretenda\u00a0visitar.<\/p>\n<p align=\"justify\">\u2022\u00a0Usar\u00a0cubre\u00a0bocas.<\/p>\n<p align=\"justify\">\u2022\u00a0Considerar\u00a0la\u00a0necesidad\u00a0de\u00a0tener disponible\u00a0ropa\u00a0abrigadora,\u00a0cobertores\u00a0o cobijas\u00a0y\u00a0combustibles\u00a0suficientes.<\/p>\n<p align=\"justify\">\u2022\u00a0Conocer\u00a0la\u00a0ubicaci\u00f3n\u00a0de\u00a0refugios temporales\u00a0y\u00a0acudir\u00a0a\u00a0ellos\u00a0en\u00a0caso necesario\u00a0o\u00a0de\u00a0acuerdo\u00a0con\u00a0las indicaciones\u00a0de\u00a0Protecci\u00f3n\u00a0Civil.<\/p>\n<p align=\"justify\">\u2022\u00a0Consumir\u00a0verduras\u00a0y\u00a0frutas\u00a0ricas\u00a0en\u00a0vitaminas\u00a0&#8220;A&#8221;\u00a0y\u00a0&#8220;C&#8221;.<\/p>\n<p align=\"justify\">\u2022\u00a0Colaborar\u00a0con\u00a0las\u00a0autoridades, reportando\u00a0la\u00a0ubicaci\u00f3n\u00a0de\u00a0personas\u00a0en alto\u00a0riesgo.<\/p>\n<p align=\"justify\">\u2022\u00a0Vestir\u00a0ropa\u00a0apropiada\u00a0a\u00a0esta\u00a0temporada\u00a0invernal.<\/p>\n<p align=\"justify\">\u2022\u00a0Evitar\u00a0la\u00a0exposici\u00f3n\u00a0a\u00a0bajas temperaturas\u00a0durante\u00a0per\u00edodos prolongados.<\/p>\n<p align=\"justify\">\u2022\u00a0Ante\u00a0condiciones\u00a0de\u00a0lluvia,\u00a0nieve\u00a0o niebla\u00a0mantenerse\u00a0seco,\u00a0pues\u00a0la\u00a0humedad enfr\u00eda\u00a0el\u00a0cuerpo\u00a0r\u00e1pidamente.<\/p>\n<p align=\"justify\">\u2022\u00a0Conservar\u00a0adecuada\u00a0temperatura\u00a0en el\u00a0interior\u00a0de\u00a0su\u00a0vivienda.<\/p>\n<p align=\"justify\">\u2022\u00a0Procurar\u00a0especial\u00a0cuidado\u00a0con personas\u00a0de\u00a0la\u00a0tercera\u00a0edad,\u00a0ni\u00f1os\u00a0y enfermos,\u00a0sectores\u00a0altamente\u00a0vulnerables a\u00a0los\u00a0efectos\u00a0de\u00a0esta\u00a0temporada.<\/p>\n<p align=\"justify\">\u2022\u00a0Acudir\u00a0a\u00a0su\u00a0unidad\u00a0de\u00a0salud\u00a0o consultar\u00a0a\u00a0su\u00a0m\u00e9dico,\u00a0en\u00a0caso\u00a0de\u00a0alguna afectaci\u00f3n\u00a0por\u00a0fr\u00edo\u00a0o\u00a0padecimiento\u00a0de alguna\u00a0enfermedad.<\/p>\n<p align=\"justify\">\u2022\u00a0Si\u00a0va\u00a0a\u00a0salir\u00a0de\u00a0un\u00a0lugar\u00a0caliente\u00a0cubrirse\u00a0boca\u00a0y\u00a0nariz\u00a0para\u00a0evitar respirar\u00a0el\u00a0aire\u00a0fr\u00edo,\u00a0ya\u00a0que\u00a0los\u00a0cambios bruscos\u00a0de\u00a0temperatura\u00a0afectan\u00a0el\u00a0sistema respiratorio.<\/p>\n<p align=\"justify\">\u2022\u00a0Evitar\u00a0la\u00a0concentraci\u00f3n\u00a0de\u00a0mon\u00f3xido de\u00a0carbono\u00a0en\u00a0lugares\u00a0cerrados\u00a0para\u00a0no sufrir\u00a0intoxicaci\u00f3n\u00a0o\u00a0posibles\u00a0quemaduras al\u00a0usar\u00a0anafres\u00a0y\u00a0calentadores.<\/p>\n<p align=\"justify\">\u2022\u00a0Atender\u00a0se\u00f1alamientos\u00a0de\u00a0tr\u00e1nsito\u00a0al conducir\u00a0en\u00a0zonas\u00a0de\u00a0niebla\u00a0y\u00a0nieve, asegur\u00e1ndose\u00a0de\u00a0tener\u00a0en\u00a0buenas condiciones\u00a0su\u00a0veh\u00edculo.<\/p>\n<p align=\"justify\">\u2022\u00a0Establecer\u00a0medidas\u00a0de\u00a0protecci\u00f3n para la ganader\u00eda y la agricultura en zonas rurales.<\/p>\n<p align=\"justify\">\u2022 Asimismo, se informa que para cualquier eventualidad, estar\u00e1n a disposici\u00f3n de la poblaci\u00f3n, las 24 horas, los tel\u00e9fonos de emergencia de su comunidad (9-1-1), as\u00ed como los n\u00fameros gratuitos\u00a0<a href=\"tel:018002772222\" target=\"_blank\" rel=\"noopener\">01-800-277-22-22<\/a>\u00a0y 119 Telcel, del Centro Estatal de Comunicaciones de Protecci\u00f3n Civil.<\/p>\n","protected":false},"excerpt":{"rendered":"<p>Se\u00a0espera\u00a0que\u00a0este\u00a0viernes\u00a0ingrese la\u00a0primera\u00a0tormenta\u00a0invernal\u00a0de\u00a0la temporada\u00a0y\u00a0una\u00a0corriente\u00a0en\u00a0chorro polar,\u00a0por\u00a0la\u00a0costa\u00a0central\u00a0de\u00a0Sonora,\u00a0que podr\u00edan\u00a0ocasionar\u00a0un\u00a0nuevo\u00a0y\u00a0marcado descenso\u00a0de\u00a0las\u00a0temperaturas,\u00a0as\u00ed\u00a0como rachas\u00a0de\u00a0viento\u00a0de\u00a060\u00a0a\u00a080\u00a0km\/h,\u00a0lluvias de\u00a0moderadas\u00a0a\u00a0fuertes\u00a0y\u00a0precipitaci\u00f3n\u00a0de nieve\u00a0o\u00a0agua\u00a0nieve\u00a0en\u00a0la\u00a0regi\u00f3n\u00a0serrana. La\u00a0informaci\u00f3n\u00a0fue\u00a0confirmada\u00a0por\u00a0la Coordinaci\u00f3n\u00a0Estatal\u00a0de\u00a0Protecci\u00f3n\u00a0Civil (CEPC),\u00a0de\u00a0acuerdo\u00a0con\u00a0la\u00a0informaci\u00f3n\u00a0de los\u00a0servicios\u00a0meteorol\u00f3gicos\u00a0de\u00a0M\u00e9xico\u00a0y los\u00a0Estados\u00a0Unidos. Lo\u00a0anterior,\u00a0permitir\u00e1\u00a0que\u00a0contin\u00faen\u00a0las condiciones\u00a0de\u00a0cielo\u00a0medio\u00a0nublado\u00a0a nublado,\u00a0con\u00a0probabilidad\u00a0de\u00a0lluvias\u00a0de moderadas\u00a0a\u00a0fuertes,\u00a0a\u00a0partir\u00a0del\u00a0jueves\u00a0en la\u00a0mayor\u00a0parte\u00a0del\u00a0estado,\u00a0pero\u00a0principalmente\u00a0en\u00a0las\u00a0regiones\u00a0sur\u00a0y sureste,\u00a0con\u00a0nieve\u00a0o\u00a0aguanieve,\u00a0en\u00a0las partes\u00a0altas\u00a0de\u00a0la\u00a0regi\u00f3n\u00a0serrana,\u00a0con vientos\u00a0moderados\u00a0a\u00a0fuertes\u00a0y\u00a0marcado descenso\u00a0de\u00a0temperaturas,\u00a0principalmente en\u00a0las\u00a0regiones\u00a0norte,\u00a0noreste\u00a0y\u00a0oriente\u00a0del estado. Se\u00a0prev\u00e9\u00a0que\u00a0estas\u00a0condiciones\u00a0se presenten\u00a0durante\u00a0los\u00a0d\u00edas\u00a0de\u00a0jueves\u00a0a s\u00e1bado.\u00a0Las\u00a0m\u00e1s\u00a0bajas\u00a0temperaturas,\u00a0se podr\u00edan\u00a0presentar\u00a0a\u00a0partir\u00a0del\u00a0s\u00e1bado. Protecci\u00f3n\u00a0Civil,\u00a0de\u00a0com\u00fan\u00a0acuerdo\u00a0con\u00a0la Coordinaci\u00f3n\u00a0Nacional\u00a0de\u00a0Protecci\u00f3n\u00a0Civil y\u00a0la\u00a0Comisi\u00f3n\u00a0Nacional\u00a0del\u00a0Agua,\u00a0emiten aviso\u00a0meteorol\u00f3gico\u00a0por\u00a0marcado descenso\u00a0de\u00a0temperaturas\u00a0y\u00a0alerta\u00a0de vientos\u00a0moderados\u00a0a\u00a0fuertes,\u00a0con\u00a0especial atenci\u00f3n\u00a0para\u00a0los\u00a0municipios\u00a0de\u00a0San\u00a0Luis R\u00edo\u00a0Colorado,\u00a0Plutarco\u00a0El\u00edas\u00a0Calles,\u00a0Puerto Pe\u00f1asco,\u00a0Caborca,\u00a0Pitiquito,\u00a0\u00c1til,\u00a0Tubutama,\u00a0S\u00e1ric,\u00a0Oquitoa,\u00a0Altar, Trincheras,\u00a0Santa\u00a0Ana,\u00a0Benjam\u00edn\u00a0Hill,\u00a0\u00cdmuris,\u00a0Magdalena,\u00a0Nogales,\u00a0Santa\u00a0Cruz\u00a0y Cananea. As\u00ed\u00a0tambi\u00e9n\u00a0en\u00a0Nogales,\u00a0Santa\u00a0Cruz, Cananea,\u00a0Naco,\u00a0Agua\u00a0Prieta,\u00a0Fronteras,\u00a0Bacerac,\u00a0Bavispe,\u00a0Nacozari\u00a0de\u00a0Garc\u00eda, Cumpas,\u00a0Moctezuma,\u00a0Huachinera,\u00a0Hu\u00e1sabas,\u00a0Granados,\u00a0Villa\u00a0Hidalgo, Divisaderos,\u00a0Tepache,\u00a0Bacad\u00e9huachi,\u00a0N\u00e1cori\u00a0Chico,\u00a0Sahuaripa,\u00a0Bacanora,\u00a0Arivechi,\u00a0Y\u00e9cora,\u00a0Bacoachi,\u00a0Cucurpe,\u00a0Ban\u00e1michi,\u00a0Huepac,\u00a0San\u00a0Felipe\u00a0de\u00a0Jes\u00fas,\u00a0Aconchi,\u00a0Bavi\u00e1cora,\u00a0Ures,\u00a0Ray\u00f3n,\u00a0Opodepe, San\u00a0Miguel\u00a0de\u00a0Horcasitas,\u00a0Arizpe, Hermosillo,\u00a0La\u00a0Colorada,\u00a0San\u00a0Javier,\u00a0\u00d3navas,\u00a0Suaqui\u00a0Grande\u00a0y\u00a0Soyopa. Incluyendo\u00a0especialmente,\u00a0por\u00a0lluvias dispersas,\u00a0a\u00a0los\u00a0municipios\u00a0de\u00a0Guaymas, Empalme,\u00a0B\u00e1cum,\u00a0Cajeme,\u00a0San\u00a0Ignacio\u00a0R\u00edo Muerto,\u00a0Navojoa,\u00a0Etchojoa,\u00a0Huatabampo, \u00c1lamos,\u00a0Rosario\u00a0y\u00a0Quiriego. Adem\u00e1s,\u00a0Protecci\u00f3n\u00a0Civil\u00a0hace\u00a0un\u00a0llamado a\u00a0acatar\u00a0las\u00a0disposiciones\u00a0de\u00a0las\u00a0Capitan\u00edas de\u00a0Puerto\u00a0y\u00a0a\u00a0informarse\u00a0sobre\u00a0los\u00a0avisos meteorol\u00f3gicos\u00a0que\u00a0se\u00a0emitan\u00a0en\u00a0la [&hellip;]<\/p>\n","protected":false},"author":1,"featured_media":11916,"comment_status":"open","ping_status":"open","sticky":false,"template":"","format":"standard","meta":{"footnotes":""},"categories":[159],"tags":[],"class_list":["post"],"yoast_head":" \n<title>Confirman condiciones de tormenta invernal para Sonora - Periodista SoledadDurazo.com<\/title>\n<meta name=\"robots\" content=\"index, follow, max-snippet:-1, max-image-preview:large, max-video-preview:-1\" \/>\n<link rel=\"canonical\" href=\"https:\/\/soledaddurazo.com\/blog\/2021\/11\/25\/confirman-condiciones-de-tormenta-invernal-para-sonora\/\" \/>\n<meta property=\"og:locale\" content=\"es_MX\" \/>\n<meta property=\"og:type\" content=\"article\" \/>\n<meta property=\"og:title\" content=\"Confirman condiciones de tormenta invernal para Sonora\" \/>\n<meta property=\"og:description\" content=\"Se\u00a0espera\u00a0que\u00a0este\u00a0viernes\u00a0ingrese la\u00a0primera\u00a0tormenta\u00a0invernal\u00a0de\u00a0la temporada\u00a0y\u00a0una\u00a0corriente\u00a0en\u00a0chorro polar,\u00a0por\u00a0la\u00a0costa\u00a0central\u00a0de\u00a0Sonora,\u00a0que podr\u00edan\u00a0ocasionar\u00a0un\u00a0nuevo\u00a0y\u00a0marcado descenso\u00a0de\u00a0las\u00a0temperaturas,\u00a0as\u00ed\u00a0como rachas\u00a0de\u00a0viento\u00a0de\u00a060\u00a0a\u00a080\u00a0km\/h,\u00a0lluvias de\u00a0moderadas\u00a0a\u00a0fuertes\u00a0y\u00a0precipitaci\u00f3n\u00a0de nieve\u00a0o\u00a0agua\u00a0nieve\u00a0en\u00a0la\u00a0regi\u00f3n\u00a0serrana. La\u00a0informaci\u00f3n\u00a0fue\u00a0confirmada\u00a0por\u00a0la Coordinaci\u00f3n\u00a0Estatal\u00a0de\u00a0Protecci\u00f3n\u00a0Civil (CEPC),\u00a0de\u00a0acuerdo\u00a0con\u00a0la\u00a0informaci\u00f3n\u00a0de los\u00a0servicios\u00a0meteorol\u00f3gicos\u00a0de\u00a0M\u00e9xico\u00a0y los\u00a0Estados\u00a0Unidos. Lo\u00a0anterior,\u00a0permitir\u00e1\u00a0que\u00a0contin\u00faen\u00a0las condiciones\u00a0de\u00a0cielo\u00a0medio\u00a0nublado\u00a0a nublado,\u00a0con\u00a0probabilidad\u00a0de\u00a0lluvias\u00a0de moderadas\u00a0a\u00a0fuertes,\u00a0a\u00a0partir\u00a0del\u00a0jueves\u00a0en la\u00a0mayor\u00a0parte\u00a0del\u00a0estado,\u00a0pero\u00a0principalmente\u00a0en\u00a0las\u00a0regiones\u00a0sur\u00a0y sureste,\u00a0con\u00a0nieve\u00a0o\u00a0aguanieve,\u00a0en\u00a0las partes\u00a0altas\u00a0de\u00a0la\u00a0regi\u00f3n\u00a0serrana,\u00a0con vientos\u00a0moderados\u00a0a\u00a0fuertes\u00a0y\u00a0marcado descenso\u00a0de\u00a0temperaturas,\u00a0principalmente en\u00a0las\u00a0regiones\u00a0norte,\u00a0noreste\u00a0y\u00a0oriente\u00a0del estado. Se\u00a0prev\u00e9\u00a0que\u00a0estas\u00a0condiciones\u00a0se presenten\u00a0durante\u00a0los\u00a0d\u00edas\u00a0de\u00a0jueves\u00a0a s\u00e1bado.\u00a0Las\u00a0m\u00e1s\u00a0bajas\u00a0temperaturas,\u00a0se podr\u00edan\u00a0presentar\u00a0a\u00a0partir\u00a0del\u00a0s\u00e1bado. Protecci\u00f3n\u00a0Civil,\u00a0de\u00a0com\u00fan\u00a0acuerdo\u00a0con\u00a0la Coordinaci\u00f3n\u00a0Nacional\u00a0de\u00a0Protecci\u00f3n\u00a0Civil y\u00a0la\u00a0Comisi\u00f3n\u00a0Nacional\u00a0del\u00a0Agua,\u00a0emiten aviso\u00a0meteorol\u00f3gico\u00a0por\u00a0marcado descenso\u00a0de\u00a0temperaturas\u00a0y\u00a0alerta\u00a0de vientos\u00a0moderados\u00a0a\u00a0fuertes,\u00a0con\u00a0especial atenci\u00f3n\u00a0para\u00a0los\u00a0municipios\u00a0de\u00a0San\u00a0Luis R\u00edo\u00a0Colorado,\u00a0Plutarco\u00a0El\u00edas\u00a0Calles,\u00a0Puerto Pe\u00f1asco,\u00a0Caborca,\u00a0Pitiquito,\u00a0\u00c1til,\u00a0Tubutama,\u00a0S\u00e1ric,\u00a0Oquitoa,\u00a0Altar, Trincheras,\u00a0Santa\u00a0Ana,\u00a0Benjam\u00edn\u00a0Hill,\u00a0\u00cdmuris,\u00a0Magdalena,\u00a0Nogales,\u00a0Santa\u00a0Cruz\u00a0y Cananea. As\u00ed\u00a0tambi\u00e9n\u00a0en\u00a0Nogales,\u00a0Santa\u00a0Cruz, Cananea,\u00a0Naco,\u00a0Agua\u00a0Prieta,\u00a0Fronteras,\u00a0Bacerac,\u00a0Bavispe,\u00a0Nacozari\u00a0de\u00a0Garc\u00eda, Cumpas,\u00a0Moctezuma,\u00a0Huachinera,\u00a0Hu\u00e1sabas,\u00a0Granados,\u00a0Villa\u00a0Hidalgo, Divisaderos,\u00a0Tepache,\u00a0Bacad\u00e9huachi,\u00a0N\u00e1cori\u00a0Chico,\u00a0Sahuaripa,\u00a0Bacanora,\u00a0Arivechi,\u00a0Y\u00e9cora,\u00a0Bacoachi,\u00a0Cucurpe,\u00a0Ban\u00e1michi,\u00a0Huepac,\u00a0San\u00a0Felipe\u00a0de\u00a0Jes\u00fas,\u00a0Aconchi,\u00a0Bavi\u00e1cora,\u00a0Ures,\u00a0Ray\u00f3n,\u00a0Opodepe, San\u00a0Miguel\u00a0de\u00a0Horcasitas,\u00a0Arizpe, Hermosillo,\u00a0La\u00a0Colorada,\u00a0San\u00a0Javier,\u00a0\u00d3navas,\u00a0Suaqui\u00a0Grande\u00a0y\u00a0Soyopa. Incluyendo\u00a0especialmente,\u00a0por\u00a0lluvias dispersas,\u00a0a\u00a0los\u00a0municipios\u00a0de\u00a0Guaymas, Empalme,\u00a0B\u00e1cum,\u00a0Cajeme,\u00a0San\u00a0Ignacio\u00a0R\u00edo Muerto,\u00a0Navojoa,\u00a0Etchojoa,\u00a0Huatabampo, \u00c1lamos,\u00a0Rosario\u00a0y\u00a0Quiriego. Adem\u00e1s,\u00a0Protecci\u00f3n\u00a0Civil\u00a0hace\u00a0un\u00a0llamado a\u00a0acatar\u00a0las\u00a0disposiciones\u00a0de\u00a0las\u00a0Capitan\u00edas de\u00a0Puerto\u00a0y\u00a0a\u00a0informarse\u00a0sobre\u00a0los\u00a0avisos meteorol\u00f3gicos\u00a0que\u00a0se\u00a0emitan\u00a0en\u00a0la [&hellip;]\" \/>\n<meta property=\"og:url\" content=\"https:\/\/soledaddurazo.com\/blog\/2021\/11\/25\/confirman-condiciones-de-tormenta-invernal-para-sonora\/\" \/>\n<meta property=\"og:site_name\" content=\"Periodista SoledadDurazo.com\" \/>\n<meta property=\"article:publisher\" content=\"https:\/\/www.facebook.com\/soledad.durazo.9\/\" \/>\n<meta property=\"article:published_time\" content=\"2021-11-25T07:15:24+00:00\" \/>\n<meta property=\"og:image\" content=\"https:\/\/soledaddurazo.com\/storage\/2021\/11\/unnamed-27.jpg\" \/>\n\t<meta property=\"og:image:width\" content=\"825\" \/>\n\t<meta property=\"og:image:height\" content=\"721\" \/>\n<meta name=\"twitter:card\" content=\"summary_large_image\" \/>\n<meta name=\"twitter:creator\" content=\"@SoledadDurazo\" \/>\n<meta name=\"twitter:site\" content=\"@SoledadDurazo\" \/>\n<meta name=\"twitter:label1\" content=\"Escrito por\" \/>\n\t<meta name=\"twitter:data1\" content=\"Redacci\u00f3n\" \/>\n\t<meta name=\"twitter:label2\" content=\"Tiempo de lectura\" \/>\n\t<meta name=\"twitter:data2\" content=\"5 minutos\" \/>\n<script type=\"application\/ld+json\" class=\"yoast-schema-graph\">{\"@context\":\"https:\/\/schema.org\",\"@graph\":[{\"@type\":\"Organization\",\"@id\":\"https:\/\/soledaddurazo.com\/#organization\",\"name\":\"Soledad Durazo\",\"url\":\"https:\/\/soledaddurazo.com\/\",\"sameAs\":[\"https:\/\/www.facebook.com\/soledad.durazo.9\/\",\"https:\/\/www.instagram.com\/soledaddurazo\",\"https:\/\/www.youtube.com\/channel\/UC9yGPw8-Vbl_B2XNkRwPS-w\",\"https:\/\/twitter.com\/SoledadDurazo\"],\"logo\":{\"@type\":\"ImageObject\",\"@id\":\"https:\/\/soledaddurazo.com\/#logo\",\"inLanguage\":\"es\",\"url\":\"https:\/\/soledaddurazo.com\/storage\/2021\/11\/nllp-720x375-1-2.png\",\"contentUrl\":\"https:\/\/soledaddurazo.com\/storage\/2021\/11\/nllp-720x375-1-2.png\",\"width\":720,\"height\":375,\"caption\":\"Soledad Durazo\"},\"image\":{\"@id\":\"https:\/\/soledaddurazo.com\/#logo\"}},{\"@type\":\"WebSite\",\"@id\":\"https:\/\/soledaddurazo.com\/#website\",\"url\":\"https:\/\/soledaddurazo.com\/\",\"name\":\"Periodista SoledadDurazo.com\",\"description\":\"Periodista sonorense. Directora de www.SoledadDurazo.com Columnista, conductora de radio y Tv. Catedr\\u00e1tica en la UNISON\",\"publisher\":{\"@id\":\"https:\/\/soledaddurazo.com\/#organization\"},\"potentialAction\":[{\"@type\":\"SearchAction\",\"target\":{\"@type\":\"EntryPoint\",\"urlTemplate\":\"https:\/\/soledaddurazo.com\/?s={search_term_string}\"},\"query-input\":\"required name=search_term_string\"}],\"inLanguage\":\"es\"},{\"@type\":\"ImageObject\",\"@id\":\"https:\/\/soledaddurazo.com\/blog\/2021\/11\/25\/confirman-condiciones-de-tormenta-invernal-para-sonora\/#primaryimage\",\"inLanguage\":\"es\",\"url\":\"https:\/\/soledaddurazo.com\/storage\/2021\/11\/unnamed-27.jpg\",\"contentUrl\":\"https:\/\/soledaddurazo.com\/storage\/2021\/11\/unnamed-27.jpg\",\"width\":825,\"height\":721},{\"@type\":\"WebPage\",\"@id\":\"https:\/\/soledaddurazo.com\/blog\/2021\/11\/25\/confirman-condiciones-de-tormenta-invernal-para-sonora\/#webpage\",\"url\":\"https:\/\/soledaddurazo.com\/blog\/2021\/11\/25\/confirman-condiciones-de-tormenta-invernal-para-sonora\/\",\"name\":\"Confirman condiciones de tormenta invernal para Sonora - Periodista SoledadDurazo.com\",\"isPartOf\":{\"@id\":\"https:\/\/soledaddurazo.com\/#website\"},\"primaryImageOfPage\":{\"@id\":\"https:\/\/soledaddurazo.com\/blog\/2021\/11\/25\/confirman-condiciones-de-tormenta-invernal-para-sonora\/#primaryimage\"},\"datePublished\":\"2021-11-25T07:15:24+00:00\",\"dateModified\":\"2021-11-25T07:15:24+00:00\",\"breadcrumb\":{\"@id\":\"https:\/\/soledaddurazo.com\/blog\/2021\/11\/25\/confirman-condiciones-de-tormenta-invernal-para-sonora\/#breadcrumb\"},\"inLanguage\":\"es\",\"potentialAction\":[{\"@type\":\"ReadAction\",\"target\":[\"https:\/\/soledaddurazo.com\/blog\/2021\/11\/25\/confirman-condiciones-de-tormenta-invernal-para-sonora\/\"]}]},{\"@type\":\"BreadcrumbList\",\"@id\":\"https:\/\/soledaddurazo.com\/blog\/2021\/11\/25\/confirman-condiciones-de-tormenta-invernal-para-sonora\/#breadcrumb\",\"itemListElement\":[{\"@type\":\"ListItem\",\"position\":1,\"name\":\"Home\",\"item\":\"https:\/\/soledaddurazo.com\/\"},{\"@type\":\"ListItem\",\"position\":2,\"name\":\"Confirman condiciones de tormenta invernal para Sonora\"}]},{\"@type\":\"Article\",\"@id\":\"https:\/\/soledaddurazo.com\/blog\/2021\/11\/25\/confirman-condiciones-de-tormenta-invernal-para-sonora\/#article\",\"isPartOf\":{\"@id\":\"https:\/\/soledaddurazo.com\/blog\/2021\/11\/25\/confirman-condiciones-de-tormenta-invernal-para-sonora\/#webpage\"},\"author\":{\"@id\":\"https:\/\/soledaddurazo.com\/#\/schema\/person\/822d8e13aa288585e6546f179853758b\"},\"headline\":\"Confirman condiciones de tormenta invernal para Sonora\",\"datePublished\":\"2021-11-25T07:15:24+00:00\",\"dateModified\":\"2021-11-25T07:15:24+00:00\",\"mainEntityOfPage\":{\"@id\":\"https:\/\/soledaddurazo.com\/blog\/2021\/11\/25\/confirman-condiciones-de-tormenta-invernal-para-sonora\/#webpage\"},\"wordCount\":966,\"commentCount\":0,\"publisher\":{\"@id\":\"https:\/\/soledaddurazo.com\/#organization\"},\"image\":{\"@id\":\"https:\/\/soledaddurazo.com\/blog\/2021\/11\/25\/confirman-condiciones-de-tormenta-invernal-para-sonora\/#primaryimage\"},\"thumbnailUrl\":\"https:\/\/soledaddurazo.com\/storage\/2021\/11\/unnamed-27.jpg\",\"articleSection\":[\"Mi Sonora\"],\"inLanguage\":\"es\",\"potentialAction\":[{\"@type\":\"CommentAction\",\"name\":\"Comment\",\"target\":[\"https:\/\/soledaddurazo.com\/blog\/2021\/11\/25\/confirman-condiciones-de-tormenta-invernal-para-sonora\/#respond\"]}]},{\"@type\":\"Person\",\"@id\":\"https:\/\/soledaddurazo.com\/#\/schema\/person\/822d8e13aa288585e6546f179853758b\",\"name\":\"Redacci\\u00f3n\",\"image\":{\"@type\":\"ImageObject\",\"@id\":\"https:\/\/soledaddurazo.com\/#personlogo\",\"inLanguage\":\"es\",\"url\":\"https:\/\/secure.gravatar.com\/avatar\/c4e193752f756fd61f04deebed3a3a20dc188d37edb53682d313ac57f2725d54?s=96&d=mm&r=g\",\"contentUrl\":\"https:\/\/secure.gravatar.com\/avatar\/c4e193752f756fd61f04deebed3a3a20dc188d37edb53682d313ac57f2725d54?s=96&d=mm&r=g\",\"caption\":\"Redacci\\u00f3n\"},\"sameAs\":[\"https:\/\/soledaddurazo.com\"]}]}<\/script>\n ","yoast_head_json":{"title":"Confirman condiciones de tormenta invernal para Sonora - Periodista SoledadDurazo.com","robots":{"index":"index","follow":"follow","max-snippet":"max-snippet:-1","max-image-preview":"max-image-preview:large","max-video-preview":"max-video-preview:-1"},"canonical":"https:\/\/soledaddurazo.com\/blog\/2021\/11\/25\/confirman-condiciones-de-tormenta-invernal-para-sonora\/","og_locale":"es_MX","og_type":"article","og_title":"Confirman condiciones de tormenta invernal para Sonora","og_description":"Se\u00a0espera\u00a0que\u00a0este\u00a0viernes\u00a0ingrese la\u00a0primera\u00a0tormenta\u00a0invernal\u00a0de\u00a0la temporada\u00a0y\u00a0una\u00a0corriente\u00a0en\u00a0chorro polar,\u00a0por\u00a0la\u00a0costa\u00a0central\u00a0de\u00a0Sonora,\u00a0que podr\u00edan\u00a0ocasionar\u00a0un\u00a0nuevo\u00a0y\u00a0marcado descenso\u00a0de\u00a0las\u00a0temperaturas,\u00a0as\u00ed\u00a0como rachas\u00a0de\u00a0viento\u00a0de\u00a060\u00a0a\u00a080\u00a0km\/h,\u00a0lluvias de\u00a0moderadas\u00a0a\u00a0fuertes\u00a0y\u00a0precipitaci\u00f3n\u00a0de nieve\u00a0o\u00a0agua\u00a0nieve\u00a0en\u00a0la\u00a0regi\u00f3n\u00a0serrana. La\u00a0informaci\u00f3n\u00a0fue\u00a0confirmada\u00a0por\u00a0la Coordinaci\u00f3n\u00a0Estatal\u00a0de\u00a0Protecci\u00f3n\u00a0Civil (CEPC),\u00a0de\u00a0acuerdo\u00a0con\u00a0la\u00a0informaci\u00f3n\u00a0de los\u00a0servicios\u00a0meteorol\u00f3gicos\u00a0de\u00a0M\u00e9xico\u00a0y los\u00a0Estados\u00a0Unidos. Lo\u00a0anterior,\u00a0permitir\u00e1\u00a0que\u00a0contin\u00faen\u00a0las condiciones\u00a0de\u00a0cielo\u00a0medio\u00a0nublado\u00a0a nublado,\u00a0con\u00a0probabilidad\u00a0de\u00a0lluvias\u00a0de moderadas\u00a0a\u00a0fuertes,\u00a0a\u00a0partir\u00a0del\u00a0jueves\u00a0en la\u00a0mayor\u00a0parte\u00a0del\u00a0estado,\u00a0pero\u00a0principalmente\u00a0en\u00a0las\u00a0regiones\u00a0sur\u00a0y sureste,\u00a0con\u00a0nieve\u00a0o\u00a0aguanieve,\u00a0en\u00a0las partes\u00a0altas\u00a0de\u00a0la\u00a0regi\u00f3n\u00a0serrana,\u00a0con vientos\u00a0moderados\u00a0a\u00a0fuertes\u00a0y\u00a0marcado descenso\u00a0de\u00a0temperaturas,\u00a0principalmente en\u00a0las\u00a0regiones\u00a0norte,\u00a0noreste\u00a0y\u00a0oriente\u00a0del estado. Se\u00a0prev\u00e9\u00a0que\u00a0estas\u00a0condiciones\u00a0se presenten\u00a0durante\u00a0los\u00a0d\u00edas\u00a0de\u00a0jueves\u00a0a s\u00e1bado.\u00a0Las\u00a0m\u00e1s\u00a0bajas\u00a0temperaturas,\u00a0se podr\u00edan\u00a0presentar\u00a0a\u00a0partir\u00a0del\u00a0s\u00e1bado. Protecci\u00f3n\u00a0Civil,\u00a0de\u00a0com\u00fan\u00a0acuerdo\u00a0con\u00a0la Coordinaci\u00f3n\u00a0Nacional\u00a0de\u00a0Protecci\u00f3n\u00a0Civil y\u00a0la\u00a0Comisi\u00f3n\u00a0Nacional\u00a0del\u00a0Agua,\u00a0emiten aviso\u00a0meteorol\u00f3gico\u00a0por\u00a0marcado descenso\u00a0de\u00a0temperaturas\u00a0y\u00a0alerta\u00a0de vientos\u00a0moderados\u00a0a\u00a0fuertes,\u00a0con\u00a0especial atenci\u00f3n\u00a0para\u00a0los\u00a0municipios\u00a0de\u00a0San\u00a0Luis R\u00edo\u00a0Colorado,\u00a0Plutarco\u00a0El\u00edas\u00a0Calles,\u00a0Puerto Pe\u00f1asco,\u00a0Caborca,\u00a0Pitiquito,\u00a0\u00c1til,\u00a0Tubutama,\u00a0S\u00e1ric,\u00a0Oquitoa,\u00a0Altar, Trincheras,\u00a0Santa\u00a0Ana,\u00a0Benjam\u00edn\u00a0Hill,\u00a0\u00cdmuris,\u00a0Magdalena,\u00a0Nogales,\u00a0Santa\u00a0Cruz\u00a0y Cananea. As\u00ed\u00a0tambi\u00e9n\u00a0en\u00a0Nogales,\u00a0Santa\u00a0Cruz, Cananea,\u00a0Naco,\u00a0Agua\u00a0Prieta,\u00a0Fronteras,\u00a0Bacerac,\u00a0Bavispe,\u00a0Nacozari\u00a0de\u00a0Garc\u00eda, Cumpas,\u00a0Moctezuma,\u00a0Huachinera,\u00a0Hu\u00e1sabas,\u00a0Granados,\u00a0Villa\u00a0Hidalgo, Divisaderos,\u00a0Tepache,\u00a0Bacad\u00e9huachi,\u00a0N\u00e1cori\u00a0Chico,\u00a0Sahuaripa,\u00a0Bacanora,\u00a0Arivechi,\u00a0Y\u00e9cora,\u00a0Bacoachi,\u00a0Cucurpe,\u00a0Ban\u00e1michi,\u00a0Huepac,\u00a0San\u00a0Felipe\u00a0de\u00a0Jes\u00fas,\u00a0Aconchi,\u00a0Bavi\u00e1cora,\u00a0Ures,\u00a0Ray\u00f3n,\u00a0Opodepe, San\u00a0Miguel\u00a0de\u00a0Horcasitas,\u00a0Arizpe, Hermosillo,\u00a0La\u00a0Colorada,\u00a0San\u00a0Javier,\u00a0\u00d3navas,\u00a0Suaqui\u00a0Grande\u00a0y\u00a0Soyopa. Incluyendo\u00a0especialmente,\u00a0por\u00a0lluvias dispersas,\u00a0a\u00a0los\u00a0municipios\u00a0de\u00a0Guaymas, Empalme,\u00a0B\u00e1cum,\u00a0Cajeme,\u00a0San\u00a0Ignacio\u00a0R\u00edo Muerto,\u00a0Navojoa,\u00a0Etchojoa,\u00a0Huatabampo, \u00c1lamos,\u00a0Rosario\u00a0y\u00a0Quiriego. Adem\u00e1s,\u00a0Protecci\u00f3n\u00a0Civil\u00a0hace\u00a0un\u00a0llamado a\u00a0acatar\u00a0las\u00a0disposiciones\u00a0de\u00a0las\u00a0Capitan\u00edas de\u00a0Puerto\u00a0y\u00a0a\u00a0informarse\u00a0sobre\u00a0los\u00a0avisos meteorol\u00f3gicos\u00a0que\u00a0se\u00a0emitan\u00a0en\u00a0la [&hellip;]","og_url":"https:\/\/soledaddurazo.com\/blog\/2021\/11\/25\/confirman-condiciones-de-tormenta-invernal-para-sonora\/","og_site_name":"Periodista SoledadDurazo.com","article_publisher":"https:\/\/www.facebook.com\/soledad.durazo.9\/","article_published_time":"2021-11-25T07:15:24+00:00","og_image":[{"width":825,"height":721,"url":"https:\/\/soledaddurazo.com\/storage\/2021\/11\/unnamed-27.jpg","type":"image\/jpeg"}],"twitter_card":"summary_large_image","twitter_creator":"@SoledadDurazo","twitter_site":"@SoledadDurazo","twitter_misc":{"Escrito por":"Redacci\u00f3n","Tiempo de lectura":"5 minutos"},"schema":{"@context":"https:\/\/schema.org","@graph":[{"@type":"Organization","@id":"https:\/\/soledaddurazo.com\/#organization","name":"Soledad Durazo","url":"https:\/\/soledaddurazo.com\/","sameAs":["https:\/\/www.facebook.com\/soledad.durazo.9\/","https:\/\/www.instagram.com\/soledaddurazo","https:\/\/www.youtube.com\/channel\/UC9yGPw8-Vbl_B2XNkRwPS-w","https:\/\/twitter.com\/SoledadDurazo"],"logo":{"@type":"ImageObject","@id":"https:\/\/soledaddurazo.com\/#logo","inLanguage":"es","url":"https:\/\/soledaddurazo.com\/storage\/2021\/11\/nllp-720x375-1-2.png","contentUrl":"https:\/\/soledaddurazo.com\/storage\/2021\/11\/nllp-720x375-1-2.png","width":720,"height":375,"caption":"Soledad Durazo"},"image":{"@id":"https:\/\/soledaddurazo.com\/#logo"}},{"@type":"WebSite","@id":"https:\/\/soledaddurazo.com\/#website","url":"https:\/\/soledaddurazo.com\/","name":"Periodista SoledadDurazo.com","description":"Periodista sonorense. Directora de www.SoledadDurazo.com Columnista, conductora de radio y Tv. Catedr\u00e1tica en la UNISON","publisher":{"@id":"https:\/\/soledaddurazo.com\/#organization"},"potentialAction":[{"@type":"SearchAction","target":{"@type":"EntryPoint","urlTemplate":"https:\/\/soledaddurazo.com\/?s={search_term_string}"},"query-input":"required name=search_term_string"}],"inLanguage":"es"},{"@type":"ImageObject","@id":"https:\/\/soledaddurazo.com\/blog\/2021\/11\/25\/confirman-condiciones-de-tormenta-invernal-para-sonora\/#primaryimage","inLanguage":"es","url":"https:\/\/soledaddurazo.com\/storage\/2021\/11\/unnamed-27.jpg","contentUrl":"https:\/\/soledaddurazo.com\/storage\/2021\/11\/unnamed-27.jpg","width":825,"height":721},{"@type":"WebPage","@id":"https:\/\/soledaddurazo.com\/blog\/2021\/11\/25\/confirman-condiciones-de-tormenta-invernal-para-sonora\/#webpage","url":"https:\/\/soledaddurazo.com\/blog\/2021\/11\/25\/confirman-condiciones-de-tormenta-invernal-para-sonora\/","name":"Confirman condiciones de tormenta invernal para Sonora - Periodista SoledadDurazo.com","isPartOf":{"@id":"https:\/\/soledaddurazo.com\/#website"},"primaryImageOfPage":{"@id":"https:\/\/soledaddurazo.com\/blog\/2021\/11\/25\/confirman-condiciones-de-tormenta-invernal-para-sonora\/#primaryimage"},"datePublished":"2021-11-25T07:15:24+00:00","dateModified":"2021-11-25T07:15:24+00:00","breadcrumb":{"@id":"https:\/\/soledaddurazo.com\/blog\/2021\/11\/25\/confirman-condiciones-de-tormenta-invernal-para-sonora\/#breadcrumb"},"inLanguage":"es","potentialAction":[{"@type":"ReadAction","target":["https:\/\/soledaddurazo.com\/blog\/2021\/11\/25\/confirman-condiciones-de-tormenta-invernal-para-sonora\/"]}]},{"@type":"BreadcrumbList","@id":"https:\/\/soledaddurazo.com\/blog\/2021\/11\/25\/confirman-condiciones-de-tormenta-invernal-para-sonora\/#breadcrumb","itemListElement":[{"@type":"ListItem","position":1,"name":"Home","item":"https:\/\/soledaddurazo.com\/"},{"@type":"ListItem","position":2,"name":"Confirman condiciones de tormenta invernal para Sonora"}]},{"@type":"Article","@id":"https:\/\/soledaddurazo.com\/blog\/2021\/11\/25\/confirman-condiciones-de-tormenta-invernal-para-sonora\/#article","isPartOf":{"@id":"https:\/\/soledaddurazo.com\/blog\/2021\/11\/25\/confirman-condiciones-de-tormenta-invernal-para-sonora\/#webpage"},"author":{"@id":"https:\/\/soledaddurazo.com\/#\/schema\/person\/822d8e13aa288585e6546f179853758b"},"headline":"Confirman condiciones de tormenta invernal para Sonora","datePublished":"2021-11-25T07:15:24+00:00","dateModified":"2021-11-25T07:15:24+00:00","mainEntityOfPage":{"@id":"https:\/\/soledaddurazo.com\/blog\/2021\/11\/25\/confirman-condiciones-de-tormenta-invernal-para-sonora\/#webpage"},"wordCount":966,"commentCount":0,"publisher":{"@id":"https:\/\/soledaddurazo.com\/#organization"},"image":{"@id":"https:\/\/soledaddurazo.com\/blog\/2021\/11\/25\/confirman-condiciones-de-tormenta-invernal-para-sonora\/#primaryimage"},"thumbnailUrl":"https:\/\/soledaddurazo.com\/storage\/2021\/11\/unnamed-27.jpg","articleSection":["Mi Sonora"],"inLanguage":"es","potentialAction":[{"@type":"CommentAction","name":"Comment","target":["https:\/\/soledaddurazo.com\/blog\/2021\/11\/25\/confirman-condiciones-de-tormenta-invernal-para-sonora\/#respond"]}]},{"@type":"Person","@id":"https:\/\/soledaddurazo.com\/#\/schema\/person\/822d8e13aa288585e6546f179853758b","name":"Redacci\u00f3n","image":{"@type":"ImageObject","@id":"https:\/\/soledaddurazo.com\/#personlogo","inLanguage":"es","url":"https:\/\/secure.gravatar.com\/avatar\/c4e193752f756fd61f04deebed3a3a20dc188d37edb53682d313ac57f2725d54?s=96&d=mm&r=g","contentUrl":"https:\/\/secure.gravatar.com\/avatar\/c4e193752f756fd61f04deebed3a3a20dc188d37edb53682d313ac57f2725d54?s=96&d=mm&r=g","caption":"Redacci\u00f3n"},"sameAs":["https:\/\/soledaddurazo.com"]}]}},"_links":{"self":[{"href":"https:\/\/soledaddurazo.com\/api\/wp\/v2\/posts\/11915","targetHints":{"allow":["GET"]}}],"collection":[{"href":"https:\/\/soledaddurazo.com\/api\/wp\/v2\/posts"}],"about":[{"href":"https:\/\/soledaddurazo.com\/api\/wp\/v2\/types\/post"}],"author":[{"embeddable":true,"href":"https:\/\/soledaddurazo.com\/api\/wp\/v2\/users\/1"}],"replies":[{"embeddable":true,"href":"https:\/\/soledaddurazo.com\/api\/wp\/v2\/comments?post=11915"}],"version-history":[{"count":1,"href":"https:\/\/soledaddurazo.com\/api\/wp\/v2\/posts\/11915\/revisions"}],"predecessor-version":[{"id":11917,"href":"https:\/\/soledaddurazo.com\/api\/wp\/v2\/posts\/11915\/revisions\/11917"}],"wp:featuredmedia":[{"embeddable":true,"href":"https:\/\/soledaddurazo.com\/api\/wp\/v2\/media\/11916"}],"wp:attachment":[{"href":"https:\/\/soledaddurazo.com\/api\/wp\/v2\/media?parent=11915"}],"wp:term":[{"taxonomy":"category","embeddable":true,"href":"https:\/\/soledaddurazo.com\/api\/wp\/v2\/categories?post=11915"},{"taxonomy":"post_tag","embeddable":true,"href":"https:\/\/soledaddurazo.com\/api\/wp\/v2\/tags?post=11915"}],"curies":[{"name":"wp","href":"https:\/\/api.w.org\/{rel}","templated":true}]}}