{"id":11620,"date":"2021-11-08T15:34:10","date_gmt":"2021-11-08T22:34:10","guid":{"rendered":"https:\/\/soledaddurazo.com\/?p=11620"},"modified":"2021-11-08T15:34:10","modified_gmt":"2021-11-08T22:34:10","slug":"publican-reformas-constitucionales-propuestas-por-alfonso-durazo","status":"publish","type":"post","link":"https:\/\/soledaddurazo.com\/blog\/2021\/11\/08\/publican-reformas-constitucionales-propuestas-por-alfonso-durazo\/","title":{"rendered":"Publican reformas constitucionales propuestas por Alfonso Durazo"},"content":{"rendered":"<p>En la conferencia de prensa ofrecida por el Gobernador Alfonso Durazo a inicios de semana en la que anunci\u00f3 la ruta para fortalecer las instituciones de seguridad del estado, con el lanzamiento de una convocatoria para incrementar el n\u00famero de elementos de la Polic\u00eda Estatal de Seguridad P\u00fablica y de la Agencia Ministerial de Investigaci\u00f3n Criminal; un programa de becas para este mes de noviembre con una inversi\u00f3n de mil 300 millones de pesos y la transferencia de 99 millones de pesos m\u00e1s del Instituto de Salud para el Bienestar para fortalecer los servicios de salud del estado.<\/p>\n<p>Solicit\u00e9 al Ejecutivo Estatal abundar sobre el anuncio realizado la semana pasada sobre la detecci\u00f3n de complicidades trianguladas entre ex funcionarios del ISSSTESON y la parte encargada de juzgar, para incrementar el monto de pensiones y jubilaciones.<\/p>\n<p>Al respecto comento que, por ser actos ya juzgados, es imposible revertirlos y que m\u00e1s que enviar una propuesta para nombrar nuevos Magistrados del Tribunal de Justicia Administrativa, se inclinaba por realizar una reforma legal a fondo, incluyendo la Ley 38 del ISSSTESON.<\/p>\n<p>La respuesta ya ven\u00eda en camino, ayer jueves, en el Bolet\u00edn Oficial del Gobierno del Estado se publicaron una serie de reformas constitucionales propuestas por el Ejecutivo que fueron aprobadas en el Congreso del Estado, que llevan dedicatoria para el Tribunal de Justicia Administrativa y otros organismos . Todav\u00eda falta la iniciativa de reforma a la Ley 38 del ISSSTESON, que no tardar\u00e1 mucho en presentarse y sociabilizarse, en la que muy probablemente se incluir\u00e1 un piso y un techo a las pensiones y jubilaciones.<\/p>\n<p>He venido siguiendo las intervenciones del Director General del ISSSTESON, Jes\u00fas Manuel Acu\u00f1a M\u00e9ndez en varios medios de comunicaci\u00f3n, sobre los factores que tiene que lidiar para iniciar la limpia y rescate de ese instituto, habla de un recorte a la n\u00f3mina de un 40%, ojal\u00e1 comience por los aviadores que son muchos y parecen todav\u00eda intocables; se\u00f1ala corrupci\u00f3n en compra y venta de medicamentos, una leyenda muy conocida; existen 4 mil millones de pesos en adeudos por Ayuntamientos y organismos que jinetean cuotas ya descontadas a empleados. .<\/p>\n<p>Tiene mucha raz\u00f3n Jes\u00fas Manuel Acu\u00f1a en su diagn\u00f3stico, en lo que no coincido, es que a los derechohabientes se les trate como si el ISSSTESON les hiciera un favor, el otorgar sus servicios. Si la memoria no me falla, son m\u00e1s de 80 mil los derechohabientes que aportan su cuota quincenalmente, as\u00ed viene funcionando la Instituci\u00f3n desde hace 60 a\u00f1os, aunque de un tiempo a la fecha, el Gobierno del Estado inyecta recursos mensualmente para el pago de pensiones, que se estar\u00e1 haciendo de manera diferida, hasta mediados del a\u00f1o entrante, hasta que la Secretar\u00eda de Hacienda disponga de m\u00e1s presupuesto.<\/p>\n<p>El Gobernador Alfonso Durazo ha venido repitiendo que le entrar\u00e1 de lleno al rescate del ISSSTESON, ya realiz\u00f3 un acuerdo con el Instituto de Salud para el Bienestar para iniciar el surtido de farmacias con medicamentos. Tampoco es el mago Mandrake, para en poco tiempo resolver a\u00f1ejos problemas, su gobierno no cumple ni los dos meses, hay que darle tiempo para que comiencen los resultados. La expectativa de los sonorenses es muy alta por tener un mejor gobierno, sentimiento que se repite cada seis a\u00f1os.<\/p>\n<p><strong>INICIA LIMPIA EN ESTRUCTURA ADMINISTRATIVA DEL CONGRESO DEL ESTADO<\/strong><\/p>\n<p>En el paquete de reformas a la Constituci\u00f3n publicadas en el Bolet\u00edn Oficial del Gobierno del Estado que mencionamos renglones arriba, tambi\u00e9n se establece que los altos funcionarios en el organigrama administrativo del Congreso del Estado, deber\u00e1n de ser ratificados en la pr\u00f3xima sesi\u00f3n del pleno.<\/p>\n<p>Si las tres cuartas partes de los Diputados no ratifican a los funcionarios, se nombrar\u00e1n a encargados de despacho, para que en 15 d\u00edas se vuelva a votar para aprobar los nombramientos definitivos.<\/p>\n<p>En cristiano, esto quiere decir que las negociaciones por el reparto del pastel se intensificar\u00e1n desde ya, entre las fuerzas pol\u00edticas aliadas a Morena, que evidentemente, por ser mayor\u00eda, lleva, mano en la negociaci\u00f3n.<\/p>\n<p><span style=\"font-weight: normal !msorm;\"><strong>NATALIA RIVERA ATACA UNA DESIGUALDAD SOCIAL<\/strong><\/span><\/p>\n<p>M\u00e9xico es un pa\u00eds de desigualdades, estas se agravan en las a\u00e9reas rurales donde la mayor\u00eda de las ocasiones, no se cuenta con la disponibilidad de acceso a oportunidades que se ofrecen en los centros urbanos, como el acceso a la educaci\u00f3n.<\/p>\n<p>El tema del abandono escolar en las \u00e1reas rurales es un tema muy sentido y muy lamentable, el d\u00eda de ayer la Diputada Natalia Rivera a nombre de los Diputados del PRI en el Congreso del Estado, ofrecieron una alternativa para tantos j\u00f3venes que hay en las \u00e1reas rurales del estado de Sonora, proponiendo una serie de reformas a la Ley del Instituto de Becas y Cr\u00e9dito Educativo para otorgar becas autom\u00e1ticas a hijas de jornaleros que estudien una carrera universitaria.<\/p>\n<p>La Diputada Natalia Rivera Grijalva por su parte present\u00f3 una propuesta de reformas a la Ley del Sistema Integral para Erradicar el Ausentismo y la Deserci\u00f3n en la Educaci\u00f3n B\u00e1sica y Media Superior P\u00fablicas en el Estado de Sonora para que ni\u00f1os y j\u00f3venes de las \u00e1reas rurales, tengan la oportunidad de estudiar una carrera universitaria y as\u00ed tener mayores oportunidades de desarrollo.<\/p>\n<p>Ahora falta esperar la aprobaci\u00f3n de esta propuesta realizada por el Grupo Parlamentario del PRI y as\u00ed se pueda brindar un mayor y mejor futuro para los hijos de jornaleros, que por d\u00e9cadas ven trucados sus sue\u00f1os de superaci\u00f3n y junto a esto sus estudios, conden\u00e1ndolos a seguir con el mismo patr\u00f3n de desigualdad por la falta de apoyos que los puedan llevar a la culminaci\u00f3n sus estudios de una carrera universitaria.<\/p>\n<p><span style=\"font-weight: normal !msorm;\"><strong>200 PATRULLAS SIN FUNCIONAR EN POLIC\u00cdA MUNICIPAL <\/strong><\/span><\/p>\n<p><b>Apenas en el mes de marzo, la ex Presidenta Municipal C\u00e9lida L\u00f3pez hac\u00eda la entrega de nuevas patrullas en un colorido evento, en total, durante su administraci\u00f3n en el Ayuntamiento, entreg\u00f3 a la polic\u00eda municipal 172 nuevas unidades de distintos tipos, entre patrullas y motocicletas. <\/b><\/p>\n<p>El invitado de honor a la reuni\u00f3n de todos los mi\u00e9rcoles de la Mesa Canc\u00fan, el Comisario Municipal, Manuel Emilio Hoyos, se\u00f1al\u00f3 que en la actualidad la fuerza motriz de la polic\u00eda municipal comprende de solo 70 patrullas y que hay 200 unidades fuera de servicio esperando ser reparadas.<\/p>\n<p>Cada trienio, los Presidentes municipales de Hermosillo en turno, hacen un esfuerzo para comprar patrullas nuevas, pero ese esfuerzo al contrastarlo con la realidad, luce in\u00fatil, no habr\u00e1 lote de patrullas nuevas que alcance si no se aplica un correcto programa de mantenimiento que prolongue la vida de esas patrullas, m\u00e1s all\u00e1 de medio a\u00f1o.<\/p>\n<p><span style=\"font-weight: normal !msorm;\"><strong>RETAZOS INTERESANTES<\/strong><\/span><\/p>\n<p>1.- El Diputado Jacobo Mendoza realiza en su casa de enlace ciudadano cada viernes, un esfuerzo por promover la cultura y diversas actividades interesantes para la ciudadan\u00eda. Acaba de presentar el libro &#8220;Cucurpe, Lugar Donde Cant\u00f3 la Paloma&#8221; escrito por Margarita Ram\u00edrez, que trata sobre la vida y obra del Padre Eusebio Kino. Hoy habr\u00e1 una conferencia ofrecida por el licenciado Gilberto Ay\u00f3n Reyes, titulada \u201cLa Cultura de Paz\u201d .<\/p>\n<p>2.- El Gobernador Alfonso Durazo emiti\u00f3 un decreto para declarar emergencia sanitaria en Guaymas, por los derrames de aguas negras que tienen el centro del puerto inundado y envuelto en un nauseabundo aroma que cala hasta las entra\u00f1as.<\/p>\n<p>Para los amigos de todo el sur de Sonora, los invito a escuchar de 13:00 a 14:00 horas, SONORA EN RED NOTICIAS, espacio que comparto con mi amigo Arturo Chapo Soto, por el 93.3 del cuadrante de F.M. que tambi\u00e9n puede ser visto, a pesar de la cara que nos aventamos, por la se\u00f1al del canal 14 de TV Azteca Tucson, para todo el sur de Arizona. No se lo pierdan.<\/p>\n<p>Podemos interactuar a trav\u00e9s de mi cuenta de Twitter @feroropeza20 o en mi correo electr\u00f3nico\u00a0<a href=\"mailto:luiso@hmo.megared.net.mx\">luiso@hmo.megared.net.mx<\/a><\/p>\n<p>&nbsp;<\/p>\n","protected":false},"excerpt":{"rendered":"<p>En la conferencia de prensa ofrecida por el Gobernador Alfonso Durazo a inicios de semana en la que anunci\u00f3 la ruta para fortalecer las instituciones de seguridad del estado, con el lanzamiento de una convocatoria para incrementar el n\u00famero de elementos de la Polic\u00eda Estatal de Seguridad P\u00fablica y de la Agencia Ministerial de Investigaci\u00f3n [&hellip;]<\/p>\n","protected":false},"author":1,"featured_media":10665,"comment_status":"open","ping_status":"open","sticky":false,"template":"","format":"standard","meta":{"footnotes":""},"categories":[173],"tags":[],"class_list":["post"],"yoast_head":" \n<title>Publican reformas constitucionales propuestas por Alfonso Durazo - Periodista SoledadDurazo.com<\/title>\n<meta name=\"robots\" content=\"index, follow, max-snippet:-1, max-image-preview:large, max-video-preview:-1\" \/>\n<link rel=\"canonical\" href=\"https:\/\/soledaddurazo.com\/blog\/2021\/11\/08\/publican-reformas-constitucionales-propuestas-por-alfonso-durazo\/\" \/>\n<meta property=\"og:locale\" content=\"es_MX\" \/>\n<meta property=\"og:type\" content=\"article\" \/>\n<meta property=\"og:title\" content=\"Publican reformas constitucionales propuestas por Alfonso Durazo\" \/>\n<meta property=\"og:description\" content=\"En la conferencia de prensa ofrecida por el Gobernador Alfonso Durazo a inicios de semana en la que anunci\u00f3 la ruta para fortalecer las instituciones de seguridad del estado, con el lanzamiento de una convocatoria para incrementar el n\u00famero de elementos de la Polic\u00eda Estatal de Seguridad P\u00fablica y de la Agencia Ministerial de Investigaci\u00f3n [&hellip;]\" \/>\n<meta property=\"og:url\" content=\"https:\/\/soledaddurazo.com\/blog\/2021\/11\/08\/publican-reformas-constitucionales-propuestas-por-alfonso-durazo\/\" \/>\n<meta property=\"og:site_name\" content=\"Periodista SoledadDurazo.com\" \/>\n<meta property=\"article:publisher\" content=\"https:\/\/www.facebook.com\/soledad.durazo.9\/\" \/>\n<meta property=\"article:published_time\" content=\"2021-11-08T22:34:10+00:00\" \/>\n<meta property=\"og:image\" content=\"https:\/\/soledaddurazo.com\/storage\/2021\/09\/FOTO-FERNANDO-OROPEZA-1.jpg\" \/>\n\t<meta property=\"og:image:width\" content=\"1732\" \/>\n\t<meta property=\"og:image:height\" content=\"1154\" \/>\n<meta name=\"twitter:card\" content=\"summary_large_image\" \/>\n<meta name=\"twitter:creator\" content=\"@SoledadDurazo\" \/>\n<meta name=\"twitter:site\" content=\"@SoledadDurazo\" \/>\n<meta name=\"twitter:label1\" content=\"Escrito por\" \/>\n\t<meta name=\"twitter:data1\" content=\"Redacci\u00f3n\" \/>\n\t<meta name=\"twitter:label2\" content=\"Tiempo de lectura\" \/>\n\t<meta name=\"twitter:data2\" content=\"6 minutos\" \/>\n<script type=\"application\/ld+json\" class=\"yoast-schema-graph\">{\"@context\":\"https:\/\/schema.org\",\"@graph\":[{\"@type\":\"Organization\",\"@id\":\"https:\/\/soledaddurazo.com\/#organization\",\"name\":\"Soledad Durazo\",\"url\":\"https:\/\/soledaddurazo.com\/\",\"sameAs\":[\"https:\/\/www.facebook.com\/soledad.durazo.9\/\",\"https:\/\/www.instagram.com\/soledaddurazo\",\"https:\/\/www.youtube.com\/channel\/UC9yGPw8-Vbl_B2XNkRwPS-w\",\"https:\/\/twitter.com\/SoledadDurazo\"],\"logo\":{\"@type\":\"ImageObject\",\"@id\":\"https:\/\/soledaddurazo.com\/#logo\",\"inLanguage\":\"es\",\"url\":\"https:\/\/soledaddurazo.com\/storage\/2021\/11\/nllp-720x375-1-2.png\",\"contentUrl\":\"https:\/\/soledaddurazo.com\/storage\/2021\/11\/nllp-720x375-1-2.png\",\"width\":720,\"height\":375,\"caption\":\"Soledad Durazo\"},\"image\":{\"@id\":\"https:\/\/soledaddurazo.com\/#logo\"}},{\"@type\":\"WebSite\",\"@id\":\"https:\/\/soledaddurazo.com\/#website\",\"url\":\"https:\/\/soledaddurazo.com\/\",\"name\":\"Periodista SoledadDurazo.com\",\"description\":\"Periodista sonorense. Directora de www.SoledadDurazo.com Columnista, conductora de radio y Tv. Catedr\\u00e1tica en la UNISON\",\"publisher\":{\"@id\":\"https:\/\/soledaddurazo.com\/#organization\"},\"potentialAction\":[{\"@type\":\"SearchAction\",\"target\":{\"@type\":\"EntryPoint\",\"urlTemplate\":\"https:\/\/soledaddurazo.com\/?s={search_term_string}\"},\"query-input\":\"required name=search_term_string\"}],\"inLanguage\":\"es\"},{\"@type\":\"ImageObject\",\"@id\":\"https:\/\/soledaddurazo.com\/blog\/2021\/11\/08\/publican-reformas-constitucionales-propuestas-por-alfonso-durazo\/#primaryimage\",\"inLanguage\":\"es\",\"url\":\"https:\/\/soledaddurazo.com\/storage\/2021\/09\/FOTO-FERNANDO-OROPEZA-1.jpg\",\"contentUrl\":\"https:\/\/soledaddurazo.com\/storage\/2021\/09\/FOTO-FERNANDO-OROPEZA-1.jpg\",\"width\":1732,\"height\":1154},{\"@type\":\"WebPage\",\"@id\":\"https:\/\/soledaddurazo.com\/blog\/2021\/11\/08\/publican-reformas-constitucionales-propuestas-por-alfonso-durazo\/#webpage\",\"url\":\"https:\/\/soledaddurazo.com\/blog\/2021\/11\/08\/publican-reformas-constitucionales-propuestas-por-alfonso-durazo\/\",\"name\":\"Publican reformas constitucionales propuestas por Alfonso Durazo - Periodista SoledadDurazo.com\",\"isPartOf\":{\"@id\":\"https:\/\/soledaddurazo.com\/#website\"},\"primaryImageOfPage\":{\"@id\":\"https:\/\/soledaddurazo.com\/blog\/2021\/11\/08\/publican-reformas-constitucionales-propuestas-por-alfonso-durazo\/#primaryimage\"},\"datePublished\":\"2021-11-08T22:34:10+00:00\",\"dateModified\":\"2021-11-08T22:34:10+00:00\",\"breadcrumb\":{\"@id\":\"https:\/\/soledaddurazo.com\/blog\/2021\/11\/08\/publican-reformas-constitucionales-propuestas-por-alfonso-durazo\/#breadcrumb\"},\"inLanguage\":\"es\",\"potentialAction\":[{\"@type\":\"ReadAction\",\"target\":[\"https:\/\/soledaddurazo.com\/blog\/2021\/11\/08\/publican-reformas-constitucionales-propuestas-por-alfonso-durazo\/\"]}]},{\"@type\":\"BreadcrumbList\",\"@id\":\"https:\/\/soledaddurazo.com\/blog\/2021\/11\/08\/publican-reformas-constitucionales-propuestas-por-alfonso-durazo\/#breadcrumb\",\"itemListElement\":[{\"@type\":\"ListItem\",\"position\":1,\"name\":\"Home\",\"item\":\"https:\/\/soledaddurazo.com\/\"},{\"@type\":\"ListItem\",\"position\":2,\"name\":\"Publican reformas constitucionales propuestas por Alfonso Durazo\"}]},{\"@type\":\"Article\",\"@id\":\"https:\/\/soledaddurazo.com\/blog\/2021\/11\/08\/publican-reformas-constitucionales-propuestas-por-alfonso-durazo\/#article\",\"isPartOf\":{\"@id\":\"https:\/\/soledaddurazo.com\/blog\/2021\/11\/08\/publican-reformas-constitucionales-propuestas-por-alfonso-durazo\/#webpage\"},\"author\":{\"@id\":\"https:\/\/soledaddurazo.com\/#\/schema\/person\/822d8e13aa288585e6546f179853758b\"},\"headline\":\"Publican reformas constitucionales propuestas por Alfonso Durazo\",\"datePublished\":\"2021-11-08T22:34:10+00:00\",\"dateModified\":\"2021-11-08T22:34:10+00:00\",\"mainEntityOfPage\":{\"@id\":\"https:\/\/soledaddurazo.com\/blog\/2021\/11\/08\/publican-reformas-constitucionales-propuestas-por-alfonso-durazo\/#webpage\"},\"wordCount\":1358,\"commentCount\":0,\"publisher\":{\"@id\":\"https:\/\/soledaddurazo.com\/#organization\"},\"image\":{\"@id\":\"https:\/\/soledaddurazo.com\/blog\/2021\/11\/08\/publican-reformas-constitucionales-propuestas-por-alfonso-durazo\/#primaryimage\"},\"thumbnailUrl\":\"https:\/\/soledaddurazo.com\/storage\/2021\/09\/FOTO-FERNANDO-OROPEZA-1.jpg\",\"articleSection\":[\"Fernando Oropeza\"],\"inLanguage\":\"es\",\"potentialAction\":[{\"@type\":\"CommentAction\",\"name\":\"Comment\",\"target\":[\"https:\/\/soledaddurazo.com\/blog\/2021\/11\/08\/publican-reformas-constitucionales-propuestas-por-alfonso-durazo\/#respond\"]}]},{\"@type\":\"Person\",\"@id\":\"https:\/\/soledaddurazo.com\/#\/schema\/person\/822d8e13aa288585e6546f179853758b\",\"name\":\"Redacci\\u00f3n\",\"image\":{\"@type\":\"ImageObject\",\"@id\":\"https:\/\/soledaddurazo.com\/#personlogo\",\"inLanguage\":\"es\",\"url\":\"https:\/\/secure.gravatar.com\/avatar\/c4e193752f756fd61f04deebed3a3a20dc188d37edb53682d313ac57f2725d54?s=96&d=mm&r=g\",\"contentUrl\":\"https:\/\/secure.gravatar.com\/avatar\/c4e193752f756fd61f04deebed3a3a20dc188d37edb53682d313ac57f2725d54?s=96&d=mm&r=g\",\"caption\":\"Redacci\\u00f3n\"},\"sameAs\":[\"https:\/\/soledaddurazo.com\"]}]}<\/script>\n ","yoast_head_json":{"title":"Publican reformas constitucionales propuestas por Alfonso Durazo - Periodista SoledadDurazo.com","robots":{"index":"index","follow":"follow","max-snippet":"max-snippet:-1","max-image-preview":"max-image-preview:large","max-video-preview":"max-video-preview:-1"},"canonical":"https:\/\/soledaddurazo.com\/blog\/2021\/11\/08\/publican-reformas-constitucionales-propuestas-por-alfonso-durazo\/","og_locale":"es_MX","og_type":"article","og_title":"Publican reformas constitucionales propuestas por Alfonso Durazo","og_description":"En la conferencia de prensa ofrecida por el Gobernador Alfonso Durazo a inicios de semana en la que anunci\u00f3 la ruta para fortalecer las instituciones de seguridad del estado, con el lanzamiento de una convocatoria para incrementar el n\u00famero de elementos de la Polic\u00eda Estatal de Seguridad P\u00fablica y de la Agencia Ministerial de Investigaci\u00f3n [&hellip;]","og_url":"https:\/\/soledaddurazo.com\/blog\/2021\/11\/08\/publican-reformas-constitucionales-propuestas-por-alfonso-durazo\/","og_site_name":"Periodista SoledadDurazo.com","article_publisher":"https:\/\/www.facebook.com\/soledad.durazo.9\/","article_published_time":"2021-11-08T22:34:10+00:00","og_image":[{"width":1732,"height":1154,"url":"https:\/\/soledaddurazo.com\/storage\/2021\/09\/FOTO-FERNANDO-OROPEZA-1.jpg","type":"image\/jpeg"}],"twitter_card":"summary_large_image","twitter_creator":"@SoledadDurazo","twitter_site":"@SoledadDurazo","twitter_misc":{"Escrito por":"Redacci\u00f3n","Tiempo de lectura":"6 minutos"},"schema":{"@context":"https:\/\/schema.org","@graph":[{"@type":"Organization","@id":"https:\/\/soledaddurazo.com\/#organization","name":"Soledad Durazo","url":"https:\/\/soledaddurazo.com\/","sameAs":["https:\/\/www.facebook.com\/soledad.durazo.9\/","https:\/\/www.instagram.com\/soledaddurazo","https:\/\/www.youtube.com\/channel\/UC9yGPw8-Vbl_B2XNkRwPS-w","https:\/\/twitter.com\/SoledadDurazo"],"logo":{"@type":"ImageObject","@id":"https:\/\/soledaddurazo.com\/#logo","inLanguage":"es","url":"https:\/\/soledaddurazo.com\/storage\/2021\/11\/nllp-720x375-1-2.png","contentUrl":"https:\/\/soledaddurazo.com\/storage\/2021\/11\/nllp-720x375-1-2.png","width":720,"height":375,"caption":"Soledad Durazo"},"image":{"@id":"https:\/\/soledaddurazo.com\/#logo"}},{"@type":"WebSite","@id":"https:\/\/soledaddurazo.com\/#website","url":"https:\/\/soledaddurazo.com\/","name":"Periodista SoledadDurazo.com","description":"Periodista sonorense. Directora de www.SoledadDurazo.com Columnista, conductora de radio y Tv. Catedr\u00e1tica en la UNISON","publisher":{"@id":"https:\/\/soledaddurazo.com\/#organization"},"potentialAction":[{"@type":"SearchAction","target":{"@type":"EntryPoint","urlTemplate":"https:\/\/soledaddurazo.com\/?s={search_term_string}"},"query-input":"required name=search_term_string"}],"inLanguage":"es"},{"@type":"ImageObject","@id":"https:\/\/soledaddurazo.com\/blog\/2021\/11\/08\/publican-reformas-constitucionales-propuestas-por-alfonso-durazo\/#primaryimage","inLanguage":"es","url":"https:\/\/soledaddurazo.com\/storage\/2021\/09\/FOTO-FERNANDO-OROPEZA-1.jpg","contentUrl":"https:\/\/soledaddurazo.com\/storage\/2021\/09\/FOTO-FERNANDO-OROPEZA-1.jpg","width":1732,"height":1154},{"@type":"WebPage","@id":"https:\/\/soledaddurazo.com\/blog\/2021\/11\/08\/publican-reformas-constitucionales-propuestas-por-alfonso-durazo\/#webpage","url":"https:\/\/soledaddurazo.com\/blog\/2021\/11\/08\/publican-reformas-constitucionales-propuestas-por-alfonso-durazo\/","name":"Publican reformas constitucionales propuestas por Alfonso Durazo - Periodista SoledadDurazo.com","isPartOf":{"@id":"https:\/\/soledaddurazo.com\/#website"},"primaryImageOfPage":{"@id":"https:\/\/soledaddurazo.com\/blog\/2021\/11\/08\/publican-reformas-constitucionales-propuestas-por-alfonso-durazo\/#primaryimage"},"datePublished":"2021-11-08T22:34:10+00:00","dateModified":"2021-11-08T22:34:10+00:00","breadcrumb":{"@id":"https:\/\/soledaddurazo.com\/blog\/2021\/11\/08\/publican-reformas-constitucionales-propuestas-por-alfonso-durazo\/#breadcrumb"},"inLanguage":"es","potentialAction":[{"@type":"ReadAction","target":["https:\/\/soledaddurazo.com\/blog\/2021\/11\/08\/publican-reformas-constitucionales-propuestas-por-alfonso-durazo\/"]}]},{"@type":"BreadcrumbList","@id":"https:\/\/soledaddurazo.com\/blog\/2021\/11\/08\/publican-reformas-constitucionales-propuestas-por-alfonso-durazo\/#breadcrumb","itemListElement":[{"@type":"ListItem","position":1,"name":"Home","item":"https:\/\/soledaddurazo.com\/"},{"@type":"ListItem","position":2,"name":"Publican reformas constitucionales propuestas por Alfonso Durazo"}]},{"@type":"Article","@id":"https:\/\/soledaddurazo.com\/blog\/2021\/11\/08\/publican-reformas-constitucionales-propuestas-por-alfonso-durazo\/#article","isPartOf":{"@id":"https:\/\/soledaddurazo.com\/blog\/2021\/11\/08\/publican-reformas-constitucionales-propuestas-por-alfonso-durazo\/#webpage"},"author":{"@id":"https:\/\/soledaddurazo.com\/#\/schema\/person\/822d8e13aa288585e6546f179853758b"},"headline":"Publican reformas constitucionales propuestas por Alfonso Durazo","datePublished":"2021-11-08T22:34:10+00:00","dateModified":"2021-11-08T22:34:10+00:00","mainEntityOfPage":{"@id":"https:\/\/soledaddurazo.com\/blog\/2021\/11\/08\/publican-reformas-constitucionales-propuestas-por-alfonso-durazo\/#webpage"},"wordCount":1358,"commentCount":0,"publisher":{"@id":"https:\/\/soledaddurazo.com\/#organization"},"image":{"@id":"https:\/\/soledaddurazo.com\/blog\/2021\/11\/08\/publican-reformas-constitucionales-propuestas-por-alfonso-durazo\/#primaryimage"},"thumbnailUrl":"https:\/\/soledaddurazo.com\/storage\/2021\/09\/FOTO-FERNANDO-OROPEZA-1.jpg","articleSection":["Fernando Oropeza"],"inLanguage":"es","potentialAction":[{"@type":"CommentAction","name":"Comment","target":["https:\/\/soledaddurazo.com\/blog\/2021\/11\/08\/publican-reformas-constitucionales-propuestas-por-alfonso-durazo\/#respond"]}]},{"@type":"Person","@id":"https:\/\/soledaddurazo.com\/#\/schema\/person\/822d8e13aa288585e6546f179853758b","name":"Redacci\u00f3n","image":{"@type":"ImageObject","@id":"https:\/\/soledaddurazo.com\/#personlogo","inLanguage":"es","url":"https:\/\/secure.gravatar.com\/avatar\/c4e193752f756fd61f04deebed3a3a20dc188d37edb53682d313ac57f2725d54?s=96&d=mm&r=g","contentUrl":"https:\/\/secure.gravatar.com\/avatar\/c4e193752f756fd61f04deebed3a3a20dc188d37edb53682d313ac57f2725d54?s=96&d=mm&r=g","caption":"Redacci\u00f3n"},"sameAs":["https:\/\/soledaddurazo.com"]}]}},"_links":{"self":[{"href":"https:\/\/soledaddurazo.com\/api\/wp\/v2\/posts\/11620","targetHints":{"allow":["GET"]}}],"collection":[{"href":"https:\/\/soledaddurazo.com\/api\/wp\/v2\/posts"}],"about":[{"href":"https:\/\/soledaddurazo.com\/api\/wp\/v2\/types\/post"}],"author":[{"embeddable":true,"href":"https:\/\/soledaddurazo.com\/api\/wp\/v2\/users\/1"}],"replies":[{"embeddable":true,"href":"https:\/\/soledaddurazo.com\/api\/wp\/v2\/comments?post=11620"}],"version-history":[{"count":1,"href":"https:\/\/soledaddurazo.com\/api\/wp\/v2\/posts\/11620\/revisions"}],"predecessor-version":[{"id":11621,"href":"https:\/\/soledaddurazo.com\/api\/wp\/v2\/posts\/11620\/revisions\/11621"}],"wp:featuredmedia":[{"embeddable":true,"href":"https:\/\/soledaddurazo.com\/api\/wp\/v2\/media\/10665"}],"wp:attachment":[{"href":"https:\/\/soledaddurazo.com\/api\/wp\/v2\/media?parent=11620"}],"wp:term":[{"taxonomy":"category","embeddable":true,"href":"https:\/\/soledaddurazo.com\/api\/wp\/v2\/categories?post=11620"},{"taxonomy":"post_tag","embeddable":true,"href":"https:\/\/soledaddurazo.com\/api\/wp\/v2\/tags?post=11620"}],"curies":[{"name":"wp","href":"https:\/\/api.w.org\/{rel}","templated":true}]}}