{"id":11574,"date":"2021-11-04T22:39:37","date_gmt":"2021-11-05T05:39:37","guid":{"rendered":"https:\/\/soledaddurazo.com\/?p=11574"},"modified":"2021-11-15T01:52:04","modified_gmt":"2021-11-15T08:52:04","slug":"desobediencia-apego-al-celular-y-otras-senales-de-que-carencias-afectivas-en-los-ninos","status":"publish","type":"post","link":"https:\/\/soledaddurazo.com\/blog\/2021\/11\/04\/desobediencia-apego-al-celular-y-otras-senales-de-que-carencias-afectivas-en-los-ninos\/","title":{"rendered":"Desobediencia, apego al celular y otras se\u00f1ales de que carencias afectivas en los ni\u00f1os"},"content":{"rendered":"<p>Para muchas parejas\u00a0<b><strong style=\"font-style: inherit;\">convertirse en padres es lo mejor que les puede pasar en la vida,<\/strong><\/b>\u00a0sin embargo,\u00a0<b><strong style=\"font-style: inherit;\">el estr\u00e9s o la presi\u00f3n diaria<\/strong><\/b>\u00a0ocasionan que<b><strong style=\"font-style: inherit;\">\u00a0nos olvidemos de lo m\u00e1s importante: criarlos con amor y no desde el abandono<\/strong><\/b>\u00a0porque\u00a0<b><strong style=\"font-style: inherit;\">si hay desobediencia o apego al celular, podr\u00eda tratarse de carencias afectivas en los ni\u00f1os.<\/strong><\/b><\/p>\n<h2 style=\"font-weight: inherit;\"><b><strong style=\"font-style: inherit;\">\u00bfQu\u00e9 es la carencia afectiva en los ni\u00f1os?<\/strong><\/b><\/h2>\n<p>La\u00a0<b><strong style=\"font-style: inherit;\">carencia afectiva<\/strong><\/b>\u00a0es una situaci\u00f3n que enfrentan los\u00a0<b><strong style=\"font-style: inherit;\">ni\u00f1os que han sufrido la falta de cuidados, de atenci\u00f3n, protecci\u00f3n y apego de sus padres o cuidadores<\/strong><\/b>, sobre todo durante sus\u00a0<b><strong style=\"font-style: inherit;\">primeros a\u00f1os de vida,\u00a0<\/strong><\/b>por ejemplo,\u00a0<b><strong style=\"font-style: inherit;\">entretenerlos con dispositivos para evitar que hagan travesuras en vez de compartir tiempo de calidad con ellos,<\/strong><\/b>\u00a0describe un<strong style=\"font-style: inherit; font-weight: 400;\">\u00a0estudio publicado en la revista chilena Neuro-psiquiatr\u00eda.<\/strong><\/p>\n<h2 style=\"font-weight: inherit;\"><b><strong style=\"font-style: inherit;\">DESLIZA LA IMAGEN DE PORTADA Y DESCUBRE C\u00d3MO SABER SI TU PRESENTA CARENCIAS AFECTIVAS<\/strong><\/b><\/h2>\n<p><b><strong style=\"font-style: inherit;\">Quiz\u00e1 te parezca absurdo\u00a0no tener tiempo par jugar con tu hijo<\/strong><\/b>\u00a0o responder a sus preguntas m\u00e1s curiosas sin desesperarte, precisamente porque\u00a0<b><strong style=\"font-style: inherit;\">tienes que trabajar para poder darle lo mejor porque te importa y lo quieres,<\/strong><\/b>\u00a0pero te has puesto a pensar que\u00a0<b><strong style=\"font-style: inherit;\">al no compartir tiempo de calidad<\/strong><\/b>\u00a0puede sentir que\u00a0<b><strong style=\"font-style: inherit;\">no recibe amor de la persona m\u00e1s importante para \u00e9l.<\/strong><\/b><\/p>\n<p><b><strong style=\"font-style: inherit;\">Los abrazos, caricias, palabras de amor, comprensi\u00f3n y la crianza con amor,<\/strong><\/b>\u00a0son factores que\u00a0<b><strong style=\"font-style: inherit;\">estimulan su crecimiento y maduraci\u00f3n cerebral.<\/strong><\/b>\u00a0De acuerdo con la<strong style=\"font-style: inherit; font-weight: 400;\">\u00a0Organizaci\u00f3n Mundial de la Salud (OMS),\u00a0<\/strong>al no fomentar el\u00a0<strong style=\"font-style: inherit; font-weight: 400;\">cuidado cari\u00f1oso y sensible<\/strong>\u00a0el\u00a0<strong style=\"font-style: inherit; font-weight: 400;\">desarrollo neuronal<\/strong>\u00a0de los ni\u00f1os no se completa adecuadamente.<\/p>\n<p>No es necesario que nuestros ni\u00f1os sean\u00a0<b><strong style=\"font-style: inherit;\">objeto de maltrato, negligencia o divorcios traum\u00e1ticos para estar envueltos en una situaci\u00f3n de carencia afectiva grave,\u00a0<\/strong><\/b>pues si pasa varias horas\u00a0<strong style=\"font-style: inherit; font-weight: 400;\">frente a una televisi\u00f3n, celular o cualquier dispositivo se crea un estilo de crianza impersonal,<\/strong>\u00a0<b><strong style=\"font-style: inherit;\">orientando a los peque\u00f1os a la tecnolog\u00eda m\u00e1s que al calor humano.<\/strong><\/b><\/p>\n<p>&nbsp;<\/p>\n<p>&nbsp;<\/p>\n","protected":false},"excerpt":{"rendered":"<p>Para muchas parejas\u00a0convertirse en padres es lo mejor que les puede pasar en la vida,\u00a0sin embargo,\u00a0el estr\u00e9s o la presi\u00f3n diaria\u00a0ocasionan que\u00a0nos olvidemos de lo m\u00e1s importante: criarlos con amor y no desde el abandono\u00a0porque\u00a0si hay desobediencia o apego al celular, podr\u00eda tratarse de carencias afectivas en los ni\u00f1os. \u00bfQu\u00e9 es la carencia afectiva en [&hellip;]<\/p>\n","protected":false},"author":1,"featured_media":11575,"comment_status":"open","ping_status":"open","sticky":false,"template":"","format":"standard","meta":{"footnotes":""},"categories":[160,153],"tags":[],"class_list":["post"],"yoast_head":" \n<title>Desobediencia, apego al celular y otras se\u00f1ales de que carencias afectivas en los ni\u00f1os - Periodista SoledadDurazo.com<\/title>\n<meta name=\"robots\" content=\"index, follow, max-snippet:-1, max-image-preview:large, max-video-preview:-1\" \/>\n<link rel=\"canonical\" href=\"https:\/\/soledaddurazo.com\/blog\/2021\/11\/04\/desobediencia-apego-al-celular-y-otras-senales-de-que-carencias-afectivas-en-los-ninos\/\" \/>\n<meta property=\"og:locale\" content=\"es_MX\" \/>\n<meta property=\"og:type\" content=\"article\" \/>\n<meta property=\"og:title\" content=\"Desobediencia, apego al celular y otras se\u00f1ales de que carencias afectivas en los ni\u00f1os\" \/>\n<meta property=\"og:description\" content=\"Para muchas parejas\u00a0convertirse en padres es lo mejor que les puede pasar en la vida,\u00a0sin embargo,\u00a0el estr\u00e9s o la presi\u00f3n diaria\u00a0ocasionan que\u00a0nos olvidemos de lo m\u00e1s importante: criarlos con amor y no desde el abandono\u00a0porque\u00a0si hay desobediencia o apego al celular, podr\u00eda tratarse de carencias afectivas en los ni\u00f1os. \u00bfQu\u00e9 es la carencia afectiva en [&hellip;]\" \/>\n<meta property=\"og:url\" content=\"https:\/\/soledaddurazo.com\/blog\/2021\/11\/04\/desobediencia-apego-al-celular-y-otras-senales-de-que-carencias-afectivas-en-los-ninos\/\" \/>\n<meta property=\"og:site_name\" content=\"Periodista SoledadDurazo.com\" \/>\n<meta property=\"article:publisher\" content=\"https:\/\/www.facebook.com\/soledad.durazo.9\/\" \/>\n<meta property=\"article:published_time\" content=\"2021-11-05T05:39:37+00:00\" \/>\n<meta property=\"article:modified_time\" content=\"2021-11-15T08:52:04+00:00\" \/>\n<meta property=\"og:image\" content=\"https:\/\/soledaddurazo.com\/storage\/2021\/11\/como-saber-que-mi-hijo-tiene-carencias-afectivas.jpg\" \/>\n\t<meta property=\"og:image:width\" content=\"1200\" \/>\n\t<meta property=\"og:image:height\" content=\"628\" \/>\n<meta name=\"twitter:card\" content=\"summary_large_image\" \/>\n<meta name=\"twitter:creator\" content=\"@SoledadDurazo\" \/>\n<meta name=\"twitter:site\" content=\"@SoledadDurazo\" \/>\n<meta name=\"twitter:label1\" content=\"Escrito por\" \/>\n\t<meta name=\"twitter:data1\" content=\"Redacci\u00f3n\" \/>\n\t<meta name=\"twitter:label2\" content=\"Tiempo de lectura\" \/>\n\t<meta name=\"twitter:data2\" content=\"2 minutos\" \/>\n<script type=\"application\/ld+json\" class=\"yoast-schema-graph\">{\"@context\":\"https:\/\/schema.org\",\"@graph\":[{\"@type\":\"Organization\",\"@id\":\"https:\/\/soledaddurazo.com\/#organization\",\"name\":\"Soledad Durazo\",\"url\":\"https:\/\/soledaddurazo.com\/\",\"sameAs\":[\"https:\/\/www.facebook.com\/soledad.durazo.9\/\",\"https:\/\/www.instagram.com\/soledaddurazo\",\"https:\/\/www.youtube.com\/channel\/UC9yGPw8-Vbl_B2XNkRwPS-w\",\"https:\/\/twitter.com\/SoledadDurazo\"],\"logo\":{\"@type\":\"ImageObject\",\"@id\":\"https:\/\/soledaddurazo.com\/#logo\",\"inLanguage\":\"es\",\"url\":\"https:\/\/soledaddurazo.com\/storage\/2021\/11\/nllp-720x375-1-2.png\",\"contentUrl\":\"https:\/\/soledaddurazo.com\/storage\/2021\/11\/nllp-720x375-1-2.png\",\"width\":720,\"height\":375,\"caption\":\"Soledad Durazo\"},\"image\":{\"@id\":\"https:\/\/soledaddurazo.com\/#logo\"}},{\"@type\":\"WebSite\",\"@id\":\"https:\/\/soledaddurazo.com\/#website\",\"url\":\"https:\/\/soledaddurazo.com\/\",\"name\":\"Periodista SoledadDurazo.com\",\"description\":\"Periodista sonorense. Directora de www.SoledadDurazo.com Columnista, conductora de radio y Tv. Catedr\\u00e1tica en la UNISON\",\"publisher\":{\"@id\":\"https:\/\/soledaddurazo.com\/#organization\"},\"potentialAction\":[{\"@type\":\"SearchAction\",\"target\":{\"@type\":\"EntryPoint\",\"urlTemplate\":\"https:\/\/soledaddurazo.com\/?s={search_term_string}\"},\"query-input\":\"required name=search_term_string\"}],\"inLanguage\":\"es\"},{\"@type\":\"ImageObject\",\"@id\":\"https:\/\/soledaddurazo.com\/blog\/2021\/11\/04\/desobediencia-apego-al-celular-y-otras-senales-de-que-carencias-afectivas-en-los-ninos\/#primaryimage\",\"inLanguage\":\"es\",\"url\":\"https:\/\/soledaddurazo.com\/storage\/2021\/11\/como-saber-que-mi-hijo-tiene-carencias-afectivas.jpg\",\"contentUrl\":\"https:\/\/soledaddurazo.com\/storage\/2021\/11\/como-saber-que-mi-hijo-tiene-carencias-afectivas.jpg\",\"width\":1200,\"height\":628},{\"@type\":\"WebPage\",\"@id\":\"https:\/\/soledaddurazo.com\/blog\/2021\/11\/04\/desobediencia-apego-al-celular-y-otras-senales-de-que-carencias-afectivas-en-los-ninos\/#webpage\",\"url\":\"https:\/\/soledaddurazo.com\/blog\/2021\/11\/04\/desobediencia-apego-al-celular-y-otras-senales-de-que-carencias-afectivas-en-los-ninos\/\",\"name\":\"Desobediencia, apego al celular y otras se\\u00f1ales de que carencias afectivas en los ni\\u00f1os - Periodista SoledadDurazo.com\",\"isPartOf\":{\"@id\":\"https:\/\/soledaddurazo.com\/#website\"},\"primaryImageOfPage\":{\"@id\":\"https:\/\/soledaddurazo.com\/blog\/2021\/11\/04\/desobediencia-apego-al-celular-y-otras-senales-de-que-carencias-afectivas-en-los-ninos\/#primaryimage\"},\"datePublished\":\"2021-11-05T05:39:37+00:00\",\"dateModified\":\"2021-11-15T08:52:04+00:00\",\"breadcrumb\":{\"@id\":\"https:\/\/soledaddurazo.com\/blog\/2021\/11\/04\/desobediencia-apego-al-celular-y-otras-senales-de-que-carencias-afectivas-en-los-ninos\/#breadcrumb\"},\"inLanguage\":\"es\",\"potentialAction\":[{\"@type\":\"ReadAction\",\"target\":[\"https:\/\/soledaddurazo.com\/blog\/2021\/11\/04\/desobediencia-apego-al-celular-y-otras-senales-de-que-carencias-afectivas-en-los-ninos\/\"]}]},{\"@type\":\"BreadcrumbList\",\"@id\":\"https:\/\/soledaddurazo.com\/blog\/2021\/11\/04\/desobediencia-apego-al-celular-y-otras-senales-de-que-carencias-afectivas-en-los-ninos\/#breadcrumb\",\"itemListElement\":[{\"@type\":\"ListItem\",\"position\":1,\"name\":\"Home\",\"item\":\"https:\/\/soledaddurazo.com\/\"},{\"@type\":\"ListItem\",\"position\":2,\"name\":\"Desobediencia, apego al celular y otras se\\u00f1ales de que carencias afectivas en los ni\\u00f1os\"}]},{\"@type\":\"Article\",\"@id\":\"https:\/\/soledaddurazo.com\/blog\/2021\/11\/04\/desobediencia-apego-al-celular-y-otras-senales-de-que-carencias-afectivas-en-los-ninos\/#article\",\"isPartOf\":{\"@id\":\"https:\/\/soledaddurazo.com\/blog\/2021\/11\/04\/desobediencia-apego-al-celular-y-otras-senales-de-que-carencias-afectivas-en-los-ninos\/#webpage\"},\"author\":{\"@id\":\"https:\/\/soledaddurazo.com\/#\/schema\/person\/822d8e13aa288585e6546f179853758b\"},\"headline\":\"Desobediencia, apego al celular y otras se\\u00f1ales de que carencias afectivas en los ni\\u00f1os\",\"datePublished\":\"2021-11-05T05:39:37+00:00\",\"dateModified\":\"2021-11-15T08:52:04+00:00\",\"mainEntityOfPage\":{\"@id\":\"https:\/\/soledaddurazo.com\/blog\/2021\/11\/04\/desobediencia-apego-al-celular-y-otras-senales-de-que-carencias-afectivas-en-los-ninos\/#webpage\"},\"wordCount\":354,\"commentCount\":0,\"publisher\":{\"@id\":\"https:\/\/soledaddurazo.com\/#organization\"},\"image\":{\"@id\":\"https:\/\/soledaddurazo.com\/blog\/2021\/11\/04\/desobediencia-apego-al-celular-y-otras-senales-de-que-carencias-afectivas-en-los-ninos\/#primaryimage\"},\"thumbnailUrl\":\"https:\/\/soledaddurazo.com\/storage\/2021\/11\/como-saber-que-mi-hijo-tiene-carencias-afectivas.jpg\",\"articleSection\":[\"Mas noticias\",\"principal\"],\"inLanguage\":\"es\",\"potentialAction\":[{\"@type\":\"CommentAction\",\"name\":\"Comment\",\"target\":[\"https:\/\/soledaddurazo.com\/blog\/2021\/11\/04\/desobediencia-apego-al-celular-y-otras-senales-de-que-carencias-afectivas-en-los-ninos\/#respond\"]}]},{\"@type\":\"Person\",\"@id\":\"https:\/\/soledaddurazo.com\/#\/schema\/person\/822d8e13aa288585e6546f179853758b\",\"name\":\"Redacci\\u00f3n\",\"image\":{\"@type\":\"ImageObject\",\"@id\":\"https:\/\/soledaddurazo.com\/#personlogo\",\"inLanguage\":\"es\",\"url\":\"https:\/\/secure.gravatar.com\/avatar\/c4e193752f756fd61f04deebed3a3a20dc188d37edb53682d313ac57f2725d54?s=96&d=mm&r=g\",\"contentUrl\":\"https:\/\/secure.gravatar.com\/avatar\/c4e193752f756fd61f04deebed3a3a20dc188d37edb53682d313ac57f2725d54?s=96&d=mm&r=g\",\"caption\":\"Redacci\\u00f3n\"},\"sameAs\":[\"https:\/\/soledaddurazo.com\"]}]}<\/script>\n ","yoast_head_json":{"title":"Desobediencia, apego al celular y otras se\u00f1ales de que carencias afectivas en los ni\u00f1os - Periodista SoledadDurazo.com","robots":{"index":"index","follow":"follow","max-snippet":"max-snippet:-1","max-image-preview":"max-image-preview:large","max-video-preview":"max-video-preview:-1"},"canonical":"https:\/\/soledaddurazo.com\/blog\/2021\/11\/04\/desobediencia-apego-al-celular-y-otras-senales-de-que-carencias-afectivas-en-los-ninos\/","og_locale":"es_MX","og_type":"article","og_title":"Desobediencia, apego al celular y otras se\u00f1ales de que carencias afectivas en los ni\u00f1os","og_description":"Para muchas parejas\u00a0convertirse en padres es lo mejor que les puede pasar en la vida,\u00a0sin embargo,\u00a0el estr\u00e9s o la presi\u00f3n diaria\u00a0ocasionan que\u00a0nos olvidemos de lo m\u00e1s importante: criarlos con amor y no desde el abandono\u00a0porque\u00a0si hay desobediencia o apego al celular, podr\u00eda tratarse de carencias afectivas en los ni\u00f1os. \u00bfQu\u00e9 es la carencia afectiva en [&hellip;]","og_url":"https:\/\/soledaddurazo.com\/blog\/2021\/11\/04\/desobediencia-apego-al-celular-y-otras-senales-de-que-carencias-afectivas-en-los-ninos\/","og_site_name":"Periodista SoledadDurazo.com","article_publisher":"https:\/\/www.facebook.com\/soledad.durazo.9\/","article_published_time":"2021-11-05T05:39:37+00:00","article_modified_time":"2021-11-15T08:52:04+00:00","og_image":[{"width":1200,"height":628,"url":"https:\/\/soledaddurazo.com\/storage\/2021\/11\/como-saber-que-mi-hijo-tiene-carencias-afectivas.jpg","type":"image\/jpeg"}],"twitter_card":"summary_large_image","twitter_creator":"@SoledadDurazo","twitter_site":"@SoledadDurazo","twitter_misc":{"Escrito por":"Redacci\u00f3n","Tiempo de lectura":"2 minutos"},"schema":{"@context":"https:\/\/schema.org","@graph":[{"@type":"Organization","@id":"https:\/\/soledaddurazo.com\/#organization","name":"Soledad Durazo","url":"https:\/\/soledaddurazo.com\/","sameAs":["https:\/\/www.facebook.com\/soledad.durazo.9\/","https:\/\/www.instagram.com\/soledaddurazo","https:\/\/www.youtube.com\/channel\/UC9yGPw8-Vbl_B2XNkRwPS-w","https:\/\/twitter.com\/SoledadDurazo"],"logo":{"@type":"ImageObject","@id":"https:\/\/soledaddurazo.com\/#logo","inLanguage":"es","url":"https:\/\/soledaddurazo.com\/storage\/2021\/11\/nllp-720x375-1-2.png","contentUrl":"https:\/\/soledaddurazo.com\/storage\/2021\/11\/nllp-720x375-1-2.png","width":720,"height":375,"caption":"Soledad Durazo"},"image":{"@id":"https:\/\/soledaddurazo.com\/#logo"}},{"@type":"WebSite","@id":"https:\/\/soledaddurazo.com\/#website","url":"https:\/\/soledaddurazo.com\/","name":"Periodista SoledadDurazo.com","description":"Periodista sonorense. Directora de www.SoledadDurazo.com Columnista, conductora de radio y Tv. Catedr\u00e1tica en la UNISON","publisher":{"@id":"https:\/\/soledaddurazo.com\/#organization"},"potentialAction":[{"@type":"SearchAction","target":{"@type":"EntryPoint","urlTemplate":"https:\/\/soledaddurazo.com\/?s={search_term_string}"},"query-input":"required name=search_term_string"}],"inLanguage":"es"},{"@type":"ImageObject","@id":"https:\/\/soledaddurazo.com\/blog\/2021\/11\/04\/desobediencia-apego-al-celular-y-otras-senales-de-que-carencias-afectivas-en-los-ninos\/#primaryimage","inLanguage":"es","url":"https:\/\/soledaddurazo.com\/storage\/2021\/11\/como-saber-que-mi-hijo-tiene-carencias-afectivas.jpg","contentUrl":"https:\/\/soledaddurazo.com\/storage\/2021\/11\/como-saber-que-mi-hijo-tiene-carencias-afectivas.jpg","width":1200,"height":628},{"@type":"WebPage","@id":"https:\/\/soledaddurazo.com\/blog\/2021\/11\/04\/desobediencia-apego-al-celular-y-otras-senales-de-que-carencias-afectivas-en-los-ninos\/#webpage","url":"https:\/\/soledaddurazo.com\/blog\/2021\/11\/04\/desobediencia-apego-al-celular-y-otras-senales-de-que-carencias-afectivas-en-los-ninos\/","name":"Desobediencia, apego al celular y otras se\u00f1ales de que carencias afectivas en los ni\u00f1os - Periodista SoledadDurazo.com","isPartOf":{"@id":"https:\/\/soledaddurazo.com\/#website"},"primaryImageOfPage":{"@id":"https:\/\/soledaddurazo.com\/blog\/2021\/11\/04\/desobediencia-apego-al-celular-y-otras-senales-de-que-carencias-afectivas-en-los-ninos\/#primaryimage"},"datePublished":"2021-11-05T05:39:37+00:00","dateModified":"2021-11-15T08:52:04+00:00","breadcrumb":{"@id":"https:\/\/soledaddurazo.com\/blog\/2021\/11\/04\/desobediencia-apego-al-celular-y-otras-senales-de-que-carencias-afectivas-en-los-ninos\/#breadcrumb"},"inLanguage":"es","potentialAction":[{"@type":"ReadAction","target":["https:\/\/soledaddurazo.com\/blog\/2021\/11\/04\/desobediencia-apego-al-celular-y-otras-senales-de-que-carencias-afectivas-en-los-ninos\/"]}]},{"@type":"BreadcrumbList","@id":"https:\/\/soledaddurazo.com\/blog\/2021\/11\/04\/desobediencia-apego-al-celular-y-otras-senales-de-que-carencias-afectivas-en-los-ninos\/#breadcrumb","itemListElement":[{"@type":"ListItem","position":1,"name":"Home","item":"https:\/\/soledaddurazo.com\/"},{"@type":"ListItem","position":2,"name":"Desobediencia, apego al celular y otras se\u00f1ales de que carencias afectivas en los ni\u00f1os"}]},{"@type":"Article","@id":"https:\/\/soledaddurazo.com\/blog\/2021\/11\/04\/desobediencia-apego-al-celular-y-otras-senales-de-que-carencias-afectivas-en-los-ninos\/#article","isPartOf":{"@id":"https:\/\/soledaddurazo.com\/blog\/2021\/11\/04\/desobediencia-apego-al-celular-y-otras-senales-de-que-carencias-afectivas-en-los-ninos\/#webpage"},"author":{"@id":"https:\/\/soledaddurazo.com\/#\/schema\/person\/822d8e13aa288585e6546f179853758b"},"headline":"Desobediencia, apego al celular y otras se\u00f1ales de que carencias afectivas en los ni\u00f1os","datePublished":"2021-11-05T05:39:37+00:00","dateModified":"2021-11-15T08:52:04+00:00","mainEntityOfPage":{"@id":"https:\/\/soledaddurazo.com\/blog\/2021\/11\/04\/desobediencia-apego-al-celular-y-otras-senales-de-que-carencias-afectivas-en-los-ninos\/#webpage"},"wordCount":354,"commentCount":0,"publisher":{"@id":"https:\/\/soledaddurazo.com\/#organization"},"image":{"@id":"https:\/\/soledaddurazo.com\/blog\/2021\/11\/04\/desobediencia-apego-al-celular-y-otras-senales-de-que-carencias-afectivas-en-los-ninos\/#primaryimage"},"thumbnailUrl":"https:\/\/soledaddurazo.com\/storage\/2021\/11\/como-saber-que-mi-hijo-tiene-carencias-afectivas.jpg","articleSection":["Mas noticias","principal"],"inLanguage":"es","potentialAction":[{"@type":"CommentAction","name":"Comment","target":["https:\/\/soledaddurazo.com\/blog\/2021\/11\/04\/desobediencia-apego-al-celular-y-otras-senales-de-que-carencias-afectivas-en-los-ninos\/#respond"]}]},{"@type":"Person","@id":"https:\/\/soledaddurazo.com\/#\/schema\/person\/822d8e13aa288585e6546f179853758b","name":"Redacci\u00f3n","image":{"@type":"ImageObject","@id":"https:\/\/soledaddurazo.com\/#personlogo","inLanguage":"es","url":"https:\/\/secure.gravatar.com\/avatar\/c4e193752f756fd61f04deebed3a3a20dc188d37edb53682d313ac57f2725d54?s=96&d=mm&r=g","contentUrl":"https:\/\/secure.gravatar.com\/avatar\/c4e193752f756fd61f04deebed3a3a20dc188d37edb53682d313ac57f2725d54?s=96&d=mm&r=g","caption":"Redacci\u00f3n"},"sameAs":["https:\/\/soledaddurazo.com"]}]}},"_links":{"self":[{"href":"https:\/\/soledaddurazo.com\/api\/wp\/v2\/posts\/11574","targetHints":{"allow":["GET"]}}],"collection":[{"href":"https:\/\/soledaddurazo.com\/api\/wp\/v2\/posts"}],"about":[{"href":"https:\/\/soledaddurazo.com\/api\/wp\/v2\/types\/post"}],"author":[{"embeddable":true,"href":"https:\/\/soledaddurazo.com\/api\/wp\/v2\/users\/1"}],"replies":[{"embeddable":true,"href":"https:\/\/soledaddurazo.com\/api\/wp\/v2\/comments?post=11574"}],"version-history":[{"count":1,"href":"https:\/\/soledaddurazo.com\/api\/wp\/v2\/posts\/11574\/revisions"}],"predecessor-version":[{"id":11576,"href":"https:\/\/soledaddurazo.com\/api\/wp\/v2\/posts\/11574\/revisions\/11576"}],"wp:featuredmedia":[{"embeddable":true,"href":"https:\/\/soledaddurazo.com\/api\/wp\/v2\/media\/11575"}],"wp:attachment":[{"href":"https:\/\/soledaddurazo.com\/api\/wp\/v2\/media?parent=11574"}],"wp:term":[{"taxonomy":"category","embeddable":true,"href":"https:\/\/soledaddurazo.com\/api\/wp\/v2\/categories?post=11574"},{"taxonomy":"post_tag","embeddable":true,"href":"https:\/\/soledaddurazo.com\/api\/wp\/v2\/tags?post=11574"}],"curies":[{"name":"wp","href":"https:\/\/api.w.org\/{rel}","templated":true}]}}