{"id":11067,"date":"2021-10-06T21:56:36","date_gmt":"2021-10-07T04:56:36","guid":{"rendered":"https:\/\/soledaddurazo.com\/?p=11067"},"modified":"2021-10-06T21:56:36","modified_gmt":"2021-10-07T04:56:36","slug":"antes-de-fin-de-ano-se-busca-acondicionar-todos-los-planteles-con-el-programa-reactiva-tu-escuela","status":"publish","type":"post","link":"https:\/\/soledaddurazo.com\/blog\/2021\/10\/06\/antes-de-fin-de-ano-se-busca-acondicionar-todos-los-planteles-con-el-programa-reactiva-tu-escuela\/","title":{"rendered":"Antes de fin de a\u00f1o se busca acondicionar todos los planteles con el programa &#8220;Reactiva tu escuela&#8221;"},"content":{"rendered":"<p>Con la colaboraci\u00f3n del sector empresarial, padres y madres de familia, y el Gobierno de Sonora se buscar\u00e1 acondicionar todas las escuelas de la entidad para antes de que culmine el a\u00f1o, anunci\u00f3 el gobernador Alfonso Durazo Monta\u00f1o durante la presentaci\u00f3n del programa \u201cReactiva tu escuela\u201d, en el marco de la conmemoraci\u00f3n del centenario de la fundaci\u00f3n de la Secretar\u00eda de Educaci\u00f3n P\u00fablica (SEP).<\/p>\n<div>\n<div class=\"adm\">\n<div id=\"q_69\" class=\"ajR h4\" data-tooltip=\"Ocultar contenido expandido\" aria-label=\"Ocultar contenido expandido\" aria-expanded=\"true\">\n<div class=\"ajT\">\u201cCon este evento en el que conmemoramos los gloriosos 100 a\u00f1os de la Secretar\u00eda de Educaci\u00f3n P\u00fablica, tambi\u00e9n ponemos en marcha el programa de rehabilitaci\u00f3n de escuelas que, aunque se habla pr\u00f3ximamente, debemos proponernos como meta que, para el primero de enero del pr\u00f3ximo a\u00f1o, ninguna escuela tenga que preocuparse por nada de lo elemental; que trabajemos juntos para entregar de aqu\u00ed a fin de a\u00f1o, absolutamente todas las escuelas\u201d, indic\u00f3.<\/div>\n<\/div>\n<\/div>\n<div class=\"im\">\nEl gobernador Durazo Monta\u00f1o llam\u00f3 a todos los sectores de la sociedad a sumarse a este programa, para que lo antes posible todos los planteles escolares de Sonora se encuentren en condiciones dignas para recibir a las y los estudiantes.<\/p>\n<p>\u201cEs momento de sumar esfuerzos autoridades educativas, maestros, representaciones sindicales, diputadas, diputados, gobierno del estado, empresarios, para que cuanto antes tengamos en marcha absolutamente todas las escuelas del estado\u201d, se\u00f1al\u00f3.<\/p>\n<p>El programa \u201cReactiva tu escuela\u201d busca la rehabilitaci\u00f3n del 100 por ciento de los planteles de educaci\u00f3n b\u00e1sica para el 15 de diciembre de 2021, con el respaldo del sector empresarial, mediante la adopci\u00f3n de planteles, donaciones en especie o fondos para consolidar las obras de reparaci\u00f3n pertinentes.<\/p>\n<p>Aar\u00f3n Grageda Bustamante, secretario de Educaci\u00f3n y Cultura, calific\u00f3 este programa como un desaf\u00edo que permitir\u00e1 que las y los j\u00f3venes de Sonora puedan regresar a los salones de clases despu\u00e9s del per\u00edodo de pandemia, de una forma segura y digna.<\/p>\n<p>\u201cReactivarlas es sin duda un desaf\u00edo, pero compartiendo esfuerzos podremos lograr que nuestros ni\u00f1os, adolescentes y j\u00f3venes, vuelvan a las aulas; lugar privilegiado para la ense\u00f1anza\u201d, coment\u00f3.<\/p>\n<p>Presentes: Antonio Astiazar\u00e1n Guti\u00e9rrez, presidente municipal de Hermosillo; Jorge Aguirre Robles, director de proyectos y construcciones Virgo; Ricardo Arag\u00f3n P\u00e9rez, subsecretario de Educaci\u00f3n B\u00e1sica; Guadalupe G\u00e1lvez Navarro, titular de la Oficina de Enlace Educativo; Yahel Alfonso Rasc\u00f3n Yeomans, estudiante; as\u00ed como representantes del Supremo Tribunal de Justicia del Estado, legisladores locales, empresarios, y miembros del Sindicato Nacional de Trabajadores de la Educaci\u00f3n (SNTE).<\/p>\n<p>Fases del programa Reactiva tu escuela:<\/p>\n<p>-Levantamiento de las necesidades de los planteles.<br \/>\n-An\u00e1lisis de costos y viabilidad de obras.<br \/>\n-Priorizar bloques de atenci\u00f3n y aplicaci\u00f3n de recursos.<br \/>\n-Integrar al sector empresarial, comunidades, y vecinos.<br \/>\n-Ejecutar y supervisar obras.<br \/>\n-Concluir la reactivaci\u00f3n oficial del 100% de los planteles.<\/p><\/div>\n<\/div>\n","protected":false},"excerpt":{"rendered":"<p>Con la colaboraci\u00f3n del sector empresarial, padres y madres de familia, y el Gobierno de Sonora se buscar\u00e1 acondicionar todas las escuelas de la entidad para antes de que culmine el a\u00f1o, anunci\u00f3 el gobernador Alfonso Durazo Monta\u00f1o durante la presentaci\u00f3n del programa \u201cReactiva tu escuela\u201d, en el marco de la conmemoraci\u00f3n del centenario de [&hellip;]<\/p>\n","protected":false},"author":1,"featured_media":11068,"comment_status":"open","ping_status":"open","sticky":false,"template":"","format":"standard","meta":{"footnotes":""},"categories":[159],"tags":[],"class_list":["post"],"yoast_head":" \n<title>Antes de fin de a\u00f1o se busca acondicionar todos los planteles con el programa &quot;Reactiva tu escuela&quot; - Periodista SoledadDurazo.com<\/title>\n<meta name=\"robots\" content=\"index, follow, max-snippet:-1, max-image-preview:large, max-video-preview:-1\" \/>\n<link rel=\"canonical\" href=\"https:\/\/soledaddurazo.com\/blog\/2021\/10\/06\/antes-de-fin-de-ano-se-busca-acondicionar-todos-los-planteles-con-el-programa-reactiva-tu-escuela\/\" \/>\n<meta property=\"og:locale\" content=\"es_MX\" \/>\n<meta property=\"og:type\" content=\"article\" \/>\n<meta property=\"og:title\" content=\"Antes de fin de a\u00f1o se busca acondicionar todos los planteles con el programa &quot;Reactiva tu escuela&quot;\" \/>\n<meta property=\"og:description\" content=\"Con la colaboraci\u00f3n del sector empresarial, padres y madres de familia, y el Gobierno de Sonora se buscar\u00e1 acondicionar todas las escuelas de la entidad para antes de que culmine el a\u00f1o, anunci\u00f3 el gobernador Alfonso Durazo Monta\u00f1o durante la presentaci\u00f3n del programa \u201cReactiva tu escuela\u201d, en el marco de la conmemoraci\u00f3n del centenario de [&hellip;]\" \/>\n<meta property=\"og:url\" content=\"https:\/\/soledaddurazo.com\/blog\/2021\/10\/06\/antes-de-fin-de-ano-se-busca-acondicionar-todos-los-planteles-con-el-programa-reactiva-tu-escuela\/\" \/>\n<meta property=\"og:site_name\" content=\"Periodista SoledadDurazo.com\" \/>\n<meta property=\"article:publisher\" content=\"https:\/\/www.facebook.com\/soledad.durazo.9\/\" \/>\n<meta property=\"article:published_time\" content=\"2021-10-07T04:56:36+00:00\" \/>\n<meta property=\"og:image\" content=\"https:\/\/soledaddurazo.com\/storage\/2021\/10\/WhatsApp-Image-2021-10-06-at-15.57.52.jpeg\" \/>\n\t<meta property=\"og:image:width\" content=\"1280\" \/>\n\t<meta property=\"og:image:height\" content=\"878\" \/>\n<meta name=\"twitter:card\" content=\"summary_large_image\" \/>\n<meta name=\"twitter:creator\" content=\"@SoledadDurazo\" \/>\n<meta name=\"twitter:site\" content=\"@SoledadDurazo\" \/>\n<meta name=\"twitter:label1\" content=\"Escrito por\" \/>\n\t<meta name=\"twitter:data1\" content=\"Redacci\u00f3n\" \/>\n\t<meta name=\"twitter:label2\" content=\"Tiempo de lectura\" \/>\n\t<meta name=\"twitter:data2\" content=\"2 minutos\" \/>\n<script type=\"application\/ld+json\" class=\"yoast-schema-graph\">{\"@context\":\"https:\/\/schema.org\",\"@graph\":[{\"@type\":\"Organization\",\"@id\":\"https:\/\/soledaddurazo.com\/#organization\",\"name\":\"Soledad Durazo\",\"url\":\"https:\/\/soledaddurazo.com\/\",\"sameAs\":[\"https:\/\/www.facebook.com\/soledad.durazo.9\/\",\"https:\/\/www.instagram.com\/soledaddurazo\",\"https:\/\/www.youtube.com\/channel\/UC9yGPw8-Vbl_B2XNkRwPS-w\",\"https:\/\/twitter.com\/SoledadDurazo\"],\"logo\":{\"@type\":\"ImageObject\",\"@id\":\"https:\/\/soledaddurazo.com\/#logo\",\"inLanguage\":\"es\",\"url\":\"https:\/\/soledaddurazo.com\/storage\/2021\/11\/nllp-720x375-1-2.png\",\"contentUrl\":\"https:\/\/soledaddurazo.com\/storage\/2021\/11\/nllp-720x375-1-2.png\",\"width\":720,\"height\":375,\"caption\":\"Soledad Durazo\"},\"image\":{\"@id\":\"https:\/\/soledaddurazo.com\/#logo\"}},{\"@type\":\"WebSite\",\"@id\":\"https:\/\/soledaddurazo.com\/#website\",\"url\":\"https:\/\/soledaddurazo.com\/\",\"name\":\"Periodista SoledadDurazo.com\",\"description\":\"Periodista sonorense. Directora de www.SoledadDurazo.com Columnista, conductora de radio y Tv. Catedr\\u00e1tica en la UNISON\",\"publisher\":{\"@id\":\"https:\/\/soledaddurazo.com\/#organization\"},\"potentialAction\":[{\"@type\":\"SearchAction\",\"target\":{\"@type\":\"EntryPoint\",\"urlTemplate\":\"https:\/\/soledaddurazo.com\/?s={search_term_string}\"},\"query-input\":\"required name=search_term_string\"}],\"inLanguage\":\"es\"},{\"@type\":\"ImageObject\",\"@id\":\"https:\/\/soledaddurazo.com\/blog\/2021\/10\/06\/antes-de-fin-de-ano-se-busca-acondicionar-todos-los-planteles-con-el-programa-reactiva-tu-escuela\/#primaryimage\",\"inLanguage\":\"es\",\"url\":\"https:\/\/soledaddurazo.com\/storage\/2021\/10\/WhatsApp-Image-2021-10-06-at-15.57.52.jpeg\",\"contentUrl\":\"https:\/\/soledaddurazo.com\/storage\/2021\/10\/WhatsApp-Image-2021-10-06-at-15.57.52.jpeg\",\"width\":1280,\"height\":878},{\"@type\":\"WebPage\",\"@id\":\"https:\/\/soledaddurazo.com\/blog\/2021\/10\/06\/antes-de-fin-de-ano-se-busca-acondicionar-todos-los-planteles-con-el-programa-reactiva-tu-escuela\/#webpage\",\"url\":\"https:\/\/soledaddurazo.com\/blog\/2021\/10\/06\/antes-de-fin-de-ano-se-busca-acondicionar-todos-los-planteles-con-el-programa-reactiva-tu-escuela\/\",\"name\":\"Antes de fin de a\\u00f1o se busca acondicionar todos los planteles con el programa \\\"Reactiva tu escuela\\\" - Periodista SoledadDurazo.com\",\"isPartOf\":{\"@id\":\"https:\/\/soledaddurazo.com\/#website\"},\"primaryImageOfPage\":{\"@id\":\"https:\/\/soledaddurazo.com\/blog\/2021\/10\/06\/antes-de-fin-de-ano-se-busca-acondicionar-todos-los-planteles-con-el-programa-reactiva-tu-escuela\/#primaryimage\"},\"datePublished\":\"2021-10-07T04:56:36+00:00\",\"dateModified\":\"2021-10-07T04:56:36+00:00\",\"breadcrumb\":{\"@id\":\"https:\/\/soledaddurazo.com\/blog\/2021\/10\/06\/antes-de-fin-de-ano-se-busca-acondicionar-todos-los-planteles-con-el-programa-reactiva-tu-escuela\/#breadcrumb\"},\"inLanguage\":\"es\",\"potentialAction\":[{\"@type\":\"ReadAction\",\"target\":[\"https:\/\/soledaddurazo.com\/blog\/2021\/10\/06\/antes-de-fin-de-ano-se-busca-acondicionar-todos-los-planteles-con-el-programa-reactiva-tu-escuela\/\"]}]},{\"@type\":\"BreadcrumbList\",\"@id\":\"https:\/\/soledaddurazo.com\/blog\/2021\/10\/06\/antes-de-fin-de-ano-se-busca-acondicionar-todos-los-planteles-con-el-programa-reactiva-tu-escuela\/#breadcrumb\",\"itemListElement\":[{\"@type\":\"ListItem\",\"position\":1,\"name\":\"Home\",\"item\":\"https:\/\/soledaddurazo.com\/\"},{\"@type\":\"ListItem\",\"position\":2,\"name\":\"Antes de fin de a\\u00f1o se busca acondicionar todos los planteles con el programa &#8220;Reactiva tu escuela&#8221;\"}]},{\"@type\":\"Article\",\"@id\":\"https:\/\/soledaddurazo.com\/blog\/2021\/10\/06\/antes-de-fin-de-ano-se-busca-acondicionar-todos-los-planteles-con-el-programa-reactiva-tu-escuela\/#article\",\"isPartOf\":{\"@id\":\"https:\/\/soledaddurazo.com\/blog\/2021\/10\/06\/antes-de-fin-de-ano-se-busca-acondicionar-todos-los-planteles-con-el-programa-reactiva-tu-escuela\/#webpage\"},\"author\":{\"@id\":\"https:\/\/soledaddurazo.com\/#\/schema\/person\/822d8e13aa288585e6546f179853758b\"},\"headline\":\"Antes de fin de a\\u00f1o se busca acondicionar todos los planteles con el programa &#8220;Reactiva tu escuela&#8221;\",\"datePublished\":\"2021-10-07T04:56:36+00:00\",\"dateModified\":\"2021-10-07T04:56:36+00:00\",\"mainEntityOfPage\":{\"@id\":\"https:\/\/soledaddurazo.com\/blog\/2021\/10\/06\/antes-de-fin-de-ano-se-busca-acondicionar-todos-los-planteles-con-el-programa-reactiva-tu-escuela\/#webpage\"},\"wordCount\":494,\"commentCount\":0,\"publisher\":{\"@id\":\"https:\/\/soledaddurazo.com\/#organization\"},\"image\":{\"@id\":\"https:\/\/soledaddurazo.com\/blog\/2021\/10\/06\/antes-de-fin-de-ano-se-busca-acondicionar-todos-los-planteles-con-el-programa-reactiva-tu-escuela\/#primaryimage\"},\"thumbnailUrl\":\"https:\/\/soledaddurazo.com\/storage\/2021\/10\/WhatsApp-Image-2021-10-06-at-15.57.52.jpeg\",\"articleSection\":[\"Mi Sonora\"],\"inLanguage\":\"es\",\"potentialAction\":[{\"@type\":\"CommentAction\",\"name\":\"Comment\",\"target\":[\"https:\/\/soledaddurazo.com\/blog\/2021\/10\/06\/antes-de-fin-de-ano-se-busca-acondicionar-todos-los-planteles-con-el-programa-reactiva-tu-escuela\/#respond\"]}]},{\"@type\":\"Person\",\"@id\":\"https:\/\/soledaddurazo.com\/#\/schema\/person\/822d8e13aa288585e6546f179853758b\",\"name\":\"Redacci\\u00f3n\",\"image\":{\"@type\":\"ImageObject\",\"@id\":\"https:\/\/soledaddurazo.com\/#personlogo\",\"inLanguage\":\"es\",\"url\":\"https:\/\/secure.gravatar.com\/avatar\/c4e193752f756fd61f04deebed3a3a20dc188d37edb53682d313ac57f2725d54?s=96&d=mm&r=g\",\"contentUrl\":\"https:\/\/secure.gravatar.com\/avatar\/c4e193752f756fd61f04deebed3a3a20dc188d37edb53682d313ac57f2725d54?s=96&d=mm&r=g\",\"caption\":\"Redacci\\u00f3n\"},\"sameAs\":[\"https:\/\/soledaddurazo.com\"]}]}<\/script>\n ","yoast_head_json":{"title":"Antes de fin de a\u00f1o se busca acondicionar todos los planteles con el programa \"Reactiva tu escuela\" - Periodista SoledadDurazo.com","robots":{"index":"index","follow":"follow","max-snippet":"max-snippet:-1","max-image-preview":"max-image-preview:large","max-video-preview":"max-video-preview:-1"},"canonical":"https:\/\/soledaddurazo.com\/blog\/2021\/10\/06\/antes-de-fin-de-ano-se-busca-acondicionar-todos-los-planteles-con-el-programa-reactiva-tu-escuela\/","og_locale":"es_MX","og_type":"article","og_title":"Antes de fin de a\u00f1o se busca acondicionar todos los planteles con el programa \"Reactiva tu escuela\"","og_description":"Con la colaboraci\u00f3n del sector empresarial, padres y madres de familia, y el Gobierno de Sonora se buscar\u00e1 acondicionar todas las escuelas de la entidad para antes de que culmine el a\u00f1o, anunci\u00f3 el gobernador Alfonso Durazo Monta\u00f1o durante la presentaci\u00f3n del programa \u201cReactiva tu escuela\u201d, en el marco de la conmemoraci\u00f3n del centenario de [&hellip;]","og_url":"https:\/\/soledaddurazo.com\/blog\/2021\/10\/06\/antes-de-fin-de-ano-se-busca-acondicionar-todos-los-planteles-con-el-programa-reactiva-tu-escuela\/","og_site_name":"Periodista SoledadDurazo.com","article_publisher":"https:\/\/www.facebook.com\/soledad.durazo.9\/","article_published_time":"2021-10-07T04:56:36+00:00","og_image":[{"width":1280,"height":878,"url":"https:\/\/soledaddurazo.com\/storage\/2021\/10\/WhatsApp-Image-2021-10-06-at-15.57.52.jpeg","type":"image\/jpeg"}],"twitter_card":"summary_large_image","twitter_creator":"@SoledadDurazo","twitter_site":"@SoledadDurazo","twitter_misc":{"Escrito por":"Redacci\u00f3n","Tiempo de lectura":"2 minutos"},"schema":{"@context":"https:\/\/schema.org","@graph":[{"@type":"Organization","@id":"https:\/\/soledaddurazo.com\/#organization","name":"Soledad Durazo","url":"https:\/\/soledaddurazo.com\/","sameAs":["https:\/\/www.facebook.com\/soledad.durazo.9\/","https:\/\/www.instagram.com\/soledaddurazo","https:\/\/www.youtube.com\/channel\/UC9yGPw8-Vbl_B2XNkRwPS-w","https:\/\/twitter.com\/SoledadDurazo"],"logo":{"@type":"ImageObject","@id":"https:\/\/soledaddurazo.com\/#logo","inLanguage":"es","url":"https:\/\/soledaddurazo.com\/storage\/2021\/11\/nllp-720x375-1-2.png","contentUrl":"https:\/\/soledaddurazo.com\/storage\/2021\/11\/nllp-720x375-1-2.png","width":720,"height":375,"caption":"Soledad Durazo"},"image":{"@id":"https:\/\/soledaddurazo.com\/#logo"}},{"@type":"WebSite","@id":"https:\/\/soledaddurazo.com\/#website","url":"https:\/\/soledaddurazo.com\/","name":"Periodista SoledadDurazo.com","description":"Periodista sonorense. Directora de www.SoledadDurazo.com Columnista, conductora de radio y Tv. Catedr\u00e1tica en la UNISON","publisher":{"@id":"https:\/\/soledaddurazo.com\/#organization"},"potentialAction":[{"@type":"SearchAction","target":{"@type":"EntryPoint","urlTemplate":"https:\/\/soledaddurazo.com\/?s={search_term_string}"},"query-input":"required name=search_term_string"}],"inLanguage":"es"},{"@type":"ImageObject","@id":"https:\/\/soledaddurazo.com\/blog\/2021\/10\/06\/antes-de-fin-de-ano-se-busca-acondicionar-todos-los-planteles-con-el-programa-reactiva-tu-escuela\/#primaryimage","inLanguage":"es","url":"https:\/\/soledaddurazo.com\/storage\/2021\/10\/WhatsApp-Image-2021-10-06-at-15.57.52.jpeg","contentUrl":"https:\/\/soledaddurazo.com\/storage\/2021\/10\/WhatsApp-Image-2021-10-06-at-15.57.52.jpeg","width":1280,"height":878},{"@type":"WebPage","@id":"https:\/\/soledaddurazo.com\/blog\/2021\/10\/06\/antes-de-fin-de-ano-se-busca-acondicionar-todos-los-planteles-con-el-programa-reactiva-tu-escuela\/#webpage","url":"https:\/\/soledaddurazo.com\/blog\/2021\/10\/06\/antes-de-fin-de-ano-se-busca-acondicionar-todos-los-planteles-con-el-programa-reactiva-tu-escuela\/","name":"Antes de fin de a\u00f1o se busca acondicionar todos los planteles con el programa \"Reactiva tu escuela\" - Periodista SoledadDurazo.com","isPartOf":{"@id":"https:\/\/soledaddurazo.com\/#website"},"primaryImageOfPage":{"@id":"https:\/\/soledaddurazo.com\/blog\/2021\/10\/06\/antes-de-fin-de-ano-se-busca-acondicionar-todos-los-planteles-con-el-programa-reactiva-tu-escuela\/#primaryimage"},"datePublished":"2021-10-07T04:56:36+00:00","dateModified":"2021-10-07T04:56:36+00:00","breadcrumb":{"@id":"https:\/\/soledaddurazo.com\/blog\/2021\/10\/06\/antes-de-fin-de-ano-se-busca-acondicionar-todos-los-planteles-con-el-programa-reactiva-tu-escuela\/#breadcrumb"},"inLanguage":"es","potentialAction":[{"@type":"ReadAction","target":["https:\/\/soledaddurazo.com\/blog\/2021\/10\/06\/antes-de-fin-de-ano-se-busca-acondicionar-todos-los-planteles-con-el-programa-reactiva-tu-escuela\/"]}]},{"@type":"BreadcrumbList","@id":"https:\/\/soledaddurazo.com\/blog\/2021\/10\/06\/antes-de-fin-de-ano-se-busca-acondicionar-todos-los-planteles-con-el-programa-reactiva-tu-escuela\/#breadcrumb","itemListElement":[{"@type":"ListItem","position":1,"name":"Home","item":"https:\/\/soledaddurazo.com\/"},{"@type":"ListItem","position":2,"name":"Antes de fin de a\u00f1o se busca acondicionar todos los planteles con el programa &#8220;Reactiva tu escuela&#8221;"}]},{"@type":"Article","@id":"https:\/\/soledaddurazo.com\/blog\/2021\/10\/06\/antes-de-fin-de-ano-se-busca-acondicionar-todos-los-planteles-con-el-programa-reactiva-tu-escuela\/#article","isPartOf":{"@id":"https:\/\/soledaddurazo.com\/blog\/2021\/10\/06\/antes-de-fin-de-ano-se-busca-acondicionar-todos-los-planteles-con-el-programa-reactiva-tu-escuela\/#webpage"},"author":{"@id":"https:\/\/soledaddurazo.com\/#\/schema\/person\/822d8e13aa288585e6546f179853758b"},"headline":"Antes de fin de a\u00f1o se busca acondicionar todos los planteles con el programa &#8220;Reactiva tu escuela&#8221;","datePublished":"2021-10-07T04:56:36+00:00","dateModified":"2021-10-07T04:56:36+00:00","mainEntityOfPage":{"@id":"https:\/\/soledaddurazo.com\/blog\/2021\/10\/06\/antes-de-fin-de-ano-se-busca-acondicionar-todos-los-planteles-con-el-programa-reactiva-tu-escuela\/#webpage"},"wordCount":494,"commentCount":0,"publisher":{"@id":"https:\/\/soledaddurazo.com\/#organization"},"image":{"@id":"https:\/\/soledaddurazo.com\/blog\/2021\/10\/06\/antes-de-fin-de-ano-se-busca-acondicionar-todos-los-planteles-con-el-programa-reactiva-tu-escuela\/#primaryimage"},"thumbnailUrl":"https:\/\/soledaddurazo.com\/storage\/2021\/10\/WhatsApp-Image-2021-10-06-at-15.57.52.jpeg","articleSection":["Mi Sonora"],"inLanguage":"es","potentialAction":[{"@type":"CommentAction","name":"Comment","target":["https:\/\/soledaddurazo.com\/blog\/2021\/10\/06\/antes-de-fin-de-ano-se-busca-acondicionar-todos-los-planteles-con-el-programa-reactiva-tu-escuela\/#respond"]}]},{"@type":"Person","@id":"https:\/\/soledaddurazo.com\/#\/schema\/person\/822d8e13aa288585e6546f179853758b","name":"Redacci\u00f3n","image":{"@type":"ImageObject","@id":"https:\/\/soledaddurazo.com\/#personlogo","inLanguage":"es","url":"https:\/\/secure.gravatar.com\/avatar\/c4e193752f756fd61f04deebed3a3a20dc188d37edb53682d313ac57f2725d54?s=96&d=mm&r=g","contentUrl":"https:\/\/secure.gravatar.com\/avatar\/c4e193752f756fd61f04deebed3a3a20dc188d37edb53682d313ac57f2725d54?s=96&d=mm&r=g","caption":"Redacci\u00f3n"},"sameAs":["https:\/\/soledaddurazo.com"]}]}},"_links":{"self":[{"href":"https:\/\/soledaddurazo.com\/api\/wp\/v2\/posts\/11067","targetHints":{"allow":["GET"]}}],"collection":[{"href":"https:\/\/soledaddurazo.com\/api\/wp\/v2\/posts"}],"about":[{"href":"https:\/\/soledaddurazo.com\/api\/wp\/v2\/types\/post"}],"author":[{"embeddable":true,"href":"https:\/\/soledaddurazo.com\/api\/wp\/v2\/users\/1"}],"replies":[{"embeddable":true,"href":"https:\/\/soledaddurazo.com\/api\/wp\/v2\/comments?post=11067"}],"version-history":[{"count":1,"href":"https:\/\/soledaddurazo.com\/api\/wp\/v2\/posts\/11067\/revisions"}],"predecessor-version":[{"id":11069,"href":"https:\/\/soledaddurazo.com\/api\/wp\/v2\/posts\/11067\/revisions\/11069"}],"wp:featuredmedia":[{"embeddable":true,"href":"https:\/\/soledaddurazo.com\/api\/wp\/v2\/media\/11068"}],"wp:attachment":[{"href":"https:\/\/soledaddurazo.com\/api\/wp\/v2\/media?parent=11067"}],"wp:term":[{"taxonomy":"category","embeddable":true,"href":"https:\/\/soledaddurazo.com\/api\/wp\/v2\/categories?post=11067"},{"taxonomy":"post_tag","embeddable":true,"href":"https:\/\/soledaddurazo.com\/api\/wp\/v2\/tags?post=11067"}],"curies":[{"name":"wp","href":"https:\/\/api.w.org\/{rel}","templated":true}]}}