{"id":11023,"date":"2021-10-04T21:59:04","date_gmt":"2021-10-05T04:59:04","guid":{"rendered":"https:\/\/soledaddurazo.com\/?p=11023"},"modified":"2021-10-04T21:59:04","modified_gmt":"2021-10-05T04:59:04","slug":"reportan-45-casos-y-cero-defunciones-por-covid-19-en-sonora","status":"publish","type":"post","link":"https:\/\/soledaddurazo.com\/blog\/2021\/10\/04\/reportan-45-casos-y-cero-defunciones-por-covid-19-en-sonora\/","title":{"rendered":"Reportan 45 casos y cero defunciones por Covid-19 en Sonora"},"content":{"rendered":"<p>La Secretar\u00eda de Salud del estado inform\u00f3 que este d\u00eda se reportaron 45 nuevos casos y ninguna defunci\u00f3n a causa de la enfermedad, con lo cual contin\u00faa el descenso de la tercera ola de Covid-19 en la entidad.<\/p>\n<p>La dependencia estatal expuso que los 45 nuevos casos se distribuyeron en los municipios de Hermosillo (23), Cajeme y San Luis R\u00edo Colorado (5 cada uno); Nogales (4), Navojoa y Guaymas (3 cada uno); B\u00e1cum y Empalme (1 cada uno).\u00a0Adem\u00e1s, detall\u00f3 que aunque en las \u00faltimas 24 horas no se han registrado muertes a causa de Covid-19, s\u00ed se confirmaron dos defunciones, las cuales ocurrieron en d\u00edas pasados.<\/p>\n<p>Al d\u00eda, se llevan acumulados 108 mil 524 casos y 8 mil 236 defunciones por coronavirus desde el inicio de la pandemia.\u00a0La SSA reitera su llamado a la poblaci\u00f3n a continuar usando correctamente el cubrebocas, a lavarse las manos y mantener la sana distancia, para evitar contagios por el virus Covid-19.<\/p>\n","protected":false},"excerpt":{"rendered":"<p>La Secretar\u00eda de Salud del estado inform\u00f3 que este d\u00eda se reportaron 45 nuevos casos y ninguna defunci\u00f3n a causa de la enfermedad, con lo cual contin\u00faa el descenso de la tercera ola de Covid-19 en la entidad. La dependencia estatal expuso que los 45 nuevos casos se distribuyeron en los municipios de Hermosillo (23), [&hellip;]<\/p>\n","protected":false},"author":1,"featured_media":10871,"comment_status":"open","ping_status":"open","sticky":false,"template":"","format":"standard","meta":{"footnotes":""},"categories":[159],"tags":[],"class_list":["post"],"yoast_head":" \n<title>Reportan 45 casos y cero defunciones por Covid-19 en Sonora - Periodista SoledadDurazo.com<\/title>\n<meta name=\"robots\" content=\"index, follow, max-snippet:-1, max-image-preview:large, max-video-preview:-1\" \/>\n<link rel=\"canonical\" href=\"https:\/\/soledaddurazo.com\/blog\/2021\/10\/04\/reportan-45-casos-y-cero-defunciones-por-covid-19-en-sonora\/\" \/>\n<meta property=\"og:locale\" content=\"es_MX\" \/>\n<meta property=\"og:type\" content=\"article\" \/>\n<meta property=\"og:title\" content=\"Reportan 45 casos y cero defunciones por Covid-19 en Sonora\" \/>\n<meta property=\"og:description\" content=\"La Secretar\u00eda de Salud del estado inform\u00f3 que este d\u00eda se reportaron 45 nuevos casos y ninguna defunci\u00f3n a causa de la enfermedad, con lo cual contin\u00faa el descenso de la tercera ola de Covid-19 en la entidad. La dependencia estatal expuso que los 45 nuevos casos se distribuyeron en los municipios de Hermosillo (23), [&hellip;]\" \/>\n<meta property=\"og:url\" content=\"https:\/\/soledaddurazo.com\/blog\/2021\/10\/04\/reportan-45-casos-y-cero-defunciones-por-covid-19-en-sonora\/\" \/>\n<meta property=\"og:site_name\" content=\"Periodista SoledadDurazo.com\" \/>\n<meta property=\"article:publisher\" content=\"https:\/\/www.facebook.com\/soledad.durazo.9\/\" \/>\n<meta property=\"article:published_time\" content=\"2021-10-05T04:59:04+00:00\" \/>\n<meta property=\"og:image\" content=\"https:\/\/soledaddurazo.com\/storage\/2021\/09\/2021060413362966551-1.jpg\" \/>\n\t<meta property=\"og:image:width\" content=\"1155\" \/>\n\t<meta property=\"og:image:height\" content=\"648\" \/>\n<meta name=\"twitter:card\" content=\"summary_large_image\" \/>\n<meta name=\"twitter:creator\" content=\"@SoledadDurazo\" \/>\n<meta name=\"twitter:site\" content=\"@SoledadDurazo\" \/>\n<meta name=\"twitter:label1\" content=\"Escrito por\" \/>\n\t<meta name=\"twitter:data1\" content=\"Redacci\u00f3n\" \/>\n\t<meta name=\"twitter:label2\" content=\"Tiempo de lectura\" \/>\n\t<meta name=\"twitter:data2\" content=\"1 minuto\" \/>\n<script type=\"application\/ld+json\" class=\"yoast-schema-graph\">{\"@context\":\"https:\/\/schema.org\",\"@graph\":[{\"@type\":\"Organization\",\"@id\":\"https:\/\/soledaddurazo.com\/#organization\",\"name\":\"Soledad Durazo\",\"url\":\"https:\/\/soledaddurazo.com\/\",\"sameAs\":[\"https:\/\/www.facebook.com\/soledad.durazo.9\/\",\"https:\/\/www.instagram.com\/soledaddurazo\",\"https:\/\/www.youtube.com\/channel\/UC9yGPw8-Vbl_B2XNkRwPS-w\",\"https:\/\/twitter.com\/SoledadDurazo\"],\"logo\":{\"@type\":\"ImageObject\",\"@id\":\"https:\/\/soledaddurazo.com\/#logo\",\"inLanguage\":\"es\",\"url\":\"https:\/\/soledaddurazo.com\/storage\/2021\/11\/nllp-720x375-1-2.png\",\"contentUrl\":\"https:\/\/soledaddurazo.com\/storage\/2021\/11\/nllp-720x375-1-2.png\",\"width\":720,\"height\":375,\"caption\":\"Soledad Durazo\"},\"image\":{\"@id\":\"https:\/\/soledaddurazo.com\/#logo\"}},{\"@type\":\"WebSite\",\"@id\":\"https:\/\/soledaddurazo.com\/#website\",\"url\":\"https:\/\/soledaddurazo.com\/\",\"name\":\"Periodista SoledadDurazo.com\",\"description\":\"Periodista sonorense. Directora de www.SoledadDurazo.com Columnista, conductora de radio y Tv. Catedr\\u00e1tica en la UNISON\",\"publisher\":{\"@id\":\"https:\/\/soledaddurazo.com\/#organization\"},\"potentialAction\":[{\"@type\":\"SearchAction\",\"target\":{\"@type\":\"EntryPoint\",\"urlTemplate\":\"https:\/\/soledaddurazo.com\/?s={search_term_string}\"},\"query-input\":\"required name=search_term_string\"}],\"inLanguage\":\"es\"},{\"@type\":\"ImageObject\",\"@id\":\"https:\/\/soledaddurazo.com\/blog\/2021\/10\/04\/reportan-45-casos-y-cero-defunciones-por-covid-19-en-sonora\/#primaryimage\",\"inLanguage\":\"es\",\"url\":\"https:\/\/soledaddurazo.com\/storage\/2021\/09\/2021060413362966551-1.jpg\",\"contentUrl\":\"https:\/\/soledaddurazo.com\/storage\/2021\/09\/2021060413362966551-1.jpg\",\"width\":1155,\"height\":648,\"caption\":\"Ergin Yalcin\/Getty Images\"},{\"@type\":\"WebPage\",\"@id\":\"https:\/\/soledaddurazo.com\/blog\/2021\/10\/04\/reportan-45-casos-y-cero-defunciones-por-covid-19-en-sonora\/#webpage\",\"url\":\"https:\/\/soledaddurazo.com\/blog\/2021\/10\/04\/reportan-45-casos-y-cero-defunciones-por-covid-19-en-sonora\/\",\"name\":\"Reportan 45 casos y cero defunciones por Covid-19 en Sonora - Periodista SoledadDurazo.com\",\"isPartOf\":{\"@id\":\"https:\/\/soledaddurazo.com\/#website\"},\"primaryImageOfPage\":{\"@id\":\"https:\/\/soledaddurazo.com\/blog\/2021\/10\/04\/reportan-45-casos-y-cero-defunciones-por-covid-19-en-sonora\/#primaryimage\"},\"datePublished\":\"2021-10-05T04:59:04+00:00\",\"dateModified\":\"2021-10-05T04:59:04+00:00\",\"breadcrumb\":{\"@id\":\"https:\/\/soledaddurazo.com\/blog\/2021\/10\/04\/reportan-45-casos-y-cero-defunciones-por-covid-19-en-sonora\/#breadcrumb\"},\"inLanguage\":\"es\",\"potentialAction\":[{\"@type\":\"ReadAction\",\"target\":[\"https:\/\/soledaddurazo.com\/blog\/2021\/10\/04\/reportan-45-casos-y-cero-defunciones-por-covid-19-en-sonora\/\"]}]},{\"@type\":\"BreadcrumbList\",\"@id\":\"https:\/\/soledaddurazo.com\/blog\/2021\/10\/04\/reportan-45-casos-y-cero-defunciones-por-covid-19-en-sonora\/#breadcrumb\",\"itemListElement\":[{\"@type\":\"ListItem\",\"position\":1,\"name\":\"Home\",\"item\":\"https:\/\/soledaddurazo.com\/\"},{\"@type\":\"ListItem\",\"position\":2,\"name\":\"Reportan 45 casos y cero defunciones por Covid-19 en Sonora\"}]},{\"@type\":\"Article\",\"@id\":\"https:\/\/soledaddurazo.com\/blog\/2021\/10\/04\/reportan-45-casos-y-cero-defunciones-por-covid-19-en-sonora\/#article\",\"isPartOf\":{\"@id\":\"https:\/\/soledaddurazo.com\/blog\/2021\/10\/04\/reportan-45-casos-y-cero-defunciones-por-covid-19-en-sonora\/#webpage\"},\"author\":{\"@id\":\"https:\/\/soledaddurazo.com\/#\/schema\/person\/822d8e13aa288585e6546f179853758b\"},\"headline\":\"Reportan 45 casos y cero defunciones por Covid-19 en Sonora\",\"datePublished\":\"2021-10-05T04:59:04+00:00\",\"dateModified\":\"2021-10-05T04:59:04+00:00\",\"mainEntityOfPage\":{\"@id\":\"https:\/\/soledaddurazo.com\/blog\/2021\/10\/04\/reportan-45-casos-y-cero-defunciones-por-covid-19-en-sonora\/#webpage\"},\"wordCount\":166,\"commentCount\":0,\"publisher\":{\"@id\":\"https:\/\/soledaddurazo.com\/#organization\"},\"image\":{\"@id\":\"https:\/\/soledaddurazo.com\/blog\/2021\/10\/04\/reportan-45-casos-y-cero-defunciones-por-covid-19-en-sonora\/#primaryimage\"},\"thumbnailUrl\":\"https:\/\/soledaddurazo.com\/storage\/2021\/09\/2021060413362966551-1.jpg\",\"articleSection\":[\"Mi Sonora\"],\"inLanguage\":\"es\",\"potentialAction\":[{\"@type\":\"CommentAction\",\"name\":\"Comment\",\"target\":[\"https:\/\/soledaddurazo.com\/blog\/2021\/10\/04\/reportan-45-casos-y-cero-defunciones-por-covid-19-en-sonora\/#respond\"]}]},{\"@type\":\"Person\",\"@id\":\"https:\/\/soledaddurazo.com\/#\/schema\/person\/822d8e13aa288585e6546f179853758b\",\"name\":\"Redacci\\u00f3n\",\"image\":{\"@type\":\"ImageObject\",\"@id\":\"https:\/\/soledaddurazo.com\/#personlogo\",\"inLanguage\":\"es\",\"url\":\"https:\/\/secure.gravatar.com\/avatar\/c4e193752f756fd61f04deebed3a3a20dc188d37edb53682d313ac57f2725d54?s=96&d=mm&r=g\",\"contentUrl\":\"https:\/\/secure.gravatar.com\/avatar\/c4e193752f756fd61f04deebed3a3a20dc188d37edb53682d313ac57f2725d54?s=96&d=mm&r=g\",\"caption\":\"Redacci\\u00f3n\"},\"sameAs\":[\"https:\/\/soledaddurazo.com\"]}]}<\/script>\n ","yoast_head_json":{"title":"Reportan 45 casos y cero defunciones por Covid-19 en Sonora - Periodista SoledadDurazo.com","robots":{"index":"index","follow":"follow","max-snippet":"max-snippet:-1","max-image-preview":"max-image-preview:large","max-video-preview":"max-video-preview:-1"},"canonical":"https:\/\/soledaddurazo.com\/blog\/2021\/10\/04\/reportan-45-casos-y-cero-defunciones-por-covid-19-en-sonora\/","og_locale":"es_MX","og_type":"article","og_title":"Reportan 45 casos y cero defunciones por Covid-19 en Sonora","og_description":"La Secretar\u00eda de Salud del estado inform\u00f3 que este d\u00eda se reportaron 45 nuevos casos y ninguna defunci\u00f3n a causa de la enfermedad, con lo cual contin\u00faa el descenso de la tercera ola de Covid-19 en la entidad. La dependencia estatal expuso que los 45 nuevos casos se distribuyeron en los municipios de Hermosillo (23), [&hellip;]","og_url":"https:\/\/soledaddurazo.com\/blog\/2021\/10\/04\/reportan-45-casos-y-cero-defunciones-por-covid-19-en-sonora\/","og_site_name":"Periodista SoledadDurazo.com","article_publisher":"https:\/\/www.facebook.com\/soledad.durazo.9\/","article_published_time":"2021-10-05T04:59:04+00:00","og_image":[{"width":1155,"height":648,"url":"https:\/\/soledaddurazo.com\/storage\/2021\/09\/2021060413362966551-1.jpg","type":"image\/jpeg"}],"twitter_card":"summary_large_image","twitter_creator":"@SoledadDurazo","twitter_site":"@SoledadDurazo","twitter_misc":{"Escrito por":"Redacci\u00f3n","Tiempo de lectura":"1 minuto"},"schema":{"@context":"https:\/\/schema.org","@graph":[{"@type":"Organization","@id":"https:\/\/soledaddurazo.com\/#organization","name":"Soledad Durazo","url":"https:\/\/soledaddurazo.com\/","sameAs":["https:\/\/www.facebook.com\/soledad.durazo.9\/","https:\/\/www.instagram.com\/soledaddurazo","https:\/\/www.youtube.com\/channel\/UC9yGPw8-Vbl_B2XNkRwPS-w","https:\/\/twitter.com\/SoledadDurazo"],"logo":{"@type":"ImageObject","@id":"https:\/\/soledaddurazo.com\/#logo","inLanguage":"es","url":"https:\/\/soledaddurazo.com\/storage\/2021\/11\/nllp-720x375-1-2.png","contentUrl":"https:\/\/soledaddurazo.com\/storage\/2021\/11\/nllp-720x375-1-2.png","width":720,"height":375,"caption":"Soledad Durazo"},"image":{"@id":"https:\/\/soledaddurazo.com\/#logo"}},{"@type":"WebSite","@id":"https:\/\/soledaddurazo.com\/#website","url":"https:\/\/soledaddurazo.com\/","name":"Periodista SoledadDurazo.com","description":"Periodista sonorense. Directora de www.SoledadDurazo.com Columnista, conductora de radio y Tv. Catedr\u00e1tica en la UNISON","publisher":{"@id":"https:\/\/soledaddurazo.com\/#organization"},"potentialAction":[{"@type":"SearchAction","target":{"@type":"EntryPoint","urlTemplate":"https:\/\/soledaddurazo.com\/?s={search_term_string}"},"query-input":"required name=search_term_string"}],"inLanguage":"es"},{"@type":"ImageObject","@id":"https:\/\/soledaddurazo.com\/blog\/2021\/10\/04\/reportan-45-casos-y-cero-defunciones-por-covid-19-en-sonora\/#primaryimage","inLanguage":"es","url":"https:\/\/soledaddurazo.com\/storage\/2021\/09\/2021060413362966551-1.jpg","contentUrl":"https:\/\/soledaddurazo.com\/storage\/2021\/09\/2021060413362966551-1.jpg","width":1155,"height":648,"caption":"Ergin Yalcin\/Getty Images"},{"@type":"WebPage","@id":"https:\/\/soledaddurazo.com\/blog\/2021\/10\/04\/reportan-45-casos-y-cero-defunciones-por-covid-19-en-sonora\/#webpage","url":"https:\/\/soledaddurazo.com\/blog\/2021\/10\/04\/reportan-45-casos-y-cero-defunciones-por-covid-19-en-sonora\/","name":"Reportan 45 casos y cero defunciones por Covid-19 en Sonora - Periodista SoledadDurazo.com","isPartOf":{"@id":"https:\/\/soledaddurazo.com\/#website"},"primaryImageOfPage":{"@id":"https:\/\/soledaddurazo.com\/blog\/2021\/10\/04\/reportan-45-casos-y-cero-defunciones-por-covid-19-en-sonora\/#primaryimage"},"datePublished":"2021-10-05T04:59:04+00:00","dateModified":"2021-10-05T04:59:04+00:00","breadcrumb":{"@id":"https:\/\/soledaddurazo.com\/blog\/2021\/10\/04\/reportan-45-casos-y-cero-defunciones-por-covid-19-en-sonora\/#breadcrumb"},"inLanguage":"es","potentialAction":[{"@type":"ReadAction","target":["https:\/\/soledaddurazo.com\/blog\/2021\/10\/04\/reportan-45-casos-y-cero-defunciones-por-covid-19-en-sonora\/"]}]},{"@type":"BreadcrumbList","@id":"https:\/\/soledaddurazo.com\/blog\/2021\/10\/04\/reportan-45-casos-y-cero-defunciones-por-covid-19-en-sonora\/#breadcrumb","itemListElement":[{"@type":"ListItem","position":1,"name":"Home","item":"https:\/\/soledaddurazo.com\/"},{"@type":"ListItem","position":2,"name":"Reportan 45 casos y cero defunciones por Covid-19 en Sonora"}]},{"@type":"Article","@id":"https:\/\/soledaddurazo.com\/blog\/2021\/10\/04\/reportan-45-casos-y-cero-defunciones-por-covid-19-en-sonora\/#article","isPartOf":{"@id":"https:\/\/soledaddurazo.com\/blog\/2021\/10\/04\/reportan-45-casos-y-cero-defunciones-por-covid-19-en-sonora\/#webpage"},"author":{"@id":"https:\/\/soledaddurazo.com\/#\/schema\/person\/822d8e13aa288585e6546f179853758b"},"headline":"Reportan 45 casos y cero defunciones por Covid-19 en Sonora","datePublished":"2021-10-05T04:59:04+00:00","dateModified":"2021-10-05T04:59:04+00:00","mainEntityOfPage":{"@id":"https:\/\/soledaddurazo.com\/blog\/2021\/10\/04\/reportan-45-casos-y-cero-defunciones-por-covid-19-en-sonora\/#webpage"},"wordCount":166,"commentCount":0,"publisher":{"@id":"https:\/\/soledaddurazo.com\/#organization"},"image":{"@id":"https:\/\/soledaddurazo.com\/blog\/2021\/10\/04\/reportan-45-casos-y-cero-defunciones-por-covid-19-en-sonora\/#primaryimage"},"thumbnailUrl":"https:\/\/soledaddurazo.com\/storage\/2021\/09\/2021060413362966551-1.jpg","articleSection":["Mi Sonora"],"inLanguage":"es","potentialAction":[{"@type":"CommentAction","name":"Comment","target":["https:\/\/soledaddurazo.com\/blog\/2021\/10\/04\/reportan-45-casos-y-cero-defunciones-por-covid-19-en-sonora\/#respond"]}]},{"@type":"Person","@id":"https:\/\/soledaddurazo.com\/#\/schema\/person\/822d8e13aa288585e6546f179853758b","name":"Redacci\u00f3n","image":{"@type":"ImageObject","@id":"https:\/\/soledaddurazo.com\/#personlogo","inLanguage":"es","url":"https:\/\/secure.gravatar.com\/avatar\/c4e193752f756fd61f04deebed3a3a20dc188d37edb53682d313ac57f2725d54?s=96&d=mm&r=g","contentUrl":"https:\/\/secure.gravatar.com\/avatar\/c4e193752f756fd61f04deebed3a3a20dc188d37edb53682d313ac57f2725d54?s=96&d=mm&r=g","caption":"Redacci\u00f3n"},"sameAs":["https:\/\/soledaddurazo.com"]}]}},"_links":{"self":[{"href":"https:\/\/soledaddurazo.com\/api\/wp\/v2\/posts\/11023","targetHints":{"allow":["GET"]}}],"collection":[{"href":"https:\/\/soledaddurazo.com\/api\/wp\/v2\/posts"}],"about":[{"href":"https:\/\/soledaddurazo.com\/api\/wp\/v2\/types\/post"}],"author":[{"embeddable":true,"href":"https:\/\/soledaddurazo.com\/api\/wp\/v2\/users\/1"}],"replies":[{"embeddable":true,"href":"https:\/\/soledaddurazo.com\/api\/wp\/v2\/comments?post=11023"}],"version-history":[{"count":1,"href":"https:\/\/soledaddurazo.com\/api\/wp\/v2\/posts\/11023\/revisions"}],"predecessor-version":[{"id":11025,"href":"https:\/\/soledaddurazo.com\/api\/wp\/v2\/posts\/11023\/revisions\/11025"}],"wp:featuredmedia":[{"embeddable":true,"href":"https:\/\/soledaddurazo.com\/api\/wp\/v2\/media\/10871"}],"wp:attachment":[{"href":"https:\/\/soledaddurazo.com\/api\/wp\/v2\/media?parent=11023"}],"wp:term":[{"taxonomy":"category","embeddable":true,"href":"https:\/\/soledaddurazo.com\/api\/wp\/v2\/categories?post=11023"},{"taxonomy":"post_tag","embeddable":true,"href":"https:\/\/soledaddurazo.com\/api\/wp\/v2\/tags?post=11023"}],"curies":[{"name":"wp","href":"https:\/\/api.w.org\/{rel}","templated":true}]}}