{"id":10886,"date":"2021-09-26T22:11:53","date_gmt":"2021-09-27T05:11:53","guid":{"rendered":"https:\/\/soledaddurazo.com\/?p=10886"},"modified":"2021-10-04T22:33:07","modified_gmt":"2021-10-05T05:33:07","slug":"por-que-se-pueden-contar-los-anos-en-los-anillos-de-un-arbol","status":"publish","type":"post","link":"https:\/\/soledaddurazo.com\/blog\/2021\/09\/26\/por-que-se-pueden-contar-los-anos-en-los-anillos-de-un-arbol\/","title":{"rendered":"\u00bfPor qu\u00e9 se pueden contar los a\u00f1os en los anillos de un \u00e1rbol?"},"content":{"rendered":"<p>El hecho de poder inferir<strong>\u00a0la edad que ten\u00eda un \u00e1rbol en el momento en que se tal\u00f3<\/strong>, contando los anillos que vemos en su tronco, es un conocimiento que casi se ha incorporado en la<strong>\u00a0cultura\u00a0popular<\/strong>; o al menos, as\u00ed lo aprend\u00ed yo. Siendo una curiosidad tan conocida, \u00bfpor qu\u00e9 en muchos casos no sabemos cu\u00e1l es su explicaci\u00f3n?, en otras palabras,\u00a0<strong>\u00bfpor qu\u00e9 los \u00e1rboles nos muestran su edad en el interior de su tronco?<\/strong><\/p>\n<p>Antes de nada, es importante conocer a grandes rasgos los<strong>\u00a0distintos elementos que forman parte de la secci\u00f3n de un tronco:<\/strong><\/p>\n<div id=\"paragraph_1\" class=\"paragraph--container\">\n<div class=\"paragraph--text\">\n<ul>\n<li>La circunferencia m\u00e1s externa y oscura corresponde a la\u00a0<strong>corteza<\/strong>. Una doble capa, formada por la corteza interna, formada por c\u00e9lulas vivas, y la externa, por c\u00e9lulas muertas.\u00a0<strong>En su parte m\u00e1s interna, encontramos el floema<\/strong>, una capa de c\u00e9lulas encargadas de transportar los compuestos org\u00e1nicos, creados durante la fotos\u00edntesis, por toda la planta.<\/li>\n<li>A continuaci\u00f3n, el\u00a0<strong>c\u00e1mbium vascular<\/strong>, es una capa delgada de color rojizo\u00a0<strong>y que se encarga de crear nuevas c\u00e9lulas<\/strong>, tanto hacia dentro (xilema) como hacia fuera (floema), permitiendo al \u00e1rbol aumentar su grosor cada a\u00f1o (crecimiento secundario).<\/li>\n<li>La capa siguiente, m\u00e1s blanquecina,\u00a0<strong>es la albura o xilema, corresponde a la madera m\u00e1s joven del \u00e1rbol y se encarga de transportar agua y nutrientes<\/strong>\u00a0hacia arriba, desde las ra\u00edces a las ramas y hojas.<\/li>\n<li>A continuaci\u00f3n, de un color cada vez m\u00e1s oscuro, encontramos el\u00a0<strong>duramen<\/strong>. Son c\u00e9lulas muertas que anta\u00f1o fueron la albura. Es la parte del tronco que se utiliza como madera. Al ser tan dura y resistente, es la parte encargada de<strong>\u00a0proporcionar soporte al\u00a0\u00e1rbol.<\/strong><\/li>\n<li>Por \u00faltimo, en la parte central del tronco encontramos una peque\u00f1a zona oscura llamada\u00a0<strong>m\u00e9dula<\/strong>. Est\u00e1 formada por\u00a0<strong>c\u00e9lulas vivas,<\/strong>\u00a0responsables de transportar los nutrientes esenciales y distribuirlos hacia la periferia mediante los\u00a0<strong>radios medulares, unas estr\u00edas blanquecinas<\/strong>\u00a0que salen del centro hacia la periferia del tronco.<\/li>\n<\/ul>\n<\/div>\n<\/div>\n<div id=\"paragraph_2\" class=\"paragraph--container\">\n<div class=\"paragraph--text\">\n<p>Ahora que ya sabemos reconocer las distintas parte de la secci\u00f3n del tronco, veamos c\u00f3mo se forman los anillos. \u00bf<strong>Os acord\u00e1is del cambium vascular? Esta es la capa de c\u00e9lulas responsable de la creaci\u00f3n de los\u00a0anillos\u00a0(formados por xilema)<\/strong>\u00a0y, de hecho,\u00a0<strong>no crea solo uno al a\u00f1o, sino dos:<\/strong>\u00a0uno de m\u00e1s claro, durante la primavera y otro m\u00e1s oscuro, durante finales de verano y principios de oto\u00f1o. Cada uno de ellos representa una temporada de crecimiento del \u00e1rbol y su grosor depender\u00e1 de la cantidad de agua disponible para el \u00e1rbol. As\u00ed,\u00a0<strong>el cambium crear\u00e1 c\u00e9lulas de m\u00e1s di\u00e1metro durante la primavera, cuando el agua abunda, dando lugar los anillos m\u00e1s claros.<\/strong>\u00a0Por el contrario,\u00a0<strong>durante el verano y principios de oto\u00f1o, cuando el agua escasea, se crear\u00e1n c\u00e9lulas m\u00e1s estrechas, correspondientes a los anillos m\u00e1s oscuros.<\/strong>\u00a0A medida que el \u00e1rbol crece en grosor los anillos ir\u00e1n quedando impresos en el interior del tronco.<\/p>\n<p>Adem\u00e1s, los anillos de los\u00a0<strong>\u00e1rboles tambi\u00e9n pueden tener cicatrices,<\/strong>\u00a0que en la mayor parte de los casos se deben al impacto de un\u00a0rayo, pero tambi\u00e9n a golpes o incluso la infecciones. En este \u00faltimo caso, puede que observemos lo que se conoce como un nudo en el tronco.<\/p>\n<p>Como curiosidad, existe una ciencia llamada\u00a0<strong>dendrocronolog\u00eda<\/strong>, que corresponde al\u00a0<strong>estudio de los anillos de los \u00e1rboles para obtener informaci\u00f3n de climas de \u00e9pocas pasadas a trav\u00e9s de la historia de vida del \u00e1rbol,<\/strong>\u00a0como las variaciones en la lluvia, impresas en el grosor de los anillos m\u00e1s claros. As\u00ed que los \u00e1rboles no solo muestran su pasado, sino del todo lo que vivi\u00f3 a su alrededor.<\/p>\n<p>&nbsp;<\/p>\n<\/div>\n<\/div>\n","protected":false},"excerpt":{"rendered":"<p>El hecho de poder inferir\u00a0la edad que ten\u00eda un \u00e1rbol en el momento en que se tal\u00f3, contando los anillos que vemos en su tronco, es un conocimiento que casi se ha incorporado en la\u00a0cultura\u00a0popular; o al menos, as\u00ed lo aprend\u00ed yo. Siendo una curiosidad tan conocida, \u00bfpor qu\u00e9 en muchos casos no sabemos cu\u00e1l [&hellip;]<\/p>\n","protected":false},"author":1,"featured_media":10887,"comment_status":"open","ping_status":"open","sticky":false,"template":"","format":"standard","meta":{"footnotes":""},"categories":[160,153],"tags":[],"class_list":["post"],"yoast_head":" \n<title>\u00bfPor qu\u00e9 se pueden contar los a\u00f1os en los anillos de un \u00e1rbol? - Periodista SoledadDurazo.com<\/title>\n<meta name=\"robots\" content=\"index, follow, max-snippet:-1, max-image-preview:large, max-video-preview:-1\" \/>\n<link rel=\"canonical\" href=\"https:\/\/soledaddurazo.com\/blog\/2021\/09\/26\/por-que-se-pueden-contar-los-anos-en-los-anillos-de-un-arbol\/\" \/>\n<meta property=\"og:locale\" content=\"es_MX\" \/>\n<meta property=\"og:type\" content=\"article\" \/>\n<meta property=\"og:title\" content=\"\u00bfPor qu\u00e9 se pueden contar los a\u00f1os en los anillos de un \u00e1rbol?\" \/>\n<meta property=\"og:description\" content=\"El hecho de poder inferir\u00a0la edad que ten\u00eda un \u00e1rbol en el momento en que se tal\u00f3, contando los anillos que vemos en su tronco, es un conocimiento que casi se ha incorporado en la\u00a0cultura\u00a0popular; o al menos, as\u00ed lo aprend\u00ed yo. Siendo una curiosidad tan conocida, \u00bfpor qu\u00e9 en muchos casos no sabemos cu\u00e1l [&hellip;]\" \/>\n<meta property=\"og:url\" content=\"https:\/\/soledaddurazo.com\/blog\/2021\/09\/26\/por-que-se-pueden-contar-los-anos-en-los-anillos-de-un-arbol\/\" \/>\n<meta property=\"og:site_name\" content=\"Periodista SoledadDurazo.com\" \/>\n<meta property=\"article:publisher\" content=\"https:\/\/www.facebook.com\/soledad.durazo.9\/\" \/>\n<meta property=\"article:published_time\" content=\"2021-09-27T05:11:53+00:00\" \/>\n<meta property=\"article:modified_time\" content=\"2021-10-05T05:33:07+00:00\" \/>\n<meta property=\"og:image\" content=\"https:\/\/soledaddurazo.com\/storage\/2021\/09\/arbol.jpg\" \/>\n\t<meta property=\"og:image:width\" content=\"1444\" \/>\n\t<meta property=\"og:image:height\" content=\"1080\" \/>\n<meta name=\"twitter:card\" content=\"summary_large_image\" \/>\n<meta name=\"twitter:creator\" content=\"@SoledadDurazo\" \/>\n<meta name=\"twitter:site\" content=\"@SoledadDurazo\" \/>\n<meta name=\"twitter:label1\" content=\"Escrito por\" \/>\n\t<meta name=\"twitter:data1\" content=\"Redacci\u00f3n\" \/>\n\t<meta name=\"twitter:label2\" content=\"Tiempo de lectura\" \/>\n\t<meta name=\"twitter:data2\" content=\"3 minutos\" \/>\n<script type=\"application\/ld+json\" class=\"yoast-schema-graph\">{\"@context\":\"https:\/\/schema.org\",\"@graph\":[{\"@type\":\"Organization\",\"@id\":\"https:\/\/soledaddurazo.com\/#organization\",\"name\":\"Soledad Durazo\",\"url\":\"https:\/\/soledaddurazo.com\/\",\"sameAs\":[\"https:\/\/www.facebook.com\/soledad.durazo.9\/\",\"https:\/\/www.instagram.com\/soledaddurazo\",\"https:\/\/www.youtube.com\/channel\/UC9yGPw8-Vbl_B2XNkRwPS-w\",\"https:\/\/twitter.com\/SoledadDurazo\"],\"logo\":{\"@type\":\"ImageObject\",\"@id\":\"https:\/\/soledaddurazo.com\/#logo\",\"inLanguage\":\"es\",\"url\":\"https:\/\/soledaddurazo.com\/storage\/2021\/11\/nllp-720x375-1-2.png\",\"contentUrl\":\"https:\/\/soledaddurazo.com\/storage\/2021\/11\/nllp-720x375-1-2.png\",\"width\":720,\"height\":375,\"caption\":\"Soledad Durazo\"},\"image\":{\"@id\":\"https:\/\/soledaddurazo.com\/#logo\"}},{\"@type\":\"WebSite\",\"@id\":\"https:\/\/soledaddurazo.com\/#website\",\"url\":\"https:\/\/soledaddurazo.com\/\",\"name\":\"Periodista SoledadDurazo.com\",\"description\":\"Periodista sonorense. Directora de www.SoledadDurazo.com Columnista, conductora de radio y Tv. Catedr\\u00e1tica en la UNISON\",\"publisher\":{\"@id\":\"https:\/\/soledaddurazo.com\/#organization\"},\"potentialAction\":[{\"@type\":\"SearchAction\",\"target\":{\"@type\":\"EntryPoint\",\"urlTemplate\":\"https:\/\/soledaddurazo.com\/?s={search_term_string}\"},\"query-input\":\"required name=search_term_string\"}],\"inLanguage\":\"es\"},{\"@type\":\"ImageObject\",\"@id\":\"https:\/\/soledaddurazo.com\/blog\/2021\/09\/26\/por-que-se-pueden-contar-los-anos-en-los-anillos-de-un-arbol\/#primaryimage\",\"inLanguage\":\"es\",\"url\":\"https:\/\/soledaddurazo.com\/storage\/2021\/09\/arbol.jpg\",\"contentUrl\":\"https:\/\/soledaddurazo.com\/storage\/2021\/09\/arbol.jpg\",\"width\":1444,\"height\":1080},{\"@type\":\"WebPage\",\"@id\":\"https:\/\/soledaddurazo.com\/blog\/2021\/09\/26\/por-que-se-pueden-contar-los-anos-en-los-anillos-de-un-arbol\/#webpage\",\"url\":\"https:\/\/soledaddurazo.com\/blog\/2021\/09\/26\/por-que-se-pueden-contar-los-anos-en-los-anillos-de-un-arbol\/\",\"name\":\"\\u00bfPor qu\\u00e9 se pueden contar los a\\u00f1os en los anillos de un \\u00e1rbol? - Periodista SoledadDurazo.com\",\"isPartOf\":{\"@id\":\"https:\/\/soledaddurazo.com\/#website\"},\"primaryImageOfPage\":{\"@id\":\"https:\/\/soledaddurazo.com\/blog\/2021\/09\/26\/por-que-se-pueden-contar-los-anos-en-los-anillos-de-un-arbol\/#primaryimage\"},\"datePublished\":\"2021-09-27T05:11:53+00:00\",\"dateModified\":\"2021-10-05T05:33:07+00:00\",\"breadcrumb\":{\"@id\":\"https:\/\/soledaddurazo.com\/blog\/2021\/09\/26\/por-que-se-pueden-contar-los-anos-en-los-anillos-de-un-arbol\/#breadcrumb\"},\"inLanguage\":\"es\",\"potentialAction\":[{\"@type\":\"ReadAction\",\"target\":[\"https:\/\/soledaddurazo.com\/blog\/2021\/09\/26\/por-que-se-pueden-contar-los-anos-en-los-anillos-de-un-arbol\/\"]}]},{\"@type\":\"BreadcrumbList\",\"@id\":\"https:\/\/soledaddurazo.com\/blog\/2021\/09\/26\/por-que-se-pueden-contar-los-anos-en-los-anillos-de-un-arbol\/#breadcrumb\",\"itemListElement\":[{\"@type\":\"ListItem\",\"position\":1,\"name\":\"Home\",\"item\":\"https:\/\/soledaddurazo.com\/\"},{\"@type\":\"ListItem\",\"position\":2,\"name\":\"\\u00bfPor qu\\u00e9 se pueden contar los a\\u00f1os en los anillos de un \\u00e1rbol?\"}]},{\"@type\":\"Article\",\"@id\":\"https:\/\/soledaddurazo.com\/blog\/2021\/09\/26\/por-que-se-pueden-contar-los-anos-en-los-anillos-de-un-arbol\/#article\",\"isPartOf\":{\"@id\":\"https:\/\/soledaddurazo.com\/blog\/2021\/09\/26\/por-que-se-pueden-contar-los-anos-en-los-anillos-de-un-arbol\/#webpage\"},\"author\":{\"@id\":\"https:\/\/soledaddurazo.com\/#\/schema\/person\/822d8e13aa288585e6546f179853758b\"},\"headline\":\"\\u00bfPor qu\\u00e9 se pueden contar los a\\u00f1os en los anillos de un \\u00e1rbol?\",\"datePublished\":\"2021-09-27T05:11:53+00:00\",\"dateModified\":\"2021-10-05T05:33:07+00:00\",\"mainEntityOfPage\":{\"@id\":\"https:\/\/soledaddurazo.com\/blog\/2021\/09\/26\/por-que-se-pueden-contar-los-anos-en-los-anillos-de-un-arbol\/#webpage\"},\"wordCount\":661,\"commentCount\":0,\"publisher\":{\"@id\":\"https:\/\/soledaddurazo.com\/#organization\"},\"image\":{\"@id\":\"https:\/\/soledaddurazo.com\/blog\/2021\/09\/26\/por-que-se-pueden-contar-los-anos-en-los-anillos-de-un-arbol\/#primaryimage\"},\"thumbnailUrl\":\"https:\/\/soledaddurazo.com\/storage\/2021\/09\/arbol.jpg\",\"articleSection\":[\"Mas noticias\",\"principal\"],\"inLanguage\":\"es\",\"potentialAction\":[{\"@type\":\"CommentAction\",\"name\":\"Comment\",\"target\":[\"https:\/\/soledaddurazo.com\/blog\/2021\/09\/26\/por-que-se-pueden-contar-los-anos-en-los-anillos-de-un-arbol\/#respond\"]}]},{\"@type\":\"Person\",\"@id\":\"https:\/\/soledaddurazo.com\/#\/schema\/person\/822d8e13aa288585e6546f179853758b\",\"name\":\"Redacci\\u00f3n\",\"image\":{\"@type\":\"ImageObject\",\"@id\":\"https:\/\/soledaddurazo.com\/#personlogo\",\"inLanguage\":\"es\",\"url\":\"https:\/\/secure.gravatar.com\/avatar\/c4e193752f756fd61f04deebed3a3a20dc188d37edb53682d313ac57f2725d54?s=96&d=mm&r=g\",\"contentUrl\":\"https:\/\/secure.gravatar.com\/avatar\/c4e193752f756fd61f04deebed3a3a20dc188d37edb53682d313ac57f2725d54?s=96&d=mm&r=g\",\"caption\":\"Redacci\\u00f3n\"},\"sameAs\":[\"https:\/\/soledaddurazo.com\"]}]}<\/script>\n ","yoast_head_json":{"title":"\u00bfPor qu\u00e9 se pueden contar los a\u00f1os en los anillos de un \u00e1rbol? - Periodista SoledadDurazo.com","robots":{"index":"index","follow":"follow","max-snippet":"max-snippet:-1","max-image-preview":"max-image-preview:large","max-video-preview":"max-video-preview:-1"},"canonical":"https:\/\/soledaddurazo.com\/blog\/2021\/09\/26\/por-que-se-pueden-contar-los-anos-en-los-anillos-de-un-arbol\/","og_locale":"es_MX","og_type":"article","og_title":"\u00bfPor qu\u00e9 se pueden contar los a\u00f1os en los anillos de un \u00e1rbol?","og_description":"El hecho de poder inferir\u00a0la edad que ten\u00eda un \u00e1rbol en el momento en que se tal\u00f3, contando los anillos que vemos en su tronco, es un conocimiento que casi se ha incorporado en la\u00a0cultura\u00a0popular; o al menos, as\u00ed lo aprend\u00ed yo. Siendo una curiosidad tan conocida, \u00bfpor qu\u00e9 en muchos casos no sabemos cu\u00e1l [&hellip;]","og_url":"https:\/\/soledaddurazo.com\/blog\/2021\/09\/26\/por-que-se-pueden-contar-los-anos-en-los-anillos-de-un-arbol\/","og_site_name":"Periodista SoledadDurazo.com","article_publisher":"https:\/\/www.facebook.com\/soledad.durazo.9\/","article_published_time":"2021-09-27T05:11:53+00:00","article_modified_time":"2021-10-05T05:33:07+00:00","og_image":[{"width":1444,"height":1080,"url":"https:\/\/soledaddurazo.com\/storage\/2021\/09\/arbol.jpg","type":"image\/jpeg"}],"twitter_card":"summary_large_image","twitter_creator":"@SoledadDurazo","twitter_site":"@SoledadDurazo","twitter_misc":{"Escrito por":"Redacci\u00f3n","Tiempo de lectura":"3 minutos"},"schema":{"@context":"https:\/\/schema.org","@graph":[{"@type":"Organization","@id":"https:\/\/soledaddurazo.com\/#organization","name":"Soledad Durazo","url":"https:\/\/soledaddurazo.com\/","sameAs":["https:\/\/www.facebook.com\/soledad.durazo.9\/","https:\/\/www.instagram.com\/soledaddurazo","https:\/\/www.youtube.com\/channel\/UC9yGPw8-Vbl_B2XNkRwPS-w","https:\/\/twitter.com\/SoledadDurazo"],"logo":{"@type":"ImageObject","@id":"https:\/\/soledaddurazo.com\/#logo","inLanguage":"es","url":"https:\/\/soledaddurazo.com\/storage\/2021\/11\/nllp-720x375-1-2.png","contentUrl":"https:\/\/soledaddurazo.com\/storage\/2021\/11\/nllp-720x375-1-2.png","width":720,"height":375,"caption":"Soledad Durazo"},"image":{"@id":"https:\/\/soledaddurazo.com\/#logo"}},{"@type":"WebSite","@id":"https:\/\/soledaddurazo.com\/#website","url":"https:\/\/soledaddurazo.com\/","name":"Periodista SoledadDurazo.com","description":"Periodista sonorense. Directora de www.SoledadDurazo.com Columnista, conductora de radio y Tv. Catedr\u00e1tica en la UNISON","publisher":{"@id":"https:\/\/soledaddurazo.com\/#organization"},"potentialAction":[{"@type":"SearchAction","target":{"@type":"EntryPoint","urlTemplate":"https:\/\/soledaddurazo.com\/?s={search_term_string}"},"query-input":"required name=search_term_string"}],"inLanguage":"es"},{"@type":"ImageObject","@id":"https:\/\/soledaddurazo.com\/blog\/2021\/09\/26\/por-que-se-pueden-contar-los-anos-en-los-anillos-de-un-arbol\/#primaryimage","inLanguage":"es","url":"https:\/\/soledaddurazo.com\/storage\/2021\/09\/arbol.jpg","contentUrl":"https:\/\/soledaddurazo.com\/storage\/2021\/09\/arbol.jpg","width":1444,"height":1080},{"@type":"WebPage","@id":"https:\/\/soledaddurazo.com\/blog\/2021\/09\/26\/por-que-se-pueden-contar-los-anos-en-los-anillos-de-un-arbol\/#webpage","url":"https:\/\/soledaddurazo.com\/blog\/2021\/09\/26\/por-que-se-pueden-contar-los-anos-en-los-anillos-de-un-arbol\/","name":"\u00bfPor qu\u00e9 se pueden contar los a\u00f1os en los anillos de un \u00e1rbol? - Periodista SoledadDurazo.com","isPartOf":{"@id":"https:\/\/soledaddurazo.com\/#website"},"primaryImageOfPage":{"@id":"https:\/\/soledaddurazo.com\/blog\/2021\/09\/26\/por-que-se-pueden-contar-los-anos-en-los-anillos-de-un-arbol\/#primaryimage"},"datePublished":"2021-09-27T05:11:53+00:00","dateModified":"2021-10-05T05:33:07+00:00","breadcrumb":{"@id":"https:\/\/soledaddurazo.com\/blog\/2021\/09\/26\/por-que-se-pueden-contar-los-anos-en-los-anillos-de-un-arbol\/#breadcrumb"},"inLanguage":"es","potentialAction":[{"@type":"ReadAction","target":["https:\/\/soledaddurazo.com\/blog\/2021\/09\/26\/por-que-se-pueden-contar-los-anos-en-los-anillos-de-un-arbol\/"]}]},{"@type":"BreadcrumbList","@id":"https:\/\/soledaddurazo.com\/blog\/2021\/09\/26\/por-que-se-pueden-contar-los-anos-en-los-anillos-de-un-arbol\/#breadcrumb","itemListElement":[{"@type":"ListItem","position":1,"name":"Home","item":"https:\/\/soledaddurazo.com\/"},{"@type":"ListItem","position":2,"name":"\u00bfPor qu\u00e9 se pueden contar los a\u00f1os en los anillos de un \u00e1rbol?"}]},{"@type":"Article","@id":"https:\/\/soledaddurazo.com\/blog\/2021\/09\/26\/por-que-se-pueden-contar-los-anos-en-los-anillos-de-un-arbol\/#article","isPartOf":{"@id":"https:\/\/soledaddurazo.com\/blog\/2021\/09\/26\/por-que-se-pueden-contar-los-anos-en-los-anillos-de-un-arbol\/#webpage"},"author":{"@id":"https:\/\/soledaddurazo.com\/#\/schema\/person\/822d8e13aa288585e6546f179853758b"},"headline":"\u00bfPor qu\u00e9 se pueden contar los a\u00f1os en los anillos de un \u00e1rbol?","datePublished":"2021-09-27T05:11:53+00:00","dateModified":"2021-10-05T05:33:07+00:00","mainEntityOfPage":{"@id":"https:\/\/soledaddurazo.com\/blog\/2021\/09\/26\/por-que-se-pueden-contar-los-anos-en-los-anillos-de-un-arbol\/#webpage"},"wordCount":661,"commentCount":0,"publisher":{"@id":"https:\/\/soledaddurazo.com\/#organization"},"image":{"@id":"https:\/\/soledaddurazo.com\/blog\/2021\/09\/26\/por-que-se-pueden-contar-los-anos-en-los-anillos-de-un-arbol\/#primaryimage"},"thumbnailUrl":"https:\/\/soledaddurazo.com\/storage\/2021\/09\/arbol.jpg","articleSection":["Mas noticias","principal"],"inLanguage":"es","potentialAction":[{"@type":"CommentAction","name":"Comment","target":["https:\/\/soledaddurazo.com\/blog\/2021\/09\/26\/por-que-se-pueden-contar-los-anos-en-los-anillos-de-un-arbol\/#respond"]}]},{"@type":"Person","@id":"https:\/\/soledaddurazo.com\/#\/schema\/person\/822d8e13aa288585e6546f179853758b","name":"Redacci\u00f3n","image":{"@type":"ImageObject","@id":"https:\/\/soledaddurazo.com\/#personlogo","inLanguage":"es","url":"https:\/\/secure.gravatar.com\/avatar\/c4e193752f756fd61f04deebed3a3a20dc188d37edb53682d313ac57f2725d54?s=96&d=mm&r=g","contentUrl":"https:\/\/secure.gravatar.com\/avatar\/c4e193752f756fd61f04deebed3a3a20dc188d37edb53682d313ac57f2725d54?s=96&d=mm&r=g","caption":"Redacci\u00f3n"},"sameAs":["https:\/\/soledaddurazo.com"]}]}},"_links":{"self":[{"href":"https:\/\/soledaddurazo.com\/api\/wp\/v2\/posts\/10886","targetHints":{"allow":["GET"]}}],"collection":[{"href":"https:\/\/soledaddurazo.com\/api\/wp\/v2\/posts"}],"about":[{"href":"https:\/\/soledaddurazo.com\/api\/wp\/v2\/types\/post"}],"author":[{"embeddable":true,"href":"https:\/\/soledaddurazo.com\/api\/wp\/v2\/users\/1"}],"replies":[{"embeddable":true,"href":"https:\/\/soledaddurazo.com\/api\/wp\/v2\/comments?post=10886"}],"version-history":[{"count":1,"href":"https:\/\/soledaddurazo.com\/api\/wp\/v2\/posts\/10886\/revisions"}],"predecessor-version":[{"id":10888,"href":"https:\/\/soledaddurazo.com\/api\/wp\/v2\/posts\/10886\/revisions\/10888"}],"wp:featuredmedia":[{"embeddable":true,"href":"https:\/\/soledaddurazo.com\/api\/wp\/v2\/media\/10887"}],"wp:attachment":[{"href":"https:\/\/soledaddurazo.com\/api\/wp\/v2\/media?parent=10886"}],"wp:term":[{"taxonomy":"category","embeddable":true,"href":"https:\/\/soledaddurazo.com\/api\/wp\/v2\/categories?post=10886"},{"taxonomy":"post_tag","embeddable":true,"href":"https:\/\/soledaddurazo.com\/api\/wp\/v2\/tags?post=10886"}],"curies":[{"name":"wp","href":"https:\/\/api.w.org\/{rel}","templated":true}]}}