{"id":10639,"date":"2021-09-09T22:53:01","date_gmt":"2021-09-10T05:53:01","guid":{"rendered":"https:\/\/soledaddurazo.com\/?p=10639"},"modified":"2021-09-09T22:53:01","modified_gmt":"2021-09-10T05:53:01","slug":"alfonso-durazo-informa-sobre-la-evolucion-de-su-salud","status":"publish","type":"post","link":"https:\/\/soledaddurazo.com\/blog\/2021\/09\/09\/alfonso-durazo-informa-sobre-la-evolucion-de-su-salud\/","title":{"rendered":"Alfonso Durazo informa sobre  la evoluci\u00f3n de su salud"},"content":{"rendered":"<p>El gobernador electo, Alfonso Durazo Monta\u00f1o, inform\u00f3 a trav\u00e9s de sus redes sociales que se practic\u00f3 una prueba cuyo pron\u00f3stico m\u00e9dico espera resulte negativo y de no contagio de Covid-19.<\/p>\n<p>\u201cMe siento muy bien&#8230; Tuve la fortuna de poder trabajar casi con normalidad todos estos d\u00edas. Y en este momento voy a hacerme una prueba m\u00e9dica con el pron\u00f3stico m\u00e9dico que muy probablemente saldr\u00e1 negativa\u201d.<\/p>\n<p>El pr\u00f3ximo mandatario estatal llam\u00f3 a la ciudadan\u00eda a atender todas las recomendaciones m\u00e9dicas del sector salud como el lavado de manos, evitar las reuniones multitudinarias, optar por actividades al aire libre y el uso de cubrebocas.<\/p>\n<p>Durazo Monta\u00f1o a\u00f1adi\u00f3 que este s\u00e1bado 11 presentar\u00e1 al resto de los integrantes de su gabinete legal y ampliado, adem\u00e1s de los titulares de algunos organismos descentralizados, y dijo sentirse satisfecho por el nivel de los nuevos funcionarios que lo acompa\u00f1ar\u00e1n en el gobierno:<\/p>\n<p>\u201cMe siento muy satisfecho. Es un equipo de gente con una formaci\u00f3n profesional, acad\u00e9mica, extraordinaria. Con un compromiso social hist\u00f3rico. Gente de honestidad probada, de sensibilidad pol\u00edtica con experiencia administrativa. Es francamente un equipo muy completo que me permite tener certeza de que les vamos a responder en los t\u00e9rminos comprometidos\u201d, concluy\u00f3.<\/p>\n","protected":false},"excerpt":{"rendered":"<p>El gobernador electo, Alfonso Durazo Monta\u00f1o, inform\u00f3 a trav\u00e9s de sus redes sociales que se practic\u00f3 una prueba cuyo pron\u00f3stico m\u00e9dico espera resulte negativo y de no contagio de Covid-19. \u201cMe siento muy bien&#8230; Tuve la fortuna de poder trabajar casi con normalidad todos estos d\u00edas. Y en este momento voy a hacerme una prueba [&hellip;]<\/p>\n","protected":false},"author":1,"featured_media":10640,"comment_status":"open","ping_status":"open","sticky":false,"template":"","format":"standard","meta":{"footnotes":""},"categories":[175],"tags":[],"class_list":["post"],"yoast_head":" \n<title>Alfonso Durazo informa sobre la evoluci\u00f3n de su salud - Periodista SoledadDurazo.com<\/title>\n<meta name=\"robots\" content=\"index, follow, max-snippet:-1, max-image-preview:large, max-video-preview:-1\" \/>\n<link rel=\"canonical\" href=\"https:\/\/soledaddurazo.com\/blog\/2021\/09\/09\/alfonso-durazo-informa-sobre-la-evolucion-de-su-salud\/\" \/>\n<meta property=\"og:locale\" content=\"es_MX\" \/>\n<meta property=\"og:type\" content=\"article\" \/>\n<meta property=\"og:title\" content=\"Alfonso Durazo informa sobre la evoluci\u00f3n de su salud\" \/>\n<meta property=\"og:description\" content=\"El gobernador electo, Alfonso Durazo Monta\u00f1o, inform\u00f3 a trav\u00e9s de sus redes sociales que se practic\u00f3 una prueba cuyo pron\u00f3stico m\u00e9dico espera resulte negativo y de no contagio de Covid-19. \u201cMe siento muy bien&#8230; Tuve la fortuna de poder trabajar casi con normalidad todos estos d\u00edas. Y en este momento voy a hacerme una prueba [&hellip;]\" \/>\n<meta property=\"og:url\" content=\"https:\/\/soledaddurazo.com\/blog\/2021\/09\/09\/alfonso-durazo-informa-sobre-la-evolucion-de-su-salud\/\" \/>\n<meta property=\"og:site_name\" content=\"Periodista SoledadDurazo.com\" \/>\n<meta property=\"article:publisher\" content=\"https:\/\/www.facebook.com\/soledad.durazo.9\/\" \/>\n<meta property=\"article:published_time\" content=\"2021-09-10T05:53:01+00:00\" \/>\n<meta property=\"og:image\" content=\"https:\/\/soledaddurazo.com\/storage\/2021\/09\/unnamed-2021-09-09T225209.181.jpg\" \/>\n\t<meta property=\"og:image:width\" content=\"1600\" \/>\n\t<meta property=\"og:image:height\" content=\"1200\" \/>\n<meta name=\"twitter:card\" content=\"summary_large_image\" \/>\n<meta name=\"twitter:creator\" content=\"@SoledadDurazo\" \/>\n<meta name=\"twitter:site\" content=\"@SoledadDurazo\" \/>\n<meta name=\"twitter:label1\" content=\"Escrito por\" \/>\n\t<meta name=\"twitter:data1\" content=\"Redacci\u00f3n\" \/>\n\t<meta name=\"twitter:label2\" content=\"Tiempo de lectura\" \/>\n\t<meta name=\"twitter:data2\" content=\"1 minuto\" \/>\n<script type=\"application\/ld+json\" class=\"yoast-schema-graph\">{\"@context\":\"https:\/\/schema.org\",\"@graph\":[{\"@type\":\"Organization\",\"@id\":\"https:\/\/soledaddurazo.com\/#organization\",\"name\":\"Soledad Durazo\",\"url\":\"https:\/\/soledaddurazo.com\/\",\"sameAs\":[\"https:\/\/www.facebook.com\/soledad.durazo.9\/\",\"https:\/\/www.instagram.com\/soledaddurazo\",\"https:\/\/www.youtube.com\/channel\/UC9yGPw8-Vbl_B2XNkRwPS-w\",\"https:\/\/twitter.com\/SoledadDurazo\"],\"logo\":{\"@type\":\"ImageObject\",\"@id\":\"https:\/\/soledaddurazo.com\/#logo\",\"inLanguage\":\"es\",\"url\":\"https:\/\/soledaddurazo.com\/storage\/2021\/11\/nllp-720x375-1-2.png\",\"contentUrl\":\"https:\/\/soledaddurazo.com\/storage\/2021\/11\/nllp-720x375-1-2.png\",\"width\":720,\"height\":375,\"caption\":\"Soledad Durazo\"},\"image\":{\"@id\":\"https:\/\/soledaddurazo.com\/#logo\"}},{\"@type\":\"WebSite\",\"@id\":\"https:\/\/soledaddurazo.com\/#website\",\"url\":\"https:\/\/soledaddurazo.com\/\",\"name\":\"Periodista SoledadDurazo.com\",\"description\":\"Periodista sonorense. Directora de www.SoledadDurazo.com Columnista, conductora de radio y Tv. Catedr\\u00e1tica en la UNISON\",\"publisher\":{\"@id\":\"https:\/\/soledaddurazo.com\/#organization\"},\"potentialAction\":[{\"@type\":\"SearchAction\",\"target\":{\"@type\":\"EntryPoint\",\"urlTemplate\":\"https:\/\/soledaddurazo.com\/?s={search_term_string}\"},\"query-input\":\"required name=search_term_string\"}],\"inLanguage\":\"es\"},{\"@type\":\"ImageObject\",\"@id\":\"https:\/\/soledaddurazo.com\/blog\/2021\/09\/09\/alfonso-durazo-informa-sobre-la-evolucion-de-su-salud\/#primaryimage\",\"inLanguage\":\"es\",\"url\":\"https:\/\/soledaddurazo.com\/storage\/2021\/09\/unnamed-2021-09-09T225209.181.jpg\",\"contentUrl\":\"https:\/\/soledaddurazo.com\/storage\/2021\/09\/unnamed-2021-09-09T225209.181.jpg\",\"width\":1600,\"height\":1200},{\"@type\":\"WebPage\",\"@id\":\"https:\/\/soledaddurazo.com\/blog\/2021\/09\/09\/alfonso-durazo-informa-sobre-la-evolucion-de-su-salud\/#webpage\",\"url\":\"https:\/\/soledaddurazo.com\/blog\/2021\/09\/09\/alfonso-durazo-informa-sobre-la-evolucion-de-su-salud\/\",\"name\":\"Alfonso Durazo informa sobre la evoluci\\u00f3n de su salud - Periodista SoledadDurazo.com\",\"isPartOf\":{\"@id\":\"https:\/\/soledaddurazo.com\/#website\"},\"primaryImageOfPage\":{\"@id\":\"https:\/\/soledaddurazo.com\/blog\/2021\/09\/09\/alfonso-durazo-informa-sobre-la-evolucion-de-su-salud\/#primaryimage\"},\"datePublished\":\"2021-09-10T05:53:01+00:00\",\"dateModified\":\"2021-09-10T05:53:01+00:00\",\"breadcrumb\":{\"@id\":\"https:\/\/soledaddurazo.com\/blog\/2021\/09\/09\/alfonso-durazo-informa-sobre-la-evolucion-de-su-salud\/#breadcrumb\"},\"inLanguage\":\"es\",\"potentialAction\":[{\"@type\":\"ReadAction\",\"target\":[\"https:\/\/soledaddurazo.com\/blog\/2021\/09\/09\/alfonso-durazo-informa-sobre-la-evolucion-de-su-salud\/\"]}]},{\"@type\":\"BreadcrumbList\",\"@id\":\"https:\/\/soledaddurazo.com\/blog\/2021\/09\/09\/alfonso-durazo-informa-sobre-la-evolucion-de-su-salud\/#breadcrumb\",\"itemListElement\":[{\"@type\":\"ListItem\",\"position\":1,\"name\":\"Home\",\"item\":\"https:\/\/soledaddurazo.com\/\"},{\"@type\":\"ListItem\",\"position\":2,\"name\":\"Alfonso Durazo informa sobre la evoluci\\u00f3n de su salud\"}]},{\"@type\":\"Article\",\"@id\":\"https:\/\/soledaddurazo.com\/blog\/2021\/09\/09\/alfonso-durazo-informa-sobre-la-evolucion-de-su-salud\/#article\",\"isPartOf\":{\"@id\":\"https:\/\/soledaddurazo.com\/blog\/2021\/09\/09\/alfonso-durazo-informa-sobre-la-evolucion-de-su-salud\/#webpage\"},\"author\":{\"@id\":\"https:\/\/soledaddurazo.com\/#\/schema\/person\/822d8e13aa288585e6546f179853758b\"},\"headline\":\"Alfonso Durazo informa sobre la evoluci\\u00f3n de su salud\",\"datePublished\":\"2021-09-10T05:53:01+00:00\",\"dateModified\":\"2021-09-10T05:53:01+00:00\",\"mainEntityOfPage\":{\"@id\":\"https:\/\/soledaddurazo.com\/blog\/2021\/09\/09\/alfonso-durazo-informa-sobre-la-evolucion-de-su-salud\/#webpage\"},\"wordCount\":229,\"commentCount\":0,\"publisher\":{\"@id\":\"https:\/\/soledaddurazo.com\/#organization\"},\"image\":{\"@id\":\"https:\/\/soledaddurazo.com\/blog\/2021\/09\/09\/alfonso-durazo-informa-sobre-la-evolucion-de-su-salud\/#primaryimage\"},\"thumbnailUrl\":\"https:\/\/soledaddurazo.com\/storage\/2021\/09\/unnamed-2021-09-09T225209.181.jpg\",\"articleSection\":[\"Sonora 20-21\"],\"inLanguage\":\"es\",\"potentialAction\":[{\"@type\":\"CommentAction\",\"name\":\"Comment\",\"target\":[\"https:\/\/soledaddurazo.com\/blog\/2021\/09\/09\/alfonso-durazo-informa-sobre-la-evolucion-de-su-salud\/#respond\"]}]},{\"@type\":\"Person\",\"@id\":\"https:\/\/soledaddurazo.com\/#\/schema\/person\/822d8e13aa288585e6546f179853758b\",\"name\":\"Redacci\\u00f3n\",\"image\":{\"@type\":\"ImageObject\",\"@id\":\"https:\/\/soledaddurazo.com\/#personlogo\",\"inLanguage\":\"es\",\"url\":\"https:\/\/secure.gravatar.com\/avatar\/c4e193752f756fd61f04deebed3a3a20dc188d37edb53682d313ac57f2725d54?s=96&d=mm&r=g\",\"contentUrl\":\"https:\/\/secure.gravatar.com\/avatar\/c4e193752f756fd61f04deebed3a3a20dc188d37edb53682d313ac57f2725d54?s=96&d=mm&r=g\",\"caption\":\"Redacci\\u00f3n\"},\"sameAs\":[\"https:\/\/soledaddurazo.com\"]}]}<\/script>\n ","yoast_head_json":{"title":"Alfonso Durazo informa sobre la evoluci\u00f3n de su salud - Periodista SoledadDurazo.com","robots":{"index":"index","follow":"follow","max-snippet":"max-snippet:-1","max-image-preview":"max-image-preview:large","max-video-preview":"max-video-preview:-1"},"canonical":"https:\/\/soledaddurazo.com\/blog\/2021\/09\/09\/alfonso-durazo-informa-sobre-la-evolucion-de-su-salud\/","og_locale":"es_MX","og_type":"article","og_title":"Alfonso Durazo informa sobre la evoluci\u00f3n de su salud","og_description":"El gobernador electo, Alfonso Durazo Monta\u00f1o, inform\u00f3 a trav\u00e9s de sus redes sociales que se practic\u00f3 una prueba cuyo pron\u00f3stico m\u00e9dico espera resulte negativo y de no contagio de Covid-19. \u201cMe siento muy bien&#8230; Tuve la fortuna de poder trabajar casi con normalidad todos estos d\u00edas. Y en este momento voy a hacerme una prueba [&hellip;]","og_url":"https:\/\/soledaddurazo.com\/blog\/2021\/09\/09\/alfonso-durazo-informa-sobre-la-evolucion-de-su-salud\/","og_site_name":"Periodista SoledadDurazo.com","article_publisher":"https:\/\/www.facebook.com\/soledad.durazo.9\/","article_published_time":"2021-09-10T05:53:01+00:00","og_image":[{"width":1600,"height":1200,"url":"https:\/\/soledaddurazo.com\/storage\/2021\/09\/unnamed-2021-09-09T225209.181.jpg","type":"image\/jpeg"}],"twitter_card":"summary_large_image","twitter_creator":"@SoledadDurazo","twitter_site":"@SoledadDurazo","twitter_misc":{"Escrito por":"Redacci\u00f3n","Tiempo de lectura":"1 minuto"},"schema":{"@context":"https:\/\/schema.org","@graph":[{"@type":"Organization","@id":"https:\/\/soledaddurazo.com\/#organization","name":"Soledad Durazo","url":"https:\/\/soledaddurazo.com\/","sameAs":["https:\/\/www.facebook.com\/soledad.durazo.9\/","https:\/\/www.instagram.com\/soledaddurazo","https:\/\/www.youtube.com\/channel\/UC9yGPw8-Vbl_B2XNkRwPS-w","https:\/\/twitter.com\/SoledadDurazo"],"logo":{"@type":"ImageObject","@id":"https:\/\/soledaddurazo.com\/#logo","inLanguage":"es","url":"https:\/\/soledaddurazo.com\/storage\/2021\/11\/nllp-720x375-1-2.png","contentUrl":"https:\/\/soledaddurazo.com\/storage\/2021\/11\/nllp-720x375-1-2.png","width":720,"height":375,"caption":"Soledad Durazo"},"image":{"@id":"https:\/\/soledaddurazo.com\/#logo"}},{"@type":"WebSite","@id":"https:\/\/soledaddurazo.com\/#website","url":"https:\/\/soledaddurazo.com\/","name":"Periodista SoledadDurazo.com","description":"Periodista sonorense. Directora de www.SoledadDurazo.com Columnista, conductora de radio y Tv. Catedr\u00e1tica en la UNISON","publisher":{"@id":"https:\/\/soledaddurazo.com\/#organization"},"potentialAction":[{"@type":"SearchAction","target":{"@type":"EntryPoint","urlTemplate":"https:\/\/soledaddurazo.com\/?s={search_term_string}"},"query-input":"required name=search_term_string"}],"inLanguage":"es"},{"@type":"ImageObject","@id":"https:\/\/soledaddurazo.com\/blog\/2021\/09\/09\/alfonso-durazo-informa-sobre-la-evolucion-de-su-salud\/#primaryimage","inLanguage":"es","url":"https:\/\/soledaddurazo.com\/storage\/2021\/09\/unnamed-2021-09-09T225209.181.jpg","contentUrl":"https:\/\/soledaddurazo.com\/storage\/2021\/09\/unnamed-2021-09-09T225209.181.jpg","width":1600,"height":1200},{"@type":"WebPage","@id":"https:\/\/soledaddurazo.com\/blog\/2021\/09\/09\/alfonso-durazo-informa-sobre-la-evolucion-de-su-salud\/#webpage","url":"https:\/\/soledaddurazo.com\/blog\/2021\/09\/09\/alfonso-durazo-informa-sobre-la-evolucion-de-su-salud\/","name":"Alfonso Durazo informa sobre la evoluci\u00f3n de su salud - Periodista SoledadDurazo.com","isPartOf":{"@id":"https:\/\/soledaddurazo.com\/#website"},"primaryImageOfPage":{"@id":"https:\/\/soledaddurazo.com\/blog\/2021\/09\/09\/alfonso-durazo-informa-sobre-la-evolucion-de-su-salud\/#primaryimage"},"datePublished":"2021-09-10T05:53:01+00:00","dateModified":"2021-09-10T05:53:01+00:00","breadcrumb":{"@id":"https:\/\/soledaddurazo.com\/blog\/2021\/09\/09\/alfonso-durazo-informa-sobre-la-evolucion-de-su-salud\/#breadcrumb"},"inLanguage":"es","potentialAction":[{"@type":"ReadAction","target":["https:\/\/soledaddurazo.com\/blog\/2021\/09\/09\/alfonso-durazo-informa-sobre-la-evolucion-de-su-salud\/"]}]},{"@type":"BreadcrumbList","@id":"https:\/\/soledaddurazo.com\/blog\/2021\/09\/09\/alfonso-durazo-informa-sobre-la-evolucion-de-su-salud\/#breadcrumb","itemListElement":[{"@type":"ListItem","position":1,"name":"Home","item":"https:\/\/soledaddurazo.com\/"},{"@type":"ListItem","position":2,"name":"Alfonso Durazo informa sobre la evoluci\u00f3n de su salud"}]},{"@type":"Article","@id":"https:\/\/soledaddurazo.com\/blog\/2021\/09\/09\/alfonso-durazo-informa-sobre-la-evolucion-de-su-salud\/#article","isPartOf":{"@id":"https:\/\/soledaddurazo.com\/blog\/2021\/09\/09\/alfonso-durazo-informa-sobre-la-evolucion-de-su-salud\/#webpage"},"author":{"@id":"https:\/\/soledaddurazo.com\/#\/schema\/person\/822d8e13aa288585e6546f179853758b"},"headline":"Alfonso Durazo informa sobre la evoluci\u00f3n de su salud","datePublished":"2021-09-10T05:53:01+00:00","dateModified":"2021-09-10T05:53:01+00:00","mainEntityOfPage":{"@id":"https:\/\/soledaddurazo.com\/blog\/2021\/09\/09\/alfonso-durazo-informa-sobre-la-evolucion-de-su-salud\/#webpage"},"wordCount":229,"commentCount":0,"publisher":{"@id":"https:\/\/soledaddurazo.com\/#organization"},"image":{"@id":"https:\/\/soledaddurazo.com\/blog\/2021\/09\/09\/alfonso-durazo-informa-sobre-la-evolucion-de-su-salud\/#primaryimage"},"thumbnailUrl":"https:\/\/soledaddurazo.com\/storage\/2021\/09\/unnamed-2021-09-09T225209.181.jpg","articleSection":["Sonora 20-21"],"inLanguage":"es","potentialAction":[{"@type":"CommentAction","name":"Comment","target":["https:\/\/soledaddurazo.com\/blog\/2021\/09\/09\/alfonso-durazo-informa-sobre-la-evolucion-de-su-salud\/#respond"]}]},{"@type":"Person","@id":"https:\/\/soledaddurazo.com\/#\/schema\/person\/822d8e13aa288585e6546f179853758b","name":"Redacci\u00f3n","image":{"@type":"ImageObject","@id":"https:\/\/soledaddurazo.com\/#personlogo","inLanguage":"es","url":"https:\/\/secure.gravatar.com\/avatar\/c4e193752f756fd61f04deebed3a3a20dc188d37edb53682d313ac57f2725d54?s=96&d=mm&r=g","contentUrl":"https:\/\/secure.gravatar.com\/avatar\/c4e193752f756fd61f04deebed3a3a20dc188d37edb53682d313ac57f2725d54?s=96&d=mm&r=g","caption":"Redacci\u00f3n"},"sameAs":["https:\/\/soledaddurazo.com"]}]}},"_links":{"self":[{"href":"https:\/\/soledaddurazo.com\/api\/wp\/v2\/posts\/10639","targetHints":{"allow":["GET"]}}],"collection":[{"href":"https:\/\/soledaddurazo.com\/api\/wp\/v2\/posts"}],"about":[{"href":"https:\/\/soledaddurazo.com\/api\/wp\/v2\/types\/post"}],"author":[{"embeddable":true,"href":"https:\/\/soledaddurazo.com\/api\/wp\/v2\/users\/1"}],"replies":[{"embeddable":true,"href":"https:\/\/soledaddurazo.com\/api\/wp\/v2\/comments?post=10639"}],"version-history":[{"count":1,"href":"https:\/\/soledaddurazo.com\/api\/wp\/v2\/posts\/10639\/revisions"}],"predecessor-version":[{"id":10641,"href":"https:\/\/soledaddurazo.com\/api\/wp\/v2\/posts\/10639\/revisions\/10641"}],"wp:featuredmedia":[{"embeddable":true,"href":"https:\/\/soledaddurazo.com\/api\/wp\/v2\/media\/10640"}],"wp:attachment":[{"href":"https:\/\/soledaddurazo.com\/api\/wp\/v2\/media?parent=10639"}],"wp:term":[{"taxonomy":"category","embeddable":true,"href":"https:\/\/soledaddurazo.com\/api\/wp\/v2\/categories?post=10639"},{"taxonomy":"post_tag","embeddable":true,"href":"https:\/\/soledaddurazo.com\/api\/wp\/v2\/tags?post=10639"}],"curies":[{"name":"wp","href":"https:\/\/api.w.org\/{rel}","templated":true}]}}