{"id":10632,"date":"2021-09-08T23:58:13","date_gmt":"2021-09-09T06:58:13","guid":{"rendered":"https:\/\/soledaddurazo.com\/?p=10632"},"modified":"2021-09-08T23:58:13","modified_gmt":"2021-09-09T06:58:13","slug":"se-imponen-los-moderados","status":"publish","type":"post","link":"https:\/\/soledaddurazo.com\/blog\/2021\/09\/08\/se-imponen-los-moderados\/","title":{"rendered":"Se imponen los moderados"},"content":{"rendered":"<p>De emociones encontradas la conferencia de prensa del pasado lunes en la que Alfonso Durazo Monta\u00f1o, hizo p\u00fablico los nombres de las mujeres y hombres que le acompa\u00f1ar\u00e1n en el ejercicio del poder pol\u00edtico en Sonora desde el Poder Ejecutivo Estatal.<br \/>\nEmocionante porque el pr\u00f3ximo Gobernador enumero los proyectos de inversi\u00f3n que con presupuesto de la federaci\u00f3n, se realizar\u00e1n obras para modernizar las aduanas en Nogales, Agua Prieta, San Luis R\u00edo Colorado y Sonoyta, con obras de infraestructura vial que transformar\u00e1 el paisaje urbano de esas ciudades.<\/p>\n<p>La construcci\u00f3n de un muelle y el dragado de la bah\u00eda de Guaymas, adem\u00e1s de la adquisici\u00f3n de dos grandes gr\u00faas con capacidad para movilizar en total dos millones de toneladas de carga por a\u00f1o y la remodelaci\u00f3n de las entradas y accesos entre Empalme y Guaymas que mejorar\u00e1 la movilidad en esa zona metropolitana.<br \/>\nSer\u00e1 una inversi\u00f3n con recursos del Gobierno Federal que no tiene precedente en el estado, superior a los cinco mil millones de pesos, cabe se\u00f1alar al calce de esta informaci\u00f3n proporcionada por el Gobernador electo, que la inversi\u00f3n en infraestructura del Gobierno Federal para Sonora ha sido sumamente raqu\u00edtica en los \u00faltimos tres a\u00f1os que lleva el sexenio del Presidente Andr\u00e9s Manuel L\u00f3pez Obrador, el panorama es de optimismo.<br \/>\nPero del optimismo mutamos al des\u00e1nimo, al darse a conocer el diagn\u00f3stico realizado por el equipo de transici\u00f3n del Gobernador electo, deuda p\u00fablica; el surtido de solo el 10% de medicamentos que se requieren anualmente; obras sin concluir; el 40% de las escuelas p\u00fablicas sin estar en condiciones de regreso a clases; la cuesta luce muy empinada, el reto ser\u00e1 may\u00fasculo.<br \/>\nEl anuncio que se estaba esperando, tuvo algo de sorpresa, tres Diputados Federales fueron incluidos en puestos de primer nivel en el organigrama del Gobierno del Estado, las Diputadas por Hermosillo, Wendy Brice\u00f1o y Lorenia Valles que fueron nombradas como Secretaria de Desarrollo Social y Directora del Sistema para el Desarrollo Integral de la Familia, respectivamente; el Diputado por el Distrito de Guaymas, Heriberto Aguilar, ocupar\u00e1 la titularidad de la Secretar\u00eda de Infraestructura y Desarrollo Urbano.<br \/>\nEn los nombramientos que ense\u00f1\u00f3 Alfonso Durazo, es evidente que se impusieron los moderados sobre los fundamentalistas que cohabitan en Morena, una nueva clase pol\u00edtica se apresta a tomar y ejercer el poder en Sonora, un gobierno con una visi\u00f3n patrimonialista, de cuates y cuotas, es cosa del pasado, asegura el Gobernador electo.<br \/>\nLos cuatro requisitos esenciales para participar en el mes\u00f3n del durazismo ser\u00e1 el de contar con capacidad, honestidad, socialmente comprometidos y con alta sensibilidad pol\u00edtica, el que no cumpla con esos requisitos en cualquier momento del sexenio, podr\u00e1 irse despidiendo del cheque verde.<br \/>\nCAJEME MUNICIPIO PROMOTOR DE LA SALUD<br \/>\nLa Secretar\u00eda de Salud, acaba de entregar al Ayuntamiento de Cajeme, un reconocimiento como municipio promotor de la salud, por el esfuerzo coordinado que ha venido realizando junto a la Secretar\u00eda de Salud, para realizar acciones de contenci\u00f3n y prevenci\u00f3n de contagios por la tercera ola de coronavirus y de promoci\u00f3n de la salud.<br \/>\nCajeme fue de los municipios que present\u00f3 altos niveles de contagios al inicio de la tercera ola, pero gracias al esfuerzo coordinado, se ha logrado que las cifras de contagios disminuyan sostenidamente en las dos semanas consecutivas recientes.<\/p>\n<p>Atr\u00e1s quedaron los reclamos del Secretario de Salud al Presidente Municipal de Cajeme, Sergio Pablo Mariscal, que invit\u00f3 al doctor Enrique Clausen a visitar Cajeme y platicar con taza de caf\u00e9 de por medio sobre las acciones de combate a la pandemia.<br \/>\nEjerciendo el bello arte de la pol\u00edtica a trav\u00e9s del di\u00e1logo respetuoso, lograron un acuerdo sobre un asunto de inter\u00e9s general para el municipio de Cajeme, como lo es la salud p\u00fablica, el resultado fue que tanto Ayuntamiento de Cajeme como Secretar\u00eda de Salud, siguieron trabajando en canal abierto de comunicaci\u00f3n y las cosas mejoraron para bien,<br \/>\nARRANCA LEGISLATURA LOCAL<br \/>\nDieron comienzo las sesiones de pleno del Congreso del Estado en la legislatura n\u00famero 63, la semana pasada en este espacio se expuso la ense\u00f1ada de colmillo que peg\u00f3 el Presidente del Congreso del Estado, Jacobo Mendoza, anticipando la fuerza con que vendr\u00e1 la mayor\u00eda de Diputados de Morena que no tendr\u00e1 problemas para aprobar cualquier iniciativa.<br \/>\nPero en la otra cara de la moneda, desde el Grupo Parlamentario del PAN, levantan la voz, su coordinador Ernesto Kiko Munro, extendi\u00f3 la mano para impulsar una agenda desde y para la sociedad, que genere bienestar para los sonorenses, que mantenga un enfoque al manejo transparente de los recursos y con amplio sentido social, rescatando la visi\u00f3n municipalita para que cada demarcaci\u00f3n obtenga los recursos presupuestales que le corresponden.<\/p>\n<p>Pero, el Coordinador de los Diputados del PAN, advirti\u00f3 que ser\u00e1 una oposici\u00f3n firme, si se topan con que se proteger\u00e1n intereses de grupo.<br \/>\nRETAZOS INTERESANTES<br \/>\n1.- Tragedia en un hospital del IMSS en la ciudad de Tula, Hidalgo, debido a las intensas lluvias, se inund\u00f3 el hospital, se cort\u00f3 el servicio de luz, ante la falta de una planta de luz de emergencia, fue necesario a evacuar a los pacientes internados. Murieron 17 pacientes, que estaban conectados a un aparato de respiraci\u00f3n. Seguramente no habr\u00e1 responsables de la muerte de esas 17 personas. Un caso m\u00e1s de impunidad.<br \/>\n2.- Tr\u00e1gica iron\u00eda de la naturaleza para el pueblo de M\u00e9xico, tembl\u00f3 fuerte en la Ciudad de M\u00e9xico y en septiembre, por fortuna no hay da\u00f1os materiales de consideraci\u00f3n y solo hubo una persona muerta. Considerando la intensidad del temblor, m\u00e1s de 7 grados Ritcher, aguantaron los edificios de la capital del pa\u00eds.<br \/>\n3.- Hoy estar\u00e1 en la Mesa Canc\u00fan la Diputada local, Natalia Rivera, tambi\u00e9n aspira a la dirigencia estatal del PRI. Para la siguiente columna le platico estimado lector los detalles de la reuni\u00f3n.<br \/>\n4.- Que se realiz\u00f3 una compra de dos casas en un conocido fraccionamiento residencial de lujo, al contado, una bicoca, diez millones de pesos por cada una. No es de alg\u00fan funcionario de la administraci\u00f3n estatal neoliberal actual. Lleva la marca de la Cuatro T\u00e9, en todas sus letras, con todo y el dec\u00e1logo de principios del gobierno que propuso el Presidente Andr\u00e9s Manuel L\u00f3pez Obrador a sus colaboradores y seguidores. Si averiguo m\u00e1s, le inform\u00f3 para la siguiente columna.<br \/>\nPara los amigos de todo el sur de Sonora, los invito a escuchar de 13:00 a 14:00 horas, SONORA EN RED NOTICIAS, espacio que comparto con mi amigo Arturo Chapo Soto, por el 93.3 del cuadrante de F.M. que tambi\u00e9n puede ser visto, a pesar de la cara que nos aventamos, por la se\u00f1al del canal 14 de TV Azteca Tucson, para todo el sur de Arizona. No se lo pierdan.<br \/>\nPodemos interactuar a trav\u00e9s de mi cuenta de Twitter @feroropeza20 o en mi correo electr\u00f3nico luiso@hmo.megared.net.mx<\/p>\n","protected":false},"excerpt":{"rendered":"<p>De emociones encontradas la conferencia de prensa del pasado lunes en la que Alfonso Durazo Monta\u00f1o, hizo p\u00fablico los nombres de las mujeres y hombres que le acompa\u00f1ar\u00e1n en el ejercicio del poder pol\u00edtico en Sonora desde el Poder Ejecutivo Estatal. Emocionante porque el pr\u00f3ximo Gobernador enumero los proyectos de inversi\u00f3n que con presupuesto de [&hellip;]<\/p>\n","protected":false},"author":1,"featured_media":7893,"comment_status":"open","ping_status":"open","sticky":false,"template":"","format":"standard","meta":{"footnotes":""},"categories":[173],"tags":[],"class_list":["post"],"yoast_head":" \n<title>Se imponen los moderados - Periodista SoledadDurazo.com<\/title>\n<meta name=\"robots\" content=\"index, follow, max-snippet:-1, max-image-preview:large, max-video-preview:-1\" \/>\n<link rel=\"canonical\" href=\"https:\/\/soledaddurazo.com\/blog\/2021\/09\/08\/se-imponen-los-moderados\/\" \/>\n<meta property=\"og:locale\" content=\"es_MX\" \/>\n<meta property=\"og:type\" content=\"article\" \/>\n<meta property=\"og:title\" content=\"Se imponen los moderados\" \/>\n<meta property=\"og:description\" content=\"De emociones encontradas la conferencia de prensa del pasado lunes en la que Alfonso Durazo Monta\u00f1o, hizo p\u00fablico los nombres de las mujeres y hombres que le acompa\u00f1ar\u00e1n en el ejercicio del poder pol\u00edtico en Sonora desde el Poder Ejecutivo Estatal. Emocionante porque el pr\u00f3ximo Gobernador enumero los proyectos de inversi\u00f3n que con presupuesto de [&hellip;]\" \/>\n<meta property=\"og:url\" content=\"https:\/\/soledaddurazo.com\/blog\/2021\/09\/08\/se-imponen-los-moderados\/\" \/>\n<meta property=\"og:site_name\" content=\"Periodista SoledadDurazo.com\" \/>\n<meta property=\"article:publisher\" content=\"https:\/\/www.facebook.com\/soledad.durazo.9\/\" \/>\n<meta property=\"article:published_time\" content=\"2021-09-09T06:58:13+00:00\" \/>\n<meta property=\"og:image\" content=\"https:\/\/soledaddurazo.com\/storage\/2021\/04\/FOTO-FERNANDO-OROPEZA.jpg\" \/>\n\t<meta property=\"og:image:width\" content=\"1732\" \/>\n\t<meta property=\"og:image:height\" content=\"1154\" \/>\n<meta name=\"twitter:card\" content=\"summary_large_image\" \/>\n<meta name=\"twitter:creator\" content=\"@SoledadDurazo\" \/>\n<meta name=\"twitter:site\" content=\"@SoledadDurazo\" \/>\n<meta name=\"twitter:label1\" content=\"Escrito por\" \/>\n\t<meta name=\"twitter:data1\" content=\"Redacci\u00f3n\" \/>\n\t<meta name=\"twitter:label2\" content=\"Tiempo de lectura\" \/>\n\t<meta name=\"twitter:data2\" content=\"6 minutos\" \/>\n<script type=\"application\/ld+json\" class=\"yoast-schema-graph\">{\"@context\":\"https:\/\/schema.org\",\"@graph\":[{\"@type\":\"Organization\",\"@id\":\"https:\/\/soledaddurazo.com\/#organization\",\"name\":\"Soledad Durazo\",\"url\":\"https:\/\/soledaddurazo.com\/\",\"sameAs\":[\"https:\/\/www.facebook.com\/soledad.durazo.9\/\",\"https:\/\/www.instagram.com\/soledaddurazo\",\"https:\/\/www.youtube.com\/channel\/UC9yGPw8-Vbl_B2XNkRwPS-w\",\"https:\/\/twitter.com\/SoledadDurazo\"],\"logo\":{\"@type\":\"ImageObject\",\"@id\":\"https:\/\/soledaddurazo.com\/#logo\",\"inLanguage\":\"es\",\"url\":\"https:\/\/soledaddurazo.com\/storage\/2021\/11\/nllp-720x375-1-2.png\",\"contentUrl\":\"https:\/\/soledaddurazo.com\/storage\/2021\/11\/nllp-720x375-1-2.png\",\"width\":720,\"height\":375,\"caption\":\"Soledad Durazo\"},\"image\":{\"@id\":\"https:\/\/soledaddurazo.com\/#logo\"}},{\"@type\":\"WebSite\",\"@id\":\"https:\/\/soledaddurazo.com\/#website\",\"url\":\"https:\/\/soledaddurazo.com\/\",\"name\":\"Periodista SoledadDurazo.com\",\"description\":\"Periodista sonorense. Directora de www.SoledadDurazo.com Columnista, conductora de radio y Tv. Catedr\\u00e1tica en la UNISON\",\"publisher\":{\"@id\":\"https:\/\/soledaddurazo.com\/#organization\"},\"potentialAction\":[{\"@type\":\"SearchAction\",\"target\":{\"@type\":\"EntryPoint\",\"urlTemplate\":\"https:\/\/soledaddurazo.com\/?s={search_term_string}\"},\"query-input\":\"required name=search_term_string\"}],\"inLanguage\":\"es\"},{\"@type\":\"ImageObject\",\"@id\":\"https:\/\/soledaddurazo.com\/blog\/2021\/09\/08\/se-imponen-los-moderados\/#primaryimage\",\"inLanguage\":\"es\",\"url\":\"https:\/\/soledaddurazo.com\/storage\/2021\/04\/FOTO-FERNANDO-OROPEZA.jpg\",\"contentUrl\":\"https:\/\/soledaddurazo.com\/storage\/2021\/04\/FOTO-FERNANDO-OROPEZA.jpg\",\"width\":1732,\"height\":1154},{\"@type\":\"WebPage\",\"@id\":\"https:\/\/soledaddurazo.com\/blog\/2021\/09\/08\/se-imponen-los-moderados\/#webpage\",\"url\":\"https:\/\/soledaddurazo.com\/blog\/2021\/09\/08\/se-imponen-los-moderados\/\",\"name\":\"Se imponen los moderados - Periodista SoledadDurazo.com\",\"isPartOf\":{\"@id\":\"https:\/\/soledaddurazo.com\/#website\"},\"primaryImageOfPage\":{\"@id\":\"https:\/\/soledaddurazo.com\/blog\/2021\/09\/08\/se-imponen-los-moderados\/#primaryimage\"},\"datePublished\":\"2021-09-09T06:58:13+00:00\",\"dateModified\":\"2021-09-09T06:58:13+00:00\",\"breadcrumb\":{\"@id\":\"https:\/\/soledaddurazo.com\/blog\/2021\/09\/08\/se-imponen-los-moderados\/#breadcrumb\"},\"inLanguage\":\"es\",\"potentialAction\":[{\"@type\":\"ReadAction\",\"target\":[\"https:\/\/soledaddurazo.com\/blog\/2021\/09\/08\/se-imponen-los-moderados\/\"]}]},{\"@type\":\"BreadcrumbList\",\"@id\":\"https:\/\/soledaddurazo.com\/blog\/2021\/09\/08\/se-imponen-los-moderados\/#breadcrumb\",\"itemListElement\":[{\"@type\":\"ListItem\",\"position\":1,\"name\":\"Home\",\"item\":\"https:\/\/soledaddurazo.com\/\"},{\"@type\":\"ListItem\",\"position\":2,\"name\":\"Se imponen los moderados\"}]},{\"@type\":\"Article\",\"@id\":\"https:\/\/soledaddurazo.com\/blog\/2021\/09\/08\/se-imponen-los-moderados\/#article\",\"isPartOf\":{\"@id\":\"https:\/\/soledaddurazo.com\/blog\/2021\/09\/08\/se-imponen-los-moderados\/#webpage\"},\"author\":{\"@id\":\"https:\/\/soledaddurazo.com\/#\/schema\/person\/822d8e13aa288585e6546f179853758b\"},\"headline\":\"Se imponen los moderados\",\"datePublished\":\"2021-09-09T06:58:13+00:00\",\"dateModified\":\"2021-09-09T06:58:13+00:00\",\"mainEntityOfPage\":{\"@id\":\"https:\/\/soledaddurazo.com\/blog\/2021\/09\/08\/se-imponen-los-moderados\/#webpage\"},\"wordCount\":1202,\"commentCount\":0,\"publisher\":{\"@id\":\"https:\/\/soledaddurazo.com\/#organization\"},\"image\":{\"@id\":\"https:\/\/soledaddurazo.com\/blog\/2021\/09\/08\/se-imponen-los-moderados\/#primaryimage\"},\"thumbnailUrl\":\"https:\/\/soledaddurazo.com\/storage\/2021\/04\/FOTO-FERNANDO-OROPEZA.jpg\",\"articleSection\":[\"Fernando Oropeza\"],\"inLanguage\":\"es\",\"potentialAction\":[{\"@type\":\"CommentAction\",\"name\":\"Comment\",\"target\":[\"https:\/\/soledaddurazo.com\/blog\/2021\/09\/08\/se-imponen-los-moderados\/#respond\"]}]},{\"@type\":\"Person\",\"@id\":\"https:\/\/soledaddurazo.com\/#\/schema\/person\/822d8e13aa288585e6546f179853758b\",\"name\":\"Redacci\\u00f3n\",\"image\":{\"@type\":\"ImageObject\",\"@id\":\"https:\/\/soledaddurazo.com\/#personlogo\",\"inLanguage\":\"es\",\"url\":\"https:\/\/secure.gravatar.com\/avatar\/c4e193752f756fd61f04deebed3a3a20dc188d37edb53682d313ac57f2725d54?s=96&d=mm&r=g\",\"contentUrl\":\"https:\/\/secure.gravatar.com\/avatar\/c4e193752f756fd61f04deebed3a3a20dc188d37edb53682d313ac57f2725d54?s=96&d=mm&r=g\",\"caption\":\"Redacci\\u00f3n\"},\"sameAs\":[\"https:\/\/soledaddurazo.com\"]}]}<\/script>\n ","yoast_head_json":{"title":"Se imponen los moderados - Periodista SoledadDurazo.com","robots":{"index":"index","follow":"follow","max-snippet":"max-snippet:-1","max-image-preview":"max-image-preview:large","max-video-preview":"max-video-preview:-1"},"canonical":"https:\/\/soledaddurazo.com\/blog\/2021\/09\/08\/se-imponen-los-moderados\/","og_locale":"es_MX","og_type":"article","og_title":"Se imponen los moderados","og_description":"De emociones encontradas la conferencia de prensa del pasado lunes en la que Alfonso Durazo Monta\u00f1o, hizo p\u00fablico los nombres de las mujeres y hombres que le acompa\u00f1ar\u00e1n en el ejercicio del poder pol\u00edtico en Sonora desde el Poder Ejecutivo Estatal. Emocionante porque el pr\u00f3ximo Gobernador enumero los proyectos de inversi\u00f3n que con presupuesto de [&hellip;]","og_url":"https:\/\/soledaddurazo.com\/blog\/2021\/09\/08\/se-imponen-los-moderados\/","og_site_name":"Periodista SoledadDurazo.com","article_publisher":"https:\/\/www.facebook.com\/soledad.durazo.9\/","article_published_time":"2021-09-09T06:58:13+00:00","og_image":[{"width":1732,"height":1154,"url":"https:\/\/soledaddurazo.com\/storage\/2021\/04\/FOTO-FERNANDO-OROPEZA.jpg","type":"image\/jpeg"}],"twitter_card":"summary_large_image","twitter_creator":"@SoledadDurazo","twitter_site":"@SoledadDurazo","twitter_misc":{"Escrito por":"Redacci\u00f3n","Tiempo de lectura":"6 minutos"},"schema":{"@context":"https:\/\/schema.org","@graph":[{"@type":"Organization","@id":"https:\/\/soledaddurazo.com\/#organization","name":"Soledad Durazo","url":"https:\/\/soledaddurazo.com\/","sameAs":["https:\/\/www.facebook.com\/soledad.durazo.9\/","https:\/\/www.instagram.com\/soledaddurazo","https:\/\/www.youtube.com\/channel\/UC9yGPw8-Vbl_B2XNkRwPS-w","https:\/\/twitter.com\/SoledadDurazo"],"logo":{"@type":"ImageObject","@id":"https:\/\/soledaddurazo.com\/#logo","inLanguage":"es","url":"https:\/\/soledaddurazo.com\/storage\/2021\/11\/nllp-720x375-1-2.png","contentUrl":"https:\/\/soledaddurazo.com\/storage\/2021\/11\/nllp-720x375-1-2.png","width":720,"height":375,"caption":"Soledad Durazo"},"image":{"@id":"https:\/\/soledaddurazo.com\/#logo"}},{"@type":"WebSite","@id":"https:\/\/soledaddurazo.com\/#website","url":"https:\/\/soledaddurazo.com\/","name":"Periodista SoledadDurazo.com","description":"Periodista sonorense. Directora de www.SoledadDurazo.com Columnista, conductora de radio y Tv. Catedr\u00e1tica en la UNISON","publisher":{"@id":"https:\/\/soledaddurazo.com\/#organization"},"potentialAction":[{"@type":"SearchAction","target":{"@type":"EntryPoint","urlTemplate":"https:\/\/soledaddurazo.com\/?s={search_term_string}"},"query-input":"required name=search_term_string"}],"inLanguage":"es"},{"@type":"ImageObject","@id":"https:\/\/soledaddurazo.com\/blog\/2021\/09\/08\/se-imponen-los-moderados\/#primaryimage","inLanguage":"es","url":"https:\/\/soledaddurazo.com\/storage\/2021\/04\/FOTO-FERNANDO-OROPEZA.jpg","contentUrl":"https:\/\/soledaddurazo.com\/storage\/2021\/04\/FOTO-FERNANDO-OROPEZA.jpg","width":1732,"height":1154},{"@type":"WebPage","@id":"https:\/\/soledaddurazo.com\/blog\/2021\/09\/08\/se-imponen-los-moderados\/#webpage","url":"https:\/\/soledaddurazo.com\/blog\/2021\/09\/08\/se-imponen-los-moderados\/","name":"Se imponen los moderados - Periodista SoledadDurazo.com","isPartOf":{"@id":"https:\/\/soledaddurazo.com\/#website"},"primaryImageOfPage":{"@id":"https:\/\/soledaddurazo.com\/blog\/2021\/09\/08\/se-imponen-los-moderados\/#primaryimage"},"datePublished":"2021-09-09T06:58:13+00:00","dateModified":"2021-09-09T06:58:13+00:00","breadcrumb":{"@id":"https:\/\/soledaddurazo.com\/blog\/2021\/09\/08\/se-imponen-los-moderados\/#breadcrumb"},"inLanguage":"es","potentialAction":[{"@type":"ReadAction","target":["https:\/\/soledaddurazo.com\/blog\/2021\/09\/08\/se-imponen-los-moderados\/"]}]},{"@type":"BreadcrumbList","@id":"https:\/\/soledaddurazo.com\/blog\/2021\/09\/08\/se-imponen-los-moderados\/#breadcrumb","itemListElement":[{"@type":"ListItem","position":1,"name":"Home","item":"https:\/\/soledaddurazo.com\/"},{"@type":"ListItem","position":2,"name":"Se imponen los moderados"}]},{"@type":"Article","@id":"https:\/\/soledaddurazo.com\/blog\/2021\/09\/08\/se-imponen-los-moderados\/#article","isPartOf":{"@id":"https:\/\/soledaddurazo.com\/blog\/2021\/09\/08\/se-imponen-los-moderados\/#webpage"},"author":{"@id":"https:\/\/soledaddurazo.com\/#\/schema\/person\/822d8e13aa288585e6546f179853758b"},"headline":"Se imponen los moderados","datePublished":"2021-09-09T06:58:13+00:00","dateModified":"2021-09-09T06:58:13+00:00","mainEntityOfPage":{"@id":"https:\/\/soledaddurazo.com\/blog\/2021\/09\/08\/se-imponen-los-moderados\/#webpage"},"wordCount":1202,"commentCount":0,"publisher":{"@id":"https:\/\/soledaddurazo.com\/#organization"},"image":{"@id":"https:\/\/soledaddurazo.com\/blog\/2021\/09\/08\/se-imponen-los-moderados\/#primaryimage"},"thumbnailUrl":"https:\/\/soledaddurazo.com\/storage\/2021\/04\/FOTO-FERNANDO-OROPEZA.jpg","articleSection":["Fernando Oropeza"],"inLanguage":"es","potentialAction":[{"@type":"CommentAction","name":"Comment","target":["https:\/\/soledaddurazo.com\/blog\/2021\/09\/08\/se-imponen-los-moderados\/#respond"]}]},{"@type":"Person","@id":"https:\/\/soledaddurazo.com\/#\/schema\/person\/822d8e13aa288585e6546f179853758b","name":"Redacci\u00f3n","image":{"@type":"ImageObject","@id":"https:\/\/soledaddurazo.com\/#personlogo","inLanguage":"es","url":"https:\/\/secure.gravatar.com\/avatar\/c4e193752f756fd61f04deebed3a3a20dc188d37edb53682d313ac57f2725d54?s=96&d=mm&r=g","contentUrl":"https:\/\/secure.gravatar.com\/avatar\/c4e193752f756fd61f04deebed3a3a20dc188d37edb53682d313ac57f2725d54?s=96&d=mm&r=g","caption":"Redacci\u00f3n"},"sameAs":["https:\/\/soledaddurazo.com"]}]}},"_links":{"self":[{"href":"https:\/\/soledaddurazo.com\/api\/wp\/v2\/posts\/10632","targetHints":{"allow":["GET"]}}],"collection":[{"href":"https:\/\/soledaddurazo.com\/api\/wp\/v2\/posts"}],"about":[{"href":"https:\/\/soledaddurazo.com\/api\/wp\/v2\/types\/post"}],"author":[{"embeddable":true,"href":"https:\/\/soledaddurazo.com\/api\/wp\/v2\/users\/1"}],"replies":[{"embeddable":true,"href":"https:\/\/soledaddurazo.com\/api\/wp\/v2\/comments?post=10632"}],"version-history":[{"count":1,"href":"https:\/\/soledaddurazo.com\/api\/wp\/v2\/posts\/10632\/revisions"}],"predecessor-version":[{"id":10633,"href":"https:\/\/soledaddurazo.com\/api\/wp\/v2\/posts\/10632\/revisions\/10633"}],"wp:featuredmedia":[{"embeddable":true,"href":"https:\/\/soledaddurazo.com\/api\/wp\/v2\/media\/7893"}],"wp:attachment":[{"href":"https:\/\/soledaddurazo.com\/api\/wp\/v2\/media?parent=10632"}],"wp:term":[{"taxonomy":"category","embeddable":true,"href":"https:\/\/soledaddurazo.com\/api\/wp\/v2\/categories?post=10632"},{"taxonomy":"post_tag","embeddable":true,"href":"https:\/\/soledaddurazo.com\/api\/wp\/v2\/tags?post=10632"}],"curies":[{"name":"wp","href":"https:\/\/api.w.org\/{rel}","templated":true}]}}