{"id":10538,"date":"2021-09-06T05:35:53","date_gmt":"2021-09-06T12:35:53","guid":{"rendered":"https:\/\/soledaddurazo.com\/?p=10538"},"modified":"2021-09-06T07:14:40","modified_gmt":"2021-09-06T14:14:40","slug":"hoy-para-nuestro-equipo-es-un-dia-muy-especial","status":"publish","type":"post","link":"https:\/\/soledaddurazo.com\/blog\/2021\/09\/06\/hoy-para-nuestro-equipo-es-un-dia-muy-especial\/","title":{"rendered":"Hoy para nuestro equipo es un d\u00eda muy especial"},"content":{"rendered":"<p>Para el equipo que formamos parte de este esfuerzo informativo que me enorgullece encabezar, este es un d\u00eda especial porque expandimos nuestra cobertura atendiendo el llamado permanente a la renovaci\u00f3n.<\/p>\n<p>Todas las \u00e9pocas y esta no es la excepci\u00f3n, nos presentan nuevos retos y estos en forma de oportunidades.<\/p>\n<p>Siempre hemos pensado que es preferible estar preparadxs para las oportunidades aunque estas nunca lleguen, a que lleguen y no estemos a la altura.<\/p>\n<p>No hay esfuerzos individuales, todo es producto del trabajo en equipo.<\/p>\n<p>Por eso quiero reconocer y reconocerme en ellas y ellos, quienes a lo largo de diez a\u00f1os ya de nuestro portal, primero\u00a0<a href=\"http:\/\/www.energialaboral.com.mx\/\">www.energialaboral.com.mx<\/a>\u00a0y ahora\u00a0<a href=\"http:\/\/www.soledaddurazo.com\/\">www.soledaddurazo.com<\/a>\u00a0\u00a0me han acompa\u00f1ado en la confecci\u00f3n de contenidos, la parte t\u00e9cnica y la exposici\u00f3n en redes; me han orientado y me han dado soporte profesional y sobre todo humano, en todo momento\u2026gracias eternas por ello tambi\u00e9n a mi familia, amigas y amigos.<\/p>\n<p>A partir de hoy 6 de septiembre, a las 13 horas inicia Soledad Durazo en TVD un canal en l\u00ednea del Semanario Primera Plana que tambi\u00e9n expande su oferta informativa a trav\u00e9s de una interesante y variada programaci\u00f3n de la que ya iremos conociendo m\u00e1s detalles. Estaremos a trav\u00e9s de las redes tanto de PPDigital como de SoledadDurazo y podr\u00e1 ver tambi\u00e9n en\u00a0<a href=\"https:\/\/soledaddurazo.com\/\">https:\/\/soledaddurazo.com<\/a>\u00a0Es un programa informativo con contenidos que estoy segura ser\u00e1n de su agrado pero que sobre todo, con su participaci\u00f3n como audiencia podremos mejorar cada d\u00eda.<\/p>\n<p>Por otro lado, como mujer me siento plenamente orgullosa de formar parte de Opini\u00f3n 51 un medio de comunicaci\u00f3n que re\u00fane las plumas de 80 mujeres columnistas que estaremos compartiendo nuestras opiniones sobre los m\u00e1s diversos temas y aqu\u00ed mismo me permito compartirle detalles de este maravilloso proyecto. <a href=\"https:\/\/soledaddurazo.com\/blog\/2021\/09\/06\/opinion-51-la-primera-plataforma-de-opinion-por-suscripcion-formada-por-80-de-las-plumas-mas-poderosas-del-pais\/\">https:\/\/soledaddurazo.com\/blog\/2021\/09\/06\/opinion-51-la-primera-plataforma-de-opinion-por-suscripcion-formada-por-80-de-las-plumas-mas-poderosas-del-pais\/<\/a><\/p>\n<p>Me leen ahora personas que conozco y seguramente tambi\u00e9n algunas que no hemos tenido la oportunidad de cruzar nuestros caminos, pero lo que nos permite coincidir sin necesariamente compartir la misma opini\u00f3n, es la informaci\u00f3n, las noticias, el deseo de saber m\u00e1s.<\/p>\n<p>Nuestro pa\u00eds, el mundo entero precisa de seres humanos comprometidos con su momento, con determinaci\u00f3n de aportar desde su particular trinchera para que vivamos mejor\u2026con todo lo que ello signifique.<\/p>\n<p>Por eso nuestro equipo de\u00a0<a href=\"http:\/\/www.soledaddurao.com\/\">www.<\/a><a href=\"https:\/\/soledaddurazo.com\/\">soledaddurazo.com<\/a>\u00a0de Soledad Durazo en TVD se entrega con pasi\u00f3n y compromiso para ofrecer contenidos de calidad. Ojal\u00e1 en estos espacios podamos seguir coincidiendo. Muchas gracias a nuestras audiencias por otorgarnos su tiempo, su confianza y complementarnos con su opini\u00f3n.<\/p>\n<p>Hace muchos a\u00f1os cerraba un espacio radiof\u00f3nico con el lema: Soy Soledad Durazo\u00a0 detr\u00e1s de m\u00ed hay un gran equipo y delante nuestro, solo el inter\u00e9s de informarle a Usted.<\/p>\n<p>Hoy ese lema sigue vigente.<\/p>\n<p>&nbsp;<\/p>\n<p>Ojal\u00e1 sigamos coincidiendo\u00a0en\u00a0<a href=\"https:\/\/www.soledaddurazo.com\/\">www.SoledadDurazo.com<\/a>\u00a0@SoledadDurazo\u00a0FB\/SoledadDurazo IG: soledaddurazo YT: SoledadDurazo<\/p>\n","protected":false},"excerpt":{"rendered":"<p>Para el equipo que formamos parte de este esfuerzo informativo que me enorgullece encabezar, este es un d\u00eda especial porque expandimos nuestra cobertura atendiendo el llamado permanente a la renovaci\u00f3n. Todas las \u00e9pocas y esta no es la excepci\u00f3n, nos presentan nuevos retos y estos en forma de oportunidades. Siempre hemos pensado que es preferible [&hellip;]<\/p>\n","protected":false},"author":1,"featured_media":10539,"comment_status":"open","ping_status":"open","sticky":false,"template":"","format":"standard","meta":{"footnotes":""},"categories":[153],"tags":[],"class_list":["post"],"yoast_head":" \n<title>Hoy para nuestro equipo es un d\u00eda muy especial - Periodista SoledadDurazo.com<\/title>\n<meta name=\"robots\" content=\"index, follow, max-snippet:-1, max-image-preview:large, max-video-preview:-1\" \/>\n<link rel=\"canonical\" href=\"https:\/\/soledaddurazo.com\/blog\/2021\/09\/06\/hoy-para-nuestro-equipo-es-un-dia-muy-especial\/\" \/>\n<meta property=\"og:locale\" content=\"es_MX\" \/>\n<meta property=\"og:type\" content=\"article\" \/>\n<meta property=\"og:title\" content=\"Hoy para nuestro equipo es un d\u00eda muy especial\" \/>\n<meta property=\"og:description\" content=\"Para el equipo que formamos parte de este esfuerzo informativo que me enorgullece encabezar, este es un d\u00eda especial porque expandimos nuestra cobertura atendiendo el llamado permanente a la renovaci\u00f3n. Todas las \u00e9pocas y esta no es la excepci\u00f3n, nos presentan nuevos retos y estos en forma de oportunidades. Siempre hemos pensado que es preferible [&hellip;]\" \/>\n<meta property=\"og:url\" content=\"https:\/\/soledaddurazo.com\/blog\/2021\/09\/06\/hoy-para-nuestro-equipo-es-un-dia-muy-especial\/\" \/>\n<meta property=\"og:site_name\" content=\"Periodista SoledadDurazo.com\" \/>\n<meta property=\"article:publisher\" content=\"https:\/\/www.facebook.com\/soledad.durazo.9\/\" \/>\n<meta property=\"article:published_time\" content=\"2021-09-06T12:35:53+00:00\" \/>\n<meta property=\"article:modified_time\" content=\"2021-09-06T14:14:40+00:00\" \/>\n<meta property=\"og:image\" content=\"https:\/\/soledaddurazo.com\/storage\/2021\/09\/grafico.jpg\" \/>\n\t<meta property=\"og:image:width\" content=\"1920\" \/>\n\t<meta property=\"og:image:height\" content=\"1080\" \/>\n<meta name=\"twitter:card\" content=\"summary_large_image\" \/>\n<meta name=\"twitter:creator\" content=\"@SoledadDurazo\" \/>\n<meta name=\"twitter:site\" content=\"@SoledadDurazo\" \/>\n<meta name=\"twitter:label1\" content=\"Escrito por\" \/>\n\t<meta name=\"twitter:data1\" content=\"Redacci\u00f3n\" \/>\n\t<meta name=\"twitter:label2\" content=\"Tiempo de lectura\" \/>\n\t<meta name=\"twitter:data2\" content=\"3 minutos\" \/>\n<script type=\"application\/ld+json\" class=\"yoast-schema-graph\">{\"@context\":\"https:\/\/schema.org\",\"@graph\":[{\"@type\":\"Organization\",\"@id\":\"https:\/\/soledaddurazo.com\/#organization\",\"name\":\"Soledad Durazo\",\"url\":\"https:\/\/soledaddurazo.com\/\",\"sameAs\":[\"https:\/\/www.facebook.com\/soledad.durazo.9\/\",\"https:\/\/www.instagram.com\/soledaddurazo\",\"https:\/\/www.youtube.com\/channel\/UC9yGPw8-Vbl_B2XNkRwPS-w\",\"https:\/\/twitter.com\/SoledadDurazo\"],\"logo\":{\"@type\":\"ImageObject\",\"@id\":\"https:\/\/soledaddurazo.com\/#logo\",\"inLanguage\":\"es\",\"url\":\"https:\/\/soledaddurazo.com\/storage\/2021\/11\/nllp-720x375-1-2.png\",\"contentUrl\":\"https:\/\/soledaddurazo.com\/storage\/2021\/11\/nllp-720x375-1-2.png\",\"width\":720,\"height\":375,\"caption\":\"Soledad Durazo\"},\"image\":{\"@id\":\"https:\/\/soledaddurazo.com\/#logo\"}},{\"@type\":\"WebSite\",\"@id\":\"https:\/\/soledaddurazo.com\/#website\",\"url\":\"https:\/\/soledaddurazo.com\/\",\"name\":\"Periodista SoledadDurazo.com\",\"description\":\"Periodista sonorense. Directora de www.SoledadDurazo.com Columnista, conductora de radio y Tv. Catedr\\u00e1tica en la UNISON\",\"publisher\":{\"@id\":\"https:\/\/soledaddurazo.com\/#organization\"},\"potentialAction\":[{\"@type\":\"SearchAction\",\"target\":{\"@type\":\"EntryPoint\",\"urlTemplate\":\"https:\/\/soledaddurazo.com\/?s={search_term_string}\"},\"query-input\":\"required name=search_term_string\"}],\"inLanguage\":\"es\"},{\"@type\":\"ImageObject\",\"@id\":\"https:\/\/soledaddurazo.com\/blog\/2021\/09\/06\/hoy-para-nuestro-equipo-es-un-dia-muy-especial\/#primaryimage\",\"inLanguage\":\"es\",\"url\":\"https:\/\/soledaddurazo.com\/storage\/2021\/09\/grafico.jpg\",\"contentUrl\":\"https:\/\/soledaddurazo.com\/storage\/2021\/09\/grafico.jpg\",\"width\":1920,\"height\":1080},{\"@type\":\"WebPage\",\"@id\":\"https:\/\/soledaddurazo.com\/blog\/2021\/09\/06\/hoy-para-nuestro-equipo-es-un-dia-muy-especial\/#webpage\",\"url\":\"https:\/\/soledaddurazo.com\/blog\/2021\/09\/06\/hoy-para-nuestro-equipo-es-un-dia-muy-especial\/\",\"name\":\"Hoy para nuestro equipo es un d\\u00eda muy especial - Periodista SoledadDurazo.com\",\"isPartOf\":{\"@id\":\"https:\/\/soledaddurazo.com\/#website\"},\"primaryImageOfPage\":{\"@id\":\"https:\/\/soledaddurazo.com\/blog\/2021\/09\/06\/hoy-para-nuestro-equipo-es-un-dia-muy-especial\/#primaryimage\"},\"datePublished\":\"2021-09-06T12:35:53+00:00\",\"dateModified\":\"2021-09-06T14:14:40+00:00\",\"breadcrumb\":{\"@id\":\"https:\/\/soledaddurazo.com\/blog\/2021\/09\/06\/hoy-para-nuestro-equipo-es-un-dia-muy-especial\/#breadcrumb\"},\"inLanguage\":\"es\",\"potentialAction\":[{\"@type\":\"ReadAction\",\"target\":[\"https:\/\/soledaddurazo.com\/blog\/2021\/09\/06\/hoy-para-nuestro-equipo-es-un-dia-muy-especial\/\"]}]},{\"@type\":\"BreadcrumbList\",\"@id\":\"https:\/\/soledaddurazo.com\/blog\/2021\/09\/06\/hoy-para-nuestro-equipo-es-un-dia-muy-especial\/#breadcrumb\",\"itemListElement\":[{\"@type\":\"ListItem\",\"position\":1,\"name\":\"Home\",\"item\":\"https:\/\/soledaddurazo.com\/\"},{\"@type\":\"ListItem\",\"position\":2,\"name\":\"Hoy para nuestro equipo es un d\\u00eda muy especial\"}]},{\"@type\":\"Article\",\"@id\":\"https:\/\/soledaddurazo.com\/blog\/2021\/09\/06\/hoy-para-nuestro-equipo-es-un-dia-muy-especial\/#article\",\"isPartOf\":{\"@id\":\"https:\/\/soledaddurazo.com\/blog\/2021\/09\/06\/hoy-para-nuestro-equipo-es-un-dia-muy-especial\/#webpage\"},\"author\":{\"@id\":\"https:\/\/soledaddurazo.com\/#\/schema\/person\/822d8e13aa288585e6546f179853758b\"},\"headline\":\"Hoy para nuestro equipo es un d\\u00eda muy especial\",\"datePublished\":\"2021-09-06T12:35:53+00:00\",\"dateModified\":\"2021-09-06T14:14:40+00:00\",\"mainEntityOfPage\":{\"@id\":\"https:\/\/soledaddurazo.com\/blog\/2021\/09\/06\/hoy-para-nuestro-equipo-es-un-dia-muy-especial\/#webpage\"},\"wordCount\":516,\"commentCount\":0,\"publisher\":{\"@id\":\"https:\/\/soledaddurazo.com\/#organization\"},\"image\":{\"@id\":\"https:\/\/soledaddurazo.com\/blog\/2021\/09\/06\/hoy-para-nuestro-equipo-es-un-dia-muy-especial\/#primaryimage\"},\"thumbnailUrl\":\"https:\/\/soledaddurazo.com\/storage\/2021\/09\/grafico.jpg\",\"articleSection\":[\"principal\"],\"inLanguage\":\"es\",\"potentialAction\":[{\"@type\":\"CommentAction\",\"name\":\"Comment\",\"target\":[\"https:\/\/soledaddurazo.com\/blog\/2021\/09\/06\/hoy-para-nuestro-equipo-es-un-dia-muy-especial\/#respond\"]}]},{\"@type\":\"Person\",\"@id\":\"https:\/\/soledaddurazo.com\/#\/schema\/person\/822d8e13aa288585e6546f179853758b\",\"name\":\"Redacci\\u00f3n\",\"image\":{\"@type\":\"ImageObject\",\"@id\":\"https:\/\/soledaddurazo.com\/#personlogo\",\"inLanguage\":\"es\",\"url\":\"https:\/\/secure.gravatar.com\/avatar\/c4e193752f756fd61f04deebed3a3a20dc188d37edb53682d313ac57f2725d54?s=96&d=mm&r=g\",\"contentUrl\":\"https:\/\/secure.gravatar.com\/avatar\/c4e193752f756fd61f04deebed3a3a20dc188d37edb53682d313ac57f2725d54?s=96&d=mm&r=g\",\"caption\":\"Redacci\\u00f3n\"},\"sameAs\":[\"https:\/\/soledaddurazo.com\"]}]}<\/script>\n ","yoast_head_json":{"title":"Hoy para nuestro equipo es un d\u00eda muy especial - Periodista SoledadDurazo.com","robots":{"index":"index","follow":"follow","max-snippet":"max-snippet:-1","max-image-preview":"max-image-preview:large","max-video-preview":"max-video-preview:-1"},"canonical":"https:\/\/soledaddurazo.com\/blog\/2021\/09\/06\/hoy-para-nuestro-equipo-es-un-dia-muy-especial\/","og_locale":"es_MX","og_type":"article","og_title":"Hoy para nuestro equipo es un d\u00eda muy especial","og_description":"Para el equipo que formamos parte de este esfuerzo informativo que me enorgullece encabezar, este es un d\u00eda especial porque expandimos nuestra cobertura atendiendo el llamado permanente a la renovaci\u00f3n. Todas las \u00e9pocas y esta no es la excepci\u00f3n, nos presentan nuevos retos y estos en forma de oportunidades. Siempre hemos pensado que es preferible [&hellip;]","og_url":"https:\/\/soledaddurazo.com\/blog\/2021\/09\/06\/hoy-para-nuestro-equipo-es-un-dia-muy-especial\/","og_site_name":"Periodista SoledadDurazo.com","article_publisher":"https:\/\/www.facebook.com\/soledad.durazo.9\/","article_published_time":"2021-09-06T12:35:53+00:00","article_modified_time":"2021-09-06T14:14:40+00:00","og_image":[{"width":1920,"height":1080,"url":"https:\/\/soledaddurazo.com\/storage\/2021\/09\/grafico.jpg","type":"image\/jpeg"}],"twitter_card":"summary_large_image","twitter_creator":"@SoledadDurazo","twitter_site":"@SoledadDurazo","twitter_misc":{"Escrito por":"Redacci\u00f3n","Tiempo de lectura":"3 minutos"},"schema":{"@context":"https:\/\/schema.org","@graph":[{"@type":"Organization","@id":"https:\/\/soledaddurazo.com\/#organization","name":"Soledad Durazo","url":"https:\/\/soledaddurazo.com\/","sameAs":["https:\/\/www.facebook.com\/soledad.durazo.9\/","https:\/\/www.instagram.com\/soledaddurazo","https:\/\/www.youtube.com\/channel\/UC9yGPw8-Vbl_B2XNkRwPS-w","https:\/\/twitter.com\/SoledadDurazo"],"logo":{"@type":"ImageObject","@id":"https:\/\/soledaddurazo.com\/#logo","inLanguage":"es","url":"https:\/\/soledaddurazo.com\/storage\/2021\/11\/nllp-720x375-1-2.png","contentUrl":"https:\/\/soledaddurazo.com\/storage\/2021\/11\/nllp-720x375-1-2.png","width":720,"height":375,"caption":"Soledad Durazo"},"image":{"@id":"https:\/\/soledaddurazo.com\/#logo"}},{"@type":"WebSite","@id":"https:\/\/soledaddurazo.com\/#website","url":"https:\/\/soledaddurazo.com\/","name":"Periodista SoledadDurazo.com","description":"Periodista sonorense. Directora de www.SoledadDurazo.com Columnista, conductora de radio y Tv. Catedr\u00e1tica en la UNISON","publisher":{"@id":"https:\/\/soledaddurazo.com\/#organization"},"potentialAction":[{"@type":"SearchAction","target":{"@type":"EntryPoint","urlTemplate":"https:\/\/soledaddurazo.com\/?s={search_term_string}"},"query-input":"required name=search_term_string"}],"inLanguage":"es"},{"@type":"ImageObject","@id":"https:\/\/soledaddurazo.com\/blog\/2021\/09\/06\/hoy-para-nuestro-equipo-es-un-dia-muy-especial\/#primaryimage","inLanguage":"es","url":"https:\/\/soledaddurazo.com\/storage\/2021\/09\/grafico.jpg","contentUrl":"https:\/\/soledaddurazo.com\/storage\/2021\/09\/grafico.jpg","width":1920,"height":1080},{"@type":"WebPage","@id":"https:\/\/soledaddurazo.com\/blog\/2021\/09\/06\/hoy-para-nuestro-equipo-es-un-dia-muy-especial\/#webpage","url":"https:\/\/soledaddurazo.com\/blog\/2021\/09\/06\/hoy-para-nuestro-equipo-es-un-dia-muy-especial\/","name":"Hoy para nuestro equipo es un d\u00eda muy especial - Periodista SoledadDurazo.com","isPartOf":{"@id":"https:\/\/soledaddurazo.com\/#website"},"primaryImageOfPage":{"@id":"https:\/\/soledaddurazo.com\/blog\/2021\/09\/06\/hoy-para-nuestro-equipo-es-un-dia-muy-especial\/#primaryimage"},"datePublished":"2021-09-06T12:35:53+00:00","dateModified":"2021-09-06T14:14:40+00:00","breadcrumb":{"@id":"https:\/\/soledaddurazo.com\/blog\/2021\/09\/06\/hoy-para-nuestro-equipo-es-un-dia-muy-especial\/#breadcrumb"},"inLanguage":"es","potentialAction":[{"@type":"ReadAction","target":["https:\/\/soledaddurazo.com\/blog\/2021\/09\/06\/hoy-para-nuestro-equipo-es-un-dia-muy-especial\/"]}]},{"@type":"BreadcrumbList","@id":"https:\/\/soledaddurazo.com\/blog\/2021\/09\/06\/hoy-para-nuestro-equipo-es-un-dia-muy-especial\/#breadcrumb","itemListElement":[{"@type":"ListItem","position":1,"name":"Home","item":"https:\/\/soledaddurazo.com\/"},{"@type":"ListItem","position":2,"name":"Hoy para nuestro equipo es un d\u00eda muy especial"}]},{"@type":"Article","@id":"https:\/\/soledaddurazo.com\/blog\/2021\/09\/06\/hoy-para-nuestro-equipo-es-un-dia-muy-especial\/#article","isPartOf":{"@id":"https:\/\/soledaddurazo.com\/blog\/2021\/09\/06\/hoy-para-nuestro-equipo-es-un-dia-muy-especial\/#webpage"},"author":{"@id":"https:\/\/soledaddurazo.com\/#\/schema\/person\/822d8e13aa288585e6546f179853758b"},"headline":"Hoy para nuestro equipo es un d\u00eda muy especial","datePublished":"2021-09-06T12:35:53+00:00","dateModified":"2021-09-06T14:14:40+00:00","mainEntityOfPage":{"@id":"https:\/\/soledaddurazo.com\/blog\/2021\/09\/06\/hoy-para-nuestro-equipo-es-un-dia-muy-especial\/#webpage"},"wordCount":516,"commentCount":0,"publisher":{"@id":"https:\/\/soledaddurazo.com\/#organization"},"image":{"@id":"https:\/\/soledaddurazo.com\/blog\/2021\/09\/06\/hoy-para-nuestro-equipo-es-un-dia-muy-especial\/#primaryimage"},"thumbnailUrl":"https:\/\/soledaddurazo.com\/storage\/2021\/09\/grafico.jpg","articleSection":["principal"],"inLanguage":"es","potentialAction":[{"@type":"CommentAction","name":"Comment","target":["https:\/\/soledaddurazo.com\/blog\/2021\/09\/06\/hoy-para-nuestro-equipo-es-un-dia-muy-especial\/#respond"]}]},{"@type":"Person","@id":"https:\/\/soledaddurazo.com\/#\/schema\/person\/822d8e13aa288585e6546f179853758b","name":"Redacci\u00f3n","image":{"@type":"ImageObject","@id":"https:\/\/soledaddurazo.com\/#personlogo","inLanguage":"es","url":"https:\/\/secure.gravatar.com\/avatar\/c4e193752f756fd61f04deebed3a3a20dc188d37edb53682d313ac57f2725d54?s=96&d=mm&r=g","contentUrl":"https:\/\/secure.gravatar.com\/avatar\/c4e193752f756fd61f04deebed3a3a20dc188d37edb53682d313ac57f2725d54?s=96&d=mm&r=g","caption":"Redacci\u00f3n"},"sameAs":["https:\/\/soledaddurazo.com"]}]}},"_links":{"self":[{"href":"https:\/\/soledaddurazo.com\/api\/wp\/v2\/posts\/10538","targetHints":{"allow":["GET"]}}],"collection":[{"href":"https:\/\/soledaddurazo.com\/api\/wp\/v2\/posts"}],"about":[{"href":"https:\/\/soledaddurazo.com\/api\/wp\/v2\/types\/post"}],"author":[{"embeddable":true,"href":"https:\/\/soledaddurazo.com\/api\/wp\/v2\/users\/1"}],"replies":[{"embeddable":true,"href":"https:\/\/soledaddurazo.com\/api\/wp\/v2\/comments?post=10538"}],"version-history":[{"count":3,"href":"https:\/\/soledaddurazo.com\/api\/wp\/v2\/posts\/10538\/revisions"}],"predecessor-version":[{"id":10563,"href":"https:\/\/soledaddurazo.com\/api\/wp\/v2\/posts\/10538\/revisions\/10563"}],"wp:featuredmedia":[{"embeddable":true,"href":"https:\/\/soledaddurazo.com\/api\/wp\/v2\/media\/10539"}],"wp:attachment":[{"href":"https:\/\/soledaddurazo.com\/api\/wp\/v2\/media?parent=10538"}],"wp:term":[{"taxonomy":"category","embeddable":true,"href":"https:\/\/soledaddurazo.com\/api\/wp\/v2\/categories?post=10538"},{"taxonomy":"post_tag","embeddable":true,"href":"https:\/\/soledaddurazo.com\/api\/wp\/v2\/tags?post=10538"}],"curies":[{"name":"wp","href":"https:\/\/api.w.org\/{rel}","templated":true}]}}