{"id":10508,"date":"2021-09-02T21:01:07","date_gmt":"2021-09-03T04:01:07","guid":{"rendered":"https:\/\/soledaddurazo.com\/?p=10508"},"modified":"2021-09-02T21:01:07","modified_gmt":"2021-09-03T04:01:07","slug":"es-luz-maria-duran-moreno-vicerrectora-de-la-unidad-regional-centro-de-unison","status":"publish","type":"post","link":"https:\/\/soledaddurazo.com\/blog\/2021\/09\/02\/es-luz-maria-duran-moreno-vicerrectora-de-la-unidad-regional-centro-de-unison\/","title":{"rendered":"Es Luz Mar\u00eda Dur\u00e1n Moreno vicerrectora de la Unidad Regional Centro de Unison"},"content":{"rendered":"<p>La acad\u00e9mica Luz Mar\u00eda Dur\u00e1n Moreno, asumi\u00f3 ayer la titularidad de la Vicerrector\u00eda de la Unidad Regional Centro (URC) de la Universidad de Sonora, responsabilidad que desempe\u00f1ar\u00e1 del 1 de septiembre de 2021 al 31 de agosto de 2025 y para la cual fue nombrada por la Junta Universitaria.<\/p>\n<p>La lectura y entrega del acta de nombramiento estuvo a cargo del presidente en turno de dicho \u00f3rgano de gobierno\u00a0 universitario, Rogerio Rafael Sotelo Mundo quien expres\u00f3 que el Proceso Nombramiento de Vicerrector de la Unidad Regional Centro fue un periodo muy valioso donde se conocieron proyectos meritorios para el desarrollo de la comunidad universitaria, pero al escuchar las voces de docentes y estudiantes que participaron en la auscultaci\u00f3n se decidi\u00f3 nombrar a Dur\u00e1n Moreno como vicerrectora de la URC, que integra los campus Hermosillo y Cajeme.<\/p>\n<p>Como parte de esta ceremonia protocolaria, la rectora de la Universidad de Sonora, Mar\u00eda Rita Plancarte Mart\u00ednez felicit\u00f3 a la nueva vicerrectora y conf\u00edo en el trabajo que desempe\u00f1ar\u00e1 durante este periodo, el cual ser\u00e1 positivo para la alma mater en todos los sentidos, porque es una mujer sobresaliente como acad\u00e9mica y funcionaria administrativa con gran capacidad de generar acuerdos.<\/p>\n<p>Tambi\u00e9n aprovech\u00f3 la ocasi\u00f3n para agradecer a la profesora Adelina Galindo Romero, quien desempe\u00f1\u00f3 las funciones de vicerrectora del 16 de junio al 31 de agosto del presente a\u00f1o, pues su trabajo ha dejado una huella imborrable en la Universidad al ser ejemplo de compromiso y responsabilidad al servicio de la comunidad universitaria en cada cargo que se le ha asignado.<\/p>\n<p>Asimismo, despu\u00e9s de recibir el nombramiento como vicerrectora de la URC, Luz Mar\u00eda Dur\u00e1n Moreno manifest\u00f3 su gratitud a la Junta Universitaria que haya visto en su persona las competencias y capacidades para ocupar honroso cargo y se comprometi\u00f3 a trabajar en equipo de forma colaborativa y responder a las expectativas que exige las condiciones actuales.<\/p>\n<p>\u201cCon un trabajo en conjunto todos vamos a hacer una mejor Universidad y avanzar a\u00fan m\u00e1s en su calidad en los a\u00f1os venideros. Estoy en la mejor disposici\u00f3n de trabajar con ustedes; me siento honrada y gracias por su confianza\u201d, dijo.<\/p>\n<p>Por su parte, la auditora interna de la Universidad de Sonora, Mar\u00eda Laura Ladr\u00f3n de Guevara Est\u00e9vez, dio lectura al acta de entrega recepci\u00f3n de los recursos humanos, financieros, materiales, sistemas de informaci\u00f3n, obra p\u00fablica, as\u00ed como asuntos en tr\u00e1mite, acuerdos y convenios, adquisiciones y servicios, adem\u00e1s de informes especiales relacionados con la funci\u00f3n de esta oficina.<\/p>\n<p>Como testigos de honor participaron en la entrega recepci\u00f3n Ang\u00e9lica Mar\u00eda Mart\u00ednez Gonz\u00e1lez y Arturo Terrazas Astorga, empleados de la instituci\u00f3n.<\/p>\n<p>&nbsp;<\/p>\n","protected":false},"excerpt":{"rendered":"<p>La acad\u00e9mica Luz Mar\u00eda Dur\u00e1n Moreno, asumi\u00f3 ayer la titularidad de la Vicerrector\u00eda de la Unidad Regional Centro (URC) de la Universidad de Sonora, responsabilidad que desempe\u00f1ar\u00e1 del 1 de septiembre de 2021 al 31 de agosto de 2025 y para la cual fue nombrada por la Junta Universitaria. La lectura y entrega del acta [&hellip;]<\/p>\n","protected":false},"author":1,"featured_media":10509,"comment_status":"open","ping_status":"open","sticky":false,"template":"","format":"standard","meta":{"footnotes":""},"categories":[159],"tags":[],"class_list":["post"],"yoast_head":" \n<title>Es Luz Mar\u00eda Dur\u00e1n Moreno vicerrectora de la Unidad Regional Centro de Unison - Periodista SoledadDurazo.com<\/title>\n<meta name=\"robots\" content=\"index, follow, max-snippet:-1, max-image-preview:large, max-video-preview:-1\" \/>\n<link rel=\"canonical\" href=\"https:\/\/soledaddurazo.com\/blog\/2021\/09\/02\/es-luz-maria-duran-moreno-vicerrectora-de-la-unidad-regional-centro-de-unison\/\" \/>\n<meta property=\"og:locale\" content=\"es_MX\" \/>\n<meta property=\"og:type\" content=\"article\" \/>\n<meta property=\"og:title\" content=\"Es Luz Mar\u00eda Dur\u00e1n Moreno vicerrectora de la Unidad Regional Centro de Unison\" \/>\n<meta property=\"og:description\" content=\"La acad\u00e9mica Luz Mar\u00eda Dur\u00e1n Moreno, asumi\u00f3 ayer la titularidad de la Vicerrector\u00eda de la Unidad Regional Centro (URC) de la Universidad de Sonora, responsabilidad que desempe\u00f1ar\u00e1 del 1 de septiembre de 2021 al 31 de agosto de 2025 y para la cual fue nombrada por la Junta Universitaria. La lectura y entrega del acta [&hellip;]\" \/>\n<meta property=\"og:url\" content=\"https:\/\/soledaddurazo.com\/blog\/2021\/09\/02\/es-luz-maria-duran-moreno-vicerrectora-de-la-unidad-regional-centro-de-unison\/\" \/>\n<meta property=\"og:site_name\" content=\"Periodista SoledadDurazo.com\" \/>\n<meta property=\"article:publisher\" content=\"https:\/\/www.facebook.com\/soledad.durazo.9\/\" \/>\n<meta property=\"article:published_time\" content=\"2021-09-03T04:01:07+00:00\" \/>\n<meta property=\"og:image\" content=\"https:\/\/soledaddurazo.com\/storage\/2021\/09\/ENTREGA-RECEPCION.-LUZ.MA_.-DURAN-2-1.jpg\" \/>\n\t<meta property=\"og:image:width\" content=\"1280\" \/>\n\t<meta property=\"og:image:height\" content=\"853\" \/>\n<meta name=\"twitter:card\" content=\"summary_large_image\" \/>\n<meta name=\"twitter:creator\" content=\"@SoledadDurazo\" \/>\n<meta name=\"twitter:site\" content=\"@SoledadDurazo\" \/>\n<meta name=\"twitter:label1\" content=\"Escrito por\" \/>\n\t<meta name=\"twitter:data1\" content=\"Redacci\u00f3n\" \/>\n\t<meta name=\"twitter:label2\" content=\"Tiempo de lectura\" \/>\n\t<meta name=\"twitter:data2\" content=\"2 minutos\" \/>\n<script type=\"application\/ld+json\" class=\"yoast-schema-graph\">{\"@context\":\"https:\/\/schema.org\",\"@graph\":[{\"@type\":\"Organization\",\"@id\":\"https:\/\/soledaddurazo.com\/#organization\",\"name\":\"Soledad Durazo\",\"url\":\"https:\/\/soledaddurazo.com\/\",\"sameAs\":[\"https:\/\/www.facebook.com\/soledad.durazo.9\/\",\"https:\/\/www.instagram.com\/soledaddurazo\",\"https:\/\/www.youtube.com\/channel\/UC9yGPw8-Vbl_B2XNkRwPS-w\",\"https:\/\/twitter.com\/SoledadDurazo\"],\"logo\":{\"@type\":\"ImageObject\",\"@id\":\"https:\/\/soledaddurazo.com\/#logo\",\"inLanguage\":\"es\",\"url\":\"https:\/\/soledaddurazo.com\/storage\/2021\/11\/nllp-720x375-1-2.png\",\"contentUrl\":\"https:\/\/soledaddurazo.com\/storage\/2021\/11\/nllp-720x375-1-2.png\",\"width\":720,\"height\":375,\"caption\":\"Soledad Durazo\"},\"image\":{\"@id\":\"https:\/\/soledaddurazo.com\/#logo\"}},{\"@type\":\"WebSite\",\"@id\":\"https:\/\/soledaddurazo.com\/#website\",\"url\":\"https:\/\/soledaddurazo.com\/\",\"name\":\"Periodista SoledadDurazo.com\",\"description\":\"Periodista sonorense. Directora de www.SoledadDurazo.com Columnista, conductora de radio y Tv. Catedr\\u00e1tica en la UNISON\",\"publisher\":{\"@id\":\"https:\/\/soledaddurazo.com\/#organization\"},\"potentialAction\":[{\"@type\":\"SearchAction\",\"target\":{\"@type\":\"EntryPoint\",\"urlTemplate\":\"https:\/\/soledaddurazo.com\/?s={search_term_string}\"},\"query-input\":\"required name=search_term_string\"}],\"inLanguage\":\"es\"},{\"@type\":\"ImageObject\",\"@id\":\"https:\/\/soledaddurazo.com\/blog\/2021\/09\/02\/es-luz-maria-duran-moreno-vicerrectora-de-la-unidad-regional-centro-de-unison\/#primaryimage\",\"inLanguage\":\"es\",\"url\":\"https:\/\/soledaddurazo.com\/storage\/2021\/09\/ENTREGA-RECEPCION.-LUZ.MA_.-DURAN-2-1.jpg\",\"contentUrl\":\"https:\/\/soledaddurazo.com\/storage\/2021\/09\/ENTREGA-RECEPCION.-LUZ.MA_.-DURAN-2-1.jpg\",\"width\":1280,\"height\":853},{\"@type\":\"WebPage\",\"@id\":\"https:\/\/soledaddurazo.com\/blog\/2021\/09\/02\/es-luz-maria-duran-moreno-vicerrectora-de-la-unidad-regional-centro-de-unison\/#webpage\",\"url\":\"https:\/\/soledaddurazo.com\/blog\/2021\/09\/02\/es-luz-maria-duran-moreno-vicerrectora-de-la-unidad-regional-centro-de-unison\/\",\"name\":\"Es Luz Mar\\u00eda Dur\\u00e1n Moreno vicerrectora de la Unidad Regional Centro de Unison - Periodista SoledadDurazo.com\",\"isPartOf\":{\"@id\":\"https:\/\/soledaddurazo.com\/#website\"},\"primaryImageOfPage\":{\"@id\":\"https:\/\/soledaddurazo.com\/blog\/2021\/09\/02\/es-luz-maria-duran-moreno-vicerrectora-de-la-unidad-regional-centro-de-unison\/#primaryimage\"},\"datePublished\":\"2021-09-03T04:01:07+00:00\",\"dateModified\":\"2021-09-03T04:01:07+00:00\",\"breadcrumb\":{\"@id\":\"https:\/\/soledaddurazo.com\/blog\/2021\/09\/02\/es-luz-maria-duran-moreno-vicerrectora-de-la-unidad-regional-centro-de-unison\/#breadcrumb\"},\"inLanguage\":\"es\",\"potentialAction\":[{\"@type\":\"ReadAction\",\"target\":[\"https:\/\/soledaddurazo.com\/blog\/2021\/09\/02\/es-luz-maria-duran-moreno-vicerrectora-de-la-unidad-regional-centro-de-unison\/\"]}]},{\"@type\":\"BreadcrumbList\",\"@id\":\"https:\/\/soledaddurazo.com\/blog\/2021\/09\/02\/es-luz-maria-duran-moreno-vicerrectora-de-la-unidad-regional-centro-de-unison\/#breadcrumb\",\"itemListElement\":[{\"@type\":\"ListItem\",\"position\":1,\"name\":\"Home\",\"item\":\"https:\/\/soledaddurazo.com\/\"},{\"@type\":\"ListItem\",\"position\":2,\"name\":\"Es Luz Mar\\u00eda Dur\\u00e1n Moreno vicerrectora de la Unidad Regional Centro de Unison\"}]},{\"@type\":\"Article\",\"@id\":\"https:\/\/soledaddurazo.com\/blog\/2021\/09\/02\/es-luz-maria-duran-moreno-vicerrectora-de-la-unidad-regional-centro-de-unison\/#article\",\"isPartOf\":{\"@id\":\"https:\/\/soledaddurazo.com\/blog\/2021\/09\/02\/es-luz-maria-duran-moreno-vicerrectora-de-la-unidad-regional-centro-de-unison\/#webpage\"},\"author\":{\"@id\":\"https:\/\/soledaddurazo.com\/#\/schema\/person\/822d8e13aa288585e6546f179853758b\"},\"headline\":\"Es Luz Mar\\u00eda Dur\\u00e1n Moreno vicerrectora de la Unidad Regional Centro de Unison\",\"datePublished\":\"2021-09-03T04:01:07+00:00\",\"dateModified\":\"2021-09-03T04:01:07+00:00\",\"mainEntityOfPage\":{\"@id\":\"https:\/\/soledaddurazo.com\/blog\/2021\/09\/02\/es-luz-maria-duran-moreno-vicerrectora-de-la-unidad-regional-centro-de-unison\/#webpage\"},\"wordCount\":479,\"commentCount\":0,\"publisher\":{\"@id\":\"https:\/\/soledaddurazo.com\/#organization\"},\"image\":{\"@id\":\"https:\/\/soledaddurazo.com\/blog\/2021\/09\/02\/es-luz-maria-duran-moreno-vicerrectora-de-la-unidad-regional-centro-de-unison\/#primaryimage\"},\"thumbnailUrl\":\"https:\/\/soledaddurazo.com\/storage\/2021\/09\/ENTREGA-RECEPCION.-LUZ.MA_.-DURAN-2-1.jpg\",\"articleSection\":[\"Mi Sonora\"],\"inLanguage\":\"es\",\"potentialAction\":[{\"@type\":\"CommentAction\",\"name\":\"Comment\",\"target\":[\"https:\/\/soledaddurazo.com\/blog\/2021\/09\/02\/es-luz-maria-duran-moreno-vicerrectora-de-la-unidad-regional-centro-de-unison\/#respond\"]}]},{\"@type\":\"Person\",\"@id\":\"https:\/\/soledaddurazo.com\/#\/schema\/person\/822d8e13aa288585e6546f179853758b\",\"name\":\"Redacci\\u00f3n\",\"image\":{\"@type\":\"ImageObject\",\"@id\":\"https:\/\/soledaddurazo.com\/#personlogo\",\"inLanguage\":\"es\",\"url\":\"https:\/\/secure.gravatar.com\/avatar\/c4e193752f756fd61f04deebed3a3a20dc188d37edb53682d313ac57f2725d54?s=96&d=mm&r=g\",\"contentUrl\":\"https:\/\/secure.gravatar.com\/avatar\/c4e193752f756fd61f04deebed3a3a20dc188d37edb53682d313ac57f2725d54?s=96&d=mm&r=g\",\"caption\":\"Redacci\\u00f3n\"},\"sameAs\":[\"https:\/\/soledaddurazo.com\"]}]}<\/script>\n ","yoast_head_json":{"title":"Es Luz Mar\u00eda Dur\u00e1n Moreno vicerrectora de la Unidad Regional Centro de Unison - Periodista SoledadDurazo.com","robots":{"index":"index","follow":"follow","max-snippet":"max-snippet:-1","max-image-preview":"max-image-preview:large","max-video-preview":"max-video-preview:-1"},"canonical":"https:\/\/soledaddurazo.com\/blog\/2021\/09\/02\/es-luz-maria-duran-moreno-vicerrectora-de-la-unidad-regional-centro-de-unison\/","og_locale":"es_MX","og_type":"article","og_title":"Es Luz Mar\u00eda Dur\u00e1n Moreno vicerrectora de la Unidad Regional Centro de Unison","og_description":"La acad\u00e9mica Luz Mar\u00eda Dur\u00e1n Moreno, asumi\u00f3 ayer la titularidad de la Vicerrector\u00eda de la Unidad Regional Centro (URC) de la Universidad de Sonora, responsabilidad que desempe\u00f1ar\u00e1 del 1 de septiembre de 2021 al 31 de agosto de 2025 y para la cual fue nombrada por la Junta Universitaria. La lectura y entrega del acta [&hellip;]","og_url":"https:\/\/soledaddurazo.com\/blog\/2021\/09\/02\/es-luz-maria-duran-moreno-vicerrectora-de-la-unidad-regional-centro-de-unison\/","og_site_name":"Periodista SoledadDurazo.com","article_publisher":"https:\/\/www.facebook.com\/soledad.durazo.9\/","article_published_time":"2021-09-03T04:01:07+00:00","og_image":[{"width":1280,"height":853,"url":"https:\/\/soledaddurazo.com\/storage\/2021\/09\/ENTREGA-RECEPCION.-LUZ.MA_.-DURAN-2-1.jpg","type":"image\/jpeg"}],"twitter_card":"summary_large_image","twitter_creator":"@SoledadDurazo","twitter_site":"@SoledadDurazo","twitter_misc":{"Escrito por":"Redacci\u00f3n","Tiempo de lectura":"2 minutos"},"schema":{"@context":"https:\/\/schema.org","@graph":[{"@type":"Organization","@id":"https:\/\/soledaddurazo.com\/#organization","name":"Soledad Durazo","url":"https:\/\/soledaddurazo.com\/","sameAs":["https:\/\/www.facebook.com\/soledad.durazo.9\/","https:\/\/www.instagram.com\/soledaddurazo","https:\/\/www.youtube.com\/channel\/UC9yGPw8-Vbl_B2XNkRwPS-w","https:\/\/twitter.com\/SoledadDurazo"],"logo":{"@type":"ImageObject","@id":"https:\/\/soledaddurazo.com\/#logo","inLanguage":"es","url":"https:\/\/soledaddurazo.com\/storage\/2021\/11\/nllp-720x375-1-2.png","contentUrl":"https:\/\/soledaddurazo.com\/storage\/2021\/11\/nllp-720x375-1-2.png","width":720,"height":375,"caption":"Soledad Durazo"},"image":{"@id":"https:\/\/soledaddurazo.com\/#logo"}},{"@type":"WebSite","@id":"https:\/\/soledaddurazo.com\/#website","url":"https:\/\/soledaddurazo.com\/","name":"Periodista SoledadDurazo.com","description":"Periodista sonorense. Directora de www.SoledadDurazo.com Columnista, conductora de radio y Tv. Catedr\u00e1tica en la UNISON","publisher":{"@id":"https:\/\/soledaddurazo.com\/#organization"},"potentialAction":[{"@type":"SearchAction","target":{"@type":"EntryPoint","urlTemplate":"https:\/\/soledaddurazo.com\/?s={search_term_string}"},"query-input":"required name=search_term_string"}],"inLanguage":"es"},{"@type":"ImageObject","@id":"https:\/\/soledaddurazo.com\/blog\/2021\/09\/02\/es-luz-maria-duran-moreno-vicerrectora-de-la-unidad-regional-centro-de-unison\/#primaryimage","inLanguage":"es","url":"https:\/\/soledaddurazo.com\/storage\/2021\/09\/ENTREGA-RECEPCION.-LUZ.MA_.-DURAN-2-1.jpg","contentUrl":"https:\/\/soledaddurazo.com\/storage\/2021\/09\/ENTREGA-RECEPCION.-LUZ.MA_.-DURAN-2-1.jpg","width":1280,"height":853},{"@type":"WebPage","@id":"https:\/\/soledaddurazo.com\/blog\/2021\/09\/02\/es-luz-maria-duran-moreno-vicerrectora-de-la-unidad-regional-centro-de-unison\/#webpage","url":"https:\/\/soledaddurazo.com\/blog\/2021\/09\/02\/es-luz-maria-duran-moreno-vicerrectora-de-la-unidad-regional-centro-de-unison\/","name":"Es Luz Mar\u00eda Dur\u00e1n Moreno vicerrectora de la Unidad Regional Centro de Unison - Periodista SoledadDurazo.com","isPartOf":{"@id":"https:\/\/soledaddurazo.com\/#website"},"primaryImageOfPage":{"@id":"https:\/\/soledaddurazo.com\/blog\/2021\/09\/02\/es-luz-maria-duran-moreno-vicerrectora-de-la-unidad-regional-centro-de-unison\/#primaryimage"},"datePublished":"2021-09-03T04:01:07+00:00","dateModified":"2021-09-03T04:01:07+00:00","breadcrumb":{"@id":"https:\/\/soledaddurazo.com\/blog\/2021\/09\/02\/es-luz-maria-duran-moreno-vicerrectora-de-la-unidad-regional-centro-de-unison\/#breadcrumb"},"inLanguage":"es","potentialAction":[{"@type":"ReadAction","target":["https:\/\/soledaddurazo.com\/blog\/2021\/09\/02\/es-luz-maria-duran-moreno-vicerrectora-de-la-unidad-regional-centro-de-unison\/"]}]},{"@type":"BreadcrumbList","@id":"https:\/\/soledaddurazo.com\/blog\/2021\/09\/02\/es-luz-maria-duran-moreno-vicerrectora-de-la-unidad-regional-centro-de-unison\/#breadcrumb","itemListElement":[{"@type":"ListItem","position":1,"name":"Home","item":"https:\/\/soledaddurazo.com\/"},{"@type":"ListItem","position":2,"name":"Es Luz Mar\u00eda Dur\u00e1n Moreno vicerrectora de la Unidad Regional Centro de Unison"}]},{"@type":"Article","@id":"https:\/\/soledaddurazo.com\/blog\/2021\/09\/02\/es-luz-maria-duran-moreno-vicerrectora-de-la-unidad-regional-centro-de-unison\/#article","isPartOf":{"@id":"https:\/\/soledaddurazo.com\/blog\/2021\/09\/02\/es-luz-maria-duran-moreno-vicerrectora-de-la-unidad-regional-centro-de-unison\/#webpage"},"author":{"@id":"https:\/\/soledaddurazo.com\/#\/schema\/person\/822d8e13aa288585e6546f179853758b"},"headline":"Es Luz Mar\u00eda Dur\u00e1n Moreno vicerrectora de la Unidad Regional Centro de Unison","datePublished":"2021-09-03T04:01:07+00:00","dateModified":"2021-09-03T04:01:07+00:00","mainEntityOfPage":{"@id":"https:\/\/soledaddurazo.com\/blog\/2021\/09\/02\/es-luz-maria-duran-moreno-vicerrectora-de-la-unidad-regional-centro-de-unison\/#webpage"},"wordCount":479,"commentCount":0,"publisher":{"@id":"https:\/\/soledaddurazo.com\/#organization"},"image":{"@id":"https:\/\/soledaddurazo.com\/blog\/2021\/09\/02\/es-luz-maria-duran-moreno-vicerrectora-de-la-unidad-regional-centro-de-unison\/#primaryimage"},"thumbnailUrl":"https:\/\/soledaddurazo.com\/storage\/2021\/09\/ENTREGA-RECEPCION.-LUZ.MA_.-DURAN-2-1.jpg","articleSection":["Mi Sonora"],"inLanguage":"es","potentialAction":[{"@type":"CommentAction","name":"Comment","target":["https:\/\/soledaddurazo.com\/blog\/2021\/09\/02\/es-luz-maria-duran-moreno-vicerrectora-de-la-unidad-regional-centro-de-unison\/#respond"]}]},{"@type":"Person","@id":"https:\/\/soledaddurazo.com\/#\/schema\/person\/822d8e13aa288585e6546f179853758b","name":"Redacci\u00f3n","image":{"@type":"ImageObject","@id":"https:\/\/soledaddurazo.com\/#personlogo","inLanguage":"es","url":"https:\/\/secure.gravatar.com\/avatar\/c4e193752f756fd61f04deebed3a3a20dc188d37edb53682d313ac57f2725d54?s=96&d=mm&r=g","contentUrl":"https:\/\/secure.gravatar.com\/avatar\/c4e193752f756fd61f04deebed3a3a20dc188d37edb53682d313ac57f2725d54?s=96&d=mm&r=g","caption":"Redacci\u00f3n"},"sameAs":["https:\/\/soledaddurazo.com"]}]}},"_links":{"self":[{"href":"https:\/\/soledaddurazo.com\/api\/wp\/v2\/posts\/10508","targetHints":{"allow":["GET"]}}],"collection":[{"href":"https:\/\/soledaddurazo.com\/api\/wp\/v2\/posts"}],"about":[{"href":"https:\/\/soledaddurazo.com\/api\/wp\/v2\/types\/post"}],"author":[{"embeddable":true,"href":"https:\/\/soledaddurazo.com\/api\/wp\/v2\/users\/1"}],"replies":[{"embeddable":true,"href":"https:\/\/soledaddurazo.com\/api\/wp\/v2\/comments?post=10508"}],"version-history":[{"count":1,"href":"https:\/\/soledaddurazo.com\/api\/wp\/v2\/posts\/10508\/revisions"}],"predecessor-version":[{"id":10510,"href":"https:\/\/soledaddurazo.com\/api\/wp\/v2\/posts\/10508\/revisions\/10510"}],"wp:featuredmedia":[{"embeddable":true,"href":"https:\/\/soledaddurazo.com\/api\/wp\/v2\/media\/10509"}],"wp:attachment":[{"href":"https:\/\/soledaddurazo.com\/api\/wp\/v2\/media?parent=10508"}],"wp:term":[{"taxonomy":"category","embeddable":true,"href":"https:\/\/soledaddurazo.com\/api\/wp\/v2\/categories?post=10508"},{"taxonomy":"post_tag","embeddable":true,"href":"https:\/\/soledaddurazo.com\/api\/wp\/v2\/tags?post=10508"}],"curies":[{"name":"wp","href":"https:\/\/api.w.org\/{rel}","templated":true}]}}