{"id":10362,"date":"2021-08-25T23:38:50","date_gmt":"2021-08-26T06:38:50","guid":{"rendered":"https:\/\/soledaddurazo.com\/?p=10362"},"modified":"2021-08-25T23:38:50","modified_gmt":"2021-08-26T06:38:50","slug":"con-la-certeza-de-haber-puesto-todo-mi-empeno-en-esta-responsabilidad-les-digo-que-sonora-sigue-claudia-pavlovich","status":"publish","type":"post","link":"https:\/\/soledaddurazo.com\/blog\/2021\/08\/25\/con-la-certeza-de-haber-puesto-todo-mi-empeno-en-esta-responsabilidad-les-digo-que-sonora-sigue-claudia-pavlovich\/","title":{"rendered":"Con la certeza de haber puesto todo mi empe\u00f1o en esta responsabilidad, les digo que Sonora sigue: Claudia Pavlovich"},"content":{"rendered":"<p align=\"left\">Para devolver al estado su grandeza hemos basado nuestro trabajo en la planeaci\u00f3n, transparencia y rendici\u00f3n de cuentas, asever\u00f3 la gobernadora Claudia Pavlovich Arellano, ante integrantes del Consejo Consultivo del Sistema Estatal de Planeaci\u00f3n Democr\u00e1tica y diferentes sectores, a quienes agradeci\u00f3 por ayudar a construir este otro Sonora l\u00edder y en crecimiento, al haber contribuido en el ejercicio de participaci\u00f3n ciudadana que fue el dise\u00f1o y seguimiento del Plan Estatal de Desarrollo.<\/p>\n<p align=\"left\">En el marco de la reuni\u00f3n plenaria del Coplades, reunida de manera virtual con alcaldes, l\u00edderes sindicales, c\u00e1maras empresariales, organismos de la sociedad civil y m\u00e1s de 700 representantes de diferentes sectores, la mandataria estatal destac\u00f3 que en el estado el sistema de planeaci\u00f3n es un ejemplo de colaboraci\u00f3n que sienta un precedente para futuras generaciones, donde las ideas y proyectos que surgieron se convirtieron en realidad y son parte del legado que se construy\u00f3 en este sexenio.<\/p>\n<p align=\"left\">La gobernadora Pavlovich coment\u00f3 que la planeaci\u00f3n ha sido un importante respaldo para enfrentar las adversidades, como la pandemia del COVID-19, porque se pudo anticipar al cambio y corregir el rumbo a trav\u00e9s del seguimiento oportuno y la evaluaci\u00f3n, como herramientas para vencer los retos que la nueva realidad ha impuesto.<\/p>\n<p align=\"left\">\u201cGracias a la intervenci\u00f3n de ustedes, este Consejo es una muestra de la capacidad de di\u00e1logo entre sociedad y gobierno y es, en esencia, un proceso de participaci\u00f3n ciudadana, donde se escuchan y se integran todas las voces\u201d, extern\u00f3.<\/p>\n<p align=\"left\">Ante Francisco Guti\u00e9rrez Rodr\u00edguez, presidente del Supremo Tribunal de Justicia del Estado; Francisco Javier Durarte Flores, presidente de la Mesa directiva del Congreso del Estado, la gobernadora Pavlovich hizo un recuento de avances en seis a\u00f1os de Gobierno y destac\u00f3 que en el rubro de salud se rehabilitaron 153 centros rurales, 10 centros urbanos y 7 casas de salud y se trabaj\u00f3 en obras de mejora en los 16 hospitales de la Secretar\u00eda de Salud, culminando con el Nuevo Hospital General de Especialidades en Hermosillo.<\/p>\n<p align=\"left\">En educaci\u00f3n, se invirtieron m\u00e1s de 4 mil millones de pesos para el rescate de escuelas, se construyeron 948 aulas nuevas y 25 nuevas escuelas, lo que representa un aula cada tres d\u00edas y una escuela cada tres meses; se trabaj\u00f3 en 8 de cada 10 planteles de educaci\u00f3n b\u00e1sica con acciones de mejora, construcci\u00f3n, o rehabilitaci\u00f3n y se entregaron 90 camiones escolares para que estudiantes de comunidades rurales alejadas, adem\u00e1s, se entregaron m\u00e1s de 300 mil 400 becas a ni\u00f1as, ni\u00f1os y j\u00f3venes para que continuaran su educaci\u00f3n.<\/p>\n<p align=\"left\">En materia de econom\u00eda, dijo, a pesar de la pandemia, en seis a\u00f1os se han generado 72 mil 518 nuevos empleos formales para las y los sonorenses; es decir, 100 nuevos puestos de trabajo cada tres d\u00edas, con lo cual se pas\u00f3 de una tasa de desocupaci\u00f3n de 5% en 2015 a 2.9% en 2021, siendo esta \u00faltima la menor tasa de desocupaci\u00f3n en Sonora en 14 a\u00f1os.<\/p>\n<p align=\"left\">Se invirtieron 4 mil 125 millones de pesos en el rescate carretero m\u00e1s grande de los \u00faltimos a\u00f1os, para que las familias, trabajadores, transportistas, comerciantes, turistas y todo el que conduce por ellas viajen seguros, rehabilitando cerca de 3 mil 500 kil\u00f3metros, equivalente a la distancia entre Sonora y Yucat\u00e1n y en las vialidades urbanas se rehabilitaron y pavimentaron calles en 69 municipios.<\/p>\n<p align=\"left\">Resalt\u00f3 que Sonora es l\u00edder nacional en rendici\u00f3n de cuentas y en el manejo ordenado y transparente de los recursos p\u00fablicos, es la \u00fanica entidad en el pa\u00eds en que su \u00f3rgano aut\u00f3nomo de fiscalizaci\u00f3n realiz\u00f3 auditor\u00edas en tiempo real al gasto destinado a la pandemia de COVID-19; se le dio seguimiento al Plan Estatal de Desarrollo para tener un eje emergente transversal para hacer frente a la crisis sanitaria y se puede consultar con toda transparencia en el portal\u00a0<a href=\"https:\/\/ped.sonora.gob.mx\/\" target=\"_blank\" rel=\"noopener\" data-saferedirecturl=\"https:\/\/www.google.com\/url?q=https:\/\/ped.sonora.gob.mx\/&amp;source=gmail&amp;ust=1630044179388000&amp;usg=AFQjCNHWHz3e31WjKcJNkz-cE-fiBGsISA\">https:\/\/ped.sonora.gob.mx\/<\/a>\u00a0el avance de 95% de las 881 l\u00edneas de acci\u00f3n; en este sitio y en el portal\u00a0<a href=\"http:\/\/tuobra.mx\/\" target=\"_blank\" rel=\"noopener\" data-saferedirecturl=\"https:\/\/www.google.com\/url?q=http:\/\/tuobra.mx&amp;source=gmail&amp;ust=1630044179388000&amp;usg=AFQjCNHVn09SMIKqWe6ghJNljiayhlnZPg\">tuobra.mx<\/a>, apunt\u00f3, encontrar\u00e1n el sustento del trabajo realizado en estos 6 a\u00f1os en los que\u00a0 hemos invertido m\u00e1s de 23 mil millones de pesos en m\u00e1s de 6 mil 400 obras.<\/p>\n<p align=\"left\">\u201cCon la certeza de haber puesto todo mi empe\u00f1o en esta responsabilidad, les digo que Sonora sigue, y que para m\u00ed ha sido un enorme privilegio encabezar el esfuerzo de muchos hombres y mujeres de trabajo y de bien, que quieren con determinaci\u00f3n que siga Sonora, que Sonora se siga transformando, que Sonora siga creciendo, que Sonora siga avanzando, con muchos sonorenses que pretenden y quieren devolverle la grandeza a Sonora, les agradezco much\u00edsimo su participaci\u00f3n, su entrega, su cari\u00f1o y su amor por su estado, les agradezco su acompa\u00f1amiento, sus palabras de aliento, sus inquietudes y cr\u00edticas, les agradezco todo por haberme acompa\u00f1ado hasta este momento\u201d, se\u00f1al\u00f3.<\/p>\n<p align=\"left\">Rita Plancarte Mart\u00ednez, rectora de la Universidad de Sonora, agradeci\u00f3 a la gobernadora Pavlovich por la apertura que tuvo durante su administraci\u00f3n para colaborar con otras instituciones en bien de las y los sonorenses.<\/p>\n<p align=\"left\">\u201cUsted nos marc\u00f3 la ruta de la conciliaci\u00f3n para que siga Sonora y as\u00ed lo haremos, sumando esfuerzos tal y como lo hemos hecho hasta ahora, muchas gracias por su esfuerzo y su visi\u00f3n de futuro se\u00f1ora gobernadora\u201d, dijo.<\/p>\n<p align=\"left\">Arturo D\u00edaz Monge, Consejero Ciudadano de Gobierno eficiente, transparente e innovador, agradeci\u00f3 a la gobernadora Pavlovich el respaldo que le dio a la sociedad civil para colaborar en los distintos retos que se fueron presentando a lo largo de su administraci\u00f3n.<\/p>\n<p align=\"left\">\u201cSolamente agradecer a todos y a todas, a la gobernadora que tuvo a bien esa apertura, ese siempre escucharnos, ese recibirnos, era constantemente tener reuniones\u00a0 con los diferentes equipos de trabajo del Gobierno del Estado, con las diferentes \u00e1reas, siempre con las puertas abiertas, con esa mano extendida que hoy agradecemos y lo digo como ciudadano, un ciudadano promedio que est\u00e1 preocupado por el bien de su comunidad y su estado\u201d, expres\u00f3.<\/p>\n<p align=\"left\">Paloma Valdovinos Morales, coordinadora estatal de Gesti\u00f3n del Cuidado de la Salud de la direcci\u00f3n Estatal de Enfermer\u00eda de la Secretar\u00eda de Salud de Sonora, mencion\u00f3 que en esta administraci\u00f3n se acercaron los servicios de salud a la ciudadan\u00eda, a trav\u00e9s de mejoras en los servicios que se prestaron as\u00ed como en las instalaciones.<\/p>\n<p align=\"left\">\u201cPara la actual administraci\u00f3n, acercar los servicios de salud a la poblaci\u00f3n fue un tema prioritario, llev\u00e1ndose a cabo la rehabilitaci\u00f3n tanto de centros de salud rurales como urbanos, hospitales y casas de salud, en la gran mayor\u00eda de los municipios de la entidad, con la finalidad de que todos los sonorenses tuvieran acceso a la atenci\u00f3n m\u00e9dica cerca de sus hogares\u201d, coment\u00f3.<\/p>\n","protected":false},"excerpt":{"rendered":"<p>Para devolver al estado su grandeza hemos basado nuestro trabajo en la planeaci\u00f3n, transparencia y rendici\u00f3n de cuentas, asever\u00f3 la gobernadora Claudia Pavlovich Arellano, ante integrantes del Consejo Consultivo del Sistema Estatal de Planeaci\u00f3n Democr\u00e1tica y diferentes sectores, a quienes agradeci\u00f3 por ayudar a construir este otro Sonora l\u00edder y en crecimiento, al haber contribuido [&hellip;]<\/p>\n","protected":false},"author":1,"featured_media":10363,"comment_status":"open","ping_status":"open","sticky":false,"template":"","format":"standard","meta":{"footnotes":""},"categories":[159],"tags":[],"class_list":["post"],"yoast_head":" \n<title>Con la certeza de haber puesto todo mi empe\u00f1o en esta responsabilidad, les digo que Sonora sigue: Claudia Pavlovich - Periodista SoledadDurazo.com<\/title>\n<meta name=\"robots\" content=\"index, follow, max-snippet:-1, max-image-preview:large, max-video-preview:-1\" \/>\n<link rel=\"canonical\" href=\"https:\/\/soledaddurazo.com\/blog\/2021\/08\/25\/con-la-certeza-de-haber-puesto-todo-mi-empeno-en-esta-responsabilidad-les-digo-que-sonora-sigue-claudia-pavlovich\/\" \/>\n<meta property=\"og:locale\" content=\"es_MX\" \/>\n<meta property=\"og:type\" content=\"article\" \/>\n<meta property=\"og:title\" content=\"Con la certeza de haber puesto todo mi empe\u00f1o en esta responsabilidad, les digo que Sonora sigue: Claudia Pavlovich\" \/>\n<meta property=\"og:description\" content=\"Para devolver al estado su grandeza hemos basado nuestro trabajo en la planeaci\u00f3n, transparencia y rendici\u00f3n de cuentas, asever\u00f3 la gobernadora Claudia Pavlovich Arellano, ante integrantes del Consejo Consultivo del Sistema Estatal de Planeaci\u00f3n Democr\u00e1tica y diferentes sectores, a quienes agradeci\u00f3 por ayudar a construir este otro Sonora l\u00edder y en crecimiento, al haber contribuido [&hellip;]\" \/>\n<meta property=\"og:url\" content=\"https:\/\/soledaddurazo.com\/blog\/2021\/08\/25\/con-la-certeza-de-haber-puesto-todo-mi-empeno-en-esta-responsabilidad-les-digo-que-sonora-sigue-claudia-pavlovich\/\" \/>\n<meta property=\"og:site_name\" content=\"Periodista SoledadDurazo.com\" \/>\n<meta property=\"article:publisher\" content=\"https:\/\/www.facebook.com\/soledad.durazo.9\/\" \/>\n<meta property=\"article:published_time\" content=\"2021-08-26T06:38:50+00:00\" \/>\n<meta property=\"og:image\" content=\"https:\/\/soledaddurazo.com\/storage\/2021\/08\/unnamed-2021-08-25T233708.762.jpg\" \/>\n\t<meta property=\"og:image:width\" content=\"1200\" \/>\n\t<meta property=\"og:image:height\" content=\"827\" \/>\n<meta name=\"twitter:card\" content=\"summary_large_image\" \/>\n<meta name=\"twitter:creator\" content=\"@SoledadDurazo\" \/>\n<meta name=\"twitter:site\" content=\"@SoledadDurazo\" \/>\n<meta name=\"twitter:label1\" content=\"Escrito por\" \/>\n\t<meta name=\"twitter:data1\" content=\"Redacci\u00f3n\" \/>\n\t<meta name=\"twitter:label2\" content=\"Tiempo de lectura\" \/>\n\t<meta name=\"twitter:data2\" content=\"6 minutos\" \/>\n<script type=\"application\/ld+json\" class=\"yoast-schema-graph\">{\"@context\":\"https:\/\/schema.org\",\"@graph\":[{\"@type\":\"Organization\",\"@id\":\"https:\/\/soledaddurazo.com\/#organization\",\"name\":\"Soledad Durazo\",\"url\":\"https:\/\/soledaddurazo.com\/\",\"sameAs\":[\"https:\/\/www.facebook.com\/soledad.durazo.9\/\",\"https:\/\/www.instagram.com\/soledaddurazo\",\"https:\/\/www.youtube.com\/channel\/UC9yGPw8-Vbl_B2XNkRwPS-w\",\"https:\/\/twitter.com\/SoledadDurazo\"],\"logo\":{\"@type\":\"ImageObject\",\"@id\":\"https:\/\/soledaddurazo.com\/#logo\",\"inLanguage\":\"es\",\"url\":\"https:\/\/soledaddurazo.com\/storage\/2021\/11\/nllp-720x375-1-2.png\",\"contentUrl\":\"https:\/\/soledaddurazo.com\/storage\/2021\/11\/nllp-720x375-1-2.png\",\"width\":720,\"height\":375,\"caption\":\"Soledad Durazo\"},\"image\":{\"@id\":\"https:\/\/soledaddurazo.com\/#logo\"}},{\"@type\":\"WebSite\",\"@id\":\"https:\/\/soledaddurazo.com\/#website\",\"url\":\"https:\/\/soledaddurazo.com\/\",\"name\":\"Periodista SoledadDurazo.com\",\"description\":\"Periodista sonorense. Directora de www.SoledadDurazo.com Columnista, conductora de radio y Tv. Catedr\\u00e1tica en la UNISON\",\"publisher\":{\"@id\":\"https:\/\/soledaddurazo.com\/#organization\"},\"potentialAction\":[{\"@type\":\"SearchAction\",\"target\":{\"@type\":\"EntryPoint\",\"urlTemplate\":\"https:\/\/soledaddurazo.com\/?s={search_term_string}\"},\"query-input\":\"required name=search_term_string\"}],\"inLanguage\":\"es\"},{\"@type\":\"ImageObject\",\"@id\":\"https:\/\/soledaddurazo.com\/blog\/2021\/08\/25\/con-la-certeza-de-haber-puesto-todo-mi-empeno-en-esta-responsabilidad-les-digo-que-sonora-sigue-claudia-pavlovich\/#primaryimage\",\"inLanguage\":\"es\",\"url\":\"https:\/\/soledaddurazo.com\/storage\/2021\/08\/unnamed-2021-08-25T233708.762.jpg\",\"contentUrl\":\"https:\/\/soledaddurazo.com\/storage\/2021\/08\/unnamed-2021-08-25T233708.762.jpg\",\"width\":1200,\"height\":827},{\"@type\":\"WebPage\",\"@id\":\"https:\/\/soledaddurazo.com\/blog\/2021\/08\/25\/con-la-certeza-de-haber-puesto-todo-mi-empeno-en-esta-responsabilidad-les-digo-que-sonora-sigue-claudia-pavlovich\/#webpage\",\"url\":\"https:\/\/soledaddurazo.com\/blog\/2021\/08\/25\/con-la-certeza-de-haber-puesto-todo-mi-empeno-en-esta-responsabilidad-les-digo-que-sonora-sigue-claudia-pavlovich\/\",\"name\":\"Con la certeza de haber puesto todo mi empe\\u00f1o en esta responsabilidad, les digo que Sonora sigue: Claudia Pavlovich - Periodista SoledadDurazo.com\",\"isPartOf\":{\"@id\":\"https:\/\/soledaddurazo.com\/#website\"},\"primaryImageOfPage\":{\"@id\":\"https:\/\/soledaddurazo.com\/blog\/2021\/08\/25\/con-la-certeza-de-haber-puesto-todo-mi-empeno-en-esta-responsabilidad-les-digo-que-sonora-sigue-claudia-pavlovich\/#primaryimage\"},\"datePublished\":\"2021-08-26T06:38:50+00:00\",\"dateModified\":\"2021-08-26T06:38:50+00:00\",\"breadcrumb\":{\"@id\":\"https:\/\/soledaddurazo.com\/blog\/2021\/08\/25\/con-la-certeza-de-haber-puesto-todo-mi-empeno-en-esta-responsabilidad-les-digo-que-sonora-sigue-claudia-pavlovich\/#breadcrumb\"},\"inLanguage\":\"es\",\"potentialAction\":[{\"@type\":\"ReadAction\",\"target\":[\"https:\/\/soledaddurazo.com\/blog\/2021\/08\/25\/con-la-certeza-de-haber-puesto-todo-mi-empeno-en-esta-responsabilidad-les-digo-que-sonora-sigue-claudia-pavlovich\/\"]}]},{\"@type\":\"BreadcrumbList\",\"@id\":\"https:\/\/soledaddurazo.com\/blog\/2021\/08\/25\/con-la-certeza-de-haber-puesto-todo-mi-empeno-en-esta-responsabilidad-les-digo-que-sonora-sigue-claudia-pavlovich\/#breadcrumb\",\"itemListElement\":[{\"@type\":\"ListItem\",\"position\":1,\"name\":\"Home\",\"item\":\"https:\/\/soledaddurazo.com\/\"},{\"@type\":\"ListItem\",\"position\":2,\"name\":\"Con la certeza de haber puesto todo mi empe\\u00f1o en esta responsabilidad, les digo que Sonora sigue: Claudia Pavlovich\"}]},{\"@type\":\"Article\",\"@id\":\"https:\/\/soledaddurazo.com\/blog\/2021\/08\/25\/con-la-certeza-de-haber-puesto-todo-mi-empeno-en-esta-responsabilidad-les-digo-que-sonora-sigue-claudia-pavlovich\/#article\",\"isPartOf\":{\"@id\":\"https:\/\/soledaddurazo.com\/blog\/2021\/08\/25\/con-la-certeza-de-haber-puesto-todo-mi-empeno-en-esta-responsabilidad-les-digo-que-sonora-sigue-claudia-pavlovich\/#webpage\"},\"author\":{\"@id\":\"https:\/\/soledaddurazo.com\/#\/schema\/person\/822d8e13aa288585e6546f179853758b\"},\"headline\":\"Con la certeza de haber puesto todo mi empe\\u00f1o en esta responsabilidad, les digo que Sonora sigue: Claudia Pavlovich\",\"datePublished\":\"2021-08-26T06:38:50+00:00\",\"dateModified\":\"2021-08-26T06:38:50+00:00\",\"mainEntityOfPage\":{\"@id\":\"https:\/\/soledaddurazo.com\/blog\/2021\/08\/25\/con-la-certeza-de-haber-puesto-todo-mi-empeno-en-esta-responsabilidad-les-digo-que-sonora-sigue-claudia-pavlovich\/#webpage\"},\"wordCount\":1167,\"commentCount\":0,\"publisher\":{\"@id\":\"https:\/\/soledaddurazo.com\/#organization\"},\"image\":{\"@id\":\"https:\/\/soledaddurazo.com\/blog\/2021\/08\/25\/con-la-certeza-de-haber-puesto-todo-mi-empeno-en-esta-responsabilidad-les-digo-que-sonora-sigue-claudia-pavlovich\/#primaryimage\"},\"thumbnailUrl\":\"https:\/\/soledaddurazo.com\/storage\/2021\/08\/unnamed-2021-08-25T233708.762.jpg\",\"articleSection\":[\"Mi Sonora\"],\"inLanguage\":\"es\",\"potentialAction\":[{\"@type\":\"CommentAction\",\"name\":\"Comment\",\"target\":[\"https:\/\/soledaddurazo.com\/blog\/2021\/08\/25\/con-la-certeza-de-haber-puesto-todo-mi-empeno-en-esta-responsabilidad-les-digo-que-sonora-sigue-claudia-pavlovich\/#respond\"]}]},{\"@type\":\"Person\",\"@id\":\"https:\/\/soledaddurazo.com\/#\/schema\/person\/822d8e13aa288585e6546f179853758b\",\"name\":\"Redacci\\u00f3n\",\"image\":{\"@type\":\"ImageObject\",\"@id\":\"https:\/\/soledaddurazo.com\/#personlogo\",\"inLanguage\":\"es\",\"url\":\"https:\/\/secure.gravatar.com\/avatar\/c4e193752f756fd61f04deebed3a3a20dc188d37edb53682d313ac57f2725d54?s=96&d=mm&r=g\",\"contentUrl\":\"https:\/\/secure.gravatar.com\/avatar\/c4e193752f756fd61f04deebed3a3a20dc188d37edb53682d313ac57f2725d54?s=96&d=mm&r=g\",\"caption\":\"Redacci\\u00f3n\"},\"sameAs\":[\"https:\/\/soledaddurazo.com\"]}]}<\/script>\n ","yoast_head_json":{"title":"Con la certeza de haber puesto todo mi empe\u00f1o en esta responsabilidad, les digo que Sonora sigue: Claudia Pavlovich - Periodista SoledadDurazo.com","robots":{"index":"index","follow":"follow","max-snippet":"max-snippet:-1","max-image-preview":"max-image-preview:large","max-video-preview":"max-video-preview:-1"},"canonical":"https:\/\/soledaddurazo.com\/blog\/2021\/08\/25\/con-la-certeza-de-haber-puesto-todo-mi-empeno-en-esta-responsabilidad-les-digo-que-sonora-sigue-claudia-pavlovich\/","og_locale":"es_MX","og_type":"article","og_title":"Con la certeza de haber puesto todo mi empe\u00f1o en esta responsabilidad, les digo que Sonora sigue: Claudia Pavlovich","og_description":"Para devolver al estado su grandeza hemos basado nuestro trabajo en la planeaci\u00f3n, transparencia y rendici\u00f3n de cuentas, asever\u00f3 la gobernadora Claudia Pavlovich Arellano, ante integrantes del Consejo Consultivo del Sistema Estatal de Planeaci\u00f3n Democr\u00e1tica y diferentes sectores, a quienes agradeci\u00f3 por ayudar a construir este otro Sonora l\u00edder y en crecimiento, al haber contribuido [&hellip;]","og_url":"https:\/\/soledaddurazo.com\/blog\/2021\/08\/25\/con-la-certeza-de-haber-puesto-todo-mi-empeno-en-esta-responsabilidad-les-digo-que-sonora-sigue-claudia-pavlovich\/","og_site_name":"Periodista SoledadDurazo.com","article_publisher":"https:\/\/www.facebook.com\/soledad.durazo.9\/","article_published_time":"2021-08-26T06:38:50+00:00","og_image":[{"width":1200,"height":827,"url":"https:\/\/soledaddurazo.com\/storage\/2021\/08\/unnamed-2021-08-25T233708.762.jpg","type":"image\/jpeg"}],"twitter_card":"summary_large_image","twitter_creator":"@SoledadDurazo","twitter_site":"@SoledadDurazo","twitter_misc":{"Escrito por":"Redacci\u00f3n","Tiempo de lectura":"6 minutos"},"schema":{"@context":"https:\/\/schema.org","@graph":[{"@type":"Organization","@id":"https:\/\/soledaddurazo.com\/#organization","name":"Soledad Durazo","url":"https:\/\/soledaddurazo.com\/","sameAs":["https:\/\/www.facebook.com\/soledad.durazo.9\/","https:\/\/www.instagram.com\/soledaddurazo","https:\/\/www.youtube.com\/channel\/UC9yGPw8-Vbl_B2XNkRwPS-w","https:\/\/twitter.com\/SoledadDurazo"],"logo":{"@type":"ImageObject","@id":"https:\/\/soledaddurazo.com\/#logo","inLanguage":"es","url":"https:\/\/soledaddurazo.com\/storage\/2021\/11\/nllp-720x375-1-2.png","contentUrl":"https:\/\/soledaddurazo.com\/storage\/2021\/11\/nllp-720x375-1-2.png","width":720,"height":375,"caption":"Soledad Durazo"},"image":{"@id":"https:\/\/soledaddurazo.com\/#logo"}},{"@type":"WebSite","@id":"https:\/\/soledaddurazo.com\/#website","url":"https:\/\/soledaddurazo.com\/","name":"Periodista SoledadDurazo.com","description":"Periodista sonorense. Directora de www.SoledadDurazo.com Columnista, conductora de radio y Tv. Catedr\u00e1tica en la UNISON","publisher":{"@id":"https:\/\/soledaddurazo.com\/#organization"},"potentialAction":[{"@type":"SearchAction","target":{"@type":"EntryPoint","urlTemplate":"https:\/\/soledaddurazo.com\/?s={search_term_string}"},"query-input":"required name=search_term_string"}],"inLanguage":"es"},{"@type":"ImageObject","@id":"https:\/\/soledaddurazo.com\/blog\/2021\/08\/25\/con-la-certeza-de-haber-puesto-todo-mi-empeno-en-esta-responsabilidad-les-digo-que-sonora-sigue-claudia-pavlovich\/#primaryimage","inLanguage":"es","url":"https:\/\/soledaddurazo.com\/storage\/2021\/08\/unnamed-2021-08-25T233708.762.jpg","contentUrl":"https:\/\/soledaddurazo.com\/storage\/2021\/08\/unnamed-2021-08-25T233708.762.jpg","width":1200,"height":827},{"@type":"WebPage","@id":"https:\/\/soledaddurazo.com\/blog\/2021\/08\/25\/con-la-certeza-de-haber-puesto-todo-mi-empeno-en-esta-responsabilidad-les-digo-que-sonora-sigue-claudia-pavlovich\/#webpage","url":"https:\/\/soledaddurazo.com\/blog\/2021\/08\/25\/con-la-certeza-de-haber-puesto-todo-mi-empeno-en-esta-responsabilidad-les-digo-que-sonora-sigue-claudia-pavlovich\/","name":"Con la certeza de haber puesto todo mi empe\u00f1o en esta responsabilidad, les digo que Sonora sigue: Claudia Pavlovich - Periodista SoledadDurazo.com","isPartOf":{"@id":"https:\/\/soledaddurazo.com\/#website"},"primaryImageOfPage":{"@id":"https:\/\/soledaddurazo.com\/blog\/2021\/08\/25\/con-la-certeza-de-haber-puesto-todo-mi-empeno-en-esta-responsabilidad-les-digo-que-sonora-sigue-claudia-pavlovich\/#primaryimage"},"datePublished":"2021-08-26T06:38:50+00:00","dateModified":"2021-08-26T06:38:50+00:00","breadcrumb":{"@id":"https:\/\/soledaddurazo.com\/blog\/2021\/08\/25\/con-la-certeza-de-haber-puesto-todo-mi-empeno-en-esta-responsabilidad-les-digo-que-sonora-sigue-claudia-pavlovich\/#breadcrumb"},"inLanguage":"es","potentialAction":[{"@type":"ReadAction","target":["https:\/\/soledaddurazo.com\/blog\/2021\/08\/25\/con-la-certeza-de-haber-puesto-todo-mi-empeno-en-esta-responsabilidad-les-digo-que-sonora-sigue-claudia-pavlovich\/"]}]},{"@type":"BreadcrumbList","@id":"https:\/\/soledaddurazo.com\/blog\/2021\/08\/25\/con-la-certeza-de-haber-puesto-todo-mi-empeno-en-esta-responsabilidad-les-digo-que-sonora-sigue-claudia-pavlovich\/#breadcrumb","itemListElement":[{"@type":"ListItem","position":1,"name":"Home","item":"https:\/\/soledaddurazo.com\/"},{"@type":"ListItem","position":2,"name":"Con la certeza de haber puesto todo mi empe\u00f1o en esta responsabilidad, les digo que Sonora sigue: Claudia Pavlovich"}]},{"@type":"Article","@id":"https:\/\/soledaddurazo.com\/blog\/2021\/08\/25\/con-la-certeza-de-haber-puesto-todo-mi-empeno-en-esta-responsabilidad-les-digo-que-sonora-sigue-claudia-pavlovich\/#article","isPartOf":{"@id":"https:\/\/soledaddurazo.com\/blog\/2021\/08\/25\/con-la-certeza-de-haber-puesto-todo-mi-empeno-en-esta-responsabilidad-les-digo-que-sonora-sigue-claudia-pavlovich\/#webpage"},"author":{"@id":"https:\/\/soledaddurazo.com\/#\/schema\/person\/822d8e13aa288585e6546f179853758b"},"headline":"Con la certeza de haber puesto todo mi empe\u00f1o en esta responsabilidad, les digo que Sonora sigue: Claudia Pavlovich","datePublished":"2021-08-26T06:38:50+00:00","dateModified":"2021-08-26T06:38:50+00:00","mainEntityOfPage":{"@id":"https:\/\/soledaddurazo.com\/blog\/2021\/08\/25\/con-la-certeza-de-haber-puesto-todo-mi-empeno-en-esta-responsabilidad-les-digo-que-sonora-sigue-claudia-pavlovich\/#webpage"},"wordCount":1167,"commentCount":0,"publisher":{"@id":"https:\/\/soledaddurazo.com\/#organization"},"image":{"@id":"https:\/\/soledaddurazo.com\/blog\/2021\/08\/25\/con-la-certeza-de-haber-puesto-todo-mi-empeno-en-esta-responsabilidad-les-digo-que-sonora-sigue-claudia-pavlovich\/#primaryimage"},"thumbnailUrl":"https:\/\/soledaddurazo.com\/storage\/2021\/08\/unnamed-2021-08-25T233708.762.jpg","articleSection":["Mi Sonora"],"inLanguage":"es","potentialAction":[{"@type":"CommentAction","name":"Comment","target":["https:\/\/soledaddurazo.com\/blog\/2021\/08\/25\/con-la-certeza-de-haber-puesto-todo-mi-empeno-en-esta-responsabilidad-les-digo-que-sonora-sigue-claudia-pavlovich\/#respond"]}]},{"@type":"Person","@id":"https:\/\/soledaddurazo.com\/#\/schema\/person\/822d8e13aa288585e6546f179853758b","name":"Redacci\u00f3n","image":{"@type":"ImageObject","@id":"https:\/\/soledaddurazo.com\/#personlogo","inLanguage":"es","url":"https:\/\/secure.gravatar.com\/avatar\/c4e193752f756fd61f04deebed3a3a20dc188d37edb53682d313ac57f2725d54?s=96&d=mm&r=g","contentUrl":"https:\/\/secure.gravatar.com\/avatar\/c4e193752f756fd61f04deebed3a3a20dc188d37edb53682d313ac57f2725d54?s=96&d=mm&r=g","caption":"Redacci\u00f3n"},"sameAs":["https:\/\/soledaddurazo.com"]}]}},"_links":{"self":[{"href":"https:\/\/soledaddurazo.com\/api\/wp\/v2\/posts\/10362","targetHints":{"allow":["GET"]}}],"collection":[{"href":"https:\/\/soledaddurazo.com\/api\/wp\/v2\/posts"}],"about":[{"href":"https:\/\/soledaddurazo.com\/api\/wp\/v2\/types\/post"}],"author":[{"embeddable":true,"href":"https:\/\/soledaddurazo.com\/api\/wp\/v2\/users\/1"}],"replies":[{"embeddable":true,"href":"https:\/\/soledaddurazo.com\/api\/wp\/v2\/comments?post=10362"}],"version-history":[{"count":1,"href":"https:\/\/soledaddurazo.com\/api\/wp\/v2\/posts\/10362\/revisions"}],"predecessor-version":[{"id":10364,"href":"https:\/\/soledaddurazo.com\/api\/wp\/v2\/posts\/10362\/revisions\/10364"}],"wp:featuredmedia":[{"embeddable":true,"href":"https:\/\/soledaddurazo.com\/api\/wp\/v2\/media\/10363"}],"wp:attachment":[{"href":"https:\/\/soledaddurazo.com\/api\/wp\/v2\/media?parent=10362"}],"wp:term":[{"taxonomy":"category","embeddable":true,"href":"https:\/\/soledaddurazo.com\/api\/wp\/v2\/categories?post=10362"},{"taxonomy":"post_tag","embeddable":true,"href":"https:\/\/soledaddurazo.com\/api\/wp\/v2\/tags?post=10362"}],"curies":[{"name":"wp","href":"https:\/\/api.w.org\/{rel}","templated":true}]}}