{"id":10356,"date":"2021-08-25T23:30:19","date_gmt":"2021-08-26T06:30:19","guid":{"rendered":"https:\/\/soledaddurazo.com\/?p=10356"},"modified":"2021-08-25T23:30:19","modified_gmt":"2021-08-26T06:30:19","slug":"concluyen-sesiones-ordinarias-de-la-diputacion-permanente","status":"publish","type":"post","link":"https:\/\/soledaddurazo.com\/blog\/2021\/08\/25\/concluyen-sesiones-ordinarias-de-la-diputacion-permanente\/","title":{"rendered":"Concluyen sesiones ordinarias de la Diputaci\u00f3n Permanente"},"content":{"rendered":"<p><span style=\"font-size: large;\">En su \u00faltima sesi\u00f3n ordinaria del segundo periodo extraordinario que concluye este 31 de agosto, la mesa directiva de la Diputaci\u00f3n Permanente aprob\u00f3 un punto de Acuerdo sobre obras en instituciones educativas, recibi\u00f3 una iniciativa para modificar la Ley del Notariado y atestigu\u00f3 la presentaci\u00f3n de cuatro posicionamientos en relaci\u00f3n a la culminaci\u00f3n de actividades de la LXII Legislatura.<\/span><\/p>\n<p><span style=\"font-size: large;\">\u00a0<\/span><span style=\"font-size: large;\">La primera iniciativa fue presentada por el diputado Carlos Navarrete Aguirre, a efecto de exhortar a los titulares de las secretar\u00edas de Infraestructura y Desarrollo Urbano, y de Educaci\u00f3n y Cultura, as\u00ed como del Instituto Sonorense de Infraestructura Educativa, todos del Gobierno del Estado, para que informen a este Poder Legislativo sobre las obras en instituciones educativas realizadas durante 2020 y lo que va de 2021.<\/span><\/p>\n<p><span style=\"font-size: large;\">\u00a0<\/span><span style=\"font-size: large;\">Afirm\u00f3 que a pesar de que esta Soberan\u00eda etiquet\u00f3 recursos para 2020 y 2021, a fin de que se realizaran obras de mejora en instituciones de educaci\u00f3n p\u00fablica, el Gobierno del Estado fue omiso al respecto y no las llev\u00f3 a cabo, adem\u00e1s de que se desconoce el destino de los recursos etiquetados.<\/span><\/p>\n<p><span style=\"font-size: large;\">\u00a0<\/span><span style=\"font-size: large;\">\u201cAnte esta emergencia sanitaria, la higiene es de suma importancia, es por eso que el Gobierno estatal deber\u00eda haber tenido en \u00f3ptimas condiciones los ba\u00f1os de las escuelas p\u00fablicas, pero muchos de ellos no cuentan con lo m\u00e1s m\u00ednimo indispensable, incluso ni con agua potable, tazas, lavamanos, energ\u00eda el\u00e9ctrica, lo que hace imposible el regreso a clases presenciales\u201d, asever\u00f3.<\/span><\/p>\n<p><span style=\"font-size: large;\">\u00a0<\/span><span style=\"font-size: large;\">El diputado Navarrete Aguirre solicit\u00f3 que los funcionarios estatales informen al\u00a0<span class=\"il\">Congreso<\/span>\u00a0de Estado sobre las obras para instituciones educativas etiquetadas en los presupuestos de los ejercicios fiscales 2020 y 2021; obras ejecutadas en instituciones educativas desde enero de 2020 a la fecha; recursos ejercidos en los a\u00f1os 2020 y 2021 en instituciones educativas; y la raz\u00f3n por la cual no se realizaron todas las obras en instituciones educativas en los referidos ejercicios.<\/span><\/p>\n<p><span style=\"font-size: large;\">\u00a0<\/span><span style=\"font-size: large;\">En el siguiente punto del orden del d\u00eda, el diputado Luis Armando Colosio Mu\u00f1oz present\u00f3 una iniciativa con proyecto de decreto que reforma y adiciona diversas disposiciones de la Ley del Notariado del Estado de Sonora, con el objeto de dar publicidad y transparencia al otorgamiento de patentes de aspirantes a Notario, as\u00ed como proveer lo necesario para que en cada uno de los municipios de la entidad se preste el servicio notarial.<\/span><\/p>\n<p><span style=\"font-size: large;\">\u00a0<\/span><span style=\"font-size: large;\">Expuso que el titular del Poder Ejecutivo estatal debe buscar que el Notario sea el profesional del Derecho que re\u00fana las cualidades para el consignatario de una de las funciones del Estado: dar certeza a la realizaci\u00f3n de las actividades o sucesos que tienen repercusi\u00f3n en el \u00e1mbito jur\u00eddico de los particulares y de las autoridades, as\u00ed como tambi\u00e9n un celoso guardi\u00e1n de la observancia y aplicaci\u00f3n de las normas jur\u00eddicas.<\/span><\/p>\n<p><span style=\"font-size: large;\">\u00a0<\/span><span style=\"font-size: large;\">\u201cPor ello, la funci\u00f3n notarial debe continuar evolucionando de la mano con el devenir hist\u00f3rico, jur\u00eddico y tecnol\u00f3gico, a fin de que el Notario proporcione un servicio capaz de satisfacer las demandas de la sociedad con la mayor calidad, eficacia, eficiencia y celeridad, pero garantizando ante todo la certeza jur\u00eddica de los actos y hechos pasados ante su fe\u201d, expres\u00f3.<\/span><\/p>\n<p><span style=\"font-size: large;\">\u00a0<\/span><span style=\"font-size: large;\">El legislador agreg\u00f3 que con esta iniciativa busca que la obtenci\u00f3n de las patentes de Notario cuenten con el marco jur\u00eddico id\u00f3neo que les permita dar respuesta de manera eficaz a las demandas planteadas por la sociedad en torno a la funci\u00f3n notarial, y para que en el otorgamiento de las mismas se involucre a otros actores y no solo al Ejecutivo del Estado.<\/span><\/p>\n<p><span style=\"font-size: large;\">\u00a0<\/span><span style=\"font-size: large;\">La iniciativa fue turnada para estudio por el presidente de la mesa directiva de la Diputaci\u00f3n Permanente, Francisco Javier Duarte Flores, a la Comisi\u00f3n de Gobernaci\u00f3n y Puntos Constitucionales.<\/span><\/p>\n<p><span style=\"font-size: large;\">\u00a0<\/span><b><span style=\"font-size: large;\">Posicionamientos por culminaci\u00f3n de la LXII Legislatura\u00a0<\/span><\/b><\/p>\n<p><span style=\"font-size: large;\">En esta \u00faltima sesi\u00f3n ordinaria de la Diputaci\u00f3n Permanente, correspondiente al segundo periodo extraordinario, los diputados Jes\u00fas Alonso Montes Pi\u00f1a, Mar\u00eda Magdalena Uribe Pe\u00f1a, L\u00e1zaro Espinoza Mend\u00edvil y Marcia Lorena Camarena Moncada, presentaron posicionamientos en relaci\u00f3n a la culminaci\u00f3n de actividades de la LXII Legislatura del Estado de Sonora.<\/span><\/p>\n<p><span style=\"font-size: large;\">\u00a0<\/span><span style=\"font-size: large;\">\u201cDurante este tiempo, adem\u00e1s de gestionar recursos para San Luis R\u00edo Colorado, trabaj\u00e9 para reconstruir muchas leyes que nos rigen en todos sus \u00e1mbitos. En la tribuna que hoy me encuentro, se presentaron grandes debates, y a pesar de las ideolog\u00edas de los diferentes partidos pol\u00edticos, logramos avanzar con importantes reformas que hoy son de gran ayuda para las y los sonorenses\u201d, extern\u00f3 el diputado Montes Pi\u00f1a.<\/span><\/p>\n<p><span style=\"font-size: large;\">\u00a0<\/span><span style=\"font-size: large;\">A los diputados electos a la LXIII Legislatura les dese\u00f3 tenacidad para entender que ser\u00e1 necesario el di\u00e1logo para impulsar acuerdos y respetar los mismos; madurez para entender que la l\u00f3gica de partidos pol\u00edticos se acaba en el momento que son electos por el pueblo; y orgullo para entender que trabajar honestamente es el \u00fanico camino para dar resultados.<\/span><\/p>\n<p><span style=\"font-size: large;\">\u00a0<\/span><span style=\"font-size: large;\">La diputada Mar\u00eda Magdalena Uribe Pe\u00f1a dijo sentirse muy orgullosa de haber pertenecido a la LXII Legislatura, de haber aprendido de cada uno de sus compa\u00f1eros legisladores y agradeci\u00f3 a todo el personal del\u00a0<span class=\"il\">Congreso<\/span>\u00a0del Estado por las atenciones recibidas.<\/span><\/p>\n<p><span style=\"font-size: large;\">\u00a0<\/span><span style=\"font-size: large;\">\u201cCon esta participaci\u00f3n se culmina un ciclo cumpliendo satisfactoriamente con la labor encomendada por la gente, as\u00ed como el gran apoyo de mis compa\u00f1eras y compa\u00f1eros diputados, del personal del\u00a0<span class=\"il\">Congreso<\/span>\u00a0y de mi equipo de trabajo. Gracias al voto de confianza de permitirme presidir en varias ocasiones la mesa directiva del Pleno del\u00a0<span class=\"il\">Congreso<\/span>\u00a0y como integrante de la Diputaci\u00f3n Permanente\u201d, exterioriz\u00f3.<\/span><\/p>\n<p><span style=\"font-size: large;\">\u00a0<\/span><span style=\"font-size: large;\">El diputado L\u00e1zaro Espinoza Mend\u00edvil sostuvo que en esta LXII Legislatura no la tuvieron f\u00e1cil, pues la pandemia por el COVID-19 meti\u00f3 al mundo, incluido M\u00e9xico y el Estado de Sonora, en una situaci\u00f3n muy dif\u00edcil en la que todos se vieron afectados, \u201cy lo m\u00e1s lamentable sin duda alguna ha sido la p\u00e9rdida de vidas humanas\u201d, se\u00f1al\u00f3.<\/span><\/p>\n<p><span style=\"font-size: large;\">\u00a0<\/span><span style=\"font-size: large;\">\u201cEn los tres a\u00f1os que tengo como diputado, cada d\u00eda aprend\u00ed algo nuevo y cada d\u00eda compart\u00ed algo bueno con todo el pueblo de Sonora; cada comisi\u00f3n, cada iniciativa y cada gesti\u00f3n fue para m\u00ed lo m\u00e1s importante; siempre me esforc\u00e9 al m\u00e1ximo y me disculpo ante quien considere que no cumpl\u00ed con sus expectativas\u201d, afirm\u00f3.<\/span><\/p>\n<p><span style=\"font-size: large;\">\u00a0<\/span><span style=\"font-size: large;\">Desde el primer d\u00eda de esta LXII Legislatura trabaj\u00f3 arduamente para presentar iniciativas a favor de las y los sonorenses, sobre todo en beneficio de las comunidades m\u00e1s vulnerables, ya que para ella, una agenda en el marco de los derechos humanos y que fomente la inclusi\u00f3n, el respeto a la vida y a la solidaridad, es indispensable para transformar al Estado de Sonora, asegur\u00f3 la diputada Marcia Lorena Camarena Moncada.<\/span><\/p>\n<p><span style=\"font-size: large;\">\u00a0<\/span><span style=\"font-size: large;\">\u201cAsimismo he presentado diversas iniciativas para mejorar las condiciones laborales de las y los sonorenses, quienes diariamente salen de sus casas para trabajar por sus familias, a pesar de la pandemia, sobre todo del personal m\u00e9dico y de enfermer\u00eda que han estado en primera l\u00ednea atendiendo a pacientes que padecen COVID\u201d, expres\u00f3.<\/span><\/p>\n<p><span style=\"font-size: large;\">\u00a0<\/span><span style=\"font-size: large;\">En esta \u00faltima sesi\u00f3n ordinaria de la Diputaci\u00f3n Permanente estuvieron presentes las diputadas Miroslava Luj\u00e1n L\u00f3pez, vicepresidenta; Rosa Icela Mart\u00ednez Espinoza, secretaria; Marcia Lorena Camarena Moncada y Mar\u00eda Magdalena Uribe Pe\u00f1a, suplentes.<\/span><\/p>\n<p><span style=\"font-size: large;\">\u00a0<\/span><\/p>\n","protected":false},"excerpt":{"rendered":"<p>En su \u00faltima sesi\u00f3n ordinaria del segundo periodo extraordinario que concluye este 31 de agosto, la mesa directiva de la Diputaci\u00f3n Permanente aprob\u00f3 un punto de Acuerdo sobre obras en instituciones educativas, recibi\u00f3 una iniciativa para modificar la Ley del Notariado y atestigu\u00f3 la presentaci\u00f3n de cuatro posicionamientos en relaci\u00f3n a la culminaci\u00f3n de actividades [&hellip;]<\/p>\n","protected":false},"author":1,"featured_media":10357,"comment_status":"open","ping_status":"open","sticky":false,"template":"","format":"standard","meta":{"footnotes":""},"categories":[159],"tags":[],"class_list":["post"],"yoast_head":" \n<title>Concluyen sesiones ordinarias de la Diputaci\u00f3n Permanente - Periodista SoledadDurazo.com<\/title>\n<meta name=\"robots\" content=\"index, follow, max-snippet:-1, max-image-preview:large, max-video-preview:-1\" \/>\n<link rel=\"canonical\" href=\"https:\/\/soledaddurazo.com\/blog\/2021\/08\/25\/concluyen-sesiones-ordinarias-de-la-diputacion-permanente\/\" \/>\n<meta property=\"og:locale\" content=\"es_MX\" \/>\n<meta property=\"og:type\" content=\"article\" \/>\n<meta property=\"og:title\" content=\"Concluyen sesiones ordinarias de la Diputaci\u00f3n Permanente\" \/>\n<meta property=\"og:description\" content=\"En su \u00faltima sesi\u00f3n ordinaria del segundo periodo extraordinario que concluye este 31 de agosto, la mesa directiva de la Diputaci\u00f3n Permanente aprob\u00f3 un punto de Acuerdo sobre obras en instituciones educativas, recibi\u00f3 una iniciativa para modificar la Ley del Notariado y atestigu\u00f3 la presentaci\u00f3n de cuatro posicionamientos en relaci\u00f3n a la culminaci\u00f3n de actividades [&hellip;]\" \/>\n<meta property=\"og:url\" content=\"https:\/\/soledaddurazo.com\/blog\/2021\/08\/25\/concluyen-sesiones-ordinarias-de-la-diputacion-permanente\/\" \/>\n<meta property=\"og:site_name\" content=\"Periodista SoledadDurazo.com\" \/>\n<meta property=\"article:publisher\" content=\"https:\/\/www.facebook.com\/soledad.durazo.9\/\" \/>\n<meta property=\"article:published_time\" content=\"2021-08-26T06:30:19+00:00\" \/>\n<meta property=\"og:image\" content=\"https:\/\/soledaddurazo.com\/storage\/2021\/08\/51403191219_6254119fe7_c.jpg\" \/>\n\t<meta property=\"og:image:width\" content=\"799\" \/>\n\t<meta property=\"og:image:height\" content=\"533\" \/>\n<meta name=\"twitter:card\" content=\"summary_large_image\" \/>\n<meta name=\"twitter:creator\" content=\"@SoledadDurazo\" \/>\n<meta name=\"twitter:site\" content=\"@SoledadDurazo\" \/>\n<meta name=\"twitter:label1\" content=\"Escrito por\" \/>\n\t<meta name=\"twitter:data1\" content=\"Redacci\u00f3n\" \/>\n\t<meta name=\"twitter:label2\" content=\"Tiempo de lectura\" \/>\n\t<meta name=\"twitter:data2\" content=\"6 minutos\" \/>\n<script type=\"application\/ld+json\" class=\"yoast-schema-graph\">{\"@context\":\"https:\/\/schema.org\",\"@graph\":[{\"@type\":\"Organization\",\"@id\":\"https:\/\/soledaddurazo.com\/#organization\",\"name\":\"Soledad Durazo\",\"url\":\"https:\/\/soledaddurazo.com\/\",\"sameAs\":[\"https:\/\/www.facebook.com\/soledad.durazo.9\/\",\"https:\/\/www.instagram.com\/soledaddurazo\",\"https:\/\/www.youtube.com\/channel\/UC9yGPw8-Vbl_B2XNkRwPS-w\",\"https:\/\/twitter.com\/SoledadDurazo\"],\"logo\":{\"@type\":\"ImageObject\",\"@id\":\"https:\/\/soledaddurazo.com\/#logo\",\"inLanguage\":\"es\",\"url\":\"https:\/\/soledaddurazo.com\/storage\/2021\/11\/nllp-720x375-1-2.png\",\"contentUrl\":\"https:\/\/soledaddurazo.com\/storage\/2021\/11\/nllp-720x375-1-2.png\",\"width\":720,\"height\":375,\"caption\":\"Soledad Durazo\"},\"image\":{\"@id\":\"https:\/\/soledaddurazo.com\/#logo\"}},{\"@type\":\"WebSite\",\"@id\":\"https:\/\/soledaddurazo.com\/#website\",\"url\":\"https:\/\/soledaddurazo.com\/\",\"name\":\"Periodista SoledadDurazo.com\",\"description\":\"Periodista sonorense. Directora de www.SoledadDurazo.com Columnista, conductora de radio y Tv. Catedr\\u00e1tica en la UNISON\",\"publisher\":{\"@id\":\"https:\/\/soledaddurazo.com\/#organization\"},\"potentialAction\":[{\"@type\":\"SearchAction\",\"target\":{\"@type\":\"EntryPoint\",\"urlTemplate\":\"https:\/\/soledaddurazo.com\/?s={search_term_string}\"},\"query-input\":\"required name=search_term_string\"}],\"inLanguage\":\"es\"},{\"@type\":\"ImageObject\",\"@id\":\"https:\/\/soledaddurazo.com\/blog\/2021\/08\/25\/concluyen-sesiones-ordinarias-de-la-diputacion-permanente\/#primaryimage\",\"inLanguage\":\"es\",\"url\":\"https:\/\/soledaddurazo.com\/storage\/2021\/08\/51403191219_6254119fe7_c.jpg\",\"contentUrl\":\"https:\/\/soledaddurazo.com\/storage\/2021\/08\/51403191219_6254119fe7_c.jpg\",\"width\":799,\"height\":533},{\"@type\":\"WebPage\",\"@id\":\"https:\/\/soledaddurazo.com\/blog\/2021\/08\/25\/concluyen-sesiones-ordinarias-de-la-diputacion-permanente\/#webpage\",\"url\":\"https:\/\/soledaddurazo.com\/blog\/2021\/08\/25\/concluyen-sesiones-ordinarias-de-la-diputacion-permanente\/\",\"name\":\"Concluyen sesiones ordinarias de la Diputaci\\u00f3n Permanente - Periodista SoledadDurazo.com\",\"isPartOf\":{\"@id\":\"https:\/\/soledaddurazo.com\/#website\"},\"primaryImageOfPage\":{\"@id\":\"https:\/\/soledaddurazo.com\/blog\/2021\/08\/25\/concluyen-sesiones-ordinarias-de-la-diputacion-permanente\/#primaryimage\"},\"datePublished\":\"2021-08-26T06:30:19+00:00\",\"dateModified\":\"2021-08-26T06:30:19+00:00\",\"breadcrumb\":{\"@id\":\"https:\/\/soledaddurazo.com\/blog\/2021\/08\/25\/concluyen-sesiones-ordinarias-de-la-diputacion-permanente\/#breadcrumb\"},\"inLanguage\":\"es\",\"potentialAction\":[{\"@type\":\"ReadAction\",\"target\":[\"https:\/\/soledaddurazo.com\/blog\/2021\/08\/25\/concluyen-sesiones-ordinarias-de-la-diputacion-permanente\/\"]}]},{\"@type\":\"BreadcrumbList\",\"@id\":\"https:\/\/soledaddurazo.com\/blog\/2021\/08\/25\/concluyen-sesiones-ordinarias-de-la-diputacion-permanente\/#breadcrumb\",\"itemListElement\":[{\"@type\":\"ListItem\",\"position\":1,\"name\":\"Home\",\"item\":\"https:\/\/soledaddurazo.com\/\"},{\"@type\":\"ListItem\",\"position\":2,\"name\":\"Concluyen sesiones ordinarias de la Diputaci\\u00f3n Permanente\"}]},{\"@type\":\"Article\",\"@id\":\"https:\/\/soledaddurazo.com\/blog\/2021\/08\/25\/concluyen-sesiones-ordinarias-de-la-diputacion-permanente\/#article\",\"isPartOf\":{\"@id\":\"https:\/\/soledaddurazo.com\/blog\/2021\/08\/25\/concluyen-sesiones-ordinarias-de-la-diputacion-permanente\/#webpage\"},\"author\":{\"@id\":\"https:\/\/soledaddurazo.com\/#\/schema\/person\/822d8e13aa288585e6546f179853758b\"},\"headline\":\"Concluyen sesiones ordinarias de la Diputaci\\u00f3n Permanente\",\"datePublished\":\"2021-08-26T06:30:19+00:00\",\"dateModified\":\"2021-08-26T06:30:19+00:00\",\"mainEntityOfPage\":{\"@id\":\"https:\/\/soledaddurazo.com\/blog\/2021\/08\/25\/concluyen-sesiones-ordinarias-de-la-diputacion-permanente\/#webpage\"},\"wordCount\":1257,\"commentCount\":0,\"publisher\":{\"@id\":\"https:\/\/soledaddurazo.com\/#organization\"},\"image\":{\"@id\":\"https:\/\/soledaddurazo.com\/blog\/2021\/08\/25\/concluyen-sesiones-ordinarias-de-la-diputacion-permanente\/#primaryimage\"},\"thumbnailUrl\":\"https:\/\/soledaddurazo.com\/storage\/2021\/08\/51403191219_6254119fe7_c.jpg\",\"articleSection\":[\"Mi Sonora\"],\"inLanguage\":\"es\",\"potentialAction\":[{\"@type\":\"CommentAction\",\"name\":\"Comment\",\"target\":[\"https:\/\/soledaddurazo.com\/blog\/2021\/08\/25\/concluyen-sesiones-ordinarias-de-la-diputacion-permanente\/#respond\"]}]},{\"@type\":\"Person\",\"@id\":\"https:\/\/soledaddurazo.com\/#\/schema\/person\/822d8e13aa288585e6546f179853758b\",\"name\":\"Redacci\\u00f3n\",\"image\":{\"@type\":\"ImageObject\",\"@id\":\"https:\/\/soledaddurazo.com\/#personlogo\",\"inLanguage\":\"es\",\"url\":\"https:\/\/secure.gravatar.com\/avatar\/c4e193752f756fd61f04deebed3a3a20dc188d37edb53682d313ac57f2725d54?s=96&d=mm&r=g\",\"contentUrl\":\"https:\/\/secure.gravatar.com\/avatar\/c4e193752f756fd61f04deebed3a3a20dc188d37edb53682d313ac57f2725d54?s=96&d=mm&r=g\",\"caption\":\"Redacci\\u00f3n\"},\"sameAs\":[\"https:\/\/soledaddurazo.com\"]}]}<\/script>\n ","yoast_head_json":{"title":"Concluyen sesiones ordinarias de la Diputaci\u00f3n Permanente - Periodista SoledadDurazo.com","robots":{"index":"index","follow":"follow","max-snippet":"max-snippet:-1","max-image-preview":"max-image-preview:large","max-video-preview":"max-video-preview:-1"},"canonical":"https:\/\/soledaddurazo.com\/blog\/2021\/08\/25\/concluyen-sesiones-ordinarias-de-la-diputacion-permanente\/","og_locale":"es_MX","og_type":"article","og_title":"Concluyen sesiones ordinarias de la Diputaci\u00f3n Permanente","og_description":"En su \u00faltima sesi\u00f3n ordinaria del segundo periodo extraordinario que concluye este 31 de agosto, la mesa directiva de la Diputaci\u00f3n Permanente aprob\u00f3 un punto de Acuerdo sobre obras en instituciones educativas, recibi\u00f3 una iniciativa para modificar la Ley del Notariado y atestigu\u00f3 la presentaci\u00f3n de cuatro posicionamientos en relaci\u00f3n a la culminaci\u00f3n de actividades [&hellip;]","og_url":"https:\/\/soledaddurazo.com\/blog\/2021\/08\/25\/concluyen-sesiones-ordinarias-de-la-diputacion-permanente\/","og_site_name":"Periodista SoledadDurazo.com","article_publisher":"https:\/\/www.facebook.com\/soledad.durazo.9\/","article_published_time":"2021-08-26T06:30:19+00:00","og_image":[{"width":799,"height":533,"url":"https:\/\/soledaddurazo.com\/storage\/2021\/08\/51403191219_6254119fe7_c.jpg","type":"image\/jpeg"}],"twitter_card":"summary_large_image","twitter_creator":"@SoledadDurazo","twitter_site":"@SoledadDurazo","twitter_misc":{"Escrito por":"Redacci\u00f3n","Tiempo de lectura":"6 minutos"},"schema":{"@context":"https:\/\/schema.org","@graph":[{"@type":"Organization","@id":"https:\/\/soledaddurazo.com\/#organization","name":"Soledad Durazo","url":"https:\/\/soledaddurazo.com\/","sameAs":["https:\/\/www.facebook.com\/soledad.durazo.9\/","https:\/\/www.instagram.com\/soledaddurazo","https:\/\/www.youtube.com\/channel\/UC9yGPw8-Vbl_B2XNkRwPS-w","https:\/\/twitter.com\/SoledadDurazo"],"logo":{"@type":"ImageObject","@id":"https:\/\/soledaddurazo.com\/#logo","inLanguage":"es","url":"https:\/\/soledaddurazo.com\/storage\/2021\/11\/nllp-720x375-1-2.png","contentUrl":"https:\/\/soledaddurazo.com\/storage\/2021\/11\/nllp-720x375-1-2.png","width":720,"height":375,"caption":"Soledad Durazo"},"image":{"@id":"https:\/\/soledaddurazo.com\/#logo"}},{"@type":"WebSite","@id":"https:\/\/soledaddurazo.com\/#website","url":"https:\/\/soledaddurazo.com\/","name":"Periodista SoledadDurazo.com","description":"Periodista sonorense. Directora de www.SoledadDurazo.com Columnista, conductora de radio y Tv. Catedr\u00e1tica en la UNISON","publisher":{"@id":"https:\/\/soledaddurazo.com\/#organization"},"potentialAction":[{"@type":"SearchAction","target":{"@type":"EntryPoint","urlTemplate":"https:\/\/soledaddurazo.com\/?s={search_term_string}"},"query-input":"required name=search_term_string"}],"inLanguage":"es"},{"@type":"ImageObject","@id":"https:\/\/soledaddurazo.com\/blog\/2021\/08\/25\/concluyen-sesiones-ordinarias-de-la-diputacion-permanente\/#primaryimage","inLanguage":"es","url":"https:\/\/soledaddurazo.com\/storage\/2021\/08\/51403191219_6254119fe7_c.jpg","contentUrl":"https:\/\/soledaddurazo.com\/storage\/2021\/08\/51403191219_6254119fe7_c.jpg","width":799,"height":533},{"@type":"WebPage","@id":"https:\/\/soledaddurazo.com\/blog\/2021\/08\/25\/concluyen-sesiones-ordinarias-de-la-diputacion-permanente\/#webpage","url":"https:\/\/soledaddurazo.com\/blog\/2021\/08\/25\/concluyen-sesiones-ordinarias-de-la-diputacion-permanente\/","name":"Concluyen sesiones ordinarias de la Diputaci\u00f3n Permanente - Periodista SoledadDurazo.com","isPartOf":{"@id":"https:\/\/soledaddurazo.com\/#website"},"primaryImageOfPage":{"@id":"https:\/\/soledaddurazo.com\/blog\/2021\/08\/25\/concluyen-sesiones-ordinarias-de-la-diputacion-permanente\/#primaryimage"},"datePublished":"2021-08-26T06:30:19+00:00","dateModified":"2021-08-26T06:30:19+00:00","breadcrumb":{"@id":"https:\/\/soledaddurazo.com\/blog\/2021\/08\/25\/concluyen-sesiones-ordinarias-de-la-diputacion-permanente\/#breadcrumb"},"inLanguage":"es","potentialAction":[{"@type":"ReadAction","target":["https:\/\/soledaddurazo.com\/blog\/2021\/08\/25\/concluyen-sesiones-ordinarias-de-la-diputacion-permanente\/"]}]},{"@type":"BreadcrumbList","@id":"https:\/\/soledaddurazo.com\/blog\/2021\/08\/25\/concluyen-sesiones-ordinarias-de-la-diputacion-permanente\/#breadcrumb","itemListElement":[{"@type":"ListItem","position":1,"name":"Home","item":"https:\/\/soledaddurazo.com\/"},{"@type":"ListItem","position":2,"name":"Concluyen sesiones ordinarias de la Diputaci\u00f3n Permanente"}]},{"@type":"Article","@id":"https:\/\/soledaddurazo.com\/blog\/2021\/08\/25\/concluyen-sesiones-ordinarias-de-la-diputacion-permanente\/#article","isPartOf":{"@id":"https:\/\/soledaddurazo.com\/blog\/2021\/08\/25\/concluyen-sesiones-ordinarias-de-la-diputacion-permanente\/#webpage"},"author":{"@id":"https:\/\/soledaddurazo.com\/#\/schema\/person\/822d8e13aa288585e6546f179853758b"},"headline":"Concluyen sesiones ordinarias de la Diputaci\u00f3n Permanente","datePublished":"2021-08-26T06:30:19+00:00","dateModified":"2021-08-26T06:30:19+00:00","mainEntityOfPage":{"@id":"https:\/\/soledaddurazo.com\/blog\/2021\/08\/25\/concluyen-sesiones-ordinarias-de-la-diputacion-permanente\/#webpage"},"wordCount":1257,"commentCount":0,"publisher":{"@id":"https:\/\/soledaddurazo.com\/#organization"},"image":{"@id":"https:\/\/soledaddurazo.com\/blog\/2021\/08\/25\/concluyen-sesiones-ordinarias-de-la-diputacion-permanente\/#primaryimage"},"thumbnailUrl":"https:\/\/soledaddurazo.com\/storage\/2021\/08\/51403191219_6254119fe7_c.jpg","articleSection":["Mi Sonora"],"inLanguage":"es","potentialAction":[{"@type":"CommentAction","name":"Comment","target":["https:\/\/soledaddurazo.com\/blog\/2021\/08\/25\/concluyen-sesiones-ordinarias-de-la-diputacion-permanente\/#respond"]}]},{"@type":"Person","@id":"https:\/\/soledaddurazo.com\/#\/schema\/person\/822d8e13aa288585e6546f179853758b","name":"Redacci\u00f3n","image":{"@type":"ImageObject","@id":"https:\/\/soledaddurazo.com\/#personlogo","inLanguage":"es","url":"https:\/\/secure.gravatar.com\/avatar\/c4e193752f756fd61f04deebed3a3a20dc188d37edb53682d313ac57f2725d54?s=96&d=mm&r=g","contentUrl":"https:\/\/secure.gravatar.com\/avatar\/c4e193752f756fd61f04deebed3a3a20dc188d37edb53682d313ac57f2725d54?s=96&d=mm&r=g","caption":"Redacci\u00f3n"},"sameAs":["https:\/\/soledaddurazo.com"]}]}},"_links":{"self":[{"href":"https:\/\/soledaddurazo.com\/api\/wp\/v2\/posts\/10356","targetHints":{"allow":["GET"]}}],"collection":[{"href":"https:\/\/soledaddurazo.com\/api\/wp\/v2\/posts"}],"about":[{"href":"https:\/\/soledaddurazo.com\/api\/wp\/v2\/types\/post"}],"author":[{"embeddable":true,"href":"https:\/\/soledaddurazo.com\/api\/wp\/v2\/users\/1"}],"replies":[{"embeddable":true,"href":"https:\/\/soledaddurazo.com\/api\/wp\/v2\/comments?post=10356"}],"version-history":[{"count":1,"href":"https:\/\/soledaddurazo.com\/api\/wp\/v2\/posts\/10356\/revisions"}],"predecessor-version":[{"id":10358,"href":"https:\/\/soledaddurazo.com\/api\/wp\/v2\/posts\/10356\/revisions\/10358"}],"wp:featuredmedia":[{"embeddable":true,"href":"https:\/\/soledaddurazo.com\/api\/wp\/v2\/media\/10357"}],"wp:attachment":[{"href":"https:\/\/soledaddurazo.com\/api\/wp\/v2\/media?parent=10356"}],"wp:term":[{"taxonomy":"category","embeddable":true,"href":"https:\/\/soledaddurazo.com\/api\/wp\/v2\/categories?post=10356"},{"taxonomy":"post_tag","embeddable":true,"href":"https:\/\/soledaddurazo.com\/api\/wp\/v2\/tags?post=10356"}],"curies":[{"name":"wp","href":"https:\/\/api.w.org\/{rel}","templated":true}]}}