{"id":10340,"date":"2021-08-25T01:26:22","date_gmt":"2021-08-25T08:26:22","guid":{"rendered":"https:\/\/soledaddurazo.com\/?p=10340"},"modified":"2021-08-25T01:26:22","modified_gmt":"2021-08-25T08:26:22","slug":"asigna-cobach-nuevas-direcciones-y-subdirecciones-de-planteles","status":"publish","type":"post","link":"https:\/\/soledaddurazo.com\/blog\/2021\/08\/25\/asigna-cobach-nuevas-direcciones-y-subdirecciones-de-planteles\/","title":{"rendered":"Asigna Cobach nuevas direcciones y subdirecciones de planteles"},"content":{"rendered":"<p>Ante la presencia de autoridades educativas y representantes de padres de familia como observadores, bajo la norma de transparencia y legalidad de la Unidad del Sistema para la Carrera de las Maestras y los Maestros (USICAMM), el Colegio de Bachilleres (Cobach) del Estado de Sonora realiz\u00f3 evento p\u00fablico para asignaci\u00f3n de cargos con funciones de Direcci\u00f3n y Subdirecci\u00f3n de plantel.<\/p>\n<p>V\u00edctor Mario Gami\u00f1o Casillas, director general de la Instituci\u00f3n, inform\u00f3 que el Cobach ha sido respetuoso de cada uno de los procesos donde se convoca al personal docente para ocupar un cargo directivo en cada uno de los 30 planteles de administraci\u00f3n directa con que cuenta el subsistema.<\/p>\n<p>\u201cEstamos muy motivados porque siguiendo con la norma de la USICAMM, ha sido posible colocar en puestos directivos a los perfiles m\u00e1s adecuados para dirigir la vida institucional de los planteles, ya que son parte fundamental en la operaci\u00f3n arm\u00f3nica de los servicios estudiantiles que ofrecemos\u201d, expres\u00f3.<\/p>\n<p>Durante el desarrollo del proceso que se hizo en l\u00ednea, primeramente, fueron asignados los cargos con funciones para un total de 20 Direcciones de plantel, y una vez cubiertas las vacantes se procedi\u00f3 a la asignaci\u00f3n de 16 cargos con funciones de Subdirecci\u00f3n.<\/p>\n<p>En la transmisi\u00f3n en vivo, donde se encontraban tambi\u00e9n representados: el \u00d3rgano Interno de Control, el Sindicato \u00danico de Trabajadores del Colegio de Bachilleres de Sonora (Sutcobs), la Unidad de Enlace del Instituto de Transparencia, la Secretar\u00eda Ejecutiva del Sistema Estatal Anticorrupci\u00f3n; se present\u00f3 en pantalla la oferta de planteles que fue convocada por el Colegio de Bachilleres del Estado de Sonora.<\/p>\n<p>Acto seguido, se nombr\u00f3 a cada uno de los aspirantes por orden de prelaci\u00f3n seg\u00fan el listado oficial enviado por la Unidad del Sistema para la Carrera de las Maestras y los Maestros (USICAMM), mismos que son p\u00fablicos.<\/p>\n<p>El aspirante, al ser nombrado, accedi\u00f3 al link de la mesa de atenci\u00f3n que le apareci\u00f3 al momento de ingresar a este evento, el cual le fue enviado a su correo electr\u00f3nico institucional con anterioridad.<\/p>\n<p>Enseguida, el aspirante eligi\u00f3 una de las opciones vacantes que correspond\u00eda a la misma zona econ\u00f3mica de su plantel de adscripci\u00f3n, y una vez elegido el plantel de la lista de ofertas vacantes, se actualiz\u00f3 autom\u00e1ticamente en pantalla visible a todo el p\u00fablico.<\/p>\n<p>Entre las direcciones de plantel que fueron asignadas bajo la norma de USICAMM, se encuentran el Plantel Villa de Seris, seleccionado por Mar\u00eda Jes\u00fas Armida Fontes Valdez; Navojoa, adjudicado a David Hurtado Esquer; Lic. Alberto Flores Urbina, que qued\u00f3 a cargo de V\u00edctor Manuel Castelo L\u00f3pez; Caborca, seleccionado por Julio C\u00e9sar Cruz D\u00edaz; Puerto Pe\u00f1asco, a cargo de \u00d3scar David Peraza Garc\u00eda; y el plantel Profr. Jes\u00fas Guillermo Careaga Cruz, seleccionado por Denisse Luc\u00eda Gast\u00e9lum Rojero.<\/p>\n<p>Tambi\u00e9n fueron asignadas las direcciones de plantel para un periodo de 4 a\u00f1os, en San Luis R\u00edo Colorado a \u00c1lvaro Enrique Alonzo Ojeda; Obreg\u00f3n II a Jos\u00e9 Luis \u00c1lvarez Preciado; \u00c1lamos a Leonel Francisco Corral L\u00f3pez; Empalme a Griselda Esquivel Ruiz); Etchojoa a Norah Elizabhet Contreras L\u00f3pez; y Sonoyta a Mar\u00eda Isela Gamboa Hern\u00e1ndez.<\/p>\n<p>Por su parte, tambi\u00e9n recibieron la responsabilidad de dirigir los planteles de Cobach en San Ignacio R\u00edo Muerto, Manuel Leobardo M\u00e1rquez Roon; en el plantel \u00c1lvaro Obreg\u00f3n Salido, Ana Karen Hern\u00e1ndez Valdez; en el plantel Nuevo Hermosillo, Aida Simancas Vieyra; en Quetchehueca, Miguel \u00c1ngel Dom\u00ednguez Murrieta; y en el plantel Faustino F\u00e9lix Serna, Olga Eduviges Valencia Guti\u00e9rrez.<\/p>\n<p>Finalmente, recibieron su asignaci\u00f3n como directivos, en el Plantel Jos\u00e9 Mar\u00eda Maytorena Tapia en Guaymas, Jos\u00e9 Guadalupe Ayala Estrada; en el plantel Nacozari de Garc\u00eda, Blanca Irene Monta\u00f1o Lavandera; y en el Plantel California en Hermosillo, Jazm\u00edn Ram\u00edrez Badilla.<\/p>\n","protected":false},"excerpt":{"rendered":"<p>Ante la presencia de autoridades educativas y representantes de padres de familia como observadores, bajo la norma de transparencia y legalidad de la Unidad del Sistema para la Carrera de las Maestras y los Maestros (USICAMM), el Colegio de Bachilleres (Cobach) del Estado de Sonora realiz\u00f3 evento p\u00fablico para asignaci\u00f3n de cargos con funciones de [&hellip;]<\/p>\n","protected":false},"author":1,"featured_media":10341,"comment_status":"open","ping_status":"open","sticky":false,"template":"","format":"standard","meta":{"footnotes":""},"categories":[159],"tags":[],"class_list":["post"],"yoast_head":" \n<title>Asigna Cobach nuevas direcciones y subdirecciones de planteles - Periodista SoledadDurazo.com<\/title>\n<meta name=\"robots\" content=\"index, follow, max-snippet:-1, max-image-preview:large, max-video-preview:-1\" \/>\n<link rel=\"canonical\" href=\"https:\/\/soledaddurazo.com\/blog\/2021\/08\/25\/asigna-cobach-nuevas-direcciones-y-subdirecciones-de-planteles\/\" \/>\n<meta property=\"og:locale\" content=\"es_MX\" \/>\n<meta property=\"og:type\" content=\"article\" \/>\n<meta property=\"og:title\" content=\"Asigna Cobach nuevas direcciones y subdirecciones de planteles\" \/>\n<meta property=\"og:description\" content=\"Ante la presencia de autoridades educativas y representantes de padres de familia como observadores, bajo la norma de transparencia y legalidad de la Unidad del Sistema para la Carrera de las Maestras y los Maestros (USICAMM), el Colegio de Bachilleres (Cobach) del Estado de Sonora realiz\u00f3 evento p\u00fablico para asignaci\u00f3n de cargos con funciones de [&hellip;]\" \/>\n<meta property=\"og:url\" content=\"https:\/\/soledaddurazo.com\/blog\/2021\/08\/25\/asigna-cobach-nuevas-direcciones-y-subdirecciones-de-planteles\/\" \/>\n<meta property=\"og:site_name\" content=\"Periodista SoledadDurazo.com\" \/>\n<meta property=\"article:publisher\" content=\"https:\/\/www.facebook.com\/soledad.durazo.9\/\" \/>\n<meta property=\"article:published_time\" content=\"2021-08-25T08:26:22+00:00\" \/>\n<meta property=\"og:image\" content=\"https:\/\/soledaddurazo.com\/storage\/2021\/08\/d9e235e4-c604-4b12-9e26-ef6c346bbe98.jpg\" \/>\n\t<meta property=\"og:image:width\" content=\"1600\" \/>\n\t<meta property=\"og:image:height\" content=\"1200\" \/>\n<meta name=\"twitter:card\" content=\"summary_large_image\" \/>\n<meta name=\"twitter:creator\" content=\"@SoledadDurazo\" \/>\n<meta name=\"twitter:site\" content=\"@SoledadDurazo\" \/>\n<meta name=\"twitter:label1\" content=\"Escrito por\" \/>\n\t<meta name=\"twitter:data1\" content=\"Redacci\u00f3n\" \/>\n\t<meta name=\"twitter:label2\" content=\"Tiempo de lectura\" \/>\n\t<meta name=\"twitter:data2\" content=\"3 minutos\" \/>\n<script type=\"application\/ld+json\" class=\"yoast-schema-graph\">{\"@context\":\"https:\/\/schema.org\",\"@graph\":[{\"@type\":\"Organization\",\"@id\":\"https:\/\/soledaddurazo.com\/#organization\",\"name\":\"Soledad Durazo\",\"url\":\"https:\/\/soledaddurazo.com\/\",\"sameAs\":[\"https:\/\/www.facebook.com\/soledad.durazo.9\/\",\"https:\/\/www.instagram.com\/soledaddurazo\",\"https:\/\/www.youtube.com\/channel\/UC9yGPw8-Vbl_B2XNkRwPS-w\",\"https:\/\/twitter.com\/SoledadDurazo\"],\"logo\":{\"@type\":\"ImageObject\",\"@id\":\"https:\/\/soledaddurazo.com\/#logo\",\"inLanguage\":\"es\",\"url\":\"https:\/\/soledaddurazo.com\/storage\/2021\/11\/nllp-720x375-1-2.png\",\"contentUrl\":\"https:\/\/soledaddurazo.com\/storage\/2021\/11\/nllp-720x375-1-2.png\",\"width\":720,\"height\":375,\"caption\":\"Soledad Durazo\"},\"image\":{\"@id\":\"https:\/\/soledaddurazo.com\/#logo\"}},{\"@type\":\"WebSite\",\"@id\":\"https:\/\/soledaddurazo.com\/#website\",\"url\":\"https:\/\/soledaddurazo.com\/\",\"name\":\"Periodista SoledadDurazo.com\",\"description\":\"Periodista sonorense. Directora de www.SoledadDurazo.com Columnista, conductora de radio y Tv. Catedr\\u00e1tica en la UNISON\",\"publisher\":{\"@id\":\"https:\/\/soledaddurazo.com\/#organization\"},\"potentialAction\":[{\"@type\":\"SearchAction\",\"target\":{\"@type\":\"EntryPoint\",\"urlTemplate\":\"https:\/\/soledaddurazo.com\/?s={search_term_string}\"},\"query-input\":\"required name=search_term_string\"}],\"inLanguage\":\"es\"},{\"@type\":\"ImageObject\",\"@id\":\"https:\/\/soledaddurazo.com\/blog\/2021\/08\/25\/asigna-cobach-nuevas-direcciones-y-subdirecciones-de-planteles\/#primaryimage\",\"inLanguage\":\"es\",\"url\":\"https:\/\/soledaddurazo.com\/storage\/2021\/08\/d9e235e4-c604-4b12-9e26-ef6c346bbe98.jpg\",\"contentUrl\":\"https:\/\/soledaddurazo.com\/storage\/2021\/08\/d9e235e4-c604-4b12-9e26-ef6c346bbe98.jpg\",\"width\":1600,\"height\":1200},{\"@type\":\"WebPage\",\"@id\":\"https:\/\/soledaddurazo.com\/blog\/2021\/08\/25\/asigna-cobach-nuevas-direcciones-y-subdirecciones-de-planteles\/#webpage\",\"url\":\"https:\/\/soledaddurazo.com\/blog\/2021\/08\/25\/asigna-cobach-nuevas-direcciones-y-subdirecciones-de-planteles\/\",\"name\":\"Asigna Cobach nuevas direcciones y subdirecciones de planteles - Periodista SoledadDurazo.com\",\"isPartOf\":{\"@id\":\"https:\/\/soledaddurazo.com\/#website\"},\"primaryImageOfPage\":{\"@id\":\"https:\/\/soledaddurazo.com\/blog\/2021\/08\/25\/asigna-cobach-nuevas-direcciones-y-subdirecciones-de-planteles\/#primaryimage\"},\"datePublished\":\"2021-08-25T08:26:22+00:00\",\"dateModified\":\"2021-08-25T08:26:22+00:00\",\"breadcrumb\":{\"@id\":\"https:\/\/soledaddurazo.com\/blog\/2021\/08\/25\/asigna-cobach-nuevas-direcciones-y-subdirecciones-de-planteles\/#breadcrumb\"},\"inLanguage\":\"es\",\"potentialAction\":[{\"@type\":\"ReadAction\",\"target\":[\"https:\/\/soledaddurazo.com\/blog\/2021\/08\/25\/asigna-cobach-nuevas-direcciones-y-subdirecciones-de-planteles\/\"]}]},{\"@type\":\"BreadcrumbList\",\"@id\":\"https:\/\/soledaddurazo.com\/blog\/2021\/08\/25\/asigna-cobach-nuevas-direcciones-y-subdirecciones-de-planteles\/#breadcrumb\",\"itemListElement\":[{\"@type\":\"ListItem\",\"position\":1,\"name\":\"Home\",\"item\":\"https:\/\/soledaddurazo.com\/\"},{\"@type\":\"ListItem\",\"position\":2,\"name\":\"Asigna Cobach nuevas direcciones y subdirecciones de planteles\"}]},{\"@type\":\"Article\",\"@id\":\"https:\/\/soledaddurazo.com\/blog\/2021\/08\/25\/asigna-cobach-nuevas-direcciones-y-subdirecciones-de-planteles\/#article\",\"isPartOf\":{\"@id\":\"https:\/\/soledaddurazo.com\/blog\/2021\/08\/25\/asigna-cobach-nuevas-direcciones-y-subdirecciones-de-planteles\/#webpage\"},\"author\":{\"@id\":\"https:\/\/soledaddurazo.com\/#\/schema\/person\/822d8e13aa288585e6546f179853758b\"},\"headline\":\"Asigna Cobach nuevas direcciones y subdirecciones de planteles\",\"datePublished\":\"2021-08-25T08:26:22+00:00\",\"dateModified\":\"2021-08-25T08:26:22+00:00\",\"mainEntityOfPage\":{\"@id\":\"https:\/\/soledaddurazo.com\/blog\/2021\/08\/25\/asigna-cobach-nuevas-direcciones-y-subdirecciones-de-planteles\/#webpage\"},\"wordCount\":667,\"commentCount\":0,\"publisher\":{\"@id\":\"https:\/\/soledaddurazo.com\/#organization\"},\"image\":{\"@id\":\"https:\/\/soledaddurazo.com\/blog\/2021\/08\/25\/asigna-cobach-nuevas-direcciones-y-subdirecciones-de-planteles\/#primaryimage\"},\"thumbnailUrl\":\"https:\/\/soledaddurazo.com\/storage\/2021\/08\/d9e235e4-c604-4b12-9e26-ef6c346bbe98.jpg\",\"articleSection\":[\"Mi Sonora\"],\"inLanguage\":\"es\",\"potentialAction\":[{\"@type\":\"CommentAction\",\"name\":\"Comment\",\"target\":[\"https:\/\/soledaddurazo.com\/blog\/2021\/08\/25\/asigna-cobach-nuevas-direcciones-y-subdirecciones-de-planteles\/#respond\"]}]},{\"@type\":\"Person\",\"@id\":\"https:\/\/soledaddurazo.com\/#\/schema\/person\/822d8e13aa288585e6546f179853758b\",\"name\":\"Redacci\\u00f3n\",\"image\":{\"@type\":\"ImageObject\",\"@id\":\"https:\/\/soledaddurazo.com\/#personlogo\",\"inLanguage\":\"es\",\"url\":\"https:\/\/secure.gravatar.com\/avatar\/c4e193752f756fd61f04deebed3a3a20dc188d37edb53682d313ac57f2725d54?s=96&d=mm&r=g\",\"contentUrl\":\"https:\/\/secure.gravatar.com\/avatar\/c4e193752f756fd61f04deebed3a3a20dc188d37edb53682d313ac57f2725d54?s=96&d=mm&r=g\",\"caption\":\"Redacci\\u00f3n\"},\"sameAs\":[\"https:\/\/soledaddurazo.com\"]}]}<\/script>\n ","yoast_head_json":{"title":"Asigna Cobach nuevas direcciones y subdirecciones de planteles - Periodista SoledadDurazo.com","robots":{"index":"index","follow":"follow","max-snippet":"max-snippet:-1","max-image-preview":"max-image-preview:large","max-video-preview":"max-video-preview:-1"},"canonical":"https:\/\/soledaddurazo.com\/blog\/2021\/08\/25\/asigna-cobach-nuevas-direcciones-y-subdirecciones-de-planteles\/","og_locale":"es_MX","og_type":"article","og_title":"Asigna Cobach nuevas direcciones y subdirecciones de planteles","og_description":"Ante la presencia de autoridades educativas y representantes de padres de familia como observadores, bajo la norma de transparencia y legalidad de la Unidad del Sistema para la Carrera de las Maestras y los Maestros (USICAMM), el Colegio de Bachilleres (Cobach) del Estado de Sonora realiz\u00f3 evento p\u00fablico para asignaci\u00f3n de cargos con funciones de [&hellip;]","og_url":"https:\/\/soledaddurazo.com\/blog\/2021\/08\/25\/asigna-cobach-nuevas-direcciones-y-subdirecciones-de-planteles\/","og_site_name":"Periodista SoledadDurazo.com","article_publisher":"https:\/\/www.facebook.com\/soledad.durazo.9\/","article_published_time":"2021-08-25T08:26:22+00:00","og_image":[{"width":1600,"height":1200,"url":"https:\/\/soledaddurazo.com\/storage\/2021\/08\/d9e235e4-c604-4b12-9e26-ef6c346bbe98.jpg","type":"image\/jpeg"}],"twitter_card":"summary_large_image","twitter_creator":"@SoledadDurazo","twitter_site":"@SoledadDurazo","twitter_misc":{"Escrito por":"Redacci\u00f3n","Tiempo de lectura":"3 minutos"},"schema":{"@context":"https:\/\/schema.org","@graph":[{"@type":"Organization","@id":"https:\/\/soledaddurazo.com\/#organization","name":"Soledad Durazo","url":"https:\/\/soledaddurazo.com\/","sameAs":["https:\/\/www.facebook.com\/soledad.durazo.9\/","https:\/\/www.instagram.com\/soledaddurazo","https:\/\/www.youtube.com\/channel\/UC9yGPw8-Vbl_B2XNkRwPS-w","https:\/\/twitter.com\/SoledadDurazo"],"logo":{"@type":"ImageObject","@id":"https:\/\/soledaddurazo.com\/#logo","inLanguage":"es","url":"https:\/\/soledaddurazo.com\/storage\/2021\/11\/nllp-720x375-1-2.png","contentUrl":"https:\/\/soledaddurazo.com\/storage\/2021\/11\/nllp-720x375-1-2.png","width":720,"height":375,"caption":"Soledad Durazo"},"image":{"@id":"https:\/\/soledaddurazo.com\/#logo"}},{"@type":"WebSite","@id":"https:\/\/soledaddurazo.com\/#website","url":"https:\/\/soledaddurazo.com\/","name":"Periodista SoledadDurazo.com","description":"Periodista sonorense. Directora de www.SoledadDurazo.com Columnista, conductora de radio y Tv. Catedr\u00e1tica en la UNISON","publisher":{"@id":"https:\/\/soledaddurazo.com\/#organization"},"potentialAction":[{"@type":"SearchAction","target":{"@type":"EntryPoint","urlTemplate":"https:\/\/soledaddurazo.com\/?s={search_term_string}"},"query-input":"required name=search_term_string"}],"inLanguage":"es"},{"@type":"ImageObject","@id":"https:\/\/soledaddurazo.com\/blog\/2021\/08\/25\/asigna-cobach-nuevas-direcciones-y-subdirecciones-de-planteles\/#primaryimage","inLanguage":"es","url":"https:\/\/soledaddurazo.com\/storage\/2021\/08\/d9e235e4-c604-4b12-9e26-ef6c346bbe98.jpg","contentUrl":"https:\/\/soledaddurazo.com\/storage\/2021\/08\/d9e235e4-c604-4b12-9e26-ef6c346bbe98.jpg","width":1600,"height":1200},{"@type":"WebPage","@id":"https:\/\/soledaddurazo.com\/blog\/2021\/08\/25\/asigna-cobach-nuevas-direcciones-y-subdirecciones-de-planteles\/#webpage","url":"https:\/\/soledaddurazo.com\/blog\/2021\/08\/25\/asigna-cobach-nuevas-direcciones-y-subdirecciones-de-planteles\/","name":"Asigna Cobach nuevas direcciones y subdirecciones de planteles - Periodista SoledadDurazo.com","isPartOf":{"@id":"https:\/\/soledaddurazo.com\/#website"},"primaryImageOfPage":{"@id":"https:\/\/soledaddurazo.com\/blog\/2021\/08\/25\/asigna-cobach-nuevas-direcciones-y-subdirecciones-de-planteles\/#primaryimage"},"datePublished":"2021-08-25T08:26:22+00:00","dateModified":"2021-08-25T08:26:22+00:00","breadcrumb":{"@id":"https:\/\/soledaddurazo.com\/blog\/2021\/08\/25\/asigna-cobach-nuevas-direcciones-y-subdirecciones-de-planteles\/#breadcrumb"},"inLanguage":"es","potentialAction":[{"@type":"ReadAction","target":["https:\/\/soledaddurazo.com\/blog\/2021\/08\/25\/asigna-cobach-nuevas-direcciones-y-subdirecciones-de-planteles\/"]}]},{"@type":"BreadcrumbList","@id":"https:\/\/soledaddurazo.com\/blog\/2021\/08\/25\/asigna-cobach-nuevas-direcciones-y-subdirecciones-de-planteles\/#breadcrumb","itemListElement":[{"@type":"ListItem","position":1,"name":"Home","item":"https:\/\/soledaddurazo.com\/"},{"@type":"ListItem","position":2,"name":"Asigna Cobach nuevas direcciones y subdirecciones de planteles"}]},{"@type":"Article","@id":"https:\/\/soledaddurazo.com\/blog\/2021\/08\/25\/asigna-cobach-nuevas-direcciones-y-subdirecciones-de-planteles\/#article","isPartOf":{"@id":"https:\/\/soledaddurazo.com\/blog\/2021\/08\/25\/asigna-cobach-nuevas-direcciones-y-subdirecciones-de-planteles\/#webpage"},"author":{"@id":"https:\/\/soledaddurazo.com\/#\/schema\/person\/822d8e13aa288585e6546f179853758b"},"headline":"Asigna Cobach nuevas direcciones y subdirecciones de planteles","datePublished":"2021-08-25T08:26:22+00:00","dateModified":"2021-08-25T08:26:22+00:00","mainEntityOfPage":{"@id":"https:\/\/soledaddurazo.com\/blog\/2021\/08\/25\/asigna-cobach-nuevas-direcciones-y-subdirecciones-de-planteles\/#webpage"},"wordCount":667,"commentCount":0,"publisher":{"@id":"https:\/\/soledaddurazo.com\/#organization"},"image":{"@id":"https:\/\/soledaddurazo.com\/blog\/2021\/08\/25\/asigna-cobach-nuevas-direcciones-y-subdirecciones-de-planteles\/#primaryimage"},"thumbnailUrl":"https:\/\/soledaddurazo.com\/storage\/2021\/08\/d9e235e4-c604-4b12-9e26-ef6c346bbe98.jpg","articleSection":["Mi Sonora"],"inLanguage":"es","potentialAction":[{"@type":"CommentAction","name":"Comment","target":["https:\/\/soledaddurazo.com\/blog\/2021\/08\/25\/asigna-cobach-nuevas-direcciones-y-subdirecciones-de-planteles\/#respond"]}]},{"@type":"Person","@id":"https:\/\/soledaddurazo.com\/#\/schema\/person\/822d8e13aa288585e6546f179853758b","name":"Redacci\u00f3n","image":{"@type":"ImageObject","@id":"https:\/\/soledaddurazo.com\/#personlogo","inLanguage":"es","url":"https:\/\/secure.gravatar.com\/avatar\/c4e193752f756fd61f04deebed3a3a20dc188d37edb53682d313ac57f2725d54?s=96&d=mm&r=g","contentUrl":"https:\/\/secure.gravatar.com\/avatar\/c4e193752f756fd61f04deebed3a3a20dc188d37edb53682d313ac57f2725d54?s=96&d=mm&r=g","caption":"Redacci\u00f3n"},"sameAs":["https:\/\/soledaddurazo.com"]}]}},"_links":{"self":[{"href":"https:\/\/soledaddurazo.com\/api\/wp\/v2\/posts\/10340","targetHints":{"allow":["GET"]}}],"collection":[{"href":"https:\/\/soledaddurazo.com\/api\/wp\/v2\/posts"}],"about":[{"href":"https:\/\/soledaddurazo.com\/api\/wp\/v2\/types\/post"}],"author":[{"embeddable":true,"href":"https:\/\/soledaddurazo.com\/api\/wp\/v2\/users\/1"}],"replies":[{"embeddable":true,"href":"https:\/\/soledaddurazo.com\/api\/wp\/v2\/comments?post=10340"}],"version-history":[{"count":1,"href":"https:\/\/soledaddurazo.com\/api\/wp\/v2\/posts\/10340\/revisions"}],"predecessor-version":[{"id":10342,"href":"https:\/\/soledaddurazo.com\/api\/wp\/v2\/posts\/10340\/revisions\/10342"}],"wp:featuredmedia":[{"embeddable":true,"href":"https:\/\/soledaddurazo.com\/api\/wp\/v2\/media\/10341"}],"wp:attachment":[{"href":"https:\/\/soledaddurazo.com\/api\/wp\/v2\/media?parent=10340"}],"wp:term":[{"taxonomy":"category","embeddable":true,"href":"https:\/\/soledaddurazo.com\/api\/wp\/v2\/categories?post=10340"},{"taxonomy":"post_tag","embeddable":true,"href":"https:\/\/soledaddurazo.com\/api\/wp\/v2\/tags?post=10340"}],"curies":[{"name":"wp","href":"https:\/\/api.w.org\/{rel}","templated":true}]}}