{"id":10334,"date":"2021-08-25T01:21:24","date_gmt":"2021-08-25T08:21:24","guid":{"rendered":"https:\/\/soledaddurazo.com\/?p=10334"},"modified":"2021-08-25T01:21:24","modified_gmt":"2021-08-25T08:21:24","slug":"listo-para-equiparse-el-nuevo-hospital-general-de-especialidades","status":"publish","type":"post","link":"https:\/\/soledaddurazo.com\/blog\/2021\/08\/25\/listo-para-equiparse-el-nuevo-hospital-general-de-especialidades\/","title":{"rendered":"Listo para equiparse el Nuevo Hospital General de Especialidades"},"content":{"rendered":"<div>Durante el sexenio de la Gobernadora Claudia Pavlovich, desde la Secretar\u00eda de Salud se ha trabajado en garantizar el acceso a los sonorenses a los servicios de salud con mayor y mejor infraestructura, as\u00ed como atenci\u00f3n de calidez y hoy en d\u00eda, en Salud, Sonora se siente mejor, recalc\u00f3 Enrique Clausen Iberri.<\/p>\n<p>\u201cPrimero, se cumpli\u00f3 con lo fundamental, garantizar a los sonorenses el derecho a acceder a los servicios de salud. Nos esforzamos todo el equipo para que se cumpliera con un objetivo vital, que ha sido en el d\u00eda a d\u00eda, que la salud sea la base inicial para salir adelante en la vida y que sin salud nada es posible\u201d, declar\u00f3.<\/p>\n<p>En el marco del Sexto Informe de Gobierno, el secretario de Salud precis\u00f3 que Sonora Sigue y para mejorar la atenci\u00f3n a la salud de las y los sonorenses, se rehabilitaron 153 centros de salud rurales, 10 centros de salud urbanos, 7 casas de salud y se trabajaron tambi\u00e9n obras de mejora en los 16 hospitales de la Secretar\u00eda de Salud en el estado.<\/p>\n<p>Clausen Iberri recalc\u00f3 que en este sexenio se construy\u00f3 el nuevo Hospital General de Especialidades, el cual est\u00e1 listo para equiparse, mismo que contar\u00e1 con cerca de 290 camas para atenci\u00f3n, el Hospital General en Magdalena con dos a\u00f1os en funciones, se termin\u00f3 y equip\u00f3 el Hospital Comunitario de Moctezuma, Centro de Salud con Estabilizaci\u00f3n en Villa Ju\u00e1rez, Centro de Salud con Estabilizaci\u00f3n en Empalme y pr\u00f3ximamente se entregar\u00e1 el Centro de Salud de Cumpas.<\/p>\n<p>Puntualiz\u00f3 que se rehabilit\u00f3 a la Unidad de Salud Mental de Nogales, Hospital Comunitario de \u00c1lamos, Hospital General de Agua Prieta, Hospital General de Ciudad Obreg\u00f3n, Hospital General de San Luis R\u00edo Colorado, Hospital Integral de Puerto Pe\u00f1asco, Hospital General de Caborca, Hospital General de Guaymas y Hospital General del Bajo R\u00edo Mayo de Huatabampo.<\/p>\n<p>As\u00ed tambi\u00e9n se ampli\u00f3 y remodel\u00f3 el Hospital Integral Comunitario de Ures, Hospital General de Nogales, Hospital General de Navojoa, \u00e1rea de Urgencias y el segundo piso del Hospital Infantil del Estado de Sonora (HIES) y en el Hospital Integral de la Mujer (HIMES): nuevo quir\u00f3fano, nuevas salas de labor y salas de espera.<\/p>\n<p>La atenci\u00f3n en la pandemia de COVID-19 ha tra\u00eddo grandes retos al sector salud, pero gracias al esfuerzo de todo el personal de la dependencia se tuvo una de las m\u00e1s eficientes reconversiones hospitalarias de todo el pa\u00eds, que permiti\u00f3 no rechazar a personas que necesitaban una cama, gracias tambi\u00e9n, al equipamiento que se tuvo para la atenci\u00f3n en la contingencia con 370 monitores y m\u00e1s de 440 respiradores.<\/p>\n<p>\u201cSe tomaron decisiones contundentes, con todo el apoyo del sector salud para enfrentar este desaf\u00edo mundial. Sonora sigue, porque ning\u00fan sonorense que requiri\u00f3 atenci\u00f3n m\u00e9dica y hospitalaria, quedo sin ser atendido\u201d, recalc\u00f3.<\/p>\n<p>Extern\u00f3 que desde su implementaci\u00f3n en junio de 2020, el programa Anticipa ha brindado a la fecha m\u00e1s de 110 mil atenciones a personas sospechosas a COVID-19, a trav\u00e9s de sus 17 unidades, el cual surgi\u00f3 a ra\u00edz de que la gobernadora Claudia Pavlovich Arellano instruyera implementar m\u00e1s estrategias para hacer \u00a0frente a la pandemia de Coronavirus y brindar una atenci\u00f3n oportuna a las y los sonorenses, antes de que estos se agravaran, tambi\u00e9n, con el Mapa Sonora Anticipa se ha informado y alertado a la poblaci\u00f3n acerca de los riesgos de Coronavirus por municipio y las recomendaciones para protegerse del virus.<\/p>\n<p>El funcionario estatal envi\u00f3 un agradecimiento a las y los compa\u00f1eros del sector salud, de todas las unidades, quienes gracias a su trabajo d\u00eda a d\u00eda salvan vidas y ayudan a la recuperaci\u00f3n de los sonorenses con COVID-19 y otros padecimientos.<\/p>\n<p>\u201cQuiero detenerme un momento y enviar un gran reconocimiento a todo el personal de salud, quienes d\u00eda a d\u00eda salvan vidas gracias al entusiasmo y amor que ponen en su profesi\u00f3n y sobre todo, por ese gran don que tienen: servir a los dem\u00e1s\u201d, extern\u00f3.<\/p>\n<p>El secretario de Salud subray\u00f3 que en este periodo se logr\u00f3 tambi\u00e9n la acreditaci\u00f3n de 198 establecimientos de Salud gracias al cumplimiento de protocolos y normas, los cuales los califica y certifica el gobierno federal, tambi\u00e9n se combatieron enfermedades mentales a trav\u00e9s de programas de la Direcci\u00f3n General de Salud Mental, entre ellos, Ponte Frente Al Espejo, el cual consiste en capacitar a la poblaci\u00f3n en c\u00f3mo trabajar y mejorar su salud emocional.<\/p>\n<p>En combate a enfermedades, se\u00f1al\u00f3, se realiza intenso trabajo contra el mosco transmisor de enfermedades, recalc\u00f3, como el dengue, zika y chikungunya, a trav\u00e9s de acciones en todo el estado como lo son la aplicaci\u00f3n de larvicidas, fumigaciones y educaci\u00f3n en salud. As\u00ed mismo, Sonora es uno de los estados a la vanguardia en tecnolog\u00eda para el diagn\u00f3stico de Tuberculosis.<\/p>\n<p>Adem\u00e1s, en el Centro Estatal de la Transfusi\u00f3n Sangu\u00ednea (CETS) se implement\u00f3 el Programa Estatal de Donaci\u00f3n Voluntaria de Sangre y durante este periodo se han efectuado 518 campa\u00f1as con la participaci\u00f3n de 14 mil 178 personas, obteniendo de estas 6 mil 879 unidades de sangre para apoyar a diversos pacientes que han requerido de alguna transfusi\u00f3n sangu\u00ednea. Se le asign\u00f3 una unidad m\u00f3vil, para este programa y se desarrolla e implementa el Modelo Educativo en Donaci\u00f3n Altruista de Sangre en con la secretar\u00eda de Educaci\u00f3n y Cultura, el cual tiene como objetivo educar a las nuevas generaciones en los niveles educativos b\u00e1sico, medio superior y superior.<\/p>\n<p>Agreg\u00f3 que de 2015 a la fecha en materia de donaci\u00f3n de \u00f3rganos y tejidos, Sonora est\u00e1 dentro de los primeros estados en el pa\u00eds.<\/p>\n<p>Enrique Romero Baranzini, m\u00e9dico nefr\u00f3logo, comparti\u00f3 que desde el sector privado han visto a Salud Sonora ser fortalecida con mayor y mejor infraestructura y que el Nuevo Hospital General de Especialidades es sin duda un beneficio para las y los sonorenses pues vendr\u00e1 a ampliar la atenci\u00f3n de especialidades m\u00e9dicas.<\/p>\n<p>\u201cOtro punto a destacar es la creaci\u00f3n del Nuevo Hospital General de Especialidades el cual vendr\u00e1 a brindar atenci\u00f3n a la salud con mayores servicios para los sonorenses. En este sexenio vimos al Sector Salud ser fortalecido con mayor infraestructura y equipamiento de sus unidades hospitalarias y Centros de Salud\u201d, declar\u00f3.<\/p>\n<p>Agreg\u00f3 que una prueba muy dif\u00edcil para todo el mundo ha sido la pandemia de COVID-19, pero que Sonora le ha hecho frente con la mejor atenci\u00f3n gracias a la coordinaci\u00f3n entre el sector salud p\u00fablico y privado lo cual ha permitido que no se saturen las unidades hospitalarias y ning\u00fan sonorense se quede sin atenci\u00f3n.<\/p><\/div>\n<div><\/div>\n","protected":false},"excerpt":{"rendered":"<p>Durante el sexenio de la Gobernadora Claudia Pavlovich, desde la Secretar\u00eda de Salud se ha trabajado en garantizar el acceso a los sonorenses a los servicios de salud con mayor y mejor infraestructura, as\u00ed como atenci\u00f3n de calidez y hoy en d\u00eda, en Salud, Sonora se siente mejor, recalc\u00f3 Enrique Clausen Iberri. \u201cPrimero, se cumpli\u00f3 [&hellip;]<\/p>\n","protected":false},"author":1,"featured_media":10335,"comment_status":"open","ping_status":"open","sticky":false,"template":"","format":"standard","meta":{"footnotes":""},"categories":[159],"tags":[],"class_list":["post"],"yoast_head":" \n<title>Listo para equiparse el Nuevo Hospital General de Especialidades - Periodista SoledadDurazo.com<\/title>\n<meta name=\"robots\" content=\"index, follow, max-snippet:-1, max-image-preview:large, max-video-preview:-1\" \/>\n<link rel=\"canonical\" href=\"https:\/\/soledaddurazo.com\/blog\/2021\/08\/25\/listo-para-equiparse-el-nuevo-hospital-general-de-especialidades\/\" \/>\n<meta property=\"og:locale\" content=\"es_MX\" \/>\n<meta property=\"og:type\" content=\"article\" \/>\n<meta property=\"og:title\" content=\"Listo para equiparse el Nuevo Hospital General de Especialidades\" \/>\n<meta property=\"og:description\" content=\"Durante el sexenio de la Gobernadora Claudia Pavlovich, desde la Secretar\u00eda de Salud se ha trabajado en garantizar el acceso a los sonorenses a los servicios de salud con mayor y mejor infraestructura, as\u00ed como atenci\u00f3n de calidez y hoy en d\u00eda, en Salud, Sonora se siente mejor, recalc\u00f3 Enrique Clausen Iberri. \u201cPrimero, se cumpli\u00f3 [&hellip;]\" \/>\n<meta property=\"og:url\" content=\"https:\/\/soledaddurazo.com\/blog\/2021\/08\/25\/listo-para-equiparse-el-nuevo-hospital-general-de-especialidades\/\" \/>\n<meta property=\"og:site_name\" content=\"Periodista SoledadDurazo.com\" \/>\n<meta property=\"article:publisher\" content=\"https:\/\/www.facebook.com\/soledad.durazo.9\/\" \/>\n<meta property=\"article:published_time\" content=\"2021-08-25T08:21:24+00:00\" \/>\n<meta property=\"og:image\" content=\"https:\/\/soledaddurazo.com\/storage\/2021\/08\/WhatsApp-Image-2021-08-24-at-1.54.51-PM-1.jpeg\" \/>\n\t<meta property=\"og:image:width\" content=\"1280\" \/>\n\t<meta property=\"og:image:height\" content=\"720\" \/>\n<meta name=\"twitter:card\" content=\"summary_large_image\" \/>\n<meta name=\"twitter:creator\" content=\"@SoledadDurazo\" \/>\n<meta name=\"twitter:site\" content=\"@SoledadDurazo\" \/>\n<meta name=\"twitter:label1\" content=\"Escrito por\" \/>\n\t<meta name=\"twitter:data1\" content=\"Redacci\u00f3n\" \/>\n\t<meta name=\"twitter:label2\" content=\"Tiempo de lectura\" \/>\n\t<meta name=\"twitter:data2\" content=\"6 minutos\" \/>\n<script type=\"application\/ld+json\" class=\"yoast-schema-graph\">{\"@context\":\"https:\/\/schema.org\",\"@graph\":[{\"@type\":\"Organization\",\"@id\":\"https:\/\/soledaddurazo.com\/#organization\",\"name\":\"Soledad Durazo\",\"url\":\"https:\/\/soledaddurazo.com\/\",\"sameAs\":[\"https:\/\/www.facebook.com\/soledad.durazo.9\/\",\"https:\/\/www.instagram.com\/soledaddurazo\",\"https:\/\/www.youtube.com\/channel\/UC9yGPw8-Vbl_B2XNkRwPS-w\",\"https:\/\/twitter.com\/SoledadDurazo\"],\"logo\":{\"@type\":\"ImageObject\",\"@id\":\"https:\/\/soledaddurazo.com\/#logo\",\"inLanguage\":\"es\",\"url\":\"https:\/\/soledaddurazo.com\/storage\/2021\/11\/nllp-720x375-1-2.png\",\"contentUrl\":\"https:\/\/soledaddurazo.com\/storage\/2021\/11\/nllp-720x375-1-2.png\",\"width\":720,\"height\":375,\"caption\":\"Soledad Durazo\"},\"image\":{\"@id\":\"https:\/\/soledaddurazo.com\/#logo\"}},{\"@type\":\"WebSite\",\"@id\":\"https:\/\/soledaddurazo.com\/#website\",\"url\":\"https:\/\/soledaddurazo.com\/\",\"name\":\"Periodista SoledadDurazo.com\",\"description\":\"Periodista sonorense. Directora de www.SoledadDurazo.com Columnista, conductora de radio y Tv. Catedr\\u00e1tica en la UNISON\",\"publisher\":{\"@id\":\"https:\/\/soledaddurazo.com\/#organization\"},\"potentialAction\":[{\"@type\":\"SearchAction\",\"target\":{\"@type\":\"EntryPoint\",\"urlTemplate\":\"https:\/\/soledaddurazo.com\/?s={search_term_string}\"},\"query-input\":\"required name=search_term_string\"}],\"inLanguage\":\"es\"},{\"@type\":\"ImageObject\",\"@id\":\"https:\/\/soledaddurazo.com\/blog\/2021\/08\/25\/listo-para-equiparse-el-nuevo-hospital-general-de-especialidades\/#primaryimage\",\"inLanguage\":\"es\",\"url\":\"https:\/\/soledaddurazo.com\/storage\/2021\/08\/WhatsApp-Image-2021-08-24-at-1.54.51-PM-1.jpeg\",\"contentUrl\":\"https:\/\/soledaddurazo.com\/storage\/2021\/08\/WhatsApp-Image-2021-08-24-at-1.54.51-PM-1.jpeg\",\"width\":1280,\"height\":720},{\"@type\":\"WebPage\",\"@id\":\"https:\/\/soledaddurazo.com\/blog\/2021\/08\/25\/listo-para-equiparse-el-nuevo-hospital-general-de-especialidades\/#webpage\",\"url\":\"https:\/\/soledaddurazo.com\/blog\/2021\/08\/25\/listo-para-equiparse-el-nuevo-hospital-general-de-especialidades\/\",\"name\":\"Listo para equiparse el Nuevo Hospital General de Especialidades - Periodista SoledadDurazo.com\",\"isPartOf\":{\"@id\":\"https:\/\/soledaddurazo.com\/#website\"},\"primaryImageOfPage\":{\"@id\":\"https:\/\/soledaddurazo.com\/blog\/2021\/08\/25\/listo-para-equiparse-el-nuevo-hospital-general-de-especialidades\/#primaryimage\"},\"datePublished\":\"2021-08-25T08:21:24+00:00\",\"dateModified\":\"2021-08-25T08:21:24+00:00\",\"breadcrumb\":{\"@id\":\"https:\/\/soledaddurazo.com\/blog\/2021\/08\/25\/listo-para-equiparse-el-nuevo-hospital-general-de-especialidades\/#breadcrumb\"},\"inLanguage\":\"es\",\"potentialAction\":[{\"@type\":\"ReadAction\",\"target\":[\"https:\/\/soledaddurazo.com\/blog\/2021\/08\/25\/listo-para-equiparse-el-nuevo-hospital-general-de-especialidades\/\"]}]},{\"@type\":\"BreadcrumbList\",\"@id\":\"https:\/\/soledaddurazo.com\/blog\/2021\/08\/25\/listo-para-equiparse-el-nuevo-hospital-general-de-especialidades\/#breadcrumb\",\"itemListElement\":[{\"@type\":\"ListItem\",\"position\":1,\"name\":\"Home\",\"item\":\"https:\/\/soledaddurazo.com\/\"},{\"@type\":\"ListItem\",\"position\":2,\"name\":\"Listo para equiparse el Nuevo Hospital General de Especialidades\"}]},{\"@type\":\"Article\",\"@id\":\"https:\/\/soledaddurazo.com\/blog\/2021\/08\/25\/listo-para-equiparse-el-nuevo-hospital-general-de-especialidades\/#article\",\"isPartOf\":{\"@id\":\"https:\/\/soledaddurazo.com\/blog\/2021\/08\/25\/listo-para-equiparse-el-nuevo-hospital-general-de-especialidades\/#webpage\"},\"author\":{\"@id\":\"https:\/\/soledaddurazo.com\/#\/schema\/person\/822d8e13aa288585e6546f179853758b\"},\"headline\":\"Listo para equiparse el Nuevo Hospital General de Especialidades\",\"datePublished\":\"2021-08-25T08:21:24+00:00\",\"dateModified\":\"2021-08-25T08:21:24+00:00\",\"mainEntityOfPage\":{\"@id\":\"https:\/\/soledaddurazo.com\/blog\/2021\/08\/25\/listo-para-equiparse-el-nuevo-hospital-general-de-especialidades\/#webpage\"},\"wordCount\":1151,\"commentCount\":0,\"publisher\":{\"@id\":\"https:\/\/soledaddurazo.com\/#organization\"},\"image\":{\"@id\":\"https:\/\/soledaddurazo.com\/blog\/2021\/08\/25\/listo-para-equiparse-el-nuevo-hospital-general-de-especialidades\/#primaryimage\"},\"thumbnailUrl\":\"https:\/\/soledaddurazo.com\/storage\/2021\/08\/WhatsApp-Image-2021-08-24-at-1.54.51-PM-1.jpeg\",\"articleSection\":[\"Mi Sonora\"],\"inLanguage\":\"es\",\"potentialAction\":[{\"@type\":\"CommentAction\",\"name\":\"Comment\",\"target\":[\"https:\/\/soledaddurazo.com\/blog\/2021\/08\/25\/listo-para-equiparse-el-nuevo-hospital-general-de-especialidades\/#respond\"]}]},{\"@type\":\"Person\",\"@id\":\"https:\/\/soledaddurazo.com\/#\/schema\/person\/822d8e13aa288585e6546f179853758b\",\"name\":\"Redacci\\u00f3n\",\"image\":{\"@type\":\"ImageObject\",\"@id\":\"https:\/\/soledaddurazo.com\/#personlogo\",\"inLanguage\":\"es\",\"url\":\"https:\/\/secure.gravatar.com\/avatar\/c4e193752f756fd61f04deebed3a3a20dc188d37edb53682d313ac57f2725d54?s=96&d=mm&r=g\",\"contentUrl\":\"https:\/\/secure.gravatar.com\/avatar\/c4e193752f756fd61f04deebed3a3a20dc188d37edb53682d313ac57f2725d54?s=96&d=mm&r=g\",\"caption\":\"Redacci\\u00f3n\"},\"sameAs\":[\"https:\/\/soledaddurazo.com\"]}]}<\/script>\n ","yoast_head_json":{"title":"Listo para equiparse el Nuevo Hospital General de Especialidades - Periodista SoledadDurazo.com","robots":{"index":"index","follow":"follow","max-snippet":"max-snippet:-1","max-image-preview":"max-image-preview:large","max-video-preview":"max-video-preview:-1"},"canonical":"https:\/\/soledaddurazo.com\/blog\/2021\/08\/25\/listo-para-equiparse-el-nuevo-hospital-general-de-especialidades\/","og_locale":"es_MX","og_type":"article","og_title":"Listo para equiparse el Nuevo Hospital General de Especialidades","og_description":"Durante el sexenio de la Gobernadora Claudia Pavlovich, desde la Secretar\u00eda de Salud se ha trabajado en garantizar el acceso a los sonorenses a los servicios de salud con mayor y mejor infraestructura, as\u00ed como atenci\u00f3n de calidez y hoy en d\u00eda, en Salud, Sonora se siente mejor, recalc\u00f3 Enrique Clausen Iberri. \u201cPrimero, se cumpli\u00f3 [&hellip;]","og_url":"https:\/\/soledaddurazo.com\/blog\/2021\/08\/25\/listo-para-equiparse-el-nuevo-hospital-general-de-especialidades\/","og_site_name":"Periodista SoledadDurazo.com","article_publisher":"https:\/\/www.facebook.com\/soledad.durazo.9\/","article_published_time":"2021-08-25T08:21:24+00:00","og_image":[{"width":1280,"height":720,"url":"https:\/\/soledaddurazo.com\/storage\/2021\/08\/WhatsApp-Image-2021-08-24-at-1.54.51-PM-1.jpeg","type":"image\/jpeg"}],"twitter_card":"summary_large_image","twitter_creator":"@SoledadDurazo","twitter_site":"@SoledadDurazo","twitter_misc":{"Escrito por":"Redacci\u00f3n","Tiempo de lectura":"6 minutos"},"schema":{"@context":"https:\/\/schema.org","@graph":[{"@type":"Organization","@id":"https:\/\/soledaddurazo.com\/#organization","name":"Soledad Durazo","url":"https:\/\/soledaddurazo.com\/","sameAs":["https:\/\/www.facebook.com\/soledad.durazo.9\/","https:\/\/www.instagram.com\/soledaddurazo","https:\/\/www.youtube.com\/channel\/UC9yGPw8-Vbl_B2XNkRwPS-w","https:\/\/twitter.com\/SoledadDurazo"],"logo":{"@type":"ImageObject","@id":"https:\/\/soledaddurazo.com\/#logo","inLanguage":"es","url":"https:\/\/soledaddurazo.com\/storage\/2021\/11\/nllp-720x375-1-2.png","contentUrl":"https:\/\/soledaddurazo.com\/storage\/2021\/11\/nllp-720x375-1-2.png","width":720,"height":375,"caption":"Soledad Durazo"},"image":{"@id":"https:\/\/soledaddurazo.com\/#logo"}},{"@type":"WebSite","@id":"https:\/\/soledaddurazo.com\/#website","url":"https:\/\/soledaddurazo.com\/","name":"Periodista SoledadDurazo.com","description":"Periodista sonorense. Directora de www.SoledadDurazo.com Columnista, conductora de radio y Tv. Catedr\u00e1tica en la UNISON","publisher":{"@id":"https:\/\/soledaddurazo.com\/#organization"},"potentialAction":[{"@type":"SearchAction","target":{"@type":"EntryPoint","urlTemplate":"https:\/\/soledaddurazo.com\/?s={search_term_string}"},"query-input":"required name=search_term_string"}],"inLanguage":"es"},{"@type":"ImageObject","@id":"https:\/\/soledaddurazo.com\/blog\/2021\/08\/25\/listo-para-equiparse-el-nuevo-hospital-general-de-especialidades\/#primaryimage","inLanguage":"es","url":"https:\/\/soledaddurazo.com\/storage\/2021\/08\/WhatsApp-Image-2021-08-24-at-1.54.51-PM-1.jpeg","contentUrl":"https:\/\/soledaddurazo.com\/storage\/2021\/08\/WhatsApp-Image-2021-08-24-at-1.54.51-PM-1.jpeg","width":1280,"height":720},{"@type":"WebPage","@id":"https:\/\/soledaddurazo.com\/blog\/2021\/08\/25\/listo-para-equiparse-el-nuevo-hospital-general-de-especialidades\/#webpage","url":"https:\/\/soledaddurazo.com\/blog\/2021\/08\/25\/listo-para-equiparse-el-nuevo-hospital-general-de-especialidades\/","name":"Listo para equiparse el Nuevo Hospital General de Especialidades - Periodista SoledadDurazo.com","isPartOf":{"@id":"https:\/\/soledaddurazo.com\/#website"},"primaryImageOfPage":{"@id":"https:\/\/soledaddurazo.com\/blog\/2021\/08\/25\/listo-para-equiparse-el-nuevo-hospital-general-de-especialidades\/#primaryimage"},"datePublished":"2021-08-25T08:21:24+00:00","dateModified":"2021-08-25T08:21:24+00:00","breadcrumb":{"@id":"https:\/\/soledaddurazo.com\/blog\/2021\/08\/25\/listo-para-equiparse-el-nuevo-hospital-general-de-especialidades\/#breadcrumb"},"inLanguage":"es","potentialAction":[{"@type":"ReadAction","target":["https:\/\/soledaddurazo.com\/blog\/2021\/08\/25\/listo-para-equiparse-el-nuevo-hospital-general-de-especialidades\/"]}]},{"@type":"BreadcrumbList","@id":"https:\/\/soledaddurazo.com\/blog\/2021\/08\/25\/listo-para-equiparse-el-nuevo-hospital-general-de-especialidades\/#breadcrumb","itemListElement":[{"@type":"ListItem","position":1,"name":"Home","item":"https:\/\/soledaddurazo.com\/"},{"@type":"ListItem","position":2,"name":"Listo para equiparse el Nuevo Hospital General de Especialidades"}]},{"@type":"Article","@id":"https:\/\/soledaddurazo.com\/blog\/2021\/08\/25\/listo-para-equiparse-el-nuevo-hospital-general-de-especialidades\/#article","isPartOf":{"@id":"https:\/\/soledaddurazo.com\/blog\/2021\/08\/25\/listo-para-equiparse-el-nuevo-hospital-general-de-especialidades\/#webpage"},"author":{"@id":"https:\/\/soledaddurazo.com\/#\/schema\/person\/822d8e13aa288585e6546f179853758b"},"headline":"Listo para equiparse el Nuevo Hospital General de Especialidades","datePublished":"2021-08-25T08:21:24+00:00","dateModified":"2021-08-25T08:21:24+00:00","mainEntityOfPage":{"@id":"https:\/\/soledaddurazo.com\/blog\/2021\/08\/25\/listo-para-equiparse-el-nuevo-hospital-general-de-especialidades\/#webpage"},"wordCount":1151,"commentCount":0,"publisher":{"@id":"https:\/\/soledaddurazo.com\/#organization"},"image":{"@id":"https:\/\/soledaddurazo.com\/blog\/2021\/08\/25\/listo-para-equiparse-el-nuevo-hospital-general-de-especialidades\/#primaryimage"},"thumbnailUrl":"https:\/\/soledaddurazo.com\/storage\/2021\/08\/WhatsApp-Image-2021-08-24-at-1.54.51-PM-1.jpeg","articleSection":["Mi Sonora"],"inLanguage":"es","potentialAction":[{"@type":"CommentAction","name":"Comment","target":["https:\/\/soledaddurazo.com\/blog\/2021\/08\/25\/listo-para-equiparse-el-nuevo-hospital-general-de-especialidades\/#respond"]}]},{"@type":"Person","@id":"https:\/\/soledaddurazo.com\/#\/schema\/person\/822d8e13aa288585e6546f179853758b","name":"Redacci\u00f3n","image":{"@type":"ImageObject","@id":"https:\/\/soledaddurazo.com\/#personlogo","inLanguage":"es","url":"https:\/\/secure.gravatar.com\/avatar\/c4e193752f756fd61f04deebed3a3a20dc188d37edb53682d313ac57f2725d54?s=96&d=mm&r=g","contentUrl":"https:\/\/secure.gravatar.com\/avatar\/c4e193752f756fd61f04deebed3a3a20dc188d37edb53682d313ac57f2725d54?s=96&d=mm&r=g","caption":"Redacci\u00f3n"},"sameAs":["https:\/\/soledaddurazo.com"]}]}},"_links":{"self":[{"href":"https:\/\/soledaddurazo.com\/api\/wp\/v2\/posts\/10334","targetHints":{"allow":["GET"]}}],"collection":[{"href":"https:\/\/soledaddurazo.com\/api\/wp\/v2\/posts"}],"about":[{"href":"https:\/\/soledaddurazo.com\/api\/wp\/v2\/types\/post"}],"author":[{"embeddable":true,"href":"https:\/\/soledaddurazo.com\/api\/wp\/v2\/users\/1"}],"replies":[{"embeddable":true,"href":"https:\/\/soledaddurazo.com\/api\/wp\/v2\/comments?post=10334"}],"version-history":[{"count":1,"href":"https:\/\/soledaddurazo.com\/api\/wp\/v2\/posts\/10334\/revisions"}],"predecessor-version":[{"id":10336,"href":"https:\/\/soledaddurazo.com\/api\/wp\/v2\/posts\/10334\/revisions\/10336"}],"wp:featuredmedia":[{"embeddable":true,"href":"https:\/\/soledaddurazo.com\/api\/wp\/v2\/media\/10335"}],"wp:attachment":[{"href":"https:\/\/soledaddurazo.com\/api\/wp\/v2\/media?parent=10334"}],"wp:term":[{"taxonomy":"category","embeddable":true,"href":"https:\/\/soledaddurazo.com\/api\/wp\/v2\/categories?post=10334"},{"taxonomy":"post_tag","embeddable":true,"href":"https:\/\/soledaddurazo.com\/api\/wp\/v2\/tags?post=10334"}],"curies":[{"name":"wp","href":"https:\/\/api.w.org\/{rel}","templated":true}]}}