{"id":10276,"date":"2021-08-20T15:29:08","date_gmt":"2021-08-20T22:29:08","guid":{"rendered":"https:\/\/soledaddurazo.com\/?p=10276"},"modified":"2021-08-20T15:29:08","modified_gmt":"2021-08-20T22:29:08","slug":"alfonso-durazo-juega-con-el-librito","status":"publish","type":"post","link":"https:\/\/soledaddurazo.com\/blog\/2021\/08\/20\/alfonso-durazo-juega-con-el-librito\/","title":{"rendered":"Alfonso Durazo juega con el librito"},"content":{"rendered":"<p class=\"s3\"><span class=\"s4\"><span class=\"bumpedFont15\">En el proceso de transici\u00f3n pol\u00edtica que se lleva a cabo en Sonora, Alfonso <\/span><\/span><span class=\"s4\"><span class=\"bumpedFont15\">Durazo<\/span><\/span><span class=\"s4\"><span class=\"bumpedFont15\">Monta\u00f1o, sigue jugando con el librito de la pol\u00edtica, env\u00eda se\u00f1ales de buena relaci\u00f3n con distintos actores y organizaciones que le garanticen gobernabilidad y un tr\u00e1nsito terso en la primera etapa de su <\/span><\/span><a name=\"_GoBack\"><\/a><span class=\"s4\"><span class=\"bumpedFont15\">pr\u00f3ximo gobierno. \u00a0<\/span><\/span><\/p>\n<p class=\"s3\"><span class=\"s4\"><span class=\"bumpedFont15\">El prop\u00f3sito de <\/span><\/span><span class=\"s4\"><span class=\"bumpedFont15\">la presencia de Alfonso <\/span><\/span><span class=\"s4\"><span class=\"bumpedFont15\">Durazo<\/span><\/span><span class=\"s4\"><span class=\"bumpedFont15\">en el Congreso Estatal de la CTM con la presencia de la plana mayor de la central obrera, <\/span><\/span><span class=\"s4\"><span class=\"bumpedFont15\">se interpreta m\u00e1s que una mera <\/span><\/span><span class=\"s4\"><span class=\"bumpedFont15\">cortes\u00eda pol\u00edtica, es tambi\u00e9n la voluntad manifiesta<\/span><\/span><span class=\"s4\"><span class=\"bumpedFont15\"> del Gobernador electo,<\/span><\/span><span class=\"s4\"><span class=\"bumpedFont15\"> p<\/span><\/span><span class=\"s4\"><span class=\"bumpedFont15\">or <\/span><\/span><span class=\"s4\"><span class=\"bumpedFont15\">promover la paz laboral que r<\/span><\/span><span class=\"s4\"><span class=\"bumpedFont15\">equiere un gobierno que inicia y que tiene ambiciosos proyectos por detonar, aunque la CTM no es la \u00fanica central sindical, si es la m\u00e1s importante, sin duda y qu\u00e9 mejor que <\/span><\/span><span class=\"s4\"><span class=\"bumpedFont15\">ir,<\/span><\/span><\/p>\n<p class=\"s3\"><span class=\"s4\"><span class=\"bumpedFont15\">Pero esta relaci\u00f3n es de ida y vuelta, el encuentre entre CTM y Alfonso <\/span><\/span><span class=\"s4\"><span class=\"bumpedFont15\">Durazo<\/span><\/span><span class=\"s4\"><span class=\"bumpedFont15\"> deja ver el nivel del pragmatismo del dirigente Javier Villarreal.<\/span><\/span><span class=\"s4\"><span class=\"bumpedFont15\"> Por lo pronto transitan en armon\u00eda, veremos lo que sucede m\u00e1s delante. <\/span><\/span><\/p>\n<p class=\"s3\"><span class=\"s4\"><span class=\"bumpedFont15\">Aparte de dar a conocer importantes proyectos para detonar el desarrollo y generaci\u00f3n de empleos en distintas regiones del estado, el Gobernador electo, Alfonso <\/span><\/span><span class=\"s4\"><span class=\"bumpedFont15\">Durazo<\/span><\/span> <span class=\"s4\"><span class=\"bumpedFont15\">ha manifestado algunas adecuaciones org\u00e1nicas que plantear\u00e1 en su gobierno, que suenan interesantes, como la de potencializar esas dos excelentes herramientas de comunicaci\u00f3n que cuenta el Gobierno del Estado como <\/span><\/span><span class=\"s4\"><span class=\"bumpedFont15\">Telemax<\/span><\/span><span class=\"s4\"><span class=\"bumpedFont15\"> y Radio Sonora, instrumentando un esquema ejecutivo de trabajo conjunto y con objetivos comunes, coordinados por la cabeza de sector, la Coordinaci\u00f3n de Comunicaci\u00f3n Social. <\/span><\/span><\/p>\n<p class=\"s3\"><span class=\"s4\"><span class=\"bumpedFont15\">Aunque obtuvo muchos titulares, el anuncio realizado por Alfonso <\/span><\/span><span class=\"s4\"><span class=\"bumpedFont15\">Durazo<\/span><\/span><span class=\"s4\"><span class=\"bumpedFont15\"> de que su gobierno realizar\u00e1 auditor\u00edas para determinar el estado de la administraci\u00f3n p\u00fablica y detectar cualquier irregularidad, incurrir\u00eda en desacato de la Ley si no las realiza. <\/span><\/span><\/p>\n<p class=\"s3\"><span class=\"s4\"><span class=\"bumpedFont15\">Para el an\u00e1lisis quedar\u00e1 otro tema que medi\u00e1ticamente ha tomado revuelo, relacionado al proceso de asignaci\u00f3n de Notar\u00edas P\u00fablicas. Al pr\u00f3ximo Gobernador le corresponder\u00e1 tomar una decisi\u00f3n sobre el <\/span><\/span><span class=\"s4\"><span class=\"bumpedFont15\">proceso, est\u00e1 en sus atribuciones y es de su competencia, revocar Notar\u00edas o confirmarlas o reasignarlas. <\/span><\/span><\/p>\n<p class=\"s3\"><span class=\"s4\"><span class=\"bumpedFont15\">El antecedente inmediato es el actual Gobierno de Claudia Pavlovich, que ech\u00f3 para abajo dos asignaciones de Notar\u00edas P\u00fablicas dadas en la administraci\u00f3n de Guillermo <\/span><\/span><span class=\"s4\"><span class=\"bumpedFont15\">Padr\u00e9s<\/span><\/span><span class=\"s4\"><span class=\"bumpedFont15\">, entonces, corr\u00eda la versi\u00f3n que hab\u00edas sido puesta en venta y la entrada era de tres millones de pesos. <\/span><\/span><\/p>\n<p class=\"s3\"><span class=\"s5\"><span class=\"bumpedFont15\">FUNCIONARIO DEL CONGRESO DEL ESTADO EN <\/span><\/span><span class=\"s5\"><span class=\"bumpedFont15\">LA MIRA <\/span><\/span><\/p>\n<p class=\"s3\"><span class=\"s4\"><span class=\"bumpedFont15\">La mayor parte del tiempo en este proceso de transici\u00f3n, los reflectores han apuntado hacia el Gobernador electo y todo lo relacionado a sus proyectos<\/span><\/span><span class=\"s4\"><span class=\"bumpedFont15\"> que impulsar\u00e1 como titular del Poder Ejecutivo<\/span><\/span><span class=\"s4\"><span class=\"bumpedFont15\">, <\/span><\/span><span class=\"s4\"><span class=\"bumpedFont15\">su <\/span><\/span><span class=\"s4\"><span class=\"bumpedFont15\">visi\u00f3n de <\/span><\/span><span class=\"s4\"><span class=\"bumpedFont15\">gobierno y la nueva clase pol\u00edtica que emerger\u00e1 a su alrededor. <\/span><\/span><\/p>\n<p class=\"s3\"><span class=\"s4\"><span class=\"bumpedFont15\">Un poco relegado<\/span><\/span><span class=\"s4\"><span class=\"bumpedFont15\">, fuera de la imaginaria, quedan l<\/span><\/span><span class=\"s4\"><span class=\"bumpedFont15\">os otros dos poderes, el Poder Judicial y Poder Legislativo, <\/span><\/span><span class=\"s4\"><span class=\"bumpedFont15\">en el Congreso del Estado, hay varios pendientes desde el inicio de esta legislatura, en la que se intent\u00f3 sacudir la mata, pero fue curioso, como la aparente mayor\u00eda que Morena y sus aliados manten\u00eda, fue doblegada por una minor\u00eda. <\/span><\/span><\/p>\n<p class=\"s3\"><span class=\"s4\"><span class=\"bumpedFont15\">Los Diputados de Morena fueron doblegados y exhibidos, me aseguran voces de mucho peso en Morena, que a muchos hasta ah\u00ed les lleg\u00f3 su carrera pol\u00edtica, aquellos que se doblegaron con los ca\u00f1onazos de billetes. <\/span><\/span><\/p>\n<p class=\"s3\"><span class=\"s4\"><span class=\"bumpedFont15\">Que los Diputados de Morena hayan hecho el rid\u00edculo, eso no implica que no hubo quienes se dedicaron a recabar informaci\u00f3n, a escarbar sobre los manejos del Congreso, y para la <\/span><\/span><span class=\"s4\"><span class=\"bumpedFont15\">reestructuraci\u00f3n <\/span><\/span><span class=\"s4\"><span class=\"bumpedFont15\">org\u00e1nica del Congreso<\/span><\/span><span class=\"s4\"><span class=\"bumpedFont15\">,<\/span><\/span><span class=\"s4\"><span class=\"bumpedFont15\"> que se tiene planeada, ya existe una lista funcionarios del Congreso del Estado que los tienen bien documentados. \u00a0 <\/span><\/span><\/p>\n<p class=\"s3\"><span class=\"s4\"><span class=\"bumpedFont15\">El primero en la lista es el Director de Administraci\u00f3n David <\/span><\/span><span class=\"s4\"><span class=\"bumpedFont15\">Suilo<\/span><\/span><span class=\"s4\"><span class=\"bumpedFont15\">, que hasta entre <\/span><\/span><span class=\"s4\"><span class=\"bumpedFont15\">los mismas prisitas<\/span><\/span><span class=\"s4\"><span class=\"bumpedFont15\">, tiene reconocida fama de ingrato, come solo, enredoso, afecto a echar por delante a los Coordinadores de los Diputados priistas para hacer sus movidas y salir impune, <\/span><\/span><\/p>\n<p class=\"s3\"><span class=\"s4\"><span class=\"bumpedFont15\">Esta fama ganada<\/span><\/span><span class=\"s4\"><span class=\"bumpedFont15\"> con su esfuerzo, sobrepasa las paredes del Congreso, una joyita que ya le tienen una lista de empresas fantasma <\/span><\/span><span class=\"s4\"><span class=\"bumpedFont15\">con las que realiza unas cuantas cepilladas y muy productivas, <\/span><\/span><span class=\"s4\"><span class=\"bumpedFont15\">al <\/span><\/span><span class=\"s4\"><span class=\"bumpedFont15\">presupuesto. Quienes estar\u00e1n a cargo de la transformaci\u00f3n en el Congreso del Estado, aseguran que no habr\u00e1 contemplaciones <\/span><\/span><span class=\"s4\"><span class=\"bumpedFont15\">para aplicar la le<\/span><\/span><span class=\"s4\"><span class=\"bumpedFont15\">y y pasto donde cortar,<\/span><\/span><span class=\"s4\"><span class=\"bumpedFont15\"> hay mucho.<\/span><\/span><\/p>\n<p class=\"s3\"><span class=\"s5\"><span class=\"bumpedFont15\">RETAZOS INTERESANTES<\/span><\/span><\/p>\n<p class=\"s3\"><span class=\"s4\"><span class=\"bumpedFont15\">1.- Buena noticia para el Poblado Miguel Alem\u00e1n que ya tenga planta tratadora de aguas residuales. Sin duda que un gran acierto del Ayuntamiento de Hermosillo realizar esta obra que benefi<\/span><\/span><span class=\"s4\"><span class=\"bumpedFont15\">ciar\u00e1 a una comunidad que ya ni reclama el abandono de los \u00f3rdenes de gobierno, est\u00e1 acostumbrada al olvido e indolencia de las autoridades. \u00a0<\/span><\/span><\/p>\n<p class=\"s3\"><span class=\"s4\"><span class=\"bumpedFont15\">2.- Lo de la supuesta liberaci\u00f3n de las casetas de peaje en Sonora, result\u00f3 una vacilada. Las personas que est\u00e1n apostadas en ambos carriles de las casetas de cobro pidiendo dinero, para seguir con su movimiento social. Encontraron a la gallina de los huevos de oro que les deja millones de pesos mensualmente \u00bfMatarla? Ni locos. <\/span><\/span><\/p>\n<p class=\"s3\"><span class=\"s4\"><span class=\"bumpedFont15\">3.- Despu\u00e9s del periodo vacacional, la Mesa Canc\u00fan que encabeza el empresario, fil\u00e1ntropo y <\/span><\/span><span class=\"s4\"><span class=\"bumpedFont15\">tarotista<\/span><\/span><span class=\"s4\"><span class=\"bumpedFont15\"> de pol\u00edticos, Carlos &#8220;<\/span><\/span><span class=\"s4\"><span class=\"bumpedFont15\">Kaly<\/span><\/span><span class=\"s4\"><span class=\"bumpedFont15\">&#8221; Rodr\u00edguez, reanuda su actividad el pr\u00f3ximo mi\u00e9rcoles, empezamos este nuevo periodo de transici\u00f3n pol\u00edtica en Sonora con la visita de Antonio Astiazar\u00e1n, Presidente Municipal electo de Hermosillo. Habr\u00e1 mucho qu\u00e9 preguntarle al To\u00f1o Astiazar\u00e1n, colaboradores, principales proyectos y sus planes para los primeros cien d\u00edas de gobierno.<\/span><\/span><\/p>\n<p class=\"s3\"><span class=\"s4\"><span class=\"bumpedFont15\">Para los amigos de todo el sur de Sonora, los invito a escuchar de 13:00 a 14:00 horas, SONORA EN RED NOTICIAS, espacio que comparto con mi amigo Arturo Chapo Soto, por el 93.3 del cuadrante de F.M. que tambi\u00e9n puede ser visto, a pesar de la cara que nos aventamos, por la se\u00f1al del canal 14 de TV Azteca Tucson, para todo el sur de Arizona. No se lo pierdan.\u00a0<\/span><\/span><\/p>\n<p class=\"s3\"><span class=\"s4\"><span class=\"bumpedFont15\">Podemos interactuar a trav\u00e9s de mi cuenta de Twitter @feroropeza20 o en mi correo electr\u00f3nico\u00a0<\/span><\/span><a href=\"mailto:luiso@hmo.megared.net.mx\"><span class=\"s6\"><span class=\"bumpedFont15\">luiso@hmo.megared.net.mx<\/span><\/span><\/a><\/p>\n","protected":false},"excerpt":{"rendered":"<p>En el proceso de transici\u00f3n pol\u00edtica que se lleva a cabo en Sonora, Alfonso DurazoMonta\u00f1o, sigue jugando con el librito de la pol\u00edtica, env\u00eda se\u00f1ales de buena relaci\u00f3n con distintos actores y organizaciones que le garanticen gobernabilidad y un tr\u00e1nsito terso en la primera etapa de su pr\u00f3ximo gobierno. \u00a0 El prop\u00f3sito de la presencia [&hellip;]<\/p>\n","protected":false},"author":1,"featured_media":7893,"comment_status":"open","ping_status":"open","sticky":false,"template":"","format":"standard","meta":{"footnotes":""},"categories":[173],"tags":[],"class_list":["post"],"yoast_head":" \n<title>Alfonso Durazo juega con el librito - Periodista SoledadDurazo.com<\/title>\n<meta name=\"robots\" content=\"index, follow, max-snippet:-1, max-image-preview:large, max-video-preview:-1\" \/>\n<link rel=\"canonical\" href=\"https:\/\/soledaddurazo.com\/blog\/2021\/08\/20\/alfonso-durazo-juega-con-el-librito\/\" \/>\n<meta property=\"og:locale\" content=\"es_MX\" \/>\n<meta property=\"og:type\" content=\"article\" \/>\n<meta property=\"og:title\" content=\"Alfonso Durazo juega con el librito\" \/>\n<meta property=\"og:description\" content=\"En el proceso de transici\u00f3n pol\u00edtica que se lleva a cabo en Sonora, Alfonso DurazoMonta\u00f1o, sigue jugando con el librito de la pol\u00edtica, env\u00eda se\u00f1ales de buena relaci\u00f3n con distintos actores y organizaciones que le garanticen gobernabilidad y un tr\u00e1nsito terso en la primera etapa de su pr\u00f3ximo gobierno. \u00a0 El prop\u00f3sito de la presencia [&hellip;]\" \/>\n<meta property=\"og:url\" content=\"https:\/\/soledaddurazo.com\/blog\/2021\/08\/20\/alfonso-durazo-juega-con-el-librito\/\" \/>\n<meta property=\"og:site_name\" content=\"Periodista SoledadDurazo.com\" \/>\n<meta property=\"article:publisher\" content=\"https:\/\/www.facebook.com\/soledad.durazo.9\/\" \/>\n<meta property=\"article:published_time\" content=\"2021-08-20T22:29:08+00:00\" \/>\n<meta property=\"og:image\" content=\"https:\/\/soledaddurazo.com\/storage\/2021\/04\/FOTO-FERNANDO-OROPEZA.jpg\" \/>\n\t<meta property=\"og:image:width\" content=\"1732\" \/>\n\t<meta property=\"og:image:height\" content=\"1154\" \/>\n<meta name=\"twitter:card\" content=\"summary_large_image\" \/>\n<meta name=\"twitter:creator\" content=\"@SoledadDurazo\" \/>\n<meta name=\"twitter:site\" content=\"@SoledadDurazo\" \/>\n<meta name=\"twitter:label1\" content=\"Escrito por\" \/>\n\t<meta name=\"twitter:data1\" content=\"Redacci\u00f3n\" \/>\n\t<meta name=\"twitter:label2\" content=\"Tiempo de lectura\" \/>\n\t<meta name=\"twitter:data2\" content=\"5 minutos\" \/>\n<script type=\"application\/ld+json\" class=\"yoast-schema-graph\">{\"@context\":\"https:\/\/schema.org\",\"@graph\":[{\"@type\":\"Organization\",\"@id\":\"https:\/\/soledaddurazo.com\/#organization\",\"name\":\"Soledad Durazo\",\"url\":\"https:\/\/soledaddurazo.com\/\",\"sameAs\":[\"https:\/\/www.facebook.com\/soledad.durazo.9\/\",\"https:\/\/www.instagram.com\/soledaddurazo\",\"https:\/\/www.youtube.com\/channel\/UC9yGPw8-Vbl_B2XNkRwPS-w\",\"https:\/\/twitter.com\/SoledadDurazo\"],\"logo\":{\"@type\":\"ImageObject\",\"@id\":\"https:\/\/soledaddurazo.com\/#logo\",\"inLanguage\":\"es\",\"url\":\"https:\/\/soledaddurazo.com\/storage\/2021\/11\/nllp-720x375-1-2.png\",\"contentUrl\":\"https:\/\/soledaddurazo.com\/storage\/2021\/11\/nllp-720x375-1-2.png\",\"width\":720,\"height\":375,\"caption\":\"Soledad Durazo\"},\"image\":{\"@id\":\"https:\/\/soledaddurazo.com\/#logo\"}},{\"@type\":\"WebSite\",\"@id\":\"https:\/\/soledaddurazo.com\/#website\",\"url\":\"https:\/\/soledaddurazo.com\/\",\"name\":\"Periodista SoledadDurazo.com\",\"description\":\"Periodista sonorense. Directora de www.SoledadDurazo.com Columnista, conductora de radio y Tv. Catedr\\u00e1tica en la UNISON\",\"publisher\":{\"@id\":\"https:\/\/soledaddurazo.com\/#organization\"},\"potentialAction\":[{\"@type\":\"SearchAction\",\"target\":{\"@type\":\"EntryPoint\",\"urlTemplate\":\"https:\/\/soledaddurazo.com\/?s={search_term_string}\"},\"query-input\":\"required name=search_term_string\"}],\"inLanguage\":\"es\"},{\"@type\":\"ImageObject\",\"@id\":\"https:\/\/soledaddurazo.com\/blog\/2021\/08\/20\/alfonso-durazo-juega-con-el-librito\/#primaryimage\",\"inLanguage\":\"es\",\"url\":\"https:\/\/soledaddurazo.com\/storage\/2021\/04\/FOTO-FERNANDO-OROPEZA.jpg\",\"contentUrl\":\"https:\/\/soledaddurazo.com\/storage\/2021\/04\/FOTO-FERNANDO-OROPEZA.jpg\",\"width\":1732,\"height\":1154},{\"@type\":\"WebPage\",\"@id\":\"https:\/\/soledaddurazo.com\/blog\/2021\/08\/20\/alfonso-durazo-juega-con-el-librito\/#webpage\",\"url\":\"https:\/\/soledaddurazo.com\/blog\/2021\/08\/20\/alfonso-durazo-juega-con-el-librito\/\",\"name\":\"Alfonso Durazo juega con el librito - Periodista SoledadDurazo.com\",\"isPartOf\":{\"@id\":\"https:\/\/soledaddurazo.com\/#website\"},\"primaryImageOfPage\":{\"@id\":\"https:\/\/soledaddurazo.com\/blog\/2021\/08\/20\/alfonso-durazo-juega-con-el-librito\/#primaryimage\"},\"datePublished\":\"2021-08-20T22:29:08+00:00\",\"dateModified\":\"2021-08-20T22:29:08+00:00\",\"breadcrumb\":{\"@id\":\"https:\/\/soledaddurazo.com\/blog\/2021\/08\/20\/alfonso-durazo-juega-con-el-librito\/#breadcrumb\"},\"inLanguage\":\"es\",\"potentialAction\":[{\"@type\":\"ReadAction\",\"target\":[\"https:\/\/soledaddurazo.com\/blog\/2021\/08\/20\/alfonso-durazo-juega-con-el-librito\/\"]}]},{\"@type\":\"BreadcrumbList\",\"@id\":\"https:\/\/soledaddurazo.com\/blog\/2021\/08\/20\/alfonso-durazo-juega-con-el-librito\/#breadcrumb\",\"itemListElement\":[{\"@type\":\"ListItem\",\"position\":1,\"name\":\"Home\",\"item\":\"https:\/\/soledaddurazo.com\/\"},{\"@type\":\"ListItem\",\"position\":2,\"name\":\"Alfonso Durazo juega con el librito\"}]},{\"@type\":\"Article\",\"@id\":\"https:\/\/soledaddurazo.com\/blog\/2021\/08\/20\/alfonso-durazo-juega-con-el-librito\/#article\",\"isPartOf\":{\"@id\":\"https:\/\/soledaddurazo.com\/blog\/2021\/08\/20\/alfonso-durazo-juega-con-el-librito\/#webpage\"},\"author\":{\"@id\":\"https:\/\/soledaddurazo.com\/#\/schema\/person\/822d8e13aa288585e6546f179853758b\"},\"headline\":\"Alfonso Durazo juega con el librito\",\"datePublished\":\"2021-08-20T22:29:08+00:00\",\"dateModified\":\"2021-08-20T22:29:08+00:00\",\"mainEntityOfPage\":{\"@id\":\"https:\/\/soledaddurazo.com\/blog\/2021\/08\/20\/alfonso-durazo-juega-con-el-librito\/#webpage\"},\"wordCount\":1030,\"commentCount\":0,\"publisher\":{\"@id\":\"https:\/\/soledaddurazo.com\/#organization\"},\"image\":{\"@id\":\"https:\/\/soledaddurazo.com\/blog\/2021\/08\/20\/alfonso-durazo-juega-con-el-librito\/#primaryimage\"},\"thumbnailUrl\":\"https:\/\/soledaddurazo.com\/storage\/2021\/04\/FOTO-FERNANDO-OROPEZA.jpg\",\"articleSection\":[\"Fernando Oropeza\"],\"inLanguage\":\"es\",\"potentialAction\":[{\"@type\":\"CommentAction\",\"name\":\"Comment\",\"target\":[\"https:\/\/soledaddurazo.com\/blog\/2021\/08\/20\/alfonso-durazo-juega-con-el-librito\/#respond\"]}]},{\"@type\":\"Person\",\"@id\":\"https:\/\/soledaddurazo.com\/#\/schema\/person\/822d8e13aa288585e6546f179853758b\",\"name\":\"Redacci\\u00f3n\",\"image\":{\"@type\":\"ImageObject\",\"@id\":\"https:\/\/soledaddurazo.com\/#personlogo\",\"inLanguage\":\"es\",\"url\":\"https:\/\/secure.gravatar.com\/avatar\/c4e193752f756fd61f04deebed3a3a20dc188d37edb53682d313ac57f2725d54?s=96&d=mm&r=g\",\"contentUrl\":\"https:\/\/secure.gravatar.com\/avatar\/c4e193752f756fd61f04deebed3a3a20dc188d37edb53682d313ac57f2725d54?s=96&d=mm&r=g\",\"caption\":\"Redacci\\u00f3n\"},\"sameAs\":[\"https:\/\/soledaddurazo.com\"]}]}<\/script>\n ","yoast_head_json":{"title":"Alfonso Durazo juega con el librito - Periodista SoledadDurazo.com","robots":{"index":"index","follow":"follow","max-snippet":"max-snippet:-1","max-image-preview":"max-image-preview:large","max-video-preview":"max-video-preview:-1"},"canonical":"https:\/\/soledaddurazo.com\/blog\/2021\/08\/20\/alfonso-durazo-juega-con-el-librito\/","og_locale":"es_MX","og_type":"article","og_title":"Alfonso Durazo juega con el librito","og_description":"En el proceso de transici\u00f3n pol\u00edtica que se lleva a cabo en Sonora, Alfonso DurazoMonta\u00f1o, sigue jugando con el librito de la pol\u00edtica, env\u00eda se\u00f1ales de buena relaci\u00f3n con distintos actores y organizaciones que le garanticen gobernabilidad y un tr\u00e1nsito terso en la primera etapa de su pr\u00f3ximo gobierno. \u00a0 El prop\u00f3sito de la presencia [&hellip;]","og_url":"https:\/\/soledaddurazo.com\/blog\/2021\/08\/20\/alfonso-durazo-juega-con-el-librito\/","og_site_name":"Periodista SoledadDurazo.com","article_publisher":"https:\/\/www.facebook.com\/soledad.durazo.9\/","article_published_time":"2021-08-20T22:29:08+00:00","og_image":[{"width":1732,"height":1154,"url":"https:\/\/soledaddurazo.com\/storage\/2021\/04\/FOTO-FERNANDO-OROPEZA.jpg","type":"image\/jpeg"}],"twitter_card":"summary_large_image","twitter_creator":"@SoledadDurazo","twitter_site":"@SoledadDurazo","twitter_misc":{"Escrito por":"Redacci\u00f3n","Tiempo de lectura":"5 minutos"},"schema":{"@context":"https:\/\/schema.org","@graph":[{"@type":"Organization","@id":"https:\/\/soledaddurazo.com\/#organization","name":"Soledad Durazo","url":"https:\/\/soledaddurazo.com\/","sameAs":["https:\/\/www.facebook.com\/soledad.durazo.9\/","https:\/\/www.instagram.com\/soledaddurazo","https:\/\/www.youtube.com\/channel\/UC9yGPw8-Vbl_B2XNkRwPS-w","https:\/\/twitter.com\/SoledadDurazo"],"logo":{"@type":"ImageObject","@id":"https:\/\/soledaddurazo.com\/#logo","inLanguage":"es","url":"https:\/\/soledaddurazo.com\/storage\/2021\/11\/nllp-720x375-1-2.png","contentUrl":"https:\/\/soledaddurazo.com\/storage\/2021\/11\/nllp-720x375-1-2.png","width":720,"height":375,"caption":"Soledad Durazo"},"image":{"@id":"https:\/\/soledaddurazo.com\/#logo"}},{"@type":"WebSite","@id":"https:\/\/soledaddurazo.com\/#website","url":"https:\/\/soledaddurazo.com\/","name":"Periodista SoledadDurazo.com","description":"Periodista sonorense. Directora de www.SoledadDurazo.com Columnista, conductora de radio y Tv. Catedr\u00e1tica en la UNISON","publisher":{"@id":"https:\/\/soledaddurazo.com\/#organization"},"potentialAction":[{"@type":"SearchAction","target":{"@type":"EntryPoint","urlTemplate":"https:\/\/soledaddurazo.com\/?s={search_term_string}"},"query-input":"required name=search_term_string"}],"inLanguage":"es"},{"@type":"ImageObject","@id":"https:\/\/soledaddurazo.com\/blog\/2021\/08\/20\/alfonso-durazo-juega-con-el-librito\/#primaryimage","inLanguage":"es","url":"https:\/\/soledaddurazo.com\/storage\/2021\/04\/FOTO-FERNANDO-OROPEZA.jpg","contentUrl":"https:\/\/soledaddurazo.com\/storage\/2021\/04\/FOTO-FERNANDO-OROPEZA.jpg","width":1732,"height":1154},{"@type":"WebPage","@id":"https:\/\/soledaddurazo.com\/blog\/2021\/08\/20\/alfonso-durazo-juega-con-el-librito\/#webpage","url":"https:\/\/soledaddurazo.com\/blog\/2021\/08\/20\/alfonso-durazo-juega-con-el-librito\/","name":"Alfonso Durazo juega con el librito - Periodista SoledadDurazo.com","isPartOf":{"@id":"https:\/\/soledaddurazo.com\/#website"},"primaryImageOfPage":{"@id":"https:\/\/soledaddurazo.com\/blog\/2021\/08\/20\/alfonso-durazo-juega-con-el-librito\/#primaryimage"},"datePublished":"2021-08-20T22:29:08+00:00","dateModified":"2021-08-20T22:29:08+00:00","breadcrumb":{"@id":"https:\/\/soledaddurazo.com\/blog\/2021\/08\/20\/alfonso-durazo-juega-con-el-librito\/#breadcrumb"},"inLanguage":"es","potentialAction":[{"@type":"ReadAction","target":["https:\/\/soledaddurazo.com\/blog\/2021\/08\/20\/alfonso-durazo-juega-con-el-librito\/"]}]},{"@type":"BreadcrumbList","@id":"https:\/\/soledaddurazo.com\/blog\/2021\/08\/20\/alfonso-durazo-juega-con-el-librito\/#breadcrumb","itemListElement":[{"@type":"ListItem","position":1,"name":"Home","item":"https:\/\/soledaddurazo.com\/"},{"@type":"ListItem","position":2,"name":"Alfonso Durazo juega con el librito"}]},{"@type":"Article","@id":"https:\/\/soledaddurazo.com\/blog\/2021\/08\/20\/alfonso-durazo-juega-con-el-librito\/#article","isPartOf":{"@id":"https:\/\/soledaddurazo.com\/blog\/2021\/08\/20\/alfonso-durazo-juega-con-el-librito\/#webpage"},"author":{"@id":"https:\/\/soledaddurazo.com\/#\/schema\/person\/822d8e13aa288585e6546f179853758b"},"headline":"Alfonso Durazo juega con el librito","datePublished":"2021-08-20T22:29:08+00:00","dateModified":"2021-08-20T22:29:08+00:00","mainEntityOfPage":{"@id":"https:\/\/soledaddurazo.com\/blog\/2021\/08\/20\/alfonso-durazo-juega-con-el-librito\/#webpage"},"wordCount":1030,"commentCount":0,"publisher":{"@id":"https:\/\/soledaddurazo.com\/#organization"},"image":{"@id":"https:\/\/soledaddurazo.com\/blog\/2021\/08\/20\/alfonso-durazo-juega-con-el-librito\/#primaryimage"},"thumbnailUrl":"https:\/\/soledaddurazo.com\/storage\/2021\/04\/FOTO-FERNANDO-OROPEZA.jpg","articleSection":["Fernando Oropeza"],"inLanguage":"es","potentialAction":[{"@type":"CommentAction","name":"Comment","target":["https:\/\/soledaddurazo.com\/blog\/2021\/08\/20\/alfonso-durazo-juega-con-el-librito\/#respond"]}]},{"@type":"Person","@id":"https:\/\/soledaddurazo.com\/#\/schema\/person\/822d8e13aa288585e6546f179853758b","name":"Redacci\u00f3n","image":{"@type":"ImageObject","@id":"https:\/\/soledaddurazo.com\/#personlogo","inLanguage":"es","url":"https:\/\/secure.gravatar.com\/avatar\/c4e193752f756fd61f04deebed3a3a20dc188d37edb53682d313ac57f2725d54?s=96&d=mm&r=g","contentUrl":"https:\/\/secure.gravatar.com\/avatar\/c4e193752f756fd61f04deebed3a3a20dc188d37edb53682d313ac57f2725d54?s=96&d=mm&r=g","caption":"Redacci\u00f3n"},"sameAs":["https:\/\/soledaddurazo.com"]}]}},"_links":{"self":[{"href":"https:\/\/soledaddurazo.com\/api\/wp\/v2\/posts\/10276","targetHints":{"allow":["GET"]}}],"collection":[{"href":"https:\/\/soledaddurazo.com\/api\/wp\/v2\/posts"}],"about":[{"href":"https:\/\/soledaddurazo.com\/api\/wp\/v2\/types\/post"}],"author":[{"embeddable":true,"href":"https:\/\/soledaddurazo.com\/api\/wp\/v2\/users\/1"}],"replies":[{"embeddable":true,"href":"https:\/\/soledaddurazo.com\/api\/wp\/v2\/comments?post=10276"}],"version-history":[{"count":1,"href":"https:\/\/soledaddurazo.com\/api\/wp\/v2\/posts\/10276\/revisions"}],"predecessor-version":[{"id":10277,"href":"https:\/\/soledaddurazo.com\/api\/wp\/v2\/posts\/10276\/revisions\/10277"}],"wp:featuredmedia":[{"embeddable":true,"href":"https:\/\/soledaddurazo.com\/api\/wp\/v2\/media\/7893"}],"wp:attachment":[{"href":"https:\/\/soledaddurazo.com\/api\/wp\/v2\/media?parent=10276"}],"wp:term":[{"taxonomy":"category","embeddable":true,"href":"https:\/\/soledaddurazo.com\/api\/wp\/v2\/categories?post=10276"},{"taxonomy":"post_tag","embeddable":true,"href":"https:\/\/soledaddurazo.com\/api\/wp\/v2\/tags?post=10276"}],"curies":[{"name":"wp","href":"https:\/\/api.w.org\/{rel}","templated":true}]}}