{"id":10214,"date":"2021-08-17T23:00:13","date_gmt":"2021-08-18T06:00:13","guid":{"rendered":"https:\/\/soledaddurazo.com\/?p=10214"},"modified":"2021-08-17T23:00:13","modified_gmt":"2021-08-18T06:00:13","slug":"entrega-de-transportes-escolares-y-obras-para-municipios-de-la-sierra","status":"publish","type":"post","link":"https:\/\/soledaddurazo.com\/blog\/2021\/08\/17\/entrega-de-transportes-escolares-y-obras-para-municipios-de-la-sierra\/","title":{"rendered":"Entrega de transportes escolares y obras para municipios de la sierra"},"content":{"rendered":"<p>Con la entrega de camiones escolares, apoyos productivos y el edificio de Idiomas, Tutor\u00edas y Vinculaci\u00f3n de la Universidad de la Sierra, la gobernadora Claudia Pavlovich Arellano llev\u00f3 beneficios para los habitantes de Moctezuma, Cumpas, Divisaderos y Tepache.<\/p>\n<p>En gira de trabajo, acompa\u00f1ada del secretario de Educaci\u00f3n y Cultura, V\u00edctor Guerrero Gonz\u00e1lez, la mandataria estatal destac\u00f3 que, aun cuando los camiones escolares no fue una promesa de campa\u00f1a durante sus visitas a cada uno de los municipios, son de gran importancia para que los estudiantes se trasladen a sus escuelas de manera segura desde sus comunidades.<\/p>\n<p>\u201cLa verdad era una falta de seguridad para nuestros hijos que se trasladaran en esas condiciones, en camionetas y camiones ya muy viejos; nuestros hijos son la prioridad, su educaci\u00f3n, por eso estoy muy contenta de entregar estos camiones, estamos entregando 50 unidades nuevas para este nuevo ciclo escolar 2021-2022\u201d, expres\u00f3.<\/p>\n<p>La gobernadora Pavlovich destac\u00f3 que para el ciclo escolar 2019-2020 entreg\u00f3 40 unidades nuevas y 12 unidades rehabilitadas, por lo que m\u00e1s de 10 mil ni\u00f1as, ni\u00f1os y j\u00f3venes que caminaban kil\u00f3metros para llegar a sus centros de estudios o en camiones en malas condiciones, ya lo har\u00e1n de una manera segura.<\/p>\n<p>En esta gira de trabajo, donde estuvo acompa\u00f1ada de los presidentes municipales Jes\u00fas Alberto Ojeda Castellanos de Cumpas, Jes\u00fas Misael Acu\u00f1a Acu\u00f1a de Divisaderos y Carmen Figueroa Velarde de Tepache, la mandataria estatal entreg\u00f3 apoyos productivos como una carreta de hot dogs, panader\u00eda y una tortiller\u00eda, como parte del programa Soy Pilar de Sedesson.<\/p>\n<p>Por otra parte, la mandataria estatal inaugur\u00f3 el gimnasio y la quinta etapa de la construcci\u00f3n del edificio de Idiomas Tutor\u00edas y Vinculaci\u00f3n de la Universidad de la Sierra; y anunci\u00f3 que personal del Instituto de Becas y Cr\u00e9dito Educativo estar\u00e1n en Bacad\u00e9huachi, Bacerac, Bavispe, Cumpas, Divisaderos, Hu\u00e1sabas, Granados, Huachinera, Moctezuma, N\u00e1cori Chico, Tepache y Villa Hidalgo, entregando becas y beneficiando a 2 mil 45 estudiantes.<\/p>\n<p>\u201cPara m\u00ed es muy importante la educaci\u00f3n, es toral, es lo \u00fanico que tienen nuestros hijos y la \u00fanica herencia que le podemos dejar, que est\u00e9n preparados, que salgan adelante, as\u00ed que obras son amores y no buenas intenciones, aqu\u00ed est\u00e1n los camiones, aqu\u00ed est\u00e1n los proyectos, aqu\u00ed est\u00e1n en estos momentos toda esta obra\u201d, destac\u00f3.<\/p>\n<p>La gobernadora Pavlovich pidi\u00f3 a las y los maestros que este pr\u00f3ximo regreso a clases sea muy cuidado, gradual, de forma voluntaria por parte de las madres y padres de familia, pues los contagios por COVID-19 van en aumento.<\/p>\n<p>Cruz Adriana Sep\u00falveda Rodr\u00edguez, presidenta municipal de Moctezuma, agradeci\u00f3 a la gobernadora Claudia Pavlovich por la entrega de apoyos en beneficio de los habitantes de su municipio y de la regi\u00f3n.<\/p>\n<p>\u201cQuiero reconocer a nuestra gobernadora Claudia Pavlovich por estas aportaciones que nos hace a todos los municipios porque estamos necesitando ahorita ayuda en el sentido de las escuelas de cada uno de los municipios, ser\u00e1 muy bienvenido y cuidaremos mucho de estos camiones, transportes escolares que nos est\u00e1 entregando, que a pesar de lo del COVID y de todos los eventos que se nos ha venido presentando, pues tenemos la ayuda y no nos olvida se\u00f1ora gobernadora, muchas gracias y reconozco las ayudas y aportaciones que nos brinda tanto al municipios de Moctezuma, como a los municipios vecinos\u201d, manifest\u00f3.<\/p>\n<p>Presente: Francisco Javier Maciel Ruiz, director de Supervisi\u00f3n de Obras del ISIE.<\/p>\n","protected":false},"excerpt":{"rendered":"<p>Con la entrega de camiones escolares, apoyos productivos y el edificio de Idiomas, Tutor\u00edas y Vinculaci\u00f3n de la Universidad de la Sierra, la gobernadora Claudia Pavlovich Arellano llev\u00f3 beneficios para los habitantes de Moctezuma, Cumpas, Divisaderos y Tepache. En gira de trabajo, acompa\u00f1ada del secretario de Educaci\u00f3n y Cultura, V\u00edctor Guerrero Gonz\u00e1lez, la mandataria estatal [&hellip;]<\/p>\n","protected":false},"author":1,"featured_media":10215,"comment_status":"open","ping_status":"open","sticky":false,"template":"","format":"standard","meta":{"footnotes":""},"categories":[159],"tags":[],"class_list":["post"],"yoast_head":" \n<title>Entrega de transportes escolares y obras para municipios de la sierra - Periodista SoledadDurazo.com<\/title>\n<meta name=\"robots\" content=\"index, follow, max-snippet:-1, max-image-preview:large, max-video-preview:-1\" \/>\n<link rel=\"canonical\" href=\"https:\/\/soledaddurazo.com\/blog\/2021\/08\/17\/entrega-de-transportes-escolares-y-obras-para-municipios-de-la-sierra\/\" \/>\n<meta property=\"og:locale\" content=\"es_MX\" \/>\n<meta property=\"og:type\" content=\"article\" \/>\n<meta property=\"og:title\" content=\"Entrega de transportes escolares y obras para municipios de la sierra\" \/>\n<meta property=\"og:description\" content=\"Con la entrega de camiones escolares, apoyos productivos y el edificio de Idiomas, Tutor\u00edas y Vinculaci\u00f3n de la Universidad de la Sierra, la gobernadora Claudia Pavlovich Arellano llev\u00f3 beneficios para los habitantes de Moctezuma, Cumpas, Divisaderos y Tepache. En gira de trabajo, acompa\u00f1ada del secretario de Educaci\u00f3n y Cultura, V\u00edctor Guerrero Gonz\u00e1lez, la mandataria estatal [&hellip;]\" \/>\n<meta property=\"og:url\" content=\"https:\/\/soledaddurazo.com\/blog\/2021\/08\/17\/entrega-de-transportes-escolares-y-obras-para-municipios-de-la-sierra\/\" \/>\n<meta property=\"og:site_name\" content=\"Periodista SoledadDurazo.com\" \/>\n<meta property=\"article:publisher\" content=\"https:\/\/www.facebook.com\/soledad.durazo.9\/\" \/>\n<meta property=\"article:published_time\" content=\"2021-08-18T06:00:13+00:00\" \/>\n<meta property=\"og:image\" content=\"https:\/\/soledaddurazo.com\/storage\/2021\/08\/image00006-5.jpeg\" \/>\n\t<meta property=\"og:image:width\" content=\"2195\" \/>\n\t<meta property=\"og:image:height\" content=\"1464\" \/>\n<meta name=\"twitter:card\" content=\"summary_large_image\" \/>\n<meta name=\"twitter:creator\" content=\"@SoledadDurazo\" \/>\n<meta name=\"twitter:site\" content=\"@SoledadDurazo\" \/>\n<meta name=\"twitter:label1\" content=\"Escrito por\" \/>\n\t<meta name=\"twitter:data1\" content=\"Redacci\u00f3n\" \/>\n\t<meta name=\"twitter:label2\" content=\"Tiempo de lectura\" \/>\n\t<meta name=\"twitter:data2\" content=\"3 minutos\" \/>\n<script type=\"application\/ld+json\" class=\"yoast-schema-graph\">{\"@context\":\"https:\/\/schema.org\",\"@graph\":[{\"@type\":\"Organization\",\"@id\":\"https:\/\/soledaddurazo.com\/#organization\",\"name\":\"Soledad Durazo\",\"url\":\"https:\/\/soledaddurazo.com\/\",\"sameAs\":[\"https:\/\/www.facebook.com\/soledad.durazo.9\/\",\"https:\/\/www.instagram.com\/soledaddurazo\",\"https:\/\/www.youtube.com\/channel\/UC9yGPw8-Vbl_B2XNkRwPS-w\",\"https:\/\/twitter.com\/SoledadDurazo\"],\"logo\":{\"@type\":\"ImageObject\",\"@id\":\"https:\/\/soledaddurazo.com\/#logo\",\"inLanguage\":\"es\",\"url\":\"https:\/\/soledaddurazo.com\/storage\/2021\/11\/nllp-720x375-1-2.png\",\"contentUrl\":\"https:\/\/soledaddurazo.com\/storage\/2021\/11\/nllp-720x375-1-2.png\",\"width\":720,\"height\":375,\"caption\":\"Soledad Durazo\"},\"image\":{\"@id\":\"https:\/\/soledaddurazo.com\/#logo\"}},{\"@type\":\"WebSite\",\"@id\":\"https:\/\/soledaddurazo.com\/#website\",\"url\":\"https:\/\/soledaddurazo.com\/\",\"name\":\"Periodista SoledadDurazo.com\",\"description\":\"Periodista sonorense. Directora de www.SoledadDurazo.com Columnista, conductora de radio y Tv. Catedr\\u00e1tica en la UNISON\",\"publisher\":{\"@id\":\"https:\/\/soledaddurazo.com\/#organization\"},\"potentialAction\":[{\"@type\":\"SearchAction\",\"target\":{\"@type\":\"EntryPoint\",\"urlTemplate\":\"https:\/\/soledaddurazo.com\/?s={search_term_string}\"},\"query-input\":\"required name=search_term_string\"}],\"inLanguage\":\"es\"},{\"@type\":\"ImageObject\",\"@id\":\"https:\/\/soledaddurazo.com\/blog\/2021\/08\/17\/entrega-de-transportes-escolares-y-obras-para-municipios-de-la-sierra\/#primaryimage\",\"inLanguage\":\"es\",\"url\":\"https:\/\/soledaddurazo.com\/storage\/2021\/08\/image00006-5.jpeg\",\"contentUrl\":\"https:\/\/soledaddurazo.com\/storage\/2021\/08\/image00006-5.jpeg\",\"width\":2195,\"height\":1464},{\"@type\":\"WebPage\",\"@id\":\"https:\/\/soledaddurazo.com\/blog\/2021\/08\/17\/entrega-de-transportes-escolares-y-obras-para-municipios-de-la-sierra\/#webpage\",\"url\":\"https:\/\/soledaddurazo.com\/blog\/2021\/08\/17\/entrega-de-transportes-escolares-y-obras-para-municipios-de-la-sierra\/\",\"name\":\"Entrega de transportes escolares y obras para municipios de la sierra - Periodista SoledadDurazo.com\",\"isPartOf\":{\"@id\":\"https:\/\/soledaddurazo.com\/#website\"},\"primaryImageOfPage\":{\"@id\":\"https:\/\/soledaddurazo.com\/blog\/2021\/08\/17\/entrega-de-transportes-escolares-y-obras-para-municipios-de-la-sierra\/#primaryimage\"},\"datePublished\":\"2021-08-18T06:00:13+00:00\",\"dateModified\":\"2021-08-18T06:00:13+00:00\",\"breadcrumb\":{\"@id\":\"https:\/\/soledaddurazo.com\/blog\/2021\/08\/17\/entrega-de-transportes-escolares-y-obras-para-municipios-de-la-sierra\/#breadcrumb\"},\"inLanguage\":\"es\",\"potentialAction\":[{\"@type\":\"ReadAction\",\"target\":[\"https:\/\/soledaddurazo.com\/blog\/2021\/08\/17\/entrega-de-transportes-escolares-y-obras-para-municipios-de-la-sierra\/\"]}]},{\"@type\":\"BreadcrumbList\",\"@id\":\"https:\/\/soledaddurazo.com\/blog\/2021\/08\/17\/entrega-de-transportes-escolares-y-obras-para-municipios-de-la-sierra\/#breadcrumb\",\"itemListElement\":[{\"@type\":\"ListItem\",\"position\":1,\"name\":\"Home\",\"item\":\"https:\/\/soledaddurazo.com\/\"},{\"@type\":\"ListItem\",\"position\":2,\"name\":\"Entrega de transportes escolares y obras para municipios de la sierra\"}]},{\"@type\":\"Article\",\"@id\":\"https:\/\/soledaddurazo.com\/blog\/2021\/08\/17\/entrega-de-transportes-escolares-y-obras-para-municipios-de-la-sierra\/#article\",\"isPartOf\":{\"@id\":\"https:\/\/soledaddurazo.com\/blog\/2021\/08\/17\/entrega-de-transportes-escolares-y-obras-para-municipios-de-la-sierra\/#webpage\"},\"author\":{\"@id\":\"https:\/\/soledaddurazo.com\/#\/schema\/person\/822d8e13aa288585e6546f179853758b\"},\"headline\":\"Entrega de transportes escolares y obras para municipios de la sierra\",\"datePublished\":\"2021-08-18T06:00:13+00:00\",\"dateModified\":\"2021-08-18T06:00:13+00:00\",\"mainEntityOfPage\":{\"@id\":\"https:\/\/soledaddurazo.com\/blog\/2021\/08\/17\/entrega-de-transportes-escolares-y-obras-para-municipios-de-la-sierra\/#webpage\"},\"wordCount\":601,\"commentCount\":0,\"publisher\":{\"@id\":\"https:\/\/soledaddurazo.com\/#organization\"},\"image\":{\"@id\":\"https:\/\/soledaddurazo.com\/blog\/2021\/08\/17\/entrega-de-transportes-escolares-y-obras-para-municipios-de-la-sierra\/#primaryimage\"},\"thumbnailUrl\":\"https:\/\/soledaddurazo.com\/storage\/2021\/08\/image00006-5.jpeg\",\"articleSection\":[\"Mi Sonora\"],\"inLanguage\":\"es\",\"potentialAction\":[{\"@type\":\"CommentAction\",\"name\":\"Comment\",\"target\":[\"https:\/\/soledaddurazo.com\/blog\/2021\/08\/17\/entrega-de-transportes-escolares-y-obras-para-municipios-de-la-sierra\/#respond\"]}]},{\"@type\":\"Person\",\"@id\":\"https:\/\/soledaddurazo.com\/#\/schema\/person\/822d8e13aa288585e6546f179853758b\",\"name\":\"Redacci\\u00f3n\",\"image\":{\"@type\":\"ImageObject\",\"@id\":\"https:\/\/soledaddurazo.com\/#personlogo\",\"inLanguage\":\"es\",\"url\":\"https:\/\/secure.gravatar.com\/avatar\/c4e193752f756fd61f04deebed3a3a20dc188d37edb53682d313ac57f2725d54?s=96&d=mm&r=g\",\"contentUrl\":\"https:\/\/secure.gravatar.com\/avatar\/c4e193752f756fd61f04deebed3a3a20dc188d37edb53682d313ac57f2725d54?s=96&d=mm&r=g\",\"caption\":\"Redacci\\u00f3n\"},\"sameAs\":[\"https:\/\/soledaddurazo.com\"]}]}<\/script>\n ","yoast_head_json":{"title":"Entrega de transportes escolares y obras para municipios de la sierra - Periodista SoledadDurazo.com","robots":{"index":"index","follow":"follow","max-snippet":"max-snippet:-1","max-image-preview":"max-image-preview:large","max-video-preview":"max-video-preview:-1"},"canonical":"https:\/\/soledaddurazo.com\/blog\/2021\/08\/17\/entrega-de-transportes-escolares-y-obras-para-municipios-de-la-sierra\/","og_locale":"es_MX","og_type":"article","og_title":"Entrega de transportes escolares y obras para municipios de la sierra","og_description":"Con la entrega de camiones escolares, apoyos productivos y el edificio de Idiomas, Tutor\u00edas y Vinculaci\u00f3n de la Universidad de la Sierra, la gobernadora Claudia Pavlovich Arellano llev\u00f3 beneficios para los habitantes de Moctezuma, Cumpas, Divisaderos y Tepache. En gira de trabajo, acompa\u00f1ada del secretario de Educaci\u00f3n y Cultura, V\u00edctor Guerrero Gonz\u00e1lez, la mandataria estatal [&hellip;]","og_url":"https:\/\/soledaddurazo.com\/blog\/2021\/08\/17\/entrega-de-transportes-escolares-y-obras-para-municipios-de-la-sierra\/","og_site_name":"Periodista SoledadDurazo.com","article_publisher":"https:\/\/www.facebook.com\/soledad.durazo.9\/","article_published_time":"2021-08-18T06:00:13+00:00","og_image":[{"width":2195,"height":1464,"url":"https:\/\/soledaddurazo.com\/storage\/2021\/08\/image00006-5.jpeg","type":"image\/jpeg"}],"twitter_card":"summary_large_image","twitter_creator":"@SoledadDurazo","twitter_site":"@SoledadDurazo","twitter_misc":{"Escrito por":"Redacci\u00f3n","Tiempo de lectura":"3 minutos"},"schema":{"@context":"https:\/\/schema.org","@graph":[{"@type":"Organization","@id":"https:\/\/soledaddurazo.com\/#organization","name":"Soledad Durazo","url":"https:\/\/soledaddurazo.com\/","sameAs":["https:\/\/www.facebook.com\/soledad.durazo.9\/","https:\/\/www.instagram.com\/soledaddurazo","https:\/\/www.youtube.com\/channel\/UC9yGPw8-Vbl_B2XNkRwPS-w","https:\/\/twitter.com\/SoledadDurazo"],"logo":{"@type":"ImageObject","@id":"https:\/\/soledaddurazo.com\/#logo","inLanguage":"es","url":"https:\/\/soledaddurazo.com\/storage\/2021\/11\/nllp-720x375-1-2.png","contentUrl":"https:\/\/soledaddurazo.com\/storage\/2021\/11\/nllp-720x375-1-2.png","width":720,"height":375,"caption":"Soledad Durazo"},"image":{"@id":"https:\/\/soledaddurazo.com\/#logo"}},{"@type":"WebSite","@id":"https:\/\/soledaddurazo.com\/#website","url":"https:\/\/soledaddurazo.com\/","name":"Periodista SoledadDurazo.com","description":"Periodista sonorense. Directora de www.SoledadDurazo.com Columnista, conductora de radio y Tv. Catedr\u00e1tica en la UNISON","publisher":{"@id":"https:\/\/soledaddurazo.com\/#organization"},"potentialAction":[{"@type":"SearchAction","target":{"@type":"EntryPoint","urlTemplate":"https:\/\/soledaddurazo.com\/?s={search_term_string}"},"query-input":"required name=search_term_string"}],"inLanguage":"es"},{"@type":"ImageObject","@id":"https:\/\/soledaddurazo.com\/blog\/2021\/08\/17\/entrega-de-transportes-escolares-y-obras-para-municipios-de-la-sierra\/#primaryimage","inLanguage":"es","url":"https:\/\/soledaddurazo.com\/storage\/2021\/08\/image00006-5.jpeg","contentUrl":"https:\/\/soledaddurazo.com\/storage\/2021\/08\/image00006-5.jpeg","width":2195,"height":1464},{"@type":"WebPage","@id":"https:\/\/soledaddurazo.com\/blog\/2021\/08\/17\/entrega-de-transportes-escolares-y-obras-para-municipios-de-la-sierra\/#webpage","url":"https:\/\/soledaddurazo.com\/blog\/2021\/08\/17\/entrega-de-transportes-escolares-y-obras-para-municipios-de-la-sierra\/","name":"Entrega de transportes escolares y obras para municipios de la sierra - Periodista SoledadDurazo.com","isPartOf":{"@id":"https:\/\/soledaddurazo.com\/#website"},"primaryImageOfPage":{"@id":"https:\/\/soledaddurazo.com\/blog\/2021\/08\/17\/entrega-de-transportes-escolares-y-obras-para-municipios-de-la-sierra\/#primaryimage"},"datePublished":"2021-08-18T06:00:13+00:00","dateModified":"2021-08-18T06:00:13+00:00","breadcrumb":{"@id":"https:\/\/soledaddurazo.com\/blog\/2021\/08\/17\/entrega-de-transportes-escolares-y-obras-para-municipios-de-la-sierra\/#breadcrumb"},"inLanguage":"es","potentialAction":[{"@type":"ReadAction","target":["https:\/\/soledaddurazo.com\/blog\/2021\/08\/17\/entrega-de-transportes-escolares-y-obras-para-municipios-de-la-sierra\/"]}]},{"@type":"BreadcrumbList","@id":"https:\/\/soledaddurazo.com\/blog\/2021\/08\/17\/entrega-de-transportes-escolares-y-obras-para-municipios-de-la-sierra\/#breadcrumb","itemListElement":[{"@type":"ListItem","position":1,"name":"Home","item":"https:\/\/soledaddurazo.com\/"},{"@type":"ListItem","position":2,"name":"Entrega de transportes escolares y obras para municipios de la sierra"}]},{"@type":"Article","@id":"https:\/\/soledaddurazo.com\/blog\/2021\/08\/17\/entrega-de-transportes-escolares-y-obras-para-municipios-de-la-sierra\/#article","isPartOf":{"@id":"https:\/\/soledaddurazo.com\/blog\/2021\/08\/17\/entrega-de-transportes-escolares-y-obras-para-municipios-de-la-sierra\/#webpage"},"author":{"@id":"https:\/\/soledaddurazo.com\/#\/schema\/person\/822d8e13aa288585e6546f179853758b"},"headline":"Entrega de transportes escolares y obras para municipios de la sierra","datePublished":"2021-08-18T06:00:13+00:00","dateModified":"2021-08-18T06:00:13+00:00","mainEntityOfPage":{"@id":"https:\/\/soledaddurazo.com\/blog\/2021\/08\/17\/entrega-de-transportes-escolares-y-obras-para-municipios-de-la-sierra\/#webpage"},"wordCount":601,"commentCount":0,"publisher":{"@id":"https:\/\/soledaddurazo.com\/#organization"},"image":{"@id":"https:\/\/soledaddurazo.com\/blog\/2021\/08\/17\/entrega-de-transportes-escolares-y-obras-para-municipios-de-la-sierra\/#primaryimage"},"thumbnailUrl":"https:\/\/soledaddurazo.com\/storage\/2021\/08\/image00006-5.jpeg","articleSection":["Mi Sonora"],"inLanguage":"es","potentialAction":[{"@type":"CommentAction","name":"Comment","target":["https:\/\/soledaddurazo.com\/blog\/2021\/08\/17\/entrega-de-transportes-escolares-y-obras-para-municipios-de-la-sierra\/#respond"]}]},{"@type":"Person","@id":"https:\/\/soledaddurazo.com\/#\/schema\/person\/822d8e13aa288585e6546f179853758b","name":"Redacci\u00f3n","image":{"@type":"ImageObject","@id":"https:\/\/soledaddurazo.com\/#personlogo","inLanguage":"es","url":"https:\/\/secure.gravatar.com\/avatar\/c4e193752f756fd61f04deebed3a3a20dc188d37edb53682d313ac57f2725d54?s=96&d=mm&r=g","contentUrl":"https:\/\/secure.gravatar.com\/avatar\/c4e193752f756fd61f04deebed3a3a20dc188d37edb53682d313ac57f2725d54?s=96&d=mm&r=g","caption":"Redacci\u00f3n"},"sameAs":["https:\/\/soledaddurazo.com"]}]}},"_links":{"self":[{"href":"https:\/\/soledaddurazo.com\/api\/wp\/v2\/posts\/10214","targetHints":{"allow":["GET"]}}],"collection":[{"href":"https:\/\/soledaddurazo.com\/api\/wp\/v2\/posts"}],"about":[{"href":"https:\/\/soledaddurazo.com\/api\/wp\/v2\/types\/post"}],"author":[{"embeddable":true,"href":"https:\/\/soledaddurazo.com\/api\/wp\/v2\/users\/1"}],"replies":[{"embeddable":true,"href":"https:\/\/soledaddurazo.com\/api\/wp\/v2\/comments?post=10214"}],"version-history":[{"count":1,"href":"https:\/\/soledaddurazo.com\/api\/wp\/v2\/posts\/10214\/revisions"}],"predecessor-version":[{"id":10216,"href":"https:\/\/soledaddurazo.com\/api\/wp\/v2\/posts\/10214\/revisions\/10216"}],"wp:featuredmedia":[{"embeddable":true,"href":"https:\/\/soledaddurazo.com\/api\/wp\/v2\/media\/10215"}],"wp:attachment":[{"href":"https:\/\/soledaddurazo.com\/api\/wp\/v2\/media?parent=10214"}],"wp:term":[{"taxonomy":"category","embeddable":true,"href":"https:\/\/soledaddurazo.com\/api\/wp\/v2\/categories?post=10214"},{"taxonomy":"post_tag","embeddable":true,"href":"https:\/\/soledaddurazo.com\/api\/wp\/v2\/tags?post=10214"}],"curies":[{"name":"wp","href":"https:\/\/api.w.org\/{rel}","templated":true}]}}