{"id":10194,"date":"2021-08-17T01:56:29","date_gmt":"2021-08-17T08:56:29","guid":{"rendered":"https:\/\/soledaddurazo.com\/?p=10194"},"modified":"2021-08-17T01:56:29","modified_gmt":"2021-08-17T08:56:29","slug":"personas-con-diabetes-y-otras-comorbilidades-tienen-mas-riesgos-al-contagiarse-de-covid","status":"publish","type":"post","link":"https:\/\/soledaddurazo.com\/blog\/2021\/08\/17\/personas-con-diabetes-y-otras-comorbilidades-tienen-mas-riesgos-al-contagiarse-de-covid\/","title":{"rendered":"Personas con diabetes y otras comorbilidades tienen m\u00e1s riesgos al contagiarse de Covid"},"content":{"rendered":"<p>Personas con diabetes y otras comorbilidades como la hipertensi\u00f3n arterial, que no cuentan con un control adecuado de la enfermedad, son m\u00e1s susceptibles de desarrollar la forma grave del COVID-19 e incluso de fallecer, inform\u00f3 Enrique Clausen Iberri.<\/p>\n<p>El secretario de Salud en Sonora explic\u00f3 que seg\u00fan datos de la Organizaci\u00f3n Mundial de la Salud (OMS), la diabetes mal controlada aumenta la gravedad de COVID-19, el riesgo de hospitalizaci\u00f3n, la necesidad de soporte ventilatorio mec\u00e1nico y se asocia con una mayor morbilidad y mortalidad.<\/p>\n<p>Mencion\u00f3 que evidencia reciente ha demostrado que el SARS-CoV-2 tambi\u00e9n es capaz de producir un da\u00f1o directo al p\u00e1ncreas, que podr\u00eda empeorar e incluso inducir la aparici\u00f3n de diabetes en sujetos previamente no diab\u00e9ticos.<\/p>\n<p>\u201cEs muy importante que las personas con este tipo de enfermedades lleven un control adecuado de las mismas, para que, en caso de contagiarse de coronavirus, tengan m\u00e1s posibilidades de salir adelante\u201d, resalt\u00f3.<\/p>\n<p>Jos\u00e9 Gabriel Salvador Higuera, internista del Hospital General del Estado (HGE), explic\u00f3 que la pandemia de COVID-19 tambi\u00e9n ha resultado en un control deficiente de la diabetes, progresi\u00f3n de la prediabetes a diabetes, aumento en el n\u00famero de diabetes de nueva aparici\u00f3n y aumento de la diabetes inducida por corticosteroides (medicamento).<\/p>\n<p>Comparti\u00f3 que en pacientes diab\u00e9ticos y con infecci\u00f3n por SARS-CoV2, la glucosa en sangre puede aumentar durante la enfermedad aguda y tener un mayor riesgo de presentar complicaciones, los cuales requieren cuidados en hospital, esto debido al aumento en la resistencia a la insulina y disminuci\u00f3n de secreci\u00f3n de insulina por el p\u00e1ncreas.<\/p>\n<p>As\u00ed mismo destac\u00f3, que en el s\u00edndrome PostCovid-19 y diabetes mellitus existe un mayor riesgo de exacerbar las complicaciones microvasculares (nefropat\u00eda diab\u00e9tica, neuropat\u00eda diab\u00e9tica).<\/p>\n<p>Pacientes con hipertensi\u00f3n arterial sist\u00e9mica incrementa significativamente el riesgo de muerte por COVID-19, teniendo un riesgo 3 veces mayor de fallecer por la infecci\u00f3n por SARS-CoV2, se\u00f1al\u00f3.<\/p>\n<p>El m\u00e9dico record\u00f3 que la OMS recomienda que los medicamentos antihipertensivos no se suspendan de manera rutinaria en pacientes con COVID-19, pero es posible que sea necesario ajustarlos seg\u00fan la condici\u00f3n cl\u00ednica del paciente.<\/p>\n<p>Reiter\u00f3 el llamado a acudir a revisi\u00f3n en caso de presentar s\u00edntomas propios del virus, como: dolor de garganta, fiebre, p\u00e9rdida del gusto u olfato, diarrea, dolor de cabeza o malestar general, entre otros, para recibir atenci\u00f3n m\u00e9dica oportuna y evitar complicaciones.<\/p>\n","protected":false},"excerpt":{"rendered":"<p>Personas con diabetes y otras comorbilidades como la hipertensi\u00f3n arterial, que no cuentan con un control adecuado de la enfermedad, son m\u00e1s susceptibles de desarrollar la forma grave del COVID-19 e incluso de fallecer, inform\u00f3 Enrique Clausen Iberri. El secretario de Salud en Sonora explic\u00f3 que seg\u00fan datos de la Organizaci\u00f3n Mundial de la Salud [&hellip;]<\/p>\n","protected":false},"author":1,"featured_media":10195,"comment_status":"open","ping_status":"open","sticky":false,"template":"","format":"standard","meta":{"footnotes":""},"categories":[159],"tags":[],"class_list":["post"],"yoast_head":" \n<title>Personas con diabetes y otras comorbilidades tienen m\u00e1s riesgos al contagiarse de Covid - Periodista SoledadDurazo.com<\/title>\n<meta name=\"robots\" content=\"index, follow, max-snippet:-1, max-image-preview:large, max-video-preview:-1\" \/>\n<link rel=\"canonical\" href=\"https:\/\/soledaddurazo.com\/blog\/2021\/08\/17\/personas-con-diabetes-y-otras-comorbilidades-tienen-mas-riesgos-al-contagiarse-de-covid\/\" \/>\n<meta property=\"og:locale\" content=\"es_MX\" \/>\n<meta property=\"og:type\" content=\"article\" \/>\n<meta property=\"og:title\" content=\"Personas con diabetes y otras comorbilidades tienen m\u00e1s riesgos al contagiarse de Covid\" \/>\n<meta property=\"og:description\" content=\"Personas con diabetes y otras comorbilidades como la hipertensi\u00f3n arterial, que no cuentan con un control adecuado de la enfermedad, son m\u00e1s susceptibles de desarrollar la forma grave del COVID-19 e incluso de fallecer, inform\u00f3 Enrique Clausen Iberri. El secretario de Salud en Sonora explic\u00f3 que seg\u00fan datos de la Organizaci\u00f3n Mundial de la Salud [&hellip;]\" \/>\n<meta property=\"og:url\" content=\"https:\/\/soledaddurazo.com\/blog\/2021\/08\/17\/personas-con-diabetes-y-otras-comorbilidades-tienen-mas-riesgos-al-contagiarse-de-covid\/\" \/>\n<meta property=\"og:site_name\" content=\"Periodista SoledadDurazo.com\" \/>\n<meta property=\"article:publisher\" content=\"https:\/\/www.facebook.com\/soledad.durazo.9\/\" \/>\n<meta property=\"article:published_time\" content=\"2021-08-17T08:56:29+00:00\" \/>\n<meta property=\"og:image\" content=\"https:\/\/soledaddurazo.com\/storage\/2021\/08\/WhatsApp-Image-2021-08-16-at-13.39.51.jpeg\" \/>\n\t<meta property=\"og:image:width\" content=\"1280\" \/>\n\t<meta property=\"og:image:height\" content=\"718\" \/>\n<meta name=\"twitter:card\" content=\"summary_large_image\" \/>\n<meta name=\"twitter:creator\" content=\"@SoledadDurazo\" \/>\n<meta name=\"twitter:site\" content=\"@SoledadDurazo\" \/>\n<meta name=\"twitter:label1\" content=\"Escrito por\" \/>\n\t<meta name=\"twitter:data1\" content=\"Redacci\u00f3n\" \/>\n\t<meta name=\"twitter:label2\" content=\"Tiempo de lectura\" \/>\n\t<meta name=\"twitter:data2\" content=\"2 minutos\" \/>\n<script type=\"application\/ld+json\" class=\"yoast-schema-graph\">{\"@context\":\"https:\/\/schema.org\",\"@graph\":[{\"@type\":\"Organization\",\"@id\":\"https:\/\/soledaddurazo.com\/#organization\",\"name\":\"Soledad Durazo\",\"url\":\"https:\/\/soledaddurazo.com\/\",\"sameAs\":[\"https:\/\/www.facebook.com\/soledad.durazo.9\/\",\"https:\/\/www.instagram.com\/soledaddurazo\",\"https:\/\/www.youtube.com\/channel\/UC9yGPw8-Vbl_B2XNkRwPS-w\",\"https:\/\/twitter.com\/SoledadDurazo\"],\"logo\":{\"@type\":\"ImageObject\",\"@id\":\"https:\/\/soledaddurazo.com\/#logo\",\"inLanguage\":\"es\",\"url\":\"https:\/\/soledaddurazo.com\/storage\/2021\/11\/nllp-720x375-1-2.png\",\"contentUrl\":\"https:\/\/soledaddurazo.com\/storage\/2021\/11\/nllp-720x375-1-2.png\",\"width\":720,\"height\":375,\"caption\":\"Soledad Durazo\"},\"image\":{\"@id\":\"https:\/\/soledaddurazo.com\/#logo\"}},{\"@type\":\"WebSite\",\"@id\":\"https:\/\/soledaddurazo.com\/#website\",\"url\":\"https:\/\/soledaddurazo.com\/\",\"name\":\"Periodista SoledadDurazo.com\",\"description\":\"Periodista sonorense. Directora de www.SoledadDurazo.com Columnista, conductora de radio y Tv. Catedr\\u00e1tica en la UNISON\",\"publisher\":{\"@id\":\"https:\/\/soledaddurazo.com\/#organization\"},\"potentialAction\":[{\"@type\":\"SearchAction\",\"target\":{\"@type\":\"EntryPoint\",\"urlTemplate\":\"https:\/\/soledaddurazo.com\/?s={search_term_string}\"},\"query-input\":\"required name=search_term_string\"}],\"inLanguage\":\"es\"},{\"@type\":\"ImageObject\",\"@id\":\"https:\/\/soledaddurazo.com\/blog\/2021\/08\/17\/personas-con-diabetes-y-otras-comorbilidades-tienen-mas-riesgos-al-contagiarse-de-covid\/#primaryimage\",\"inLanguage\":\"es\",\"url\":\"https:\/\/soledaddurazo.com\/storage\/2021\/08\/WhatsApp-Image-2021-08-16-at-13.39.51.jpeg\",\"contentUrl\":\"https:\/\/soledaddurazo.com\/storage\/2021\/08\/WhatsApp-Image-2021-08-16-at-13.39.51.jpeg\",\"width\":1280,\"height\":718},{\"@type\":\"WebPage\",\"@id\":\"https:\/\/soledaddurazo.com\/blog\/2021\/08\/17\/personas-con-diabetes-y-otras-comorbilidades-tienen-mas-riesgos-al-contagiarse-de-covid\/#webpage\",\"url\":\"https:\/\/soledaddurazo.com\/blog\/2021\/08\/17\/personas-con-diabetes-y-otras-comorbilidades-tienen-mas-riesgos-al-contagiarse-de-covid\/\",\"name\":\"Personas con diabetes y otras comorbilidades tienen m\\u00e1s riesgos al contagiarse de Covid - Periodista SoledadDurazo.com\",\"isPartOf\":{\"@id\":\"https:\/\/soledaddurazo.com\/#website\"},\"primaryImageOfPage\":{\"@id\":\"https:\/\/soledaddurazo.com\/blog\/2021\/08\/17\/personas-con-diabetes-y-otras-comorbilidades-tienen-mas-riesgos-al-contagiarse-de-covid\/#primaryimage\"},\"datePublished\":\"2021-08-17T08:56:29+00:00\",\"dateModified\":\"2021-08-17T08:56:29+00:00\",\"breadcrumb\":{\"@id\":\"https:\/\/soledaddurazo.com\/blog\/2021\/08\/17\/personas-con-diabetes-y-otras-comorbilidades-tienen-mas-riesgos-al-contagiarse-de-covid\/#breadcrumb\"},\"inLanguage\":\"es\",\"potentialAction\":[{\"@type\":\"ReadAction\",\"target\":[\"https:\/\/soledaddurazo.com\/blog\/2021\/08\/17\/personas-con-diabetes-y-otras-comorbilidades-tienen-mas-riesgos-al-contagiarse-de-covid\/\"]}]},{\"@type\":\"BreadcrumbList\",\"@id\":\"https:\/\/soledaddurazo.com\/blog\/2021\/08\/17\/personas-con-diabetes-y-otras-comorbilidades-tienen-mas-riesgos-al-contagiarse-de-covid\/#breadcrumb\",\"itemListElement\":[{\"@type\":\"ListItem\",\"position\":1,\"name\":\"Home\",\"item\":\"https:\/\/soledaddurazo.com\/\"},{\"@type\":\"ListItem\",\"position\":2,\"name\":\"Personas con diabetes y otras comorbilidades tienen m\\u00e1s riesgos al contagiarse de Covid\"}]},{\"@type\":\"Article\",\"@id\":\"https:\/\/soledaddurazo.com\/blog\/2021\/08\/17\/personas-con-diabetes-y-otras-comorbilidades-tienen-mas-riesgos-al-contagiarse-de-covid\/#article\",\"isPartOf\":{\"@id\":\"https:\/\/soledaddurazo.com\/blog\/2021\/08\/17\/personas-con-diabetes-y-otras-comorbilidades-tienen-mas-riesgos-al-contagiarse-de-covid\/#webpage\"},\"author\":{\"@id\":\"https:\/\/soledaddurazo.com\/#\/schema\/person\/822d8e13aa288585e6546f179853758b\"},\"headline\":\"Personas con diabetes y otras comorbilidades tienen m\\u00e1s riesgos al contagiarse de Covid\",\"datePublished\":\"2021-08-17T08:56:29+00:00\",\"dateModified\":\"2021-08-17T08:56:29+00:00\",\"mainEntityOfPage\":{\"@id\":\"https:\/\/soledaddurazo.com\/blog\/2021\/08\/17\/personas-con-diabetes-y-otras-comorbilidades-tienen-mas-riesgos-al-contagiarse-de-covid\/#webpage\"},\"wordCount\":435,\"commentCount\":0,\"publisher\":{\"@id\":\"https:\/\/soledaddurazo.com\/#organization\"},\"image\":{\"@id\":\"https:\/\/soledaddurazo.com\/blog\/2021\/08\/17\/personas-con-diabetes-y-otras-comorbilidades-tienen-mas-riesgos-al-contagiarse-de-covid\/#primaryimage\"},\"thumbnailUrl\":\"https:\/\/soledaddurazo.com\/storage\/2021\/08\/WhatsApp-Image-2021-08-16-at-13.39.51.jpeg\",\"articleSection\":[\"Mi Sonora\"],\"inLanguage\":\"es\",\"potentialAction\":[{\"@type\":\"CommentAction\",\"name\":\"Comment\",\"target\":[\"https:\/\/soledaddurazo.com\/blog\/2021\/08\/17\/personas-con-diabetes-y-otras-comorbilidades-tienen-mas-riesgos-al-contagiarse-de-covid\/#respond\"]}]},{\"@type\":\"Person\",\"@id\":\"https:\/\/soledaddurazo.com\/#\/schema\/person\/822d8e13aa288585e6546f179853758b\",\"name\":\"Redacci\\u00f3n\",\"image\":{\"@type\":\"ImageObject\",\"@id\":\"https:\/\/soledaddurazo.com\/#personlogo\",\"inLanguage\":\"es\",\"url\":\"https:\/\/secure.gravatar.com\/avatar\/c4e193752f756fd61f04deebed3a3a20dc188d37edb53682d313ac57f2725d54?s=96&d=mm&r=g\",\"contentUrl\":\"https:\/\/secure.gravatar.com\/avatar\/c4e193752f756fd61f04deebed3a3a20dc188d37edb53682d313ac57f2725d54?s=96&d=mm&r=g\",\"caption\":\"Redacci\\u00f3n\"},\"sameAs\":[\"https:\/\/soledaddurazo.com\"]}]}<\/script>\n ","yoast_head_json":{"title":"Personas con diabetes y otras comorbilidades tienen m\u00e1s riesgos al contagiarse de Covid - Periodista SoledadDurazo.com","robots":{"index":"index","follow":"follow","max-snippet":"max-snippet:-1","max-image-preview":"max-image-preview:large","max-video-preview":"max-video-preview:-1"},"canonical":"https:\/\/soledaddurazo.com\/blog\/2021\/08\/17\/personas-con-diabetes-y-otras-comorbilidades-tienen-mas-riesgos-al-contagiarse-de-covid\/","og_locale":"es_MX","og_type":"article","og_title":"Personas con diabetes y otras comorbilidades tienen m\u00e1s riesgos al contagiarse de Covid","og_description":"Personas con diabetes y otras comorbilidades como la hipertensi\u00f3n arterial, que no cuentan con un control adecuado de la enfermedad, son m\u00e1s susceptibles de desarrollar la forma grave del COVID-19 e incluso de fallecer, inform\u00f3 Enrique Clausen Iberri. El secretario de Salud en Sonora explic\u00f3 que seg\u00fan datos de la Organizaci\u00f3n Mundial de la Salud [&hellip;]","og_url":"https:\/\/soledaddurazo.com\/blog\/2021\/08\/17\/personas-con-diabetes-y-otras-comorbilidades-tienen-mas-riesgos-al-contagiarse-de-covid\/","og_site_name":"Periodista SoledadDurazo.com","article_publisher":"https:\/\/www.facebook.com\/soledad.durazo.9\/","article_published_time":"2021-08-17T08:56:29+00:00","og_image":[{"width":1280,"height":718,"url":"https:\/\/soledaddurazo.com\/storage\/2021\/08\/WhatsApp-Image-2021-08-16-at-13.39.51.jpeg","type":"image\/jpeg"}],"twitter_card":"summary_large_image","twitter_creator":"@SoledadDurazo","twitter_site":"@SoledadDurazo","twitter_misc":{"Escrito por":"Redacci\u00f3n","Tiempo de lectura":"2 minutos"},"schema":{"@context":"https:\/\/schema.org","@graph":[{"@type":"Organization","@id":"https:\/\/soledaddurazo.com\/#organization","name":"Soledad Durazo","url":"https:\/\/soledaddurazo.com\/","sameAs":["https:\/\/www.facebook.com\/soledad.durazo.9\/","https:\/\/www.instagram.com\/soledaddurazo","https:\/\/www.youtube.com\/channel\/UC9yGPw8-Vbl_B2XNkRwPS-w","https:\/\/twitter.com\/SoledadDurazo"],"logo":{"@type":"ImageObject","@id":"https:\/\/soledaddurazo.com\/#logo","inLanguage":"es","url":"https:\/\/soledaddurazo.com\/storage\/2021\/11\/nllp-720x375-1-2.png","contentUrl":"https:\/\/soledaddurazo.com\/storage\/2021\/11\/nllp-720x375-1-2.png","width":720,"height":375,"caption":"Soledad Durazo"},"image":{"@id":"https:\/\/soledaddurazo.com\/#logo"}},{"@type":"WebSite","@id":"https:\/\/soledaddurazo.com\/#website","url":"https:\/\/soledaddurazo.com\/","name":"Periodista SoledadDurazo.com","description":"Periodista sonorense. Directora de www.SoledadDurazo.com Columnista, conductora de radio y Tv. Catedr\u00e1tica en la UNISON","publisher":{"@id":"https:\/\/soledaddurazo.com\/#organization"},"potentialAction":[{"@type":"SearchAction","target":{"@type":"EntryPoint","urlTemplate":"https:\/\/soledaddurazo.com\/?s={search_term_string}"},"query-input":"required name=search_term_string"}],"inLanguage":"es"},{"@type":"ImageObject","@id":"https:\/\/soledaddurazo.com\/blog\/2021\/08\/17\/personas-con-diabetes-y-otras-comorbilidades-tienen-mas-riesgos-al-contagiarse-de-covid\/#primaryimage","inLanguage":"es","url":"https:\/\/soledaddurazo.com\/storage\/2021\/08\/WhatsApp-Image-2021-08-16-at-13.39.51.jpeg","contentUrl":"https:\/\/soledaddurazo.com\/storage\/2021\/08\/WhatsApp-Image-2021-08-16-at-13.39.51.jpeg","width":1280,"height":718},{"@type":"WebPage","@id":"https:\/\/soledaddurazo.com\/blog\/2021\/08\/17\/personas-con-diabetes-y-otras-comorbilidades-tienen-mas-riesgos-al-contagiarse-de-covid\/#webpage","url":"https:\/\/soledaddurazo.com\/blog\/2021\/08\/17\/personas-con-diabetes-y-otras-comorbilidades-tienen-mas-riesgos-al-contagiarse-de-covid\/","name":"Personas con diabetes y otras comorbilidades tienen m\u00e1s riesgos al contagiarse de Covid - Periodista SoledadDurazo.com","isPartOf":{"@id":"https:\/\/soledaddurazo.com\/#website"},"primaryImageOfPage":{"@id":"https:\/\/soledaddurazo.com\/blog\/2021\/08\/17\/personas-con-diabetes-y-otras-comorbilidades-tienen-mas-riesgos-al-contagiarse-de-covid\/#primaryimage"},"datePublished":"2021-08-17T08:56:29+00:00","dateModified":"2021-08-17T08:56:29+00:00","breadcrumb":{"@id":"https:\/\/soledaddurazo.com\/blog\/2021\/08\/17\/personas-con-diabetes-y-otras-comorbilidades-tienen-mas-riesgos-al-contagiarse-de-covid\/#breadcrumb"},"inLanguage":"es","potentialAction":[{"@type":"ReadAction","target":["https:\/\/soledaddurazo.com\/blog\/2021\/08\/17\/personas-con-diabetes-y-otras-comorbilidades-tienen-mas-riesgos-al-contagiarse-de-covid\/"]}]},{"@type":"BreadcrumbList","@id":"https:\/\/soledaddurazo.com\/blog\/2021\/08\/17\/personas-con-diabetes-y-otras-comorbilidades-tienen-mas-riesgos-al-contagiarse-de-covid\/#breadcrumb","itemListElement":[{"@type":"ListItem","position":1,"name":"Home","item":"https:\/\/soledaddurazo.com\/"},{"@type":"ListItem","position":2,"name":"Personas con diabetes y otras comorbilidades tienen m\u00e1s riesgos al contagiarse de Covid"}]},{"@type":"Article","@id":"https:\/\/soledaddurazo.com\/blog\/2021\/08\/17\/personas-con-diabetes-y-otras-comorbilidades-tienen-mas-riesgos-al-contagiarse-de-covid\/#article","isPartOf":{"@id":"https:\/\/soledaddurazo.com\/blog\/2021\/08\/17\/personas-con-diabetes-y-otras-comorbilidades-tienen-mas-riesgos-al-contagiarse-de-covid\/#webpage"},"author":{"@id":"https:\/\/soledaddurazo.com\/#\/schema\/person\/822d8e13aa288585e6546f179853758b"},"headline":"Personas con diabetes y otras comorbilidades tienen m\u00e1s riesgos al contagiarse de Covid","datePublished":"2021-08-17T08:56:29+00:00","dateModified":"2021-08-17T08:56:29+00:00","mainEntityOfPage":{"@id":"https:\/\/soledaddurazo.com\/blog\/2021\/08\/17\/personas-con-diabetes-y-otras-comorbilidades-tienen-mas-riesgos-al-contagiarse-de-covid\/#webpage"},"wordCount":435,"commentCount":0,"publisher":{"@id":"https:\/\/soledaddurazo.com\/#organization"},"image":{"@id":"https:\/\/soledaddurazo.com\/blog\/2021\/08\/17\/personas-con-diabetes-y-otras-comorbilidades-tienen-mas-riesgos-al-contagiarse-de-covid\/#primaryimage"},"thumbnailUrl":"https:\/\/soledaddurazo.com\/storage\/2021\/08\/WhatsApp-Image-2021-08-16-at-13.39.51.jpeg","articleSection":["Mi Sonora"],"inLanguage":"es","potentialAction":[{"@type":"CommentAction","name":"Comment","target":["https:\/\/soledaddurazo.com\/blog\/2021\/08\/17\/personas-con-diabetes-y-otras-comorbilidades-tienen-mas-riesgos-al-contagiarse-de-covid\/#respond"]}]},{"@type":"Person","@id":"https:\/\/soledaddurazo.com\/#\/schema\/person\/822d8e13aa288585e6546f179853758b","name":"Redacci\u00f3n","image":{"@type":"ImageObject","@id":"https:\/\/soledaddurazo.com\/#personlogo","inLanguage":"es","url":"https:\/\/secure.gravatar.com\/avatar\/c4e193752f756fd61f04deebed3a3a20dc188d37edb53682d313ac57f2725d54?s=96&d=mm&r=g","contentUrl":"https:\/\/secure.gravatar.com\/avatar\/c4e193752f756fd61f04deebed3a3a20dc188d37edb53682d313ac57f2725d54?s=96&d=mm&r=g","caption":"Redacci\u00f3n"},"sameAs":["https:\/\/soledaddurazo.com"]}]}},"_links":{"self":[{"href":"https:\/\/soledaddurazo.com\/api\/wp\/v2\/posts\/10194","targetHints":{"allow":["GET"]}}],"collection":[{"href":"https:\/\/soledaddurazo.com\/api\/wp\/v2\/posts"}],"about":[{"href":"https:\/\/soledaddurazo.com\/api\/wp\/v2\/types\/post"}],"author":[{"embeddable":true,"href":"https:\/\/soledaddurazo.com\/api\/wp\/v2\/users\/1"}],"replies":[{"embeddable":true,"href":"https:\/\/soledaddurazo.com\/api\/wp\/v2\/comments?post=10194"}],"version-history":[{"count":1,"href":"https:\/\/soledaddurazo.com\/api\/wp\/v2\/posts\/10194\/revisions"}],"predecessor-version":[{"id":10196,"href":"https:\/\/soledaddurazo.com\/api\/wp\/v2\/posts\/10194\/revisions\/10196"}],"wp:featuredmedia":[{"embeddable":true,"href":"https:\/\/soledaddurazo.com\/api\/wp\/v2\/media\/10195"}],"wp:attachment":[{"href":"https:\/\/soledaddurazo.com\/api\/wp\/v2\/media?parent=10194"}],"wp:term":[{"taxonomy":"category","embeddable":true,"href":"https:\/\/soledaddurazo.com\/api\/wp\/v2\/categories?post=10194"},{"taxonomy":"post_tag","embeddable":true,"href":"https:\/\/soledaddurazo.com\/api\/wp\/v2\/tags?post=10194"}],"curies":[{"name":"wp","href":"https:\/\/api.w.org\/{rel}","templated":true}]}}