{"id":10161,"date":"2021-08-16T00:26:58","date_gmt":"2021-08-16T07:26:58","guid":{"rendered":"https:\/\/soledaddurazo.com\/?p=10161"},"modified":"2021-08-16T00:26:58","modified_gmt":"2021-08-16T07:26:58","slug":"iniciara-operaciones-en-sonora-stanley-black-decker-en-diciembre-de-este-ano","status":"publish","type":"post","link":"https:\/\/soledaddurazo.com\/blog\/2021\/08\/16\/iniciara-operaciones-en-sonora-stanley-black-decker-en-diciembre-de-este-ano\/","title":{"rendered":"Iniciar\u00e1 operaciones en Sonora Stanley Black &#038; Decker en diciembre de este a\u00f1o"},"content":{"rendered":"<p>Que Stanley Black &amp; Decker haya decidido instalarse en Hermosillo, con una inversi\u00f3n de mil 60 millones de pesos, reitera la confianza que hay en Sonora, en su mano de obra y en la estabilidad laboral en el estado, expres\u00f3 la gobernadora Claudia Pavlovich Arellano, al recorrer el avance de obra de esta empresa internacional que iniciar\u00e1 operaciones en diciembre de este a\u00f1o.<\/p>\n<p>Acompa\u00f1ada de Jorge Vidal Ahumada, secretario de Econom\u00eda; El\u00edas Barrios, Global Operatios VP, Special Projects Mexico and Outdoor Products; Chris Beam, Global Productivity Manager PPT at Stanley Black &amp; Decker, Inc. y Enrique Ruiz S\u00e1nchez, director general de ProSonora, la mandataria estatal destac\u00f3 que esta empresa beneficiar\u00e1 a cientos de familias al emplear mil 800 sonorenses.<\/p>\n<p>\u201cYo les agradezco a ustedes que hayan cre\u00eddo en Sonora y que en estos momentos est\u00e9n haciendo estas grandes inversiones; crear mil 800 empleos para mi ciudad, para mi estado, es una cantidad muy importante\u201d, expres\u00f3.<\/p>\n<p>Asimismo, manifest\u00f3 que el que durante su sexenio se hayan invertido 9 mil millones de d\u00f3lares, a pesar de la pandemia que ha afectado a todo el mundo, sin duda alguna, demuestra que hay confianza en invertir en Sonora.<\/p>\n<p>\u201cUn gran honor ha sido trabajar junto a todos, junto a la sociedad, junto a los empresarios, que vienen desde otros lados a invertir sus recursos, su dinero, y que creen en Sonora, creen porque hay estabilidad laboral, porque hay una fuerza laboral importante, porque nuestra gente est\u00e1 capacitada, porque es un buen lugar para vivir Sonora, un buen lugar para vivir Hermosillo y que Stanley Black &amp; Decker se establezca en Hermosillo es una gran noticia\u201d, asegur\u00f3.<\/p>\n<p>El\u00edas Barrios, Global Operatios VP, Special Projects Mexico and Outdoor Products, detall\u00f3 que han recibido un gran apoyo por parte del Gobierno del Estado por lo que esperan concluir muy pronto con la construcci\u00f3n para que Stanley Black &amp; Decker empiece su operaci\u00f3n y se empleen a mil 800 sonorenses.<\/p>\n<p>\u201cMuy contento con todo el apoyo que nos han brindado el equipo de la regi\u00f3n, el equipo del gobierno, y con una gran esperanza de completar el objetivo de este proyecto y que pronto sea una fuente de generaci\u00f3n de empleos permanentes en la regi\u00f3n\u201d, coment\u00f3.<\/p>\n<p>El secretario de Econom\u00eda, Jorge Vidal Ahumada, explic\u00f3 que a nivel mundial hay 106 empresas de Black &amp; Decker y con la construcci\u00f3n de una m\u00e1s en Hermosillo posicionar\u00e1 a Sonora a nivel mundial y esto es el inicio de lo que significar\u00e1 la llegada de esta empresa a la entidad.<\/p>\n<p>Asimismo, inform\u00f3 que con esta empresa se llega a 203 proyectos establecidos en la entidad durante la administraci\u00f3n de la gobernadora Claudia Pavlovich Arellano, lo que ha generado una inversi\u00f3n de 9 mil millones de d\u00f3lares.<\/p>\n<p>Presentes: Oswaldo Ibarra, Project Manager Hermosillo Plan; y Javier Villareal, secretario general de la CTM Sonora.<\/p>\n","protected":false},"excerpt":{"rendered":"<p>Que Stanley Black &amp; Decker haya decidido instalarse en Hermosillo, con una inversi\u00f3n de mil 60 millones de pesos, reitera la confianza que hay en Sonora, en su mano de obra y en la estabilidad laboral en el estado, expres\u00f3 la gobernadora Claudia Pavlovich Arellano, al recorrer el avance de obra de esta empresa internacional [&hellip;]<\/p>\n","protected":false},"author":1,"featured_media":10162,"comment_status":"open","ping_status":"open","sticky":false,"template":"","format":"standard","meta":{"footnotes":""},"categories":[159],"tags":[],"class_list":["post"],"yoast_head":" \n<title>Iniciar\u00e1 operaciones en Sonora Stanley Black &amp; Decker en diciembre de este a\u00f1o - Periodista SoledadDurazo.com<\/title>\n<meta name=\"robots\" content=\"index, follow, max-snippet:-1, max-image-preview:large, max-video-preview:-1\" \/>\n<link rel=\"canonical\" href=\"https:\/\/soledaddurazo.com\/blog\/2021\/08\/16\/iniciara-operaciones-en-sonora-stanley-black-decker-en-diciembre-de-este-ano\/\" \/>\n<meta property=\"og:locale\" content=\"es_MX\" \/>\n<meta property=\"og:type\" content=\"article\" \/>\n<meta property=\"og:title\" content=\"Iniciar\u00e1 operaciones en Sonora Stanley Black &amp; Decker en diciembre de este a\u00f1o\" \/>\n<meta property=\"og:description\" content=\"Que Stanley Black &amp; Decker haya decidido instalarse en Hermosillo, con una inversi\u00f3n de mil 60 millones de pesos, reitera la confianza que hay en Sonora, en su mano de obra y en la estabilidad laboral en el estado, expres\u00f3 la gobernadora Claudia Pavlovich Arellano, al recorrer el avance de obra de esta empresa internacional [&hellip;]\" \/>\n<meta property=\"og:url\" content=\"https:\/\/soledaddurazo.com\/blog\/2021\/08\/16\/iniciara-operaciones-en-sonora-stanley-black-decker-en-diciembre-de-este-ano\/\" \/>\n<meta property=\"og:site_name\" content=\"Periodista SoledadDurazo.com\" \/>\n<meta property=\"article:publisher\" content=\"https:\/\/www.facebook.com\/soledad.durazo.9\/\" \/>\n<meta property=\"article:published_time\" content=\"2021-08-16T07:26:58+00:00\" \/>\n<meta property=\"og:image\" content=\"https:\/\/soledaddurazo.com\/storage\/2021\/08\/CPA5-150821-scaled.jpg\" \/>\n\t<meta property=\"og:image:width\" content=\"2560\" \/>\n\t<meta property=\"og:image:height\" content=\"1703\" \/>\n<meta name=\"twitter:card\" content=\"summary_large_image\" \/>\n<meta name=\"twitter:creator\" content=\"@SoledadDurazo\" \/>\n<meta name=\"twitter:site\" content=\"@SoledadDurazo\" \/>\n<meta name=\"twitter:label1\" content=\"Escrito por\" \/>\n\t<meta name=\"twitter:data1\" content=\"Redacci\u00f3n\" \/>\n\t<meta name=\"twitter:label2\" content=\"Tiempo de lectura\" \/>\n\t<meta name=\"twitter:data2\" content=\"2 minutos\" \/>\n<script type=\"application\/ld+json\" class=\"yoast-schema-graph\">{\"@context\":\"https:\/\/schema.org\",\"@graph\":[{\"@type\":\"Organization\",\"@id\":\"https:\/\/soledaddurazo.com\/#organization\",\"name\":\"Soledad Durazo\",\"url\":\"https:\/\/soledaddurazo.com\/\",\"sameAs\":[\"https:\/\/www.facebook.com\/soledad.durazo.9\/\",\"https:\/\/www.instagram.com\/soledaddurazo\",\"https:\/\/www.youtube.com\/channel\/UC9yGPw8-Vbl_B2XNkRwPS-w\",\"https:\/\/twitter.com\/SoledadDurazo\"],\"logo\":{\"@type\":\"ImageObject\",\"@id\":\"https:\/\/soledaddurazo.com\/#logo\",\"inLanguage\":\"es\",\"url\":\"https:\/\/soledaddurazo.com\/storage\/2021\/11\/nllp-720x375-1-2.png\",\"contentUrl\":\"https:\/\/soledaddurazo.com\/storage\/2021\/11\/nllp-720x375-1-2.png\",\"width\":720,\"height\":375,\"caption\":\"Soledad Durazo\"},\"image\":{\"@id\":\"https:\/\/soledaddurazo.com\/#logo\"}},{\"@type\":\"WebSite\",\"@id\":\"https:\/\/soledaddurazo.com\/#website\",\"url\":\"https:\/\/soledaddurazo.com\/\",\"name\":\"Periodista SoledadDurazo.com\",\"description\":\"Periodista sonorense. Directora de www.SoledadDurazo.com Columnista, conductora de radio y Tv. Catedr\\u00e1tica en la UNISON\",\"publisher\":{\"@id\":\"https:\/\/soledaddurazo.com\/#organization\"},\"potentialAction\":[{\"@type\":\"SearchAction\",\"target\":{\"@type\":\"EntryPoint\",\"urlTemplate\":\"https:\/\/soledaddurazo.com\/?s={search_term_string}\"},\"query-input\":\"required name=search_term_string\"}],\"inLanguage\":\"es\"},{\"@type\":\"ImageObject\",\"@id\":\"https:\/\/soledaddurazo.com\/blog\/2021\/08\/16\/iniciara-operaciones-en-sonora-stanley-black-decker-en-diciembre-de-este-ano\/#primaryimage\",\"inLanguage\":\"es\",\"url\":\"https:\/\/soledaddurazo.com\/storage\/2021\/08\/CPA5-150821-scaled.jpg\",\"contentUrl\":\"https:\/\/soledaddurazo.com\/storage\/2021\/08\/CPA5-150821-scaled.jpg\",\"width\":2560,\"height\":1703},{\"@type\":\"WebPage\",\"@id\":\"https:\/\/soledaddurazo.com\/blog\/2021\/08\/16\/iniciara-operaciones-en-sonora-stanley-black-decker-en-diciembre-de-este-ano\/#webpage\",\"url\":\"https:\/\/soledaddurazo.com\/blog\/2021\/08\/16\/iniciara-operaciones-en-sonora-stanley-black-decker-en-diciembre-de-este-ano\/\",\"name\":\"Iniciar\\u00e1 operaciones en Sonora Stanley Black & Decker en diciembre de este a\\u00f1o - Periodista SoledadDurazo.com\",\"isPartOf\":{\"@id\":\"https:\/\/soledaddurazo.com\/#website\"},\"primaryImageOfPage\":{\"@id\":\"https:\/\/soledaddurazo.com\/blog\/2021\/08\/16\/iniciara-operaciones-en-sonora-stanley-black-decker-en-diciembre-de-este-ano\/#primaryimage\"},\"datePublished\":\"2021-08-16T07:26:58+00:00\",\"dateModified\":\"2021-08-16T07:26:58+00:00\",\"breadcrumb\":{\"@id\":\"https:\/\/soledaddurazo.com\/blog\/2021\/08\/16\/iniciara-operaciones-en-sonora-stanley-black-decker-en-diciembre-de-este-ano\/#breadcrumb\"},\"inLanguage\":\"es\",\"potentialAction\":[{\"@type\":\"ReadAction\",\"target\":[\"https:\/\/soledaddurazo.com\/blog\/2021\/08\/16\/iniciara-operaciones-en-sonora-stanley-black-decker-en-diciembre-de-este-ano\/\"]}]},{\"@type\":\"BreadcrumbList\",\"@id\":\"https:\/\/soledaddurazo.com\/blog\/2021\/08\/16\/iniciara-operaciones-en-sonora-stanley-black-decker-en-diciembre-de-este-ano\/#breadcrumb\",\"itemListElement\":[{\"@type\":\"ListItem\",\"position\":1,\"name\":\"Home\",\"item\":\"https:\/\/soledaddurazo.com\/\"},{\"@type\":\"ListItem\",\"position\":2,\"name\":\"Iniciar\\u00e1 operaciones en Sonora Stanley Black &#038; Decker en diciembre de este a\\u00f1o\"}]},{\"@type\":\"Article\",\"@id\":\"https:\/\/soledaddurazo.com\/blog\/2021\/08\/16\/iniciara-operaciones-en-sonora-stanley-black-decker-en-diciembre-de-este-ano\/#article\",\"isPartOf\":{\"@id\":\"https:\/\/soledaddurazo.com\/blog\/2021\/08\/16\/iniciara-operaciones-en-sonora-stanley-black-decker-en-diciembre-de-este-ano\/#webpage\"},\"author\":{\"@id\":\"https:\/\/soledaddurazo.com\/#\/schema\/person\/822d8e13aa288585e6546f179853758b\"},\"headline\":\"Iniciar\\u00e1 operaciones en Sonora Stanley Black &#038; Decker en diciembre de este a\\u00f1o\",\"datePublished\":\"2021-08-16T07:26:58+00:00\",\"dateModified\":\"2021-08-16T07:26:58+00:00\",\"mainEntityOfPage\":{\"@id\":\"https:\/\/soledaddurazo.com\/blog\/2021\/08\/16\/iniciara-operaciones-en-sonora-stanley-black-decker-en-diciembre-de-este-ano\/#webpage\"},\"wordCount\":497,\"commentCount\":0,\"publisher\":{\"@id\":\"https:\/\/soledaddurazo.com\/#organization\"},\"image\":{\"@id\":\"https:\/\/soledaddurazo.com\/blog\/2021\/08\/16\/iniciara-operaciones-en-sonora-stanley-black-decker-en-diciembre-de-este-ano\/#primaryimage\"},\"thumbnailUrl\":\"https:\/\/soledaddurazo.com\/storage\/2021\/08\/CPA5-150821-scaled.jpg\",\"articleSection\":[\"Mi Sonora\"],\"inLanguage\":\"es\",\"potentialAction\":[{\"@type\":\"CommentAction\",\"name\":\"Comment\",\"target\":[\"https:\/\/soledaddurazo.com\/blog\/2021\/08\/16\/iniciara-operaciones-en-sonora-stanley-black-decker-en-diciembre-de-este-ano\/#respond\"]}]},{\"@type\":\"Person\",\"@id\":\"https:\/\/soledaddurazo.com\/#\/schema\/person\/822d8e13aa288585e6546f179853758b\",\"name\":\"Redacci\\u00f3n\",\"image\":{\"@type\":\"ImageObject\",\"@id\":\"https:\/\/soledaddurazo.com\/#personlogo\",\"inLanguage\":\"es\",\"url\":\"https:\/\/secure.gravatar.com\/avatar\/c4e193752f756fd61f04deebed3a3a20dc188d37edb53682d313ac57f2725d54?s=96&d=mm&r=g\",\"contentUrl\":\"https:\/\/secure.gravatar.com\/avatar\/c4e193752f756fd61f04deebed3a3a20dc188d37edb53682d313ac57f2725d54?s=96&d=mm&r=g\",\"caption\":\"Redacci\\u00f3n\"},\"sameAs\":[\"https:\/\/soledaddurazo.com\"]}]}<\/script>\n ","yoast_head_json":{"title":"Iniciar\u00e1 operaciones en Sonora Stanley Black & Decker en diciembre de este a\u00f1o - Periodista SoledadDurazo.com","robots":{"index":"index","follow":"follow","max-snippet":"max-snippet:-1","max-image-preview":"max-image-preview:large","max-video-preview":"max-video-preview:-1"},"canonical":"https:\/\/soledaddurazo.com\/blog\/2021\/08\/16\/iniciara-operaciones-en-sonora-stanley-black-decker-en-diciembre-de-este-ano\/","og_locale":"es_MX","og_type":"article","og_title":"Iniciar\u00e1 operaciones en Sonora Stanley Black & Decker en diciembre de este a\u00f1o","og_description":"Que Stanley Black &amp; Decker haya decidido instalarse en Hermosillo, con una inversi\u00f3n de mil 60 millones de pesos, reitera la confianza que hay en Sonora, en su mano de obra y en la estabilidad laboral en el estado, expres\u00f3 la gobernadora Claudia Pavlovich Arellano, al recorrer el avance de obra de esta empresa internacional [&hellip;]","og_url":"https:\/\/soledaddurazo.com\/blog\/2021\/08\/16\/iniciara-operaciones-en-sonora-stanley-black-decker-en-diciembre-de-este-ano\/","og_site_name":"Periodista SoledadDurazo.com","article_publisher":"https:\/\/www.facebook.com\/soledad.durazo.9\/","article_published_time":"2021-08-16T07:26:58+00:00","og_image":[{"width":2560,"height":1703,"url":"https:\/\/soledaddurazo.com\/storage\/2021\/08\/CPA5-150821-scaled.jpg","type":"image\/jpeg"}],"twitter_card":"summary_large_image","twitter_creator":"@SoledadDurazo","twitter_site":"@SoledadDurazo","twitter_misc":{"Escrito por":"Redacci\u00f3n","Tiempo de lectura":"2 minutos"},"schema":{"@context":"https:\/\/schema.org","@graph":[{"@type":"Organization","@id":"https:\/\/soledaddurazo.com\/#organization","name":"Soledad Durazo","url":"https:\/\/soledaddurazo.com\/","sameAs":["https:\/\/www.facebook.com\/soledad.durazo.9\/","https:\/\/www.instagram.com\/soledaddurazo","https:\/\/www.youtube.com\/channel\/UC9yGPw8-Vbl_B2XNkRwPS-w","https:\/\/twitter.com\/SoledadDurazo"],"logo":{"@type":"ImageObject","@id":"https:\/\/soledaddurazo.com\/#logo","inLanguage":"es","url":"https:\/\/soledaddurazo.com\/storage\/2021\/11\/nllp-720x375-1-2.png","contentUrl":"https:\/\/soledaddurazo.com\/storage\/2021\/11\/nllp-720x375-1-2.png","width":720,"height":375,"caption":"Soledad Durazo"},"image":{"@id":"https:\/\/soledaddurazo.com\/#logo"}},{"@type":"WebSite","@id":"https:\/\/soledaddurazo.com\/#website","url":"https:\/\/soledaddurazo.com\/","name":"Periodista SoledadDurazo.com","description":"Periodista sonorense. Directora de www.SoledadDurazo.com Columnista, conductora de radio y Tv. Catedr\u00e1tica en la UNISON","publisher":{"@id":"https:\/\/soledaddurazo.com\/#organization"},"potentialAction":[{"@type":"SearchAction","target":{"@type":"EntryPoint","urlTemplate":"https:\/\/soledaddurazo.com\/?s={search_term_string}"},"query-input":"required name=search_term_string"}],"inLanguage":"es"},{"@type":"ImageObject","@id":"https:\/\/soledaddurazo.com\/blog\/2021\/08\/16\/iniciara-operaciones-en-sonora-stanley-black-decker-en-diciembre-de-este-ano\/#primaryimage","inLanguage":"es","url":"https:\/\/soledaddurazo.com\/storage\/2021\/08\/CPA5-150821-scaled.jpg","contentUrl":"https:\/\/soledaddurazo.com\/storage\/2021\/08\/CPA5-150821-scaled.jpg","width":2560,"height":1703},{"@type":"WebPage","@id":"https:\/\/soledaddurazo.com\/blog\/2021\/08\/16\/iniciara-operaciones-en-sonora-stanley-black-decker-en-diciembre-de-este-ano\/#webpage","url":"https:\/\/soledaddurazo.com\/blog\/2021\/08\/16\/iniciara-operaciones-en-sonora-stanley-black-decker-en-diciembre-de-este-ano\/","name":"Iniciar\u00e1 operaciones en Sonora Stanley Black & Decker en diciembre de este a\u00f1o - Periodista SoledadDurazo.com","isPartOf":{"@id":"https:\/\/soledaddurazo.com\/#website"},"primaryImageOfPage":{"@id":"https:\/\/soledaddurazo.com\/blog\/2021\/08\/16\/iniciara-operaciones-en-sonora-stanley-black-decker-en-diciembre-de-este-ano\/#primaryimage"},"datePublished":"2021-08-16T07:26:58+00:00","dateModified":"2021-08-16T07:26:58+00:00","breadcrumb":{"@id":"https:\/\/soledaddurazo.com\/blog\/2021\/08\/16\/iniciara-operaciones-en-sonora-stanley-black-decker-en-diciembre-de-este-ano\/#breadcrumb"},"inLanguage":"es","potentialAction":[{"@type":"ReadAction","target":["https:\/\/soledaddurazo.com\/blog\/2021\/08\/16\/iniciara-operaciones-en-sonora-stanley-black-decker-en-diciembre-de-este-ano\/"]}]},{"@type":"BreadcrumbList","@id":"https:\/\/soledaddurazo.com\/blog\/2021\/08\/16\/iniciara-operaciones-en-sonora-stanley-black-decker-en-diciembre-de-este-ano\/#breadcrumb","itemListElement":[{"@type":"ListItem","position":1,"name":"Home","item":"https:\/\/soledaddurazo.com\/"},{"@type":"ListItem","position":2,"name":"Iniciar\u00e1 operaciones en Sonora Stanley Black &#038; Decker en diciembre de este a\u00f1o"}]},{"@type":"Article","@id":"https:\/\/soledaddurazo.com\/blog\/2021\/08\/16\/iniciara-operaciones-en-sonora-stanley-black-decker-en-diciembre-de-este-ano\/#article","isPartOf":{"@id":"https:\/\/soledaddurazo.com\/blog\/2021\/08\/16\/iniciara-operaciones-en-sonora-stanley-black-decker-en-diciembre-de-este-ano\/#webpage"},"author":{"@id":"https:\/\/soledaddurazo.com\/#\/schema\/person\/822d8e13aa288585e6546f179853758b"},"headline":"Iniciar\u00e1 operaciones en Sonora Stanley Black &#038; Decker en diciembre de este a\u00f1o","datePublished":"2021-08-16T07:26:58+00:00","dateModified":"2021-08-16T07:26:58+00:00","mainEntityOfPage":{"@id":"https:\/\/soledaddurazo.com\/blog\/2021\/08\/16\/iniciara-operaciones-en-sonora-stanley-black-decker-en-diciembre-de-este-ano\/#webpage"},"wordCount":497,"commentCount":0,"publisher":{"@id":"https:\/\/soledaddurazo.com\/#organization"},"image":{"@id":"https:\/\/soledaddurazo.com\/blog\/2021\/08\/16\/iniciara-operaciones-en-sonora-stanley-black-decker-en-diciembre-de-este-ano\/#primaryimage"},"thumbnailUrl":"https:\/\/soledaddurazo.com\/storage\/2021\/08\/CPA5-150821-scaled.jpg","articleSection":["Mi Sonora"],"inLanguage":"es","potentialAction":[{"@type":"CommentAction","name":"Comment","target":["https:\/\/soledaddurazo.com\/blog\/2021\/08\/16\/iniciara-operaciones-en-sonora-stanley-black-decker-en-diciembre-de-este-ano\/#respond"]}]},{"@type":"Person","@id":"https:\/\/soledaddurazo.com\/#\/schema\/person\/822d8e13aa288585e6546f179853758b","name":"Redacci\u00f3n","image":{"@type":"ImageObject","@id":"https:\/\/soledaddurazo.com\/#personlogo","inLanguage":"es","url":"https:\/\/secure.gravatar.com\/avatar\/c4e193752f756fd61f04deebed3a3a20dc188d37edb53682d313ac57f2725d54?s=96&d=mm&r=g","contentUrl":"https:\/\/secure.gravatar.com\/avatar\/c4e193752f756fd61f04deebed3a3a20dc188d37edb53682d313ac57f2725d54?s=96&d=mm&r=g","caption":"Redacci\u00f3n"},"sameAs":["https:\/\/soledaddurazo.com"]}]}},"_links":{"self":[{"href":"https:\/\/soledaddurazo.com\/api\/wp\/v2\/posts\/10161","targetHints":{"allow":["GET"]}}],"collection":[{"href":"https:\/\/soledaddurazo.com\/api\/wp\/v2\/posts"}],"about":[{"href":"https:\/\/soledaddurazo.com\/api\/wp\/v2\/types\/post"}],"author":[{"embeddable":true,"href":"https:\/\/soledaddurazo.com\/api\/wp\/v2\/users\/1"}],"replies":[{"embeddable":true,"href":"https:\/\/soledaddurazo.com\/api\/wp\/v2\/comments?post=10161"}],"version-history":[{"count":1,"href":"https:\/\/soledaddurazo.com\/api\/wp\/v2\/posts\/10161\/revisions"}],"predecessor-version":[{"id":10163,"href":"https:\/\/soledaddurazo.com\/api\/wp\/v2\/posts\/10161\/revisions\/10163"}],"wp:featuredmedia":[{"embeddable":true,"href":"https:\/\/soledaddurazo.com\/api\/wp\/v2\/media\/10162"}],"wp:attachment":[{"href":"https:\/\/soledaddurazo.com\/api\/wp\/v2\/media?parent=10161"}],"wp:term":[{"taxonomy":"category","embeddable":true,"href":"https:\/\/soledaddurazo.com\/api\/wp\/v2\/categories?post=10161"},{"taxonomy":"post_tag","embeddable":true,"href":"https:\/\/soledaddurazo.com\/api\/wp\/v2\/tags?post=10161"}],"curies":[{"name":"wp","href":"https:\/\/api.w.org\/{rel}","templated":true}]}}