{"id":10147,"date":"2021-08-13T15:58:04","date_gmt":"2021-08-13T22:58:04","guid":{"rendered":"https:\/\/soledaddurazo.com\/?p=10147"},"modified":"2021-08-13T16:14:13","modified_gmt":"2021-08-13T23:14:13","slug":"se-reune-alcalde-electo-de-hermosillocon-integrantes-de-la-coalicion-lgbtttiq-sonora","status":"publish","type":"post","link":"https:\/\/soledaddurazo.com\/blog\/2021\/08\/13\/se-reune-alcalde-electo-de-hermosillocon-integrantes-de-la-coalicion-lgbtttiq-sonora\/","title":{"rendered":"Se re\u00fane Alcalde electo de Hermosillo con integrantes de la Coalici\u00f3n LGBTTTIQ+ Sonora"},"content":{"rendered":"<p>El pasado 3 de agosto de 2021, Antonio , alcalde electo del\u00a0municipio de Hermosillo, y su esposa, Patricia Ruibal, se\u00a0reunieron con Alberto Luna, Fernanda Velarde, Mar\u00eda Luisa<br \/>\nAlatorre, Rodolfo Guzm\u00e1n y Sof\u00eda Ibarra, representantes de\u00a0las distintas organizaciones comunitarias que conforman la\u00a0Coalici\u00f3n LGBTTTIQ+ Sonora. En una reuni\u00f3n que lxs<br \/>\nintegrantes catalogaron como \u201camena y constructiva\u201d, se\u00a0discutieron temas relacionados con la Agenda Pol\u00edtica\u00a0LGBTTTIQ+ Sonora 2021 y se acordaron acciones que abonen a disminuir el estigma y la discriminaci\u00f3n hacia las personas lesbianas, gays, bisexuales, transg\u00e9nero, transexuales, travestis, intersexuales, queer y m\u00e1s de nuestro estado.<br \/>\nEl Presidente Municipal electo se comprometi\u00f3, una vez instalado su gabinete, a dar seguimiento a acciones como revisar el Bando de Polic\u00eda y Gobierno del Municipio de Hermosillo para identificar terminolog\u00eda estigmatizante y art\u00edculos que se podr\u00edan interpretar de manera discriminatoria, adem\u00e1s de capacitar a las fuerzas de seguridad p\u00fablica para sensibilizarles en cuanto a la diversidad sexual. Asimismo, se comprometi\u00f3 a que habr\u00e1<br \/>\ncapacitaci\u00f3n para todas las dependencias municipales seg\u00fan la Norma Oficial Mexicana 025-SCFI-2015 en Igualdad Laboral y No Discriminaci\u00f3n. En materia cultural, se reconoci\u00f3 el valor de promover la inclusi\u00f3n social de las personas LGBT y otros grupos en situaci\u00f3n de vulnerabilidad por medio de festivales culturales como el Variopinta Fest, \u00fanico en la regi\u00f3n, y fortalecer las actividades culturales relacionadas con el Mes del Orgullo LGBT y la marcha de Sonora Pride, la conmemoraci\u00f3n de la Remembranza Trans, y la Marcha del Orgullo Trans. Incluso se habl\u00f3 de tener escenarios alternos en las Fiestas del Pitic que promuevan la equidad e inclusi\u00f3n de las personas LGBT. Adem\u00e1s de estas propuestas de pol\u00edtica p\u00fablica que competen al \u00e1mbito municipal, tambi\u00e9n se habl\u00f3 de la violencia a la que siguen siendo sometidas las personas LGBT, incluyendo los esfuerzos por corregir la orientaci\u00f3n sexual y la identidad de g\u00e9nero (las llamadas \u201cterapias de conversi\u00f3n\u201d).<br \/>\nAl alcalde electo mencion\u00f3 que su gobierno ser\u00e1 para todas las y los hermosillenses, y enunci\u00f3 ser un aliado de la comunidad LGBT. Se comprometi\u00f3 a continuar reuni\u00e9ndose con las diferentes asociaciones y colectivas LGBTTTIQ+ para dar seguimiento a los temas discutidos, con el apoyo de su gabinete y cabildo.<br \/>\nContacto de la Coalici\u00f3n LGBTTTIQ+ Sonora:<br \/>\nP\u00e1gina web: www.coalicionlgbtsonora.org<br \/>\nFacebook: facebook.com\/lgbtttiqsonora (Coalici\u00f3n Lgbtttiq + Sonora) Twitter: @LgbtttiqSonora<br \/>\nInstagram: @cmlgbtttiqsonora<\/p>\n","protected":false},"excerpt":{"rendered":"<p>El pasado 3 de agosto de 2021, Antonio , alcalde electo del\u00a0municipio de Hermosillo, y su esposa, Patricia Ruibal, se\u00a0reunieron con Alberto Luna, Fernanda Velarde, Mar\u00eda Luisa Alatorre, Rodolfo Guzm\u00e1n y Sof\u00eda Ibarra, representantes de\u00a0las distintas organizaciones comunitarias que conforman la\u00a0Coalici\u00f3n LGBTTTIQ+ Sonora. En una reuni\u00f3n que lxs integrantes catalogaron como \u201camena y constructiva\u201d, se\u00a0discutieron [&hellip;]<\/p>\n","protected":false},"author":1,"featured_media":10148,"comment_status":"open","ping_status":"open","sticky":false,"template":"","format":"standard","meta":{"footnotes":""},"categories":[175],"tags":[],"class_list":["post"],"yoast_head":" \n<title>Se re\u00fane Alcalde electo de Hermosillo con integrantes de la Coalici\u00f3n LGBTTTIQ+ Sonora - Periodista SoledadDurazo.com<\/title>\n<meta name=\"robots\" content=\"index, follow, max-snippet:-1, max-image-preview:large, max-video-preview:-1\" \/>\n<link rel=\"canonical\" href=\"https:\/\/soledaddurazo.com\/blog\/2021\/08\/13\/se-reune-alcalde-electo-de-hermosillocon-integrantes-de-la-coalicion-lgbtttiq-sonora\/\" \/>\n<meta property=\"og:locale\" content=\"es_MX\" \/>\n<meta property=\"og:type\" content=\"article\" \/>\n<meta property=\"og:title\" content=\"Se re\u00fane Alcalde electo de Hermosillo con integrantes de la Coalici\u00f3n LGBTTTIQ+ Sonora\" \/>\n<meta property=\"og:description\" content=\"El pasado 3 de agosto de 2021, Antonio , alcalde electo del\u00a0municipio de Hermosillo, y su esposa, Patricia Ruibal, se\u00a0reunieron con Alberto Luna, Fernanda Velarde, Mar\u00eda Luisa Alatorre, Rodolfo Guzm\u00e1n y Sof\u00eda Ibarra, representantes de\u00a0las distintas organizaciones comunitarias que conforman la\u00a0Coalici\u00f3n LGBTTTIQ+ Sonora. En una reuni\u00f3n que lxs integrantes catalogaron como \u201camena y constructiva\u201d, se\u00a0discutieron [&hellip;]\" \/>\n<meta property=\"og:url\" content=\"https:\/\/soledaddurazo.com\/blog\/2021\/08\/13\/se-reune-alcalde-electo-de-hermosillocon-integrantes-de-la-coalicion-lgbtttiq-sonora\/\" \/>\n<meta property=\"og:site_name\" content=\"Periodista SoledadDurazo.com\" \/>\n<meta property=\"article:publisher\" content=\"https:\/\/www.facebook.com\/soledad.durazo.9\/\" \/>\n<meta property=\"article:published_time\" content=\"2021-08-13T22:58:04+00:00\" \/>\n<meta property=\"article:modified_time\" content=\"2021-08-13T23:14:13+00:00\" \/>\n<meta property=\"og:image\" content=\"https:\/\/soledaddurazo.com\/storage\/2021\/08\/925801FB-7E82-4428-8C3A-AF8DA9FECE9D.jpeg\" \/>\n\t<meta property=\"og:image:width\" content=\"1553\" \/>\n\t<meta property=\"og:image:height\" content=\"698\" \/>\n<meta name=\"twitter:card\" content=\"summary_large_image\" \/>\n<meta name=\"twitter:creator\" content=\"@SoledadDurazo\" \/>\n<meta name=\"twitter:site\" content=\"@SoledadDurazo\" \/>\n<meta name=\"twitter:label1\" content=\"Escrito por\" \/>\n\t<meta name=\"twitter:data1\" content=\"Redacci\u00f3n\" \/>\n\t<meta name=\"twitter:label2\" content=\"Tiempo de lectura\" \/>\n\t<meta name=\"twitter:data2\" content=\"2 minutos\" \/>\n<script type=\"application\/ld+json\" class=\"yoast-schema-graph\">{\"@context\":\"https:\/\/schema.org\",\"@graph\":[{\"@type\":\"Organization\",\"@id\":\"https:\/\/soledaddurazo.com\/#organization\",\"name\":\"Soledad Durazo\",\"url\":\"https:\/\/soledaddurazo.com\/\",\"sameAs\":[\"https:\/\/www.facebook.com\/soledad.durazo.9\/\",\"https:\/\/www.instagram.com\/soledaddurazo\",\"https:\/\/www.youtube.com\/channel\/UC9yGPw8-Vbl_B2XNkRwPS-w\",\"https:\/\/twitter.com\/SoledadDurazo\"],\"logo\":{\"@type\":\"ImageObject\",\"@id\":\"https:\/\/soledaddurazo.com\/#logo\",\"inLanguage\":\"es\",\"url\":\"https:\/\/soledaddurazo.com\/storage\/2021\/11\/nllp-720x375-1-2.png\",\"contentUrl\":\"https:\/\/soledaddurazo.com\/storage\/2021\/11\/nllp-720x375-1-2.png\",\"width\":720,\"height\":375,\"caption\":\"Soledad Durazo\"},\"image\":{\"@id\":\"https:\/\/soledaddurazo.com\/#logo\"}},{\"@type\":\"WebSite\",\"@id\":\"https:\/\/soledaddurazo.com\/#website\",\"url\":\"https:\/\/soledaddurazo.com\/\",\"name\":\"Periodista SoledadDurazo.com\",\"description\":\"Periodista sonorense. Directora de www.SoledadDurazo.com Columnista, conductora de radio y Tv. Catedr\\u00e1tica en la UNISON\",\"publisher\":{\"@id\":\"https:\/\/soledaddurazo.com\/#organization\"},\"potentialAction\":[{\"@type\":\"SearchAction\",\"target\":{\"@type\":\"EntryPoint\",\"urlTemplate\":\"https:\/\/soledaddurazo.com\/?s={search_term_string}\"},\"query-input\":\"required name=search_term_string\"}],\"inLanguage\":\"es\"},{\"@type\":\"ImageObject\",\"@id\":\"https:\/\/soledaddurazo.com\/blog\/2021\/08\/13\/se-reune-alcalde-electo-de-hermosillocon-integrantes-de-la-coalicion-lgbtttiq-sonora\/#primaryimage\",\"inLanguage\":\"es\",\"url\":\"https:\/\/soledaddurazo.com\/storage\/2021\/08\/925801FB-7E82-4428-8C3A-AF8DA9FECE9D.jpeg\",\"contentUrl\":\"https:\/\/soledaddurazo.com\/storage\/2021\/08\/925801FB-7E82-4428-8C3A-AF8DA9FECE9D.jpeg\",\"width\":1553,\"height\":698},{\"@type\":\"WebPage\",\"@id\":\"https:\/\/soledaddurazo.com\/blog\/2021\/08\/13\/se-reune-alcalde-electo-de-hermosillocon-integrantes-de-la-coalicion-lgbtttiq-sonora\/#webpage\",\"url\":\"https:\/\/soledaddurazo.com\/blog\/2021\/08\/13\/se-reune-alcalde-electo-de-hermosillocon-integrantes-de-la-coalicion-lgbtttiq-sonora\/\",\"name\":\"Se re\\u00fane Alcalde electo de Hermosillo con integrantes de la Coalici\\u00f3n LGBTTTIQ+ Sonora - Periodista SoledadDurazo.com\",\"isPartOf\":{\"@id\":\"https:\/\/soledaddurazo.com\/#website\"},\"primaryImageOfPage\":{\"@id\":\"https:\/\/soledaddurazo.com\/blog\/2021\/08\/13\/se-reune-alcalde-electo-de-hermosillocon-integrantes-de-la-coalicion-lgbtttiq-sonora\/#primaryimage\"},\"datePublished\":\"2021-08-13T22:58:04+00:00\",\"dateModified\":\"2021-08-13T23:14:13+00:00\",\"breadcrumb\":{\"@id\":\"https:\/\/soledaddurazo.com\/blog\/2021\/08\/13\/se-reune-alcalde-electo-de-hermosillocon-integrantes-de-la-coalicion-lgbtttiq-sonora\/#breadcrumb\"},\"inLanguage\":\"es\",\"potentialAction\":[{\"@type\":\"ReadAction\",\"target\":[\"https:\/\/soledaddurazo.com\/blog\/2021\/08\/13\/se-reune-alcalde-electo-de-hermosillocon-integrantes-de-la-coalicion-lgbtttiq-sonora\/\"]}]},{\"@type\":\"BreadcrumbList\",\"@id\":\"https:\/\/soledaddurazo.com\/blog\/2021\/08\/13\/se-reune-alcalde-electo-de-hermosillocon-integrantes-de-la-coalicion-lgbtttiq-sonora\/#breadcrumb\",\"itemListElement\":[{\"@type\":\"ListItem\",\"position\":1,\"name\":\"Home\",\"item\":\"https:\/\/soledaddurazo.com\/\"},{\"@type\":\"ListItem\",\"position\":2,\"name\":\"Se re\\u00fane Alcalde electo de Hermosillo con integrantes de la Coalici\\u00f3n LGBTTTIQ+ Sonora\"}]},{\"@type\":\"Article\",\"@id\":\"https:\/\/soledaddurazo.com\/blog\/2021\/08\/13\/se-reune-alcalde-electo-de-hermosillocon-integrantes-de-la-coalicion-lgbtttiq-sonora\/#article\",\"isPartOf\":{\"@id\":\"https:\/\/soledaddurazo.com\/blog\/2021\/08\/13\/se-reune-alcalde-electo-de-hermosillocon-integrantes-de-la-coalicion-lgbtttiq-sonora\/#webpage\"},\"author\":{\"@id\":\"https:\/\/soledaddurazo.com\/#\/schema\/person\/822d8e13aa288585e6546f179853758b\"},\"headline\":\"Se re\\u00fane Alcalde electo de Hermosillo con integrantes de la Coalici\\u00f3n LGBTTTIQ+ Sonora\",\"datePublished\":\"2021-08-13T22:58:04+00:00\",\"dateModified\":\"2021-08-13T23:14:13+00:00\",\"mainEntityOfPage\":{\"@id\":\"https:\/\/soledaddurazo.com\/blog\/2021\/08\/13\/se-reune-alcalde-electo-de-hermosillocon-integrantes-de-la-coalicion-lgbtttiq-sonora\/#webpage\"},\"wordCount\":430,\"commentCount\":0,\"publisher\":{\"@id\":\"https:\/\/soledaddurazo.com\/#organization\"},\"image\":{\"@id\":\"https:\/\/soledaddurazo.com\/blog\/2021\/08\/13\/se-reune-alcalde-electo-de-hermosillocon-integrantes-de-la-coalicion-lgbtttiq-sonora\/#primaryimage\"},\"thumbnailUrl\":\"https:\/\/soledaddurazo.com\/storage\/2021\/08\/925801FB-7E82-4428-8C3A-AF8DA9FECE9D.jpeg\",\"articleSection\":[\"Sonora 20-21\"],\"inLanguage\":\"es\",\"potentialAction\":[{\"@type\":\"CommentAction\",\"name\":\"Comment\",\"target\":[\"https:\/\/soledaddurazo.com\/blog\/2021\/08\/13\/se-reune-alcalde-electo-de-hermosillocon-integrantes-de-la-coalicion-lgbtttiq-sonora\/#respond\"]}]},{\"@type\":\"Person\",\"@id\":\"https:\/\/soledaddurazo.com\/#\/schema\/person\/822d8e13aa288585e6546f179853758b\",\"name\":\"Redacci\\u00f3n\",\"image\":{\"@type\":\"ImageObject\",\"@id\":\"https:\/\/soledaddurazo.com\/#personlogo\",\"inLanguage\":\"es\",\"url\":\"https:\/\/secure.gravatar.com\/avatar\/c4e193752f756fd61f04deebed3a3a20dc188d37edb53682d313ac57f2725d54?s=96&d=mm&r=g\",\"contentUrl\":\"https:\/\/secure.gravatar.com\/avatar\/c4e193752f756fd61f04deebed3a3a20dc188d37edb53682d313ac57f2725d54?s=96&d=mm&r=g\",\"caption\":\"Redacci\\u00f3n\"},\"sameAs\":[\"https:\/\/soledaddurazo.com\"]}]}<\/script>\n ","yoast_head_json":{"title":"Se re\u00fane Alcalde electo de Hermosillo con integrantes de la Coalici\u00f3n LGBTTTIQ+ Sonora - Periodista SoledadDurazo.com","robots":{"index":"index","follow":"follow","max-snippet":"max-snippet:-1","max-image-preview":"max-image-preview:large","max-video-preview":"max-video-preview:-1"},"canonical":"https:\/\/soledaddurazo.com\/blog\/2021\/08\/13\/se-reune-alcalde-electo-de-hermosillocon-integrantes-de-la-coalicion-lgbtttiq-sonora\/","og_locale":"es_MX","og_type":"article","og_title":"Se re\u00fane Alcalde electo de Hermosillo con integrantes de la Coalici\u00f3n LGBTTTIQ+ Sonora","og_description":"El pasado 3 de agosto de 2021, Antonio , alcalde electo del\u00a0municipio de Hermosillo, y su esposa, Patricia Ruibal, se\u00a0reunieron con Alberto Luna, Fernanda Velarde, Mar\u00eda Luisa Alatorre, Rodolfo Guzm\u00e1n y Sof\u00eda Ibarra, representantes de\u00a0las distintas organizaciones comunitarias que conforman la\u00a0Coalici\u00f3n LGBTTTIQ+ Sonora. En una reuni\u00f3n que lxs integrantes catalogaron como \u201camena y constructiva\u201d, se\u00a0discutieron [&hellip;]","og_url":"https:\/\/soledaddurazo.com\/blog\/2021\/08\/13\/se-reune-alcalde-electo-de-hermosillocon-integrantes-de-la-coalicion-lgbtttiq-sonora\/","og_site_name":"Periodista SoledadDurazo.com","article_publisher":"https:\/\/www.facebook.com\/soledad.durazo.9\/","article_published_time":"2021-08-13T22:58:04+00:00","article_modified_time":"2021-08-13T23:14:13+00:00","og_image":[{"width":1553,"height":698,"url":"https:\/\/soledaddurazo.com\/storage\/2021\/08\/925801FB-7E82-4428-8C3A-AF8DA9FECE9D.jpeg","type":"image\/jpeg"}],"twitter_card":"summary_large_image","twitter_creator":"@SoledadDurazo","twitter_site":"@SoledadDurazo","twitter_misc":{"Escrito por":"Redacci\u00f3n","Tiempo de lectura":"2 minutos"},"schema":{"@context":"https:\/\/schema.org","@graph":[{"@type":"Organization","@id":"https:\/\/soledaddurazo.com\/#organization","name":"Soledad Durazo","url":"https:\/\/soledaddurazo.com\/","sameAs":["https:\/\/www.facebook.com\/soledad.durazo.9\/","https:\/\/www.instagram.com\/soledaddurazo","https:\/\/www.youtube.com\/channel\/UC9yGPw8-Vbl_B2XNkRwPS-w","https:\/\/twitter.com\/SoledadDurazo"],"logo":{"@type":"ImageObject","@id":"https:\/\/soledaddurazo.com\/#logo","inLanguage":"es","url":"https:\/\/soledaddurazo.com\/storage\/2021\/11\/nllp-720x375-1-2.png","contentUrl":"https:\/\/soledaddurazo.com\/storage\/2021\/11\/nllp-720x375-1-2.png","width":720,"height":375,"caption":"Soledad Durazo"},"image":{"@id":"https:\/\/soledaddurazo.com\/#logo"}},{"@type":"WebSite","@id":"https:\/\/soledaddurazo.com\/#website","url":"https:\/\/soledaddurazo.com\/","name":"Periodista SoledadDurazo.com","description":"Periodista sonorense. Directora de www.SoledadDurazo.com Columnista, conductora de radio y Tv. Catedr\u00e1tica en la UNISON","publisher":{"@id":"https:\/\/soledaddurazo.com\/#organization"},"potentialAction":[{"@type":"SearchAction","target":{"@type":"EntryPoint","urlTemplate":"https:\/\/soledaddurazo.com\/?s={search_term_string}"},"query-input":"required name=search_term_string"}],"inLanguage":"es"},{"@type":"ImageObject","@id":"https:\/\/soledaddurazo.com\/blog\/2021\/08\/13\/se-reune-alcalde-electo-de-hermosillocon-integrantes-de-la-coalicion-lgbtttiq-sonora\/#primaryimage","inLanguage":"es","url":"https:\/\/soledaddurazo.com\/storage\/2021\/08\/925801FB-7E82-4428-8C3A-AF8DA9FECE9D.jpeg","contentUrl":"https:\/\/soledaddurazo.com\/storage\/2021\/08\/925801FB-7E82-4428-8C3A-AF8DA9FECE9D.jpeg","width":1553,"height":698},{"@type":"WebPage","@id":"https:\/\/soledaddurazo.com\/blog\/2021\/08\/13\/se-reune-alcalde-electo-de-hermosillocon-integrantes-de-la-coalicion-lgbtttiq-sonora\/#webpage","url":"https:\/\/soledaddurazo.com\/blog\/2021\/08\/13\/se-reune-alcalde-electo-de-hermosillocon-integrantes-de-la-coalicion-lgbtttiq-sonora\/","name":"Se re\u00fane Alcalde electo de Hermosillo con integrantes de la Coalici\u00f3n LGBTTTIQ+ Sonora - Periodista SoledadDurazo.com","isPartOf":{"@id":"https:\/\/soledaddurazo.com\/#website"},"primaryImageOfPage":{"@id":"https:\/\/soledaddurazo.com\/blog\/2021\/08\/13\/se-reune-alcalde-electo-de-hermosillocon-integrantes-de-la-coalicion-lgbtttiq-sonora\/#primaryimage"},"datePublished":"2021-08-13T22:58:04+00:00","dateModified":"2021-08-13T23:14:13+00:00","breadcrumb":{"@id":"https:\/\/soledaddurazo.com\/blog\/2021\/08\/13\/se-reune-alcalde-electo-de-hermosillocon-integrantes-de-la-coalicion-lgbtttiq-sonora\/#breadcrumb"},"inLanguage":"es","potentialAction":[{"@type":"ReadAction","target":["https:\/\/soledaddurazo.com\/blog\/2021\/08\/13\/se-reune-alcalde-electo-de-hermosillocon-integrantes-de-la-coalicion-lgbtttiq-sonora\/"]}]},{"@type":"BreadcrumbList","@id":"https:\/\/soledaddurazo.com\/blog\/2021\/08\/13\/se-reune-alcalde-electo-de-hermosillocon-integrantes-de-la-coalicion-lgbtttiq-sonora\/#breadcrumb","itemListElement":[{"@type":"ListItem","position":1,"name":"Home","item":"https:\/\/soledaddurazo.com\/"},{"@type":"ListItem","position":2,"name":"Se re\u00fane Alcalde electo de Hermosillo con integrantes de la Coalici\u00f3n LGBTTTIQ+ Sonora"}]},{"@type":"Article","@id":"https:\/\/soledaddurazo.com\/blog\/2021\/08\/13\/se-reune-alcalde-electo-de-hermosillocon-integrantes-de-la-coalicion-lgbtttiq-sonora\/#article","isPartOf":{"@id":"https:\/\/soledaddurazo.com\/blog\/2021\/08\/13\/se-reune-alcalde-electo-de-hermosillocon-integrantes-de-la-coalicion-lgbtttiq-sonora\/#webpage"},"author":{"@id":"https:\/\/soledaddurazo.com\/#\/schema\/person\/822d8e13aa288585e6546f179853758b"},"headline":"Se re\u00fane Alcalde electo de Hermosillo con integrantes de la Coalici\u00f3n LGBTTTIQ+ Sonora","datePublished":"2021-08-13T22:58:04+00:00","dateModified":"2021-08-13T23:14:13+00:00","mainEntityOfPage":{"@id":"https:\/\/soledaddurazo.com\/blog\/2021\/08\/13\/se-reune-alcalde-electo-de-hermosillocon-integrantes-de-la-coalicion-lgbtttiq-sonora\/#webpage"},"wordCount":430,"commentCount":0,"publisher":{"@id":"https:\/\/soledaddurazo.com\/#organization"},"image":{"@id":"https:\/\/soledaddurazo.com\/blog\/2021\/08\/13\/se-reune-alcalde-electo-de-hermosillocon-integrantes-de-la-coalicion-lgbtttiq-sonora\/#primaryimage"},"thumbnailUrl":"https:\/\/soledaddurazo.com\/storage\/2021\/08\/925801FB-7E82-4428-8C3A-AF8DA9FECE9D.jpeg","articleSection":["Sonora 20-21"],"inLanguage":"es","potentialAction":[{"@type":"CommentAction","name":"Comment","target":["https:\/\/soledaddurazo.com\/blog\/2021\/08\/13\/se-reune-alcalde-electo-de-hermosillocon-integrantes-de-la-coalicion-lgbtttiq-sonora\/#respond"]}]},{"@type":"Person","@id":"https:\/\/soledaddurazo.com\/#\/schema\/person\/822d8e13aa288585e6546f179853758b","name":"Redacci\u00f3n","image":{"@type":"ImageObject","@id":"https:\/\/soledaddurazo.com\/#personlogo","inLanguage":"es","url":"https:\/\/secure.gravatar.com\/avatar\/c4e193752f756fd61f04deebed3a3a20dc188d37edb53682d313ac57f2725d54?s=96&d=mm&r=g","contentUrl":"https:\/\/secure.gravatar.com\/avatar\/c4e193752f756fd61f04deebed3a3a20dc188d37edb53682d313ac57f2725d54?s=96&d=mm&r=g","caption":"Redacci\u00f3n"},"sameAs":["https:\/\/soledaddurazo.com"]}]}},"_links":{"self":[{"href":"https:\/\/soledaddurazo.com\/api\/wp\/v2\/posts\/10147","targetHints":{"allow":["GET"]}}],"collection":[{"href":"https:\/\/soledaddurazo.com\/api\/wp\/v2\/posts"}],"about":[{"href":"https:\/\/soledaddurazo.com\/api\/wp\/v2\/types\/post"}],"author":[{"embeddable":true,"href":"https:\/\/soledaddurazo.com\/api\/wp\/v2\/users\/1"}],"replies":[{"embeddable":true,"href":"https:\/\/soledaddurazo.com\/api\/wp\/v2\/comments?post=10147"}],"version-history":[{"count":2,"href":"https:\/\/soledaddurazo.com\/api\/wp\/v2\/posts\/10147\/revisions"}],"predecessor-version":[{"id":10151,"href":"https:\/\/soledaddurazo.com\/api\/wp\/v2\/posts\/10147\/revisions\/10151"}],"wp:featuredmedia":[{"embeddable":true,"href":"https:\/\/soledaddurazo.com\/api\/wp\/v2\/media\/10148"}],"wp:attachment":[{"href":"https:\/\/soledaddurazo.com\/api\/wp\/v2\/media?parent=10147"}],"wp:term":[{"taxonomy":"category","embeddable":true,"href":"https:\/\/soledaddurazo.com\/api\/wp\/v2\/categories?post=10147"},{"taxonomy":"post_tag","embeddable":true,"href":"https:\/\/soledaddurazo.com\/api\/wp\/v2\/tags?post=10147"}],"curies":[{"name":"wp","href":"https:\/\/api.w.org\/{rel}","templated":true}]}}