{"id":10079,"date":"2021-08-11T00:23:12","date_gmt":"2021-08-11T07:23:12","guid":{"rendered":"https:\/\/soledaddurazo.com\/?p=10079"},"modified":"2021-08-11T00:23:12","modified_gmt":"2021-08-11T07:23:12","slug":"mas-740-planteles-de-educacion-basica-en-sonora-rehabilitados-durante-la-pandemia","status":"publish","type":"post","link":"https:\/\/soledaddurazo.com\/blog\/2021\/08\/11\/mas-740-planteles-de-educacion-basica-en-sonora-rehabilitados-durante-la-pandemia\/","title":{"rendered":"M\u00e1s 740 planteles de educaci\u00f3n B\u00e1sica en Sonora rehabilitados durante la pandemia"},"content":{"rendered":"<p>En los 13 meses de pandemia, el Instituto Sonorense de Infraestructura Educativa (ISIE) ha venido trabajando en la reconstrucci\u00f3n, rehabilitaci\u00f3n y adecuaciones en 740 planteles de nivel b\u00e1sico en las que se han invertido 405 millones de pesos.<\/p>\n<p>Yalia Salido Ibarra, coordinadora ejecutiva del ISIE, manifest\u00f3 que actualmente est\u00e1n en proceso 205 acciones, 154 est\u00e1n por contratarse y est\u00e1n a la espera de que se autoricen otros 183 proyectos, trabajos que comenzar\u00e1n una vez aprobados.<\/p>\n<p>Record\u00f3 que al inicio eran 593 escuelas las que se adecuar\u00edan con la construcci\u00f3n de lavamanos y gracias a la gesti\u00f3n de la gobernadora Claudia Pavlovich, se sumaron 183 m\u00e1s, lo que beneficiar\u00e1 a m\u00e1s de 257 mil 500 estudiantes de preescolar, primaria y secundaria.<\/p>\n<p>Salido Ibarra resalt\u00f3 que derivado de la contingencia por COVID-19 en el pa\u00eds las escuelas a han sufrido afectaciones al estar m\u00e1s de un a\u00f1o cerradas y Sonora no ha sido la excepci\u00f3n, por lo que, el ISIE, en coordinaci\u00f3n con la Secretar\u00eda de Educaci\u00f3n y Cultura, trabaja en la rehabilitaci\u00f3n de las mismas.<\/p>\n<p>Entre las acciones que se realizan este 2021 destacan la construcci\u00f3n de lavamanos en \u00e1reas comunes, reparaci\u00f3n de servicios sanitarios, desazolve y limpieza de cisternas, rehabilitaci\u00f3n de equipos hidroneum\u00e1ticos, rehabilitaci\u00f3n del sistema el\u00e9ctrico, reparaci\u00f3n o sustituci\u00f3n de techos y rehabilitaci\u00f3n de muros.<\/p>\n<p>Asimismo, en 2020 de acuerdo al programa anual, se llev\u00f3 a cabo la reconstrucci\u00f3n de cuatro escuelas en Bacobampo, Pueblo Yaqui, San Luis R\u00edo Colorado y Santa Ana; la construcci\u00f3n de una escuela de nueva creaci\u00f3n \u201cQuinta Esmeralda\u201d en Hermosillo; la construcci\u00f3n de 115 nuevas aulas de consolidaci\u00f3n en diferentes municipios del estado y el inicio del Programa COVID-19 con la construcci\u00f3n de lavamanos y rehabilitaci\u00f3n de los servicios sanitarios.<\/p>\n<p>\u201cLa gobernadora Claudia Pavlovich nos instruy\u00f3 a todos trabajar para garantizar un regreso a las aulas en condiciones m\u00e1s seguras e higi\u00e9nicas para estudiantes, personal docente, de servicios y administrativo de los planteles escolares y es lo que estamos haciendo, realizando acciones que permitan la prevenci\u00f3n de contagios de COVID-19 y privilegien la protecci\u00f3n de la salud\u201d, expres\u00f3 Salido Ibarra.<\/p>\n<p>La coordinadora del ISIE indic\u00f3 que, a solicitud de la SEC, las obras de rehabilitaci\u00f3n se realizan en las escuelas que concentran la mayor cantidad de alumnas y alumnos de los diferentes municipios de Sonora, entre ellos Guaymas, Cajeme, Navojoa, Nogales, Hermosillo, Agua Prieta, Pitiquito, Santa Ana, San Luis R\u00edo Colorado, entre otros.<\/p>\n","protected":false},"excerpt":{"rendered":"<p>En los 13 meses de pandemia, el Instituto Sonorense de Infraestructura Educativa (ISIE) ha venido trabajando en la reconstrucci\u00f3n, rehabilitaci\u00f3n y adecuaciones en 740 planteles de nivel b\u00e1sico en las que se han invertido 405 millones de pesos. Yalia Salido Ibarra, coordinadora ejecutiva del ISIE, manifest\u00f3 que actualmente est\u00e1n en proceso 205 acciones, 154 est\u00e1n [&hellip;]<\/p>\n","protected":false},"author":1,"featured_media":10080,"comment_status":"open","ping_status":"open","sticky":false,"template":"","format":"standard","meta":{"footnotes":""},"categories":[159],"tags":[],"class_list":["post"],"yoast_head":" \n<title>M\u00e1s 740 planteles de educaci\u00f3n B\u00e1sica en Sonora rehabilitados durante la pandemia - Periodista SoledadDurazo.com<\/title>\n<meta name=\"robots\" content=\"index, follow, max-snippet:-1, max-image-preview:large, max-video-preview:-1\" \/>\n<link rel=\"canonical\" href=\"https:\/\/soledaddurazo.com\/blog\/2021\/08\/11\/mas-740-planteles-de-educacion-basica-en-sonora-rehabilitados-durante-la-pandemia\/\" \/>\n<meta property=\"og:locale\" content=\"es_MX\" \/>\n<meta property=\"og:type\" content=\"article\" \/>\n<meta property=\"og:title\" content=\"M\u00e1s 740 planteles de educaci\u00f3n B\u00e1sica en Sonora rehabilitados durante la pandemia\" \/>\n<meta property=\"og:description\" content=\"En los 13 meses de pandemia, el Instituto Sonorense de Infraestructura Educativa (ISIE) ha venido trabajando en la reconstrucci\u00f3n, rehabilitaci\u00f3n y adecuaciones en 740 planteles de nivel b\u00e1sico en las que se han invertido 405 millones de pesos. Yalia Salido Ibarra, coordinadora ejecutiva del ISIE, manifest\u00f3 que actualmente est\u00e1n en proceso 205 acciones, 154 est\u00e1n [&hellip;]\" \/>\n<meta property=\"og:url\" content=\"https:\/\/soledaddurazo.com\/blog\/2021\/08\/11\/mas-740-planteles-de-educacion-basica-en-sonora-rehabilitados-durante-la-pandemia\/\" \/>\n<meta property=\"og:site_name\" content=\"Periodista SoledadDurazo.com\" \/>\n<meta property=\"article:publisher\" content=\"https:\/\/www.facebook.com\/soledad.durazo.9\/\" \/>\n<meta property=\"article:published_time\" content=\"2021-08-11T07:23:12+00:00\" \/>\n<meta property=\"og:image\" content=\"https:\/\/soledaddurazo.com\/storage\/2021\/08\/basic2-scaled.jpg\" \/>\n\t<meta property=\"og:image:width\" content=\"2560\" \/>\n\t<meta property=\"og:image:height\" content=\"1920\" \/>\n<meta name=\"twitter:card\" content=\"summary_large_image\" \/>\n<meta name=\"twitter:creator\" content=\"@SoledadDurazo\" \/>\n<meta name=\"twitter:site\" content=\"@SoledadDurazo\" \/>\n<meta name=\"twitter:label1\" content=\"Escrito por\" \/>\n\t<meta name=\"twitter:data1\" content=\"Redacci\u00f3n\" \/>\n\t<meta name=\"twitter:label2\" content=\"Tiempo de lectura\" \/>\n\t<meta name=\"twitter:data2\" content=\"2 minutos\" \/>\n<script type=\"application\/ld+json\" class=\"yoast-schema-graph\">{\"@context\":\"https:\/\/schema.org\",\"@graph\":[{\"@type\":\"Organization\",\"@id\":\"https:\/\/soledaddurazo.com\/#organization\",\"name\":\"Soledad Durazo\",\"url\":\"https:\/\/soledaddurazo.com\/\",\"sameAs\":[\"https:\/\/www.facebook.com\/soledad.durazo.9\/\",\"https:\/\/www.instagram.com\/soledaddurazo\",\"https:\/\/www.youtube.com\/channel\/UC9yGPw8-Vbl_B2XNkRwPS-w\",\"https:\/\/twitter.com\/SoledadDurazo\"],\"logo\":{\"@type\":\"ImageObject\",\"@id\":\"https:\/\/soledaddurazo.com\/#logo\",\"inLanguage\":\"es\",\"url\":\"https:\/\/soledaddurazo.com\/storage\/2021\/11\/nllp-720x375-1-2.png\",\"contentUrl\":\"https:\/\/soledaddurazo.com\/storage\/2021\/11\/nllp-720x375-1-2.png\",\"width\":720,\"height\":375,\"caption\":\"Soledad Durazo\"},\"image\":{\"@id\":\"https:\/\/soledaddurazo.com\/#logo\"}},{\"@type\":\"WebSite\",\"@id\":\"https:\/\/soledaddurazo.com\/#website\",\"url\":\"https:\/\/soledaddurazo.com\/\",\"name\":\"Periodista SoledadDurazo.com\",\"description\":\"Periodista sonorense. Directora de www.SoledadDurazo.com Columnista, conductora de radio y Tv. Catedr\\u00e1tica en la UNISON\",\"publisher\":{\"@id\":\"https:\/\/soledaddurazo.com\/#organization\"},\"potentialAction\":[{\"@type\":\"SearchAction\",\"target\":{\"@type\":\"EntryPoint\",\"urlTemplate\":\"https:\/\/soledaddurazo.com\/?s={search_term_string}\"},\"query-input\":\"required name=search_term_string\"}],\"inLanguage\":\"es\"},{\"@type\":\"ImageObject\",\"@id\":\"https:\/\/soledaddurazo.com\/blog\/2021\/08\/11\/mas-740-planteles-de-educacion-basica-en-sonora-rehabilitados-durante-la-pandemia\/#primaryimage\",\"inLanguage\":\"es\",\"url\":\"https:\/\/soledaddurazo.com\/storage\/2021\/08\/basic2-scaled.jpg\",\"contentUrl\":\"https:\/\/soledaddurazo.com\/storage\/2021\/08\/basic2-scaled.jpg\",\"width\":2560,\"height\":1920},{\"@type\":\"WebPage\",\"@id\":\"https:\/\/soledaddurazo.com\/blog\/2021\/08\/11\/mas-740-planteles-de-educacion-basica-en-sonora-rehabilitados-durante-la-pandemia\/#webpage\",\"url\":\"https:\/\/soledaddurazo.com\/blog\/2021\/08\/11\/mas-740-planteles-de-educacion-basica-en-sonora-rehabilitados-durante-la-pandemia\/\",\"name\":\"M\\u00e1s 740 planteles de educaci\\u00f3n B\\u00e1sica en Sonora rehabilitados durante la pandemia - Periodista SoledadDurazo.com\",\"isPartOf\":{\"@id\":\"https:\/\/soledaddurazo.com\/#website\"},\"primaryImageOfPage\":{\"@id\":\"https:\/\/soledaddurazo.com\/blog\/2021\/08\/11\/mas-740-planteles-de-educacion-basica-en-sonora-rehabilitados-durante-la-pandemia\/#primaryimage\"},\"datePublished\":\"2021-08-11T07:23:12+00:00\",\"dateModified\":\"2021-08-11T07:23:12+00:00\",\"breadcrumb\":{\"@id\":\"https:\/\/soledaddurazo.com\/blog\/2021\/08\/11\/mas-740-planteles-de-educacion-basica-en-sonora-rehabilitados-durante-la-pandemia\/#breadcrumb\"},\"inLanguage\":\"es\",\"potentialAction\":[{\"@type\":\"ReadAction\",\"target\":[\"https:\/\/soledaddurazo.com\/blog\/2021\/08\/11\/mas-740-planteles-de-educacion-basica-en-sonora-rehabilitados-durante-la-pandemia\/\"]}]},{\"@type\":\"BreadcrumbList\",\"@id\":\"https:\/\/soledaddurazo.com\/blog\/2021\/08\/11\/mas-740-planteles-de-educacion-basica-en-sonora-rehabilitados-durante-la-pandemia\/#breadcrumb\",\"itemListElement\":[{\"@type\":\"ListItem\",\"position\":1,\"name\":\"Home\",\"item\":\"https:\/\/soledaddurazo.com\/\"},{\"@type\":\"ListItem\",\"position\":2,\"name\":\"M\\u00e1s 740 planteles de educaci\\u00f3n B\\u00e1sica en Sonora rehabilitados durante la pandemia\"}]},{\"@type\":\"Article\",\"@id\":\"https:\/\/soledaddurazo.com\/blog\/2021\/08\/11\/mas-740-planteles-de-educacion-basica-en-sonora-rehabilitados-durante-la-pandemia\/#article\",\"isPartOf\":{\"@id\":\"https:\/\/soledaddurazo.com\/blog\/2021\/08\/11\/mas-740-planteles-de-educacion-basica-en-sonora-rehabilitados-durante-la-pandemia\/#webpage\"},\"author\":{\"@id\":\"https:\/\/soledaddurazo.com\/#\/schema\/person\/822d8e13aa288585e6546f179853758b\"},\"headline\":\"M\\u00e1s 740 planteles de educaci\\u00f3n B\\u00e1sica en Sonora rehabilitados durante la pandemia\",\"datePublished\":\"2021-08-11T07:23:12+00:00\",\"dateModified\":\"2021-08-11T07:23:12+00:00\",\"mainEntityOfPage\":{\"@id\":\"https:\/\/soledaddurazo.com\/blog\/2021\/08\/11\/mas-740-planteles-de-educacion-basica-en-sonora-rehabilitados-durante-la-pandemia\/#webpage\"},\"wordCount\":443,\"commentCount\":0,\"publisher\":{\"@id\":\"https:\/\/soledaddurazo.com\/#organization\"},\"image\":{\"@id\":\"https:\/\/soledaddurazo.com\/blog\/2021\/08\/11\/mas-740-planteles-de-educacion-basica-en-sonora-rehabilitados-durante-la-pandemia\/#primaryimage\"},\"thumbnailUrl\":\"https:\/\/soledaddurazo.com\/storage\/2021\/08\/basic2-scaled.jpg\",\"articleSection\":[\"Mi Sonora\"],\"inLanguage\":\"es\",\"potentialAction\":[{\"@type\":\"CommentAction\",\"name\":\"Comment\",\"target\":[\"https:\/\/soledaddurazo.com\/blog\/2021\/08\/11\/mas-740-planteles-de-educacion-basica-en-sonora-rehabilitados-durante-la-pandemia\/#respond\"]}]},{\"@type\":\"Person\",\"@id\":\"https:\/\/soledaddurazo.com\/#\/schema\/person\/822d8e13aa288585e6546f179853758b\",\"name\":\"Redacci\\u00f3n\",\"image\":{\"@type\":\"ImageObject\",\"@id\":\"https:\/\/soledaddurazo.com\/#personlogo\",\"inLanguage\":\"es\",\"url\":\"https:\/\/secure.gravatar.com\/avatar\/c4e193752f756fd61f04deebed3a3a20dc188d37edb53682d313ac57f2725d54?s=96&d=mm&r=g\",\"contentUrl\":\"https:\/\/secure.gravatar.com\/avatar\/c4e193752f756fd61f04deebed3a3a20dc188d37edb53682d313ac57f2725d54?s=96&d=mm&r=g\",\"caption\":\"Redacci\\u00f3n\"},\"sameAs\":[\"https:\/\/soledaddurazo.com\"]}]}<\/script>\n ","yoast_head_json":{"title":"M\u00e1s 740 planteles de educaci\u00f3n B\u00e1sica en Sonora rehabilitados durante la pandemia - Periodista SoledadDurazo.com","robots":{"index":"index","follow":"follow","max-snippet":"max-snippet:-1","max-image-preview":"max-image-preview:large","max-video-preview":"max-video-preview:-1"},"canonical":"https:\/\/soledaddurazo.com\/blog\/2021\/08\/11\/mas-740-planteles-de-educacion-basica-en-sonora-rehabilitados-durante-la-pandemia\/","og_locale":"es_MX","og_type":"article","og_title":"M\u00e1s 740 planteles de educaci\u00f3n B\u00e1sica en Sonora rehabilitados durante la pandemia","og_description":"En los 13 meses de pandemia, el Instituto Sonorense de Infraestructura Educativa (ISIE) ha venido trabajando en la reconstrucci\u00f3n, rehabilitaci\u00f3n y adecuaciones en 740 planteles de nivel b\u00e1sico en las que se han invertido 405 millones de pesos. Yalia Salido Ibarra, coordinadora ejecutiva del ISIE, manifest\u00f3 que actualmente est\u00e1n en proceso 205 acciones, 154 est\u00e1n [&hellip;]","og_url":"https:\/\/soledaddurazo.com\/blog\/2021\/08\/11\/mas-740-planteles-de-educacion-basica-en-sonora-rehabilitados-durante-la-pandemia\/","og_site_name":"Periodista SoledadDurazo.com","article_publisher":"https:\/\/www.facebook.com\/soledad.durazo.9\/","article_published_time":"2021-08-11T07:23:12+00:00","og_image":[{"width":2560,"height":1920,"url":"https:\/\/soledaddurazo.com\/storage\/2021\/08\/basic2-scaled.jpg","type":"image\/jpeg"}],"twitter_card":"summary_large_image","twitter_creator":"@SoledadDurazo","twitter_site":"@SoledadDurazo","twitter_misc":{"Escrito por":"Redacci\u00f3n","Tiempo de lectura":"2 minutos"},"schema":{"@context":"https:\/\/schema.org","@graph":[{"@type":"Organization","@id":"https:\/\/soledaddurazo.com\/#organization","name":"Soledad Durazo","url":"https:\/\/soledaddurazo.com\/","sameAs":["https:\/\/www.facebook.com\/soledad.durazo.9\/","https:\/\/www.instagram.com\/soledaddurazo","https:\/\/www.youtube.com\/channel\/UC9yGPw8-Vbl_B2XNkRwPS-w","https:\/\/twitter.com\/SoledadDurazo"],"logo":{"@type":"ImageObject","@id":"https:\/\/soledaddurazo.com\/#logo","inLanguage":"es","url":"https:\/\/soledaddurazo.com\/storage\/2021\/11\/nllp-720x375-1-2.png","contentUrl":"https:\/\/soledaddurazo.com\/storage\/2021\/11\/nllp-720x375-1-2.png","width":720,"height":375,"caption":"Soledad Durazo"},"image":{"@id":"https:\/\/soledaddurazo.com\/#logo"}},{"@type":"WebSite","@id":"https:\/\/soledaddurazo.com\/#website","url":"https:\/\/soledaddurazo.com\/","name":"Periodista SoledadDurazo.com","description":"Periodista sonorense. Directora de www.SoledadDurazo.com Columnista, conductora de radio y Tv. Catedr\u00e1tica en la UNISON","publisher":{"@id":"https:\/\/soledaddurazo.com\/#organization"},"potentialAction":[{"@type":"SearchAction","target":{"@type":"EntryPoint","urlTemplate":"https:\/\/soledaddurazo.com\/?s={search_term_string}"},"query-input":"required name=search_term_string"}],"inLanguage":"es"},{"@type":"ImageObject","@id":"https:\/\/soledaddurazo.com\/blog\/2021\/08\/11\/mas-740-planteles-de-educacion-basica-en-sonora-rehabilitados-durante-la-pandemia\/#primaryimage","inLanguage":"es","url":"https:\/\/soledaddurazo.com\/storage\/2021\/08\/basic2-scaled.jpg","contentUrl":"https:\/\/soledaddurazo.com\/storage\/2021\/08\/basic2-scaled.jpg","width":2560,"height":1920},{"@type":"WebPage","@id":"https:\/\/soledaddurazo.com\/blog\/2021\/08\/11\/mas-740-planteles-de-educacion-basica-en-sonora-rehabilitados-durante-la-pandemia\/#webpage","url":"https:\/\/soledaddurazo.com\/blog\/2021\/08\/11\/mas-740-planteles-de-educacion-basica-en-sonora-rehabilitados-durante-la-pandemia\/","name":"M\u00e1s 740 planteles de educaci\u00f3n B\u00e1sica en Sonora rehabilitados durante la pandemia - Periodista SoledadDurazo.com","isPartOf":{"@id":"https:\/\/soledaddurazo.com\/#website"},"primaryImageOfPage":{"@id":"https:\/\/soledaddurazo.com\/blog\/2021\/08\/11\/mas-740-planteles-de-educacion-basica-en-sonora-rehabilitados-durante-la-pandemia\/#primaryimage"},"datePublished":"2021-08-11T07:23:12+00:00","dateModified":"2021-08-11T07:23:12+00:00","breadcrumb":{"@id":"https:\/\/soledaddurazo.com\/blog\/2021\/08\/11\/mas-740-planteles-de-educacion-basica-en-sonora-rehabilitados-durante-la-pandemia\/#breadcrumb"},"inLanguage":"es","potentialAction":[{"@type":"ReadAction","target":["https:\/\/soledaddurazo.com\/blog\/2021\/08\/11\/mas-740-planteles-de-educacion-basica-en-sonora-rehabilitados-durante-la-pandemia\/"]}]},{"@type":"BreadcrumbList","@id":"https:\/\/soledaddurazo.com\/blog\/2021\/08\/11\/mas-740-planteles-de-educacion-basica-en-sonora-rehabilitados-durante-la-pandemia\/#breadcrumb","itemListElement":[{"@type":"ListItem","position":1,"name":"Home","item":"https:\/\/soledaddurazo.com\/"},{"@type":"ListItem","position":2,"name":"M\u00e1s 740 planteles de educaci\u00f3n B\u00e1sica en Sonora rehabilitados durante la pandemia"}]},{"@type":"Article","@id":"https:\/\/soledaddurazo.com\/blog\/2021\/08\/11\/mas-740-planteles-de-educacion-basica-en-sonora-rehabilitados-durante-la-pandemia\/#article","isPartOf":{"@id":"https:\/\/soledaddurazo.com\/blog\/2021\/08\/11\/mas-740-planteles-de-educacion-basica-en-sonora-rehabilitados-durante-la-pandemia\/#webpage"},"author":{"@id":"https:\/\/soledaddurazo.com\/#\/schema\/person\/822d8e13aa288585e6546f179853758b"},"headline":"M\u00e1s 740 planteles de educaci\u00f3n B\u00e1sica en Sonora rehabilitados durante la pandemia","datePublished":"2021-08-11T07:23:12+00:00","dateModified":"2021-08-11T07:23:12+00:00","mainEntityOfPage":{"@id":"https:\/\/soledaddurazo.com\/blog\/2021\/08\/11\/mas-740-planteles-de-educacion-basica-en-sonora-rehabilitados-durante-la-pandemia\/#webpage"},"wordCount":443,"commentCount":0,"publisher":{"@id":"https:\/\/soledaddurazo.com\/#organization"},"image":{"@id":"https:\/\/soledaddurazo.com\/blog\/2021\/08\/11\/mas-740-planteles-de-educacion-basica-en-sonora-rehabilitados-durante-la-pandemia\/#primaryimage"},"thumbnailUrl":"https:\/\/soledaddurazo.com\/storage\/2021\/08\/basic2-scaled.jpg","articleSection":["Mi Sonora"],"inLanguage":"es","potentialAction":[{"@type":"CommentAction","name":"Comment","target":["https:\/\/soledaddurazo.com\/blog\/2021\/08\/11\/mas-740-planteles-de-educacion-basica-en-sonora-rehabilitados-durante-la-pandemia\/#respond"]}]},{"@type":"Person","@id":"https:\/\/soledaddurazo.com\/#\/schema\/person\/822d8e13aa288585e6546f179853758b","name":"Redacci\u00f3n","image":{"@type":"ImageObject","@id":"https:\/\/soledaddurazo.com\/#personlogo","inLanguage":"es","url":"https:\/\/secure.gravatar.com\/avatar\/c4e193752f756fd61f04deebed3a3a20dc188d37edb53682d313ac57f2725d54?s=96&d=mm&r=g","contentUrl":"https:\/\/secure.gravatar.com\/avatar\/c4e193752f756fd61f04deebed3a3a20dc188d37edb53682d313ac57f2725d54?s=96&d=mm&r=g","caption":"Redacci\u00f3n"},"sameAs":["https:\/\/soledaddurazo.com"]}]}},"_links":{"self":[{"href":"https:\/\/soledaddurazo.com\/api\/wp\/v2\/posts\/10079","targetHints":{"allow":["GET"]}}],"collection":[{"href":"https:\/\/soledaddurazo.com\/api\/wp\/v2\/posts"}],"about":[{"href":"https:\/\/soledaddurazo.com\/api\/wp\/v2\/types\/post"}],"author":[{"embeddable":true,"href":"https:\/\/soledaddurazo.com\/api\/wp\/v2\/users\/1"}],"replies":[{"embeddable":true,"href":"https:\/\/soledaddurazo.com\/api\/wp\/v2\/comments?post=10079"}],"version-history":[{"count":1,"href":"https:\/\/soledaddurazo.com\/api\/wp\/v2\/posts\/10079\/revisions"}],"predecessor-version":[{"id":10081,"href":"https:\/\/soledaddurazo.com\/api\/wp\/v2\/posts\/10079\/revisions\/10081"}],"wp:featuredmedia":[{"embeddable":true,"href":"https:\/\/soledaddurazo.com\/api\/wp\/v2\/media\/10080"}],"wp:attachment":[{"href":"https:\/\/soledaddurazo.com\/api\/wp\/v2\/media?parent=10079"}],"wp:term":[{"taxonomy":"category","embeddable":true,"href":"https:\/\/soledaddurazo.com\/api\/wp\/v2\/categories?post=10079"},{"taxonomy":"post_tag","embeddable":true,"href":"https:\/\/soledaddurazo.com\/api\/wp\/v2\/tags?post=10079"}],"curies":[{"name":"wp","href":"https:\/\/api.w.org\/{rel}","templated":true}]}}