{"id":10067,"date":"2021-08-11T00:06:29","date_gmt":"2021-08-11T07:06:29","guid":{"rendered":"https:\/\/soledaddurazo.com\/?p=10067"},"modified":"2021-08-11T00:07:59","modified_gmt":"2021-08-11T07:07:59","slug":"los-baches-no-son-el-problema","status":"publish","type":"post","link":"https:\/\/soledaddurazo.com\/blog\/2021\/08\/11\/los-baches-no-son-el-problema\/","title":{"rendered":"Los baches no son el problema"},"content":{"rendered":"<p>Los baches en Hermosillo han venido a convertirse en una especie de apellido para la ciudad.<\/p>\n<p>Un recorrido r\u00e1pido hacia las recientes administraciones municipales nos recuerda por ejemplo la promesa de campa\u00f1a de Maloro Acosta y una de sus principales acciones: tapar baches.<\/p>\n<p>En aquella ocasi\u00f3n recurri\u00f3 a constructores locales que financiaron el recurso para entrar con un programa agresivo de bacheo.<\/p>\n<p>Se fue Maloro y entr\u00f3 C\u00e9lida L\u00f3pez\u00a0para encontrarse con el mismo problema y es uno de los que estar\u00e1 recibiendo la administraci\u00f3n de To\u00f1o Astiazar\u00e1n.<\/p>\n<p>Previo a su entrada a la Alcald\u00eda Astiazar\u00e1n Guti\u00e9rrez conform\u00f3 una serie de grupos sobre temas espec\u00edficos para que le hagan un diagn\u00f3stico y propuestas de soluci\u00f3n.<\/p>\n<p>El grupo que revisa lo relativo a la Infraestructura present\u00f3 su informe sobre dos temas fundamentales: los baches y el agua. S\u00ed, los eternos problemas de la capital sonorense.<\/p>\n<p>El bache no es el problema, es la reacci\u00f3n a una problem\u00e1tica, me dec\u00eda ayer en entrevista el Ing. Alfonso Reina presidente de la C\u00e1mara de la Construcci\u00f3n en Sonora (CMIC)<\/p>\n<p>La cuesti\u00f3n es entonces irse a la ra\u00edz del problema y el Comit\u00e9 de infraestructura lo ubica muy bien: falta una adecuada planeaci\u00f3n con enfoque t\u00e9cnico, control de la calidad de los materiales y de la forma en que se lleva a cabo el mantenimiento.<\/p>\n<p>Si el pavimento tiene un mantenimiento preventivo, evita que a la carpeta le entre agua que es lo que viene a convertirse en el c\u00e1ncer para el asfalto y es lo que luego provoca el bache. Una carpeta de calidad, bien compactada no deja que le entre agua, una grieta atendida a tiempo evita que se genere el bache pero eso se hace con planeaci\u00f3n y lo que vemos es que en cuanto pasan las lluvias empiezan las cuadrillas a tapar baches que evidentemente urge cubrirlos porque la presi\u00f3n social y el costo pol\u00edtico es fuerte, pero no es lo m\u00e1s conveniente, el mantenimiento para que dure, se da cuando no llueve, en las secas y en esto como en todo, mantener, prevenir es siempre m\u00e1s barato que corregir, que curar.<\/p>\n<p>El comit\u00e9 de infraestructura tambi\u00e9n propone al alcalde electo que se certifiquen las plantas que producen el asfalto precisamente para asegurar la calidad de los materiales, que el mantenimiento a las calles se haga de noche para evitar lo m\u00e1s posible problemas en la movilidad de los hermosillenses.<\/p>\n<p>Con relaci\u00f3n al tema del agua, la nueva administraci\u00f3n como las anteriores entrar\u00e1 para toparse con el problema de la micro y macro medici\u00f3n. La mitad de las casas en Hermosillo tienen medidor, pero otro tanto no cuenta con ello y en estas \u00faltimas se va el 80% del agua que se consume. La recaudaci\u00f3n en materia de agua tambi\u00e9n cay\u00f3 de 50 a 32%, se distribuye m\u00e1s agua, pero se cobra menos.<\/p>\n<p>Son dos temas que de entrada requieren de atenci\u00f3n urgente y de la aplicaci\u00f3n de modelos eficaces que sientan bases, que trascienden administraciones.<\/p>\n<p>&nbsp;<\/p>\n<p>Ojal\u00e1 sigamos coincidiendo\u00a0en\u00a0<a href=\"https:\/\/www.soledaddurazo.com\/\">www.SoledadDurazo.com<\/a>\u00a0@SoledadDurazo\u00a0FB\/SoledadDurazo IG: soledaddurazo YT: SoledadDurazo<\/p>\n<p>&nbsp;<\/p>\n","protected":false},"excerpt":{"rendered":"<p>Los baches en Hermosillo han venido a convertirse en una especie de apellido para la ciudad. Un recorrido r\u00e1pido hacia las recientes administraciones municipales nos recuerda por ejemplo la promesa de campa\u00f1a de Maloro Acosta y una de sus principales acciones: tapar baches. En aquella ocasi\u00f3n recurri\u00f3 a constructores locales que financiaron el recurso para [&hellip;]<\/p>\n","protected":false},"author":1,"featured_media":9683,"comment_status":"open","ping_status":"open","sticky":false,"template":"","format":"standard","meta":{"footnotes":""},"categories":[162],"tags":[],"class_list":["post"],"yoast_head":" \n<title>Los baches no son el problema - Periodista SoledadDurazo.com<\/title>\n<meta name=\"robots\" content=\"index, follow, max-snippet:-1, max-image-preview:large, max-video-preview:-1\" \/>\n<link rel=\"canonical\" href=\"https:\/\/soledaddurazo.com\/blog\/2021\/08\/11\/los-baches-no-son-el-problema\/\" \/>\n<meta property=\"og:locale\" content=\"es_MX\" \/>\n<meta property=\"og:type\" content=\"article\" \/>\n<meta property=\"og:title\" content=\"Los baches no son el problema\" \/>\n<meta property=\"og:description\" content=\"Los baches en Hermosillo han venido a convertirse en una especie de apellido para la ciudad. Un recorrido r\u00e1pido hacia las recientes administraciones municipales nos recuerda por ejemplo la promesa de campa\u00f1a de Maloro Acosta y una de sus principales acciones: tapar baches. En aquella ocasi\u00f3n recurri\u00f3 a constructores locales que financiaron el recurso para [&hellip;]\" \/>\n<meta property=\"og:url\" content=\"https:\/\/soledaddurazo.com\/blog\/2021\/08\/11\/los-baches-no-son-el-problema\/\" \/>\n<meta property=\"og:site_name\" content=\"Periodista SoledadDurazo.com\" \/>\n<meta property=\"article:publisher\" content=\"https:\/\/www.facebook.com\/soledad.durazo.9\/\" \/>\n<meta property=\"article:published_time\" content=\"2021-08-11T07:06:29+00:00\" \/>\n<meta property=\"article:modified_time\" content=\"2021-08-11T07:07:59+00:00\" \/>\n<meta property=\"og:image\" content=\"https:\/\/soledaddurazo.com\/storage\/2021\/07\/nllp-720x375-1-2.png\" \/>\n\t<meta property=\"og:image:width\" content=\"720\" \/>\n\t<meta property=\"og:image:height\" content=\"375\" \/>\n<meta name=\"twitter:card\" content=\"summary_large_image\" \/>\n<meta name=\"twitter:creator\" content=\"@SoledadDurazo\" \/>\n<meta name=\"twitter:site\" content=\"@SoledadDurazo\" \/>\n<meta name=\"twitter:label1\" content=\"Escrito por\" \/>\n\t<meta name=\"twitter:data1\" content=\"Redacci\u00f3n\" \/>\n\t<meta name=\"twitter:label2\" content=\"Tiempo de lectura\" \/>\n\t<meta name=\"twitter:data2\" content=\"3 minutos\" \/>\n<script type=\"application\/ld+json\" class=\"yoast-schema-graph\">{\"@context\":\"https:\/\/schema.org\",\"@graph\":[{\"@type\":\"Organization\",\"@id\":\"https:\/\/soledaddurazo.com\/#organization\",\"name\":\"Soledad Durazo\",\"url\":\"https:\/\/soledaddurazo.com\/\",\"sameAs\":[\"https:\/\/www.facebook.com\/soledad.durazo.9\/\",\"https:\/\/www.instagram.com\/soledaddurazo\",\"https:\/\/www.youtube.com\/channel\/UC9yGPw8-Vbl_B2XNkRwPS-w\",\"https:\/\/twitter.com\/SoledadDurazo\"],\"logo\":{\"@type\":\"ImageObject\",\"@id\":\"https:\/\/soledaddurazo.com\/#logo\",\"inLanguage\":\"es\",\"url\":\"https:\/\/soledaddurazo.com\/storage\/2021\/11\/nllp-720x375-1-2.png\",\"contentUrl\":\"https:\/\/soledaddurazo.com\/storage\/2021\/11\/nllp-720x375-1-2.png\",\"width\":720,\"height\":375,\"caption\":\"Soledad Durazo\"},\"image\":{\"@id\":\"https:\/\/soledaddurazo.com\/#logo\"}},{\"@type\":\"WebSite\",\"@id\":\"https:\/\/soledaddurazo.com\/#website\",\"url\":\"https:\/\/soledaddurazo.com\/\",\"name\":\"Periodista SoledadDurazo.com\",\"description\":\"Periodista sonorense. Directora de www.SoledadDurazo.com Columnista, conductora de radio y Tv. Catedr\\u00e1tica en la UNISON\",\"publisher\":{\"@id\":\"https:\/\/soledaddurazo.com\/#organization\"},\"potentialAction\":[{\"@type\":\"SearchAction\",\"target\":{\"@type\":\"EntryPoint\",\"urlTemplate\":\"https:\/\/soledaddurazo.com\/?s={search_term_string}\"},\"query-input\":\"required name=search_term_string\"}],\"inLanguage\":\"es\"},{\"@type\":\"ImageObject\",\"@id\":\"https:\/\/soledaddurazo.com\/blog\/2021\/08\/11\/los-baches-no-son-el-problema\/#primaryimage\",\"inLanguage\":\"es\",\"url\":\"https:\/\/soledaddurazo.com\/storage\/2021\/07\/nllp-720x375-1-2.png\",\"contentUrl\":\"https:\/\/soledaddurazo.com\/storage\/2021\/07\/nllp-720x375-1-2.png\",\"width\":720,\"height\":375},{\"@type\":\"WebPage\",\"@id\":\"https:\/\/soledaddurazo.com\/blog\/2021\/08\/11\/los-baches-no-son-el-problema\/#webpage\",\"url\":\"https:\/\/soledaddurazo.com\/blog\/2021\/08\/11\/los-baches-no-son-el-problema\/\",\"name\":\"Los baches no son el problema - Periodista SoledadDurazo.com\",\"isPartOf\":{\"@id\":\"https:\/\/soledaddurazo.com\/#website\"},\"primaryImageOfPage\":{\"@id\":\"https:\/\/soledaddurazo.com\/blog\/2021\/08\/11\/los-baches-no-son-el-problema\/#primaryimage\"},\"datePublished\":\"2021-08-11T07:06:29+00:00\",\"dateModified\":\"2021-08-11T07:07:59+00:00\",\"breadcrumb\":{\"@id\":\"https:\/\/soledaddurazo.com\/blog\/2021\/08\/11\/los-baches-no-son-el-problema\/#breadcrumb\"},\"inLanguage\":\"es\",\"potentialAction\":[{\"@type\":\"ReadAction\",\"target\":[\"https:\/\/soledaddurazo.com\/blog\/2021\/08\/11\/los-baches-no-son-el-problema\/\"]}]},{\"@type\":\"BreadcrumbList\",\"@id\":\"https:\/\/soledaddurazo.com\/blog\/2021\/08\/11\/los-baches-no-son-el-problema\/#breadcrumb\",\"itemListElement\":[{\"@type\":\"ListItem\",\"position\":1,\"name\":\"Home\",\"item\":\"https:\/\/soledaddurazo.com\/\"},{\"@type\":\"ListItem\",\"position\":2,\"name\":\"Los baches no son el problema\"}]},{\"@type\":\"Article\",\"@id\":\"https:\/\/soledaddurazo.com\/blog\/2021\/08\/11\/los-baches-no-son-el-problema\/#article\",\"isPartOf\":{\"@id\":\"https:\/\/soledaddurazo.com\/blog\/2021\/08\/11\/los-baches-no-son-el-problema\/#webpage\"},\"author\":{\"@id\":\"https:\/\/soledaddurazo.com\/#\/schema\/person\/822d8e13aa288585e6546f179853758b\"},\"headline\":\"Los baches no son el problema\",\"datePublished\":\"2021-08-11T07:06:29+00:00\",\"dateModified\":\"2021-08-11T07:07:59+00:00\",\"mainEntityOfPage\":{\"@id\":\"https:\/\/soledaddurazo.com\/blog\/2021\/08\/11\/los-baches-no-son-el-problema\/#webpage\"},\"wordCount\":553,\"commentCount\":0,\"publisher\":{\"@id\":\"https:\/\/soledaddurazo.com\/#organization\"},\"image\":{\"@id\":\"https:\/\/soledaddurazo.com\/blog\/2021\/08\/11\/los-baches-no-son-el-problema\/#primaryimage\"},\"thumbnailUrl\":\"https:\/\/soledaddurazo.com\/storage\/2021\/07\/nllp-720x375-1-2.png\",\"articleSection\":[\"Lo digo como es\"],\"inLanguage\":\"es\",\"potentialAction\":[{\"@type\":\"CommentAction\",\"name\":\"Comment\",\"target\":[\"https:\/\/soledaddurazo.com\/blog\/2021\/08\/11\/los-baches-no-son-el-problema\/#respond\"]}]},{\"@type\":\"Person\",\"@id\":\"https:\/\/soledaddurazo.com\/#\/schema\/person\/822d8e13aa288585e6546f179853758b\",\"name\":\"Redacci\\u00f3n\",\"image\":{\"@type\":\"ImageObject\",\"@id\":\"https:\/\/soledaddurazo.com\/#personlogo\",\"inLanguage\":\"es\",\"url\":\"https:\/\/secure.gravatar.com\/avatar\/c4e193752f756fd61f04deebed3a3a20dc188d37edb53682d313ac57f2725d54?s=96&d=mm&r=g\",\"contentUrl\":\"https:\/\/secure.gravatar.com\/avatar\/c4e193752f756fd61f04deebed3a3a20dc188d37edb53682d313ac57f2725d54?s=96&d=mm&r=g\",\"caption\":\"Redacci\\u00f3n\"},\"sameAs\":[\"https:\/\/soledaddurazo.com\"]}]}<\/script>\n ","yoast_head_json":{"title":"Los baches no son el problema - Periodista SoledadDurazo.com","robots":{"index":"index","follow":"follow","max-snippet":"max-snippet:-1","max-image-preview":"max-image-preview:large","max-video-preview":"max-video-preview:-1"},"canonical":"https:\/\/soledaddurazo.com\/blog\/2021\/08\/11\/los-baches-no-son-el-problema\/","og_locale":"es_MX","og_type":"article","og_title":"Los baches no son el problema","og_description":"Los baches en Hermosillo han venido a convertirse en una especie de apellido para la ciudad. Un recorrido r\u00e1pido hacia las recientes administraciones municipales nos recuerda por ejemplo la promesa de campa\u00f1a de Maloro Acosta y una de sus principales acciones: tapar baches. En aquella ocasi\u00f3n recurri\u00f3 a constructores locales que financiaron el recurso para [&hellip;]","og_url":"https:\/\/soledaddurazo.com\/blog\/2021\/08\/11\/los-baches-no-son-el-problema\/","og_site_name":"Periodista SoledadDurazo.com","article_publisher":"https:\/\/www.facebook.com\/soledad.durazo.9\/","article_published_time":"2021-08-11T07:06:29+00:00","article_modified_time":"2021-08-11T07:07:59+00:00","og_image":[{"width":720,"height":375,"url":"https:\/\/soledaddurazo.com\/storage\/2021\/07\/nllp-720x375-1-2.png","type":"image\/png"}],"twitter_card":"summary_large_image","twitter_creator":"@SoledadDurazo","twitter_site":"@SoledadDurazo","twitter_misc":{"Escrito por":"Redacci\u00f3n","Tiempo de lectura":"3 minutos"},"schema":{"@context":"https:\/\/schema.org","@graph":[{"@type":"Organization","@id":"https:\/\/soledaddurazo.com\/#organization","name":"Soledad Durazo","url":"https:\/\/soledaddurazo.com\/","sameAs":["https:\/\/www.facebook.com\/soledad.durazo.9\/","https:\/\/www.instagram.com\/soledaddurazo","https:\/\/www.youtube.com\/channel\/UC9yGPw8-Vbl_B2XNkRwPS-w","https:\/\/twitter.com\/SoledadDurazo"],"logo":{"@type":"ImageObject","@id":"https:\/\/soledaddurazo.com\/#logo","inLanguage":"es","url":"https:\/\/soledaddurazo.com\/storage\/2021\/11\/nllp-720x375-1-2.png","contentUrl":"https:\/\/soledaddurazo.com\/storage\/2021\/11\/nllp-720x375-1-2.png","width":720,"height":375,"caption":"Soledad Durazo"},"image":{"@id":"https:\/\/soledaddurazo.com\/#logo"}},{"@type":"WebSite","@id":"https:\/\/soledaddurazo.com\/#website","url":"https:\/\/soledaddurazo.com\/","name":"Periodista SoledadDurazo.com","description":"Periodista sonorense. Directora de www.SoledadDurazo.com Columnista, conductora de radio y Tv. Catedr\u00e1tica en la UNISON","publisher":{"@id":"https:\/\/soledaddurazo.com\/#organization"},"potentialAction":[{"@type":"SearchAction","target":{"@type":"EntryPoint","urlTemplate":"https:\/\/soledaddurazo.com\/?s={search_term_string}"},"query-input":"required name=search_term_string"}],"inLanguage":"es"},{"@type":"ImageObject","@id":"https:\/\/soledaddurazo.com\/blog\/2021\/08\/11\/los-baches-no-son-el-problema\/#primaryimage","inLanguage":"es","url":"https:\/\/soledaddurazo.com\/storage\/2021\/07\/nllp-720x375-1-2.png","contentUrl":"https:\/\/soledaddurazo.com\/storage\/2021\/07\/nllp-720x375-1-2.png","width":720,"height":375},{"@type":"WebPage","@id":"https:\/\/soledaddurazo.com\/blog\/2021\/08\/11\/los-baches-no-son-el-problema\/#webpage","url":"https:\/\/soledaddurazo.com\/blog\/2021\/08\/11\/los-baches-no-son-el-problema\/","name":"Los baches no son el problema - Periodista SoledadDurazo.com","isPartOf":{"@id":"https:\/\/soledaddurazo.com\/#website"},"primaryImageOfPage":{"@id":"https:\/\/soledaddurazo.com\/blog\/2021\/08\/11\/los-baches-no-son-el-problema\/#primaryimage"},"datePublished":"2021-08-11T07:06:29+00:00","dateModified":"2021-08-11T07:07:59+00:00","breadcrumb":{"@id":"https:\/\/soledaddurazo.com\/blog\/2021\/08\/11\/los-baches-no-son-el-problema\/#breadcrumb"},"inLanguage":"es","potentialAction":[{"@type":"ReadAction","target":["https:\/\/soledaddurazo.com\/blog\/2021\/08\/11\/los-baches-no-son-el-problema\/"]}]},{"@type":"BreadcrumbList","@id":"https:\/\/soledaddurazo.com\/blog\/2021\/08\/11\/los-baches-no-son-el-problema\/#breadcrumb","itemListElement":[{"@type":"ListItem","position":1,"name":"Home","item":"https:\/\/soledaddurazo.com\/"},{"@type":"ListItem","position":2,"name":"Los baches no son el problema"}]},{"@type":"Article","@id":"https:\/\/soledaddurazo.com\/blog\/2021\/08\/11\/los-baches-no-son-el-problema\/#article","isPartOf":{"@id":"https:\/\/soledaddurazo.com\/blog\/2021\/08\/11\/los-baches-no-son-el-problema\/#webpage"},"author":{"@id":"https:\/\/soledaddurazo.com\/#\/schema\/person\/822d8e13aa288585e6546f179853758b"},"headline":"Los baches no son el problema","datePublished":"2021-08-11T07:06:29+00:00","dateModified":"2021-08-11T07:07:59+00:00","mainEntityOfPage":{"@id":"https:\/\/soledaddurazo.com\/blog\/2021\/08\/11\/los-baches-no-son-el-problema\/#webpage"},"wordCount":553,"commentCount":0,"publisher":{"@id":"https:\/\/soledaddurazo.com\/#organization"},"image":{"@id":"https:\/\/soledaddurazo.com\/blog\/2021\/08\/11\/los-baches-no-son-el-problema\/#primaryimage"},"thumbnailUrl":"https:\/\/soledaddurazo.com\/storage\/2021\/07\/nllp-720x375-1-2.png","articleSection":["Lo digo como es"],"inLanguage":"es","potentialAction":[{"@type":"CommentAction","name":"Comment","target":["https:\/\/soledaddurazo.com\/blog\/2021\/08\/11\/los-baches-no-son-el-problema\/#respond"]}]},{"@type":"Person","@id":"https:\/\/soledaddurazo.com\/#\/schema\/person\/822d8e13aa288585e6546f179853758b","name":"Redacci\u00f3n","image":{"@type":"ImageObject","@id":"https:\/\/soledaddurazo.com\/#personlogo","inLanguage":"es","url":"https:\/\/secure.gravatar.com\/avatar\/c4e193752f756fd61f04deebed3a3a20dc188d37edb53682d313ac57f2725d54?s=96&d=mm&r=g","contentUrl":"https:\/\/secure.gravatar.com\/avatar\/c4e193752f756fd61f04deebed3a3a20dc188d37edb53682d313ac57f2725d54?s=96&d=mm&r=g","caption":"Redacci\u00f3n"},"sameAs":["https:\/\/soledaddurazo.com"]}]}},"_links":{"self":[{"href":"https:\/\/soledaddurazo.com\/api\/wp\/v2\/posts\/10067","targetHints":{"allow":["GET"]}}],"collection":[{"href":"https:\/\/soledaddurazo.com\/api\/wp\/v2\/posts"}],"about":[{"href":"https:\/\/soledaddurazo.com\/api\/wp\/v2\/types\/post"}],"author":[{"embeddable":true,"href":"https:\/\/soledaddurazo.com\/api\/wp\/v2\/users\/1"}],"replies":[{"embeddable":true,"href":"https:\/\/soledaddurazo.com\/api\/wp\/v2\/comments?post=10067"}],"version-history":[{"count":1,"href":"https:\/\/soledaddurazo.com\/api\/wp\/v2\/posts\/10067\/revisions"}],"predecessor-version":[{"id":10069,"href":"https:\/\/soledaddurazo.com\/api\/wp\/v2\/posts\/10067\/revisions\/10069"}],"wp:featuredmedia":[{"embeddable":true,"href":"https:\/\/soledaddurazo.com\/api\/wp\/v2\/media\/9683"}],"wp:attachment":[{"href":"https:\/\/soledaddurazo.com\/api\/wp\/v2\/media?parent=10067"}],"wp:term":[{"taxonomy":"category","embeddable":true,"href":"https:\/\/soledaddurazo.com\/api\/wp\/v2\/categories?post=10067"},{"taxonomy":"post_tag","embeddable":true,"href":"https:\/\/soledaddurazo.com\/api\/wp\/v2\/tags?post=10067"}],"curies":[{"name":"wp","href":"https:\/\/api.w.org\/{rel}","templated":true}]}}