{"id":10020,"date":"2021-08-08T21:55:27","date_gmt":"2021-08-09T04:55:27","guid":{"rendered":"https:\/\/soledaddurazo.com\/?p=10020"},"modified":"2021-08-08T21:55:27","modified_gmt":"2021-08-09T04:55:27","slug":"reconocen-gran-respuesta-de-jovenes-a-la-vacunacion-contra-covid-19","status":"publish","type":"post","link":"https:\/\/soledaddurazo.com\/blog\/2021\/08\/08\/reconocen-gran-respuesta-de-jovenes-a-la-vacunacion-contra-covid-19\/","title":{"rendered":"Reconocen gran respuesta de j\u00f3venes a la vacunaci\u00f3n contra COVID-19"},"content":{"rendered":"<p align=\"left\">\u00a0La extraordinaria y masiva respuesta de la poblaci\u00f3n de 18 a 29 a\u00f1os de edad al programa de vacunaci\u00f3n contra COVID-19, a quienes no los detuvo ni la lluvia, es una muestra de su compromiso y responsabilidad con su salud y con la de sus familias, expres\u00f3 la gobernadora Claudia Pavlovich Arellano.<\/p>\n<p align=\"left\">Al destacar la excelente participaci\u00f3n de las y los j\u00f3venes de Sonora en esta jornada, la mandataria sonorense inform\u00f3 que tuvo que ampliarse hasta el mi\u00e9rcoles 11 de agosto el periodo de vacunaci\u00f3n para alcanzar a dar respuesta a la demanda, por lo que agradeci\u00f3 a personal de Salud estatal y federal y al de la Secretar\u00eda del Bienestar por las extenuantes jornadas que se estuvieron llevando a cabo.<\/p>\n<p align=\"left\">De acuerdo a los datos recabados por la Secretar\u00eda de Salud en Sonora, este fin de semana se vivi\u00f3 una jornada intensa de vacunaci\u00f3n en Empalme, Etchojoa, Cajeme y Hermosillo, en los primeros dos d\u00edas, viernes y s\u00e1bado, se aplicaron 100 mil 611 dosis a j\u00f3venes de 18 a 29 a\u00f1os y personas de otros grupos de edad que se dieron cita a los centros de vacunaci\u00f3n en estos municipios.<\/p>\n<p align=\"left\">\u201cEstamos hablando de m\u00e1s de 60 mil j\u00f3venes en los dos primeros d\u00edas solo en Hermosillo y a\u00fan falta sumar a los de este domingo, las filas tambi\u00e9n daban cuenta de una extraordinaria participaci\u00f3n y eso habla de j\u00f3venes muy responsables con su familia, con su comunidad y su estado, de verdad muchas gracias por su compromiso\u201d, extern\u00f3.<\/p>\n<p align=\"left\">Enrique Clausen Iberri, secretario de Salud en Sonora inform\u00f3 que en Hermosillo, se aplicaron 60 mil 847 dosis a j\u00f3venes de entre 18 y 29 a\u00f1os de edad, lo que representaba hasta el inicio de la jornada de este domingo un avance de 59%; en Empalme se alcanz\u00f3 un avance de 78%, Etchojoa de 94% y Cajeme 69%, quedando pendientes por aplicar un total de 73 mil 239 dosis incluyendo la ciudad de Hermosillo.<\/p>\n<p align=\"left\">\u201cEstamos muy satisfechos con el proceso de vacunaci\u00f3n en los j\u00f3venes, est\u00e1n comprendiendo la importancia de recibir la vacuna contra este virus que est\u00e1 afectando de manera importante a este grupo de edad\u201d, resalt\u00f3.<\/p>\n<p align=\"left\">Clausen Iberri reconoci\u00f3 a las y los j\u00f3venes por no dejar pasar la oportunidad de aplicarse la vacuna que los proteger\u00e1 de la forma grave de la enfermedad y con ello contribuir\u00e1n a la inmunidad de la mayor\u00eda de la poblaci\u00f3n.<\/p>\n<p align=\"left\">Asimismo, record\u00f3 que el estado se encuentra en color naranja, es decir en riesgo alto, en el sem\u00e1foro federal\u00a0 por lo\u00a0 que es primordial reducir la movilidad y mantener las medidas preventivas contra el virus, como el lavado frecuente de manos, uso correcto del cubrebocas y mantener la sana distancia entre personas.<\/p>\n","protected":false},"excerpt":{"rendered":"<p>\u00a0La extraordinaria y masiva respuesta de la poblaci\u00f3n de 18 a 29 a\u00f1os de edad al programa de vacunaci\u00f3n contra COVID-19, a quienes no los detuvo ni la lluvia, es una muestra de su compromiso y responsabilidad con su salud y con la de sus familias, expres\u00f3 la gobernadora Claudia Pavlovich Arellano. Al destacar la [&hellip;]<\/p>\n","protected":false},"author":1,"featured_media":10021,"comment_status":"open","ping_status":"open","sticky":false,"template":"","format":"standard","meta":{"footnotes":""},"categories":[159],"tags":[],"class_list":["post"],"yoast_head":" \n<title>Reconocen gran respuesta de j\u00f3venes a la vacunaci\u00f3n contra COVID-19 - Periodista SoledadDurazo.com<\/title>\n<meta name=\"robots\" content=\"index, follow, max-snippet:-1, max-image-preview:large, max-video-preview:-1\" \/>\n<link rel=\"canonical\" href=\"https:\/\/soledaddurazo.com\/blog\/2021\/08\/08\/reconocen-gran-respuesta-de-jovenes-a-la-vacunacion-contra-covid-19\/\" \/>\n<meta property=\"og:locale\" content=\"es_MX\" \/>\n<meta property=\"og:type\" content=\"article\" \/>\n<meta property=\"og:title\" content=\"Reconocen gran respuesta de j\u00f3venes a la vacunaci\u00f3n contra COVID-19\" \/>\n<meta property=\"og:description\" content=\"\u00a0La extraordinaria y masiva respuesta de la poblaci\u00f3n de 18 a 29 a\u00f1os de edad al programa de vacunaci\u00f3n contra COVID-19, a quienes no los detuvo ni la lluvia, es una muestra de su compromiso y responsabilidad con su salud y con la de sus familias, expres\u00f3 la gobernadora Claudia Pavlovich Arellano. Al destacar la [&hellip;]\" \/>\n<meta property=\"og:url\" content=\"https:\/\/soledaddurazo.com\/blog\/2021\/08\/08\/reconocen-gran-respuesta-de-jovenes-a-la-vacunacion-contra-covid-19\/\" \/>\n<meta property=\"og:site_name\" content=\"Periodista SoledadDurazo.com\" \/>\n<meta property=\"article:publisher\" content=\"https:\/\/www.facebook.com\/soledad.durazo.9\/\" \/>\n<meta property=\"article:published_time\" content=\"2021-08-09T04:55:27+00:00\" \/>\n<meta property=\"og:image\" content=\"https:\/\/soledaddurazo.com\/storage\/2021\/08\/unnamed-2021-08-08T185057.616.jpg\" \/>\n\t<meta property=\"og:image:width\" content=\"1200\" \/>\n\t<meta property=\"og:image:height\" content=\"690\" \/>\n<meta name=\"twitter:card\" content=\"summary_large_image\" \/>\n<meta name=\"twitter:creator\" content=\"@SoledadDurazo\" \/>\n<meta name=\"twitter:site\" content=\"@SoledadDurazo\" \/>\n<meta name=\"twitter:label1\" content=\"Escrito por\" \/>\n\t<meta name=\"twitter:data1\" content=\"Redacci\u00f3n\" \/>\n\t<meta name=\"twitter:label2\" content=\"Tiempo de lectura\" \/>\n\t<meta name=\"twitter:data2\" content=\"2 minutos\" \/>\n<script type=\"application\/ld+json\" class=\"yoast-schema-graph\">{\"@context\":\"https:\/\/schema.org\",\"@graph\":[{\"@type\":\"Organization\",\"@id\":\"https:\/\/soledaddurazo.com\/#organization\",\"name\":\"Soledad Durazo\",\"url\":\"https:\/\/soledaddurazo.com\/\",\"sameAs\":[\"https:\/\/www.facebook.com\/soledad.durazo.9\/\",\"https:\/\/www.instagram.com\/soledaddurazo\",\"https:\/\/www.youtube.com\/channel\/UC9yGPw8-Vbl_B2XNkRwPS-w\",\"https:\/\/twitter.com\/SoledadDurazo\"],\"logo\":{\"@type\":\"ImageObject\",\"@id\":\"https:\/\/soledaddurazo.com\/#logo\",\"inLanguage\":\"es\",\"url\":\"https:\/\/soledaddurazo.com\/storage\/2021\/11\/nllp-720x375-1-2.png\",\"contentUrl\":\"https:\/\/soledaddurazo.com\/storage\/2021\/11\/nllp-720x375-1-2.png\",\"width\":720,\"height\":375,\"caption\":\"Soledad Durazo\"},\"image\":{\"@id\":\"https:\/\/soledaddurazo.com\/#logo\"}},{\"@type\":\"WebSite\",\"@id\":\"https:\/\/soledaddurazo.com\/#website\",\"url\":\"https:\/\/soledaddurazo.com\/\",\"name\":\"Periodista SoledadDurazo.com\",\"description\":\"Periodista sonorense. Directora de www.SoledadDurazo.com Columnista, conductora de radio y Tv. Catedr\\u00e1tica en la UNISON\",\"publisher\":{\"@id\":\"https:\/\/soledaddurazo.com\/#organization\"},\"potentialAction\":[{\"@type\":\"SearchAction\",\"target\":{\"@type\":\"EntryPoint\",\"urlTemplate\":\"https:\/\/soledaddurazo.com\/?s={search_term_string}\"},\"query-input\":\"required name=search_term_string\"}],\"inLanguage\":\"es\"},{\"@type\":\"ImageObject\",\"@id\":\"https:\/\/soledaddurazo.com\/blog\/2021\/08\/08\/reconocen-gran-respuesta-de-jovenes-a-la-vacunacion-contra-covid-19\/#primaryimage\",\"inLanguage\":\"es\",\"url\":\"https:\/\/soledaddurazo.com\/storage\/2021\/08\/unnamed-2021-08-08T185057.616.jpg\",\"contentUrl\":\"https:\/\/soledaddurazo.com\/storage\/2021\/08\/unnamed-2021-08-08T185057.616.jpg\",\"width\":1200,\"height\":690},{\"@type\":\"WebPage\",\"@id\":\"https:\/\/soledaddurazo.com\/blog\/2021\/08\/08\/reconocen-gran-respuesta-de-jovenes-a-la-vacunacion-contra-covid-19\/#webpage\",\"url\":\"https:\/\/soledaddurazo.com\/blog\/2021\/08\/08\/reconocen-gran-respuesta-de-jovenes-a-la-vacunacion-contra-covid-19\/\",\"name\":\"Reconocen gran respuesta de j\\u00f3venes a la vacunaci\\u00f3n contra COVID-19 - Periodista SoledadDurazo.com\",\"isPartOf\":{\"@id\":\"https:\/\/soledaddurazo.com\/#website\"},\"primaryImageOfPage\":{\"@id\":\"https:\/\/soledaddurazo.com\/blog\/2021\/08\/08\/reconocen-gran-respuesta-de-jovenes-a-la-vacunacion-contra-covid-19\/#primaryimage\"},\"datePublished\":\"2021-08-09T04:55:27+00:00\",\"dateModified\":\"2021-08-09T04:55:27+00:00\",\"breadcrumb\":{\"@id\":\"https:\/\/soledaddurazo.com\/blog\/2021\/08\/08\/reconocen-gran-respuesta-de-jovenes-a-la-vacunacion-contra-covid-19\/#breadcrumb\"},\"inLanguage\":\"es\",\"potentialAction\":[{\"@type\":\"ReadAction\",\"target\":[\"https:\/\/soledaddurazo.com\/blog\/2021\/08\/08\/reconocen-gran-respuesta-de-jovenes-a-la-vacunacion-contra-covid-19\/\"]}]},{\"@type\":\"BreadcrumbList\",\"@id\":\"https:\/\/soledaddurazo.com\/blog\/2021\/08\/08\/reconocen-gran-respuesta-de-jovenes-a-la-vacunacion-contra-covid-19\/#breadcrumb\",\"itemListElement\":[{\"@type\":\"ListItem\",\"position\":1,\"name\":\"Home\",\"item\":\"https:\/\/soledaddurazo.com\/\"},{\"@type\":\"ListItem\",\"position\":2,\"name\":\"Reconocen gran respuesta de j\\u00f3venes a la vacunaci\\u00f3n contra COVID-19\"}]},{\"@type\":\"Article\",\"@id\":\"https:\/\/soledaddurazo.com\/blog\/2021\/08\/08\/reconocen-gran-respuesta-de-jovenes-a-la-vacunacion-contra-covid-19\/#article\",\"isPartOf\":{\"@id\":\"https:\/\/soledaddurazo.com\/blog\/2021\/08\/08\/reconocen-gran-respuesta-de-jovenes-a-la-vacunacion-contra-covid-19\/#webpage\"},\"author\":{\"@id\":\"https:\/\/soledaddurazo.com\/#\/schema\/person\/822d8e13aa288585e6546f179853758b\"},\"headline\":\"Reconocen gran respuesta de j\\u00f3venes a la vacunaci\\u00f3n contra COVID-19\",\"datePublished\":\"2021-08-09T04:55:27+00:00\",\"dateModified\":\"2021-08-09T04:55:27+00:00\",\"mainEntityOfPage\":{\"@id\":\"https:\/\/soledaddurazo.com\/blog\/2021\/08\/08\/reconocen-gran-respuesta-de-jovenes-a-la-vacunacion-contra-covid-19\/#webpage\"},\"wordCount\":476,\"commentCount\":0,\"publisher\":{\"@id\":\"https:\/\/soledaddurazo.com\/#organization\"},\"image\":{\"@id\":\"https:\/\/soledaddurazo.com\/blog\/2021\/08\/08\/reconocen-gran-respuesta-de-jovenes-a-la-vacunacion-contra-covid-19\/#primaryimage\"},\"thumbnailUrl\":\"https:\/\/soledaddurazo.com\/storage\/2021\/08\/unnamed-2021-08-08T185057.616.jpg\",\"articleSection\":[\"Mi Sonora\"],\"inLanguage\":\"es\",\"potentialAction\":[{\"@type\":\"CommentAction\",\"name\":\"Comment\",\"target\":[\"https:\/\/soledaddurazo.com\/blog\/2021\/08\/08\/reconocen-gran-respuesta-de-jovenes-a-la-vacunacion-contra-covid-19\/#respond\"]}]},{\"@type\":\"Person\",\"@id\":\"https:\/\/soledaddurazo.com\/#\/schema\/person\/822d8e13aa288585e6546f179853758b\",\"name\":\"Redacci\\u00f3n\",\"image\":{\"@type\":\"ImageObject\",\"@id\":\"https:\/\/soledaddurazo.com\/#personlogo\",\"inLanguage\":\"es\",\"url\":\"https:\/\/secure.gravatar.com\/avatar\/c4e193752f756fd61f04deebed3a3a20dc188d37edb53682d313ac57f2725d54?s=96&d=mm&r=g\",\"contentUrl\":\"https:\/\/secure.gravatar.com\/avatar\/c4e193752f756fd61f04deebed3a3a20dc188d37edb53682d313ac57f2725d54?s=96&d=mm&r=g\",\"caption\":\"Redacci\\u00f3n\"},\"sameAs\":[\"https:\/\/soledaddurazo.com\"]}]}<\/script>\n ","yoast_head_json":{"title":"Reconocen gran respuesta de j\u00f3venes a la vacunaci\u00f3n contra COVID-19 - Periodista SoledadDurazo.com","robots":{"index":"index","follow":"follow","max-snippet":"max-snippet:-1","max-image-preview":"max-image-preview:large","max-video-preview":"max-video-preview:-1"},"canonical":"https:\/\/soledaddurazo.com\/blog\/2021\/08\/08\/reconocen-gran-respuesta-de-jovenes-a-la-vacunacion-contra-covid-19\/","og_locale":"es_MX","og_type":"article","og_title":"Reconocen gran respuesta de j\u00f3venes a la vacunaci\u00f3n contra COVID-19","og_description":"\u00a0La extraordinaria y masiva respuesta de la poblaci\u00f3n de 18 a 29 a\u00f1os de edad al programa de vacunaci\u00f3n contra COVID-19, a quienes no los detuvo ni la lluvia, es una muestra de su compromiso y responsabilidad con su salud y con la de sus familias, expres\u00f3 la gobernadora Claudia Pavlovich Arellano. Al destacar la [&hellip;]","og_url":"https:\/\/soledaddurazo.com\/blog\/2021\/08\/08\/reconocen-gran-respuesta-de-jovenes-a-la-vacunacion-contra-covid-19\/","og_site_name":"Periodista SoledadDurazo.com","article_publisher":"https:\/\/www.facebook.com\/soledad.durazo.9\/","article_published_time":"2021-08-09T04:55:27+00:00","og_image":[{"width":1200,"height":690,"url":"https:\/\/soledaddurazo.com\/storage\/2021\/08\/unnamed-2021-08-08T185057.616.jpg","type":"image\/jpeg"}],"twitter_card":"summary_large_image","twitter_creator":"@SoledadDurazo","twitter_site":"@SoledadDurazo","twitter_misc":{"Escrito por":"Redacci\u00f3n","Tiempo de lectura":"2 minutos"},"schema":{"@context":"https:\/\/schema.org","@graph":[{"@type":"Organization","@id":"https:\/\/soledaddurazo.com\/#organization","name":"Soledad Durazo","url":"https:\/\/soledaddurazo.com\/","sameAs":["https:\/\/www.facebook.com\/soledad.durazo.9\/","https:\/\/www.instagram.com\/soledaddurazo","https:\/\/www.youtube.com\/channel\/UC9yGPw8-Vbl_B2XNkRwPS-w","https:\/\/twitter.com\/SoledadDurazo"],"logo":{"@type":"ImageObject","@id":"https:\/\/soledaddurazo.com\/#logo","inLanguage":"es","url":"https:\/\/soledaddurazo.com\/storage\/2021\/11\/nllp-720x375-1-2.png","contentUrl":"https:\/\/soledaddurazo.com\/storage\/2021\/11\/nllp-720x375-1-2.png","width":720,"height":375,"caption":"Soledad Durazo"},"image":{"@id":"https:\/\/soledaddurazo.com\/#logo"}},{"@type":"WebSite","@id":"https:\/\/soledaddurazo.com\/#website","url":"https:\/\/soledaddurazo.com\/","name":"Periodista SoledadDurazo.com","description":"Periodista sonorense. Directora de www.SoledadDurazo.com Columnista, conductora de radio y Tv. Catedr\u00e1tica en la UNISON","publisher":{"@id":"https:\/\/soledaddurazo.com\/#organization"},"potentialAction":[{"@type":"SearchAction","target":{"@type":"EntryPoint","urlTemplate":"https:\/\/soledaddurazo.com\/?s={search_term_string}"},"query-input":"required name=search_term_string"}],"inLanguage":"es"},{"@type":"ImageObject","@id":"https:\/\/soledaddurazo.com\/blog\/2021\/08\/08\/reconocen-gran-respuesta-de-jovenes-a-la-vacunacion-contra-covid-19\/#primaryimage","inLanguage":"es","url":"https:\/\/soledaddurazo.com\/storage\/2021\/08\/unnamed-2021-08-08T185057.616.jpg","contentUrl":"https:\/\/soledaddurazo.com\/storage\/2021\/08\/unnamed-2021-08-08T185057.616.jpg","width":1200,"height":690},{"@type":"WebPage","@id":"https:\/\/soledaddurazo.com\/blog\/2021\/08\/08\/reconocen-gran-respuesta-de-jovenes-a-la-vacunacion-contra-covid-19\/#webpage","url":"https:\/\/soledaddurazo.com\/blog\/2021\/08\/08\/reconocen-gran-respuesta-de-jovenes-a-la-vacunacion-contra-covid-19\/","name":"Reconocen gran respuesta de j\u00f3venes a la vacunaci\u00f3n contra COVID-19 - Periodista SoledadDurazo.com","isPartOf":{"@id":"https:\/\/soledaddurazo.com\/#website"},"primaryImageOfPage":{"@id":"https:\/\/soledaddurazo.com\/blog\/2021\/08\/08\/reconocen-gran-respuesta-de-jovenes-a-la-vacunacion-contra-covid-19\/#primaryimage"},"datePublished":"2021-08-09T04:55:27+00:00","dateModified":"2021-08-09T04:55:27+00:00","breadcrumb":{"@id":"https:\/\/soledaddurazo.com\/blog\/2021\/08\/08\/reconocen-gran-respuesta-de-jovenes-a-la-vacunacion-contra-covid-19\/#breadcrumb"},"inLanguage":"es","potentialAction":[{"@type":"ReadAction","target":["https:\/\/soledaddurazo.com\/blog\/2021\/08\/08\/reconocen-gran-respuesta-de-jovenes-a-la-vacunacion-contra-covid-19\/"]}]},{"@type":"BreadcrumbList","@id":"https:\/\/soledaddurazo.com\/blog\/2021\/08\/08\/reconocen-gran-respuesta-de-jovenes-a-la-vacunacion-contra-covid-19\/#breadcrumb","itemListElement":[{"@type":"ListItem","position":1,"name":"Home","item":"https:\/\/soledaddurazo.com\/"},{"@type":"ListItem","position":2,"name":"Reconocen gran respuesta de j\u00f3venes a la vacunaci\u00f3n contra COVID-19"}]},{"@type":"Article","@id":"https:\/\/soledaddurazo.com\/blog\/2021\/08\/08\/reconocen-gran-respuesta-de-jovenes-a-la-vacunacion-contra-covid-19\/#article","isPartOf":{"@id":"https:\/\/soledaddurazo.com\/blog\/2021\/08\/08\/reconocen-gran-respuesta-de-jovenes-a-la-vacunacion-contra-covid-19\/#webpage"},"author":{"@id":"https:\/\/soledaddurazo.com\/#\/schema\/person\/822d8e13aa288585e6546f179853758b"},"headline":"Reconocen gran respuesta de j\u00f3venes a la vacunaci\u00f3n contra COVID-19","datePublished":"2021-08-09T04:55:27+00:00","dateModified":"2021-08-09T04:55:27+00:00","mainEntityOfPage":{"@id":"https:\/\/soledaddurazo.com\/blog\/2021\/08\/08\/reconocen-gran-respuesta-de-jovenes-a-la-vacunacion-contra-covid-19\/#webpage"},"wordCount":476,"commentCount":0,"publisher":{"@id":"https:\/\/soledaddurazo.com\/#organization"},"image":{"@id":"https:\/\/soledaddurazo.com\/blog\/2021\/08\/08\/reconocen-gran-respuesta-de-jovenes-a-la-vacunacion-contra-covid-19\/#primaryimage"},"thumbnailUrl":"https:\/\/soledaddurazo.com\/storage\/2021\/08\/unnamed-2021-08-08T185057.616.jpg","articleSection":["Mi Sonora"],"inLanguage":"es","potentialAction":[{"@type":"CommentAction","name":"Comment","target":["https:\/\/soledaddurazo.com\/blog\/2021\/08\/08\/reconocen-gran-respuesta-de-jovenes-a-la-vacunacion-contra-covid-19\/#respond"]}]},{"@type":"Person","@id":"https:\/\/soledaddurazo.com\/#\/schema\/person\/822d8e13aa288585e6546f179853758b","name":"Redacci\u00f3n","image":{"@type":"ImageObject","@id":"https:\/\/soledaddurazo.com\/#personlogo","inLanguage":"es","url":"https:\/\/secure.gravatar.com\/avatar\/c4e193752f756fd61f04deebed3a3a20dc188d37edb53682d313ac57f2725d54?s=96&d=mm&r=g","contentUrl":"https:\/\/secure.gravatar.com\/avatar\/c4e193752f756fd61f04deebed3a3a20dc188d37edb53682d313ac57f2725d54?s=96&d=mm&r=g","caption":"Redacci\u00f3n"},"sameAs":["https:\/\/soledaddurazo.com"]}]}},"_links":{"self":[{"href":"https:\/\/soledaddurazo.com\/api\/wp\/v2\/posts\/10020","targetHints":{"allow":["GET"]}}],"collection":[{"href":"https:\/\/soledaddurazo.com\/api\/wp\/v2\/posts"}],"about":[{"href":"https:\/\/soledaddurazo.com\/api\/wp\/v2\/types\/post"}],"author":[{"embeddable":true,"href":"https:\/\/soledaddurazo.com\/api\/wp\/v2\/users\/1"}],"replies":[{"embeddable":true,"href":"https:\/\/soledaddurazo.com\/api\/wp\/v2\/comments?post=10020"}],"version-history":[{"count":1,"href":"https:\/\/soledaddurazo.com\/api\/wp\/v2\/posts\/10020\/revisions"}],"predecessor-version":[{"id":10022,"href":"https:\/\/soledaddurazo.com\/api\/wp\/v2\/posts\/10020\/revisions\/10022"}],"wp:featuredmedia":[{"embeddable":true,"href":"https:\/\/soledaddurazo.com\/api\/wp\/v2\/media\/10021"}],"wp:attachment":[{"href":"https:\/\/soledaddurazo.com\/api\/wp\/v2\/media?parent=10020"}],"wp:term":[{"taxonomy":"category","embeddable":true,"href":"https:\/\/soledaddurazo.com\/api\/wp\/v2\/categories?post=10020"},{"taxonomy":"post_tag","embeddable":true,"href":"https:\/\/soledaddurazo.com\/api\/wp\/v2\/tags?post=10020"}],"curies":[{"name":"wp","href":"https:\/\/api.w.org\/{rel}","templated":true}]}}